{"id":198704,"date":"2024-01-21T06:53:00","date_gmt":"2024-01-21T10:53:00","guid":{"rendered":"https:\/\/www.eldiario.net\/portal\/?p=198704"},"modified":"2024-01-21T06:53:00","modified_gmt":"2024-01-21T10:53:00","slug":"bolivia-requiere-medidas-para-encarar-enfriamiento-de-la-economia-mundial","status":"publish","type":"post","link":"https:\/\/www.eldiario.net\/portal\/2024\/01\/21\/bolivia-requiere-medidas-para-encarar-enfriamiento-de-la-economia-mundial\/","title":{"rendered":"Bolivia requiere medidas para encarar  enfriamiento de la econom\u00eda mundial"},"content":{"rendered":"<p>China se encamina a una recesi\u00f3n, los conflictos b\u00e9licos empujan los precios de alimentos y materias primas hacia arriba, y los pa\u00edses avanzados siguen encarando la inflaci\u00f3n, Bolivia no es ajena a este contexto, por lo que requerir\u00e1 medidas o cambiar de modelo, de lo contrario el abismo est\u00e1 cerca.<br \/>\nDespu\u00e9s del comunicado de austeridad del Ministerio de Econom\u00eda y Finanzas P\u00fablicas, en la que instruye bajar los gastos en vi\u00e1ticos, transporte, impresi\u00f3n, llamadas, principalmente, y por ello espera un ahorro de 1.100 millones de bolivianos, los economistas aplaudieron la iniciativa, pero se\u00f1alan que se requiere cambios estructurales para bajar el gasto gubernamental.<br \/>\nEl economista Gonzalo Ch\u00e1vez, Fernando Romero y Gabriel Espinoza, coincidieron, por separado, que el Gobierno reconoce que hay una crisis econ\u00f3mica y que toma medidas para reducir el gasto, aunque no es suficiente.<\/p>\n<p>Mundo<br \/>\nSeg\u00fan la edici\u00f3n m\u00e1s reciente del informe Perspectivas econ\u00f3micas mundiales del Banco Mundial, a medida que el mundo se acerca al punto medio de lo que se esperaba que fuera una d\u00e9cada transformadora para el desarrollo, la econom\u00eda mundial est\u00e1 pr\u00f3xima a batir un lamentable r\u00e9cord a fines de 2024: los cinco a\u00f1os con el menor crecimiento del Producto Interno Bruto de las \u00faltimas tres d\u00e9cadas.<br \/>\nLa entidad internacional se\u00f1ala que la econom\u00eda mundial va camino a registrar su peor desempe\u00f1o de las \u00faltimas tres d\u00e9cadas para un per\u00edodo de cinco a\u00f1os, pero las reformas destinadas a impulsar la inversi\u00f3n y fortalecer la pol\u00edtica fiscal podr\u00edan ayudar a cambiar el rumbo.<br \/>\nBolivia no ser\u00e1 la excepci\u00f3n, pues el organismo internacional proyecta un crecimiento de 1,5% para la presente gesti\u00f3n, y repite la misma cifra para el 2025, mientras el Fondo Monetario Internacional (FMI) 1,9% y la Comisi\u00f3n Econ\u00f3mica para Am\u00e9rica Latina y el Caribe (Cepal) 2,1%, el m\u00e1s optimista. Entretanto, el Presupuesto General del Estado (PGE) 2024 proyecta un porcentaje de 3,71%.<br \/>\nEl presidente del Colegio de Economistas de Tarija, Fernando Romero, se\u00f1al\u00f3 que el contexto interno y externo incidir\u00e1 en la econom\u00eda boliviana en la presente gesti\u00f3n, y por ello, plantea que se necesita pol\u00edticas p\u00fablicas en el \u00e1mbito econ\u00f3mico para evitar que el crecimiento no sea menor.<br \/>\nPero no s\u00f3lo para generar ingresos fiscales, sino tambi\u00e9n empleos formales para evitar el crecimiento de la informalidad y la pobreza, complement\u00f3 a tiempo de indicar que en los primeros d\u00edas de la presente gesti\u00f3n no se ha dado tregua a la incertidumbre y a las malas noticias.<br \/>\nHay grandes posibilidades que los problemas que se registraron en 2023, como la escasez de d\u00f3lares, falta de combustibles y reducci\u00f3n de las Reservas Internacionales Netas (RIN) del Banco Central de Bolivia, se incrementen por el contexto interno y externo, alert\u00f3.<br \/>\nInclusive hay la posibilidad de que se incrementen los problemas de iliquidez por el aumento salarial, que se estima que estar\u00e1 en 5%, y la coyuntura externa por el precio del petr\u00f3leo, que podr\u00eda aumentar por los conflictos b\u00e9licos. Como se recordar\u00e1 el Gobierno hizo su presupuesto en base a 71 d\u00f3lares el barril de petr\u00f3leo.<\/p>\n<p>Inter\u00e9s<br \/>\nLas tasas de inter\u00e9s todav\u00eda son altas, por lo que los cr\u00e9ditos ser\u00e1n caros, y la llegada de capitales es incierta. El d\u00f3lar sigue escaso, y por consiguiente, la compra de materias primas e insumos ser\u00e1n m\u00e1s caros para las industrias bolivianas.<br \/>\nLas importaciones van a ser caras sobre todo de carburantes ah\u00ed est\u00e1 el problema, debido a que las divisas no son suficientes para regular el mercado cambiario.<\/p>\n<p>China<br \/>\nA eso se debe sumar el caso de China, de acuerdo a medios internacionales est\u00e1 en serios problemas por el tema de la quiebra de empresas importantes del sector inmobiliario, as\u00ed como una ca\u00edda en la actividad econ\u00f3mica.<br \/>\nAl respecto, Romero sostiene que si China decrece, se reducir\u00e1 la demanda de materias primas y alimentos, y esto va provocar que el resto del mundo se ralentice, en especial, los m\u00e1s afectados ser\u00e1n los proveedores de recursos naturales, como Bolivia.<br \/>\nPara el economista Paul Krugman, la econom\u00eda de China est\u00e1 en serios problemas. \u201cHay razones para creer que el pa\u00eds asi\u00e1tico est\u00e1 entrando en una era de estancamiento y decepci\u00f3n. Pero atenci\u00f3n: su tropiezo econ\u00f3mico puede convertirse en un problema de todos\u201d, escribi\u00f3 el experto en Infobae.com.<br \/>\nMientras la econom\u00eda de Estados Unidos logr\u00f3 alivianar un poco sus expectativas en el tema del aumento de la inflaci\u00f3n, China fue en direcci\u00f3n contraria, pues el 2023 registr\u00f3 indicadores poco alentadores, con excepci\u00f3n de su crecimiento que lleg\u00f3 a 5,2%, seg\u00fan informe oficial.<br \/>\nEl titular de los economistas de Tarija se\u00f1al\u00f3 que el proceso inflacionario baj\u00f3 su ritmo por las pol\u00edticas monetarias implementadas en las econom\u00edas avanzadas, como dato, en diciembre Estados Unidos cerr\u00f3 con una cifra de 3%.<br \/>\nRomero sostiene que las tasas de inter\u00e9s todav\u00eda son altas, aunque lograron frenar en algo la galopante en las econom\u00edas desarrolladas, la situaci\u00f3n de riesgo todav\u00eda no pas\u00f3, pues la amenaza sigue vigente.<\/p>\n<p>Inflaci\u00f3n<br \/>\nMientras tanto, el Gobierno resalta el tema de la inflaci\u00f3n baja as\u00ed como el menor porcentaje de desocupados, pero los economistas indican que el control y la subvenci\u00f3n millonaria, de 2.000 millones de d\u00f3lares y el contrabando, evita el alza de los precios, y que la informalidad absorbi\u00f3 a los desempleados, que trabajan en condiciones precarias.<br \/>\nEn Am\u00e9rica Latina, los 4 pa\u00edses que registraron una cifra menor en inflaci\u00f3n en 2023, son: El Salvador 1,23%, Ecuador 1,35%, Panam\u00e1 2,01% y Bolivia 2,12%.<br \/>\nLos economistas vienen reiterando a las autoridades econ\u00f3micas del Gobierno a sincerar los precios y bajar el riesgo de una inflaci\u00f3n reprimida, pues muchos art\u00edculos de la canasta familiar subieron, aunque algunos bajaron, pero el poder adquisitivo del boliviano se redujo.<br \/>\nLa austeridad es un paso importante, que tiene como meta un ahorro de 1.100 millones de bolivianos, que no representa ni siquiera el 1%, para ser m\u00e1s preciso s\u00f3lo es el 0,41% del Presupuesto General 2024, inform\u00f3 Romero.<\/p>\n<p>Propuestas<br \/>\nCh\u00e1vez, en sus redes sociales, plante\u00f3 una serie de medidas para que el Gobierno pueda obtener recursos, como el cobro de impuestos a cocaleros, cooperativistas y grandes gremialistas, y reducir para los formales.<br \/>\nTambi\u00e9n cerrar empresas p\u00fablicas y reducir el Estado, y en el caso de los combustibles analizar la subvenci\u00f3n, as\u00ed como paralizar el proceso de industrializaci\u00f3n que lleva el Gobierno, debido a la falta de recursos.<\/p>\n<p>Informe<br \/>\nConforme a un posible criterio, la econom\u00eda mundial est\u00e1 en mejor situaci\u00f3n que hace un a\u00f1o: el riesgo de una recesi\u00f3n mundial ha disminuido, en gran parte debido a la fortaleza de la econom\u00eda de Estados Unidos. Pero, las crecientes tensiones geopol\u00edticas podr\u00edan crear nuevos peligros a corto plazo para la econom\u00eda mundial, se\u00f1ala el informe del Banco Mundial, presentado hace semanas atr\u00e1s.<br \/>\nAl mismo tiempo, las perspectivas a mediano plazo de muchas econom\u00edas en desarrollo se han ensombrecido en medio de la desaceleraci\u00f3n del crecimiento en la mayor\u00eda de las principales econom\u00edas, la lentitud del comercio mundial y las condiciones financieras m\u00e1s restrictivas de las \u00faltimas d\u00e9cadas, agrega el informe.<br \/>\nSe prev\u00e9 que en 2024, el crecimiento del comercio mundial ser\u00e1 solo la mitad del promedio registrado en la d\u00e9cada anterior a la pandemia. Asimismo, es probable que los costos de endeudamiento para las econom\u00edas en desarrollo \u2014sobre todo las que tienen malas calificaciones crediticias\u2014 sigan siendo elevados, puesto que las tasas de inter\u00e9s mundiales se estancaron en niveles m\u00e1ximos de cuatro d\u00e9cadas en t\u00e9rminos ajustados por inflaci\u00f3n, resalt\u00f3.<\/p>\n\r\n                <style type=\"text\/css\">\r\n                    \r\n                    #tdi_1  .td-doubleSlider-2 .td-item1 {\r\n                        background: url(https:\/\/www.eldiario.net\/portal\/wp-content\/uploads\/2024\/01\/pana-1.jpg) 0 0 no-repeat;\r\n                    }\r\n                    #tdi_1  .td-doubleSlider-2 .td-item2 {\r\n                        background: url(https:\/\/www.eldiario.net\/portal\/wp-content\/uploads\/2024\/01\/pana-2.jpg) 0 0 no-repeat;\r\n                    }\r\n                <\/style>\r\n\r\n                <div id=\"tdi_1\" class=\"td-gallery td-slide-on-2-columns\">\r\n                    <div class=\"post_td_gallery\">\r\n                        <div class=\"td-gallery-slide-top\">\r\n                           <div class=\"td-gallery-title\"><\/div>\r\n\r\n                            <div class=\"td-gallery-controls-wrapper\">\r\n                                <div class=\"td-gallery-slide-count\"><span class=\"td-gallery-slide-item-focus\">1<\/span> de 2<\/div>\r\n                                <div class=\"td-gallery-slide-prev-next-but\">\r\n                                    <i class = \"td-icon-left doubleSliderPrevButton\"><\/i>\r\n                                    <i class = \"td-icon-right doubleSliderNextButton\"><\/i>\r\n                                <\/div>\r\n                            <\/div>\r\n                        <\/div>\r\n\r\n                        <div class = \"td-doubleSlider-1 \">\r\n                            <div class = \"td-slider\">\r\n                                \r\n                    <div class = \"td-slide-item td-item1\">\r\n                        <figure class=\"td-slide-galery-figure td-slide-popup-gallery\">\r\n                            <a class=\"slide-gallery-image-link\" href=\"https:\/\/www.eldiario.net\/portal\/wp-content\/uploads\/2024\/01\/pana-1.jpg\" title=\"pana 1\"  data-caption=\"\"  data-description=\"\">\r\n                                <img decoding=\"async\" src=\"https:\/\/www.eldiario.net\/portal\/wp-content\/uploads\/2024\/01\/pana-1.jpg\" srcset=\"https:\/\/www.eldiario.net\/portal\/wp-content\/uploads\/2024\/01\/pana-1.jpg 716w, https:\/\/www.eldiario.net\/portal\/wp-content\/uploads\/2024\/01\/pana-1-300x181.jpg 300w, https:\/\/www.eldiario.net\/portal\/wp-content\/uploads\/2024\/01\/pana-1-696x420.jpg 696w\" sizes=\"(max-width: 696px) 100vw, 696px\" alt=\"\">\r\n                            <\/a>\r\n                            \r\n                        <\/figure>\r\n                    <\/div>\r\n                    <div class = \"td-slide-item td-item2\">\r\n                        <figure class=\"td-slide-galery-figure td-slide-popup-gallery\">\r\n                            <a class=\"slide-gallery-image-link\" href=\"https:\/\/www.eldiario.net\/portal\/wp-content\/uploads\/2024\/01\/pana-2.jpg\" title=\"pana 2\"  data-caption=\"\"  data-description=\"\">\r\n                                <img decoding=\"async\" src=\"https:\/\/www.eldiario.net\/portal\/wp-content\/uploads\/2024\/01\/pana-2.jpg\" srcset=\"https:\/\/www.eldiario.net\/portal\/wp-content\/uploads\/2024\/01\/pana-2.jpg 459w, https:\/\/www.eldiario.net\/portal\/wp-content\/uploads\/2024\/01\/pana-2-300x179.jpg 300w\" sizes=\"(max-width: 459px) 100vw, 459px\" alt=\"\">\r\n                            <\/a>\r\n                            \r\n                        <\/figure>\r\n                    <\/div>\r\n                            <\/div>\r\n                        <\/div>\r\n\r\n                        <div class = \"td-doubleSlider-2\">\r\n                            <div class = \"td-slider\">\r\n                                \r\n                    <div class = \"td-button td-item1\">\r\n                        <div class = \"td-border\"><\/div>\r\n                    <\/div>\r\n                    <div class = \"td-button td-item2\">\r\n                        <div class = \"td-border\"><\/div>\r\n                    <\/div>\r\n                            <\/div>\r\n                        <\/div>\r\n\r\n                    <\/div>\r\n\r\n                <\/div>\r\n                \n<p>&nbsp;<\/p>\n","protected":false},"excerpt":{"rendered":"<p>China se encamina a una recesi\u00f3n, los conflictos b\u00e9licos empujan los precios de alimentos y materias primas hacia arriba, y los pa\u00edses avanzados siguen encarando la inflaci\u00f3n, Bolivia no es ajena a este contexto, por lo que requerir\u00e1 medidas o cambiar de modelo, de lo contrario el abismo est\u00e1 cerca. Despu\u00e9s del comunicado de austeridad [&hellip;]<\/p>\n","protected":false},"author":1,"featured_media":198705,"comment_status":"open","ping_status":"open","sticky":false,"template":"","format":"standard","meta":{"_acf_changed":false,"footnotes":""},"categories":[7],"tags":[],"class_list":["post-198704","post","type-post","status-publish","format-standard","has-post-thumbnail","category-economia"],"acf":{"antetitulo":""},"yoast_head":"<!-- This site is optimized with the Yoast SEO plugin v28.4 - https:\/\/yoast.com\/product\/yoast-seo-wordpress\/ -->\n<title>Bolivia requiere medidas para encarar enfriamiento de la econom\u00eda mundial - El Diario - Bolivia<\/title>\n<meta name=\"robots\" content=\"index, follow, max-snippet:-1, max-image-preview:large, max-video-preview:-1\" \/>\n<link rel=\"canonical\" href=\"https:\/\/www.eldiario.net\/portal\/2024\/01\/21\/bolivia-requiere-medidas-para-encarar-enfriamiento-de-la-economia-mundial\/\" \/>\n<meta property=\"og:locale\" content=\"es_ES\" \/>\n<meta property=\"og:type\" content=\"article\" \/>\n<meta property=\"og:title\" content=\"Bolivia requiere medidas para encarar enfriamiento de la econom\u00eda mundial - El Diario - Bolivia\" \/>\n<meta property=\"og:description\" content=\"China se encamina a una recesi\u00f3n, los conflictos b\u00e9licos empujan los precios de alimentos y materias primas hacia arriba, y los pa\u00edses avanzados siguen encarando la inflaci\u00f3n, Bolivia no es ajena a este contexto, por lo que requerir\u00e1 medidas o cambiar de modelo, de lo contrario el abismo est\u00e1 cerca. Despu\u00e9s del comunicado de austeridad [&hellip;]\" \/>\n<meta property=\"og:url\" content=\"https:\/\/www.eldiario.net\/portal\/2024\/01\/21\/bolivia-requiere-medidas-para-encarar-enfriamiento-de-la-economia-mundial\/\" \/>\n<meta property=\"og:site_name\" content=\"El Diario - Bolivia\" \/>\n<meta property=\"article:publisher\" content=\"https:\/\/www.facebook.com\/eldiario.bolivia\/\" \/>\n<meta property=\"article:published_time\" content=\"2024-01-21T10:53:00+00:00\" \/>\n<meta property=\"og:image\" content=\"https:\/\/www.eldiario.net\/portal\/wp-content\/uploads\/2024\/01\/pana-1.jpg\" \/>\n\t<meta property=\"og:image:width\" content=\"716\" \/>\n\t<meta property=\"og:image:height\" content=\"432\" \/>\n\t<meta property=\"og:image:type\" content=\"image\/jpeg\" \/>\n<meta name=\"author\" content=\"Jeanette\" \/>\n<meta name=\"twitter:card\" content=\"summary_large_image\" \/>\n<meta name=\"twitter:creator\" content=\"@eldiario_net\" \/>\n<meta name=\"twitter:site\" content=\"@eldiario_net\" \/>\n<meta name=\"twitter:label1\" content=\"Escrito por\" \/>\n\t<meta name=\"twitter:data1\" content=\"Jeanette\" \/>\n\t<meta name=\"twitter:label2\" content=\"Tiempo de lectura\" \/>\n\t<meta name=\"twitter:data2\" content=\"6 minutos\" \/>\n<script type=\"application\/ld+json\" class=\"yoast-schema-graph\">{\"@context\":\"https:\\\/\\\/schema.org\",\"@graph\":[{\"@type\":\"Article\",\"@id\":\"https:\\\/\\\/www.eldiario.net\\\/portal\\\/2024\\\/01\\\/21\\\/bolivia-requiere-medidas-para-encarar-enfriamiento-de-la-economia-mundial\\\/#article\",\"isPartOf\":{\"@id\":\"https:\\\/\\\/www.eldiario.net\\\/portal\\\/2024\\\/01\\\/21\\\/bolivia-requiere-medidas-para-encarar-enfriamiento-de-la-economia-mundial\\\/\"},\"author\":{\"name\":\"Jeanette\",\"@id\":\"https:\\\/\\\/www.eldiario.net\\\/portal\\\/#\\\/schema\\\/person\\\/f46445640444750d7d753ccd04ae01b7\"},\"headline\":\"Bolivia requiere medidas para encarar enfriamiento de la econom\u00eda mundial\",\"datePublished\":\"2024-01-21T10:53:00+00:00\",\"mainEntityOfPage\":{\"@id\":\"https:\\\/\\\/www.eldiario.net\\\/portal\\\/2024\\\/01\\\/21\\\/bolivia-requiere-medidas-para-encarar-enfriamiento-de-la-economia-mundial\\\/\"},\"wordCount\":1344,\"commentCount\":0,\"publisher\":{\"@id\":\"https:\\\/\\\/www.eldiario.net\\\/portal\\\/#organization\"},\"image\":{\"@id\":\"https:\\\/\\\/www.eldiario.net\\\/portal\\\/2024\\\/01\\\/21\\\/bolivia-requiere-medidas-para-encarar-enfriamiento-de-la-economia-mundial\\\/#primaryimage\"},\"thumbnailUrl\":\"https:\\\/\\\/www.eldiario.net\\\/portal\\\/wp-content\\\/uploads\\\/2024\\\/01\\\/pana-1.jpg\",\"articleSection\":[\"Econom\u00eda\"],\"inLanguage\":\"es\",\"potentialAction\":[{\"@type\":\"CommentAction\",\"name\":\"Comment\",\"target\":[\"https:\\\/\\\/www.eldiario.net\\\/portal\\\/2024\\\/01\\\/21\\\/bolivia-requiere-medidas-para-encarar-enfriamiento-de-la-economia-mundial\\\/#respond\"]}]},{\"@type\":\"WebPage\",\"@id\":\"https:\\\/\\\/www.eldiario.net\\\/portal\\\/2024\\\/01\\\/21\\\/bolivia-requiere-medidas-para-encarar-enfriamiento-de-la-economia-mundial\\\/\",\"url\":\"https:\\\/\\\/www.eldiario.net\\\/portal\\\/2024\\\/01\\\/21\\\/bolivia-requiere-medidas-para-encarar-enfriamiento-de-la-economia-mundial\\\/\",\"name\":\"Bolivia requiere medidas para encarar enfriamiento de la econom\u00eda mundial - El Diario - Bolivia\",\"isPartOf\":{\"@id\":\"https:\\\/\\\/www.eldiario.net\\\/portal\\\/#website\"},\"primaryImageOfPage\":{\"@id\":\"https:\\\/\\\/www.eldiario.net\\\/portal\\\/2024\\\/01\\\/21\\\/bolivia-requiere-medidas-para-encarar-enfriamiento-de-la-economia-mundial\\\/#primaryimage\"},\"image\":{\"@id\":\"https:\\\/\\\/www.eldiario.net\\\/portal\\\/2024\\\/01\\\/21\\\/bolivia-requiere-medidas-para-encarar-enfriamiento-de-la-economia-mundial\\\/#primaryimage\"},\"thumbnailUrl\":\"https:\\\/\\\/www.eldiario.net\\\/portal\\\/wp-content\\\/uploads\\\/2024\\\/01\\\/pana-1.jpg\",\"datePublished\":\"2024-01-21T10:53:00+00:00\",\"breadcrumb\":{\"@id\":\"https:\\\/\\\/www.eldiario.net\\\/portal\\\/2024\\\/01\\\/21\\\/bolivia-requiere-medidas-para-encarar-enfriamiento-de-la-economia-mundial\\\/#breadcrumb\"},\"inLanguage\":\"es\",\"potentialAction\":[{\"@type\":\"ReadAction\",\"target\":[\"https:\\\/\\\/www.eldiario.net\\\/portal\\\/2024\\\/01\\\/21\\\/bolivia-requiere-medidas-para-encarar-enfriamiento-de-la-economia-mundial\\\/\"]}]},{\"@type\":\"ImageObject\",\"inLanguage\":\"es\",\"@id\":\"https:\\\/\\\/www.eldiario.net\\\/portal\\\/2024\\\/01\\\/21\\\/bolivia-requiere-medidas-para-encarar-enfriamiento-de-la-economia-mundial\\\/#primaryimage\",\"url\":\"https:\\\/\\\/www.eldiario.net\\\/portal\\\/wp-content\\\/uploads\\\/2024\\\/01\\\/pana-1.jpg\",\"contentUrl\":\"https:\\\/\\\/www.eldiario.net\\\/portal\\\/wp-content\\\/uploads\\\/2024\\\/01\\\/pana-1.jpg\",\"width\":716,\"height\":432},{\"@type\":\"BreadcrumbList\",\"@id\":\"https:\\\/\\\/www.eldiario.net\\\/portal\\\/2024\\\/01\\\/21\\\/bolivia-requiere-medidas-para-encarar-enfriamiento-de-la-economia-mundial\\\/#breadcrumb\",\"itemListElement\":[{\"@type\":\"ListItem\",\"position\":1,\"name\":\"Portada\",\"item\":\"https:\\\/\\\/www.eldiario.net\\\/portal\\\/\"},{\"@type\":\"ListItem\",\"position\":2,\"name\":\"Bolivia requiere medidas para encarar enfriamiento de la econom\u00eda mundial\"}]},{\"@type\":\"WebSite\",\"@id\":\"https:\\\/\\\/www.eldiario.net\\\/portal\\\/#website\",\"url\":\"https:\\\/\\\/www.eldiario.net\\\/portal\\\/\",\"name\":\"El Diario - Decano de la prensa nacional\",\"description\":\"El Diario - Decano de la prensa nacional\",\"publisher\":{\"@id\":\"https:\\\/\\\/www.eldiario.net\\\/portal\\\/#organization\"},\"potentialAction\":[{\"@type\":\"SearchAction\",\"target\":{\"@type\":\"EntryPoint\",\"urlTemplate\":\"https:\\\/\\\/www.eldiario.net\\\/portal\\\/?s={search_term_string}\"},\"query-input\":{\"@type\":\"PropertyValueSpecification\",\"valueRequired\":true,\"valueName\":\"search_term_string\"}}],\"inLanguage\":\"es\"},{\"@type\":\"Organization\",\"@id\":\"https:\\\/\\\/www.eldiario.net\\\/portal\\\/#organization\",\"name\":\"El Diario - Decano de la prensa nacional\",\"url\":\"https:\\\/\\\/www.eldiario.net\\\/portal\\\/\",\"logo\":{\"@type\":\"ImageObject\",\"inLanguage\":\"es\",\"@id\":\"https:\\\/\\\/www.eldiario.net\\\/portal\\\/#\\\/schema\\\/logo\\\/image\\\/\",\"url\":\"https:\\\/\\\/www.eldiario.net\\\/portal\\\/wp-content\\\/uploads\\\/2023\\\/07\\\/logo_ED.jpg\",\"contentUrl\":\"https:\\\/\\\/www.eldiario.net\\\/portal\\\/wp-content\\\/uploads\\\/2023\\\/07\\\/logo_ED.jpg\",\"width\":272,\"height\":52,\"caption\":\"El Diario - Decano de la prensa nacional\"},\"image\":{\"@id\":\"https:\\\/\\\/www.eldiario.net\\\/portal\\\/#\\\/schema\\\/logo\\\/image\\\/\"},\"sameAs\":[\"https:\\\/\\\/www.facebook.com\\\/eldiario.bolivia\\\/\",\"https:\\\/\\\/x.com\\\/eldiario_net\"]},{\"@type\":\"Person\",\"@id\":\"https:\\\/\\\/www.eldiario.net\\\/portal\\\/#\\\/schema\\\/person\\\/f46445640444750d7d753ccd04ae01b7\",\"name\":\"Jeanette\",\"image\":{\"@type\":\"ImageObject\",\"inLanguage\":\"es\",\"@id\":\"https:\\\/\\\/secure.gravatar.com\\\/avatar\\\/3ea2118a5f7dad2b7138b1187a6b7ee55f160b9968b66013c3a3ef39dd7e5798?s=96&d=mm&r=g\",\"url\":\"https:\\\/\\\/secure.gravatar.com\\\/avatar\\\/3ea2118a5f7dad2b7138b1187a6b7ee55f160b9968b66013c3a3ef39dd7e5798?s=96&d=mm&r=g\",\"contentUrl\":\"https:\\\/\\\/secure.gravatar.com\\\/avatar\\\/3ea2118a5f7dad2b7138b1187a6b7ee55f160b9968b66013c3a3ef39dd7e5798?s=96&d=mm&r=g\",\"caption\":\"Jeanette\"},\"sameAs\":[\"https:\\\/\\\/www.eldiario.net\\\/portal\"],\"url\":\"https:\\\/\\\/www.eldiario.net\\\/portal\\\/author\\\/jeanette\\\/\"}]}<\/script>\n<!-- \/ Yoast SEO plugin. -->","yoast_head_json":{"title":"Bolivia requiere medidas para encarar enfriamiento de la econom\u00eda mundial - El Diario - Bolivia","robots":{"index":"index","follow":"follow","max-snippet":"max-snippet:-1","max-image-preview":"max-image-preview:large","max-video-preview":"max-video-preview:-1"},"canonical":"https:\/\/www.eldiario.net\/portal\/2024\/01\/21\/bolivia-requiere-medidas-para-encarar-enfriamiento-de-la-economia-mundial\/","og_locale":"es_ES","og_type":"article","og_title":"Bolivia requiere medidas para encarar enfriamiento de la econom\u00eda mundial - El Diario - Bolivia","og_description":"China se encamina a una recesi\u00f3n, los conflictos b\u00e9licos empujan los precios de alimentos y materias primas hacia arriba, y los pa\u00edses avanzados siguen encarando la inflaci\u00f3n, Bolivia no es ajena a este contexto, por lo que requerir\u00e1 medidas o cambiar de modelo, de lo contrario el abismo est\u00e1 cerca. Despu\u00e9s del comunicado de austeridad [&hellip;]","og_url":"https:\/\/www.eldiario.net\/portal\/2024\/01\/21\/bolivia-requiere-medidas-para-encarar-enfriamiento-de-la-economia-mundial\/","og_site_name":"El Diario - Bolivia","article_publisher":"https:\/\/www.facebook.com\/eldiario.bolivia\/","article_published_time":"2024-01-21T10:53:00+00:00","og_image":[{"width":716,"height":432,"url":"https:\/\/www.eldiario.net\/portal\/wp-content\/uploads\/2024\/01\/pana-1.jpg","type":"image\/jpeg"}],"author":"Jeanette","twitter_card":"summary_large_image","twitter_creator":"@eldiario_net","twitter_site":"@eldiario_net","twitter_misc":{"Escrito por":"Jeanette","Tiempo de lectura":"6 minutos"},"schema":{"@context":"https:\/\/schema.org","@graph":[{"@type":"Article","@id":"https:\/\/www.eldiario.net\/portal\/2024\/01\/21\/bolivia-requiere-medidas-para-encarar-enfriamiento-de-la-economia-mundial\/#article","isPartOf":{"@id":"https:\/\/www.eldiario.net\/portal\/2024\/01\/21\/bolivia-requiere-medidas-para-encarar-enfriamiento-de-la-economia-mundial\/"},"author":{"name":"Jeanette","@id":"https:\/\/www.eldiario.net\/portal\/#\/schema\/person\/f46445640444750d7d753ccd04ae01b7"},"headline":"Bolivia requiere medidas para encarar enfriamiento de la econom\u00eda mundial","datePublished":"2024-01-21T10:53:00+00:00","mainEntityOfPage":{"@id":"https:\/\/www.eldiario.net\/portal\/2024\/01\/21\/bolivia-requiere-medidas-para-encarar-enfriamiento-de-la-economia-mundial\/"},"wordCount":1344,"commentCount":0,"publisher":{"@id":"https:\/\/www.eldiario.net\/portal\/#organization"},"image":{"@id":"https:\/\/www.eldiario.net\/portal\/2024\/01\/21\/bolivia-requiere-medidas-para-encarar-enfriamiento-de-la-economia-mundial\/#primaryimage"},"thumbnailUrl":"https:\/\/www.eldiario.net\/portal\/wp-content\/uploads\/2024\/01\/pana-1.jpg","articleSection":["Econom\u00eda"],"inLanguage":"es","potentialAction":[{"@type":"CommentAction","name":"Comment","target":["https:\/\/www.eldiario.net\/portal\/2024\/01\/21\/bolivia-requiere-medidas-para-encarar-enfriamiento-de-la-economia-mundial\/#respond"]}]},{"@type":"WebPage","@id":"https:\/\/www.eldiario.net\/portal\/2024\/01\/21\/bolivia-requiere-medidas-para-encarar-enfriamiento-de-la-economia-mundial\/","url":"https:\/\/www.eldiario.net\/portal\/2024\/01\/21\/bolivia-requiere-medidas-para-encarar-enfriamiento-de-la-economia-mundial\/","name":"Bolivia requiere medidas para encarar enfriamiento de la econom\u00eda mundial - El Diario - Bolivia","isPartOf":{"@id":"https:\/\/www.eldiario.net\/portal\/#website"},"primaryImageOfPage":{"@id":"https:\/\/www.eldiario.net\/portal\/2024\/01\/21\/bolivia-requiere-medidas-para-encarar-enfriamiento-de-la-economia-mundial\/#primaryimage"},"image":{"@id":"https:\/\/www.eldiario.net\/portal\/2024\/01\/21\/bolivia-requiere-medidas-para-encarar-enfriamiento-de-la-economia-mundial\/#primaryimage"},"thumbnailUrl":"https:\/\/www.eldiario.net\/portal\/wp-content\/uploads\/2024\/01\/pana-1.jpg","datePublished":"2024-01-21T10:53:00+00:00","breadcrumb":{"@id":"https:\/\/www.eldiario.net\/portal\/2024\/01\/21\/bolivia-requiere-medidas-para-encarar-enfriamiento-de-la-economia-mundial\/#breadcrumb"},"inLanguage":"es","potentialAction":[{"@type":"ReadAction","target":["https:\/\/www.eldiario.net\/portal\/2024\/01\/21\/bolivia-requiere-medidas-para-encarar-enfriamiento-de-la-economia-mundial\/"]}]},{"@type":"ImageObject","inLanguage":"es","@id":"https:\/\/www.eldiario.net\/portal\/2024\/01\/21\/bolivia-requiere-medidas-para-encarar-enfriamiento-de-la-economia-mundial\/#primaryimage","url":"https:\/\/www.eldiario.net\/portal\/wp-content\/uploads\/2024\/01\/pana-1.jpg","contentUrl":"https:\/\/www.eldiario.net\/portal\/wp-content\/uploads\/2024\/01\/pana-1.jpg","width":716,"height":432},{"@type":"BreadcrumbList","@id":"https:\/\/www.eldiario.net\/portal\/2024\/01\/21\/bolivia-requiere-medidas-para-encarar-enfriamiento-de-la-economia-mundial\/#breadcrumb","itemListElement":[{"@type":"ListItem","position":1,"name":"Portada","item":"https:\/\/www.eldiario.net\/portal\/"},{"@type":"ListItem","position":2,"name":"Bolivia requiere medidas para encarar enfriamiento de la econom\u00eda mundial"}]},{"@type":"WebSite","@id":"https:\/\/www.eldiario.net\/portal\/#website","url":"https:\/\/www.eldiario.net\/portal\/","name":"El Diario - Decano de la prensa nacional","description":"El Diario - Decano de la prensa nacional","publisher":{"@id":"https:\/\/www.eldiario.net\/portal\/#organization"},"potentialAction":[{"@type":"SearchAction","target":{"@type":"EntryPoint","urlTemplate":"https:\/\/www.eldiario.net\/portal\/?s={search_term_string}"},"query-input":{"@type":"PropertyValueSpecification","valueRequired":true,"valueName":"search_term_string"}}],"inLanguage":"es"},{"@type":"Organization","@id":"https:\/\/www.eldiario.net\/portal\/#organization","name":"El Diario - Decano de la prensa nacional","url":"https:\/\/www.eldiario.net\/portal\/","logo":{"@type":"ImageObject","inLanguage":"es","@id":"https:\/\/www.eldiario.net\/portal\/#\/schema\/logo\/image\/","url":"https:\/\/www.eldiario.net\/portal\/wp-content\/uploads\/2023\/07\/logo_ED.jpg","contentUrl":"https:\/\/www.eldiario.net\/portal\/wp-content\/uploads\/2023\/07\/logo_ED.jpg","width":272,"height":52,"caption":"El Diario - Decano de la prensa nacional"},"image":{"@id":"https:\/\/www.eldiario.net\/portal\/#\/schema\/logo\/image\/"},"sameAs":["https:\/\/www.facebook.com\/eldiario.bolivia\/","https:\/\/x.com\/eldiario_net"]},{"@type":"Person","@id":"https:\/\/www.eldiario.net\/portal\/#\/schema\/person\/f46445640444750d7d753ccd04ae01b7","name":"Jeanette","image":{"@type":"ImageObject","inLanguage":"es","@id":"https:\/\/secure.gravatar.com\/avatar\/3ea2118a5f7dad2b7138b1187a6b7ee55f160b9968b66013c3a3ef39dd7e5798?s=96&d=mm&r=g","url":"https:\/\/secure.gravatar.com\/avatar\/3ea2118a5f7dad2b7138b1187a6b7ee55f160b9968b66013c3a3ef39dd7e5798?s=96&d=mm&r=g","contentUrl":"https:\/\/secure.gravatar.com\/avatar\/3ea2118a5f7dad2b7138b1187a6b7ee55f160b9968b66013c3a3ef39dd7e5798?s=96&d=mm&r=g","caption":"Jeanette"},"sameAs":["https:\/\/www.eldiario.net\/portal"],"url":"https:\/\/www.eldiario.net\/portal\/author\/jeanette\/"}]}},"_links":{"self":[{"href":"https:\/\/www.eldiario.net\/portal\/wp-json\/wp\/v2\/posts\/198704","targetHints":{"allow":["GET"]}}],"collection":[{"href":"https:\/\/www.eldiario.net\/portal\/wp-json\/wp\/v2\/posts"}],"about":[{"href":"https:\/\/www.eldiario.net\/portal\/wp-json\/wp\/v2\/types\/post"}],"author":[{"embeddable":true,"href":"https:\/\/www.eldiario.net\/portal\/wp-json\/wp\/v2\/users\/1"}],"replies":[{"embeddable":true,"href":"https:\/\/www.eldiario.net\/portal\/wp-json\/wp\/v2\/comments?post=198704"}],"version-history":[{"count":1,"href":"https:\/\/www.eldiario.net\/portal\/wp-json\/wp\/v2\/posts\/198704\/revisions"}],"predecessor-version":[{"id":198707,"href":"https:\/\/www.eldiario.net\/portal\/wp-json\/wp\/v2\/posts\/198704\/revisions\/198707"}],"wp:featuredmedia":[{"embeddable":true,"href":"https:\/\/www.eldiario.net\/portal\/wp-json\/wp\/v2\/media\/198705"}],"wp:attachment":[{"href":"https:\/\/www.eldiario.net\/portal\/wp-json\/wp\/v2\/media?parent=198704"}],"wp:term":[{"taxonomy":"category","embeddable":true,"href":"https:\/\/www.eldiario.net\/portal\/wp-json\/wp\/v2\/categories?post=198704"},{"taxonomy":"post_tag","embeddable":true,"href":"https:\/\/www.eldiario.net\/portal\/wp-json\/wp\/v2\/tags?post=198704"}],"curies":[{"name":"wp","href":"https:\/\/api.w.org\/{rel}","templated":true}]}}