{"id":198701,"date":"2024-01-21T06:50:55","date_gmt":"2024-01-21T10:50:55","guid":{"rendered":"https:\/\/www.eldiario.net\/portal\/?p=198701"},"modified":"2024-01-21T06:50:55","modified_gmt":"2024-01-21T10:50:55","slug":"chia-se-exporta-a-35-paises","status":"publish","type":"post","link":"https:\/\/www.eldiario.net\/portal\/2024\/01\/21\/chia-se-exporta-a-35-paises\/","title":{"rendered":"Ch\u00eda se exporta a 35 pa\u00edses"},"content":{"rendered":"<p>Bolivia exporta ch\u00eda a 35 pa\u00edses del mundo y en el a\u00f1o 2023 comercializ\u00f3 este superalimento a Ecuador, Portugal, Venezuela, tres nuevos mercados para este importante producto, revel\u00f3 el viceministro de Comercio Exterior e Integraci\u00f3n, Benjam\u00edn Blanco.<br \/>\n\u201cEl a\u00f1o pasado nuestro sector exportador ha podido ingresar a nuevos mercados con la ch\u00eda, entre ellos el mercado de Ecuador, Portugal, Venezuela, que han tenido exportaciones que antes no se registraban de este producto a estos mercados\u201d, dijo la autoridad.<br \/>\nExplic\u00f3 que el principal mercado para la ch\u00eda boliviana sigue siendo M\u00e9xico, a este pa\u00eds se entrega el 37% de la producci\u00f3n, seguido de Estados Unidos (16%), Alemania (10%), Reino Unido (7%), entre otros.<br \/>\n\u201cEn total estamos exportando a 35 pa\u00edses este producto, estamos seguros de que de lograrse la habilitaci\u00f3n del mercado de la China para la ch\u00eda boliviana nos vamos a convertir en el primer exportador mundial de este producto\u201d, indic\u00f3.<br \/>\nA trav\u00e9s del Servicio Nacional de Sanidad Agropecuaria e Inocuidad Alimentaria (Senasag) del Ministerio de Desarrollo Rural y la Canciller\u00eda, se gestiona la exportaci\u00f3n de ch\u00eda boliviana al gigante mercado de China.<br \/>\n\u201cHemos sido el primer pa\u00eds en recibir una misi\u00f3n de la Aduana Nacional China para hacer la inspecci\u00f3n en Bolivia tanto a las parcelas de producci\u00f3n, a las plantas industriales de beneficiado, a los laboratorios y a otras instalaciones\u201d, destac\u00f3 el viceministro.<br \/>\nTras esas gestiones iniciadas la gesti\u00f3n pasada, la Aduana de China prev\u00e9 tener listo para marzo o abril el protocolo de requisitos fitosanitarios para exportar ch\u00eda boliviana, al gigante mercado asi\u00e1tico, inform\u00f3 el jueves, por su parte, el embajador de Bolivia en China, Hugo Siles.<\/p>\n<p>Superalimento<br \/>\nde origen org\u00e1nico<br \/>\nDe enero a octubre de 2023, las exportaciones de ch\u00eda boliviana crecieron en un 36%, respecto al mismo per\u00edodo de 2022, y alcanzaron a las 8.471 toneladas (t) comercializadas al mercado externo por un valor de 22,41 millones de d\u00f3lares.<br \/>\nLas semillas de ch\u00eda de exportaci\u00f3n son de origen org\u00e1nico, con una pureza mayor o igual al 99%, tiene una humedad de 4,8% y un calibre de 1,55 \u2013 2,99 mil\u00edmetros. Su presentaci\u00f3n es de 12,5 y 25 kilogramos, respectivamente.<\/p>\n","protected":false},"excerpt":{"rendered":"<p>Bolivia exporta ch\u00eda a 35 pa\u00edses del mundo y en el a\u00f1o 2023 comercializ\u00f3 este superalimento a Ecuador, Portugal, Venezuela, tres nuevos mercados para este importante producto, revel\u00f3 el viceministro de Comercio Exterior e Integraci\u00f3n, Benjam\u00edn Blanco. \u201cEl a\u00f1o pasado nuestro sector exportador ha podido ingresar a nuevos mercados con la ch\u00eda, entre ellos el [&hellip;]<\/p>\n","protected":false},"author":1,"featured_media":198702,"comment_status":"open","ping_status":"open","sticky":false,"template":"","format":"standard","meta":{"_acf_changed":false,"footnotes":""},"categories":[7],"tags":[],"class_list":["post-198701","post","type-post","status-publish","format-standard","has-post-thumbnail","category-economia"],"acf":{"antetitulo":""},"yoast_head":"<!-- This site is optimized with the Yoast SEO plugin v28.3 - https:\/\/yoast.com\/product\/yoast-seo-wordpress\/ -->\n<title>Ch\u00eda se exporta a 35 pa\u00edses - El Diario - Bolivia<\/title>\n<meta name=\"robots\" content=\"index, follow, max-snippet:-1, max-image-preview:large, max-video-preview:-1\" \/>\n<link rel=\"canonical\" href=\"https:\/\/www.eldiario.net\/portal\/2024\/01\/21\/chia-se-exporta-a-35-paises\/\" \/>\n<meta property=\"og:locale\" content=\"es_ES\" \/>\n<meta property=\"og:type\" content=\"article\" \/>\n<meta property=\"og:title\" content=\"Ch\u00eda se exporta a 35 pa\u00edses - El Diario - Bolivia\" \/>\n<meta property=\"og:description\" content=\"Bolivia exporta ch\u00eda a 35 pa\u00edses del mundo y en el a\u00f1o 2023 comercializ\u00f3 este superalimento a Ecuador, Portugal, Venezuela, tres nuevos mercados para este importante producto, revel\u00f3 el viceministro de Comercio Exterior e Integraci\u00f3n, Benjam\u00edn Blanco. \u201cEl a\u00f1o pasado nuestro sector exportador ha podido ingresar a nuevos mercados con la ch\u00eda, entre ellos el [&hellip;]\" \/>\n<meta property=\"og:url\" content=\"https:\/\/www.eldiario.net\/portal\/2024\/01\/21\/chia-se-exporta-a-35-paises\/\" \/>\n<meta property=\"og:site_name\" content=\"El Diario - Bolivia\" \/>\n<meta property=\"article:publisher\" content=\"https:\/\/www.facebook.com\/eldiario.bolivia\/\" \/>\n<meta property=\"article:published_time\" content=\"2024-01-21T10:50:55+00:00\" \/>\n<meta property=\"og:image\" content=\"https:\/\/www.eldiario.net\/portal\/wp-content\/uploads\/2024\/01\/chia.jpg\" \/>\n\t<meta property=\"og:image:width\" content=\"1600\" \/>\n\t<meta property=\"og:image:height\" content=\"637\" \/>\n\t<meta property=\"og:image:type\" content=\"image\/jpeg\" \/>\n<meta name=\"author\" content=\"Jeanette\" \/>\n<meta name=\"twitter:card\" content=\"summary_large_image\" \/>\n<meta name=\"twitter:creator\" content=\"@eldiario_net\" \/>\n<meta name=\"twitter:site\" content=\"@eldiario_net\" \/>\n<meta name=\"twitter:label1\" content=\"Escrito por\" \/>\n\t<meta name=\"twitter:data1\" content=\"Jeanette\" \/>\n\t<meta name=\"twitter:label2\" content=\"Tiempo de lectura\" \/>\n\t<meta name=\"twitter:data2\" content=\"2 minutos\" \/>\n<script type=\"application\/ld+json\" class=\"yoast-schema-graph\">{\"@context\":\"https:\\\/\\\/schema.org\",\"@graph\":[{\"@type\":\"Article\",\"@id\":\"https:\\\/\\\/www.eldiario.net\\\/portal\\\/2024\\\/01\\\/21\\\/chia-se-exporta-a-35-paises\\\/#article\",\"isPartOf\":{\"@id\":\"https:\\\/\\\/www.eldiario.net\\\/portal\\\/2024\\\/01\\\/21\\\/chia-se-exporta-a-35-paises\\\/\"},\"author\":{\"name\":\"Jeanette\",\"@id\":\"https:\\\/\\\/www.eldiario.net\\\/portal\\\/#\\\/schema\\\/person\\\/f46445640444750d7d753ccd04ae01b7\"},\"headline\":\"Ch\u00eda se exporta a 35 pa\u00edses\",\"datePublished\":\"2024-01-21T10:50:55+00:00\",\"mainEntityOfPage\":{\"@id\":\"https:\\\/\\\/www.eldiario.net\\\/portal\\\/2024\\\/01\\\/21\\\/chia-se-exporta-a-35-paises\\\/\"},\"wordCount\":376,\"commentCount\":0,\"publisher\":{\"@id\":\"https:\\\/\\\/www.eldiario.net\\\/portal\\\/#organization\"},\"image\":{\"@id\":\"https:\\\/\\\/www.eldiario.net\\\/portal\\\/2024\\\/01\\\/21\\\/chia-se-exporta-a-35-paises\\\/#primaryimage\"},\"thumbnailUrl\":\"https:\\\/\\\/www.eldiario.net\\\/portal\\\/wp-content\\\/uploads\\\/2024\\\/01\\\/chia.jpg\",\"articleSection\":[\"Econom\u00eda\"],\"inLanguage\":\"es\",\"potentialAction\":[{\"@type\":\"CommentAction\",\"name\":\"Comment\",\"target\":[\"https:\\\/\\\/www.eldiario.net\\\/portal\\\/2024\\\/01\\\/21\\\/chia-se-exporta-a-35-paises\\\/#respond\"]}]},{\"@type\":\"WebPage\",\"@id\":\"https:\\\/\\\/www.eldiario.net\\\/portal\\\/2024\\\/01\\\/21\\\/chia-se-exporta-a-35-paises\\\/\",\"url\":\"https:\\\/\\\/www.eldiario.net\\\/portal\\\/2024\\\/01\\\/21\\\/chia-se-exporta-a-35-paises\\\/\",\"name\":\"Ch\u00eda se exporta a 35 pa\u00edses - El Diario - Bolivia\",\"isPartOf\":{\"@id\":\"https:\\\/\\\/www.eldiario.net\\\/portal\\\/#website\"},\"primaryImageOfPage\":{\"@id\":\"https:\\\/\\\/www.eldiario.net\\\/portal\\\/2024\\\/01\\\/21\\\/chia-se-exporta-a-35-paises\\\/#primaryimage\"},\"image\":{\"@id\":\"https:\\\/\\\/www.eldiario.net\\\/portal\\\/2024\\\/01\\\/21\\\/chia-se-exporta-a-35-paises\\\/#primaryimage\"},\"thumbnailUrl\":\"https:\\\/\\\/www.eldiario.net\\\/portal\\\/wp-content\\\/uploads\\\/2024\\\/01\\\/chia.jpg\",\"datePublished\":\"2024-01-21T10:50:55+00:00\",\"breadcrumb\":{\"@id\":\"https:\\\/\\\/www.eldiario.net\\\/portal\\\/2024\\\/01\\\/21\\\/chia-se-exporta-a-35-paises\\\/#breadcrumb\"},\"inLanguage\":\"es\",\"potentialAction\":[{\"@type\":\"ReadAction\",\"target\":[\"https:\\\/\\\/www.eldiario.net\\\/portal\\\/2024\\\/01\\\/21\\\/chia-se-exporta-a-35-paises\\\/\"]}]},{\"@type\":\"ImageObject\",\"inLanguage\":\"es\",\"@id\":\"https:\\\/\\\/www.eldiario.net\\\/portal\\\/2024\\\/01\\\/21\\\/chia-se-exporta-a-35-paises\\\/#primaryimage\",\"url\":\"https:\\\/\\\/www.eldiario.net\\\/portal\\\/wp-content\\\/uploads\\\/2024\\\/01\\\/chia.jpg\",\"contentUrl\":\"https:\\\/\\\/www.eldiario.net\\\/portal\\\/wp-content\\\/uploads\\\/2024\\\/01\\\/chia.jpg\",\"width\":1600,\"height\":637,\"caption\":\"Ch\u00eda, ya est\u00e1 en el mercado chino.\"},{\"@type\":\"BreadcrumbList\",\"@id\":\"https:\\\/\\\/www.eldiario.net\\\/portal\\\/2024\\\/01\\\/21\\\/chia-se-exporta-a-35-paises\\\/#breadcrumb\",\"itemListElement\":[{\"@type\":\"ListItem\",\"position\":1,\"name\":\"Portada\",\"item\":\"https:\\\/\\\/www.eldiario.net\\\/portal\\\/\"},{\"@type\":\"ListItem\",\"position\":2,\"name\":\"Ch\u00eda se exporta a 35 pa\u00edses\"}]},{\"@type\":\"WebSite\",\"@id\":\"https:\\\/\\\/www.eldiario.net\\\/portal\\\/#website\",\"url\":\"https:\\\/\\\/www.eldiario.net\\\/portal\\\/\",\"name\":\"El Diario - Decano de la prensa nacional\",\"description\":\"El Diario - Decano de la prensa nacional\",\"publisher\":{\"@id\":\"https:\\\/\\\/www.eldiario.net\\\/portal\\\/#organization\"},\"potentialAction\":[{\"@type\":\"SearchAction\",\"target\":{\"@type\":\"EntryPoint\",\"urlTemplate\":\"https:\\\/\\\/www.eldiario.net\\\/portal\\\/?s={search_term_string}\"},\"query-input\":{\"@type\":\"PropertyValueSpecification\",\"valueRequired\":true,\"valueName\":\"search_term_string\"}}],\"inLanguage\":\"es\"},{\"@type\":\"Organization\",\"@id\":\"https:\\\/\\\/www.eldiario.net\\\/portal\\\/#organization\",\"name\":\"El Diario - Decano de la prensa nacional\",\"url\":\"https:\\\/\\\/www.eldiario.net\\\/portal\\\/\",\"logo\":{\"@type\":\"ImageObject\",\"inLanguage\":\"es\",\"@id\":\"https:\\\/\\\/www.eldiario.net\\\/portal\\\/#\\\/schema\\\/logo\\\/image\\\/\",\"url\":\"https:\\\/\\\/www.eldiario.net\\\/portal\\\/wp-content\\\/uploads\\\/2023\\\/07\\\/logo_ED.jpg\",\"contentUrl\":\"https:\\\/\\\/www.eldiario.net\\\/portal\\\/wp-content\\\/uploads\\\/2023\\\/07\\\/logo_ED.jpg\",\"width\":272,\"height\":52,\"caption\":\"El Diario - Decano de la prensa nacional\"},\"image\":{\"@id\":\"https:\\\/\\\/www.eldiario.net\\\/portal\\\/#\\\/schema\\\/logo\\\/image\\\/\"},\"sameAs\":[\"https:\\\/\\\/www.facebook.com\\\/eldiario.bolivia\\\/\",\"https:\\\/\\\/x.com\\\/eldiario_net\"]},{\"@type\":\"Person\",\"@id\":\"https:\\\/\\\/www.eldiario.net\\\/portal\\\/#\\\/schema\\\/person\\\/f46445640444750d7d753ccd04ae01b7\",\"name\":\"Jeanette\",\"image\":{\"@type\":\"ImageObject\",\"inLanguage\":\"es\",\"@id\":\"https:\\\/\\\/secure.gravatar.com\\\/avatar\\\/3ea2118a5f7dad2b7138b1187a6b7ee55f160b9968b66013c3a3ef39dd7e5798?s=96&d=mm&r=g\",\"url\":\"https:\\\/\\\/secure.gravatar.com\\\/avatar\\\/3ea2118a5f7dad2b7138b1187a6b7ee55f160b9968b66013c3a3ef39dd7e5798?s=96&d=mm&r=g\",\"contentUrl\":\"https:\\\/\\\/secure.gravatar.com\\\/avatar\\\/3ea2118a5f7dad2b7138b1187a6b7ee55f160b9968b66013c3a3ef39dd7e5798?s=96&d=mm&r=g\",\"caption\":\"Jeanette\"},\"sameAs\":[\"https:\\\/\\\/www.eldiario.net\\\/portal\"],\"url\":\"https:\\\/\\\/www.eldiario.net\\\/portal\\\/author\\\/jeanette\\\/\"}]}<\/script>\n<!-- \/ Yoast SEO plugin. -->","yoast_head_json":{"title":"Ch\u00eda se exporta a 35 pa\u00edses - El Diario - Bolivia","robots":{"index":"index","follow":"follow","max-snippet":"max-snippet:-1","max-image-preview":"max-image-preview:large","max-video-preview":"max-video-preview:-1"},"canonical":"https:\/\/www.eldiario.net\/portal\/2024\/01\/21\/chia-se-exporta-a-35-paises\/","og_locale":"es_ES","og_type":"article","og_title":"Ch\u00eda se exporta a 35 pa\u00edses - El Diario - Bolivia","og_description":"Bolivia exporta ch\u00eda a 35 pa\u00edses del mundo y en el a\u00f1o 2023 comercializ\u00f3 este superalimento a Ecuador, Portugal, Venezuela, tres nuevos mercados para este importante producto, revel\u00f3 el viceministro de Comercio Exterior e Integraci\u00f3n, Benjam\u00edn Blanco. \u201cEl a\u00f1o pasado nuestro sector exportador ha podido ingresar a nuevos mercados con la ch\u00eda, entre ellos el [&hellip;]","og_url":"https:\/\/www.eldiario.net\/portal\/2024\/01\/21\/chia-se-exporta-a-35-paises\/","og_site_name":"El Diario - Bolivia","article_publisher":"https:\/\/www.facebook.com\/eldiario.bolivia\/","article_published_time":"2024-01-21T10:50:55+00:00","og_image":[{"width":1600,"height":637,"url":"https:\/\/www.eldiario.net\/portal\/wp-content\/uploads\/2024\/01\/chia.jpg","type":"image\/jpeg"}],"author":"Jeanette","twitter_card":"summary_large_image","twitter_creator":"@eldiario_net","twitter_site":"@eldiario_net","twitter_misc":{"Escrito por":"Jeanette","Tiempo de lectura":"2 minutos"},"schema":{"@context":"https:\/\/schema.org","@graph":[{"@type":"Article","@id":"https:\/\/www.eldiario.net\/portal\/2024\/01\/21\/chia-se-exporta-a-35-paises\/#article","isPartOf":{"@id":"https:\/\/www.eldiario.net\/portal\/2024\/01\/21\/chia-se-exporta-a-35-paises\/"},"author":{"name":"Jeanette","@id":"https:\/\/www.eldiario.net\/portal\/#\/schema\/person\/f46445640444750d7d753ccd04ae01b7"},"headline":"Ch\u00eda se exporta a 35 pa\u00edses","datePublished":"2024-01-21T10:50:55+00:00","mainEntityOfPage":{"@id":"https:\/\/www.eldiario.net\/portal\/2024\/01\/21\/chia-se-exporta-a-35-paises\/"},"wordCount":376,"commentCount":0,"publisher":{"@id":"https:\/\/www.eldiario.net\/portal\/#organization"},"image":{"@id":"https:\/\/www.eldiario.net\/portal\/2024\/01\/21\/chia-se-exporta-a-35-paises\/#primaryimage"},"thumbnailUrl":"https:\/\/www.eldiario.net\/portal\/wp-content\/uploads\/2024\/01\/chia.jpg","articleSection":["Econom\u00eda"],"inLanguage":"es","potentialAction":[{"@type":"CommentAction","name":"Comment","target":["https:\/\/www.eldiario.net\/portal\/2024\/01\/21\/chia-se-exporta-a-35-paises\/#respond"]}]},{"@type":"WebPage","@id":"https:\/\/www.eldiario.net\/portal\/2024\/01\/21\/chia-se-exporta-a-35-paises\/","url":"https:\/\/www.eldiario.net\/portal\/2024\/01\/21\/chia-se-exporta-a-35-paises\/","name":"Ch\u00eda se exporta a 35 pa\u00edses - El Diario - Bolivia","isPartOf":{"@id":"https:\/\/www.eldiario.net\/portal\/#website"},"primaryImageOfPage":{"@id":"https:\/\/www.eldiario.net\/portal\/2024\/01\/21\/chia-se-exporta-a-35-paises\/#primaryimage"},"image":{"@id":"https:\/\/www.eldiario.net\/portal\/2024\/01\/21\/chia-se-exporta-a-35-paises\/#primaryimage"},"thumbnailUrl":"https:\/\/www.eldiario.net\/portal\/wp-content\/uploads\/2024\/01\/chia.jpg","datePublished":"2024-01-21T10:50:55+00:00","breadcrumb":{"@id":"https:\/\/www.eldiario.net\/portal\/2024\/01\/21\/chia-se-exporta-a-35-paises\/#breadcrumb"},"inLanguage":"es","potentialAction":[{"@type":"ReadAction","target":["https:\/\/www.eldiario.net\/portal\/2024\/01\/21\/chia-se-exporta-a-35-paises\/"]}]},{"@type":"ImageObject","inLanguage":"es","@id":"https:\/\/www.eldiario.net\/portal\/2024\/01\/21\/chia-se-exporta-a-35-paises\/#primaryimage","url":"https:\/\/www.eldiario.net\/portal\/wp-content\/uploads\/2024\/01\/chia.jpg","contentUrl":"https:\/\/www.eldiario.net\/portal\/wp-content\/uploads\/2024\/01\/chia.jpg","width":1600,"height":637,"caption":"Ch\u00eda, ya est\u00e1 en el mercado chino."},{"@type":"BreadcrumbList","@id":"https:\/\/www.eldiario.net\/portal\/2024\/01\/21\/chia-se-exporta-a-35-paises\/#breadcrumb","itemListElement":[{"@type":"ListItem","position":1,"name":"Portada","item":"https:\/\/www.eldiario.net\/portal\/"},{"@type":"ListItem","position":2,"name":"Ch\u00eda se exporta a 35 pa\u00edses"}]},{"@type":"WebSite","@id":"https:\/\/www.eldiario.net\/portal\/#website","url":"https:\/\/www.eldiario.net\/portal\/","name":"El Diario - Decano de la prensa nacional","description":"El Diario - Decano de la prensa nacional","publisher":{"@id":"https:\/\/www.eldiario.net\/portal\/#organization"},"potentialAction":[{"@type":"SearchAction","target":{"@type":"EntryPoint","urlTemplate":"https:\/\/www.eldiario.net\/portal\/?s={search_term_string}"},"query-input":{"@type":"PropertyValueSpecification","valueRequired":true,"valueName":"search_term_string"}}],"inLanguage":"es"},{"@type":"Organization","@id":"https:\/\/www.eldiario.net\/portal\/#organization","name":"El Diario - Decano de la prensa nacional","url":"https:\/\/www.eldiario.net\/portal\/","logo":{"@type":"ImageObject","inLanguage":"es","@id":"https:\/\/www.eldiario.net\/portal\/#\/schema\/logo\/image\/","url":"https:\/\/www.eldiario.net\/portal\/wp-content\/uploads\/2023\/07\/logo_ED.jpg","contentUrl":"https:\/\/www.eldiario.net\/portal\/wp-content\/uploads\/2023\/07\/logo_ED.jpg","width":272,"height":52,"caption":"El Diario - Decano de la prensa nacional"},"image":{"@id":"https:\/\/www.eldiario.net\/portal\/#\/schema\/logo\/image\/"},"sameAs":["https:\/\/www.facebook.com\/eldiario.bolivia\/","https:\/\/x.com\/eldiario_net"]},{"@type":"Person","@id":"https:\/\/www.eldiario.net\/portal\/#\/schema\/person\/f46445640444750d7d753ccd04ae01b7","name":"Jeanette","image":{"@type":"ImageObject","inLanguage":"es","@id":"https:\/\/secure.gravatar.com\/avatar\/3ea2118a5f7dad2b7138b1187a6b7ee55f160b9968b66013c3a3ef39dd7e5798?s=96&d=mm&r=g","url":"https:\/\/secure.gravatar.com\/avatar\/3ea2118a5f7dad2b7138b1187a6b7ee55f160b9968b66013c3a3ef39dd7e5798?s=96&d=mm&r=g","contentUrl":"https:\/\/secure.gravatar.com\/avatar\/3ea2118a5f7dad2b7138b1187a6b7ee55f160b9968b66013c3a3ef39dd7e5798?s=96&d=mm&r=g","caption":"Jeanette"},"sameAs":["https:\/\/www.eldiario.net\/portal"],"url":"https:\/\/www.eldiario.net\/portal\/author\/jeanette\/"}]}},"_links":{"self":[{"href":"https:\/\/www.eldiario.net\/portal\/wp-json\/wp\/v2\/posts\/198701","targetHints":{"allow":["GET"]}}],"collection":[{"href":"https:\/\/www.eldiario.net\/portal\/wp-json\/wp\/v2\/posts"}],"about":[{"href":"https:\/\/www.eldiario.net\/portal\/wp-json\/wp\/v2\/types\/post"}],"author":[{"embeddable":true,"href":"https:\/\/www.eldiario.net\/portal\/wp-json\/wp\/v2\/users\/1"}],"replies":[{"embeddable":true,"href":"https:\/\/www.eldiario.net\/portal\/wp-json\/wp\/v2\/comments?post=198701"}],"version-history":[{"count":1,"href":"https:\/\/www.eldiario.net\/portal\/wp-json\/wp\/v2\/posts\/198701\/revisions"}],"predecessor-version":[{"id":198703,"href":"https:\/\/www.eldiario.net\/portal\/wp-json\/wp\/v2\/posts\/198701\/revisions\/198703"}],"wp:featuredmedia":[{"embeddable":true,"href":"https:\/\/www.eldiario.net\/portal\/wp-json\/wp\/v2\/media\/198702"}],"wp:attachment":[{"href":"https:\/\/www.eldiario.net\/portal\/wp-json\/wp\/v2\/media?parent=198701"}],"wp:term":[{"taxonomy":"category","embeddable":true,"href":"https:\/\/www.eldiario.net\/portal\/wp-json\/wp\/v2\/categories?post=198701"},{"taxonomy":"post_tag","embeddable":true,"href":"https:\/\/www.eldiario.net\/portal\/wp-json\/wp\/v2\/tags?post=198701"}],"curies":[{"name":"wp","href":"https:\/\/api.w.org\/{rel}","templated":true}]}}