{"id":198696,"date":"2024-01-21T06:48:54","date_gmt":"2024-01-21T10:48:54","guid":{"rendered":"https:\/\/www.eldiario.net\/portal\/?p=198696"},"modified":"2024-01-21T06:48:54","modified_gmt":"2024-01-21T10:48:54","slug":"alemania-recibira-primer-envio-de-quinua-tropicalizada","status":"publish","type":"post","link":"https:\/\/www.eldiario.net\/portal\/2024\/01\/21\/alemania-recibira-primer-envio-de-quinua-tropicalizada\/","title":{"rendered":"Alemania recibir\u00e1 primer  env\u00edo de quinua tropicalizada"},"content":{"rendered":"<p>Luego de casi una d\u00e9cada de investigaci\u00f3n y mucho trabajo en equipo, la Universidad Aut\u00f3noma Gabriel Ren\u00e9 Moreno (Uagrm) despach\u00f3 el primer contenedor con 50 toneladas de quinua tropicalizada a Alemania. Este acontecimiento se constituye en un hecho hist\u00f3rico para el departamento de Santa Cruz.<br \/>\nPor primera vez, la universidad cruce\u00f1a logr\u00f3 materializar el sue\u00f1o de tropicalizar este cereal para producirlo en el departamento, como una alternativa de cultivo para los productores en la \u00e9poca de invierno.<br \/>\nLa exportaci\u00f3n de la quinua denominada \u2018Uagrm-Fine\u2019 lleva el sello de la casa de estudios superiores en alianza estrat\u00e9gica con el sector privado. El grano tiene un 99,96% de pureza, es decir, cumple con los est\u00e1ndares internacionales para la exportaci\u00f3n.<br \/>\nEl decano de la Facultad de Ciencias Agr\u00edcolas, Jos\u00e9 Luis Llanos, destac\u00f3 que la universidad no solamente haga investigaci\u00f3n, sino que tambi\u00e9n la lleve a campos comerciales, aportando a la seguridad alimentaria de Bolivia y generando divisas para el pa\u00eds.<br \/>\nEl investigador y responsable del proyecto de mejoramiento gen\u00e9tico de la quinua para la regi\u00f3n tropical, Mar\u00edn Condori, explic\u00f3 que una de las caracter\u00edsticas de esta variedad es su rendimiento, que est\u00e1 por encima de las 1.5 toneladas por hect\u00e1rea, comparada con la quinua que se produce en el altiplano que alcanza un rendimiento de 500 kilos por hect\u00e1rea, es decir, la quinua cruce\u00f1a rinde tres veces m\u00e1s.<br \/>\nMar\u00edn Condori, investigador y responsable del proyecto de mejoramiento gen\u00e9tico de la quinua para la regi\u00f3n tropical, adem\u00e1s de resaltar los resultados del estudio que llev\u00f3 12 a\u00f1os de ensayo, ofreci\u00f3 datos t\u00e9cnicos que hacen augurar un despegue productivo del \u2018grano de oro\u2019 ancestral en el oriente.<br \/>\nEn las experiencias de campo se constat\u00f3 que la adaptabilidad de la quinua a los pisos ecol\u00f3gicos de los llanos (San Pedro, Agua\u00ed, Montero, Okinawa, San Juli\u00e1n, Cuatro Ca\u00f1adas y Pail\u00f3n) y valles mesot\u00e9rmicos (Comarapa, Vallegrande y Quirusilla) es notable. La rusticidad hace resistente el cultivo a condiciones m\u00e1s extremas del cambio clim\u00e1tico (sequ\u00eda) y es ideal para hacer rotaci\u00f3n de cultivo en el ciclo de invierno.<br \/>\nLa productividad es lo m\u00e1s relevante. De la siembra a la cosecha, la Uagrm-Fine tarda cuatro meses -la quinua del altiplano se prolonga de cinco a ocho meses- y el rendimiento promedio var\u00eda de 1,5 a 4,5 toneladas por hect\u00e1rea, en el occidente es de 500 kilos. En manos de la Facultad de Ciencias Agr\u00edcolas de Uagrm hay 130 kilos de semilla b\u00e1sica, de alta pureza gen\u00e9tica, para ser ofertada y multiplicada comercialmente.<br \/>\nCon este panorama, la ca\u00edda libre de la quinua, en todo caso, ser\u00e1 en el Ande boliviano porque en Santa Cruz m\u00e1s bien est\u00e1 de subida.<br \/>\nEl gerente general del Instituto Boliviano de Comercio Exterior (Ibce), Gary Rodr\u00edguez, denot\u00f3 que Bolivia dej\u00f3 de ser el primer productor y exportador de quinua a escala mundial. En 2013 produc\u00eda 68.000 toneladas, pero cay\u00f3 hasta 39.000 toneladas en 2021, mientras que Per\u00fa subi\u00f3 de 52.000 a 106.000 toneladas. Con la exportaci\u00f3n pas\u00f3 igual. En 2013, Bolivia export\u00f3 $us 153 millones, pero cay\u00f3 a $us 62 millones en 2021, mientras Per\u00fa pas\u00f3 de $us 80 a 105 millones.<br \/>\nRecord\u00f3 que, en 2014 Bolivia lleg\u00f3 a un pico de $us 197 millones, gracias al \u2018A\u00f1o Internacional de la Quinua\u2019, que destac\u00f3 la quinua real org\u00e1nica.<br \/>\nRespecto a los impactos esperados de la quinua tropicalizada en Bolivia, el decano de la Facultad de Ciencias Agr\u00edcolas de la Uagrm, Jos\u00e9 Luis Llanos, proyect\u00f3 un cobertura de siembra de 8.000 a 120.727 hect\u00e1reas del 2024 al 2030. En ese per\u00edodo, se perfila una producci\u00f3n de 180.514 toneladas que, a un precio promedio de exportaci\u00f3n de $us 2.162, estim\u00e1ndose un ingreso por valor de casi $us 400 millones para la econom\u00eda nacional.<br \/>\nEl 75% de lo que produce Santa Cruz alimenta a todo el pa\u00eds y se debe convertir probablemente en un 80, 90%, porque ya se acab\u00f3 el gas y hay que apuntar a la agropecuaria. Es un regalo para Santa Cruz y para Bolivia. (Santa Cruz, datos de EL DEBER y agencias).<\/p>\n<p>PIE DE FOTO<\/p>\n<p>FOTO: RRSS<\/p>\n","protected":false},"excerpt":{"rendered":"<p>Luego de casi una d\u00e9cada de investigaci\u00f3n y mucho trabajo en equipo, la Universidad Aut\u00f3noma Gabriel Ren\u00e9 Moreno (Uagrm) despach\u00f3 el primer contenedor con 50 toneladas de quinua tropicalizada a Alemania. Este acontecimiento se constituye en un hecho hist\u00f3rico para el departamento de Santa Cruz. Por primera vez, la universidad cruce\u00f1a logr\u00f3 materializar el sue\u00f1o [&hellip;]<\/p>\n","protected":false},"author":1,"featured_media":198697,"comment_status":"open","ping_status":"open","sticky":false,"template":"","format":"standard","meta":{"_acf_changed":false,"footnotes":""},"categories":[12],"tags":[],"class_list":["post-198696","post","type-post","status-publish","format-standard","has-post-thumbnail","category-nacional"],"acf":{"antetitulo":"Hecho hist\u00f3rico para Santa Cruz"},"yoast_head":"<!-- This site is optimized with the Yoast SEO plugin v28.4 - https:\/\/yoast.com\/product\/yoast-seo-wordpress\/ -->\n<title>Alemania recibir\u00e1 primer env\u00edo de quinua tropicalizada - El Diario - Bolivia<\/title>\n<meta name=\"robots\" content=\"index, follow, max-snippet:-1, max-image-preview:large, max-video-preview:-1\" \/>\n<link rel=\"canonical\" href=\"https:\/\/www.eldiario.net\/portal\/2024\/01\/21\/alemania-recibira-primer-envio-de-quinua-tropicalizada\/\" \/>\n<meta property=\"og:locale\" content=\"es_ES\" \/>\n<meta property=\"og:type\" content=\"article\" \/>\n<meta property=\"og:title\" content=\"Alemania recibir\u00e1 primer env\u00edo de quinua tropicalizada - El Diario - Bolivia\" \/>\n<meta property=\"og:description\" content=\"Luego de casi una d\u00e9cada de investigaci\u00f3n y mucho trabajo en equipo, la Universidad Aut\u00f3noma Gabriel Ren\u00e9 Moreno (Uagrm) despach\u00f3 el primer contenedor con 50 toneladas de quinua tropicalizada a Alemania. Este acontecimiento se constituye en un hecho hist\u00f3rico para el departamento de Santa Cruz. Por primera vez, la universidad cruce\u00f1a logr\u00f3 materializar el sue\u00f1o [&hellip;]\" \/>\n<meta property=\"og:url\" content=\"https:\/\/www.eldiario.net\/portal\/2024\/01\/21\/alemania-recibira-primer-envio-de-quinua-tropicalizada\/\" \/>\n<meta property=\"og:site_name\" content=\"El Diario - Bolivia\" \/>\n<meta property=\"article:publisher\" content=\"https:\/\/www.facebook.com\/eldiario.bolivia\/\" \/>\n<meta property=\"article:published_time\" content=\"2024-01-21T10:48:54+00:00\" \/>\n<meta property=\"og:image\" content=\"https:\/\/www.eldiario.net\/portal\/wp-content\/uploads\/2024\/01\/21-Quinua.jpg\" \/>\n\t<meta property=\"og:image:width\" content=\"855\" \/>\n\t<meta property=\"og:image:height\" content=\"641\" \/>\n\t<meta property=\"og:image:type\" content=\"image\/jpeg\" \/>\n<meta name=\"author\" content=\"Jeanette\" \/>\n<meta name=\"twitter:card\" content=\"summary_large_image\" \/>\n<meta name=\"twitter:creator\" content=\"@eldiario_net\" \/>\n<meta name=\"twitter:site\" content=\"@eldiario_net\" \/>\n<meta name=\"twitter:label1\" content=\"Escrito por\" \/>\n\t<meta name=\"twitter:data1\" content=\"Jeanette\" \/>\n\t<meta name=\"twitter:label2\" content=\"Tiempo de lectura\" \/>\n\t<meta name=\"twitter:data2\" content=\"4 minutos\" \/>\n<script type=\"application\/ld+json\" class=\"yoast-schema-graph\">{\"@context\":\"https:\\\/\\\/schema.org\",\"@graph\":[{\"@type\":\"Article\",\"@id\":\"https:\\\/\\\/www.eldiario.net\\\/portal\\\/2024\\\/01\\\/21\\\/alemania-recibira-primer-envio-de-quinua-tropicalizada\\\/#article\",\"isPartOf\":{\"@id\":\"https:\\\/\\\/www.eldiario.net\\\/portal\\\/2024\\\/01\\\/21\\\/alemania-recibira-primer-envio-de-quinua-tropicalizada\\\/\"},\"author\":{\"name\":\"Jeanette\",\"@id\":\"https:\\\/\\\/www.eldiario.net\\\/portal\\\/#\\\/schema\\\/person\\\/f46445640444750d7d753ccd04ae01b7\"},\"headline\":\"Alemania recibir\u00e1 primer env\u00edo de quinua tropicalizada\",\"datePublished\":\"2024-01-21T10:48:54+00:00\",\"mainEntityOfPage\":{\"@id\":\"https:\\\/\\\/www.eldiario.net\\\/portal\\\/2024\\\/01\\\/21\\\/alemania-recibira-primer-envio-de-quinua-tropicalizada\\\/\"},\"wordCount\":705,\"commentCount\":0,\"publisher\":{\"@id\":\"https:\\\/\\\/www.eldiario.net\\\/portal\\\/#organization\"},\"image\":{\"@id\":\"https:\\\/\\\/www.eldiario.net\\\/portal\\\/2024\\\/01\\\/21\\\/alemania-recibira-primer-envio-de-quinua-tropicalizada\\\/#primaryimage\"},\"thumbnailUrl\":\"https:\\\/\\\/www.eldiario.net\\\/portal\\\/wp-content\\\/uploads\\\/2024\\\/01\\\/21-Quinua.jpg\",\"articleSection\":[\"Nacional\"],\"inLanguage\":\"es\",\"potentialAction\":[{\"@type\":\"CommentAction\",\"name\":\"Comment\",\"target\":[\"https:\\\/\\\/www.eldiario.net\\\/portal\\\/2024\\\/01\\\/21\\\/alemania-recibira-primer-envio-de-quinua-tropicalizada\\\/#respond\"]}]},{\"@type\":\"WebPage\",\"@id\":\"https:\\\/\\\/www.eldiario.net\\\/portal\\\/2024\\\/01\\\/21\\\/alemania-recibira-primer-envio-de-quinua-tropicalizada\\\/\",\"url\":\"https:\\\/\\\/www.eldiario.net\\\/portal\\\/2024\\\/01\\\/21\\\/alemania-recibira-primer-envio-de-quinua-tropicalizada\\\/\",\"name\":\"Alemania recibir\u00e1 primer env\u00edo de quinua tropicalizada - El Diario - Bolivia\",\"isPartOf\":{\"@id\":\"https:\\\/\\\/www.eldiario.net\\\/portal\\\/#website\"},\"primaryImageOfPage\":{\"@id\":\"https:\\\/\\\/www.eldiario.net\\\/portal\\\/2024\\\/01\\\/21\\\/alemania-recibira-primer-envio-de-quinua-tropicalizada\\\/#primaryimage\"},\"image\":{\"@id\":\"https:\\\/\\\/www.eldiario.net\\\/portal\\\/2024\\\/01\\\/21\\\/alemania-recibira-primer-envio-de-quinua-tropicalizada\\\/#primaryimage\"},\"thumbnailUrl\":\"https:\\\/\\\/www.eldiario.net\\\/portal\\\/wp-content\\\/uploads\\\/2024\\\/01\\\/21-Quinua.jpg\",\"datePublished\":\"2024-01-21T10:48:54+00:00\",\"breadcrumb\":{\"@id\":\"https:\\\/\\\/www.eldiario.net\\\/portal\\\/2024\\\/01\\\/21\\\/alemania-recibira-primer-envio-de-quinua-tropicalizada\\\/#breadcrumb\"},\"inLanguage\":\"es\",\"potentialAction\":[{\"@type\":\"ReadAction\",\"target\":[\"https:\\\/\\\/www.eldiario.net\\\/portal\\\/2024\\\/01\\\/21\\\/alemania-recibira-primer-envio-de-quinua-tropicalizada\\\/\"]}]},{\"@type\":\"ImageObject\",\"inLanguage\":\"es\",\"@id\":\"https:\\\/\\\/www.eldiario.net\\\/portal\\\/2024\\\/01\\\/21\\\/alemania-recibira-primer-envio-de-quinua-tropicalizada\\\/#primaryimage\",\"url\":\"https:\\\/\\\/www.eldiario.net\\\/portal\\\/wp-content\\\/uploads\\\/2024\\\/01\\\/21-Quinua.jpg\",\"contentUrl\":\"https:\\\/\\\/www.eldiario.net\\\/portal\\\/wp-content\\\/uploads\\\/2024\\\/01\\\/21-Quinua.jpg\",\"width\":855,\"height\":641,\"caption\":\"Santa Cruz consolida su sue\u00f1o con la producci\u00f3n de quinua tropicalizada.\"},{\"@type\":\"BreadcrumbList\",\"@id\":\"https:\\\/\\\/www.eldiario.net\\\/portal\\\/2024\\\/01\\\/21\\\/alemania-recibira-primer-envio-de-quinua-tropicalizada\\\/#breadcrumb\",\"itemListElement\":[{\"@type\":\"ListItem\",\"position\":1,\"name\":\"Portada\",\"item\":\"https:\\\/\\\/www.eldiario.net\\\/portal\\\/\"},{\"@type\":\"ListItem\",\"position\":2,\"name\":\"Alemania recibir\u00e1 primer env\u00edo de quinua tropicalizada\"}]},{\"@type\":\"WebSite\",\"@id\":\"https:\\\/\\\/www.eldiario.net\\\/portal\\\/#website\",\"url\":\"https:\\\/\\\/www.eldiario.net\\\/portal\\\/\",\"name\":\"El Diario - Decano de la prensa nacional\",\"description\":\"El Diario - Decano de la prensa nacional\",\"publisher\":{\"@id\":\"https:\\\/\\\/www.eldiario.net\\\/portal\\\/#organization\"},\"potentialAction\":[{\"@type\":\"SearchAction\",\"target\":{\"@type\":\"EntryPoint\",\"urlTemplate\":\"https:\\\/\\\/www.eldiario.net\\\/portal\\\/?s={search_term_string}\"},\"query-input\":{\"@type\":\"PropertyValueSpecification\",\"valueRequired\":true,\"valueName\":\"search_term_string\"}}],\"inLanguage\":\"es\"},{\"@type\":\"Organization\",\"@id\":\"https:\\\/\\\/www.eldiario.net\\\/portal\\\/#organization\",\"name\":\"El Diario - Decano de la prensa nacional\",\"url\":\"https:\\\/\\\/www.eldiario.net\\\/portal\\\/\",\"logo\":{\"@type\":\"ImageObject\",\"inLanguage\":\"es\",\"@id\":\"https:\\\/\\\/www.eldiario.net\\\/portal\\\/#\\\/schema\\\/logo\\\/image\\\/\",\"url\":\"https:\\\/\\\/www.eldiario.net\\\/portal\\\/wp-content\\\/uploads\\\/2023\\\/07\\\/logo_ED.jpg\",\"contentUrl\":\"https:\\\/\\\/www.eldiario.net\\\/portal\\\/wp-content\\\/uploads\\\/2023\\\/07\\\/logo_ED.jpg\",\"width\":272,\"height\":52,\"caption\":\"El Diario - Decano de la prensa nacional\"},\"image\":{\"@id\":\"https:\\\/\\\/www.eldiario.net\\\/portal\\\/#\\\/schema\\\/logo\\\/image\\\/\"},\"sameAs\":[\"https:\\\/\\\/www.facebook.com\\\/eldiario.bolivia\\\/\",\"https:\\\/\\\/x.com\\\/eldiario_net\"]},{\"@type\":\"Person\",\"@id\":\"https:\\\/\\\/www.eldiario.net\\\/portal\\\/#\\\/schema\\\/person\\\/f46445640444750d7d753ccd04ae01b7\",\"name\":\"Jeanette\",\"image\":{\"@type\":\"ImageObject\",\"inLanguage\":\"es\",\"@id\":\"https:\\\/\\\/secure.gravatar.com\\\/avatar\\\/3ea2118a5f7dad2b7138b1187a6b7ee55f160b9968b66013c3a3ef39dd7e5798?s=96&d=mm&r=g\",\"url\":\"https:\\\/\\\/secure.gravatar.com\\\/avatar\\\/3ea2118a5f7dad2b7138b1187a6b7ee55f160b9968b66013c3a3ef39dd7e5798?s=96&d=mm&r=g\",\"contentUrl\":\"https:\\\/\\\/secure.gravatar.com\\\/avatar\\\/3ea2118a5f7dad2b7138b1187a6b7ee55f160b9968b66013c3a3ef39dd7e5798?s=96&d=mm&r=g\",\"caption\":\"Jeanette\"},\"sameAs\":[\"https:\\\/\\\/www.eldiario.net\\\/portal\"],\"url\":\"https:\\\/\\\/www.eldiario.net\\\/portal\\\/author\\\/jeanette\\\/\"}]}<\/script>\n<!-- \/ Yoast SEO plugin. -->","yoast_head_json":{"title":"Alemania recibir\u00e1 primer env\u00edo de quinua tropicalizada - El Diario - Bolivia","robots":{"index":"index","follow":"follow","max-snippet":"max-snippet:-1","max-image-preview":"max-image-preview:large","max-video-preview":"max-video-preview:-1"},"canonical":"https:\/\/www.eldiario.net\/portal\/2024\/01\/21\/alemania-recibira-primer-envio-de-quinua-tropicalizada\/","og_locale":"es_ES","og_type":"article","og_title":"Alemania recibir\u00e1 primer env\u00edo de quinua tropicalizada - El Diario - Bolivia","og_description":"Luego de casi una d\u00e9cada de investigaci\u00f3n y mucho trabajo en equipo, la Universidad Aut\u00f3noma Gabriel Ren\u00e9 Moreno (Uagrm) despach\u00f3 el primer contenedor con 50 toneladas de quinua tropicalizada a Alemania. Este acontecimiento se constituye en un hecho hist\u00f3rico para el departamento de Santa Cruz. Por primera vez, la universidad cruce\u00f1a logr\u00f3 materializar el sue\u00f1o [&hellip;]","og_url":"https:\/\/www.eldiario.net\/portal\/2024\/01\/21\/alemania-recibira-primer-envio-de-quinua-tropicalizada\/","og_site_name":"El Diario - Bolivia","article_publisher":"https:\/\/www.facebook.com\/eldiario.bolivia\/","article_published_time":"2024-01-21T10:48:54+00:00","og_image":[{"width":855,"height":641,"url":"https:\/\/www.eldiario.net\/portal\/wp-content\/uploads\/2024\/01\/21-Quinua.jpg","type":"image\/jpeg"}],"author":"Jeanette","twitter_card":"summary_large_image","twitter_creator":"@eldiario_net","twitter_site":"@eldiario_net","twitter_misc":{"Escrito por":"Jeanette","Tiempo de lectura":"4 minutos"},"schema":{"@context":"https:\/\/schema.org","@graph":[{"@type":"Article","@id":"https:\/\/www.eldiario.net\/portal\/2024\/01\/21\/alemania-recibira-primer-envio-de-quinua-tropicalizada\/#article","isPartOf":{"@id":"https:\/\/www.eldiario.net\/portal\/2024\/01\/21\/alemania-recibira-primer-envio-de-quinua-tropicalizada\/"},"author":{"name":"Jeanette","@id":"https:\/\/www.eldiario.net\/portal\/#\/schema\/person\/f46445640444750d7d753ccd04ae01b7"},"headline":"Alemania recibir\u00e1 primer env\u00edo de quinua tropicalizada","datePublished":"2024-01-21T10:48:54+00:00","mainEntityOfPage":{"@id":"https:\/\/www.eldiario.net\/portal\/2024\/01\/21\/alemania-recibira-primer-envio-de-quinua-tropicalizada\/"},"wordCount":705,"commentCount":0,"publisher":{"@id":"https:\/\/www.eldiario.net\/portal\/#organization"},"image":{"@id":"https:\/\/www.eldiario.net\/portal\/2024\/01\/21\/alemania-recibira-primer-envio-de-quinua-tropicalizada\/#primaryimage"},"thumbnailUrl":"https:\/\/www.eldiario.net\/portal\/wp-content\/uploads\/2024\/01\/21-Quinua.jpg","articleSection":["Nacional"],"inLanguage":"es","potentialAction":[{"@type":"CommentAction","name":"Comment","target":["https:\/\/www.eldiario.net\/portal\/2024\/01\/21\/alemania-recibira-primer-envio-de-quinua-tropicalizada\/#respond"]}]},{"@type":"WebPage","@id":"https:\/\/www.eldiario.net\/portal\/2024\/01\/21\/alemania-recibira-primer-envio-de-quinua-tropicalizada\/","url":"https:\/\/www.eldiario.net\/portal\/2024\/01\/21\/alemania-recibira-primer-envio-de-quinua-tropicalizada\/","name":"Alemania recibir\u00e1 primer env\u00edo de quinua tropicalizada - El Diario - Bolivia","isPartOf":{"@id":"https:\/\/www.eldiario.net\/portal\/#website"},"primaryImageOfPage":{"@id":"https:\/\/www.eldiario.net\/portal\/2024\/01\/21\/alemania-recibira-primer-envio-de-quinua-tropicalizada\/#primaryimage"},"image":{"@id":"https:\/\/www.eldiario.net\/portal\/2024\/01\/21\/alemania-recibira-primer-envio-de-quinua-tropicalizada\/#primaryimage"},"thumbnailUrl":"https:\/\/www.eldiario.net\/portal\/wp-content\/uploads\/2024\/01\/21-Quinua.jpg","datePublished":"2024-01-21T10:48:54+00:00","breadcrumb":{"@id":"https:\/\/www.eldiario.net\/portal\/2024\/01\/21\/alemania-recibira-primer-envio-de-quinua-tropicalizada\/#breadcrumb"},"inLanguage":"es","potentialAction":[{"@type":"ReadAction","target":["https:\/\/www.eldiario.net\/portal\/2024\/01\/21\/alemania-recibira-primer-envio-de-quinua-tropicalizada\/"]}]},{"@type":"ImageObject","inLanguage":"es","@id":"https:\/\/www.eldiario.net\/portal\/2024\/01\/21\/alemania-recibira-primer-envio-de-quinua-tropicalizada\/#primaryimage","url":"https:\/\/www.eldiario.net\/portal\/wp-content\/uploads\/2024\/01\/21-Quinua.jpg","contentUrl":"https:\/\/www.eldiario.net\/portal\/wp-content\/uploads\/2024\/01\/21-Quinua.jpg","width":855,"height":641,"caption":"Santa Cruz consolida su sue\u00f1o con la producci\u00f3n de quinua tropicalizada."},{"@type":"BreadcrumbList","@id":"https:\/\/www.eldiario.net\/portal\/2024\/01\/21\/alemania-recibira-primer-envio-de-quinua-tropicalizada\/#breadcrumb","itemListElement":[{"@type":"ListItem","position":1,"name":"Portada","item":"https:\/\/www.eldiario.net\/portal\/"},{"@type":"ListItem","position":2,"name":"Alemania recibir\u00e1 primer env\u00edo de quinua tropicalizada"}]},{"@type":"WebSite","@id":"https:\/\/www.eldiario.net\/portal\/#website","url":"https:\/\/www.eldiario.net\/portal\/","name":"El Diario - Decano de la prensa nacional","description":"El Diario - Decano de la prensa nacional","publisher":{"@id":"https:\/\/www.eldiario.net\/portal\/#organization"},"potentialAction":[{"@type":"SearchAction","target":{"@type":"EntryPoint","urlTemplate":"https:\/\/www.eldiario.net\/portal\/?s={search_term_string}"},"query-input":{"@type":"PropertyValueSpecification","valueRequired":true,"valueName":"search_term_string"}}],"inLanguage":"es"},{"@type":"Organization","@id":"https:\/\/www.eldiario.net\/portal\/#organization","name":"El Diario - Decano de la prensa nacional","url":"https:\/\/www.eldiario.net\/portal\/","logo":{"@type":"ImageObject","inLanguage":"es","@id":"https:\/\/www.eldiario.net\/portal\/#\/schema\/logo\/image\/","url":"https:\/\/www.eldiario.net\/portal\/wp-content\/uploads\/2023\/07\/logo_ED.jpg","contentUrl":"https:\/\/www.eldiario.net\/portal\/wp-content\/uploads\/2023\/07\/logo_ED.jpg","width":272,"height":52,"caption":"El Diario - Decano de la prensa nacional"},"image":{"@id":"https:\/\/www.eldiario.net\/portal\/#\/schema\/logo\/image\/"},"sameAs":["https:\/\/www.facebook.com\/eldiario.bolivia\/","https:\/\/x.com\/eldiario_net"]},{"@type":"Person","@id":"https:\/\/www.eldiario.net\/portal\/#\/schema\/person\/f46445640444750d7d753ccd04ae01b7","name":"Jeanette","image":{"@type":"ImageObject","inLanguage":"es","@id":"https:\/\/secure.gravatar.com\/avatar\/3ea2118a5f7dad2b7138b1187a6b7ee55f160b9968b66013c3a3ef39dd7e5798?s=96&d=mm&r=g","url":"https:\/\/secure.gravatar.com\/avatar\/3ea2118a5f7dad2b7138b1187a6b7ee55f160b9968b66013c3a3ef39dd7e5798?s=96&d=mm&r=g","contentUrl":"https:\/\/secure.gravatar.com\/avatar\/3ea2118a5f7dad2b7138b1187a6b7ee55f160b9968b66013c3a3ef39dd7e5798?s=96&d=mm&r=g","caption":"Jeanette"},"sameAs":["https:\/\/www.eldiario.net\/portal"],"url":"https:\/\/www.eldiario.net\/portal\/author\/jeanette\/"}]}},"_links":{"self":[{"href":"https:\/\/www.eldiario.net\/portal\/wp-json\/wp\/v2\/posts\/198696","targetHints":{"allow":["GET"]}}],"collection":[{"href":"https:\/\/www.eldiario.net\/portal\/wp-json\/wp\/v2\/posts"}],"about":[{"href":"https:\/\/www.eldiario.net\/portal\/wp-json\/wp\/v2\/types\/post"}],"author":[{"embeddable":true,"href":"https:\/\/www.eldiario.net\/portal\/wp-json\/wp\/v2\/users\/1"}],"replies":[{"embeddable":true,"href":"https:\/\/www.eldiario.net\/portal\/wp-json\/wp\/v2\/comments?post=198696"}],"version-history":[{"count":1,"href":"https:\/\/www.eldiario.net\/portal\/wp-json\/wp\/v2\/posts\/198696\/revisions"}],"predecessor-version":[{"id":198698,"href":"https:\/\/www.eldiario.net\/portal\/wp-json\/wp\/v2\/posts\/198696\/revisions\/198698"}],"wp:featuredmedia":[{"embeddable":true,"href":"https:\/\/www.eldiario.net\/portal\/wp-json\/wp\/v2\/media\/198697"}],"wp:attachment":[{"href":"https:\/\/www.eldiario.net\/portal\/wp-json\/wp\/v2\/media?parent=198696"}],"wp:term":[{"taxonomy":"category","embeddable":true,"href":"https:\/\/www.eldiario.net\/portal\/wp-json\/wp\/v2\/categories?post=198696"},{"taxonomy":"post_tag","embeddable":true,"href":"https:\/\/www.eldiario.net\/portal\/wp-json\/wp\/v2\/tags?post=198696"}],"curies":[{"name":"wp","href":"https:\/\/api.w.org\/{rel}","templated":true}]}}