{"id":198693,"date":"2024-01-21T06:47:56","date_gmt":"2024-01-21T10:47:56","guid":{"rendered":"https:\/\/www.eldiario.net\/portal\/?p=198693"},"modified":"2024-01-21T06:47:56","modified_gmt":"2024-01-21T10:47:56","slug":"concejo-de-potosi-declara-emergencia-por-la-sequia","status":"publish","type":"post","link":"https:\/\/www.eldiario.net\/portal\/2024\/01\/21\/concejo-de-potosi-declara-emergencia-por-la-sequia\/","title":{"rendered":"Concejo de Potos\u00ed declara  emergencia por la sequ\u00eda"},"content":{"rendered":"<p>El Concejo Municipal de Potos\u00ed aprob\u00f3 una ley que declara zona de emergencia a la ciudad, tomando en cuenta la sequ\u00eda que se atraviesa y que pone en riesgo el abastecimiento de agua potable, report\u00f3 radio L\u00edder en esa capital.<br \/>\nEl presidente del Concejo, Jhonny Churata, indic\u00f3 que con esta norma se facilitar\u00e1 la disposici\u00f3n de recursos econ\u00f3micos para solucionar los efectos de la falta de agua.<br \/>\nEsta norma se aprueba en un contexto donde las lagunas de reserva de agua de Potos\u00ed no superan el 35% de su capacidad de almacenamiento, de acuerdo con la emisora local. La norma fue derivada al ejecutivo municipal para su promulgaci\u00f3n.<br \/>\n\u201cLos informes de Aapos (distribuidora del agua) son bastante alarmantes. Entonces es necesario que tanto Gobernaci\u00f3n como Alcald\u00eda tengan que trabajar en el tema, para evitar que exista escasez a partir del mes de septiembre\u201d, explic\u00f3 Churata.<br \/>\nA m\u00e1s de 4.000 metros de altura, en el altiplano boliviano, los habitantes de Potos\u00ed, ubicada al pie del cerro rico, cuyas vetas de plata alimentaron entre los siglos XVI y XVIII las arcas de la corona espa\u00f1ola, enfrentan desde 2023 contratiempos por la sequ\u00eda.<br \/>\nEl agua es escasa y las familias potosinas deben abastecerse de este l\u00edquido elemento de las piletas p\u00fablicas ubicadas en los altos de la ciudad, las mismas que son alimentadas de las cisternas que llegan hasta el lugar.<br \/>\nLa sequ\u00eda comenz\u00f3 hace tres meses, en octubre pasado, cuando comenz\u00f3 el racionamiento de agua potable seg\u00fan la necesidad de cada zona. Los camiones cisterna no dan abasto y apenas abastecen la necesidad de las familias.<br \/>\nEn 2023, Potos\u00ed declar\u00f3 el estado de desastre natural para recibir ayuda del Gobierno nacional en el marco de la emergencia h\u00eddrica que azota a siete de los nueve departamentos del pa\u00eds que enfrentan los efectos del cambio clim\u00e1tico, que son las causales de la sequ\u00eda y los incendios forestales, que ya devoraron m\u00e1s de 2 millones de hect\u00e1reas de bosques y pastizales desde septiembre pasado. (Potos\u00ed, agencias)<\/p>\n","protected":false},"excerpt":{"rendered":"<p>El Concejo Municipal de Potos\u00ed aprob\u00f3 una ley que declara zona de emergencia a la ciudad, tomando en cuenta la sequ\u00eda que se atraviesa y que pone en riesgo el abastecimiento de agua potable, report\u00f3 radio L\u00edder en esa capital. El presidente del Concejo, Jhonny Churata, indic\u00f3 que con esta norma se facilitar\u00e1 la disposici\u00f3n [&hellip;]<\/p>\n","protected":false},"author":1,"featured_media":198694,"comment_status":"open","ping_status":"open","sticky":false,"template":"","format":"standard","meta":{"_acf_changed":false,"footnotes":""},"categories":[12],"tags":[],"class_list":["post-198693","post","type-post","status-publish","format-standard","has-post-thumbnail","category-nacional"],"acf":{"antetitulo":"Habilita recursos"},"yoast_head":"<!-- This site is optimized with the Yoast SEO plugin v28.4 - https:\/\/yoast.com\/product\/yoast-seo-wordpress\/ -->\n<title>Concejo de Potos\u00ed declara emergencia por la sequ\u00eda - El Diario - Bolivia<\/title>\n<meta name=\"robots\" content=\"index, follow, max-snippet:-1, max-image-preview:large, max-video-preview:-1\" \/>\n<link rel=\"canonical\" href=\"https:\/\/www.eldiario.net\/portal\/2024\/01\/21\/concejo-de-potosi-declara-emergencia-por-la-sequia\/\" \/>\n<meta property=\"og:locale\" content=\"es_ES\" \/>\n<meta property=\"og:type\" content=\"article\" \/>\n<meta property=\"og:title\" content=\"Concejo de Potos\u00ed declara emergencia por la sequ\u00eda - El Diario - Bolivia\" \/>\n<meta property=\"og:description\" content=\"El Concejo Municipal de Potos\u00ed aprob\u00f3 una ley que declara zona de emergencia a la ciudad, tomando en cuenta la sequ\u00eda que se atraviesa y que pone en riesgo el abastecimiento de agua potable, report\u00f3 radio L\u00edder en esa capital. El presidente del Concejo, Jhonny Churata, indic\u00f3 que con esta norma se facilitar\u00e1 la disposici\u00f3n [&hellip;]\" \/>\n<meta property=\"og:url\" content=\"https:\/\/www.eldiario.net\/portal\/2024\/01\/21\/concejo-de-potosi-declara-emergencia-por-la-sequia\/\" \/>\n<meta property=\"og:site_name\" content=\"El Diario - Bolivia\" \/>\n<meta property=\"article:publisher\" content=\"https:\/\/www.facebook.com\/eldiario.bolivia\/\" \/>\n<meta property=\"article:published_time\" content=\"2024-01-21T10:47:56+00:00\" \/>\n<meta property=\"og:image\" content=\"https:\/\/www.eldiario.net\/portal\/wp-content\/uploads\/2024\/01\/21-SEQUIA-POTOSI.jpg\" \/>\n\t<meta property=\"og:image:width\" content=\"1583\" \/>\n\t<meta property=\"og:image:height\" content=\"1083\" \/>\n\t<meta property=\"og:image:type\" content=\"image\/jpeg\" \/>\n<meta name=\"author\" content=\"Jeanette\" \/>\n<meta name=\"twitter:card\" content=\"summary_large_image\" \/>\n<meta name=\"twitter:creator\" content=\"@eldiario_net\" \/>\n<meta name=\"twitter:site\" content=\"@eldiario_net\" \/>\n<meta name=\"twitter:label1\" content=\"Escrito por\" \/>\n\t<meta name=\"twitter:data1\" content=\"Jeanette\" \/>\n\t<meta name=\"twitter:label2\" content=\"Tiempo de lectura\" \/>\n\t<meta name=\"twitter:data2\" content=\"2 minutos\" \/>\n<script type=\"application\/ld+json\" class=\"yoast-schema-graph\">{\"@context\":\"https:\\\/\\\/schema.org\",\"@graph\":[{\"@type\":\"Article\",\"@id\":\"https:\\\/\\\/www.eldiario.net\\\/portal\\\/2024\\\/01\\\/21\\\/concejo-de-potosi-declara-emergencia-por-la-sequia\\\/#article\",\"isPartOf\":{\"@id\":\"https:\\\/\\\/www.eldiario.net\\\/portal\\\/2024\\\/01\\\/21\\\/concejo-de-potosi-declara-emergencia-por-la-sequia\\\/\"},\"author\":{\"name\":\"Jeanette\",\"@id\":\"https:\\\/\\\/www.eldiario.net\\\/portal\\\/#\\\/schema\\\/person\\\/f46445640444750d7d753ccd04ae01b7\"},\"headline\":\"Concejo de Potos\u00ed declara emergencia por la sequ\u00eda\",\"datePublished\":\"2024-01-21T10:47:56+00:00\",\"mainEntityOfPage\":{\"@id\":\"https:\\\/\\\/www.eldiario.net\\\/portal\\\/2024\\\/01\\\/21\\\/concejo-de-potosi-declara-emergencia-por-la-sequia\\\/\"},\"wordCount\":356,\"commentCount\":0,\"publisher\":{\"@id\":\"https:\\\/\\\/www.eldiario.net\\\/portal\\\/#organization\"},\"image\":{\"@id\":\"https:\\\/\\\/www.eldiario.net\\\/portal\\\/2024\\\/01\\\/21\\\/concejo-de-potosi-declara-emergencia-por-la-sequia\\\/#primaryimage\"},\"thumbnailUrl\":\"https:\\\/\\\/www.eldiario.net\\\/portal\\\/wp-content\\\/uploads\\\/2024\\\/01\\\/21-SEQUIA-POTOSI.jpg\",\"articleSection\":[\"Nacional\"],\"inLanguage\":\"es\",\"potentialAction\":[{\"@type\":\"CommentAction\",\"name\":\"Comment\",\"target\":[\"https:\\\/\\\/www.eldiario.net\\\/portal\\\/2024\\\/01\\\/21\\\/concejo-de-potosi-declara-emergencia-por-la-sequia\\\/#respond\"]}]},{\"@type\":\"WebPage\",\"@id\":\"https:\\\/\\\/www.eldiario.net\\\/portal\\\/2024\\\/01\\\/21\\\/concejo-de-potosi-declara-emergencia-por-la-sequia\\\/\",\"url\":\"https:\\\/\\\/www.eldiario.net\\\/portal\\\/2024\\\/01\\\/21\\\/concejo-de-potosi-declara-emergencia-por-la-sequia\\\/\",\"name\":\"Concejo de Potos\u00ed declara emergencia por la sequ\u00eda - El Diario - Bolivia\",\"isPartOf\":{\"@id\":\"https:\\\/\\\/www.eldiario.net\\\/portal\\\/#website\"},\"primaryImageOfPage\":{\"@id\":\"https:\\\/\\\/www.eldiario.net\\\/portal\\\/2024\\\/01\\\/21\\\/concejo-de-potosi-declara-emergencia-por-la-sequia\\\/#primaryimage\"},\"image\":{\"@id\":\"https:\\\/\\\/www.eldiario.net\\\/portal\\\/2024\\\/01\\\/21\\\/concejo-de-potosi-declara-emergencia-por-la-sequia\\\/#primaryimage\"},\"thumbnailUrl\":\"https:\\\/\\\/www.eldiario.net\\\/portal\\\/wp-content\\\/uploads\\\/2024\\\/01\\\/21-SEQUIA-POTOSI.jpg\",\"datePublished\":\"2024-01-21T10:47:56+00:00\",\"breadcrumb\":{\"@id\":\"https:\\\/\\\/www.eldiario.net\\\/portal\\\/2024\\\/01\\\/21\\\/concejo-de-potosi-declara-emergencia-por-la-sequia\\\/#breadcrumb\"},\"inLanguage\":\"es\",\"potentialAction\":[{\"@type\":\"ReadAction\",\"target\":[\"https:\\\/\\\/www.eldiario.net\\\/portal\\\/2024\\\/01\\\/21\\\/concejo-de-potosi-declara-emergencia-por-la-sequia\\\/\"]}]},{\"@type\":\"ImageObject\",\"inLanguage\":\"es\",\"@id\":\"https:\\\/\\\/www.eldiario.net\\\/portal\\\/2024\\\/01\\\/21\\\/concejo-de-potosi-declara-emergencia-por-la-sequia\\\/#primaryimage\",\"url\":\"https:\\\/\\\/www.eldiario.net\\\/portal\\\/wp-content\\\/uploads\\\/2024\\\/01\\\/21-SEQUIA-POTOSI.jpg\",\"contentUrl\":\"https:\\\/\\\/www.eldiario.net\\\/portal\\\/wp-content\\\/uploads\\\/2024\\\/01\\\/21-SEQUIA-POTOSI.jpg\",\"width\":1583,\"height\":1083,\"caption\":\"El agua es escasa y las familias se abastecen de los carros cisternas.\"},{\"@type\":\"BreadcrumbList\",\"@id\":\"https:\\\/\\\/www.eldiario.net\\\/portal\\\/2024\\\/01\\\/21\\\/concejo-de-potosi-declara-emergencia-por-la-sequia\\\/#breadcrumb\",\"itemListElement\":[{\"@type\":\"ListItem\",\"position\":1,\"name\":\"Portada\",\"item\":\"https:\\\/\\\/www.eldiario.net\\\/portal\\\/\"},{\"@type\":\"ListItem\",\"position\":2,\"name\":\"Concejo de Potos\u00ed declara emergencia por la sequ\u00eda\"}]},{\"@type\":\"WebSite\",\"@id\":\"https:\\\/\\\/www.eldiario.net\\\/portal\\\/#website\",\"url\":\"https:\\\/\\\/www.eldiario.net\\\/portal\\\/\",\"name\":\"El Diario - Decano de la prensa nacional\",\"description\":\"El Diario - Decano de la prensa nacional\",\"publisher\":{\"@id\":\"https:\\\/\\\/www.eldiario.net\\\/portal\\\/#organization\"},\"potentialAction\":[{\"@type\":\"SearchAction\",\"target\":{\"@type\":\"EntryPoint\",\"urlTemplate\":\"https:\\\/\\\/www.eldiario.net\\\/portal\\\/?s={search_term_string}\"},\"query-input\":{\"@type\":\"PropertyValueSpecification\",\"valueRequired\":true,\"valueName\":\"search_term_string\"}}],\"inLanguage\":\"es\"},{\"@type\":\"Organization\",\"@id\":\"https:\\\/\\\/www.eldiario.net\\\/portal\\\/#organization\",\"name\":\"El Diario - Decano de la prensa nacional\",\"url\":\"https:\\\/\\\/www.eldiario.net\\\/portal\\\/\",\"logo\":{\"@type\":\"ImageObject\",\"inLanguage\":\"es\",\"@id\":\"https:\\\/\\\/www.eldiario.net\\\/portal\\\/#\\\/schema\\\/logo\\\/image\\\/\",\"url\":\"https:\\\/\\\/www.eldiario.net\\\/portal\\\/wp-content\\\/uploads\\\/2023\\\/07\\\/logo_ED.jpg\",\"contentUrl\":\"https:\\\/\\\/www.eldiario.net\\\/portal\\\/wp-content\\\/uploads\\\/2023\\\/07\\\/logo_ED.jpg\",\"width\":272,\"height\":52,\"caption\":\"El Diario - Decano de la prensa nacional\"},\"image\":{\"@id\":\"https:\\\/\\\/www.eldiario.net\\\/portal\\\/#\\\/schema\\\/logo\\\/image\\\/\"},\"sameAs\":[\"https:\\\/\\\/www.facebook.com\\\/eldiario.bolivia\\\/\",\"https:\\\/\\\/x.com\\\/eldiario_net\"]},{\"@type\":\"Person\",\"@id\":\"https:\\\/\\\/www.eldiario.net\\\/portal\\\/#\\\/schema\\\/person\\\/f46445640444750d7d753ccd04ae01b7\",\"name\":\"Jeanette\",\"image\":{\"@type\":\"ImageObject\",\"inLanguage\":\"es\",\"@id\":\"https:\\\/\\\/secure.gravatar.com\\\/avatar\\\/3ea2118a5f7dad2b7138b1187a6b7ee55f160b9968b66013c3a3ef39dd7e5798?s=96&d=mm&r=g\",\"url\":\"https:\\\/\\\/secure.gravatar.com\\\/avatar\\\/3ea2118a5f7dad2b7138b1187a6b7ee55f160b9968b66013c3a3ef39dd7e5798?s=96&d=mm&r=g\",\"contentUrl\":\"https:\\\/\\\/secure.gravatar.com\\\/avatar\\\/3ea2118a5f7dad2b7138b1187a6b7ee55f160b9968b66013c3a3ef39dd7e5798?s=96&d=mm&r=g\",\"caption\":\"Jeanette\"},\"sameAs\":[\"https:\\\/\\\/www.eldiario.net\\\/portal\"],\"url\":\"https:\\\/\\\/www.eldiario.net\\\/portal\\\/author\\\/jeanette\\\/\"}]}<\/script>\n<!-- \/ Yoast SEO plugin. -->","yoast_head_json":{"title":"Concejo de Potos\u00ed declara emergencia por la sequ\u00eda - El Diario - Bolivia","robots":{"index":"index","follow":"follow","max-snippet":"max-snippet:-1","max-image-preview":"max-image-preview:large","max-video-preview":"max-video-preview:-1"},"canonical":"https:\/\/www.eldiario.net\/portal\/2024\/01\/21\/concejo-de-potosi-declara-emergencia-por-la-sequia\/","og_locale":"es_ES","og_type":"article","og_title":"Concejo de Potos\u00ed declara emergencia por la sequ\u00eda - El Diario - Bolivia","og_description":"El Concejo Municipal de Potos\u00ed aprob\u00f3 una ley que declara zona de emergencia a la ciudad, tomando en cuenta la sequ\u00eda que se atraviesa y que pone en riesgo el abastecimiento de agua potable, report\u00f3 radio L\u00edder en esa capital. El presidente del Concejo, Jhonny Churata, indic\u00f3 que con esta norma se facilitar\u00e1 la disposici\u00f3n [&hellip;]","og_url":"https:\/\/www.eldiario.net\/portal\/2024\/01\/21\/concejo-de-potosi-declara-emergencia-por-la-sequia\/","og_site_name":"El Diario - Bolivia","article_publisher":"https:\/\/www.facebook.com\/eldiario.bolivia\/","article_published_time":"2024-01-21T10:47:56+00:00","og_image":[{"width":1583,"height":1083,"url":"https:\/\/www.eldiario.net\/portal\/wp-content\/uploads\/2024\/01\/21-SEQUIA-POTOSI.jpg","type":"image\/jpeg"}],"author":"Jeanette","twitter_card":"summary_large_image","twitter_creator":"@eldiario_net","twitter_site":"@eldiario_net","twitter_misc":{"Escrito por":"Jeanette","Tiempo de lectura":"2 minutos"},"schema":{"@context":"https:\/\/schema.org","@graph":[{"@type":"Article","@id":"https:\/\/www.eldiario.net\/portal\/2024\/01\/21\/concejo-de-potosi-declara-emergencia-por-la-sequia\/#article","isPartOf":{"@id":"https:\/\/www.eldiario.net\/portal\/2024\/01\/21\/concejo-de-potosi-declara-emergencia-por-la-sequia\/"},"author":{"name":"Jeanette","@id":"https:\/\/www.eldiario.net\/portal\/#\/schema\/person\/f46445640444750d7d753ccd04ae01b7"},"headline":"Concejo de Potos\u00ed declara emergencia por la sequ\u00eda","datePublished":"2024-01-21T10:47:56+00:00","mainEntityOfPage":{"@id":"https:\/\/www.eldiario.net\/portal\/2024\/01\/21\/concejo-de-potosi-declara-emergencia-por-la-sequia\/"},"wordCount":356,"commentCount":0,"publisher":{"@id":"https:\/\/www.eldiario.net\/portal\/#organization"},"image":{"@id":"https:\/\/www.eldiario.net\/portal\/2024\/01\/21\/concejo-de-potosi-declara-emergencia-por-la-sequia\/#primaryimage"},"thumbnailUrl":"https:\/\/www.eldiario.net\/portal\/wp-content\/uploads\/2024\/01\/21-SEQUIA-POTOSI.jpg","articleSection":["Nacional"],"inLanguage":"es","potentialAction":[{"@type":"CommentAction","name":"Comment","target":["https:\/\/www.eldiario.net\/portal\/2024\/01\/21\/concejo-de-potosi-declara-emergencia-por-la-sequia\/#respond"]}]},{"@type":"WebPage","@id":"https:\/\/www.eldiario.net\/portal\/2024\/01\/21\/concejo-de-potosi-declara-emergencia-por-la-sequia\/","url":"https:\/\/www.eldiario.net\/portal\/2024\/01\/21\/concejo-de-potosi-declara-emergencia-por-la-sequia\/","name":"Concejo de Potos\u00ed declara emergencia por la sequ\u00eda - El Diario - Bolivia","isPartOf":{"@id":"https:\/\/www.eldiario.net\/portal\/#website"},"primaryImageOfPage":{"@id":"https:\/\/www.eldiario.net\/portal\/2024\/01\/21\/concejo-de-potosi-declara-emergencia-por-la-sequia\/#primaryimage"},"image":{"@id":"https:\/\/www.eldiario.net\/portal\/2024\/01\/21\/concejo-de-potosi-declara-emergencia-por-la-sequia\/#primaryimage"},"thumbnailUrl":"https:\/\/www.eldiario.net\/portal\/wp-content\/uploads\/2024\/01\/21-SEQUIA-POTOSI.jpg","datePublished":"2024-01-21T10:47:56+00:00","breadcrumb":{"@id":"https:\/\/www.eldiario.net\/portal\/2024\/01\/21\/concejo-de-potosi-declara-emergencia-por-la-sequia\/#breadcrumb"},"inLanguage":"es","potentialAction":[{"@type":"ReadAction","target":["https:\/\/www.eldiario.net\/portal\/2024\/01\/21\/concejo-de-potosi-declara-emergencia-por-la-sequia\/"]}]},{"@type":"ImageObject","inLanguage":"es","@id":"https:\/\/www.eldiario.net\/portal\/2024\/01\/21\/concejo-de-potosi-declara-emergencia-por-la-sequia\/#primaryimage","url":"https:\/\/www.eldiario.net\/portal\/wp-content\/uploads\/2024\/01\/21-SEQUIA-POTOSI.jpg","contentUrl":"https:\/\/www.eldiario.net\/portal\/wp-content\/uploads\/2024\/01\/21-SEQUIA-POTOSI.jpg","width":1583,"height":1083,"caption":"El agua es escasa y las familias se abastecen de los carros cisternas."},{"@type":"BreadcrumbList","@id":"https:\/\/www.eldiario.net\/portal\/2024\/01\/21\/concejo-de-potosi-declara-emergencia-por-la-sequia\/#breadcrumb","itemListElement":[{"@type":"ListItem","position":1,"name":"Portada","item":"https:\/\/www.eldiario.net\/portal\/"},{"@type":"ListItem","position":2,"name":"Concejo de Potos\u00ed declara emergencia por la sequ\u00eda"}]},{"@type":"WebSite","@id":"https:\/\/www.eldiario.net\/portal\/#website","url":"https:\/\/www.eldiario.net\/portal\/","name":"El Diario - Decano de la prensa nacional","description":"El Diario - Decano de la prensa nacional","publisher":{"@id":"https:\/\/www.eldiario.net\/portal\/#organization"},"potentialAction":[{"@type":"SearchAction","target":{"@type":"EntryPoint","urlTemplate":"https:\/\/www.eldiario.net\/portal\/?s={search_term_string}"},"query-input":{"@type":"PropertyValueSpecification","valueRequired":true,"valueName":"search_term_string"}}],"inLanguage":"es"},{"@type":"Organization","@id":"https:\/\/www.eldiario.net\/portal\/#organization","name":"El Diario - Decano de la prensa nacional","url":"https:\/\/www.eldiario.net\/portal\/","logo":{"@type":"ImageObject","inLanguage":"es","@id":"https:\/\/www.eldiario.net\/portal\/#\/schema\/logo\/image\/","url":"https:\/\/www.eldiario.net\/portal\/wp-content\/uploads\/2023\/07\/logo_ED.jpg","contentUrl":"https:\/\/www.eldiario.net\/portal\/wp-content\/uploads\/2023\/07\/logo_ED.jpg","width":272,"height":52,"caption":"El Diario - Decano de la prensa nacional"},"image":{"@id":"https:\/\/www.eldiario.net\/portal\/#\/schema\/logo\/image\/"},"sameAs":["https:\/\/www.facebook.com\/eldiario.bolivia\/","https:\/\/x.com\/eldiario_net"]},{"@type":"Person","@id":"https:\/\/www.eldiario.net\/portal\/#\/schema\/person\/f46445640444750d7d753ccd04ae01b7","name":"Jeanette","image":{"@type":"ImageObject","inLanguage":"es","@id":"https:\/\/secure.gravatar.com\/avatar\/3ea2118a5f7dad2b7138b1187a6b7ee55f160b9968b66013c3a3ef39dd7e5798?s=96&d=mm&r=g","url":"https:\/\/secure.gravatar.com\/avatar\/3ea2118a5f7dad2b7138b1187a6b7ee55f160b9968b66013c3a3ef39dd7e5798?s=96&d=mm&r=g","contentUrl":"https:\/\/secure.gravatar.com\/avatar\/3ea2118a5f7dad2b7138b1187a6b7ee55f160b9968b66013c3a3ef39dd7e5798?s=96&d=mm&r=g","caption":"Jeanette"},"sameAs":["https:\/\/www.eldiario.net\/portal"],"url":"https:\/\/www.eldiario.net\/portal\/author\/jeanette\/"}]}},"_links":{"self":[{"href":"https:\/\/www.eldiario.net\/portal\/wp-json\/wp\/v2\/posts\/198693","targetHints":{"allow":["GET"]}}],"collection":[{"href":"https:\/\/www.eldiario.net\/portal\/wp-json\/wp\/v2\/posts"}],"about":[{"href":"https:\/\/www.eldiario.net\/portal\/wp-json\/wp\/v2\/types\/post"}],"author":[{"embeddable":true,"href":"https:\/\/www.eldiario.net\/portal\/wp-json\/wp\/v2\/users\/1"}],"replies":[{"embeddable":true,"href":"https:\/\/www.eldiario.net\/portal\/wp-json\/wp\/v2\/comments?post=198693"}],"version-history":[{"count":1,"href":"https:\/\/www.eldiario.net\/portal\/wp-json\/wp\/v2\/posts\/198693\/revisions"}],"predecessor-version":[{"id":198695,"href":"https:\/\/www.eldiario.net\/portal\/wp-json\/wp\/v2\/posts\/198693\/revisions\/198695"}],"wp:featuredmedia":[{"embeddable":true,"href":"https:\/\/www.eldiario.net\/portal\/wp-json\/wp\/v2\/media\/198694"}],"wp:attachment":[{"href":"https:\/\/www.eldiario.net\/portal\/wp-json\/wp\/v2\/media?parent=198693"}],"wp:term":[{"taxonomy":"category","embeddable":true,"href":"https:\/\/www.eldiario.net\/portal\/wp-json\/wp\/v2\/categories?post=198693"},{"taxonomy":"post_tag","embeddable":true,"href":"https:\/\/www.eldiario.net\/portal\/wp-json\/wp\/v2\/tags?post=198693"}],"curies":[{"name":"wp","href":"https:\/\/api.w.org\/{rel}","templated":true}]}}