{"id":198689,"date":"2024-01-21T06:43:49","date_gmt":"2024-01-21T10:43:49","guid":{"rendered":"https:\/\/www.eldiario.net\/portal\/?p=198689"},"modified":"2024-01-21T06:46:40","modified_gmt":"2024-01-21T10:46:40","slug":"rio-bermejo-arrastra-a-una-persona-y-suman-tres-victimas","status":"publish","type":"post","link":"https:\/\/www.eldiario.net\/portal\/2024\/01\/21\/rio-bermejo-arrastra-a-una-persona-y-suman-tres-victimas\/","title":{"rendered":"R\u00edo Bermejo arrastra a una  persona y suman tres v\u00edctimas"},"content":{"rendered":"<p>En\u00a0la comunidad de Naranjitos de la ciudad fronteriza de Bermejo, se report\u00f3 la desaparici\u00f3n de Pablo Cala, un hombre de 64 a\u00f1os de edad, quien presuntamente fue arrastrado por las aguas del r\u00edo Bermejo. El incidente ocurri\u00f3 entre las once y doce del jueves pasado, cuando comenz\u00f3 su b\u00fasqueda sin resultados favorables hasta la fecha.<br \/>\nLa familia presume que Cala fue arrastrado por el caudal mientras cruzaba el r\u00edo y ante el llamado de emergencia, se activ\u00f3 el operativo de B\u00fasqueda y Rescate, coordinado por la central CADI de la Comunidad Naranjitos.<br \/>\nHasta el momento, las autoridades y equipos de rescate han estado trabajando arduamente para localizar a la persona desaparecida. El operativo se mantendr\u00e1 activo durante el fin de semana.<br \/>\nLas autoridades han mantenido hermetismo respecto a los detalles preliminares de la b\u00fasqueda, pero se espera que en las pr\u00f3ximas horas se brinde informaci\u00f3n adicional sobre las circunstancias que rodearon este lamentable suceso.<br \/>\nLa situaci\u00f3n se agrava con el reciente aumento del caudal del r\u00edo en la \u00faltima semana, generando una corriente intensa que ha cobrado la vida de tres personas. El pasado domingo, un menor de 12 a\u00f1os perdi\u00f3 la vida ahogado mientras disfrutaba con su familia en el r\u00edo, debido a las altas temperaturas; y el viernes, un joven identificado como \u00c1ngel David Vel\u00e1zquez, proveniente de Or\u00e1n, Argentina, fue encontrado sin vida en la orilla del lado boliviano, en un \u00e1rea de malezas y enramadas, a la altura de la Finca Lorenzo.<br \/>\nLas autoridades locales piden a la poblaci\u00f3n extremar precauciones al interactuar con cuerpos de agua, especialmente en momentos de crecida de los r\u00edos. (Tarija, agencias)<\/p>\n","protected":false},"excerpt":{"rendered":"<p>En\u00a0la comunidad de Naranjitos de la ciudad fronteriza de Bermejo, se report\u00f3 la desaparici\u00f3n de Pablo Cala, un hombre de 64 a\u00f1os de edad, quien presuntamente fue arrastrado por las aguas del r\u00edo Bermejo. El incidente ocurri\u00f3 entre las once y doce del jueves pasado, cuando comenz\u00f3 su b\u00fasqueda sin resultados favorables hasta la fecha. [&hellip;]<\/p>\n","protected":false},"author":1,"featured_media":194726,"comment_status":"open","ping_status":"open","sticky":false,"template":"","format":"standard","meta":{"_acf_changed":false,"footnotes":""},"categories":[12],"tags":[],"class_list":["post-198689","post","type-post","status-publish","format-standard","has-post-thumbnail","category-nacional"],"acf":{"antetitulo":"Tarija"},"yoast_head":"<!-- This site is optimized with the Yoast SEO plugin v28.4 - https:\/\/yoast.com\/product\/yoast-seo-wordpress\/ -->\n<title>R\u00edo Bermejo arrastra a una persona y suman tres v\u00edctimas - El Diario - Bolivia<\/title>\n<meta name=\"robots\" content=\"index, follow, max-snippet:-1, max-image-preview:large, max-video-preview:-1\" \/>\n<link rel=\"canonical\" href=\"https:\/\/www.eldiario.net\/portal\/2024\/01\/21\/rio-bermejo-arrastra-a-una-persona-y-suman-tres-victimas\/\" \/>\n<meta property=\"og:locale\" content=\"es_ES\" \/>\n<meta property=\"og:type\" content=\"article\" \/>\n<meta property=\"og:title\" content=\"R\u00edo Bermejo arrastra a una persona y suman tres v\u00edctimas - El Diario - Bolivia\" \/>\n<meta property=\"og:description\" content=\"En\u00a0la comunidad de Naranjitos de la ciudad fronteriza de Bermejo, se report\u00f3 la desaparici\u00f3n de Pablo Cala, un hombre de 64 a\u00f1os de edad, quien presuntamente fue arrastrado por las aguas del r\u00edo Bermejo. El incidente ocurri\u00f3 entre las once y doce del jueves pasado, cuando comenz\u00f3 su b\u00fasqueda sin resultados favorables hasta la fecha. [&hellip;]\" \/>\n<meta property=\"og:url\" content=\"https:\/\/www.eldiario.net\/portal\/2024\/01\/21\/rio-bermejo-arrastra-a-una-persona-y-suman-tres-victimas\/\" \/>\n<meta property=\"og:site_name\" content=\"El Diario - Bolivia\" \/>\n<meta property=\"article:publisher\" content=\"https:\/\/www.facebook.com\/eldiario.bolivia\/\" \/>\n<meta property=\"article:published_time\" content=\"2024-01-21T10:43:49+00:00\" \/>\n<meta property=\"article:modified_time\" content=\"2024-01-21T10:46:40+00:00\" \/>\n<meta property=\"og:image\" content=\"https:\/\/www.eldiario.net\/portal\/wp-content\/uploads\/2023\/12\/Nacional.jpg\" \/>\n\t<meta property=\"og:image:width\" content=\"800\" \/>\n\t<meta property=\"og:image:height\" content=\"500\" \/>\n\t<meta property=\"og:image:type\" content=\"image\/jpeg\" \/>\n<meta name=\"author\" content=\"Jeanette\" \/>\n<meta name=\"twitter:card\" content=\"summary_large_image\" \/>\n<meta name=\"twitter:creator\" content=\"@eldiario_net\" \/>\n<meta name=\"twitter:site\" content=\"@eldiario_net\" \/>\n<meta name=\"twitter:label1\" content=\"Escrito por\" \/>\n\t<meta name=\"twitter:data1\" content=\"Jeanette\" \/>\n\t<meta name=\"twitter:label2\" content=\"Tiempo de lectura\" \/>\n\t<meta name=\"twitter:data2\" content=\"2 minutos\" \/>\n<script type=\"application\/ld+json\" class=\"yoast-schema-graph\">{\"@context\":\"https:\\\/\\\/schema.org\",\"@graph\":[{\"@type\":\"Article\",\"@id\":\"https:\\\/\\\/www.eldiario.net\\\/portal\\\/2024\\\/01\\\/21\\\/rio-bermejo-arrastra-a-una-persona-y-suman-tres-victimas\\\/#article\",\"isPartOf\":{\"@id\":\"https:\\\/\\\/www.eldiario.net\\\/portal\\\/2024\\\/01\\\/21\\\/rio-bermejo-arrastra-a-una-persona-y-suman-tres-victimas\\\/\"},\"author\":{\"name\":\"Jeanette\",\"@id\":\"https:\\\/\\\/www.eldiario.net\\\/portal\\\/#\\\/schema\\\/person\\\/f46445640444750d7d753ccd04ae01b7\"},\"headline\":\"R\u00edo Bermejo arrastra a una persona y suman tres v\u00edctimas\",\"datePublished\":\"2024-01-21T10:43:49+00:00\",\"dateModified\":\"2024-01-21T10:46:40+00:00\",\"mainEntityOfPage\":{\"@id\":\"https:\\\/\\\/www.eldiario.net\\\/portal\\\/2024\\\/01\\\/21\\\/rio-bermejo-arrastra-a-una-persona-y-suman-tres-victimas\\\/\"},\"wordCount\":298,\"commentCount\":0,\"publisher\":{\"@id\":\"https:\\\/\\\/www.eldiario.net\\\/portal\\\/#organization\"},\"image\":{\"@id\":\"https:\\\/\\\/www.eldiario.net\\\/portal\\\/2024\\\/01\\\/21\\\/rio-bermejo-arrastra-a-una-persona-y-suman-tres-victimas\\\/#primaryimage\"},\"thumbnailUrl\":\"https:\\\/\\\/www.eldiario.net\\\/portal\\\/wp-content\\\/uploads\\\/2023\\\/12\\\/Nacional.jpg\",\"articleSection\":[\"Nacional\"],\"inLanguage\":\"es\",\"potentialAction\":[{\"@type\":\"CommentAction\",\"name\":\"Comment\",\"target\":[\"https:\\\/\\\/www.eldiario.net\\\/portal\\\/2024\\\/01\\\/21\\\/rio-bermejo-arrastra-a-una-persona-y-suman-tres-victimas\\\/#respond\"]}]},{\"@type\":\"WebPage\",\"@id\":\"https:\\\/\\\/www.eldiario.net\\\/portal\\\/2024\\\/01\\\/21\\\/rio-bermejo-arrastra-a-una-persona-y-suman-tres-victimas\\\/\",\"url\":\"https:\\\/\\\/www.eldiario.net\\\/portal\\\/2024\\\/01\\\/21\\\/rio-bermejo-arrastra-a-una-persona-y-suman-tres-victimas\\\/\",\"name\":\"R\u00edo Bermejo arrastra a una persona y suman tres v\u00edctimas - El Diario - Bolivia\",\"isPartOf\":{\"@id\":\"https:\\\/\\\/www.eldiario.net\\\/portal\\\/#website\"},\"primaryImageOfPage\":{\"@id\":\"https:\\\/\\\/www.eldiario.net\\\/portal\\\/2024\\\/01\\\/21\\\/rio-bermejo-arrastra-a-una-persona-y-suman-tres-victimas\\\/#primaryimage\"},\"image\":{\"@id\":\"https:\\\/\\\/www.eldiario.net\\\/portal\\\/2024\\\/01\\\/21\\\/rio-bermejo-arrastra-a-una-persona-y-suman-tres-victimas\\\/#primaryimage\"},\"thumbnailUrl\":\"https:\\\/\\\/www.eldiario.net\\\/portal\\\/wp-content\\\/uploads\\\/2023\\\/12\\\/Nacional.jpg\",\"datePublished\":\"2024-01-21T10:43:49+00:00\",\"dateModified\":\"2024-01-21T10:46:40+00:00\",\"breadcrumb\":{\"@id\":\"https:\\\/\\\/www.eldiario.net\\\/portal\\\/2024\\\/01\\\/21\\\/rio-bermejo-arrastra-a-una-persona-y-suman-tres-victimas\\\/#breadcrumb\"},\"inLanguage\":\"es\",\"potentialAction\":[{\"@type\":\"ReadAction\",\"target\":[\"https:\\\/\\\/www.eldiario.net\\\/portal\\\/2024\\\/01\\\/21\\\/rio-bermejo-arrastra-a-una-persona-y-suman-tres-victimas\\\/\"]}]},{\"@type\":\"ImageObject\",\"inLanguage\":\"es\",\"@id\":\"https:\\\/\\\/www.eldiario.net\\\/portal\\\/2024\\\/01\\\/21\\\/rio-bermejo-arrastra-a-una-persona-y-suman-tres-victimas\\\/#primaryimage\",\"url\":\"https:\\\/\\\/www.eldiario.net\\\/portal\\\/wp-content\\\/uploads\\\/2023\\\/12\\\/Nacional.jpg\",\"contentUrl\":\"https:\\\/\\\/www.eldiario.net\\\/portal\\\/wp-content\\\/uploads\\\/2023\\\/12\\\/Nacional.jpg\",\"width\":800,\"height\":500},{\"@type\":\"BreadcrumbList\",\"@id\":\"https:\\\/\\\/www.eldiario.net\\\/portal\\\/2024\\\/01\\\/21\\\/rio-bermejo-arrastra-a-una-persona-y-suman-tres-victimas\\\/#breadcrumb\",\"itemListElement\":[{\"@type\":\"ListItem\",\"position\":1,\"name\":\"Portada\",\"item\":\"https:\\\/\\\/www.eldiario.net\\\/portal\\\/\"},{\"@type\":\"ListItem\",\"position\":2,\"name\":\"R\u00edo Bermejo arrastra a una persona y suman tres v\u00edctimas\"}]},{\"@type\":\"WebSite\",\"@id\":\"https:\\\/\\\/www.eldiario.net\\\/portal\\\/#website\",\"url\":\"https:\\\/\\\/www.eldiario.net\\\/portal\\\/\",\"name\":\"El Diario - Decano de la prensa nacional\",\"description\":\"El Diario - Decano de la prensa nacional\",\"publisher\":{\"@id\":\"https:\\\/\\\/www.eldiario.net\\\/portal\\\/#organization\"},\"potentialAction\":[{\"@type\":\"SearchAction\",\"target\":{\"@type\":\"EntryPoint\",\"urlTemplate\":\"https:\\\/\\\/www.eldiario.net\\\/portal\\\/?s={search_term_string}\"},\"query-input\":{\"@type\":\"PropertyValueSpecification\",\"valueRequired\":true,\"valueName\":\"search_term_string\"}}],\"inLanguage\":\"es\"},{\"@type\":\"Organization\",\"@id\":\"https:\\\/\\\/www.eldiario.net\\\/portal\\\/#organization\",\"name\":\"El Diario - Decano de la prensa nacional\",\"url\":\"https:\\\/\\\/www.eldiario.net\\\/portal\\\/\",\"logo\":{\"@type\":\"ImageObject\",\"inLanguage\":\"es\",\"@id\":\"https:\\\/\\\/www.eldiario.net\\\/portal\\\/#\\\/schema\\\/logo\\\/image\\\/\",\"url\":\"https:\\\/\\\/www.eldiario.net\\\/portal\\\/wp-content\\\/uploads\\\/2023\\\/07\\\/logo_ED.jpg\",\"contentUrl\":\"https:\\\/\\\/www.eldiario.net\\\/portal\\\/wp-content\\\/uploads\\\/2023\\\/07\\\/logo_ED.jpg\",\"width\":272,\"height\":52,\"caption\":\"El Diario - Decano de la prensa nacional\"},\"image\":{\"@id\":\"https:\\\/\\\/www.eldiario.net\\\/portal\\\/#\\\/schema\\\/logo\\\/image\\\/\"},\"sameAs\":[\"https:\\\/\\\/www.facebook.com\\\/eldiario.bolivia\\\/\",\"https:\\\/\\\/x.com\\\/eldiario_net\"]},{\"@type\":\"Person\",\"@id\":\"https:\\\/\\\/www.eldiario.net\\\/portal\\\/#\\\/schema\\\/person\\\/f46445640444750d7d753ccd04ae01b7\",\"name\":\"Jeanette\",\"image\":{\"@type\":\"ImageObject\",\"inLanguage\":\"es\",\"@id\":\"https:\\\/\\\/secure.gravatar.com\\\/avatar\\\/3ea2118a5f7dad2b7138b1187a6b7ee55f160b9968b66013c3a3ef39dd7e5798?s=96&d=mm&r=g\",\"url\":\"https:\\\/\\\/secure.gravatar.com\\\/avatar\\\/3ea2118a5f7dad2b7138b1187a6b7ee55f160b9968b66013c3a3ef39dd7e5798?s=96&d=mm&r=g\",\"contentUrl\":\"https:\\\/\\\/secure.gravatar.com\\\/avatar\\\/3ea2118a5f7dad2b7138b1187a6b7ee55f160b9968b66013c3a3ef39dd7e5798?s=96&d=mm&r=g\",\"caption\":\"Jeanette\"},\"sameAs\":[\"https:\\\/\\\/www.eldiario.net\\\/portal\"],\"url\":\"https:\\\/\\\/www.eldiario.net\\\/portal\\\/author\\\/jeanette\\\/\"}]}<\/script>\n<!-- \/ Yoast SEO plugin. -->","yoast_head_json":{"title":"R\u00edo Bermejo arrastra a una persona y suman tres v\u00edctimas - El Diario - Bolivia","robots":{"index":"index","follow":"follow","max-snippet":"max-snippet:-1","max-image-preview":"max-image-preview:large","max-video-preview":"max-video-preview:-1"},"canonical":"https:\/\/www.eldiario.net\/portal\/2024\/01\/21\/rio-bermejo-arrastra-a-una-persona-y-suman-tres-victimas\/","og_locale":"es_ES","og_type":"article","og_title":"R\u00edo Bermejo arrastra a una persona y suman tres v\u00edctimas - El Diario - Bolivia","og_description":"En\u00a0la comunidad de Naranjitos de la ciudad fronteriza de Bermejo, se report\u00f3 la desaparici\u00f3n de Pablo Cala, un hombre de 64 a\u00f1os de edad, quien presuntamente fue arrastrado por las aguas del r\u00edo Bermejo. El incidente ocurri\u00f3 entre las once y doce del jueves pasado, cuando comenz\u00f3 su b\u00fasqueda sin resultados favorables hasta la fecha. [&hellip;]","og_url":"https:\/\/www.eldiario.net\/portal\/2024\/01\/21\/rio-bermejo-arrastra-a-una-persona-y-suman-tres-victimas\/","og_site_name":"El Diario - Bolivia","article_publisher":"https:\/\/www.facebook.com\/eldiario.bolivia\/","article_published_time":"2024-01-21T10:43:49+00:00","article_modified_time":"2024-01-21T10:46:40+00:00","og_image":[{"width":800,"height":500,"url":"https:\/\/www.eldiario.net\/portal\/wp-content\/uploads\/2023\/12\/Nacional.jpg","type":"image\/jpeg"}],"author":"Jeanette","twitter_card":"summary_large_image","twitter_creator":"@eldiario_net","twitter_site":"@eldiario_net","twitter_misc":{"Escrito por":"Jeanette","Tiempo de lectura":"2 minutos"},"schema":{"@context":"https:\/\/schema.org","@graph":[{"@type":"Article","@id":"https:\/\/www.eldiario.net\/portal\/2024\/01\/21\/rio-bermejo-arrastra-a-una-persona-y-suman-tres-victimas\/#article","isPartOf":{"@id":"https:\/\/www.eldiario.net\/portal\/2024\/01\/21\/rio-bermejo-arrastra-a-una-persona-y-suman-tres-victimas\/"},"author":{"name":"Jeanette","@id":"https:\/\/www.eldiario.net\/portal\/#\/schema\/person\/f46445640444750d7d753ccd04ae01b7"},"headline":"R\u00edo Bermejo arrastra a una persona y suman tres v\u00edctimas","datePublished":"2024-01-21T10:43:49+00:00","dateModified":"2024-01-21T10:46:40+00:00","mainEntityOfPage":{"@id":"https:\/\/www.eldiario.net\/portal\/2024\/01\/21\/rio-bermejo-arrastra-a-una-persona-y-suman-tres-victimas\/"},"wordCount":298,"commentCount":0,"publisher":{"@id":"https:\/\/www.eldiario.net\/portal\/#organization"},"image":{"@id":"https:\/\/www.eldiario.net\/portal\/2024\/01\/21\/rio-bermejo-arrastra-a-una-persona-y-suman-tres-victimas\/#primaryimage"},"thumbnailUrl":"https:\/\/www.eldiario.net\/portal\/wp-content\/uploads\/2023\/12\/Nacional.jpg","articleSection":["Nacional"],"inLanguage":"es","potentialAction":[{"@type":"CommentAction","name":"Comment","target":["https:\/\/www.eldiario.net\/portal\/2024\/01\/21\/rio-bermejo-arrastra-a-una-persona-y-suman-tres-victimas\/#respond"]}]},{"@type":"WebPage","@id":"https:\/\/www.eldiario.net\/portal\/2024\/01\/21\/rio-bermejo-arrastra-a-una-persona-y-suman-tres-victimas\/","url":"https:\/\/www.eldiario.net\/portal\/2024\/01\/21\/rio-bermejo-arrastra-a-una-persona-y-suman-tres-victimas\/","name":"R\u00edo Bermejo arrastra a una persona y suman tres v\u00edctimas - El Diario - Bolivia","isPartOf":{"@id":"https:\/\/www.eldiario.net\/portal\/#website"},"primaryImageOfPage":{"@id":"https:\/\/www.eldiario.net\/portal\/2024\/01\/21\/rio-bermejo-arrastra-a-una-persona-y-suman-tres-victimas\/#primaryimage"},"image":{"@id":"https:\/\/www.eldiario.net\/portal\/2024\/01\/21\/rio-bermejo-arrastra-a-una-persona-y-suman-tres-victimas\/#primaryimage"},"thumbnailUrl":"https:\/\/www.eldiario.net\/portal\/wp-content\/uploads\/2023\/12\/Nacional.jpg","datePublished":"2024-01-21T10:43:49+00:00","dateModified":"2024-01-21T10:46:40+00:00","breadcrumb":{"@id":"https:\/\/www.eldiario.net\/portal\/2024\/01\/21\/rio-bermejo-arrastra-a-una-persona-y-suman-tres-victimas\/#breadcrumb"},"inLanguage":"es","potentialAction":[{"@type":"ReadAction","target":["https:\/\/www.eldiario.net\/portal\/2024\/01\/21\/rio-bermejo-arrastra-a-una-persona-y-suman-tres-victimas\/"]}]},{"@type":"ImageObject","inLanguage":"es","@id":"https:\/\/www.eldiario.net\/portal\/2024\/01\/21\/rio-bermejo-arrastra-a-una-persona-y-suman-tres-victimas\/#primaryimage","url":"https:\/\/www.eldiario.net\/portal\/wp-content\/uploads\/2023\/12\/Nacional.jpg","contentUrl":"https:\/\/www.eldiario.net\/portal\/wp-content\/uploads\/2023\/12\/Nacional.jpg","width":800,"height":500},{"@type":"BreadcrumbList","@id":"https:\/\/www.eldiario.net\/portal\/2024\/01\/21\/rio-bermejo-arrastra-a-una-persona-y-suman-tres-victimas\/#breadcrumb","itemListElement":[{"@type":"ListItem","position":1,"name":"Portada","item":"https:\/\/www.eldiario.net\/portal\/"},{"@type":"ListItem","position":2,"name":"R\u00edo Bermejo arrastra a una persona y suman tres v\u00edctimas"}]},{"@type":"WebSite","@id":"https:\/\/www.eldiario.net\/portal\/#website","url":"https:\/\/www.eldiario.net\/portal\/","name":"El Diario - Decano de la prensa nacional","description":"El Diario - Decano de la prensa nacional","publisher":{"@id":"https:\/\/www.eldiario.net\/portal\/#organization"},"potentialAction":[{"@type":"SearchAction","target":{"@type":"EntryPoint","urlTemplate":"https:\/\/www.eldiario.net\/portal\/?s={search_term_string}"},"query-input":{"@type":"PropertyValueSpecification","valueRequired":true,"valueName":"search_term_string"}}],"inLanguage":"es"},{"@type":"Organization","@id":"https:\/\/www.eldiario.net\/portal\/#organization","name":"El Diario - Decano de la prensa nacional","url":"https:\/\/www.eldiario.net\/portal\/","logo":{"@type":"ImageObject","inLanguage":"es","@id":"https:\/\/www.eldiario.net\/portal\/#\/schema\/logo\/image\/","url":"https:\/\/www.eldiario.net\/portal\/wp-content\/uploads\/2023\/07\/logo_ED.jpg","contentUrl":"https:\/\/www.eldiario.net\/portal\/wp-content\/uploads\/2023\/07\/logo_ED.jpg","width":272,"height":52,"caption":"El Diario - Decano de la prensa nacional"},"image":{"@id":"https:\/\/www.eldiario.net\/portal\/#\/schema\/logo\/image\/"},"sameAs":["https:\/\/www.facebook.com\/eldiario.bolivia\/","https:\/\/x.com\/eldiario_net"]},{"@type":"Person","@id":"https:\/\/www.eldiario.net\/portal\/#\/schema\/person\/f46445640444750d7d753ccd04ae01b7","name":"Jeanette","image":{"@type":"ImageObject","inLanguage":"es","@id":"https:\/\/secure.gravatar.com\/avatar\/3ea2118a5f7dad2b7138b1187a6b7ee55f160b9968b66013c3a3ef39dd7e5798?s=96&d=mm&r=g","url":"https:\/\/secure.gravatar.com\/avatar\/3ea2118a5f7dad2b7138b1187a6b7ee55f160b9968b66013c3a3ef39dd7e5798?s=96&d=mm&r=g","contentUrl":"https:\/\/secure.gravatar.com\/avatar\/3ea2118a5f7dad2b7138b1187a6b7ee55f160b9968b66013c3a3ef39dd7e5798?s=96&d=mm&r=g","caption":"Jeanette"},"sameAs":["https:\/\/www.eldiario.net\/portal"],"url":"https:\/\/www.eldiario.net\/portal\/author\/jeanette\/"}]}},"_links":{"self":[{"href":"https:\/\/www.eldiario.net\/portal\/wp-json\/wp\/v2\/posts\/198689","targetHints":{"allow":["GET"]}}],"collection":[{"href":"https:\/\/www.eldiario.net\/portal\/wp-json\/wp\/v2\/posts"}],"about":[{"href":"https:\/\/www.eldiario.net\/portal\/wp-json\/wp\/v2\/types\/post"}],"author":[{"embeddable":true,"href":"https:\/\/www.eldiario.net\/portal\/wp-json\/wp\/v2\/users\/1"}],"replies":[{"embeddable":true,"href":"https:\/\/www.eldiario.net\/portal\/wp-json\/wp\/v2\/comments?post=198689"}],"version-history":[{"count":1,"href":"https:\/\/www.eldiario.net\/portal\/wp-json\/wp\/v2\/posts\/198689\/revisions"}],"predecessor-version":[{"id":198691,"href":"https:\/\/www.eldiario.net\/portal\/wp-json\/wp\/v2\/posts\/198689\/revisions\/198691"}],"wp:featuredmedia":[{"embeddable":true,"href":"https:\/\/www.eldiario.net\/portal\/wp-json\/wp\/v2\/media\/194726"}],"wp:attachment":[{"href":"https:\/\/www.eldiario.net\/portal\/wp-json\/wp\/v2\/media?parent=198689"}],"wp:term":[{"taxonomy":"category","embeddable":true,"href":"https:\/\/www.eldiario.net\/portal\/wp-json\/wp\/v2\/categories?post=198689"},{"taxonomy":"post_tag","embeddable":true,"href":"https:\/\/www.eldiario.net\/portal\/wp-json\/wp\/v2\/tags?post=198689"}],"curies":[{"name":"wp","href":"https:\/\/api.w.org\/{rel}","templated":true}]}}