{"id":198662,"date":"2024-01-21T06:20:31","date_gmt":"2024-01-21T10:20:31","guid":{"rendered":"https:\/\/www.eldiario.net\/portal\/?p=198662"},"modified":"2024-01-21T06:20:31","modified_gmt":"2024-01-21T10:20:31","slug":"estado-gasta-us-7-000-millones-para-mantener-bloque-politico-oficialista","status":"publish","type":"post","link":"https:\/\/www.eldiario.net\/portal\/2024\/01\/21\/estado-gasta-us-7-000-millones-para-mantener-bloque-politico-oficialista\/","title":{"rendered":"Estado gasta $us 7.000 millones para  mantener bloque pol\u00edtico oficialista"},"content":{"rendered":"<p>El senador por Comunidad Ciudadana (CC), Rodrigo Paz Pereira, critic\u00f3 que la estructura pol\u00edtica del partido gobernante sea mantenida con recursos de todos los bolivianos. Cuestion\u00f3 que para acceder a un fuente de empleo en las entidades p\u00fablicas, se debe contar con respaldo de las organizaciones afines al Movimiento al Socialismo (MAS), antes que m\u00e9ritos acad\u00e9micos.<br \/>\nTambi\u00e9n censur\u00f3 que el aval de las organizaciones sociales afines al Gobierno, contin\u00fae siendo la \u00fanica forma en que un profesional logre acceder a un cargo en la administraci\u00f3n p\u00fablica.<br \/>\nEn su opini\u00f3n, esta situaci\u00f3n es insostenible, porque la manutenci\u00f3n del bloque pol\u00edtico oficialista est\u00e1 solventada con recursos de todos los bolivianos.<br \/>\n\u201cLos bolivianos pagamos 7.000 millones de d\u00f3lares para mantener ese bloque pol\u00edtico a nivel nacional\u201d, asegur\u00f3.<br \/>\nSe\u00f1al\u00f3 que el gasto que representa el sostenimiento de salarios para empleados p\u00fablicos, tienen que ver con las recientes medidas de \u201causteridad\u201d dispuestas por el Gobierno. Disposiciones que en su criterio no representan ni el 2% del gasto corriente.<br \/>\nExplic\u00f3 que el grueso del gasto del Estado est\u00e1 en los salarios o gasto corriente, lo que representa el 60% del PGN, 24% se destina para pagar el servicio de la deuda internacional y s\u00f3lo el 16% es para inversi\u00f3n en las empresas estatales que por el momento no est\u00e1n dando utilidad.<br \/>\nEl Ministerio de Econom\u00eda instruy\u00f3 a las entidades p\u00fablicas del Estado reducir gastos de vi\u00e1ticos, veh\u00edculos, celulares y otros, en el marco de una pol\u00edtica de austeridad.<br \/>\nLa medida tambi\u00e9n fue criticada por el senador cruce\u00f1o, Henry Montero, quien pidi\u00f3 al gobierno del MAS predicar con el ejemplo y explicar los motivos para que en esta gesti\u00f3n se hayan presupuestado incrementos destinados a la propaganda y el mantenimiento del avi\u00f3n presidencial.<br \/>\nEl asamble\u00edsta por Creemos, sostuvo que toda medida de austeridad debe ser acompa\u00f1ada con el ejemplo y la actual administraci\u00f3n ha demostrado todo lo contrario, mediante acciones y determinaciones que demuestran un manejo econ\u00f3mico irresponsable.<br \/>\n\u201cHay que predicar con el ejemplo, por decretazo el Gobierno est\u00e1 estableciendo que est\u00e9 vigente el presupuesto general, la situaci\u00f3n econ\u00f3mica ha tocado fondo, cuando no existen d\u00f3lares para las importaciones, cuando los productos de la canasta familiar aumentaron y el boliviano est\u00e1 sufriendo\u201d, afirm\u00f3.<\/p>\n","protected":false},"excerpt":{"rendered":"<p>El senador por Comunidad Ciudadana (CC), Rodrigo Paz Pereira, critic\u00f3 que la estructura pol\u00edtica del partido gobernante sea mantenida con recursos de todos los bolivianos. Cuestion\u00f3 que para acceder a un fuente de empleo en las entidades p\u00fablicas, se debe contar con respaldo de las organizaciones afines al Movimiento al Socialismo (MAS), antes que m\u00e9ritos [&hellip;]<\/p>\n","protected":false},"author":1,"featured_media":198663,"comment_status":"open","ping_status":"open","sticky":false,"template":"","format":"standard","meta":{"_acf_changed":false,"footnotes":""},"categories":[17],"tags":[],"class_list":["post-198662","post","type-post","status-publish","format-standard","has-post-thumbnail","category-principal"],"acf":{"antetitulo":"Senador Rodrigo Paz Pereira sostiene"},"yoast_head":"<!-- This site is optimized with the Yoast SEO plugin v28.3 - https:\/\/yoast.com\/product\/yoast-seo-wordpress\/ -->\n<title>Estado gasta $us 7.000 millones para mantener bloque pol\u00edtico oficialista - El Diario - Bolivia<\/title>\n<meta name=\"robots\" content=\"index, follow, max-snippet:-1, max-image-preview:large, max-video-preview:-1\" \/>\n<link rel=\"canonical\" href=\"https:\/\/www.eldiario.net\/portal\/2024\/01\/21\/estado-gasta-us-7-000-millones-para-mantener-bloque-politico-oficialista\/\" \/>\n<meta property=\"og:locale\" content=\"es_ES\" \/>\n<meta property=\"og:type\" content=\"article\" \/>\n<meta property=\"og:title\" content=\"Estado gasta $us 7.000 millones para mantener bloque pol\u00edtico oficialista - El Diario - Bolivia\" \/>\n<meta property=\"og:description\" content=\"El senador por Comunidad Ciudadana (CC), Rodrigo Paz Pereira, critic\u00f3 que la estructura pol\u00edtica del partido gobernante sea mantenida con recursos de todos los bolivianos. Cuestion\u00f3 que para acceder a un fuente de empleo en las entidades p\u00fablicas, se debe contar con respaldo de las organizaciones afines al Movimiento al Socialismo (MAS), antes que m\u00e9ritos [&hellip;]\" \/>\n<meta property=\"og:url\" content=\"https:\/\/www.eldiario.net\/portal\/2024\/01\/21\/estado-gasta-us-7-000-millones-para-mantener-bloque-politico-oficialista\/\" \/>\n<meta property=\"og:site_name\" content=\"El Diario - Bolivia\" \/>\n<meta property=\"article:publisher\" content=\"https:\/\/www.facebook.com\/eldiario.bolivia\/\" \/>\n<meta property=\"article:published_time\" content=\"2024-01-21T10:20:31+00:00\" \/>\n<meta property=\"og:image\" content=\"https:\/\/www.eldiario.net\/portal\/wp-content\/uploads\/2024\/01\/P-1-4.jpg\" \/>\n\t<meta property=\"og:image:width\" content=\"800\" \/>\n\t<meta property=\"og:image:height\" content=\"494\" \/>\n\t<meta property=\"og:image:type\" content=\"image\/jpeg\" \/>\n<meta name=\"author\" content=\"Jeanette\" \/>\n<meta name=\"twitter:card\" content=\"summary_large_image\" \/>\n<meta name=\"twitter:creator\" content=\"@eldiario_net\" \/>\n<meta name=\"twitter:site\" content=\"@eldiario_net\" \/>\n<meta name=\"twitter:label1\" content=\"Escrito por\" \/>\n\t<meta name=\"twitter:data1\" content=\"Jeanette\" \/>\n\t<meta name=\"twitter:label2\" content=\"Tiempo de lectura\" \/>\n\t<meta name=\"twitter:data2\" content=\"2 minutos\" \/>\n<script type=\"application\/ld+json\" class=\"yoast-schema-graph\">{\"@context\":\"https:\\\/\\\/schema.org\",\"@graph\":[{\"@type\":\"Article\",\"@id\":\"https:\\\/\\\/www.eldiario.net\\\/portal\\\/2024\\\/01\\\/21\\\/estado-gasta-us-7-000-millones-para-mantener-bloque-politico-oficialista\\\/#article\",\"isPartOf\":{\"@id\":\"https:\\\/\\\/www.eldiario.net\\\/portal\\\/2024\\\/01\\\/21\\\/estado-gasta-us-7-000-millones-para-mantener-bloque-politico-oficialista\\\/\"},\"author\":{\"name\":\"Jeanette\",\"@id\":\"https:\\\/\\\/www.eldiario.net\\\/portal\\\/#\\\/schema\\\/person\\\/f46445640444750d7d753ccd04ae01b7\"},\"headline\":\"Estado gasta $us 7.000 millones para mantener bloque pol\u00edtico oficialista\",\"datePublished\":\"2024-01-21T10:20:31+00:00\",\"mainEntityOfPage\":{\"@id\":\"https:\\\/\\\/www.eldiario.net\\\/portal\\\/2024\\\/01\\\/21\\\/estado-gasta-us-7-000-millones-para-mantener-bloque-politico-oficialista\\\/\"},\"wordCount\":406,\"commentCount\":0,\"publisher\":{\"@id\":\"https:\\\/\\\/www.eldiario.net\\\/portal\\\/#organization\"},\"image\":{\"@id\":\"https:\\\/\\\/www.eldiario.net\\\/portal\\\/2024\\\/01\\\/21\\\/estado-gasta-us-7-000-millones-para-mantener-bloque-politico-oficialista\\\/#primaryimage\"},\"thumbnailUrl\":\"https:\\\/\\\/www.eldiario.net\\\/portal\\\/wp-content\\\/uploads\\\/2024\\\/01\\\/P-1-4.jpg\",\"articleSection\":[\"Principal\"],\"inLanguage\":\"es\",\"potentialAction\":[{\"@type\":\"CommentAction\",\"name\":\"Comment\",\"target\":[\"https:\\\/\\\/www.eldiario.net\\\/portal\\\/2024\\\/01\\\/21\\\/estado-gasta-us-7-000-millones-para-mantener-bloque-politico-oficialista\\\/#respond\"]}]},{\"@type\":\"WebPage\",\"@id\":\"https:\\\/\\\/www.eldiario.net\\\/portal\\\/2024\\\/01\\\/21\\\/estado-gasta-us-7-000-millones-para-mantener-bloque-politico-oficialista\\\/\",\"url\":\"https:\\\/\\\/www.eldiario.net\\\/portal\\\/2024\\\/01\\\/21\\\/estado-gasta-us-7-000-millones-para-mantener-bloque-politico-oficialista\\\/\",\"name\":\"Estado gasta $us 7.000 millones para mantener bloque pol\u00edtico oficialista - El Diario - Bolivia\",\"isPartOf\":{\"@id\":\"https:\\\/\\\/www.eldiario.net\\\/portal\\\/#website\"},\"primaryImageOfPage\":{\"@id\":\"https:\\\/\\\/www.eldiario.net\\\/portal\\\/2024\\\/01\\\/21\\\/estado-gasta-us-7-000-millones-para-mantener-bloque-politico-oficialista\\\/#primaryimage\"},\"image\":{\"@id\":\"https:\\\/\\\/www.eldiario.net\\\/portal\\\/2024\\\/01\\\/21\\\/estado-gasta-us-7-000-millones-para-mantener-bloque-politico-oficialista\\\/#primaryimage\"},\"thumbnailUrl\":\"https:\\\/\\\/www.eldiario.net\\\/portal\\\/wp-content\\\/uploads\\\/2024\\\/01\\\/P-1-4.jpg\",\"datePublished\":\"2024-01-21T10:20:31+00:00\",\"breadcrumb\":{\"@id\":\"https:\\\/\\\/www.eldiario.net\\\/portal\\\/2024\\\/01\\\/21\\\/estado-gasta-us-7-000-millones-para-mantener-bloque-politico-oficialista\\\/#breadcrumb\"},\"inLanguage\":\"es\",\"potentialAction\":[{\"@type\":\"ReadAction\",\"target\":[\"https:\\\/\\\/www.eldiario.net\\\/portal\\\/2024\\\/01\\\/21\\\/estado-gasta-us-7-000-millones-para-mantener-bloque-politico-oficialista\\\/\"]}]},{\"@type\":\"ImageObject\",\"inLanguage\":\"es\",\"@id\":\"https:\\\/\\\/www.eldiario.net\\\/portal\\\/2024\\\/01\\\/21\\\/estado-gasta-us-7-000-millones-para-mantener-bloque-politico-oficialista\\\/#primaryimage\",\"url\":\"https:\\\/\\\/www.eldiario.net\\\/portal\\\/wp-content\\\/uploads\\\/2024\\\/01\\\/P-1-4.jpg\",\"contentUrl\":\"https:\\\/\\\/www.eldiario.net\\\/portal\\\/wp-content\\\/uploads\\\/2024\\\/01\\\/P-1-4.jpg\",\"width\":800,\"height\":494,\"caption\":\"EL SENADOR, RODRIGO PAZ PEREIRA.\"},{\"@type\":\"BreadcrumbList\",\"@id\":\"https:\\\/\\\/www.eldiario.net\\\/portal\\\/2024\\\/01\\\/21\\\/estado-gasta-us-7-000-millones-para-mantener-bloque-politico-oficialista\\\/#breadcrumb\",\"itemListElement\":[{\"@type\":\"ListItem\",\"position\":1,\"name\":\"Portada\",\"item\":\"https:\\\/\\\/www.eldiario.net\\\/portal\\\/\"},{\"@type\":\"ListItem\",\"position\":2,\"name\":\"Estado gasta $us 7.000 millones para mantener bloque pol\u00edtico oficialista\"}]},{\"@type\":\"WebSite\",\"@id\":\"https:\\\/\\\/www.eldiario.net\\\/portal\\\/#website\",\"url\":\"https:\\\/\\\/www.eldiario.net\\\/portal\\\/\",\"name\":\"El Diario - Decano de la prensa nacional\",\"description\":\"El Diario - Decano de la prensa nacional\",\"publisher\":{\"@id\":\"https:\\\/\\\/www.eldiario.net\\\/portal\\\/#organization\"},\"potentialAction\":[{\"@type\":\"SearchAction\",\"target\":{\"@type\":\"EntryPoint\",\"urlTemplate\":\"https:\\\/\\\/www.eldiario.net\\\/portal\\\/?s={search_term_string}\"},\"query-input\":{\"@type\":\"PropertyValueSpecification\",\"valueRequired\":true,\"valueName\":\"search_term_string\"}}],\"inLanguage\":\"es\"},{\"@type\":\"Organization\",\"@id\":\"https:\\\/\\\/www.eldiario.net\\\/portal\\\/#organization\",\"name\":\"El Diario - Decano de la prensa nacional\",\"url\":\"https:\\\/\\\/www.eldiario.net\\\/portal\\\/\",\"logo\":{\"@type\":\"ImageObject\",\"inLanguage\":\"es\",\"@id\":\"https:\\\/\\\/www.eldiario.net\\\/portal\\\/#\\\/schema\\\/logo\\\/image\\\/\",\"url\":\"https:\\\/\\\/www.eldiario.net\\\/portal\\\/wp-content\\\/uploads\\\/2023\\\/07\\\/logo_ED.jpg\",\"contentUrl\":\"https:\\\/\\\/www.eldiario.net\\\/portal\\\/wp-content\\\/uploads\\\/2023\\\/07\\\/logo_ED.jpg\",\"width\":272,\"height\":52,\"caption\":\"El Diario - Decano de la prensa nacional\"},\"image\":{\"@id\":\"https:\\\/\\\/www.eldiario.net\\\/portal\\\/#\\\/schema\\\/logo\\\/image\\\/\"},\"sameAs\":[\"https:\\\/\\\/www.facebook.com\\\/eldiario.bolivia\\\/\",\"https:\\\/\\\/x.com\\\/eldiario_net\"]},{\"@type\":\"Person\",\"@id\":\"https:\\\/\\\/www.eldiario.net\\\/portal\\\/#\\\/schema\\\/person\\\/f46445640444750d7d753ccd04ae01b7\",\"name\":\"Jeanette\",\"image\":{\"@type\":\"ImageObject\",\"inLanguage\":\"es\",\"@id\":\"https:\\\/\\\/secure.gravatar.com\\\/avatar\\\/3ea2118a5f7dad2b7138b1187a6b7ee55f160b9968b66013c3a3ef39dd7e5798?s=96&d=mm&r=g\",\"url\":\"https:\\\/\\\/secure.gravatar.com\\\/avatar\\\/3ea2118a5f7dad2b7138b1187a6b7ee55f160b9968b66013c3a3ef39dd7e5798?s=96&d=mm&r=g\",\"contentUrl\":\"https:\\\/\\\/secure.gravatar.com\\\/avatar\\\/3ea2118a5f7dad2b7138b1187a6b7ee55f160b9968b66013c3a3ef39dd7e5798?s=96&d=mm&r=g\",\"caption\":\"Jeanette\"},\"sameAs\":[\"https:\\\/\\\/www.eldiario.net\\\/portal\"],\"url\":\"https:\\\/\\\/www.eldiario.net\\\/portal\\\/author\\\/jeanette\\\/\"}]}<\/script>\n<!-- \/ Yoast SEO plugin. -->","yoast_head_json":{"title":"Estado gasta $us 7.000 millones para mantener bloque pol\u00edtico oficialista - El Diario - Bolivia","robots":{"index":"index","follow":"follow","max-snippet":"max-snippet:-1","max-image-preview":"max-image-preview:large","max-video-preview":"max-video-preview:-1"},"canonical":"https:\/\/www.eldiario.net\/portal\/2024\/01\/21\/estado-gasta-us-7-000-millones-para-mantener-bloque-politico-oficialista\/","og_locale":"es_ES","og_type":"article","og_title":"Estado gasta $us 7.000 millones para mantener bloque pol\u00edtico oficialista - El Diario - Bolivia","og_description":"El senador por Comunidad Ciudadana (CC), Rodrigo Paz Pereira, critic\u00f3 que la estructura pol\u00edtica del partido gobernante sea mantenida con recursos de todos los bolivianos. Cuestion\u00f3 que para acceder a un fuente de empleo en las entidades p\u00fablicas, se debe contar con respaldo de las organizaciones afines al Movimiento al Socialismo (MAS), antes que m\u00e9ritos [&hellip;]","og_url":"https:\/\/www.eldiario.net\/portal\/2024\/01\/21\/estado-gasta-us-7-000-millones-para-mantener-bloque-politico-oficialista\/","og_site_name":"El Diario - Bolivia","article_publisher":"https:\/\/www.facebook.com\/eldiario.bolivia\/","article_published_time":"2024-01-21T10:20:31+00:00","og_image":[{"width":800,"height":494,"url":"https:\/\/www.eldiario.net\/portal\/wp-content\/uploads\/2024\/01\/P-1-4.jpg","type":"image\/jpeg"}],"author":"Jeanette","twitter_card":"summary_large_image","twitter_creator":"@eldiario_net","twitter_site":"@eldiario_net","twitter_misc":{"Escrito por":"Jeanette","Tiempo de lectura":"2 minutos"},"schema":{"@context":"https:\/\/schema.org","@graph":[{"@type":"Article","@id":"https:\/\/www.eldiario.net\/portal\/2024\/01\/21\/estado-gasta-us-7-000-millones-para-mantener-bloque-politico-oficialista\/#article","isPartOf":{"@id":"https:\/\/www.eldiario.net\/portal\/2024\/01\/21\/estado-gasta-us-7-000-millones-para-mantener-bloque-politico-oficialista\/"},"author":{"name":"Jeanette","@id":"https:\/\/www.eldiario.net\/portal\/#\/schema\/person\/f46445640444750d7d753ccd04ae01b7"},"headline":"Estado gasta $us 7.000 millones para mantener bloque pol\u00edtico oficialista","datePublished":"2024-01-21T10:20:31+00:00","mainEntityOfPage":{"@id":"https:\/\/www.eldiario.net\/portal\/2024\/01\/21\/estado-gasta-us-7-000-millones-para-mantener-bloque-politico-oficialista\/"},"wordCount":406,"commentCount":0,"publisher":{"@id":"https:\/\/www.eldiario.net\/portal\/#organization"},"image":{"@id":"https:\/\/www.eldiario.net\/portal\/2024\/01\/21\/estado-gasta-us-7-000-millones-para-mantener-bloque-politico-oficialista\/#primaryimage"},"thumbnailUrl":"https:\/\/www.eldiario.net\/portal\/wp-content\/uploads\/2024\/01\/P-1-4.jpg","articleSection":["Principal"],"inLanguage":"es","potentialAction":[{"@type":"CommentAction","name":"Comment","target":["https:\/\/www.eldiario.net\/portal\/2024\/01\/21\/estado-gasta-us-7-000-millones-para-mantener-bloque-politico-oficialista\/#respond"]}]},{"@type":"WebPage","@id":"https:\/\/www.eldiario.net\/portal\/2024\/01\/21\/estado-gasta-us-7-000-millones-para-mantener-bloque-politico-oficialista\/","url":"https:\/\/www.eldiario.net\/portal\/2024\/01\/21\/estado-gasta-us-7-000-millones-para-mantener-bloque-politico-oficialista\/","name":"Estado gasta $us 7.000 millones para mantener bloque pol\u00edtico oficialista - El Diario - Bolivia","isPartOf":{"@id":"https:\/\/www.eldiario.net\/portal\/#website"},"primaryImageOfPage":{"@id":"https:\/\/www.eldiario.net\/portal\/2024\/01\/21\/estado-gasta-us-7-000-millones-para-mantener-bloque-politico-oficialista\/#primaryimage"},"image":{"@id":"https:\/\/www.eldiario.net\/portal\/2024\/01\/21\/estado-gasta-us-7-000-millones-para-mantener-bloque-politico-oficialista\/#primaryimage"},"thumbnailUrl":"https:\/\/www.eldiario.net\/portal\/wp-content\/uploads\/2024\/01\/P-1-4.jpg","datePublished":"2024-01-21T10:20:31+00:00","breadcrumb":{"@id":"https:\/\/www.eldiario.net\/portal\/2024\/01\/21\/estado-gasta-us-7-000-millones-para-mantener-bloque-politico-oficialista\/#breadcrumb"},"inLanguage":"es","potentialAction":[{"@type":"ReadAction","target":["https:\/\/www.eldiario.net\/portal\/2024\/01\/21\/estado-gasta-us-7-000-millones-para-mantener-bloque-politico-oficialista\/"]}]},{"@type":"ImageObject","inLanguage":"es","@id":"https:\/\/www.eldiario.net\/portal\/2024\/01\/21\/estado-gasta-us-7-000-millones-para-mantener-bloque-politico-oficialista\/#primaryimage","url":"https:\/\/www.eldiario.net\/portal\/wp-content\/uploads\/2024\/01\/P-1-4.jpg","contentUrl":"https:\/\/www.eldiario.net\/portal\/wp-content\/uploads\/2024\/01\/P-1-4.jpg","width":800,"height":494,"caption":"EL SENADOR, RODRIGO PAZ PEREIRA."},{"@type":"BreadcrumbList","@id":"https:\/\/www.eldiario.net\/portal\/2024\/01\/21\/estado-gasta-us-7-000-millones-para-mantener-bloque-politico-oficialista\/#breadcrumb","itemListElement":[{"@type":"ListItem","position":1,"name":"Portada","item":"https:\/\/www.eldiario.net\/portal\/"},{"@type":"ListItem","position":2,"name":"Estado gasta $us 7.000 millones para mantener bloque pol\u00edtico oficialista"}]},{"@type":"WebSite","@id":"https:\/\/www.eldiario.net\/portal\/#website","url":"https:\/\/www.eldiario.net\/portal\/","name":"El Diario - Decano de la prensa nacional","description":"El Diario - Decano de la prensa nacional","publisher":{"@id":"https:\/\/www.eldiario.net\/portal\/#organization"},"potentialAction":[{"@type":"SearchAction","target":{"@type":"EntryPoint","urlTemplate":"https:\/\/www.eldiario.net\/portal\/?s={search_term_string}"},"query-input":{"@type":"PropertyValueSpecification","valueRequired":true,"valueName":"search_term_string"}}],"inLanguage":"es"},{"@type":"Organization","@id":"https:\/\/www.eldiario.net\/portal\/#organization","name":"El Diario - Decano de la prensa nacional","url":"https:\/\/www.eldiario.net\/portal\/","logo":{"@type":"ImageObject","inLanguage":"es","@id":"https:\/\/www.eldiario.net\/portal\/#\/schema\/logo\/image\/","url":"https:\/\/www.eldiario.net\/portal\/wp-content\/uploads\/2023\/07\/logo_ED.jpg","contentUrl":"https:\/\/www.eldiario.net\/portal\/wp-content\/uploads\/2023\/07\/logo_ED.jpg","width":272,"height":52,"caption":"El Diario - Decano de la prensa nacional"},"image":{"@id":"https:\/\/www.eldiario.net\/portal\/#\/schema\/logo\/image\/"},"sameAs":["https:\/\/www.facebook.com\/eldiario.bolivia\/","https:\/\/x.com\/eldiario_net"]},{"@type":"Person","@id":"https:\/\/www.eldiario.net\/portal\/#\/schema\/person\/f46445640444750d7d753ccd04ae01b7","name":"Jeanette","image":{"@type":"ImageObject","inLanguage":"es","@id":"https:\/\/secure.gravatar.com\/avatar\/3ea2118a5f7dad2b7138b1187a6b7ee55f160b9968b66013c3a3ef39dd7e5798?s=96&d=mm&r=g","url":"https:\/\/secure.gravatar.com\/avatar\/3ea2118a5f7dad2b7138b1187a6b7ee55f160b9968b66013c3a3ef39dd7e5798?s=96&d=mm&r=g","contentUrl":"https:\/\/secure.gravatar.com\/avatar\/3ea2118a5f7dad2b7138b1187a6b7ee55f160b9968b66013c3a3ef39dd7e5798?s=96&d=mm&r=g","caption":"Jeanette"},"sameAs":["https:\/\/www.eldiario.net\/portal"],"url":"https:\/\/www.eldiario.net\/portal\/author\/jeanette\/"}]}},"_links":{"self":[{"href":"https:\/\/www.eldiario.net\/portal\/wp-json\/wp\/v2\/posts\/198662","targetHints":{"allow":["GET"]}}],"collection":[{"href":"https:\/\/www.eldiario.net\/portal\/wp-json\/wp\/v2\/posts"}],"about":[{"href":"https:\/\/www.eldiario.net\/portal\/wp-json\/wp\/v2\/types\/post"}],"author":[{"embeddable":true,"href":"https:\/\/www.eldiario.net\/portal\/wp-json\/wp\/v2\/users\/1"}],"replies":[{"embeddable":true,"href":"https:\/\/www.eldiario.net\/portal\/wp-json\/wp\/v2\/comments?post=198662"}],"version-history":[{"count":1,"href":"https:\/\/www.eldiario.net\/portal\/wp-json\/wp\/v2\/posts\/198662\/revisions"}],"predecessor-version":[{"id":198664,"href":"https:\/\/www.eldiario.net\/portal\/wp-json\/wp\/v2\/posts\/198662\/revisions\/198664"}],"wp:featuredmedia":[{"embeddable":true,"href":"https:\/\/www.eldiario.net\/portal\/wp-json\/wp\/v2\/media\/198663"}],"wp:attachment":[{"href":"https:\/\/www.eldiario.net\/portal\/wp-json\/wp\/v2\/media?parent=198662"}],"wp:term":[{"taxonomy":"category","embeddable":true,"href":"https:\/\/www.eldiario.net\/portal\/wp-json\/wp\/v2\/categories?post=198662"},{"taxonomy":"post_tag","embeddable":true,"href":"https:\/\/www.eldiario.net\/portal\/wp-json\/wp\/v2\/tags?post=198662"}],"curies":[{"name":"wp","href":"https:\/\/api.w.org\/{rel}","templated":true}]}}