{"id":198365,"date":"2024-01-19T06:56:58","date_gmt":"2024-01-19T10:56:58","guid":{"rendered":"https:\/\/www.eldiario.net\/portal\/?p=198365"},"modified":"2024-01-19T06:56:58","modified_gmt":"2024-01-19T10:56:58","slug":"las-vacunas-del-covid-19-salvaron-al-menos-14-millones-de-vidas-en-europa","status":"publish","type":"post","link":"https:\/\/www.eldiario.net\/portal\/2024\/01\/19\/las-vacunas-del-covid-19-salvaron-al-menos-14-millones-de-vidas-en-europa\/","title":{"rendered":"Las vacunas del covid-19 salvaron al  menos 1,4 millones de vidas en Europa"},"content":{"rendered":"<p>Las vacunas del covid-19 salvaron al menos 1,4 millones de vidas en Europa gracias a su eficacia y m\u00e1s del 90 por ciento son personas mayores de 60 a\u00f1os, seg\u00fan el nuevo estudio realizado por la Organizaci\u00f3n Mundial de la Salud (OMS) en 34 pa\u00edses de la Regi\u00f3n Europea entre diciembre de 2020 y marzo de 2023.<br \/>\n\u201cSin las vacunas, la cifra acumulada de muertes conocidas en la regi\u00f3n Europea podr\u00eda haber sido de unos cuatro millones, posiblemente incluso mayor. En conjunto, las vacunas covid-19 redujeron la mortalidad en un 57 por ciento en toda la regi\u00f3n Europea de la OMS entre diciembre de 2020, cuando comenz\u00f3 el despliegue de la vacuna, y marzo de 2023\u201d, explic\u00f3 el director regional de la OMS Europa, el doctor Hans Henri P. Kluge, durante una rueda de prensa.<br \/>\nAdem\u00e1s, asegur\u00f3 el doctor Hans Henri P. Kluge, que solo las primeras dosis de refuerzo salvaron unas 700.000 vidas. \u00abEste es el poder de las vacunas, las pruebas son irrefutables\u00bb.<br \/>\nPor su parte, la directora del \u00e1rea del Programa de Emergencias Sanitarias de la OMS, doctora Catherine Smallwood, explic\u00f3 que se trata de una actualizaci\u00f3n de un estudio previo que fue publicado en noviembre de 2021 y que otros grupos publicaron estudios muy similares, aunque metodolog\u00edas diferentes, pero que la conclusi\u00f3n es siempre la misma: que las vacunas salvaron millones de vidas, sobre todo en personas de edad avanzada.<br \/>\nAUMENTO DE<br \/>\nINFECCIONES POR GRIPE<br \/>\nPor otro lado, el director regional de la OMS Europa comparti\u00f3 las cifras de infecciones respiratorias en la regi\u00f3n en las \u00faltimas semanas, destacando una alta intensidad de infecciones gripales en varios pa\u00edses de la regi\u00f3n y advirti\u00f3 de un aumento en las pr\u00f3ximas semanas.<br \/>\n\u00abLos sistemas de salud deben estar preparados para un aumento probable de casos de gripe en las pr\u00f3ximas semanas. En toda la regi\u00f3n, en las dos \u00faltimas semanas se registr\u00f3 un aumento del 58 por ciento en las hospitalizaciones notificadas por gripe y del 21 por ciento en los ingresos en UCI\u00bb, declar\u00f3 el doctor Hans Henri P. Kluge.<br \/>\nAsimismo se\u00f1al\u00f3 que los casos de gripe se multiplicaron por cuatro entre noviembre y diciembre, y 38 pa\u00edses de la regi\u00f3n notificaron el inicio de la epidemia de gripe estacional.<br \/>\n\u00abComo era de esperar, el n\u00famero de casos confirmados en nuestra regi\u00f3n aument\u00f3. Los grupos m\u00e1s afectados por la enfermedad grave son los mayores de 65 a\u00f1os y los m\u00e1s j\u00f3venes y nos preocupan los informes sobre presiones localizadas en los hospitales y la saturaci\u00f3n de las salas de urgencias debido a una confluencia de virus respiratorios circulantes\u00bb, afirm\u00f3. (Europa Press)<\/p>\n","protected":false},"excerpt":{"rendered":"<p>Las vacunas del covid-19 salvaron al menos 1,4 millones de vidas en Europa gracias a su eficacia y m\u00e1s del 90 por ciento son personas mayores de 60 a\u00f1os, seg\u00fan el nuevo estudio realizado por la Organizaci\u00f3n Mundial de la Salud (OMS) en 34 pa\u00edses de la Regi\u00f3n Europea entre diciembre de 2020 y marzo [&hellip;]<\/p>\n","protected":false},"author":1,"featured_media":198366,"comment_status":"open","ping_status":"open","sticky":false,"template":"","format":"standard","meta":{"_acf_changed":false,"footnotes":""},"categories":[3],"tags":[],"class_list":["post-198365","post","type-post","status-publish","format-standard","has-post-thumbnail","category-internacional"],"acf":{"antetitulo":"Seg\u00fan un nuevo informe de la OMS"},"yoast_head":"<!-- This site is optimized with the Yoast SEO plugin v28.4 - https:\/\/yoast.com\/product\/yoast-seo-wordpress\/ -->\n<title>Las vacunas del covid-19 salvaron al menos 1,4 millones de vidas en Europa - El Diario - Bolivia<\/title>\n<meta name=\"robots\" content=\"index, follow, max-snippet:-1, max-image-preview:large, max-video-preview:-1\" \/>\n<link rel=\"canonical\" href=\"https:\/\/www.eldiario.net\/portal\/2024\/01\/19\/las-vacunas-del-covid-19-salvaron-al-menos-14-millones-de-vidas-en-europa\/\" \/>\n<meta property=\"og:locale\" content=\"es_ES\" \/>\n<meta property=\"og:type\" content=\"article\" \/>\n<meta property=\"og:title\" content=\"Las vacunas del covid-19 salvaron al menos 1,4 millones de vidas en Europa - El Diario - Bolivia\" \/>\n<meta property=\"og:description\" content=\"Las vacunas del covid-19 salvaron al menos 1,4 millones de vidas en Europa gracias a su eficacia y m\u00e1s del 90 por ciento son personas mayores de 60 a\u00f1os, seg\u00fan el nuevo estudio realizado por la Organizaci\u00f3n Mundial de la Salud (OMS) en 34 pa\u00edses de la Regi\u00f3n Europea entre diciembre de 2020 y marzo [&hellip;]\" \/>\n<meta property=\"og:url\" content=\"https:\/\/www.eldiario.net\/portal\/2024\/01\/19\/las-vacunas-del-covid-19-salvaron-al-menos-14-millones-de-vidas-en-europa\/\" \/>\n<meta property=\"og:site_name\" content=\"El Diario - Bolivia\" \/>\n<meta property=\"article:publisher\" content=\"https:\/\/www.facebook.com\/eldiario.bolivia\/\" \/>\n<meta property=\"article:published_time\" content=\"2024-01-19T10:56:58+00:00\" \/>\n<meta property=\"og:image\" content=\"https:\/\/www.eldiario.net\/portal\/wp-content\/uploads\/2024\/01\/JERINGA.jpg\" \/>\n\t<meta property=\"og:image:width\" content=\"1600\" \/>\n\t<meta property=\"og:image:height\" content=\"700\" \/>\n\t<meta property=\"og:image:type\" content=\"image\/jpeg\" \/>\n<meta name=\"author\" content=\"Jeanette\" \/>\n<meta name=\"twitter:card\" content=\"summary_large_image\" \/>\n<meta name=\"twitter:creator\" content=\"@eldiario_net\" \/>\n<meta name=\"twitter:site\" content=\"@eldiario_net\" \/>\n<meta name=\"twitter:label1\" content=\"Escrito por\" \/>\n\t<meta name=\"twitter:data1\" content=\"Jeanette\" \/>\n\t<meta name=\"twitter:label2\" content=\"Tiempo de lectura\" \/>\n\t<meta name=\"twitter:data2\" content=\"3 minutos\" \/>\n<script type=\"application\/ld+json\" class=\"yoast-schema-graph\">{\"@context\":\"https:\\\/\\\/schema.org\",\"@graph\":[{\"@type\":\"Article\",\"@id\":\"https:\\\/\\\/www.eldiario.net\\\/portal\\\/2024\\\/01\\\/19\\\/las-vacunas-del-covid-19-salvaron-al-menos-14-millones-de-vidas-en-europa\\\/#article\",\"isPartOf\":{\"@id\":\"https:\\\/\\\/www.eldiario.net\\\/portal\\\/2024\\\/01\\\/19\\\/las-vacunas-del-covid-19-salvaron-al-menos-14-millones-de-vidas-en-europa\\\/\"},\"author\":{\"name\":\"Jeanette\",\"@id\":\"https:\\\/\\\/www.eldiario.net\\\/portal\\\/#\\\/schema\\\/person\\\/2c57cf2b7a7ae032e449e4c9b1019eac\"},\"headline\":\"Las vacunas del covid-19 salvaron al menos 1,4 millones de vidas en Europa\",\"datePublished\":\"2024-01-19T10:56:58+00:00\",\"mainEntityOfPage\":{\"@id\":\"https:\\\/\\\/www.eldiario.net\\\/portal\\\/2024\\\/01\\\/19\\\/las-vacunas-del-covid-19-salvaron-al-menos-14-millones-de-vidas-en-europa\\\/\"},\"wordCount\":460,\"commentCount\":0,\"publisher\":{\"@id\":\"https:\\\/\\\/www.eldiario.net\\\/portal\\\/#organization\"},\"image\":{\"@id\":\"https:\\\/\\\/www.eldiario.net\\\/portal\\\/2024\\\/01\\\/19\\\/las-vacunas-del-covid-19-salvaron-al-menos-14-millones-de-vidas-en-europa\\\/#primaryimage\"},\"thumbnailUrl\":\"https:\\\/\\\/www.eldiario.net\\\/portal\\\/wp-content\\\/uploads\\\/2024\\\/01\\\/JERINGA.jpg\",\"articleSection\":[\"Internacional\"],\"inLanguage\":\"es\",\"potentialAction\":[{\"@type\":\"CommentAction\",\"name\":\"Comment\",\"target\":[\"https:\\\/\\\/www.eldiario.net\\\/portal\\\/2024\\\/01\\\/19\\\/las-vacunas-del-covid-19-salvaron-al-menos-14-millones-de-vidas-en-europa\\\/#respond\"]}]},{\"@type\":\"WebPage\",\"@id\":\"https:\\\/\\\/www.eldiario.net\\\/portal\\\/2024\\\/01\\\/19\\\/las-vacunas-del-covid-19-salvaron-al-menos-14-millones-de-vidas-en-europa\\\/\",\"url\":\"https:\\\/\\\/www.eldiario.net\\\/portal\\\/2024\\\/01\\\/19\\\/las-vacunas-del-covid-19-salvaron-al-menos-14-millones-de-vidas-en-europa\\\/\",\"name\":\"Las vacunas del covid-19 salvaron al menos 1,4 millones de vidas en Europa - El Diario - Bolivia\",\"isPartOf\":{\"@id\":\"https:\\\/\\\/www.eldiario.net\\\/portal\\\/#website\"},\"primaryImageOfPage\":{\"@id\":\"https:\\\/\\\/www.eldiario.net\\\/portal\\\/2024\\\/01\\\/19\\\/las-vacunas-del-covid-19-salvaron-al-menos-14-millones-de-vidas-en-europa\\\/#primaryimage\"},\"image\":{\"@id\":\"https:\\\/\\\/www.eldiario.net\\\/portal\\\/2024\\\/01\\\/19\\\/las-vacunas-del-covid-19-salvaron-al-menos-14-millones-de-vidas-en-europa\\\/#primaryimage\"},\"thumbnailUrl\":\"https:\\\/\\\/www.eldiario.net\\\/portal\\\/wp-content\\\/uploads\\\/2024\\\/01\\\/JERINGA.jpg\",\"datePublished\":\"2024-01-19T10:56:58+00:00\",\"breadcrumb\":{\"@id\":\"https:\\\/\\\/www.eldiario.net\\\/portal\\\/2024\\\/01\\\/19\\\/las-vacunas-del-covid-19-salvaron-al-menos-14-millones-de-vidas-en-europa\\\/#breadcrumb\"},\"inLanguage\":\"es\",\"potentialAction\":[{\"@type\":\"ReadAction\",\"target\":[\"https:\\\/\\\/www.eldiario.net\\\/portal\\\/2024\\\/01\\\/19\\\/las-vacunas-del-covid-19-salvaron-al-menos-14-millones-de-vidas-en-europa\\\/\"]}]},{\"@type\":\"ImageObject\",\"inLanguage\":\"es\",\"@id\":\"https:\\\/\\\/www.eldiario.net\\\/portal\\\/2024\\\/01\\\/19\\\/las-vacunas-del-covid-19-salvaron-al-menos-14-millones-de-vidas-en-europa\\\/#primaryimage\",\"url\":\"https:\\\/\\\/www.eldiario.net\\\/portal\\\/wp-content\\\/uploads\\\/2024\\\/01\\\/JERINGA.jpg\",\"contentUrl\":\"https:\\\/\\\/www.eldiario.net\\\/portal\\\/wp-content\\\/uploads\\\/2024\\\/01\\\/JERINGA.jpg\",\"width\":1600,\"height\":700,\"caption\":\"EL CONJUNTO DE VACUNAS REDUJo LA mORTALIDAD EN UN 57 POR CIENTO.\"},{\"@type\":\"BreadcrumbList\",\"@id\":\"https:\\\/\\\/www.eldiario.net\\\/portal\\\/2024\\\/01\\\/19\\\/las-vacunas-del-covid-19-salvaron-al-menos-14-millones-de-vidas-en-europa\\\/#breadcrumb\",\"itemListElement\":[{\"@type\":\"ListItem\",\"position\":1,\"name\":\"Portada\",\"item\":\"https:\\\/\\\/www.eldiario.net\\\/portal\\\/\"},{\"@type\":\"ListItem\",\"position\":2,\"name\":\"Las vacunas del covid-19 salvaron al menos 1,4 millones de vidas en Europa\"}]},{\"@type\":\"WebSite\",\"@id\":\"https:\\\/\\\/www.eldiario.net\\\/portal\\\/#website\",\"url\":\"https:\\\/\\\/www.eldiario.net\\\/portal\\\/\",\"name\":\"El Diario - Decano de la prensa nacional\",\"description\":\"El Diario - Decano de la prensa nacional\",\"publisher\":{\"@id\":\"https:\\\/\\\/www.eldiario.net\\\/portal\\\/#organization\"},\"potentialAction\":[{\"@type\":\"SearchAction\",\"target\":{\"@type\":\"EntryPoint\",\"urlTemplate\":\"https:\\\/\\\/www.eldiario.net\\\/portal\\\/?s={search_term_string}\"},\"query-input\":{\"@type\":\"PropertyValueSpecification\",\"valueRequired\":true,\"valueName\":\"search_term_string\"}}],\"inLanguage\":\"es\"},{\"@type\":\"Organization\",\"@id\":\"https:\\\/\\\/www.eldiario.net\\\/portal\\\/#organization\",\"name\":\"El Diario - Decano de la prensa nacional\",\"url\":\"https:\\\/\\\/www.eldiario.net\\\/portal\\\/\",\"logo\":{\"@type\":\"ImageObject\",\"inLanguage\":\"es\",\"@id\":\"https:\\\/\\\/www.eldiario.net\\\/portal\\\/#\\\/schema\\\/logo\\\/image\\\/\",\"url\":\"https:\\\/\\\/www.eldiario.net\\\/portal\\\/wp-content\\\/uploads\\\/2023\\\/07\\\/logo_ED.jpg\",\"contentUrl\":\"https:\\\/\\\/www.eldiario.net\\\/portal\\\/wp-content\\\/uploads\\\/2023\\\/07\\\/logo_ED.jpg\",\"width\":272,\"height\":52,\"caption\":\"El Diario - Decano de la prensa nacional\"},\"image\":{\"@id\":\"https:\\\/\\\/www.eldiario.net\\\/portal\\\/#\\\/schema\\\/logo\\\/image\\\/\"},\"sameAs\":[\"https:\\\/\\\/www.facebook.com\\\/eldiario.bolivia\\\/\",\"https:\\\/\\\/x.com\\\/eldiario_net\"]},{\"@type\":\"Person\",\"@id\":\"https:\\\/\\\/www.eldiario.net\\\/portal\\\/#\\\/schema\\\/person\\\/2c57cf2b7a7ae032e449e4c9b1019eac\",\"name\":\"Jeanette\",\"image\":{\"@type\":\"ImageObject\",\"inLanguage\":\"es\",\"@id\":\"https:\\\/\\\/secure.gravatar.com\\\/avatar\\\/3ea2118a5f7dad2b7138b1187a6b7ee55f160b9968b66013c3a3ef39dd7e5798?s=96&d=mm&r=g\",\"url\":\"https:\\\/\\\/secure.gravatar.com\\\/avatar\\\/3ea2118a5f7dad2b7138b1187a6b7ee55f160b9968b66013c3a3ef39dd7e5798?s=96&d=mm&r=g\",\"contentUrl\":\"https:\\\/\\\/secure.gravatar.com\\\/avatar\\\/3ea2118a5f7dad2b7138b1187a6b7ee55f160b9968b66013c3a3ef39dd7e5798?s=96&d=mm&r=g\",\"caption\":\"Jeanette\"},\"sameAs\":[\"https:\\\/\\\/www.eldiario.net\\\/portal\"],\"url\":\"https:\\\/\\\/www.eldiario.net\\\/portal\\\/author\\\/jeanette\\\/\"}]}<\/script>\n<!-- \/ Yoast SEO plugin. -->","yoast_head_json":{"title":"Las vacunas del covid-19 salvaron al menos 1,4 millones de vidas en Europa - El Diario - Bolivia","robots":{"index":"index","follow":"follow","max-snippet":"max-snippet:-1","max-image-preview":"max-image-preview:large","max-video-preview":"max-video-preview:-1"},"canonical":"https:\/\/www.eldiario.net\/portal\/2024\/01\/19\/las-vacunas-del-covid-19-salvaron-al-menos-14-millones-de-vidas-en-europa\/","og_locale":"es_ES","og_type":"article","og_title":"Las vacunas del covid-19 salvaron al menos 1,4 millones de vidas en Europa - El Diario - Bolivia","og_description":"Las vacunas del covid-19 salvaron al menos 1,4 millones de vidas en Europa gracias a su eficacia y m\u00e1s del 90 por ciento son personas mayores de 60 a\u00f1os, seg\u00fan el nuevo estudio realizado por la Organizaci\u00f3n Mundial de la Salud (OMS) en 34 pa\u00edses de la Regi\u00f3n Europea entre diciembre de 2020 y marzo [&hellip;]","og_url":"https:\/\/www.eldiario.net\/portal\/2024\/01\/19\/las-vacunas-del-covid-19-salvaron-al-menos-14-millones-de-vidas-en-europa\/","og_site_name":"El Diario - Bolivia","article_publisher":"https:\/\/www.facebook.com\/eldiario.bolivia\/","article_published_time":"2024-01-19T10:56:58+00:00","og_image":[{"width":1600,"height":700,"url":"https:\/\/www.eldiario.net\/portal\/wp-content\/uploads\/2024\/01\/JERINGA.jpg","type":"image\/jpeg"}],"author":"Jeanette","twitter_card":"summary_large_image","twitter_creator":"@eldiario_net","twitter_site":"@eldiario_net","twitter_misc":{"Escrito por":"Jeanette","Tiempo de lectura":"3 minutos"},"schema":{"@context":"https:\/\/schema.org","@graph":[{"@type":"Article","@id":"https:\/\/www.eldiario.net\/portal\/2024\/01\/19\/las-vacunas-del-covid-19-salvaron-al-menos-14-millones-de-vidas-en-europa\/#article","isPartOf":{"@id":"https:\/\/www.eldiario.net\/portal\/2024\/01\/19\/las-vacunas-del-covid-19-salvaron-al-menos-14-millones-de-vidas-en-europa\/"},"author":{"name":"Jeanette","@id":"https:\/\/www.eldiario.net\/portal\/#\/schema\/person\/2c57cf2b7a7ae032e449e4c9b1019eac"},"headline":"Las vacunas del covid-19 salvaron al menos 1,4 millones de vidas en Europa","datePublished":"2024-01-19T10:56:58+00:00","mainEntityOfPage":{"@id":"https:\/\/www.eldiario.net\/portal\/2024\/01\/19\/las-vacunas-del-covid-19-salvaron-al-menos-14-millones-de-vidas-en-europa\/"},"wordCount":460,"commentCount":0,"publisher":{"@id":"https:\/\/www.eldiario.net\/portal\/#organization"},"image":{"@id":"https:\/\/www.eldiario.net\/portal\/2024\/01\/19\/las-vacunas-del-covid-19-salvaron-al-menos-14-millones-de-vidas-en-europa\/#primaryimage"},"thumbnailUrl":"https:\/\/www.eldiario.net\/portal\/wp-content\/uploads\/2024\/01\/JERINGA.jpg","articleSection":["Internacional"],"inLanguage":"es","potentialAction":[{"@type":"CommentAction","name":"Comment","target":["https:\/\/www.eldiario.net\/portal\/2024\/01\/19\/las-vacunas-del-covid-19-salvaron-al-menos-14-millones-de-vidas-en-europa\/#respond"]}]},{"@type":"WebPage","@id":"https:\/\/www.eldiario.net\/portal\/2024\/01\/19\/las-vacunas-del-covid-19-salvaron-al-menos-14-millones-de-vidas-en-europa\/","url":"https:\/\/www.eldiario.net\/portal\/2024\/01\/19\/las-vacunas-del-covid-19-salvaron-al-menos-14-millones-de-vidas-en-europa\/","name":"Las vacunas del covid-19 salvaron al menos 1,4 millones de vidas en Europa - El Diario - Bolivia","isPartOf":{"@id":"https:\/\/www.eldiario.net\/portal\/#website"},"primaryImageOfPage":{"@id":"https:\/\/www.eldiario.net\/portal\/2024\/01\/19\/las-vacunas-del-covid-19-salvaron-al-menos-14-millones-de-vidas-en-europa\/#primaryimage"},"image":{"@id":"https:\/\/www.eldiario.net\/portal\/2024\/01\/19\/las-vacunas-del-covid-19-salvaron-al-menos-14-millones-de-vidas-en-europa\/#primaryimage"},"thumbnailUrl":"https:\/\/www.eldiario.net\/portal\/wp-content\/uploads\/2024\/01\/JERINGA.jpg","datePublished":"2024-01-19T10:56:58+00:00","breadcrumb":{"@id":"https:\/\/www.eldiario.net\/portal\/2024\/01\/19\/las-vacunas-del-covid-19-salvaron-al-menos-14-millones-de-vidas-en-europa\/#breadcrumb"},"inLanguage":"es","potentialAction":[{"@type":"ReadAction","target":["https:\/\/www.eldiario.net\/portal\/2024\/01\/19\/las-vacunas-del-covid-19-salvaron-al-menos-14-millones-de-vidas-en-europa\/"]}]},{"@type":"ImageObject","inLanguage":"es","@id":"https:\/\/www.eldiario.net\/portal\/2024\/01\/19\/las-vacunas-del-covid-19-salvaron-al-menos-14-millones-de-vidas-en-europa\/#primaryimage","url":"https:\/\/www.eldiario.net\/portal\/wp-content\/uploads\/2024\/01\/JERINGA.jpg","contentUrl":"https:\/\/www.eldiario.net\/portal\/wp-content\/uploads\/2024\/01\/JERINGA.jpg","width":1600,"height":700,"caption":"EL CONJUNTO DE VACUNAS REDUJo LA mORTALIDAD EN UN 57 POR CIENTO."},{"@type":"BreadcrumbList","@id":"https:\/\/www.eldiario.net\/portal\/2024\/01\/19\/las-vacunas-del-covid-19-salvaron-al-menos-14-millones-de-vidas-en-europa\/#breadcrumb","itemListElement":[{"@type":"ListItem","position":1,"name":"Portada","item":"https:\/\/www.eldiario.net\/portal\/"},{"@type":"ListItem","position":2,"name":"Las vacunas del covid-19 salvaron al menos 1,4 millones de vidas en Europa"}]},{"@type":"WebSite","@id":"https:\/\/www.eldiario.net\/portal\/#website","url":"https:\/\/www.eldiario.net\/portal\/","name":"El Diario - Decano de la prensa nacional","description":"El Diario - Decano de la prensa nacional","publisher":{"@id":"https:\/\/www.eldiario.net\/portal\/#organization"},"potentialAction":[{"@type":"SearchAction","target":{"@type":"EntryPoint","urlTemplate":"https:\/\/www.eldiario.net\/portal\/?s={search_term_string}"},"query-input":{"@type":"PropertyValueSpecification","valueRequired":true,"valueName":"search_term_string"}}],"inLanguage":"es"},{"@type":"Organization","@id":"https:\/\/www.eldiario.net\/portal\/#organization","name":"El Diario - Decano de la prensa nacional","url":"https:\/\/www.eldiario.net\/portal\/","logo":{"@type":"ImageObject","inLanguage":"es","@id":"https:\/\/www.eldiario.net\/portal\/#\/schema\/logo\/image\/","url":"https:\/\/www.eldiario.net\/portal\/wp-content\/uploads\/2023\/07\/logo_ED.jpg","contentUrl":"https:\/\/www.eldiario.net\/portal\/wp-content\/uploads\/2023\/07\/logo_ED.jpg","width":272,"height":52,"caption":"El Diario - Decano de la prensa nacional"},"image":{"@id":"https:\/\/www.eldiario.net\/portal\/#\/schema\/logo\/image\/"},"sameAs":["https:\/\/www.facebook.com\/eldiario.bolivia\/","https:\/\/x.com\/eldiario_net"]},{"@type":"Person","@id":"https:\/\/www.eldiario.net\/portal\/#\/schema\/person\/2c57cf2b7a7ae032e449e4c9b1019eac","name":"Jeanette","image":{"@type":"ImageObject","inLanguage":"es","@id":"https:\/\/secure.gravatar.com\/avatar\/3ea2118a5f7dad2b7138b1187a6b7ee55f160b9968b66013c3a3ef39dd7e5798?s=96&d=mm&r=g","url":"https:\/\/secure.gravatar.com\/avatar\/3ea2118a5f7dad2b7138b1187a6b7ee55f160b9968b66013c3a3ef39dd7e5798?s=96&d=mm&r=g","contentUrl":"https:\/\/secure.gravatar.com\/avatar\/3ea2118a5f7dad2b7138b1187a6b7ee55f160b9968b66013c3a3ef39dd7e5798?s=96&d=mm&r=g","caption":"Jeanette"},"sameAs":["https:\/\/www.eldiario.net\/portal"],"url":"https:\/\/www.eldiario.net\/portal\/author\/jeanette\/"}]}},"_links":{"self":[{"href":"https:\/\/www.eldiario.net\/portal\/wp-json\/wp\/v2\/posts\/198365","targetHints":{"allow":["GET"]}}],"collection":[{"href":"https:\/\/www.eldiario.net\/portal\/wp-json\/wp\/v2\/posts"}],"about":[{"href":"https:\/\/www.eldiario.net\/portal\/wp-json\/wp\/v2\/types\/post"}],"author":[{"embeddable":true,"href":"https:\/\/www.eldiario.net\/portal\/wp-json\/wp\/v2\/users\/1"}],"replies":[{"embeddable":true,"href":"https:\/\/www.eldiario.net\/portal\/wp-json\/wp\/v2\/comments?post=198365"}],"version-history":[{"count":1,"href":"https:\/\/www.eldiario.net\/portal\/wp-json\/wp\/v2\/posts\/198365\/revisions"}],"predecessor-version":[{"id":198367,"href":"https:\/\/www.eldiario.net\/portal\/wp-json\/wp\/v2\/posts\/198365\/revisions\/198367"}],"wp:featuredmedia":[{"embeddable":true,"href":"https:\/\/www.eldiario.net\/portal\/wp-json\/wp\/v2\/media\/198366"}],"wp:attachment":[{"href":"https:\/\/www.eldiario.net\/portal\/wp-json\/wp\/v2\/media?parent=198365"}],"wp:term":[{"taxonomy":"category","embeddable":true,"href":"https:\/\/www.eldiario.net\/portal\/wp-json\/wp\/v2\/categories?post=198365"},{"taxonomy":"post_tag","embeddable":true,"href":"https:\/\/www.eldiario.net\/portal\/wp-json\/wp\/v2\/tags?post=198365"}],"curies":[{"name":"wp","href":"https:\/\/api.w.org\/{rel}","templated":true}]}}