{"id":198362,"date":"2024-01-19T06:55:16","date_gmt":"2024-01-19T10:55:16","guid":{"rendered":"https:\/\/www.eldiario.net\/portal\/?p=198362"},"modified":"2024-01-19T06:55:16","modified_gmt":"2024-01-19T10:55:16","slug":"sensor-sin-baterias-que-funciona-solo-a-base-de-energia-ambiental","status":"publish","type":"post","link":"https:\/\/www.eldiario.net\/portal\/2024\/01\/19\/sensor-sin-baterias-que-funciona-solo-a-base-de-energia-ambiental\/","title":{"rendered":"Sensor sin bater\u00edas que funciona  solo a base de energ\u00eda ambiental"},"content":{"rendered":"<p>Investigadores del MIT (Massachusetts Institute of Technology) desarrollaron un sensor autoalimentado y sin bater\u00eda que puede recolectar energ\u00eda magn\u00e9tica de su entorno.<br \/>\nDebido a que no requiere bater\u00eda que deba recargarse o reemplazarse, adem\u00e1s a que no requiere cableado especial, dicho sensor podr\u00eda incrustarse en un lugar de dif\u00edcil acceso, como dentro del funcionamiento interno del motor de un barco. All\u00ed, podr\u00eda recopilar autom\u00e1ticamente datos sobre el consumo de energ\u00eda y las operaciones de la m\u00e1quina durante largos per\u00edodos de tiempo.<br \/>\nLos investigadores, cuyo trabajo se publica en IEEE Sensors Journal, construyeron un dispositivo sensor de temperatura que recolecta energ\u00eda del campo magn\u00e9tico generado al aire libre alrededor de un cable. Se podr\u00eda simplemente enganchar el sensor alrededor de un cable que transporta electricidad (tal vez el cable que alimenta un motor) y autom\u00e1ticamente recolectar\u00e1 y almacenar\u00e1 energ\u00eda que utilizar\u00e1 para monitorear la temperatura del motor.<br \/>\n\u201cEsta es energ\u00eda ambiental, energ\u00eda para la que no tengo que hacer una conexi\u00f3n soldada espec\u00edfica. Y eso hace que este sensor sea muy f\u00e1cil de instalar\u201d, se\u00f1ala en un comunicado Steve Leeb, profesor de Ingenier\u00eda El\u00e9ctrica e Inform\u00e1tica (EECS) y profesor de ingenier\u00eda mec\u00e1nica, miembro del Laboratorio de Investigaci\u00f3n de Electr\u00f3nica y autor principal del estudio.<br \/>\nLos investigadores tuvieron que afrontar tres desaf\u00edos clave para desarrollar un sensor de recolecci\u00f3n de energ\u00eda eficaz y sin bater\u00eda.<br \/>\nPrimero, el sistema debe poder arrancar en fr\u00edo, lo que significa que puede encender sus componentes electr\u00f3nicos sin voltaje inicial. Lo lograron con una red de circuitos integrados y transistores que permiten que el sistema almacene energ\u00eda hasta que alcance un cierto umbral. El sistema solo se encender\u00e1 una vez que haya almacenado suficiente energ\u00eda para funcionar completamente.<br \/>\nEn segundo lugar, el sistema debe almacenar y convertir la energ\u00eda que recolecta de manera eficiente y sin bater\u00eda. Si bien los investigadores podr\u00edan haber incluido una bater\u00eda, eso agregar\u00eda complejidades adicionales al sistema y podr\u00eda representar un riesgo de incendio.<br \/>\nPara evitar el uso de bater\u00eda, incorporan un almacenamiento de energ\u00eda interno que puede incluir una serie de condensadores. M\u00e1s simple que una bater\u00eda, un capacitor almacena energ\u00eda en el campo el\u00e9ctrico entre placas conductoras. Los condensadores se pueden fabricar a partir de una variedad de materiales y sus capacidades se pueden adaptar a una variedad de condiciones operativas, requisitos de seguridad y espacio disponible.<br \/>\nEl equipo dise\u00f1\u00f3 cuidadosamente los condensadores para que fueran lo suficientemente grandes como para almacenar la energ\u00eda que el dispositivo necesita para encenderse y comenzar a recolectar energ\u00eda, pero lo suficientemente peque\u00f1os como para que la fase de carga no demore demasiado.<br \/>\nAdem\u00e1s, dado que un sensor puede pasar semanas o incluso meses antes de encenderse para realizar una medici\u00f3n, se aseguraron de que los condensadores puedan retener suficiente energ\u00eda incluso si algo se escapa con el tiempo.<br \/>\nFinalmente, desarrollaron una serie de algoritmos de control que miden y presupuestan din\u00e1micamente la energ\u00eda recolectada, almacenada y utilizada por el dispositivo. Un microcontrolador, el \u201ccerebro\u201d de la interfaz de gesti\u00f3n de energ\u00eda, comprueba constantemente cu\u00e1nta energ\u00eda se almacena e infiere si se debe encender o apagar el sensor, tomar una medici\u00f3n o poner la cosechadora en una marcha m\u00e1s alta para que pueda recolectar m\u00e1s energ\u00eda para necesidades de detecci\u00f3n m\u00e1s complejas. (Europa Press)<br \/>\nXXXXXXXXXXXXXXXXXX<br \/>\nPIE DE FOTO: FOTO:<\/p>\n","protected":false},"excerpt":{"rendered":"<p>Investigadores del MIT (Massachusetts Institute of Technology) desarrollaron un sensor autoalimentado y sin bater\u00eda que puede recolectar energ\u00eda magn\u00e9tica de su entorno. Debido a que no requiere bater\u00eda que deba recargarse o reemplazarse, adem\u00e1s a que no requiere cableado especial, dicho sensor podr\u00eda incrustarse en un lugar de dif\u00edcil acceso, como dentro del funcionamiento interno [&hellip;]<\/p>\n","protected":false},"author":1,"featured_media":198363,"comment_status":"open","ping_status":"open","sticky":false,"template":"","format":"standard","meta":{"_acf_changed":false,"footnotes":""},"categories":[3],"tags":[],"class_list":["post-198362","post","type-post","status-publish","format-standard","has-post-thumbnail","category-internacional"],"acf":{"antetitulo":""},"yoast_head":"<!-- This site is optimized with the Yoast SEO plugin v28.4 - https:\/\/yoast.com\/product\/yoast-seo-wordpress\/ -->\n<title>Sensor sin bater\u00edas que funciona solo a base de energ\u00eda ambiental - El Diario - Bolivia<\/title>\n<meta name=\"robots\" content=\"index, follow, max-snippet:-1, max-image-preview:large, max-video-preview:-1\" \/>\n<link rel=\"canonical\" href=\"https:\/\/www.eldiario.net\/portal\/2024\/01\/19\/sensor-sin-baterias-que-funciona-solo-a-base-de-energia-ambiental\/\" \/>\n<meta property=\"og:locale\" content=\"es_ES\" \/>\n<meta property=\"og:type\" content=\"article\" \/>\n<meta property=\"og:title\" content=\"Sensor sin bater\u00edas que funciona solo a base de energ\u00eda ambiental - El Diario - Bolivia\" \/>\n<meta property=\"og:description\" content=\"Investigadores del MIT (Massachusetts Institute of Technology) desarrollaron un sensor autoalimentado y sin bater\u00eda que puede recolectar energ\u00eda magn\u00e9tica de su entorno. Debido a que no requiere bater\u00eda que deba recargarse o reemplazarse, adem\u00e1s a que no requiere cableado especial, dicho sensor podr\u00eda incrustarse en un lugar de dif\u00edcil acceso, como dentro del funcionamiento interno [&hellip;]\" \/>\n<meta property=\"og:url\" content=\"https:\/\/www.eldiario.net\/portal\/2024\/01\/19\/sensor-sin-baterias-que-funciona-solo-a-base-de-energia-ambiental\/\" \/>\n<meta property=\"og:site_name\" content=\"El Diario - Bolivia\" \/>\n<meta property=\"article:publisher\" content=\"https:\/\/www.facebook.com\/eldiario.bolivia\/\" \/>\n<meta property=\"article:published_time\" content=\"2024-01-19T10:55:16+00:00\" \/>\n<meta property=\"og:image\" content=\"https:\/\/www.eldiario.net\/portal\/wp-content\/uploads\/2024\/01\/ENERGIA.jpg\" \/>\n\t<meta property=\"og:image:width\" content=\"795\" \/>\n\t<meta property=\"og:image:height\" content=\"467\" \/>\n\t<meta property=\"og:image:type\" content=\"image\/jpeg\" \/>\n<meta name=\"author\" content=\"Jeanette\" \/>\n<meta name=\"twitter:card\" content=\"summary_large_image\" \/>\n<meta name=\"twitter:creator\" content=\"@eldiario_net\" \/>\n<meta name=\"twitter:site\" content=\"@eldiario_net\" \/>\n<meta name=\"twitter:label1\" content=\"Escrito por\" \/>\n\t<meta name=\"twitter:data1\" content=\"Jeanette\" \/>\n\t<meta name=\"twitter:label2\" content=\"Tiempo de lectura\" \/>\n\t<meta name=\"twitter:data2\" content=\"3 minutos\" \/>\n<script type=\"application\/ld+json\" class=\"yoast-schema-graph\">{\"@context\":\"https:\\\/\\\/schema.org\",\"@graph\":[{\"@type\":\"Article\",\"@id\":\"https:\\\/\\\/www.eldiario.net\\\/portal\\\/2024\\\/01\\\/19\\\/sensor-sin-baterias-que-funciona-solo-a-base-de-energia-ambiental\\\/#article\",\"isPartOf\":{\"@id\":\"https:\\\/\\\/www.eldiario.net\\\/portal\\\/2024\\\/01\\\/19\\\/sensor-sin-baterias-que-funciona-solo-a-base-de-energia-ambiental\\\/\"},\"author\":{\"name\":\"Jeanette\",\"@id\":\"https:\\\/\\\/www.eldiario.net\\\/portal\\\/#\\\/schema\\\/person\\\/2c57cf2b7a7ae032e449e4c9b1019eac\"},\"headline\":\"Sensor sin bater\u00edas que funciona solo a base de energ\u00eda ambiental\",\"datePublished\":\"2024-01-19T10:55:16+00:00\",\"mainEntityOfPage\":{\"@id\":\"https:\\\/\\\/www.eldiario.net\\\/portal\\\/2024\\\/01\\\/19\\\/sensor-sin-baterias-que-funciona-solo-a-base-de-energia-ambiental\\\/\"},\"wordCount\":626,\"commentCount\":0,\"publisher\":{\"@id\":\"https:\\\/\\\/www.eldiario.net\\\/portal\\\/#organization\"},\"image\":{\"@id\":\"https:\\\/\\\/www.eldiario.net\\\/portal\\\/2024\\\/01\\\/19\\\/sensor-sin-baterias-que-funciona-solo-a-base-de-energia-ambiental\\\/#primaryimage\"},\"thumbnailUrl\":\"https:\\\/\\\/www.eldiario.net\\\/portal\\\/wp-content\\\/uploads\\\/2024\\\/01\\\/ENERGIA.jpg\",\"articleSection\":[\"Internacional\"],\"inLanguage\":\"es\",\"potentialAction\":[{\"@type\":\"CommentAction\",\"name\":\"Comment\",\"target\":[\"https:\\\/\\\/www.eldiario.net\\\/portal\\\/2024\\\/01\\\/19\\\/sensor-sin-baterias-que-funciona-solo-a-base-de-energia-ambiental\\\/#respond\"]}]},{\"@type\":\"WebPage\",\"@id\":\"https:\\\/\\\/www.eldiario.net\\\/portal\\\/2024\\\/01\\\/19\\\/sensor-sin-baterias-que-funciona-solo-a-base-de-energia-ambiental\\\/\",\"url\":\"https:\\\/\\\/www.eldiario.net\\\/portal\\\/2024\\\/01\\\/19\\\/sensor-sin-baterias-que-funciona-solo-a-base-de-energia-ambiental\\\/\",\"name\":\"Sensor sin bater\u00edas que funciona solo a base de energ\u00eda ambiental - El Diario - Bolivia\",\"isPartOf\":{\"@id\":\"https:\\\/\\\/www.eldiario.net\\\/portal\\\/#website\"},\"primaryImageOfPage\":{\"@id\":\"https:\\\/\\\/www.eldiario.net\\\/portal\\\/2024\\\/01\\\/19\\\/sensor-sin-baterias-que-funciona-solo-a-base-de-energia-ambiental\\\/#primaryimage\"},\"image\":{\"@id\":\"https:\\\/\\\/www.eldiario.net\\\/portal\\\/2024\\\/01\\\/19\\\/sensor-sin-baterias-que-funciona-solo-a-base-de-energia-ambiental\\\/#primaryimage\"},\"thumbnailUrl\":\"https:\\\/\\\/www.eldiario.net\\\/portal\\\/wp-content\\\/uploads\\\/2024\\\/01\\\/ENERGIA.jpg\",\"datePublished\":\"2024-01-19T10:55:16+00:00\",\"breadcrumb\":{\"@id\":\"https:\\\/\\\/www.eldiario.net\\\/portal\\\/2024\\\/01\\\/19\\\/sensor-sin-baterias-que-funciona-solo-a-base-de-energia-ambiental\\\/#breadcrumb\"},\"inLanguage\":\"es\",\"potentialAction\":[{\"@type\":\"ReadAction\",\"target\":[\"https:\\\/\\\/www.eldiario.net\\\/portal\\\/2024\\\/01\\\/19\\\/sensor-sin-baterias-que-funciona-solo-a-base-de-energia-ambiental\\\/\"]}]},{\"@type\":\"ImageObject\",\"inLanguage\":\"es\",\"@id\":\"https:\\\/\\\/www.eldiario.net\\\/portal\\\/2024\\\/01\\\/19\\\/sensor-sin-baterias-que-funciona-solo-a-base-de-energia-ambiental\\\/#primaryimage\",\"url\":\"https:\\\/\\\/www.eldiario.net\\\/portal\\\/wp-content\\\/uploads\\\/2024\\\/01\\\/ENERGIA.jpg\",\"contentUrl\":\"https:\\\/\\\/www.eldiario.net\\\/portal\\\/wp-content\\\/uploads\\\/2024\\\/01\\\/ENERGIA.jpg\",\"width\":795,\"height\":467,\"caption\":\"EL SENSOR DE TEMPERATURA RECOLECTA ENERG\u00cdA DEL CAMPO MAGN\u00c9TICO.\"},{\"@type\":\"BreadcrumbList\",\"@id\":\"https:\\\/\\\/www.eldiario.net\\\/portal\\\/2024\\\/01\\\/19\\\/sensor-sin-baterias-que-funciona-solo-a-base-de-energia-ambiental\\\/#breadcrumb\",\"itemListElement\":[{\"@type\":\"ListItem\",\"position\":1,\"name\":\"Portada\",\"item\":\"https:\\\/\\\/www.eldiario.net\\\/portal\\\/\"},{\"@type\":\"ListItem\",\"position\":2,\"name\":\"Sensor sin bater\u00edas que funciona solo a base de energ\u00eda ambiental\"}]},{\"@type\":\"WebSite\",\"@id\":\"https:\\\/\\\/www.eldiario.net\\\/portal\\\/#website\",\"url\":\"https:\\\/\\\/www.eldiario.net\\\/portal\\\/\",\"name\":\"El Diario - Decano de la prensa nacional\",\"description\":\"El Diario - Decano de la prensa nacional\",\"publisher\":{\"@id\":\"https:\\\/\\\/www.eldiario.net\\\/portal\\\/#organization\"},\"potentialAction\":[{\"@type\":\"SearchAction\",\"target\":{\"@type\":\"EntryPoint\",\"urlTemplate\":\"https:\\\/\\\/www.eldiario.net\\\/portal\\\/?s={search_term_string}\"},\"query-input\":{\"@type\":\"PropertyValueSpecification\",\"valueRequired\":true,\"valueName\":\"search_term_string\"}}],\"inLanguage\":\"es\"},{\"@type\":\"Organization\",\"@id\":\"https:\\\/\\\/www.eldiario.net\\\/portal\\\/#organization\",\"name\":\"El Diario - Decano de la prensa nacional\",\"url\":\"https:\\\/\\\/www.eldiario.net\\\/portal\\\/\",\"logo\":{\"@type\":\"ImageObject\",\"inLanguage\":\"es\",\"@id\":\"https:\\\/\\\/www.eldiario.net\\\/portal\\\/#\\\/schema\\\/logo\\\/image\\\/\",\"url\":\"https:\\\/\\\/www.eldiario.net\\\/portal\\\/wp-content\\\/uploads\\\/2023\\\/07\\\/logo_ED.jpg\",\"contentUrl\":\"https:\\\/\\\/www.eldiario.net\\\/portal\\\/wp-content\\\/uploads\\\/2023\\\/07\\\/logo_ED.jpg\",\"width\":272,\"height\":52,\"caption\":\"El Diario - Decano de la prensa nacional\"},\"image\":{\"@id\":\"https:\\\/\\\/www.eldiario.net\\\/portal\\\/#\\\/schema\\\/logo\\\/image\\\/\"},\"sameAs\":[\"https:\\\/\\\/www.facebook.com\\\/eldiario.bolivia\\\/\",\"https:\\\/\\\/x.com\\\/eldiario_net\"]},{\"@type\":\"Person\",\"@id\":\"https:\\\/\\\/www.eldiario.net\\\/portal\\\/#\\\/schema\\\/person\\\/2c57cf2b7a7ae032e449e4c9b1019eac\",\"name\":\"Jeanette\",\"image\":{\"@type\":\"ImageObject\",\"inLanguage\":\"es\",\"@id\":\"https:\\\/\\\/secure.gravatar.com\\\/avatar\\\/3ea2118a5f7dad2b7138b1187a6b7ee55f160b9968b66013c3a3ef39dd7e5798?s=96&d=mm&r=g\",\"url\":\"https:\\\/\\\/secure.gravatar.com\\\/avatar\\\/3ea2118a5f7dad2b7138b1187a6b7ee55f160b9968b66013c3a3ef39dd7e5798?s=96&d=mm&r=g\",\"contentUrl\":\"https:\\\/\\\/secure.gravatar.com\\\/avatar\\\/3ea2118a5f7dad2b7138b1187a6b7ee55f160b9968b66013c3a3ef39dd7e5798?s=96&d=mm&r=g\",\"caption\":\"Jeanette\"},\"sameAs\":[\"https:\\\/\\\/www.eldiario.net\\\/portal\"],\"url\":\"https:\\\/\\\/www.eldiario.net\\\/portal\\\/author\\\/jeanette\\\/\"}]}<\/script>\n<!-- \/ Yoast SEO plugin. -->","yoast_head_json":{"title":"Sensor sin bater\u00edas que funciona solo a base de energ\u00eda ambiental - El Diario - Bolivia","robots":{"index":"index","follow":"follow","max-snippet":"max-snippet:-1","max-image-preview":"max-image-preview:large","max-video-preview":"max-video-preview:-1"},"canonical":"https:\/\/www.eldiario.net\/portal\/2024\/01\/19\/sensor-sin-baterias-que-funciona-solo-a-base-de-energia-ambiental\/","og_locale":"es_ES","og_type":"article","og_title":"Sensor sin bater\u00edas que funciona solo a base de energ\u00eda ambiental - El Diario - Bolivia","og_description":"Investigadores del MIT (Massachusetts Institute of Technology) desarrollaron un sensor autoalimentado y sin bater\u00eda que puede recolectar energ\u00eda magn\u00e9tica de su entorno. Debido a que no requiere bater\u00eda que deba recargarse o reemplazarse, adem\u00e1s a que no requiere cableado especial, dicho sensor podr\u00eda incrustarse en un lugar de dif\u00edcil acceso, como dentro del funcionamiento interno [&hellip;]","og_url":"https:\/\/www.eldiario.net\/portal\/2024\/01\/19\/sensor-sin-baterias-que-funciona-solo-a-base-de-energia-ambiental\/","og_site_name":"El Diario - Bolivia","article_publisher":"https:\/\/www.facebook.com\/eldiario.bolivia\/","article_published_time":"2024-01-19T10:55:16+00:00","og_image":[{"width":795,"height":467,"url":"https:\/\/www.eldiario.net\/portal\/wp-content\/uploads\/2024\/01\/ENERGIA.jpg","type":"image\/jpeg"}],"author":"Jeanette","twitter_card":"summary_large_image","twitter_creator":"@eldiario_net","twitter_site":"@eldiario_net","twitter_misc":{"Escrito por":"Jeanette","Tiempo de lectura":"3 minutos"},"schema":{"@context":"https:\/\/schema.org","@graph":[{"@type":"Article","@id":"https:\/\/www.eldiario.net\/portal\/2024\/01\/19\/sensor-sin-baterias-que-funciona-solo-a-base-de-energia-ambiental\/#article","isPartOf":{"@id":"https:\/\/www.eldiario.net\/portal\/2024\/01\/19\/sensor-sin-baterias-que-funciona-solo-a-base-de-energia-ambiental\/"},"author":{"name":"Jeanette","@id":"https:\/\/www.eldiario.net\/portal\/#\/schema\/person\/2c57cf2b7a7ae032e449e4c9b1019eac"},"headline":"Sensor sin bater\u00edas que funciona solo a base de energ\u00eda ambiental","datePublished":"2024-01-19T10:55:16+00:00","mainEntityOfPage":{"@id":"https:\/\/www.eldiario.net\/portal\/2024\/01\/19\/sensor-sin-baterias-que-funciona-solo-a-base-de-energia-ambiental\/"},"wordCount":626,"commentCount":0,"publisher":{"@id":"https:\/\/www.eldiario.net\/portal\/#organization"},"image":{"@id":"https:\/\/www.eldiario.net\/portal\/2024\/01\/19\/sensor-sin-baterias-que-funciona-solo-a-base-de-energia-ambiental\/#primaryimage"},"thumbnailUrl":"https:\/\/www.eldiario.net\/portal\/wp-content\/uploads\/2024\/01\/ENERGIA.jpg","articleSection":["Internacional"],"inLanguage":"es","potentialAction":[{"@type":"CommentAction","name":"Comment","target":["https:\/\/www.eldiario.net\/portal\/2024\/01\/19\/sensor-sin-baterias-que-funciona-solo-a-base-de-energia-ambiental\/#respond"]}]},{"@type":"WebPage","@id":"https:\/\/www.eldiario.net\/portal\/2024\/01\/19\/sensor-sin-baterias-que-funciona-solo-a-base-de-energia-ambiental\/","url":"https:\/\/www.eldiario.net\/portal\/2024\/01\/19\/sensor-sin-baterias-que-funciona-solo-a-base-de-energia-ambiental\/","name":"Sensor sin bater\u00edas que funciona solo a base de energ\u00eda ambiental - El Diario - Bolivia","isPartOf":{"@id":"https:\/\/www.eldiario.net\/portal\/#website"},"primaryImageOfPage":{"@id":"https:\/\/www.eldiario.net\/portal\/2024\/01\/19\/sensor-sin-baterias-que-funciona-solo-a-base-de-energia-ambiental\/#primaryimage"},"image":{"@id":"https:\/\/www.eldiario.net\/portal\/2024\/01\/19\/sensor-sin-baterias-que-funciona-solo-a-base-de-energia-ambiental\/#primaryimage"},"thumbnailUrl":"https:\/\/www.eldiario.net\/portal\/wp-content\/uploads\/2024\/01\/ENERGIA.jpg","datePublished":"2024-01-19T10:55:16+00:00","breadcrumb":{"@id":"https:\/\/www.eldiario.net\/portal\/2024\/01\/19\/sensor-sin-baterias-que-funciona-solo-a-base-de-energia-ambiental\/#breadcrumb"},"inLanguage":"es","potentialAction":[{"@type":"ReadAction","target":["https:\/\/www.eldiario.net\/portal\/2024\/01\/19\/sensor-sin-baterias-que-funciona-solo-a-base-de-energia-ambiental\/"]}]},{"@type":"ImageObject","inLanguage":"es","@id":"https:\/\/www.eldiario.net\/portal\/2024\/01\/19\/sensor-sin-baterias-que-funciona-solo-a-base-de-energia-ambiental\/#primaryimage","url":"https:\/\/www.eldiario.net\/portal\/wp-content\/uploads\/2024\/01\/ENERGIA.jpg","contentUrl":"https:\/\/www.eldiario.net\/portal\/wp-content\/uploads\/2024\/01\/ENERGIA.jpg","width":795,"height":467,"caption":"EL SENSOR DE TEMPERATURA RECOLECTA ENERG\u00cdA DEL CAMPO MAGN\u00c9TICO."},{"@type":"BreadcrumbList","@id":"https:\/\/www.eldiario.net\/portal\/2024\/01\/19\/sensor-sin-baterias-que-funciona-solo-a-base-de-energia-ambiental\/#breadcrumb","itemListElement":[{"@type":"ListItem","position":1,"name":"Portada","item":"https:\/\/www.eldiario.net\/portal\/"},{"@type":"ListItem","position":2,"name":"Sensor sin bater\u00edas que funciona solo a base de energ\u00eda ambiental"}]},{"@type":"WebSite","@id":"https:\/\/www.eldiario.net\/portal\/#website","url":"https:\/\/www.eldiario.net\/portal\/","name":"El Diario - Decano de la prensa nacional","description":"El Diario - Decano de la prensa nacional","publisher":{"@id":"https:\/\/www.eldiario.net\/portal\/#organization"},"potentialAction":[{"@type":"SearchAction","target":{"@type":"EntryPoint","urlTemplate":"https:\/\/www.eldiario.net\/portal\/?s={search_term_string}"},"query-input":{"@type":"PropertyValueSpecification","valueRequired":true,"valueName":"search_term_string"}}],"inLanguage":"es"},{"@type":"Organization","@id":"https:\/\/www.eldiario.net\/portal\/#organization","name":"El Diario - Decano de la prensa nacional","url":"https:\/\/www.eldiario.net\/portal\/","logo":{"@type":"ImageObject","inLanguage":"es","@id":"https:\/\/www.eldiario.net\/portal\/#\/schema\/logo\/image\/","url":"https:\/\/www.eldiario.net\/portal\/wp-content\/uploads\/2023\/07\/logo_ED.jpg","contentUrl":"https:\/\/www.eldiario.net\/portal\/wp-content\/uploads\/2023\/07\/logo_ED.jpg","width":272,"height":52,"caption":"El Diario - Decano de la prensa nacional"},"image":{"@id":"https:\/\/www.eldiario.net\/portal\/#\/schema\/logo\/image\/"},"sameAs":["https:\/\/www.facebook.com\/eldiario.bolivia\/","https:\/\/x.com\/eldiario_net"]},{"@type":"Person","@id":"https:\/\/www.eldiario.net\/portal\/#\/schema\/person\/2c57cf2b7a7ae032e449e4c9b1019eac","name":"Jeanette","image":{"@type":"ImageObject","inLanguage":"es","@id":"https:\/\/secure.gravatar.com\/avatar\/3ea2118a5f7dad2b7138b1187a6b7ee55f160b9968b66013c3a3ef39dd7e5798?s=96&d=mm&r=g","url":"https:\/\/secure.gravatar.com\/avatar\/3ea2118a5f7dad2b7138b1187a6b7ee55f160b9968b66013c3a3ef39dd7e5798?s=96&d=mm&r=g","contentUrl":"https:\/\/secure.gravatar.com\/avatar\/3ea2118a5f7dad2b7138b1187a6b7ee55f160b9968b66013c3a3ef39dd7e5798?s=96&d=mm&r=g","caption":"Jeanette"},"sameAs":["https:\/\/www.eldiario.net\/portal"],"url":"https:\/\/www.eldiario.net\/portal\/author\/jeanette\/"}]}},"_links":{"self":[{"href":"https:\/\/www.eldiario.net\/portal\/wp-json\/wp\/v2\/posts\/198362","targetHints":{"allow":["GET"]}}],"collection":[{"href":"https:\/\/www.eldiario.net\/portal\/wp-json\/wp\/v2\/posts"}],"about":[{"href":"https:\/\/www.eldiario.net\/portal\/wp-json\/wp\/v2\/types\/post"}],"author":[{"embeddable":true,"href":"https:\/\/www.eldiario.net\/portal\/wp-json\/wp\/v2\/users\/1"}],"replies":[{"embeddable":true,"href":"https:\/\/www.eldiario.net\/portal\/wp-json\/wp\/v2\/comments?post=198362"}],"version-history":[{"count":1,"href":"https:\/\/www.eldiario.net\/portal\/wp-json\/wp\/v2\/posts\/198362\/revisions"}],"predecessor-version":[{"id":198364,"href":"https:\/\/www.eldiario.net\/portal\/wp-json\/wp\/v2\/posts\/198362\/revisions\/198364"}],"wp:featuredmedia":[{"embeddable":true,"href":"https:\/\/www.eldiario.net\/portal\/wp-json\/wp\/v2\/media\/198363"}],"wp:attachment":[{"href":"https:\/\/www.eldiario.net\/portal\/wp-json\/wp\/v2\/media?parent=198362"}],"wp:term":[{"taxonomy":"category","embeddable":true,"href":"https:\/\/www.eldiario.net\/portal\/wp-json\/wp\/v2\/categories?post=198362"},{"taxonomy":"post_tag","embeddable":true,"href":"https:\/\/www.eldiario.net\/portal\/wp-json\/wp\/v2\/tags?post=198362"}],"curies":[{"name":"wp","href":"https:\/\/api.w.org\/{rel}","templated":true}]}}