{"id":198358,"date":"2024-01-19T06:53:08","date_gmt":"2024-01-19T10:53:08","guid":{"rendered":"https:\/\/www.eldiario.net\/portal\/?p=198358"},"modified":"2024-01-19T06:53:08","modified_gmt":"2024-01-19T10:53:08","slug":"policia-de-ecuador-busca-otros-dos-sospechosos-por-asesinato-de-fiscal","status":"publish","type":"post","link":"https:\/\/www.eldiario.net\/portal\/2024\/01\/19\/policia-de-ecuador-busca-otros-dos-sospechosos-por-asesinato-de-fiscal\/","title":{"rendered":"Polic\u00eda de Ecuador busca otros dos  sospechosos por asesinato de fiscal"},"content":{"rendered":"<p>La Polic\u00eda Nacional de Ecuador est\u00e1 tras la pista de otros dos sospechosos de participar en el homicidio del fiscal C\u00e9sar Su\u00e1rez, quien fue asesinado a tiros mientras circulaba en su veh\u00edculo por el norte de Guayaquil, tras haber detenido a dos presuntos implicados en el crimen.<br \/>\nSeg\u00fan las primeras investigaciones, fueron cuatro hombres, uno de ellos con un chaleco de un oficial de tr\u00e1nsito, los que iban a bordo del veh\u00edculo desde donde le dispararon a Su\u00e1rez en al menos 18 ocasiones. Ese autom\u00f3vil fue incinerado horas despu\u00e9s en otra zona del norte de Guayaquil.<br \/>\nLa hip\u00f3tesis que maneja la Polic\u00eda es que estos delincuentes pertenecer\u00edan a la banda criminal llamada \u2018Chone Killer\u2019, una de las 22 que desde la semana pasada est\u00e1n consideradas por el Gobierno ecuatoriano como grupos terroristas.<br \/>\n\u201cLa motivaci\u00f3n todav\u00eda sigue en investigaciones y como estamos en flagrancia, esperamos tener pronto el paradero de los otros dos sicarios que estaban en la parte de atr\u00e1s del veh\u00edculo que fue incinerado\u201d, dijo en una rueda de prensa el general V\u00edctor Herrera, comandante de Polic\u00eda de la Zona 8.<br \/>\nLa banda \u2018Chone Killer\u2019 tiene mayor influencia en el cant\u00f3n (municipio) de Dur\u00e1n, que forma parte del \u00e1rea metropolitana de Guayaquil.<br \/>\nEl oficial detall\u00f3 que el fiscal Su\u00e1rez, quien hab\u00eda interrogado a los 13 detenidos que la semana pasada irrumpieron armados en los estudios del canal TC Televisi\u00f3n, se encontraba al medio d\u00eda en las oficinas de la Polic\u00eda Judicial y que a las 12:56 hora local (17:56 GMT) ingres\u00f3 a su casa, tambi\u00e9n en el norte de Guayaquil y cerca de donde lo asesinaron.<br \/>\nEl segundo veh\u00edculo era conducido por un hombre que vest\u00eda un chaleco de color verde, similar al que usan los agentes de tr\u00e1nsito de Guayaquil. Los investigadores sospechan que lo portaba para evitar controles. \u201cDel lado derecho hab\u00eda dos pasajeros\u201d.<br \/>\nEn el lugar del asesinato, la Polic\u00eda encontr\u00f3 18 indicios bal\u00edsticos, 12 que corresponden a un arma larga y los otros 6 son de un arma corta.<br \/>\nTras el crimen, los sicarios escaparon hacia otra zona del norte de Guayaquil donde incineraron uno de los veh\u00edculos y dos de los pasajeros huyeron en un taxi y en una moto. Uno de ellos se escondi\u00f3 en un motel para evitar ser capturado. En los allanamientos encontraron un fusil, dos pistolas y el chaleco que us\u00f3 el conductor.<br \/>\nUno de los detenidos, seg\u00fan Herrera, ser\u00eda uno de los que dispar\u00f3 a Su\u00e1rez.<br \/>\nCon respecto a la custodia del fiscal, el general Herrera reiter\u00f3 que Su\u00e1rez tuvo seguridad hasta mayo de 2023 y que luego no hizo el seguimiento para una actualizaci\u00f3n de su nivel de riesgo.<br \/>\nDijo tambi\u00e9n que esa tarde, el fiscal no pidi\u00f3 a los agentes que lo acompa\u00f1aran a su casa por la cercan\u00eda que exist\u00eda entre su hogar y su lugar de trabajo.<br \/>\nEl jefe policial espera que dentro de estas 48 horas, luego del crimen puedan llegar hasta los autores intelectuales y desminti\u00f3 los rumores de que la orden de su asesinato sali\u00f3 desde la C\u00e1rcel Regional de Guayaquil, a la cual ingresaron polic\u00edas y militares esta ma\u00f1ana para realizar un operativo.<br \/>\nEl asesinato de Su\u00e1rez rompi\u00f3 la sensaci\u00f3n de tensa calma con la que los ecuatorianos trataban de recuperar la normalidad tras la oleada de violencia, atentados, secuestros y motines carcelarios con rehenes de la pasada semana, atribuida a las bandas del crimen organizado. (Infobae\/Efe)<\/p>\n","protected":false},"excerpt":{"rendered":"<p>La Polic\u00eda Nacional de Ecuador est\u00e1 tras la pista de otros dos sospechosos de participar en el homicidio del fiscal C\u00e9sar Su\u00e1rez, quien fue asesinado a tiros mientras circulaba en su veh\u00edculo por el norte de Guayaquil, tras haber detenido a dos presuntos implicados en el crimen. Seg\u00fan las primeras investigaciones, fueron cuatro hombres, uno [&hellip;]<\/p>\n","protected":false},"author":1,"featured_media":194703,"comment_status":"open","ping_status":"open","sticky":false,"template":"","format":"standard","meta":{"_acf_changed":false,"footnotes":""},"categories":[3],"tags":[],"class_list":["post-198358","post","type-post","status-publish","format-standard","has-post-thumbnail","category-internacional"],"acf":{"antetitulo":"Caso fiscal C\u00e9sar Su\u00e1rez muerto a tiros"},"yoast_head":"<!-- This site is optimized with the Yoast SEO plugin v28.4 - https:\/\/yoast.com\/product\/yoast-seo-wordpress\/ -->\n<title>Polic\u00eda de Ecuador busca otros dos sospechosos por asesinato de fiscal - El Diario - Bolivia<\/title>\n<meta name=\"robots\" content=\"index, follow, max-snippet:-1, max-image-preview:large, max-video-preview:-1\" \/>\n<link rel=\"canonical\" href=\"https:\/\/www.eldiario.net\/portal\/2024\/01\/19\/policia-de-ecuador-busca-otros-dos-sospechosos-por-asesinato-de-fiscal\/\" \/>\n<meta property=\"og:locale\" content=\"es_ES\" \/>\n<meta property=\"og:type\" content=\"article\" \/>\n<meta property=\"og:title\" content=\"Polic\u00eda de Ecuador busca otros dos sospechosos por asesinato de fiscal - El Diario - Bolivia\" \/>\n<meta property=\"og:description\" content=\"La Polic\u00eda Nacional de Ecuador est\u00e1 tras la pista de otros dos sospechosos de participar en el homicidio del fiscal C\u00e9sar Su\u00e1rez, quien fue asesinado a tiros mientras circulaba en su veh\u00edculo por el norte de Guayaquil, tras haber detenido a dos presuntos implicados en el crimen. Seg\u00fan las primeras investigaciones, fueron cuatro hombres, uno [&hellip;]\" \/>\n<meta property=\"og:url\" content=\"https:\/\/www.eldiario.net\/portal\/2024\/01\/19\/policia-de-ecuador-busca-otros-dos-sospechosos-por-asesinato-de-fiscal\/\" \/>\n<meta property=\"og:site_name\" content=\"El Diario - Bolivia\" \/>\n<meta property=\"article:publisher\" content=\"https:\/\/www.facebook.com\/eldiario.bolivia\/\" \/>\n<meta property=\"article:published_time\" content=\"2024-01-19T10:53:08+00:00\" \/>\n<meta property=\"og:image\" content=\"https:\/\/www.eldiario.net\/portal\/wp-content\/uploads\/2023\/12\/Internacional.jpg\" \/>\n\t<meta property=\"og:image:width\" content=\"800\" \/>\n\t<meta property=\"og:image:height\" content=\"500\" \/>\n\t<meta property=\"og:image:type\" content=\"image\/jpeg\" \/>\n<meta name=\"author\" content=\"Jeanette\" \/>\n<meta name=\"twitter:card\" content=\"summary_large_image\" \/>\n<meta name=\"twitter:creator\" content=\"@eldiario_net\" \/>\n<meta name=\"twitter:site\" content=\"@eldiario_net\" \/>\n<meta name=\"twitter:label1\" content=\"Escrito por\" \/>\n\t<meta name=\"twitter:data1\" content=\"Jeanette\" \/>\n\t<meta name=\"twitter:label2\" content=\"Tiempo de lectura\" \/>\n\t<meta name=\"twitter:data2\" content=\"3 minutos\" \/>\n<script type=\"application\/ld+json\" class=\"yoast-schema-graph\">{\"@context\":\"https:\\\/\\\/schema.org\",\"@graph\":[{\"@type\":\"Article\",\"@id\":\"https:\\\/\\\/www.eldiario.net\\\/portal\\\/2024\\\/01\\\/19\\\/policia-de-ecuador-busca-otros-dos-sospechosos-por-asesinato-de-fiscal\\\/#article\",\"isPartOf\":{\"@id\":\"https:\\\/\\\/www.eldiario.net\\\/portal\\\/2024\\\/01\\\/19\\\/policia-de-ecuador-busca-otros-dos-sospechosos-por-asesinato-de-fiscal\\\/\"},\"author\":{\"name\":\"Jeanette\",\"@id\":\"https:\\\/\\\/www.eldiario.net\\\/portal\\\/#\\\/schema\\\/person\\\/2c57cf2b7a7ae032e449e4c9b1019eac\"},\"headline\":\"Polic\u00eda de Ecuador busca otros dos sospechosos por asesinato de fiscal\",\"datePublished\":\"2024-01-19T10:53:08+00:00\",\"mainEntityOfPage\":{\"@id\":\"https:\\\/\\\/www.eldiario.net\\\/portal\\\/2024\\\/01\\\/19\\\/policia-de-ecuador-busca-otros-dos-sospechosos-por-asesinato-de-fiscal\\\/\"},\"wordCount\":617,\"commentCount\":0,\"publisher\":{\"@id\":\"https:\\\/\\\/www.eldiario.net\\\/portal\\\/#organization\"},\"image\":{\"@id\":\"https:\\\/\\\/www.eldiario.net\\\/portal\\\/2024\\\/01\\\/19\\\/policia-de-ecuador-busca-otros-dos-sospechosos-por-asesinato-de-fiscal\\\/#primaryimage\"},\"thumbnailUrl\":\"https:\\\/\\\/www.eldiario.net\\\/portal\\\/wp-content\\\/uploads\\\/2023\\\/12\\\/Internacional.jpg\",\"articleSection\":[\"Internacional\"],\"inLanguage\":\"es\",\"potentialAction\":[{\"@type\":\"CommentAction\",\"name\":\"Comment\",\"target\":[\"https:\\\/\\\/www.eldiario.net\\\/portal\\\/2024\\\/01\\\/19\\\/policia-de-ecuador-busca-otros-dos-sospechosos-por-asesinato-de-fiscal\\\/#respond\"]}]},{\"@type\":\"WebPage\",\"@id\":\"https:\\\/\\\/www.eldiario.net\\\/portal\\\/2024\\\/01\\\/19\\\/policia-de-ecuador-busca-otros-dos-sospechosos-por-asesinato-de-fiscal\\\/\",\"url\":\"https:\\\/\\\/www.eldiario.net\\\/portal\\\/2024\\\/01\\\/19\\\/policia-de-ecuador-busca-otros-dos-sospechosos-por-asesinato-de-fiscal\\\/\",\"name\":\"Polic\u00eda de Ecuador busca otros dos sospechosos por asesinato de fiscal - El Diario - Bolivia\",\"isPartOf\":{\"@id\":\"https:\\\/\\\/www.eldiario.net\\\/portal\\\/#website\"},\"primaryImageOfPage\":{\"@id\":\"https:\\\/\\\/www.eldiario.net\\\/portal\\\/2024\\\/01\\\/19\\\/policia-de-ecuador-busca-otros-dos-sospechosos-por-asesinato-de-fiscal\\\/#primaryimage\"},\"image\":{\"@id\":\"https:\\\/\\\/www.eldiario.net\\\/portal\\\/2024\\\/01\\\/19\\\/policia-de-ecuador-busca-otros-dos-sospechosos-por-asesinato-de-fiscal\\\/#primaryimage\"},\"thumbnailUrl\":\"https:\\\/\\\/www.eldiario.net\\\/portal\\\/wp-content\\\/uploads\\\/2023\\\/12\\\/Internacional.jpg\",\"datePublished\":\"2024-01-19T10:53:08+00:00\",\"breadcrumb\":{\"@id\":\"https:\\\/\\\/www.eldiario.net\\\/portal\\\/2024\\\/01\\\/19\\\/policia-de-ecuador-busca-otros-dos-sospechosos-por-asesinato-de-fiscal\\\/#breadcrumb\"},\"inLanguage\":\"es\",\"potentialAction\":[{\"@type\":\"ReadAction\",\"target\":[\"https:\\\/\\\/www.eldiario.net\\\/portal\\\/2024\\\/01\\\/19\\\/policia-de-ecuador-busca-otros-dos-sospechosos-por-asesinato-de-fiscal\\\/\"]}]},{\"@type\":\"ImageObject\",\"inLanguage\":\"es\",\"@id\":\"https:\\\/\\\/www.eldiario.net\\\/portal\\\/2024\\\/01\\\/19\\\/policia-de-ecuador-busca-otros-dos-sospechosos-por-asesinato-de-fiscal\\\/#primaryimage\",\"url\":\"https:\\\/\\\/www.eldiario.net\\\/portal\\\/wp-content\\\/uploads\\\/2023\\\/12\\\/Internacional.jpg\",\"contentUrl\":\"https:\\\/\\\/www.eldiario.net\\\/portal\\\/wp-content\\\/uploads\\\/2023\\\/12\\\/Internacional.jpg\",\"width\":800,\"height\":500},{\"@type\":\"BreadcrumbList\",\"@id\":\"https:\\\/\\\/www.eldiario.net\\\/portal\\\/2024\\\/01\\\/19\\\/policia-de-ecuador-busca-otros-dos-sospechosos-por-asesinato-de-fiscal\\\/#breadcrumb\",\"itemListElement\":[{\"@type\":\"ListItem\",\"position\":1,\"name\":\"Portada\",\"item\":\"https:\\\/\\\/www.eldiario.net\\\/portal\\\/\"},{\"@type\":\"ListItem\",\"position\":2,\"name\":\"Polic\u00eda de Ecuador busca otros dos sospechosos por asesinato de fiscal\"}]},{\"@type\":\"WebSite\",\"@id\":\"https:\\\/\\\/www.eldiario.net\\\/portal\\\/#website\",\"url\":\"https:\\\/\\\/www.eldiario.net\\\/portal\\\/\",\"name\":\"El Diario - Decano de la prensa nacional\",\"description\":\"El Diario - Decano de la prensa nacional\",\"publisher\":{\"@id\":\"https:\\\/\\\/www.eldiario.net\\\/portal\\\/#organization\"},\"potentialAction\":[{\"@type\":\"SearchAction\",\"target\":{\"@type\":\"EntryPoint\",\"urlTemplate\":\"https:\\\/\\\/www.eldiario.net\\\/portal\\\/?s={search_term_string}\"},\"query-input\":{\"@type\":\"PropertyValueSpecification\",\"valueRequired\":true,\"valueName\":\"search_term_string\"}}],\"inLanguage\":\"es\"},{\"@type\":\"Organization\",\"@id\":\"https:\\\/\\\/www.eldiario.net\\\/portal\\\/#organization\",\"name\":\"El Diario - Decano de la prensa nacional\",\"url\":\"https:\\\/\\\/www.eldiario.net\\\/portal\\\/\",\"logo\":{\"@type\":\"ImageObject\",\"inLanguage\":\"es\",\"@id\":\"https:\\\/\\\/www.eldiario.net\\\/portal\\\/#\\\/schema\\\/logo\\\/image\\\/\",\"url\":\"https:\\\/\\\/www.eldiario.net\\\/portal\\\/wp-content\\\/uploads\\\/2023\\\/07\\\/logo_ED.jpg\",\"contentUrl\":\"https:\\\/\\\/www.eldiario.net\\\/portal\\\/wp-content\\\/uploads\\\/2023\\\/07\\\/logo_ED.jpg\",\"width\":272,\"height\":52,\"caption\":\"El Diario - Decano de la prensa nacional\"},\"image\":{\"@id\":\"https:\\\/\\\/www.eldiario.net\\\/portal\\\/#\\\/schema\\\/logo\\\/image\\\/\"},\"sameAs\":[\"https:\\\/\\\/www.facebook.com\\\/eldiario.bolivia\\\/\",\"https:\\\/\\\/x.com\\\/eldiario_net\"]},{\"@type\":\"Person\",\"@id\":\"https:\\\/\\\/www.eldiario.net\\\/portal\\\/#\\\/schema\\\/person\\\/2c57cf2b7a7ae032e449e4c9b1019eac\",\"name\":\"Jeanette\",\"image\":{\"@type\":\"ImageObject\",\"inLanguage\":\"es\",\"@id\":\"https:\\\/\\\/secure.gravatar.com\\\/avatar\\\/3ea2118a5f7dad2b7138b1187a6b7ee55f160b9968b66013c3a3ef39dd7e5798?s=96&d=mm&r=g\",\"url\":\"https:\\\/\\\/secure.gravatar.com\\\/avatar\\\/3ea2118a5f7dad2b7138b1187a6b7ee55f160b9968b66013c3a3ef39dd7e5798?s=96&d=mm&r=g\",\"contentUrl\":\"https:\\\/\\\/secure.gravatar.com\\\/avatar\\\/3ea2118a5f7dad2b7138b1187a6b7ee55f160b9968b66013c3a3ef39dd7e5798?s=96&d=mm&r=g\",\"caption\":\"Jeanette\"},\"sameAs\":[\"https:\\\/\\\/www.eldiario.net\\\/portal\"],\"url\":\"https:\\\/\\\/www.eldiario.net\\\/portal\\\/author\\\/jeanette\\\/\"}]}<\/script>\n<!-- \/ Yoast SEO plugin. -->","yoast_head_json":{"title":"Polic\u00eda de Ecuador busca otros dos sospechosos por asesinato de fiscal - El Diario - Bolivia","robots":{"index":"index","follow":"follow","max-snippet":"max-snippet:-1","max-image-preview":"max-image-preview:large","max-video-preview":"max-video-preview:-1"},"canonical":"https:\/\/www.eldiario.net\/portal\/2024\/01\/19\/policia-de-ecuador-busca-otros-dos-sospechosos-por-asesinato-de-fiscal\/","og_locale":"es_ES","og_type":"article","og_title":"Polic\u00eda de Ecuador busca otros dos sospechosos por asesinato de fiscal - El Diario - Bolivia","og_description":"La Polic\u00eda Nacional de Ecuador est\u00e1 tras la pista de otros dos sospechosos de participar en el homicidio del fiscal C\u00e9sar Su\u00e1rez, quien fue asesinado a tiros mientras circulaba en su veh\u00edculo por el norte de Guayaquil, tras haber detenido a dos presuntos implicados en el crimen. Seg\u00fan las primeras investigaciones, fueron cuatro hombres, uno [&hellip;]","og_url":"https:\/\/www.eldiario.net\/portal\/2024\/01\/19\/policia-de-ecuador-busca-otros-dos-sospechosos-por-asesinato-de-fiscal\/","og_site_name":"El Diario - Bolivia","article_publisher":"https:\/\/www.facebook.com\/eldiario.bolivia\/","article_published_time":"2024-01-19T10:53:08+00:00","og_image":[{"width":800,"height":500,"url":"https:\/\/www.eldiario.net\/portal\/wp-content\/uploads\/2023\/12\/Internacional.jpg","type":"image\/jpeg"}],"author":"Jeanette","twitter_card":"summary_large_image","twitter_creator":"@eldiario_net","twitter_site":"@eldiario_net","twitter_misc":{"Escrito por":"Jeanette","Tiempo de lectura":"3 minutos"},"schema":{"@context":"https:\/\/schema.org","@graph":[{"@type":"Article","@id":"https:\/\/www.eldiario.net\/portal\/2024\/01\/19\/policia-de-ecuador-busca-otros-dos-sospechosos-por-asesinato-de-fiscal\/#article","isPartOf":{"@id":"https:\/\/www.eldiario.net\/portal\/2024\/01\/19\/policia-de-ecuador-busca-otros-dos-sospechosos-por-asesinato-de-fiscal\/"},"author":{"name":"Jeanette","@id":"https:\/\/www.eldiario.net\/portal\/#\/schema\/person\/2c57cf2b7a7ae032e449e4c9b1019eac"},"headline":"Polic\u00eda de Ecuador busca otros dos sospechosos por asesinato de fiscal","datePublished":"2024-01-19T10:53:08+00:00","mainEntityOfPage":{"@id":"https:\/\/www.eldiario.net\/portal\/2024\/01\/19\/policia-de-ecuador-busca-otros-dos-sospechosos-por-asesinato-de-fiscal\/"},"wordCount":617,"commentCount":0,"publisher":{"@id":"https:\/\/www.eldiario.net\/portal\/#organization"},"image":{"@id":"https:\/\/www.eldiario.net\/portal\/2024\/01\/19\/policia-de-ecuador-busca-otros-dos-sospechosos-por-asesinato-de-fiscal\/#primaryimage"},"thumbnailUrl":"https:\/\/www.eldiario.net\/portal\/wp-content\/uploads\/2023\/12\/Internacional.jpg","articleSection":["Internacional"],"inLanguage":"es","potentialAction":[{"@type":"CommentAction","name":"Comment","target":["https:\/\/www.eldiario.net\/portal\/2024\/01\/19\/policia-de-ecuador-busca-otros-dos-sospechosos-por-asesinato-de-fiscal\/#respond"]}]},{"@type":"WebPage","@id":"https:\/\/www.eldiario.net\/portal\/2024\/01\/19\/policia-de-ecuador-busca-otros-dos-sospechosos-por-asesinato-de-fiscal\/","url":"https:\/\/www.eldiario.net\/portal\/2024\/01\/19\/policia-de-ecuador-busca-otros-dos-sospechosos-por-asesinato-de-fiscal\/","name":"Polic\u00eda de Ecuador busca otros dos sospechosos por asesinato de fiscal - El Diario - Bolivia","isPartOf":{"@id":"https:\/\/www.eldiario.net\/portal\/#website"},"primaryImageOfPage":{"@id":"https:\/\/www.eldiario.net\/portal\/2024\/01\/19\/policia-de-ecuador-busca-otros-dos-sospechosos-por-asesinato-de-fiscal\/#primaryimage"},"image":{"@id":"https:\/\/www.eldiario.net\/portal\/2024\/01\/19\/policia-de-ecuador-busca-otros-dos-sospechosos-por-asesinato-de-fiscal\/#primaryimage"},"thumbnailUrl":"https:\/\/www.eldiario.net\/portal\/wp-content\/uploads\/2023\/12\/Internacional.jpg","datePublished":"2024-01-19T10:53:08+00:00","breadcrumb":{"@id":"https:\/\/www.eldiario.net\/portal\/2024\/01\/19\/policia-de-ecuador-busca-otros-dos-sospechosos-por-asesinato-de-fiscal\/#breadcrumb"},"inLanguage":"es","potentialAction":[{"@type":"ReadAction","target":["https:\/\/www.eldiario.net\/portal\/2024\/01\/19\/policia-de-ecuador-busca-otros-dos-sospechosos-por-asesinato-de-fiscal\/"]}]},{"@type":"ImageObject","inLanguage":"es","@id":"https:\/\/www.eldiario.net\/portal\/2024\/01\/19\/policia-de-ecuador-busca-otros-dos-sospechosos-por-asesinato-de-fiscal\/#primaryimage","url":"https:\/\/www.eldiario.net\/portal\/wp-content\/uploads\/2023\/12\/Internacional.jpg","contentUrl":"https:\/\/www.eldiario.net\/portal\/wp-content\/uploads\/2023\/12\/Internacional.jpg","width":800,"height":500},{"@type":"BreadcrumbList","@id":"https:\/\/www.eldiario.net\/portal\/2024\/01\/19\/policia-de-ecuador-busca-otros-dos-sospechosos-por-asesinato-de-fiscal\/#breadcrumb","itemListElement":[{"@type":"ListItem","position":1,"name":"Portada","item":"https:\/\/www.eldiario.net\/portal\/"},{"@type":"ListItem","position":2,"name":"Polic\u00eda de Ecuador busca otros dos sospechosos por asesinato de fiscal"}]},{"@type":"WebSite","@id":"https:\/\/www.eldiario.net\/portal\/#website","url":"https:\/\/www.eldiario.net\/portal\/","name":"El Diario - Decano de la prensa nacional","description":"El Diario - Decano de la prensa nacional","publisher":{"@id":"https:\/\/www.eldiario.net\/portal\/#organization"},"potentialAction":[{"@type":"SearchAction","target":{"@type":"EntryPoint","urlTemplate":"https:\/\/www.eldiario.net\/portal\/?s={search_term_string}"},"query-input":{"@type":"PropertyValueSpecification","valueRequired":true,"valueName":"search_term_string"}}],"inLanguage":"es"},{"@type":"Organization","@id":"https:\/\/www.eldiario.net\/portal\/#organization","name":"El Diario - Decano de la prensa nacional","url":"https:\/\/www.eldiario.net\/portal\/","logo":{"@type":"ImageObject","inLanguage":"es","@id":"https:\/\/www.eldiario.net\/portal\/#\/schema\/logo\/image\/","url":"https:\/\/www.eldiario.net\/portal\/wp-content\/uploads\/2023\/07\/logo_ED.jpg","contentUrl":"https:\/\/www.eldiario.net\/portal\/wp-content\/uploads\/2023\/07\/logo_ED.jpg","width":272,"height":52,"caption":"El Diario - Decano de la prensa nacional"},"image":{"@id":"https:\/\/www.eldiario.net\/portal\/#\/schema\/logo\/image\/"},"sameAs":["https:\/\/www.facebook.com\/eldiario.bolivia\/","https:\/\/x.com\/eldiario_net"]},{"@type":"Person","@id":"https:\/\/www.eldiario.net\/portal\/#\/schema\/person\/2c57cf2b7a7ae032e449e4c9b1019eac","name":"Jeanette","image":{"@type":"ImageObject","inLanguage":"es","@id":"https:\/\/secure.gravatar.com\/avatar\/3ea2118a5f7dad2b7138b1187a6b7ee55f160b9968b66013c3a3ef39dd7e5798?s=96&d=mm&r=g","url":"https:\/\/secure.gravatar.com\/avatar\/3ea2118a5f7dad2b7138b1187a6b7ee55f160b9968b66013c3a3ef39dd7e5798?s=96&d=mm&r=g","contentUrl":"https:\/\/secure.gravatar.com\/avatar\/3ea2118a5f7dad2b7138b1187a6b7ee55f160b9968b66013c3a3ef39dd7e5798?s=96&d=mm&r=g","caption":"Jeanette"},"sameAs":["https:\/\/www.eldiario.net\/portal"],"url":"https:\/\/www.eldiario.net\/portal\/author\/jeanette\/"}]}},"_links":{"self":[{"href":"https:\/\/www.eldiario.net\/portal\/wp-json\/wp\/v2\/posts\/198358","targetHints":{"allow":["GET"]}}],"collection":[{"href":"https:\/\/www.eldiario.net\/portal\/wp-json\/wp\/v2\/posts"}],"about":[{"href":"https:\/\/www.eldiario.net\/portal\/wp-json\/wp\/v2\/types\/post"}],"author":[{"embeddable":true,"href":"https:\/\/www.eldiario.net\/portal\/wp-json\/wp\/v2\/users\/1"}],"replies":[{"embeddable":true,"href":"https:\/\/www.eldiario.net\/portal\/wp-json\/wp\/v2\/comments?post=198358"}],"version-history":[{"count":1,"href":"https:\/\/www.eldiario.net\/portal\/wp-json\/wp\/v2\/posts\/198358\/revisions"}],"predecessor-version":[{"id":198359,"href":"https:\/\/www.eldiario.net\/portal\/wp-json\/wp\/v2\/posts\/198358\/revisions\/198359"}],"wp:featuredmedia":[{"embeddable":true,"href":"https:\/\/www.eldiario.net\/portal\/wp-json\/wp\/v2\/media\/194703"}],"wp:attachment":[{"href":"https:\/\/www.eldiario.net\/portal\/wp-json\/wp\/v2\/media?parent=198358"}],"wp:term":[{"taxonomy":"category","embeddable":true,"href":"https:\/\/www.eldiario.net\/portal\/wp-json\/wp\/v2\/categories?post=198358"},{"taxonomy":"post_tag","embeddable":true,"href":"https:\/\/www.eldiario.net\/portal\/wp-json\/wp\/v2\/tags?post=198358"}],"curies":[{"name":"wp","href":"https:\/\/api.w.org\/{rel}","templated":true}]}}