{"id":198355,"date":"2024-01-19T06:51:36","date_gmt":"2024-01-19T10:51:36","guid":{"rendered":"https:\/\/www.eldiario.net\/portal\/?p=198355"},"modified":"2024-01-19T06:51:36","modified_gmt":"2024-01-19T10:51:36","slug":"policia-arresta-a-dos-sospechosos-por-asesinato-de-fiscal-cesar-suarez","status":"publish","type":"post","link":"https:\/\/www.eldiario.net\/portal\/2024\/01\/19\/policia-arresta-a-dos-sospechosos-por-asesinato-de-fiscal-cesar-suarez\/","title":{"rendered":"Polic\u00eda arresta a dos sospechosos  por asesinato de fiscal C\u00e9sar Su\u00e1rez"},"content":{"rendered":"<p>El Comandante General de la Polic\u00eda Nacional del Ecuador, C\u00e9sar Augusto Zapata Correa, inform\u00f3 ayer que arrestaron a dos personas, supuestamente implicadas en el asesinato del fiscal C\u00e9sar Su\u00e1rez, ocurrido en Guayaquil.<br \/>\nEl asesinato del fiscal Su\u00e1rez fue perpetrado el mi\u00e9rcoles en la ciudad costera de Guayaquil en medio del Estado de Excepci\u00f3n y la declaraci\u00f3n de un conflicto armado interno por parte del Gobierno de Daniel Noboa, ante una espiral de violencia desatada la semana pasada y atribuida a bandas criminales.<br \/>\nSu\u00e1rez, que hab\u00eda interrogado recientemente a los detenidos por el asalto al canal TC Televisi\u00f3n de Guayaquil, fue asesinado por sicarios que dispararon a su veh\u00edculo cuando se dirig\u00eda a una audiencia en un caso de tr\u00e1fico de drogas, sin estar protegido por un equipo de seguridad.<br \/>\nEl exministro de<br \/>\nInterior Jos\u00e9 Serrano<br \/>\nser\u00e1 investigado<br \/>\nLa Fiscal\u00eda de Ecuador abri\u00f3 una investigaci\u00f3n contra el exministro del Interior Jos\u00e9 Serrano por difundir informaci\u00f3n reservada sobre el asesinato del fiscal C\u00e9sar Su\u00e1rez, seg\u00fan anunci\u00f3 en X.<br \/>\nEl Ministerio P\u00fablico hizo conocer un mensaje de Serrano, en el que el exfuncionario del Gobierno de Rafael Correa (2007-2017) vinculaba el crimen de Su\u00e1rez con las indagaciones que realizaba sobre el l\u00edder de la banda \u2018Los Choneros\u2019, Jos\u00e9 Adolfo Mac\u00edas Villamar \u2018Fito\u2019, fugado de la c\u00e1rcel regional de Guayaquil.<br \/>\nSerrano, que fue un duro opositor al anterior Ejecutivo del conservador Guillermo Lasso (mayo 2021-noviembre 2023), afirm\u00f3 que el asesinato del fiscal se produjo en un contexto de lucha contra el crimen organizado y que los agentes del Ministerio P\u00fablico estaban en riesgo por \u201calg\u00fan infiltrado canalla\u201d.<br \/>\nLa Fiscal\u00eda tap\u00f3 parte del texto de Serrano y asegur\u00f3 que lo investigar\u00e1 por presunta difusi\u00f3n de informaci\u00f3n reservada, debido a sus \u2018revelaciones\u2019 en torno a temas sensibles. Adem\u00e1s, inst\u00f3 a la ciudadan\u00eda a no difundir elucubraciones que podr\u00edan beneficiar a criminales o personas buscadas por la ley.<br \/>\nSerrano, por su parte, pidi\u00f3 que se investigue qui\u00e9n filtr\u00f3 informaci\u00f3n del fiscal Su\u00e1rez a los delincuentes que lo mandaron a matar y dijo que siempre colaborar\u00e1 con la Justicia. (Infobae\/Efe)<\/p>\n","protected":false},"excerpt":{"rendered":"<p>El Comandante General de la Polic\u00eda Nacional del Ecuador, C\u00e9sar Augusto Zapata Correa, inform\u00f3 ayer que arrestaron a dos personas, supuestamente implicadas en el asesinato del fiscal C\u00e9sar Su\u00e1rez, ocurrido en Guayaquil. El asesinato del fiscal Su\u00e1rez fue perpetrado el mi\u00e9rcoles en la ciudad costera de Guayaquil en medio del Estado de Excepci\u00f3n y la [&hellip;]<\/p>\n","protected":false},"author":1,"featured_media":198356,"comment_status":"open","ping_status":"open","sticky":false,"template":"","format":"standard","meta":{"_acf_changed":false,"footnotes":""},"categories":[3],"tags":[],"class_list":["post-198355","post","type-post","status-publish","format-standard","has-post-thumbnail","category-internacional"],"acf":{"antetitulo":"La v\u00edctima investigaba el caso del canal TC"},"yoast_head":"<!-- This site is optimized with the Yoast SEO plugin v28.4 - https:\/\/yoast.com\/product\/yoast-seo-wordpress\/ -->\n<title>Polic\u00eda arresta a dos sospechosos por asesinato de fiscal C\u00e9sar Su\u00e1rez - El Diario - Bolivia<\/title>\n<meta name=\"robots\" content=\"index, follow, max-snippet:-1, max-image-preview:large, max-video-preview:-1\" \/>\n<link rel=\"canonical\" href=\"https:\/\/www.eldiario.net\/portal\/2024\/01\/19\/policia-arresta-a-dos-sospechosos-por-asesinato-de-fiscal-cesar-suarez\/\" \/>\n<meta property=\"og:locale\" content=\"es_ES\" \/>\n<meta property=\"og:type\" content=\"article\" \/>\n<meta property=\"og:title\" content=\"Polic\u00eda arresta a dos sospechosos por asesinato de fiscal C\u00e9sar Su\u00e1rez - El Diario - Bolivia\" \/>\n<meta property=\"og:description\" content=\"El Comandante General de la Polic\u00eda Nacional del Ecuador, C\u00e9sar Augusto Zapata Correa, inform\u00f3 ayer que arrestaron a dos personas, supuestamente implicadas en el asesinato del fiscal C\u00e9sar Su\u00e1rez, ocurrido en Guayaquil. El asesinato del fiscal Su\u00e1rez fue perpetrado el mi\u00e9rcoles en la ciudad costera de Guayaquil en medio del Estado de Excepci\u00f3n y la [&hellip;]\" \/>\n<meta property=\"og:url\" content=\"https:\/\/www.eldiario.net\/portal\/2024\/01\/19\/policia-arresta-a-dos-sospechosos-por-asesinato-de-fiscal-cesar-suarez\/\" \/>\n<meta property=\"og:site_name\" content=\"El Diario - Bolivia\" \/>\n<meta property=\"article:publisher\" content=\"https:\/\/www.facebook.com\/eldiario.bolivia\/\" \/>\n<meta property=\"article:published_time\" content=\"2024-01-19T10:51:36+00:00\" \/>\n<meta property=\"og:image\" content=\"https:\/\/www.eldiario.net\/portal\/wp-content\/uploads\/2024\/01\/AUTORES.jpg\" \/>\n\t<meta property=\"og:image:width\" content=\"992\" \/>\n\t<meta property=\"og:image:height\" content=\"558\" \/>\n\t<meta property=\"og:image:type\" content=\"image\/jpeg\" \/>\n<meta name=\"author\" content=\"Jeanette\" \/>\n<meta name=\"twitter:card\" content=\"summary_large_image\" \/>\n<meta name=\"twitter:creator\" content=\"@eldiario_net\" \/>\n<meta name=\"twitter:site\" content=\"@eldiario_net\" \/>\n<meta name=\"twitter:label1\" content=\"Escrito por\" \/>\n\t<meta name=\"twitter:data1\" content=\"Jeanette\" \/>\n\t<meta name=\"twitter:label2\" content=\"Tiempo de lectura\" \/>\n\t<meta name=\"twitter:data2\" content=\"2 minutos\" \/>\n<script type=\"application\/ld+json\" class=\"yoast-schema-graph\">{\"@context\":\"https:\\\/\\\/schema.org\",\"@graph\":[{\"@type\":\"Article\",\"@id\":\"https:\\\/\\\/www.eldiario.net\\\/portal\\\/2024\\\/01\\\/19\\\/policia-arresta-a-dos-sospechosos-por-asesinato-de-fiscal-cesar-suarez\\\/#article\",\"isPartOf\":{\"@id\":\"https:\\\/\\\/www.eldiario.net\\\/portal\\\/2024\\\/01\\\/19\\\/policia-arresta-a-dos-sospechosos-por-asesinato-de-fiscal-cesar-suarez\\\/\"},\"author\":{\"name\":\"Jeanette\",\"@id\":\"https:\\\/\\\/www.eldiario.net\\\/portal\\\/#\\\/schema\\\/person\\\/2c57cf2b7a7ae032e449e4c9b1019eac\"},\"headline\":\"Polic\u00eda arresta a dos sospechosos por asesinato de fiscal C\u00e9sar Su\u00e1rez\",\"datePublished\":\"2024-01-19T10:51:36+00:00\",\"mainEntityOfPage\":{\"@id\":\"https:\\\/\\\/www.eldiario.net\\\/portal\\\/2024\\\/01\\\/19\\\/policia-arresta-a-dos-sospechosos-por-asesinato-de-fiscal-cesar-suarez\\\/\"},\"wordCount\":392,\"commentCount\":0,\"publisher\":{\"@id\":\"https:\\\/\\\/www.eldiario.net\\\/portal\\\/#organization\"},\"image\":{\"@id\":\"https:\\\/\\\/www.eldiario.net\\\/portal\\\/2024\\\/01\\\/19\\\/policia-arresta-a-dos-sospechosos-por-asesinato-de-fiscal-cesar-suarez\\\/#primaryimage\"},\"thumbnailUrl\":\"https:\\\/\\\/www.eldiario.net\\\/portal\\\/wp-content\\\/uploads\\\/2024\\\/01\\\/AUTORES.jpg\",\"articleSection\":[\"Internacional\"],\"inLanguage\":\"es\",\"potentialAction\":[{\"@type\":\"CommentAction\",\"name\":\"Comment\",\"target\":[\"https:\\\/\\\/www.eldiario.net\\\/portal\\\/2024\\\/01\\\/19\\\/policia-arresta-a-dos-sospechosos-por-asesinato-de-fiscal-cesar-suarez\\\/#respond\"]}]},{\"@type\":\"WebPage\",\"@id\":\"https:\\\/\\\/www.eldiario.net\\\/portal\\\/2024\\\/01\\\/19\\\/policia-arresta-a-dos-sospechosos-por-asesinato-de-fiscal-cesar-suarez\\\/\",\"url\":\"https:\\\/\\\/www.eldiario.net\\\/portal\\\/2024\\\/01\\\/19\\\/policia-arresta-a-dos-sospechosos-por-asesinato-de-fiscal-cesar-suarez\\\/\",\"name\":\"Polic\u00eda arresta a dos sospechosos por asesinato de fiscal C\u00e9sar Su\u00e1rez - El Diario - Bolivia\",\"isPartOf\":{\"@id\":\"https:\\\/\\\/www.eldiario.net\\\/portal\\\/#website\"},\"primaryImageOfPage\":{\"@id\":\"https:\\\/\\\/www.eldiario.net\\\/portal\\\/2024\\\/01\\\/19\\\/policia-arresta-a-dos-sospechosos-por-asesinato-de-fiscal-cesar-suarez\\\/#primaryimage\"},\"image\":{\"@id\":\"https:\\\/\\\/www.eldiario.net\\\/portal\\\/2024\\\/01\\\/19\\\/policia-arresta-a-dos-sospechosos-por-asesinato-de-fiscal-cesar-suarez\\\/#primaryimage\"},\"thumbnailUrl\":\"https:\\\/\\\/www.eldiario.net\\\/portal\\\/wp-content\\\/uploads\\\/2024\\\/01\\\/AUTORES.jpg\",\"datePublished\":\"2024-01-19T10:51:36+00:00\",\"breadcrumb\":{\"@id\":\"https:\\\/\\\/www.eldiario.net\\\/portal\\\/2024\\\/01\\\/19\\\/policia-arresta-a-dos-sospechosos-por-asesinato-de-fiscal-cesar-suarez\\\/#breadcrumb\"},\"inLanguage\":\"es\",\"potentialAction\":[{\"@type\":\"ReadAction\",\"target\":[\"https:\\\/\\\/www.eldiario.net\\\/portal\\\/2024\\\/01\\\/19\\\/policia-arresta-a-dos-sospechosos-por-asesinato-de-fiscal-cesar-suarez\\\/\"]}]},{\"@type\":\"ImageObject\",\"inLanguage\":\"es\",\"@id\":\"https:\\\/\\\/www.eldiario.net\\\/portal\\\/2024\\\/01\\\/19\\\/policia-arresta-a-dos-sospechosos-por-asesinato-de-fiscal-cesar-suarez\\\/#primaryimage\",\"url\":\"https:\\\/\\\/www.eldiario.net\\\/portal\\\/wp-content\\\/uploads\\\/2024\\\/01\\\/AUTORES.jpg\",\"contentUrl\":\"https:\\\/\\\/www.eldiario.net\\\/portal\\\/wp-content\\\/uploads\\\/2024\\\/01\\\/AUTORES.jpg\",\"width\":992,\"height\":558,\"caption\":\"DOS DE LOS ASESINOS QUE CAYERON EN UNA PRIMERA REDADA DE LA POLIC\u00cdA.\"},{\"@type\":\"BreadcrumbList\",\"@id\":\"https:\\\/\\\/www.eldiario.net\\\/portal\\\/2024\\\/01\\\/19\\\/policia-arresta-a-dos-sospechosos-por-asesinato-de-fiscal-cesar-suarez\\\/#breadcrumb\",\"itemListElement\":[{\"@type\":\"ListItem\",\"position\":1,\"name\":\"Portada\",\"item\":\"https:\\\/\\\/www.eldiario.net\\\/portal\\\/\"},{\"@type\":\"ListItem\",\"position\":2,\"name\":\"Polic\u00eda arresta a dos sospechosos por asesinato de fiscal C\u00e9sar Su\u00e1rez\"}]},{\"@type\":\"WebSite\",\"@id\":\"https:\\\/\\\/www.eldiario.net\\\/portal\\\/#website\",\"url\":\"https:\\\/\\\/www.eldiario.net\\\/portal\\\/\",\"name\":\"El Diario - Decano de la prensa nacional\",\"description\":\"El Diario - Decano de la prensa nacional\",\"publisher\":{\"@id\":\"https:\\\/\\\/www.eldiario.net\\\/portal\\\/#organization\"},\"potentialAction\":[{\"@type\":\"SearchAction\",\"target\":{\"@type\":\"EntryPoint\",\"urlTemplate\":\"https:\\\/\\\/www.eldiario.net\\\/portal\\\/?s={search_term_string}\"},\"query-input\":{\"@type\":\"PropertyValueSpecification\",\"valueRequired\":true,\"valueName\":\"search_term_string\"}}],\"inLanguage\":\"es\"},{\"@type\":\"Organization\",\"@id\":\"https:\\\/\\\/www.eldiario.net\\\/portal\\\/#organization\",\"name\":\"El Diario - Decano de la prensa nacional\",\"url\":\"https:\\\/\\\/www.eldiario.net\\\/portal\\\/\",\"logo\":{\"@type\":\"ImageObject\",\"inLanguage\":\"es\",\"@id\":\"https:\\\/\\\/www.eldiario.net\\\/portal\\\/#\\\/schema\\\/logo\\\/image\\\/\",\"url\":\"https:\\\/\\\/www.eldiario.net\\\/portal\\\/wp-content\\\/uploads\\\/2023\\\/07\\\/logo_ED.jpg\",\"contentUrl\":\"https:\\\/\\\/www.eldiario.net\\\/portal\\\/wp-content\\\/uploads\\\/2023\\\/07\\\/logo_ED.jpg\",\"width\":272,\"height\":52,\"caption\":\"El Diario - Decano de la prensa nacional\"},\"image\":{\"@id\":\"https:\\\/\\\/www.eldiario.net\\\/portal\\\/#\\\/schema\\\/logo\\\/image\\\/\"},\"sameAs\":[\"https:\\\/\\\/www.facebook.com\\\/eldiario.bolivia\\\/\",\"https:\\\/\\\/x.com\\\/eldiario_net\"]},{\"@type\":\"Person\",\"@id\":\"https:\\\/\\\/www.eldiario.net\\\/portal\\\/#\\\/schema\\\/person\\\/2c57cf2b7a7ae032e449e4c9b1019eac\",\"name\":\"Jeanette\",\"image\":{\"@type\":\"ImageObject\",\"inLanguage\":\"es\",\"@id\":\"https:\\\/\\\/secure.gravatar.com\\\/avatar\\\/3ea2118a5f7dad2b7138b1187a6b7ee55f160b9968b66013c3a3ef39dd7e5798?s=96&d=mm&r=g\",\"url\":\"https:\\\/\\\/secure.gravatar.com\\\/avatar\\\/3ea2118a5f7dad2b7138b1187a6b7ee55f160b9968b66013c3a3ef39dd7e5798?s=96&d=mm&r=g\",\"contentUrl\":\"https:\\\/\\\/secure.gravatar.com\\\/avatar\\\/3ea2118a5f7dad2b7138b1187a6b7ee55f160b9968b66013c3a3ef39dd7e5798?s=96&d=mm&r=g\",\"caption\":\"Jeanette\"},\"sameAs\":[\"https:\\\/\\\/www.eldiario.net\\\/portal\"],\"url\":\"https:\\\/\\\/www.eldiario.net\\\/portal\\\/author\\\/jeanette\\\/\"}]}<\/script>\n<!-- \/ Yoast SEO plugin. -->","yoast_head_json":{"title":"Polic\u00eda arresta a dos sospechosos por asesinato de fiscal C\u00e9sar Su\u00e1rez - El Diario - Bolivia","robots":{"index":"index","follow":"follow","max-snippet":"max-snippet:-1","max-image-preview":"max-image-preview:large","max-video-preview":"max-video-preview:-1"},"canonical":"https:\/\/www.eldiario.net\/portal\/2024\/01\/19\/policia-arresta-a-dos-sospechosos-por-asesinato-de-fiscal-cesar-suarez\/","og_locale":"es_ES","og_type":"article","og_title":"Polic\u00eda arresta a dos sospechosos por asesinato de fiscal C\u00e9sar Su\u00e1rez - El Diario - Bolivia","og_description":"El Comandante General de la Polic\u00eda Nacional del Ecuador, C\u00e9sar Augusto Zapata Correa, inform\u00f3 ayer que arrestaron a dos personas, supuestamente implicadas en el asesinato del fiscal C\u00e9sar Su\u00e1rez, ocurrido en Guayaquil. El asesinato del fiscal Su\u00e1rez fue perpetrado el mi\u00e9rcoles en la ciudad costera de Guayaquil en medio del Estado de Excepci\u00f3n y la [&hellip;]","og_url":"https:\/\/www.eldiario.net\/portal\/2024\/01\/19\/policia-arresta-a-dos-sospechosos-por-asesinato-de-fiscal-cesar-suarez\/","og_site_name":"El Diario - Bolivia","article_publisher":"https:\/\/www.facebook.com\/eldiario.bolivia\/","article_published_time":"2024-01-19T10:51:36+00:00","og_image":[{"width":992,"height":558,"url":"https:\/\/www.eldiario.net\/portal\/wp-content\/uploads\/2024\/01\/AUTORES.jpg","type":"image\/jpeg"}],"author":"Jeanette","twitter_card":"summary_large_image","twitter_creator":"@eldiario_net","twitter_site":"@eldiario_net","twitter_misc":{"Escrito por":"Jeanette","Tiempo de lectura":"2 minutos"},"schema":{"@context":"https:\/\/schema.org","@graph":[{"@type":"Article","@id":"https:\/\/www.eldiario.net\/portal\/2024\/01\/19\/policia-arresta-a-dos-sospechosos-por-asesinato-de-fiscal-cesar-suarez\/#article","isPartOf":{"@id":"https:\/\/www.eldiario.net\/portal\/2024\/01\/19\/policia-arresta-a-dos-sospechosos-por-asesinato-de-fiscal-cesar-suarez\/"},"author":{"name":"Jeanette","@id":"https:\/\/www.eldiario.net\/portal\/#\/schema\/person\/2c57cf2b7a7ae032e449e4c9b1019eac"},"headline":"Polic\u00eda arresta a dos sospechosos por asesinato de fiscal C\u00e9sar Su\u00e1rez","datePublished":"2024-01-19T10:51:36+00:00","mainEntityOfPage":{"@id":"https:\/\/www.eldiario.net\/portal\/2024\/01\/19\/policia-arresta-a-dos-sospechosos-por-asesinato-de-fiscal-cesar-suarez\/"},"wordCount":392,"commentCount":0,"publisher":{"@id":"https:\/\/www.eldiario.net\/portal\/#organization"},"image":{"@id":"https:\/\/www.eldiario.net\/portal\/2024\/01\/19\/policia-arresta-a-dos-sospechosos-por-asesinato-de-fiscal-cesar-suarez\/#primaryimage"},"thumbnailUrl":"https:\/\/www.eldiario.net\/portal\/wp-content\/uploads\/2024\/01\/AUTORES.jpg","articleSection":["Internacional"],"inLanguage":"es","potentialAction":[{"@type":"CommentAction","name":"Comment","target":["https:\/\/www.eldiario.net\/portal\/2024\/01\/19\/policia-arresta-a-dos-sospechosos-por-asesinato-de-fiscal-cesar-suarez\/#respond"]}]},{"@type":"WebPage","@id":"https:\/\/www.eldiario.net\/portal\/2024\/01\/19\/policia-arresta-a-dos-sospechosos-por-asesinato-de-fiscal-cesar-suarez\/","url":"https:\/\/www.eldiario.net\/portal\/2024\/01\/19\/policia-arresta-a-dos-sospechosos-por-asesinato-de-fiscal-cesar-suarez\/","name":"Polic\u00eda arresta a dos sospechosos por asesinato de fiscal C\u00e9sar Su\u00e1rez - El Diario - Bolivia","isPartOf":{"@id":"https:\/\/www.eldiario.net\/portal\/#website"},"primaryImageOfPage":{"@id":"https:\/\/www.eldiario.net\/portal\/2024\/01\/19\/policia-arresta-a-dos-sospechosos-por-asesinato-de-fiscal-cesar-suarez\/#primaryimage"},"image":{"@id":"https:\/\/www.eldiario.net\/portal\/2024\/01\/19\/policia-arresta-a-dos-sospechosos-por-asesinato-de-fiscal-cesar-suarez\/#primaryimage"},"thumbnailUrl":"https:\/\/www.eldiario.net\/portal\/wp-content\/uploads\/2024\/01\/AUTORES.jpg","datePublished":"2024-01-19T10:51:36+00:00","breadcrumb":{"@id":"https:\/\/www.eldiario.net\/portal\/2024\/01\/19\/policia-arresta-a-dos-sospechosos-por-asesinato-de-fiscal-cesar-suarez\/#breadcrumb"},"inLanguage":"es","potentialAction":[{"@type":"ReadAction","target":["https:\/\/www.eldiario.net\/portal\/2024\/01\/19\/policia-arresta-a-dos-sospechosos-por-asesinato-de-fiscal-cesar-suarez\/"]}]},{"@type":"ImageObject","inLanguage":"es","@id":"https:\/\/www.eldiario.net\/portal\/2024\/01\/19\/policia-arresta-a-dos-sospechosos-por-asesinato-de-fiscal-cesar-suarez\/#primaryimage","url":"https:\/\/www.eldiario.net\/portal\/wp-content\/uploads\/2024\/01\/AUTORES.jpg","contentUrl":"https:\/\/www.eldiario.net\/portal\/wp-content\/uploads\/2024\/01\/AUTORES.jpg","width":992,"height":558,"caption":"DOS DE LOS ASESINOS QUE CAYERON EN UNA PRIMERA REDADA DE LA POLIC\u00cdA."},{"@type":"BreadcrumbList","@id":"https:\/\/www.eldiario.net\/portal\/2024\/01\/19\/policia-arresta-a-dos-sospechosos-por-asesinato-de-fiscal-cesar-suarez\/#breadcrumb","itemListElement":[{"@type":"ListItem","position":1,"name":"Portada","item":"https:\/\/www.eldiario.net\/portal\/"},{"@type":"ListItem","position":2,"name":"Polic\u00eda arresta a dos sospechosos por asesinato de fiscal C\u00e9sar Su\u00e1rez"}]},{"@type":"WebSite","@id":"https:\/\/www.eldiario.net\/portal\/#website","url":"https:\/\/www.eldiario.net\/portal\/","name":"El Diario - Decano de la prensa nacional","description":"El Diario - Decano de la prensa nacional","publisher":{"@id":"https:\/\/www.eldiario.net\/portal\/#organization"},"potentialAction":[{"@type":"SearchAction","target":{"@type":"EntryPoint","urlTemplate":"https:\/\/www.eldiario.net\/portal\/?s={search_term_string}"},"query-input":{"@type":"PropertyValueSpecification","valueRequired":true,"valueName":"search_term_string"}}],"inLanguage":"es"},{"@type":"Organization","@id":"https:\/\/www.eldiario.net\/portal\/#organization","name":"El Diario - Decano de la prensa nacional","url":"https:\/\/www.eldiario.net\/portal\/","logo":{"@type":"ImageObject","inLanguage":"es","@id":"https:\/\/www.eldiario.net\/portal\/#\/schema\/logo\/image\/","url":"https:\/\/www.eldiario.net\/portal\/wp-content\/uploads\/2023\/07\/logo_ED.jpg","contentUrl":"https:\/\/www.eldiario.net\/portal\/wp-content\/uploads\/2023\/07\/logo_ED.jpg","width":272,"height":52,"caption":"El Diario - Decano de la prensa nacional"},"image":{"@id":"https:\/\/www.eldiario.net\/portal\/#\/schema\/logo\/image\/"},"sameAs":["https:\/\/www.facebook.com\/eldiario.bolivia\/","https:\/\/x.com\/eldiario_net"]},{"@type":"Person","@id":"https:\/\/www.eldiario.net\/portal\/#\/schema\/person\/2c57cf2b7a7ae032e449e4c9b1019eac","name":"Jeanette","image":{"@type":"ImageObject","inLanguage":"es","@id":"https:\/\/secure.gravatar.com\/avatar\/3ea2118a5f7dad2b7138b1187a6b7ee55f160b9968b66013c3a3ef39dd7e5798?s=96&d=mm&r=g","url":"https:\/\/secure.gravatar.com\/avatar\/3ea2118a5f7dad2b7138b1187a6b7ee55f160b9968b66013c3a3ef39dd7e5798?s=96&d=mm&r=g","contentUrl":"https:\/\/secure.gravatar.com\/avatar\/3ea2118a5f7dad2b7138b1187a6b7ee55f160b9968b66013c3a3ef39dd7e5798?s=96&d=mm&r=g","caption":"Jeanette"},"sameAs":["https:\/\/www.eldiario.net\/portal"],"url":"https:\/\/www.eldiario.net\/portal\/author\/jeanette\/"}]}},"_links":{"self":[{"href":"https:\/\/www.eldiario.net\/portal\/wp-json\/wp\/v2\/posts\/198355","targetHints":{"allow":["GET"]}}],"collection":[{"href":"https:\/\/www.eldiario.net\/portal\/wp-json\/wp\/v2\/posts"}],"about":[{"href":"https:\/\/www.eldiario.net\/portal\/wp-json\/wp\/v2\/types\/post"}],"author":[{"embeddable":true,"href":"https:\/\/www.eldiario.net\/portal\/wp-json\/wp\/v2\/users\/1"}],"replies":[{"embeddable":true,"href":"https:\/\/www.eldiario.net\/portal\/wp-json\/wp\/v2\/comments?post=198355"}],"version-history":[{"count":1,"href":"https:\/\/www.eldiario.net\/portal\/wp-json\/wp\/v2\/posts\/198355\/revisions"}],"predecessor-version":[{"id":198357,"href":"https:\/\/www.eldiario.net\/portal\/wp-json\/wp\/v2\/posts\/198355\/revisions\/198357"}],"wp:featuredmedia":[{"embeddable":true,"href":"https:\/\/www.eldiario.net\/portal\/wp-json\/wp\/v2\/media\/198356"}],"wp:attachment":[{"href":"https:\/\/www.eldiario.net\/portal\/wp-json\/wp\/v2\/media?parent=198355"}],"wp:term":[{"taxonomy":"category","embeddable":true,"href":"https:\/\/www.eldiario.net\/portal\/wp-json\/wp\/v2\/categories?post=198355"},{"taxonomy":"post_tag","embeddable":true,"href":"https:\/\/www.eldiario.net\/portal\/wp-json\/wp\/v2\/tags?post=198355"}],"curies":[{"name":"wp","href":"https:\/\/api.w.org\/{rel}","templated":true}]}}