{"id":198350,"date":"2024-01-19T06:49:09","date_gmt":"2024-01-19T10:49:09","guid":{"rendered":"https:\/\/www.eldiario.net\/portal\/?p=198350"},"modified":"2024-01-19T06:49:09","modified_gmt":"2024-01-19T10:49:09","slug":"unicef-pide-el-cese-inmediato-de-matanza-de-ninos-en-gaza","status":"publish","type":"post","link":"https:\/\/www.eldiario.net\/portal\/2024\/01\/19\/unicef-pide-el-cese-inmediato-de-matanza-de-ninos-en-gaza\/","title":{"rendered":"Unicef pide el cese inmediato  de matanza de ni\u00f1os en Gaza"},"content":{"rendered":"<p>El Fondo de Naciones Unidas para la Infancia (Unicef) solicit\u00f3 ayer el cese inmediato de la matanza de ni\u00f1os en la Franja de Gaza a medida que contin\u00faan los ataques del Ej\u00e9rcito de Israel, que ya result\u00f3 con al menos 24.400 muertos, y alert\u00f3 que la situaci\u00f3n pas\u00f3 de ser \u201ccatastr\u00f3fica\u201d a estar \u201ccasi colapsada\u201d.<br \/>\nEl director ejecutivo de Unicef, Ted Chaiban, indic\u00f3 que tras una visita de tres d\u00edas a la Franja de Gaza, que los ni\u00f1os y las familias de la zona est\u00e1n sufriendo algunas de las condiciones m\u00e1s horribles nunca vistas.<br \/>\n\u201cDesde mi \u00faltima visita, la situaci\u00f3n pas\u00f3 de catastr\u00f3fica a casi colapsada. Unicef describi\u00f3 la Franja de Gaza como el lugar m\u00e1s peligroso del mundo para ser ni\u00f1o. Hemos dicho que es una guerra contra los ni\u00f1os y ni\u00f1as. Pero estas verdades no parecen estar calando. De las casi 25.000 personas que, seg\u00fan los informes, murieron en la Franja de Gaza desde la escalada de las hostilidades, hasta el 70 por ciento son mujeres y ni\u00f1os\u201d, lament\u00f3.<br \/>\nEspecific\u00f3 que poco antes de abandonar la zona, muchas familias tuvieron que huir del hospital Al Nasser a medida que los combates se aproximaban. \u201cM\u00e1s de 1,9 millones de personas, es decir, casi el 85 por ciento de la poblaci\u00f3n de Gaza, se encuentran actualmente desplazadas, muchas de las cuales estuvieron varias veces.<br \/>\nEn este sentido, afirm\u00f3 que la masa de civiles en la frontera es dif\u00edcil de entender y las condiciones en que viven son inhumanas. \u201cEl agua escasea y las malas condiciones sanitarias son inexorables. El fr\u00edo y la lluvia de esta semana crearon r\u00edos de desperdicios\u201d.<br \/>\nAdem\u00e1s, puntualiz\u00f3 que los casos de diarrea aument\u00f3 un 40 por ciento con respecto a la situaci\u00f3n antes de que se produjera un repunte de la violencia y se\u00f1al\u00f3 que a mediados de diciembre se registraron 71.000 casos entre ni\u00f1os y ni\u00f1as menores de cinco a\u00f1os, lo que supone un aumento del 4000 por ciento desde el inicio de la guerra.<br \/>\n\u201cSe trata nada menos que de un asombroso deterioro de las condiciones de los ni\u00f1os de Gaza. Si este deterioro persiste, podr\u00edamos ver muertes debidas al conflicto indiscriminado agravadas por fallecimientos debidos a enfermedades y el hambre\u201d, sostuvo.<br \/>\nPONER FIN A LOS<br \/>\nBOMBARDEOS<br \/>\nChaiban indic\u00f3 a su vez, que \u201ces necesario poner fin a unos bombardeos que no solo est\u00e1n matando a miles de personas, sino que tambi\u00e9n impiden la entrega de ayuda a los supervivientes\u201d.<br \/>\n\u201cTenemos que conseguir que entren m\u00e1s camiones, hacerlo por m\u00e1s cruces y con procesos de inspecci\u00f3n mucho m\u00e1s eficientes. Antes del conflicto entraban en la Franja de Gaza m\u00e1s de 500 camiones al d\u00eda. Cuando estuve all\u00ed en noviembre, pasaban unos 60 camiones de ayuda diarios. Ahora, son unos 130 camiones al d\u00eda junto a una media de 30 camiones comerciales. Esto se debe a la apertura de un segundo paso fronterizo, pero sigue siendo totalmente insuficiente\u201d, explic\u00f3.<br \/>\nUnicef solicit\u00f3 as\u00ed tener acceso al norte de la Franja, donde se calcula que residen entre 250.000 y 300.000 personas sin acceso a agua potable ni apenas alimentos. \u201cEn las dos primeras semanas de enero, solo 7 de las 29 entregas de ayuda previstas lleg\u00f3 a su destino en el norte de Gaza. Ni un solo convoy de Unicef accedi\u00f3 al norte de la Franja de Gaza en 2024\u201d. (Europa Press)<\/p>\n","protected":false},"excerpt":{"rendered":"<p>El Fondo de Naciones Unidas para la Infancia (Unicef) solicit\u00f3 ayer el cese inmediato de la matanza de ni\u00f1os en la Franja de Gaza a medida que contin\u00faan los ataques del Ej\u00e9rcito de Israel, que ya result\u00f3 con al menos 24.400 muertos, y alert\u00f3 que la situaci\u00f3n pas\u00f3 de ser \u201ccatastr\u00f3fica\u201d a estar \u201ccasi colapsada\u201d. [&hellip;]<\/p>\n","protected":false},"author":1,"featured_media":198351,"comment_status":"open","ping_status":"open","sticky":false,"template":"","format":"standard","meta":{"_acf_changed":false,"footnotes":""},"categories":[3],"tags":[],"class_list":["post-198350","post","type-post","status-publish","format-standard","has-post-thumbnail","category-internacional"],"acf":{"antetitulo":"Muchas familias huyeron de los hospitales"},"yoast_head":"<!-- This site is optimized with the Yoast SEO plugin v28.4 - https:\/\/yoast.com\/product\/yoast-seo-wordpress\/ -->\n<title>Unicef pide el cese inmediato de matanza de ni\u00f1os en Gaza - El Diario - Bolivia<\/title>\n<meta name=\"robots\" content=\"index, follow, max-snippet:-1, max-image-preview:large, max-video-preview:-1\" \/>\n<link rel=\"canonical\" href=\"https:\/\/www.eldiario.net\/portal\/2024\/01\/19\/unicef-pide-el-cese-inmediato-de-matanza-de-ninos-en-gaza\/\" \/>\n<meta property=\"og:locale\" content=\"es_ES\" \/>\n<meta property=\"og:type\" content=\"article\" \/>\n<meta property=\"og:title\" content=\"Unicef pide el cese inmediato de matanza de ni\u00f1os en Gaza - El Diario - Bolivia\" \/>\n<meta property=\"og:description\" content=\"El Fondo de Naciones Unidas para la Infancia (Unicef) solicit\u00f3 ayer el cese inmediato de la matanza de ni\u00f1os en la Franja de Gaza a medida que contin\u00faan los ataques del Ej\u00e9rcito de Israel, que ya result\u00f3 con al menos 24.400 muertos, y alert\u00f3 que la situaci\u00f3n pas\u00f3 de ser \u201ccatastr\u00f3fica\u201d a estar \u201ccasi colapsada\u201d. [&hellip;]\" \/>\n<meta property=\"og:url\" content=\"https:\/\/www.eldiario.net\/portal\/2024\/01\/19\/unicef-pide-el-cese-inmediato-de-matanza-de-ninos-en-gaza\/\" \/>\n<meta property=\"og:site_name\" content=\"El Diario - Bolivia\" \/>\n<meta property=\"article:publisher\" content=\"https:\/\/www.facebook.com\/eldiario.bolivia\/\" \/>\n<meta property=\"article:published_time\" content=\"2024-01-19T10:49:09+00:00\" \/>\n<meta property=\"og:image\" content=\"https:\/\/www.eldiario.net\/portal\/wp-content\/uploads\/2024\/01\/NINOS.jpg\" \/>\n\t<meta property=\"og:image:width\" content=\"1200\" \/>\n\t<meta property=\"og:image:height\" content=\"800\" \/>\n\t<meta property=\"og:image:type\" content=\"image\/jpeg\" \/>\n<meta name=\"author\" content=\"Jeanette\" \/>\n<meta name=\"twitter:card\" content=\"summary_large_image\" \/>\n<meta name=\"twitter:creator\" content=\"@eldiario_net\" \/>\n<meta name=\"twitter:site\" content=\"@eldiario_net\" \/>\n<meta name=\"twitter:label1\" content=\"Escrito por\" \/>\n\t<meta name=\"twitter:data1\" content=\"Jeanette\" \/>\n\t<meta name=\"twitter:label2\" content=\"Tiempo de lectura\" \/>\n\t<meta name=\"twitter:data2\" content=\"3 minutos\" \/>\n<script type=\"application\/ld+json\" class=\"yoast-schema-graph\">{\"@context\":\"https:\\\/\\\/schema.org\",\"@graph\":[{\"@type\":\"Article\",\"@id\":\"https:\\\/\\\/www.eldiario.net\\\/portal\\\/2024\\\/01\\\/19\\\/unicef-pide-el-cese-inmediato-de-matanza-de-ninos-en-gaza\\\/#article\",\"isPartOf\":{\"@id\":\"https:\\\/\\\/www.eldiario.net\\\/portal\\\/2024\\\/01\\\/19\\\/unicef-pide-el-cese-inmediato-de-matanza-de-ninos-en-gaza\\\/\"},\"author\":{\"name\":\"Jeanette\",\"@id\":\"https:\\\/\\\/www.eldiario.net\\\/portal\\\/#\\\/schema\\\/person\\\/2c57cf2b7a7ae032e449e4c9b1019eac\"},\"headline\":\"Unicef pide el cese inmediato de matanza de ni\u00f1os en Gaza\",\"datePublished\":\"2024-01-19T10:49:09+00:00\",\"mainEntityOfPage\":{\"@id\":\"https:\\\/\\\/www.eldiario.net\\\/portal\\\/2024\\\/01\\\/19\\\/unicef-pide-el-cese-inmediato-de-matanza-de-ninos-en-gaza\\\/\"},\"wordCount\":590,\"commentCount\":0,\"publisher\":{\"@id\":\"https:\\\/\\\/www.eldiario.net\\\/portal\\\/#organization\"},\"image\":{\"@id\":\"https:\\\/\\\/www.eldiario.net\\\/portal\\\/2024\\\/01\\\/19\\\/unicef-pide-el-cese-inmediato-de-matanza-de-ninos-en-gaza\\\/#primaryimage\"},\"thumbnailUrl\":\"https:\\\/\\\/www.eldiario.net\\\/portal\\\/wp-content\\\/uploads\\\/2024\\\/01\\\/NINOS.jpg\",\"articleSection\":[\"Internacional\"],\"inLanguage\":\"es\",\"potentialAction\":[{\"@type\":\"CommentAction\",\"name\":\"Comment\",\"target\":[\"https:\\\/\\\/www.eldiario.net\\\/portal\\\/2024\\\/01\\\/19\\\/unicef-pide-el-cese-inmediato-de-matanza-de-ninos-en-gaza\\\/#respond\"]}]},{\"@type\":\"WebPage\",\"@id\":\"https:\\\/\\\/www.eldiario.net\\\/portal\\\/2024\\\/01\\\/19\\\/unicef-pide-el-cese-inmediato-de-matanza-de-ninos-en-gaza\\\/\",\"url\":\"https:\\\/\\\/www.eldiario.net\\\/portal\\\/2024\\\/01\\\/19\\\/unicef-pide-el-cese-inmediato-de-matanza-de-ninos-en-gaza\\\/\",\"name\":\"Unicef pide el cese inmediato de matanza de ni\u00f1os en Gaza - El Diario - Bolivia\",\"isPartOf\":{\"@id\":\"https:\\\/\\\/www.eldiario.net\\\/portal\\\/#website\"},\"primaryImageOfPage\":{\"@id\":\"https:\\\/\\\/www.eldiario.net\\\/portal\\\/2024\\\/01\\\/19\\\/unicef-pide-el-cese-inmediato-de-matanza-de-ninos-en-gaza\\\/#primaryimage\"},\"image\":{\"@id\":\"https:\\\/\\\/www.eldiario.net\\\/portal\\\/2024\\\/01\\\/19\\\/unicef-pide-el-cese-inmediato-de-matanza-de-ninos-en-gaza\\\/#primaryimage\"},\"thumbnailUrl\":\"https:\\\/\\\/www.eldiario.net\\\/portal\\\/wp-content\\\/uploads\\\/2024\\\/01\\\/NINOS.jpg\",\"datePublished\":\"2024-01-19T10:49:09+00:00\",\"breadcrumb\":{\"@id\":\"https:\\\/\\\/www.eldiario.net\\\/portal\\\/2024\\\/01\\\/19\\\/unicef-pide-el-cese-inmediato-de-matanza-de-ninos-en-gaza\\\/#breadcrumb\"},\"inLanguage\":\"es\",\"potentialAction\":[{\"@type\":\"ReadAction\",\"target\":[\"https:\\\/\\\/www.eldiario.net\\\/portal\\\/2024\\\/01\\\/19\\\/unicef-pide-el-cese-inmediato-de-matanza-de-ninos-en-gaza\\\/\"]}]},{\"@type\":\"ImageObject\",\"inLanguage\":\"es\",\"@id\":\"https:\\\/\\\/www.eldiario.net\\\/portal\\\/2024\\\/01\\\/19\\\/unicef-pide-el-cese-inmediato-de-matanza-de-ninos-en-gaza\\\/#primaryimage\",\"url\":\"https:\\\/\\\/www.eldiario.net\\\/portal\\\/wp-content\\\/uploads\\\/2024\\\/01\\\/NINOS.jpg\",\"contentUrl\":\"https:\\\/\\\/www.eldiario.net\\\/portal\\\/wp-content\\\/uploads\\\/2024\\\/01\\\/NINOS.jpg\",\"width\":1200,\"height\":800,\"caption\":\"GAZA CONSiDERADA COMO EL LUGAR M\u00c1S PELIGROSO DEL MUNDo PARA LOS NI\u00d1OS. Europa Press\"},{\"@type\":\"BreadcrumbList\",\"@id\":\"https:\\\/\\\/www.eldiario.net\\\/portal\\\/2024\\\/01\\\/19\\\/unicef-pide-el-cese-inmediato-de-matanza-de-ninos-en-gaza\\\/#breadcrumb\",\"itemListElement\":[{\"@type\":\"ListItem\",\"position\":1,\"name\":\"Portada\",\"item\":\"https:\\\/\\\/www.eldiario.net\\\/portal\\\/\"},{\"@type\":\"ListItem\",\"position\":2,\"name\":\"Unicef pide el cese inmediato de matanza de ni\u00f1os en Gaza\"}]},{\"@type\":\"WebSite\",\"@id\":\"https:\\\/\\\/www.eldiario.net\\\/portal\\\/#website\",\"url\":\"https:\\\/\\\/www.eldiario.net\\\/portal\\\/\",\"name\":\"El Diario - Decano de la prensa nacional\",\"description\":\"El Diario - Decano de la prensa nacional\",\"publisher\":{\"@id\":\"https:\\\/\\\/www.eldiario.net\\\/portal\\\/#organization\"},\"potentialAction\":[{\"@type\":\"SearchAction\",\"target\":{\"@type\":\"EntryPoint\",\"urlTemplate\":\"https:\\\/\\\/www.eldiario.net\\\/portal\\\/?s={search_term_string}\"},\"query-input\":{\"@type\":\"PropertyValueSpecification\",\"valueRequired\":true,\"valueName\":\"search_term_string\"}}],\"inLanguage\":\"es\"},{\"@type\":\"Organization\",\"@id\":\"https:\\\/\\\/www.eldiario.net\\\/portal\\\/#organization\",\"name\":\"El Diario - Decano de la prensa nacional\",\"url\":\"https:\\\/\\\/www.eldiario.net\\\/portal\\\/\",\"logo\":{\"@type\":\"ImageObject\",\"inLanguage\":\"es\",\"@id\":\"https:\\\/\\\/www.eldiario.net\\\/portal\\\/#\\\/schema\\\/logo\\\/image\\\/\",\"url\":\"https:\\\/\\\/www.eldiario.net\\\/portal\\\/wp-content\\\/uploads\\\/2023\\\/07\\\/logo_ED.jpg\",\"contentUrl\":\"https:\\\/\\\/www.eldiario.net\\\/portal\\\/wp-content\\\/uploads\\\/2023\\\/07\\\/logo_ED.jpg\",\"width\":272,\"height\":52,\"caption\":\"El Diario - Decano de la prensa nacional\"},\"image\":{\"@id\":\"https:\\\/\\\/www.eldiario.net\\\/portal\\\/#\\\/schema\\\/logo\\\/image\\\/\"},\"sameAs\":[\"https:\\\/\\\/www.facebook.com\\\/eldiario.bolivia\\\/\",\"https:\\\/\\\/x.com\\\/eldiario_net\"]},{\"@type\":\"Person\",\"@id\":\"https:\\\/\\\/www.eldiario.net\\\/portal\\\/#\\\/schema\\\/person\\\/2c57cf2b7a7ae032e449e4c9b1019eac\",\"name\":\"Jeanette\",\"image\":{\"@type\":\"ImageObject\",\"inLanguage\":\"es\",\"@id\":\"https:\\\/\\\/secure.gravatar.com\\\/avatar\\\/3ea2118a5f7dad2b7138b1187a6b7ee55f160b9968b66013c3a3ef39dd7e5798?s=96&d=mm&r=g\",\"url\":\"https:\\\/\\\/secure.gravatar.com\\\/avatar\\\/3ea2118a5f7dad2b7138b1187a6b7ee55f160b9968b66013c3a3ef39dd7e5798?s=96&d=mm&r=g\",\"contentUrl\":\"https:\\\/\\\/secure.gravatar.com\\\/avatar\\\/3ea2118a5f7dad2b7138b1187a6b7ee55f160b9968b66013c3a3ef39dd7e5798?s=96&d=mm&r=g\",\"caption\":\"Jeanette\"},\"sameAs\":[\"https:\\\/\\\/www.eldiario.net\\\/portal\"],\"url\":\"https:\\\/\\\/www.eldiario.net\\\/portal\\\/author\\\/jeanette\\\/\"}]}<\/script>\n<!-- \/ Yoast SEO plugin. -->","yoast_head_json":{"title":"Unicef pide el cese inmediato de matanza de ni\u00f1os en Gaza - El Diario - Bolivia","robots":{"index":"index","follow":"follow","max-snippet":"max-snippet:-1","max-image-preview":"max-image-preview:large","max-video-preview":"max-video-preview:-1"},"canonical":"https:\/\/www.eldiario.net\/portal\/2024\/01\/19\/unicef-pide-el-cese-inmediato-de-matanza-de-ninos-en-gaza\/","og_locale":"es_ES","og_type":"article","og_title":"Unicef pide el cese inmediato de matanza de ni\u00f1os en Gaza - El Diario - Bolivia","og_description":"El Fondo de Naciones Unidas para la Infancia (Unicef) solicit\u00f3 ayer el cese inmediato de la matanza de ni\u00f1os en la Franja de Gaza a medida que contin\u00faan los ataques del Ej\u00e9rcito de Israel, que ya result\u00f3 con al menos 24.400 muertos, y alert\u00f3 que la situaci\u00f3n pas\u00f3 de ser \u201ccatastr\u00f3fica\u201d a estar \u201ccasi colapsada\u201d. [&hellip;]","og_url":"https:\/\/www.eldiario.net\/portal\/2024\/01\/19\/unicef-pide-el-cese-inmediato-de-matanza-de-ninos-en-gaza\/","og_site_name":"El Diario - Bolivia","article_publisher":"https:\/\/www.facebook.com\/eldiario.bolivia\/","article_published_time":"2024-01-19T10:49:09+00:00","og_image":[{"width":1200,"height":800,"url":"https:\/\/www.eldiario.net\/portal\/wp-content\/uploads\/2024\/01\/NINOS.jpg","type":"image\/jpeg"}],"author":"Jeanette","twitter_card":"summary_large_image","twitter_creator":"@eldiario_net","twitter_site":"@eldiario_net","twitter_misc":{"Escrito por":"Jeanette","Tiempo de lectura":"3 minutos"},"schema":{"@context":"https:\/\/schema.org","@graph":[{"@type":"Article","@id":"https:\/\/www.eldiario.net\/portal\/2024\/01\/19\/unicef-pide-el-cese-inmediato-de-matanza-de-ninos-en-gaza\/#article","isPartOf":{"@id":"https:\/\/www.eldiario.net\/portal\/2024\/01\/19\/unicef-pide-el-cese-inmediato-de-matanza-de-ninos-en-gaza\/"},"author":{"name":"Jeanette","@id":"https:\/\/www.eldiario.net\/portal\/#\/schema\/person\/2c57cf2b7a7ae032e449e4c9b1019eac"},"headline":"Unicef pide el cese inmediato de matanza de ni\u00f1os en Gaza","datePublished":"2024-01-19T10:49:09+00:00","mainEntityOfPage":{"@id":"https:\/\/www.eldiario.net\/portal\/2024\/01\/19\/unicef-pide-el-cese-inmediato-de-matanza-de-ninos-en-gaza\/"},"wordCount":590,"commentCount":0,"publisher":{"@id":"https:\/\/www.eldiario.net\/portal\/#organization"},"image":{"@id":"https:\/\/www.eldiario.net\/portal\/2024\/01\/19\/unicef-pide-el-cese-inmediato-de-matanza-de-ninos-en-gaza\/#primaryimage"},"thumbnailUrl":"https:\/\/www.eldiario.net\/portal\/wp-content\/uploads\/2024\/01\/NINOS.jpg","articleSection":["Internacional"],"inLanguage":"es","potentialAction":[{"@type":"CommentAction","name":"Comment","target":["https:\/\/www.eldiario.net\/portal\/2024\/01\/19\/unicef-pide-el-cese-inmediato-de-matanza-de-ninos-en-gaza\/#respond"]}]},{"@type":"WebPage","@id":"https:\/\/www.eldiario.net\/portal\/2024\/01\/19\/unicef-pide-el-cese-inmediato-de-matanza-de-ninos-en-gaza\/","url":"https:\/\/www.eldiario.net\/portal\/2024\/01\/19\/unicef-pide-el-cese-inmediato-de-matanza-de-ninos-en-gaza\/","name":"Unicef pide el cese inmediato de matanza de ni\u00f1os en Gaza - El Diario - Bolivia","isPartOf":{"@id":"https:\/\/www.eldiario.net\/portal\/#website"},"primaryImageOfPage":{"@id":"https:\/\/www.eldiario.net\/portal\/2024\/01\/19\/unicef-pide-el-cese-inmediato-de-matanza-de-ninos-en-gaza\/#primaryimage"},"image":{"@id":"https:\/\/www.eldiario.net\/portal\/2024\/01\/19\/unicef-pide-el-cese-inmediato-de-matanza-de-ninos-en-gaza\/#primaryimage"},"thumbnailUrl":"https:\/\/www.eldiario.net\/portal\/wp-content\/uploads\/2024\/01\/NINOS.jpg","datePublished":"2024-01-19T10:49:09+00:00","breadcrumb":{"@id":"https:\/\/www.eldiario.net\/portal\/2024\/01\/19\/unicef-pide-el-cese-inmediato-de-matanza-de-ninos-en-gaza\/#breadcrumb"},"inLanguage":"es","potentialAction":[{"@type":"ReadAction","target":["https:\/\/www.eldiario.net\/portal\/2024\/01\/19\/unicef-pide-el-cese-inmediato-de-matanza-de-ninos-en-gaza\/"]}]},{"@type":"ImageObject","inLanguage":"es","@id":"https:\/\/www.eldiario.net\/portal\/2024\/01\/19\/unicef-pide-el-cese-inmediato-de-matanza-de-ninos-en-gaza\/#primaryimage","url":"https:\/\/www.eldiario.net\/portal\/wp-content\/uploads\/2024\/01\/NINOS.jpg","contentUrl":"https:\/\/www.eldiario.net\/portal\/wp-content\/uploads\/2024\/01\/NINOS.jpg","width":1200,"height":800,"caption":"GAZA CONSiDERADA COMO EL LUGAR M\u00c1S PELIGROSO DEL MUNDo PARA LOS NI\u00d1OS. Europa Press"},{"@type":"BreadcrumbList","@id":"https:\/\/www.eldiario.net\/portal\/2024\/01\/19\/unicef-pide-el-cese-inmediato-de-matanza-de-ninos-en-gaza\/#breadcrumb","itemListElement":[{"@type":"ListItem","position":1,"name":"Portada","item":"https:\/\/www.eldiario.net\/portal\/"},{"@type":"ListItem","position":2,"name":"Unicef pide el cese inmediato de matanza de ni\u00f1os en Gaza"}]},{"@type":"WebSite","@id":"https:\/\/www.eldiario.net\/portal\/#website","url":"https:\/\/www.eldiario.net\/portal\/","name":"El Diario - Decano de la prensa nacional","description":"El Diario - Decano de la prensa nacional","publisher":{"@id":"https:\/\/www.eldiario.net\/portal\/#organization"},"potentialAction":[{"@type":"SearchAction","target":{"@type":"EntryPoint","urlTemplate":"https:\/\/www.eldiario.net\/portal\/?s={search_term_string}"},"query-input":{"@type":"PropertyValueSpecification","valueRequired":true,"valueName":"search_term_string"}}],"inLanguage":"es"},{"@type":"Organization","@id":"https:\/\/www.eldiario.net\/portal\/#organization","name":"El Diario - Decano de la prensa nacional","url":"https:\/\/www.eldiario.net\/portal\/","logo":{"@type":"ImageObject","inLanguage":"es","@id":"https:\/\/www.eldiario.net\/portal\/#\/schema\/logo\/image\/","url":"https:\/\/www.eldiario.net\/portal\/wp-content\/uploads\/2023\/07\/logo_ED.jpg","contentUrl":"https:\/\/www.eldiario.net\/portal\/wp-content\/uploads\/2023\/07\/logo_ED.jpg","width":272,"height":52,"caption":"El Diario - Decano de la prensa nacional"},"image":{"@id":"https:\/\/www.eldiario.net\/portal\/#\/schema\/logo\/image\/"},"sameAs":["https:\/\/www.facebook.com\/eldiario.bolivia\/","https:\/\/x.com\/eldiario_net"]},{"@type":"Person","@id":"https:\/\/www.eldiario.net\/portal\/#\/schema\/person\/2c57cf2b7a7ae032e449e4c9b1019eac","name":"Jeanette","image":{"@type":"ImageObject","inLanguage":"es","@id":"https:\/\/secure.gravatar.com\/avatar\/3ea2118a5f7dad2b7138b1187a6b7ee55f160b9968b66013c3a3ef39dd7e5798?s=96&d=mm&r=g","url":"https:\/\/secure.gravatar.com\/avatar\/3ea2118a5f7dad2b7138b1187a6b7ee55f160b9968b66013c3a3ef39dd7e5798?s=96&d=mm&r=g","contentUrl":"https:\/\/secure.gravatar.com\/avatar\/3ea2118a5f7dad2b7138b1187a6b7ee55f160b9968b66013c3a3ef39dd7e5798?s=96&d=mm&r=g","caption":"Jeanette"},"sameAs":["https:\/\/www.eldiario.net\/portal"],"url":"https:\/\/www.eldiario.net\/portal\/author\/jeanette\/"}]}},"_links":{"self":[{"href":"https:\/\/www.eldiario.net\/portal\/wp-json\/wp\/v2\/posts\/198350","targetHints":{"allow":["GET"]}}],"collection":[{"href":"https:\/\/www.eldiario.net\/portal\/wp-json\/wp\/v2\/posts"}],"about":[{"href":"https:\/\/www.eldiario.net\/portal\/wp-json\/wp\/v2\/types\/post"}],"author":[{"embeddable":true,"href":"https:\/\/www.eldiario.net\/portal\/wp-json\/wp\/v2\/users\/1"}],"replies":[{"embeddable":true,"href":"https:\/\/www.eldiario.net\/portal\/wp-json\/wp\/v2\/comments?post=198350"}],"version-history":[{"count":1,"href":"https:\/\/www.eldiario.net\/portal\/wp-json\/wp\/v2\/posts\/198350\/revisions"}],"predecessor-version":[{"id":198352,"href":"https:\/\/www.eldiario.net\/portal\/wp-json\/wp\/v2\/posts\/198350\/revisions\/198352"}],"wp:featuredmedia":[{"embeddable":true,"href":"https:\/\/www.eldiario.net\/portal\/wp-json\/wp\/v2\/media\/198351"}],"wp:attachment":[{"href":"https:\/\/www.eldiario.net\/portal\/wp-json\/wp\/v2\/media?parent=198350"}],"wp:term":[{"taxonomy":"category","embeddable":true,"href":"https:\/\/www.eldiario.net\/portal\/wp-json\/wp\/v2\/categories?post=198350"},{"taxonomy":"post_tag","embeddable":true,"href":"https:\/\/www.eldiario.net\/portal\/wp-json\/wp\/v2\/tags?post=198350"}],"curies":[{"name":"wp","href":"https:\/\/api.w.org\/{rel}","templated":true}]}}