{"id":198347,"date":"2024-01-19T06:46:33","date_gmt":"2024-01-19T10:46:33","guid":{"rendered":"https:\/\/www.eldiario.net\/portal\/?p=198347"},"modified":"2024-01-19T06:46:33","modified_gmt":"2024-01-19T10:46:33","slug":"ue-acuerda-normas-estrictas-para-prevenir-el-blanqueo-de-capitales","status":"publish","type":"post","link":"https:\/\/www.eldiario.net\/portal\/2024\/01\/19\/ue-acuerda-normas-estrictas-para-prevenir-el-blanqueo-de-capitales\/","title":{"rendered":"UE acuerda normas estrictas para  prevenir el blanqueo de capitales"},"content":{"rendered":"<p>Los negociadores del Consejo y del Parlamento Europeo alcanzaron ayer un acuerdo provisional sobre nuevas medidas para reforzar el conjunto de herramientas de la UE para luchar contra el blanqueo de dinero, la financiaci\u00f3n del terrorismo y la evasi\u00f3n de sanciones.<br \/>\nEn concreto, pactaron la sexta directiva contra el blanqueo de capitales (AML) y el reglamento del \u201clibro de normas \u00fanico\u201d de la UE. Las disposiciones acordadas, que forman parte del paquete contra el blanqueo de dinero y la financiaci\u00f3n del terrorismo (AML\/CFT), tendr\u00e1n que ser aplicadas por los bancos y otras entidades obligadas para proteger el mercado interior de la UE contra el blanqueo de dinero y la financiaci\u00f3n del terrorismo.<br \/>\nLos nuevos proyectos de ley brindan acceso a informaci\u00f3n sobre beneficiarios reales y otorgan m\u00e1s poderes a las Unidades de Inteligencia Financiera (UIF) para analizar y detectar casos de lavado de dinero y financiamiento del terrorismo, as\u00ed como para suspender transacciones sospechosas.<br \/>\nDurante las negociaciones, los eurodiputados aseguraron que a partir de 2029 los clubes de f\u00fatbol profesionales estar\u00e1n obligados a verificar la identidad de sus clientes, controlar e informar de cualquier transacci\u00f3n sospechosa a las UIF.<br \/>\nEl acuerdo, que a\u00fan debe ser adoptado formalmente por ambas instituciones para entrar en vigor, ampl\u00eda la lista de sujetos obligados a nuevos organismos, de modo que las nuevas reglas cubrir\u00e1n la mayor parte del sector criptogr\u00e1fico, lo que obligar\u00e1 a todos los proveedores de servicios de criptoactivos (CASP) a realizar la debida diligencia con sus clientes.<br \/>\nSeg\u00fan el acuerdo, los CASP deber\u00e1n aplicar medidas de debida diligencia con el cliente cuando realicen transacciones por valor de 1.000 euros o m\u00e1s y agrega medidas para mitigar los riesgos en relaci\u00f3n con las transacciones con billeteras.<br \/>\nOtros sectores afectados por la diligencia debida del cliente y las obligaciones de presentaci\u00f3n de informes ser\u00e1n los comerciantes de art\u00edculos de lujo como metales preciosos, piedras preciosas, joyer\u00edas, relojer\u00edas y orfebres; as\u00ed como el sector de autom\u00f3viles, aviones y yates de lujo, y de bienes culturales (como obras de arte). (Europa Press)<\/p>\n","protected":false},"excerpt":{"rendered":"<p>Los negociadores del Consejo y del Parlamento Europeo alcanzaron ayer un acuerdo provisional sobre nuevas medidas para reforzar el conjunto de herramientas de la UE para luchar contra el blanqueo de dinero, la financiaci\u00f3n del terrorismo y la evasi\u00f3n de sanciones. En concreto, pactaron la sexta directiva contra el blanqueo de capitales (AML) y el [&hellip;]<\/p>\n","protected":false},"author":1,"featured_media":198348,"comment_status":"open","ping_status":"open","sticky":false,"template":"","format":"standard","meta":{"_acf_changed":false,"footnotes":""},"categories":[3],"tags":[],"class_list":["post-198347","post","type-post","status-publish","format-standard","has-post-thumbnail","category-internacional"],"acf":{"antetitulo":"Para la lucha contra el terrorismo"},"yoast_head":"<!-- This site is optimized with the Yoast SEO plugin v28.4 - https:\/\/yoast.com\/product\/yoast-seo-wordpress\/ -->\n<title>UE acuerda normas estrictas para prevenir el blanqueo de capitales - El Diario - Bolivia<\/title>\n<meta name=\"robots\" content=\"index, follow, max-snippet:-1, max-image-preview:large, max-video-preview:-1\" \/>\n<link rel=\"canonical\" href=\"https:\/\/www.eldiario.net\/portal\/2024\/01\/19\/ue-acuerda-normas-estrictas-para-prevenir-el-blanqueo-de-capitales\/\" \/>\n<meta property=\"og:locale\" content=\"es_ES\" \/>\n<meta property=\"og:type\" content=\"article\" \/>\n<meta property=\"og:title\" content=\"UE acuerda normas estrictas para prevenir el blanqueo de capitales - El Diario - Bolivia\" \/>\n<meta property=\"og:description\" content=\"Los negociadores del Consejo y del Parlamento Europeo alcanzaron ayer un acuerdo provisional sobre nuevas medidas para reforzar el conjunto de herramientas de la UE para luchar contra el blanqueo de dinero, la financiaci\u00f3n del terrorismo y la evasi\u00f3n de sanciones. En concreto, pactaron la sexta directiva contra el blanqueo de capitales (AML) y el [&hellip;]\" \/>\n<meta property=\"og:url\" content=\"https:\/\/www.eldiario.net\/portal\/2024\/01\/19\/ue-acuerda-normas-estrictas-para-prevenir-el-blanqueo-de-capitales\/\" \/>\n<meta property=\"og:site_name\" content=\"El Diario - Bolivia\" \/>\n<meta property=\"article:publisher\" content=\"https:\/\/www.facebook.com\/eldiario.bolivia\/\" \/>\n<meta property=\"article:published_time\" content=\"2024-01-19T10:46:33+00:00\" \/>\n<meta property=\"og:image\" content=\"https:\/\/www.eldiario.net\/portal\/wp-content\/uploads\/2024\/01\/MONEDAS.jpg\" \/>\n\t<meta property=\"og:image:width\" content=\"1200\" \/>\n\t<meta property=\"og:image:height\" content=\"799\" \/>\n\t<meta property=\"og:image:type\" content=\"image\/jpeg\" \/>\n<meta name=\"author\" content=\"Jeanette\" \/>\n<meta name=\"twitter:card\" content=\"summary_large_image\" \/>\n<meta name=\"twitter:creator\" content=\"@eldiario_net\" \/>\n<meta name=\"twitter:site\" content=\"@eldiario_net\" \/>\n<meta name=\"twitter:label1\" content=\"Escrito por\" \/>\n\t<meta name=\"twitter:data1\" content=\"Jeanette\" \/>\n\t<meta name=\"twitter:label2\" content=\"Tiempo de lectura\" \/>\n\t<meta name=\"twitter:data2\" content=\"2 minutos\" \/>\n<script type=\"application\/ld+json\" class=\"yoast-schema-graph\">{\"@context\":\"https:\\\/\\\/schema.org\",\"@graph\":[{\"@type\":\"Article\",\"@id\":\"https:\\\/\\\/www.eldiario.net\\\/portal\\\/2024\\\/01\\\/19\\\/ue-acuerda-normas-estrictas-para-prevenir-el-blanqueo-de-capitales\\\/#article\",\"isPartOf\":{\"@id\":\"https:\\\/\\\/www.eldiario.net\\\/portal\\\/2024\\\/01\\\/19\\\/ue-acuerda-normas-estrictas-para-prevenir-el-blanqueo-de-capitales\\\/\"},\"author\":{\"name\":\"Jeanette\",\"@id\":\"https:\\\/\\\/www.eldiario.net\\\/portal\\\/#\\\/schema\\\/person\\\/2c57cf2b7a7ae032e449e4c9b1019eac\"},\"headline\":\"UE acuerda normas estrictas para prevenir el blanqueo de capitales\",\"datePublished\":\"2024-01-19T10:46:33+00:00\",\"mainEntityOfPage\":{\"@id\":\"https:\\\/\\\/www.eldiario.net\\\/portal\\\/2024\\\/01\\\/19\\\/ue-acuerda-normas-estrictas-para-prevenir-el-blanqueo-de-capitales\\\/\"},\"wordCount\":370,\"commentCount\":0,\"publisher\":{\"@id\":\"https:\\\/\\\/www.eldiario.net\\\/portal\\\/#organization\"},\"image\":{\"@id\":\"https:\\\/\\\/www.eldiario.net\\\/portal\\\/2024\\\/01\\\/19\\\/ue-acuerda-normas-estrictas-para-prevenir-el-blanqueo-de-capitales\\\/#primaryimage\"},\"thumbnailUrl\":\"https:\\\/\\\/www.eldiario.net\\\/portal\\\/wp-content\\\/uploads\\\/2024\\\/01\\\/MONEDAS.jpg\",\"articleSection\":[\"Internacional\"],\"inLanguage\":\"es\",\"potentialAction\":[{\"@type\":\"CommentAction\",\"name\":\"Comment\",\"target\":[\"https:\\\/\\\/www.eldiario.net\\\/portal\\\/2024\\\/01\\\/19\\\/ue-acuerda-normas-estrictas-para-prevenir-el-blanqueo-de-capitales\\\/#respond\"]}]},{\"@type\":\"WebPage\",\"@id\":\"https:\\\/\\\/www.eldiario.net\\\/portal\\\/2024\\\/01\\\/19\\\/ue-acuerda-normas-estrictas-para-prevenir-el-blanqueo-de-capitales\\\/\",\"url\":\"https:\\\/\\\/www.eldiario.net\\\/portal\\\/2024\\\/01\\\/19\\\/ue-acuerda-normas-estrictas-para-prevenir-el-blanqueo-de-capitales\\\/\",\"name\":\"UE acuerda normas estrictas para prevenir el blanqueo de capitales - El Diario - Bolivia\",\"isPartOf\":{\"@id\":\"https:\\\/\\\/www.eldiario.net\\\/portal\\\/#website\"},\"primaryImageOfPage\":{\"@id\":\"https:\\\/\\\/www.eldiario.net\\\/portal\\\/2024\\\/01\\\/19\\\/ue-acuerda-normas-estrictas-para-prevenir-el-blanqueo-de-capitales\\\/#primaryimage\"},\"image\":{\"@id\":\"https:\\\/\\\/www.eldiario.net\\\/portal\\\/2024\\\/01\\\/19\\\/ue-acuerda-normas-estrictas-para-prevenir-el-blanqueo-de-capitales\\\/#primaryimage\"},\"thumbnailUrl\":\"https:\\\/\\\/www.eldiario.net\\\/portal\\\/wp-content\\\/uploads\\\/2024\\\/01\\\/MONEDAS.jpg\",\"datePublished\":\"2024-01-19T10:46:33+00:00\",\"breadcrumb\":{\"@id\":\"https:\\\/\\\/www.eldiario.net\\\/portal\\\/2024\\\/01\\\/19\\\/ue-acuerda-normas-estrictas-para-prevenir-el-blanqueo-de-capitales\\\/#breadcrumb\"},\"inLanguage\":\"es\",\"potentialAction\":[{\"@type\":\"ReadAction\",\"target\":[\"https:\\\/\\\/www.eldiario.net\\\/portal\\\/2024\\\/01\\\/19\\\/ue-acuerda-normas-estrictas-para-prevenir-el-blanqueo-de-capitales\\\/\"]}]},{\"@type\":\"ImageObject\",\"inLanguage\":\"es\",\"@id\":\"https:\\\/\\\/www.eldiario.net\\\/portal\\\/2024\\\/01\\\/19\\\/ue-acuerda-normas-estrictas-para-prevenir-el-blanqueo-de-capitales\\\/#primaryimage\",\"url\":\"https:\\\/\\\/www.eldiario.net\\\/portal\\\/wp-content\\\/uploads\\\/2024\\\/01\\\/MONEDAS.jpg\",\"contentUrl\":\"https:\\\/\\\/www.eldiario.net\\\/portal\\\/wp-content\\\/uploads\\\/2024\\\/01\\\/MONEDAS.jpg\",\"width\":1200,\"height\":799,\"caption\":\"LAS DISPOSICIONES DEBER\u00c1N SER APLICADAS EN BANCOS Y OTRAS ENTIDADES. Notim\u00e9rica\"},{\"@type\":\"BreadcrumbList\",\"@id\":\"https:\\\/\\\/www.eldiario.net\\\/portal\\\/2024\\\/01\\\/19\\\/ue-acuerda-normas-estrictas-para-prevenir-el-blanqueo-de-capitales\\\/#breadcrumb\",\"itemListElement\":[{\"@type\":\"ListItem\",\"position\":1,\"name\":\"Portada\",\"item\":\"https:\\\/\\\/www.eldiario.net\\\/portal\\\/\"},{\"@type\":\"ListItem\",\"position\":2,\"name\":\"UE acuerda normas estrictas para prevenir el blanqueo de capitales\"}]},{\"@type\":\"WebSite\",\"@id\":\"https:\\\/\\\/www.eldiario.net\\\/portal\\\/#website\",\"url\":\"https:\\\/\\\/www.eldiario.net\\\/portal\\\/\",\"name\":\"El Diario - Decano de la prensa nacional\",\"description\":\"El Diario - Decano de la prensa nacional\",\"publisher\":{\"@id\":\"https:\\\/\\\/www.eldiario.net\\\/portal\\\/#organization\"},\"potentialAction\":[{\"@type\":\"SearchAction\",\"target\":{\"@type\":\"EntryPoint\",\"urlTemplate\":\"https:\\\/\\\/www.eldiario.net\\\/portal\\\/?s={search_term_string}\"},\"query-input\":{\"@type\":\"PropertyValueSpecification\",\"valueRequired\":true,\"valueName\":\"search_term_string\"}}],\"inLanguage\":\"es\"},{\"@type\":\"Organization\",\"@id\":\"https:\\\/\\\/www.eldiario.net\\\/portal\\\/#organization\",\"name\":\"El Diario - Decano de la prensa nacional\",\"url\":\"https:\\\/\\\/www.eldiario.net\\\/portal\\\/\",\"logo\":{\"@type\":\"ImageObject\",\"inLanguage\":\"es\",\"@id\":\"https:\\\/\\\/www.eldiario.net\\\/portal\\\/#\\\/schema\\\/logo\\\/image\\\/\",\"url\":\"https:\\\/\\\/www.eldiario.net\\\/portal\\\/wp-content\\\/uploads\\\/2023\\\/07\\\/logo_ED.jpg\",\"contentUrl\":\"https:\\\/\\\/www.eldiario.net\\\/portal\\\/wp-content\\\/uploads\\\/2023\\\/07\\\/logo_ED.jpg\",\"width\":272,\"height\":52,\"caption\":\"El Diario - Decano de la prensa nacional\"},\"image\":{\"@id\":\"https:\\\/\\\/www.eldiario.net\\\/portal\\\/#\\\/schema\\\/logo\\\/image\\\/\"},\"sameAs\":[\"https:\\\/\\\/www.facebook.com\\\/eldiario.bolivia\\\/\",\"https:\\\/\\\/x.com\\\/eldiario_net\"]},{\"@type\":\"Person\",\"@id\":\"https:\\\/\\\/www.eldiario.net\\\/portal\\\/#\\\/schema\\\/person\\\/2c57cf2b7a7ae032e449e4c9b1019eac\",\"name\":\"Jeanette\",\"image\":{\"@type\":\"ImageObject\",\"inLanguage\":\"es\",\"@id\":\"https:\\\/\\\/secure.gravatar.com\\\/avatar\\\/3ea2118a5f7dad2b7138b1187a6b7ee55f160b9968b66013c3a3ef39dd7e5798?s=96&d=mm&r=g\",\"url\":\"https:\\\/\\\/secure.gravatar.com\\\/avatar\\\/3ea2118a5f7dad2b7138b1187a6b7ee55f160b9968b66013c3a3ef39dd7e5798?s=96&d=mm&r=g\",\"contentUrl\":\"https:\\\/\\\/secure.gravatar.com\\\/avatar\\\/3ea2118a5f7dad2b7138b1187a6b7ee55f160b9968b66013c3a3ef39dd7e5798?s=96&d=mm&r=g\",\"caption\":\"Jeanette\"},\"sameAs\":[\"https:\\\/\\\/www.eldiario.net\\\/portal\"],\"url\":\"https:\\\/\\\/www.eldiario.net\\\/portal\\\/author\\\/jeanette\\\/\"}]}<\/script>\n<!-- \/ Yoast SEO plugin. -->","yoast_head_json":{"title":"UE acuerda normas estrictas para prevenir el blanqueo de capitales - El Diario - Bolivia","robots":{"index":"index","follow":"follow","max-snippet":"max-snippet:-1","max-image-preview":"max-image-preview:large","max-video-preview":"max-video-preview:-1"},"canonical":"https:\/\/www.eldiario.net\/portal\/2024\/01\/19\/ue-acuerda-normas-estrictas-para-prevenir-el-blanqueo-de-capitales\/","og_locale":"es_ES","og_type":"article","og_title":"UE acuerda normas estrictas para prevenir el blanqueo de capitales - El Diario - Bolivia","og_description":"Los negociadores del Consejo y del Parlamento Europeo alcanzaron ayer un acuerdo provisional sobre nuevas medidas para reforzar el conjunto de herramientas de la UE para luchar contra el blanqueo de dinero, la financiaci\u00f3n del terrorismo y la evasi\u00f3n de sanciones. En concreto, pactaron la sexta directiva contra el blanqueo de capitales (AML) y el [&hellip;]","og_url":"https:\/\/www.eldiario.net\/portal\/2024\/01\/19\/ue-acuerda-normas-estrictas-para-prevenir-el-blanqueo-de-capitales\/","og_site_name":"El Diario - Bolivia","article_publisher":"https:\/\/www.facebook.com\/eldiario.bolivia\/","article_published_time":"2024-01-19T10:46:33+00:00","og_image":[{"width":1200,"height":799,"url":"https:\/\/www.eldiario.net\/portal\/wp-content\/uploads\/2024\/01\/MONEDAS.jpg","type":"image\/jpeg"}],"author":"Jeanette","twitter_card":"summary_large_image","twitter_creator":"@eldiario_net","twitter_site":"@eldiario_net","twitter_misc":{"Escrito por":"Jeanette","Tiempo de lectura":"2 minutos"},"schema":{"@context":"https:\/\/schema.org","@graph":[{"@type":"Article","@id":"https:\/\/www.eldiario.net\/portal\/2024\/01\/19\/ue-acuerda-normas-estrictas-para-prevenir-el-blanqueo-de-capitales\/#article","isPartOf":{"@id":"https:\/\/www.eldiario.net\/portal\/2024\/01\/19\/ue-acuerda-normas-estrictas-para-prevenir-el-blanqueo-de-capitales\/"},"author":{"name":"Jeanette","@id":"https:\/\/www.eldiario.net\/portal\/#\/schema\/person\/2c57cf2b7a7ae032e449e4c9b1019eac"},"headline":"UE acuerda normas estrictas para prevenir el blanqueo de capitales","datePublished":"2024-01-19T10:46:33+00:00","mainEntityOfPage":{"@id":"https:\/\/www.eldiario.net\/portal\/2024\/01\/19\/ue-acuerda-normas-estrictas-para-prevenir-el-blanqueo-de-capitales\/"},"wordCount":370,"commentCount":0,"publisher":{"@id":"https:\/\/www.eldiario.net\/portal\/#organization"},"image":{"@id":"https:\/\/www.eldiario.net\/portal\/2024\/01\/19\/ue-acuerda-normas-estrictas-para-prevenir-el-blanqueo-de-capitales\/#primaryimage"},"thumbnailUrl":"https:\/\/www.eldiario.net\/portal\/wp-content\/uploads\/2024\/01\/MONEDAS.jpg","articleSection":["Internacional"],"inLanguage":"es","potentialAction":[{"@type":"CommentAction","name":"Comment","target":["https:\/\/www.eldiario.net\/portal\/2024\/01\/19\/ue-acuerda-normas-estrictas-para-prevenir-el-blanqueo-de-capitales\/#respond"]}]},{"@type":"WebPage","@id":"https:\/\/www.eldiario.net\/portal\/2024\/01\/19\/ue-acuerda-normas-estrictas-para-prevenir-el-blanqueo-de-capitales\/","url":"https:\/\/www.eldiario.net\/portal\/2024\/01\/19\/ue-acuerda-normas-estrictas-para-prevenir-el-blanqueo-de-capitales\/","name":"UE acuerda normas estrictas para prevenir el blanqueo de capitales - El Diario - Bolivia","isPartOf":{"@id":"https:\/\/www.eldiario.net\/portal\/#website"},"primaryImageOfPage":{"@id":"https:\/\/www.eldiario.net\/portal\/2024\/01\/19\/ue-acuerda-normas-estrictas-para-prevenir-el-blanqueo-de-capitales\/#primaryimage"},"image":{"@id":"https:\/\/www.eldiario.net\/portal\/2024\/01\/19\/ue-acuerda-normas-estrictas-para-prevenir-el-blanqueo-de-capitales\/#primaryimage"},"thumbnailUrl":"https:\/\/www.eldiario.net\/portal\/wp-content\/uploads\/2024\/01\/MONEDAS.jpg","datePublished":"2024-01-19T10:46:33+00:00","breadcrumb":{"@id":"https:\/\/www.eldiario.net\/portal\/2024\/01\/19\/ue-acuerda-normas-estrictas-para-prevenir-el-blanqueo-de-capitales\/#breadcrumb"},"inLanguage":"es","potentialAction":[{"@type":"ReadAction","target":["https:\/\/www.eldiario.net\/portal\/2024\/01\/19\/ue-acuerda-normas-estrictas-para-prevenir-el-blanqueo-de-capitales\/"]}]},{"@type":"ImageObject","inLanguage":"es","@id":"https:\/\/www.eldiario.net\/portal\/2024\/01\/19\/ue-acuerda-normas-estrictas-para-prevenir-el-blanqueo-de-capitales\/#primaryimage","url":"https:\/\/www.eldiario.net\/portal\/wp-content\/uploads\/2024\/01\/MONEDAS.jpg","contentUrl":"https:\/\/www.eldiario.net\/portal\/wp-content\/uploads\/2024\/01\/MONEDAS.jpg","width":1200,"height":799,"caption":"LAS DISPOSICIONES DEBER\u00c1N SER APLICADAS EN BANCOS Y OTRAS ENTIDADES. Notim\u00e9rica"},{"@type":"BreadcrumbList","@id":"https:\/\/www.eldiario.net\/portal\/2024\/01\/19\/ue-acuerda-normas-estrictas-para-prevenir-el-blanqueo-de-capitales\/#breadcrumb","itemListElement":[{"@type":"ListItem","position":1,"name":"Portada","item":"https:\/\/www.eldiario.net\/portal\/"},{"@type":"ListItem","position":2,"name":"UE acuerda normas estrictas para prevenir el blanqueo de capitales"}]},{"@type":"WebSite","@id":"https:\/\/www.eldiario.net\/portal\/#website","url":"https:\/\/www.eldiario.net\/portal\/","name":"El Diario - Decano de la prensa nacional","description":"El Diario - Decano de la prensa nacional","publisher":{"@id":"https:\/\/www.eldiario.net\/portal\/#organization"},"potentialAction":[{"@type":"SearchAction","target":{"@type":"EntryPoint","urlTemplate":"https:\/\/www.eldiario.net\/portal\/?s={search_term_string}"},"query-input":{"@type":"PropertyValueSpecification","valueRequired":true,"valueName":"search_term_string"}}],"inLanguage":"es"},{"@type":"Organization","@id":"https:\/\/www.eldiario.net\/portal\/#organization","name":"El Diario - Decano de la prensa nacional","url":"https:\/\/www.eldiario.net\/portal\/","logo":{"@type":"ImageObject","inLanguage":"es","@id":"https:\/\/www.eldiario.net\/portal\/#\/schema\/logo\/image\/","url":"https:\/\/www.eldiario.net\/portal\/wp-content\/uploads\/2023\/07\/logo_ED.jpg","contentUrl":"https:\/\/www.eldiario.net\/portal\/wp-content\/uploads\/2023\/07\/logo_ED.jpg","width":272,"height":52,"caption":"El Diario - Decano de la prensa nacional"},"image":{"@id":"https:\/\/www.eldiario.net\/portal\/#\/schema\/logo\/image\/"},"sameAs":["https:\/\/www.facebook.com\/eldiario.bolivia\/","https:\/\/x.com\/eldiario_net"]},{"@type":"Person","@id":"https:\/\/www.eldiario.net\/portal\/#\/schema\/person\/2c57cf2b7a7ae032e449e4c9b1019eac","name":"Jeanette","image":{"@type":"ImageObject","inLanguage":"es","@id":"https:\/\/secure.gravatar.com\/avatar\/3ea2118a5f7dad2b7138b1187a6b7ee55f160b9968b66013c3a3ef39dd7e5798?s=96&d=mm&r=g","url":"https:\/\/secure.gravatar.com\/avatar\/3ea2118a5f7dad2b7138b1187a6b7ee55f160b9968b66013c3a3ef39dd7e5798?s=96&d=mm&r=g","contentUrl":"https:\/\/secure.gravatar.com\/avatar\/3ea2118a5f7dad2b7138b1187a6b7ee55f160b9968b66013c3a3ef39dd7e5798?s=96&d=mm&r=g","caption":"Jeanette"},"sameAs":["https:\/\/www.eldiario.net\/portal"],"url":"https:\/\/www.eldiario.net\/portal\/author\/jeanette\/"}]}},"_links":{"self":[{"href":"https:\/\/www.eldiario.net\/portal\/wp-json\/wp\/v2\/posts\/198347","targetHints":{"allow":["GET"]}}],"collection":[{"href":"https:\/\/www.eldiario.net\/portal\/wp-json\/wp\/v2\/posts"}],"about":[{"href":"https:\/\/www.eldiario.net\/portal\/wp-json\/wp\/v2\/types\/post"}],"author":[{"embeddable":true,"href":"https:\/\/www.eldiario.net\/portal\/wp-json\/wp\/v2\/users\/1"}],"replies":[{"embeddable":true,"href":"https:\/\/www.eldiario.net\/portal\/wp-json\/wp\/v2\/comments?post=198347"}],"version-history":[{"count":1,"href":"https:\/\/www.eldiario.net\/portal\/wp-json\/wp\/v2\/posts\/198347\/revisions"}],"predecessor-version":[{"id":198349,"href":"https:\/\/www.eldiario.net\/portal\/wp-json\/wp\/v2\/posts\/198347\/revisions\/198349"}],"wp:featuredmedia":[{"embeddable":true,"href":"https:\/\/www.eldiario.net\/portal\/wp-json\/wp\/v2\/media\/198348"}],"wp:attachment":[{"href":"https:\/\/www.eldiario.net\/portal\/wp-json\/wp\/v2\/media?parent=198347"}],"wp:term":[{"taxonomy":"category","embeddable":true,"href":"https:\/\/www.eldiario.net\/portal\/wp-json\/wp\/v2\/categories?post=198347"},{"taxonomy":"post_tag","embeddable":true,"href":"https:\/\/www.eldiario.net\/portal\/wp-json\/wp\/v2\/tags?post=198347"}],"curies":[{"name":"wp","href":"https:\/\/api.w.org\/{rel}","templated":true}]}}