{"id":198039,"date":"2024-01-17T06:30:31","date_gmt":"2024-01-17T10:30:31","guid":{"rendered":"https:\/\/www.eldiario.net\/portal\/?p=198039"},"modified":"2024-01-17T06:30:31","modified_gmt":"2024-01-17T10:30:31","slug":"una-riada-atmosferica-desato-una-ola-de-calor-record-en-la-antartida","status":"publish","type":"post","link":"https:\/\/www.eldiario.net\/portal\/2024\/01\/17\/una-riada-atmosferica-desato-una-ola-de-calor-record-en-la-antartida\/","title":{"rendered":"Una riada atmosf\u00e9rica desat\u00f3 una  ola de calor r\u00e9cord en la Ant\u00e1rtida"},"content":{"rendered":"<p>La ola de calor en la Ant\u00e1rtida Oriental de marzo de 2022, con temperaturas de 30 a 40 grados por encima del promedio, fue desatada por el r\u00edo atmosf\u00e9rico m\u00e1s intenso jam\u00e1s observado en la regi\u00f3n.<br \/>\nLa ola de calor, que durante cuatro d\u00edas afect\u00f3 a un \u00e1rea del tama\u00f1o de la India (3,3 millones de km2) fue objeto de an\u00e1lisis de dos art\u00edculos complementarios publicados ahora en el Journal of Climate de la American Meteorological Society.<br \/>\nEste evento r\u00e9cord estableci\u00f3 un nuevo r\u00e9cord hist\u00f3rico de temperatura m\u00e1xima de -9,4\u00b0C el 18 de marzo cerca de la Estaci\u00f3n Concordia en la Meseta Ant\u00e1rtica en la Ant\u00e1rtida Oriental, con temperaturas entre 30\u00b0C y 40\u00b0C por encima del promedio. Marzo suele ser un mes de transici\u00f3n hacia el invierno ant\u00e1rtico en la Estaci\u00f3n Concordia, con temperaturas promedio diarias que alcanzan un m\u00e1ximo, alrededor de -40\u00b0C y -50\u00b0C.<br \/>\nLas temperaturas extremas fueron impulsadas por un intenso \u201cr\u00edo atmosf\u00e9rico\u201d: una banda concentrada de vapor de agua atmosf\u00e9rico, que transporta calor y humedad desde los subtr\u00f3picos hasta las profundidades del interior de la Ant\u00e1rtida.<br \/>\nLos cient\u00edficos descubrieron que la convecci\u00f3n y la actividad de los ciclones tropicales en el Oc\u00e9ano \u00cdndico eran una fuente importante de humedad, que luego era transportada r\u00e1pidamente a la Ant\u00e1rtida gracias a una mayor ondulaci\u00f3n en la corriente en chorro que un\u00eda las latitudes bajas y altas.<br \/>\nLa intrusi\u00f3n de los r\u00edos atmosf\u00e9ricos provoc\u00f3 una espesa capa de nubes sobre la meseta ant\u00e1rtica oriental atrapando el calor en la atm\u00f3sfera inferior. Combinadas con la radiaci\u00f3n solar dispersa, estas condiciones finalmente dieron como resultado un intenso calentamiento de la superficie.<br \/>\nEl Dr. Tom Bracegirdle, coautor de los art\u00edculos y l\u00edder cient\u00edfico adjunto del equipo de Atm\u00f3sfera, Hielo y Clima del British Ant\u00e1rtida Survey, se\u00f1ala en un comunicado: En todo el mundo, los fen\u00f3menos meteorol\u00f3gicos y de temperatura extremos est\u00e1n batiendo r\u00e9cords por amplios m\u00e1rgenes, este evento demuestra que la Ant\u00e1rtida no es inmune a esta tendencia emergente. Esta escala de anomal\u00eda de temperatura se considerar\u00eda un evento que ocurre cada 100 a\u00f1os, pero las proyecciones clim\u00e1ticas actuales sugieren que los extremos pueden aumentar en frecuencia.<br \/>\nEl fen\u00f3meno extremo provoc\u00f3 un derretimiento generalizado de la superficie a lo largo de las zonas costeras y exacerb\u00f3 una extensi\u00f3n r\u00e9cord de hielo marino. Adem\u00e1s, se cree que un cicl\u00f3n extratropical al oeste del r\u00edo atmosf\u00e9rico provoc\u00f3 el colapso final de la plataforma de hielo Conger, que ya era cr\u00edticamente inestable. (Europa Press)<\/p>\n<p>&nbsp;<\/p>\n","protected":false},"excerpt":{"rendered":"<p>La ola de calor en la Ant\u00e1rtida Oriental de marzo de 2022, con temperaturas de 30 a 40 grados por encima del promedio, fue desatada por el r\u00edo atmosf\u00e9rico m\u00e1s intenso jam\u00e1s observado en la regi\u00f3n. La ola de calor, que durante cuatro d\u00edas afect\u00f3 a un \u00e1rea del tama\u00f1o de la India (3,3 millones [&hellip;]<\/p>\n","protected":false},"author":1,"featured_media":194703,"comment_status":"open","ping_status":"open","sticky":false,"template":"","format":"standard","meta":{"_acf_changed":false,"footnotes":""},"categories":[3],"tags":[],"class_list":["post-198039","post","type-post","status-publish","format-standard","has-post-thumbnail","category-internacional"],"acf":{"antetitulo":""},"yoast_head":"<!-- This site is optimized with the Yoast SEO plugin v28.3 - https:\/\/yoast.com\/product\/yoast-seo-wordpress\/ -->\n<title>Una riada atmosf\u00e9rica desat\u00f3 una ola de calor r\u00e9cord en la Ant\u00e1rtida - El Diario - Bolivia<\/title>\n<meta name=\"robots\" content=\"index, follow, max-snippet:-1, max-image-preview:large, max-video-preview:-1\" \/>\n<link rel=\"canonical\" href=\"https:\/\/www.eldiario.net\/portal\/2024\/01\/17\/una-riada-atmosferica-desato-una-ola-de-calor-record-en-la-antartida\/\" \/>\n<meta property=\"og:locale\" content=\"es_ES\" \/>\n<meta property=\"og:type\" content=\"article\" \/>\n<meta property=\"og:title\" content=\"Una riada atmosf\u00e9rica desat\u00f3 una ola de calor r\u00e9cord en la Ant\u00e1rtida - El Diario - Bolivia\" \/>\n<meta property=\"og:description\" content=\"La ola de calor en la Ant\u00e1rtida Oriental de marzo de 2022, con temperaturas de 30 a 40 grados por encima del promedio, fue desatada por el r\u00edo atmosf\u00e9rico m\u00e1s intenso jam\u00e1s observado en la regi\u00f3n. La ola de calor, que durante cuatro d\u00edas afect\u00f3 a un \u00e1rea del tama\u00f1o de la India (3,3 millones [&hellip;]\" \/>\n<meta property=\"og:url\" content=\"https:\/\/www.eldiario.net\/portal\/2024\/01\/17\/una-riada-atmosferica-desato-una-ola-de-calor-record-en-la-antartida\/\" \/>\n<meta property=\"og:site_name\" content=\"El Diario - Bolivia\" \/>\n<meta property=\"article:publisher\" content=\"https:\/\/www.facebook.com\/eldiario.bolivia\/\" \/>\n<meta property=\"article:published_time\" content=\"2024-01-17T10:30:31+00:00\" \/>\n<meta property=\"og:image\" content=\"https:\/\/www.eldiario.net\/portal\/wp-content\/uploads\/2023\/12\/Internacional.jpg\" \/>\n\t<meta property=\"og:image:width\" content=\"800\" \/>\n\t<meta property=\"og:image:height\" content=\"500\" \/>\n\t<meta property=\"og:image:type\" content=\"image\/jpeg\" \/>\n<meta name=\"author\" content=\"Jeanette\" \/>\n<meta name=\"twitter:card\" content=\"summary_large_image\" \/>\n<meta name=\"twitter:creator\" content=\"@eldiario_net\" \/>\n<meta name=\"twitter:site\" content=\"@eldiario_net\" \/>\n<meta name=\"twitter:label1\" content=\"Escrito por\" \/>\n\t<meta name=\"twitter:data1\" content=\"Jeanette\" \/>\n\t<meta name=\"twitter:label2\" content=\"Tiempo de lectura\" \/>\n\t<meta name=\"twitter:data2\" content=\"3 minutos\" \/>\n<script type=\"application\/ld+json\" class=\"yoast-schema-graph\">{\"@context\":\"https:\\\/\\\/schema.org\",\"@graph\":[{\"@type\":\"Article\",\"@id\":\"https:\\\/\\\/www.eldiario.net\\\/portal\\\/2024\\\/01\\\/17\\\/una-riada-atmosferica-desato-una-ola-de-calor-record-en-la-antartida\\\/#article\",\"isPartOf\":{\"@id\":\"https:\\\/\\\/www.eldiario.net\\\/portal\\\/2024\\\/01\\\/17\\\/una-riada-atmosferica-desato-una-ola-de-calor-record-en-la-antartida\\\/\"},\"author\":{\"name\":\"Jeanette\",\"@id\":\"https:\\\/\\\/www.eldiario.net\\\/portal\\\/#\\\/schema\\\/person\\\/f46445640444750d7d753ccd04ae01b7\"},\"headline\":\"Una riada atmosf\u00e9rica desat\u00f3 una ola de calor r\u00e9cord en la Ant\u00e1rtida\",\"datePublished\":\"2024-01-17T10:30:31+00:00\",\"mainEntityOfPage\":{\"@id\":\"https:\\\/\\\/www.eldiario.net\\\/portal\\\/2024\\\/01\\\/17\\\/una-riada-atmosferica-desato-una-ola-de-calor-record-en-la-antartida\\\/\"},\"wordCount\":484,\"commentCount\":0,\"publisher\":{\"@id\":\"https:\\\/\\\/www.eldiario.net\\\/portal\\\/#organization\"},\"image\":{\"@id\":\"https:\\\/\\\/www.eldiario.net\\\/portal\\\/2024\\\/01\\\/17\\\/una-riada-atmosferica-desato-una-ola-de-calor-record-en-la-antartida\\\/#primaryimage\"},\"thumbnailUrl\":\"https:\\\/\\\/www.eldiario.net\\\/portal\\\/wp-content\\\/uploads\\\/2023\\\/12\\\/Internacional.jpg\",\"articleSection\":[\"Internacional\"],\"inLanguage\":\"es\",\"potentialAction\":[{\"@type\":\"CommentAction\",\"name\":\"Comment\",\"target\":[\"https:\\\/\\\/www.eldiario.net\\\/portal\\\/2024\\\/01\\\/17\\\/una-riada-atmosferica-desato-una-ola-de-calor-record-en-la-antartida\\\/#respond\"]}]},{\"@type\":\"WebPage\",\"@id\":\"https:\\\/\\\/www.eldiario.net\\\/portal\\\/2024\\\/01\\\/17\\\/una-riada-atmosferica-desato-una-ola-de-calor-record-en-la-antartida\\\/\",\"url\":\"https:\\\/\\\/www.eldiario.net\\\/portal\\\/2024\\\/01\\\/17\\\/una-riada-atmosferica-desato-una-ola-de-calor-record-en-la-antartida\\\/\",\"name\":\"Una riada atmosf\u00e9rica desat\u00f3 una ola de calor r\u00e9cord en la Ant\u00e1rtida - El Diario - Bolivia\",\"isPartOf\":{\"@id\":\"https:\\\/\\\/www.eldiario.net\\\/portal\\\/#website\"},\"primaryImageOfPage\":{\"@id\":\"https:\\\/\\\/www.eldiario.net\\\/portal\\\/2024\\\/01\\\/17\\\/una-riada-atmosferica-desato-una-ola-de-calor-record-en-la-antartida\\\/#primaryimage\"},\"image\":{\"@id\":\"https:\\\/\\\/www.eldiario.net\\\/portal\\\/2024\\\/01\\\/17\\\/una-riada-atmosferica-desato-una-ola-de-calor-record-en-la-antartida\\\/#primaryimage\"},\"thumbnailUrl\":\"https:\\\/\\\/www.eldiario.net\\\/portal\\\/wp-content\\\/uploads\\\/2023\\\/12\\\/Internacional.jpg\",\"datePublished\":\"2024-01-17T10:30:31+00:00\",\"breadcrumb\":{\"@id\":\"https:\\\/\\\/www.eldiario.net\\\/portal\\\/2024\\\/01\\\/17\\\/una-riada-atmosferica-desato-una-ola-de-calor-record-en-la-antartida\\\/#breadcrumb\"},\"inLanguage\":\"es\",\"potentialAction\":[{\"@type\":\"ReadAction\",\"target\":[\"https:\\\/\\\/www.eldiario.net\\\/portal\\\/2024\\\/01\\\/17\\\/una-riada-atmosferica-desato-una-ola-de-calor-record-en-la-antartida\\\/\"]}]},{\"@type\":\"ImageObject\",\"inLanguage\":\"es\",\"@id\":\"https:\\\/\\\/www.eldiario.net\\\/portal\\\/2024\\\/01\\\/17\\\/una-riada-atmosferica-desato-una-ola-de-calor-record-en-la-antartida\\\/#primaryimage\",\"url\":\"https:\\\/\\\/www.eldiario.net\\\/portal\\\/wp-content\\\/uploads\\\/2023\\\/12\\\/Internacional.jpg\",\"contentUrl\":\"https:\\\/\\\/www.eldiario.net\\\/portal\\\/wp-content\\\/uploads\\\/2023\\\/12\\\/Internacional.jpg\",\"width\":800,\"height\":500},{\"@type\":\"BreadcrumbList\",\"@id\":\"https:\\\/\\\/www.eldiario.net\\\/portal\\\/2024\\\/01\\\/17\\\/una-riada-atmosferica-desato-una-ola-de-calor-record-en-la-antartida\\\/#breadcrumb\",\"itemListElement\":[{\"@type\":\"ListItem\",\"position\":1,\"name\":\"Portada\",\"item\":\"https:\\\/\\\/www.eldiario.net\\\/portal\\\/\"},{\"@type\":\"ListItem\",\"position\":2,\"name\":\"Una riada atmosf\u00e9rica desat\u00f3 una ola de calor r\u00e9cord en la Ant\u00e1rtida\"}]},{\"@type\":\"WebSite\",\"@id\":\"https:\\\/\\\/www.eldiario.net\\\/portal\\\/#website\",\"url\":\"https:\\\/\\\/www.eldiario.net\\\/portal\\\/\",\"name\":\"El Diario - Decano de la prensa nacional\",\"description\":\"El Diario - Decano de la prensa nacional\",\"publisher\":{\"@id\":\"https:\\\/\\\/www.eldiario.net\\\/portal\\\/#organization\"},\"potentialAction\":[{\"@type\":\"SearchAction\",\"target\":{\"@type\":\"EntryPoint\",\"urlTemplate\":\"https:\\\/\\\/www.eldiario.net\\\/portal\\\/?s={search_term_string}\"},\"query-input\":{\"@type\":\"PropertyValueSpecification\",\"valueRequired\":true,\"valueName\":\"search_term_string\"}}],\"inLanguage\":\"es\"},{\"@type\":\"Organization\",\"@id\":\"https:\\\/\\\/www.eldiario.net\\\/portal\\\/#organization\",\"name\":\"El Diario - Decano de la prensa nacional\",\"url\":\"https:\\\/\\\/www.eldiario.net\\\/portal\\\/\",\"logo\":{\"@type\":\"ImageObject\",\"inLanguage\":\"es\",\"@id\":\"https:\\\/\\\/www.eldiario.net\\\/portal\\\/#\\\/schema\\\/logo\\\/image\\\/\",\"url\":\"https:\\\/\\\/www.eldiario.net\\\/portal\\\/wp-content\\\/uploads\\\/2023\\\/07\\\/logo_ED.jpg\",\"contentUrl\":\"https:\\\/\\\/www.eldiario.net\\\/portal\\\/wp-content\\\/uploads\\\/2023\\\/07\\\/logo_ED.jpg\",\"width\":272,\"height\":52,\"caption\":\"El Diario - Decano de la prensa nacional\"},\"image\":{\"@id\":\"https:\\\/\\\/www.eldiario.net\\\/portal\\\/#\\\/schema\\\/logo\\\/image\\\/\"},\"sameAs\":[\"https:\\\/\\\/www.facebook.com\\\/eldiario.bolivia\\\/\",\"https:\\\/\\\/x.com\\\/eldiario_net\"]},{\"@type\":\"Person\",\"@id\":\"https:\\\/\\\/www.eldiario.net\\\/portal\\\/#\\\/schema\\\/person\\\/f46445640444750d7d753ccd04ae01b7\",\"name\":\"Jeanette\",\"image\":{\"@type\":\"ImageObject\",\"inLanguage\":\"es\",\"@id\":\"https:\\\/\\\/secure.gravatar.com\\\/avatar\\\/3ea2118a5f7dad2b7138b1187a6b7ee55f160b9968b66013c3a3ef39dd7e5798?s=96&d=mm&r=g\",\"url\":\"https:\\\/\\\/secure.gravatar.com\\\/avatar\\\/3ea2118a5f7dad2b7138b1187a6b7ee55f160b9968b66013c3a3ef39dd7e5798?s=96&d=mm&r=g\",\"contentUrl\":\"https:\\\/\\\/secure.gravatar.com\\\/avatar\\\/3ea2118a5f7dad2b7138b1187a6b7ee55f160b9968b66013c3a3ef39dd7e5798?s=96&d=mm&r=g\",\"caption\":\"Jeanette\"},\"sameAs\":[\"https:\\\/\\\/www.eldiario.net\\\/portal\"],\"url\":\"https:\\\/\\\/www.eldiario.net\\\/portal\\\/author\\\/jeanette\\\/\"}]}<\/script>\n<!-- \/ Yoast SEO plugin. -->","yoast_head_json":{"title":"Una riada atmosf\u00e9rica desat\u00f3 una ola de calor r\u00e9cord en la Ant\u00e1rtida - El Diario - Bolivia","robots":{"index":"index","follow":"follow","max-snippet":"max-snippet:-1","max-image-preview":"max-image-preview:large","max-video-preview":"max-video-preview:-1"},"canonical":"https:\/\/www.eldiario.net\/portal\/2024\/01\/17\/una-riada-atmosferica-desato-una-ola-de-calor-record-en-la-antartida\/","og_locale":"es_ES","og_type":"article","og_title":"Una riada atmosf\u00e9rica desat\u00f3 una ola de calor r\u00e9cord en la Ant\u00e1rtida - El Diario - Bolivia","og_description":"La ola de calor en la Ant\u00e1rtida Oriental de marzo de 2022, con temperaturas de 30 a 40 grados por encima del promedio, fue desatada por el r\u00edo atmosf\u00e9rico m\u00e1s intenso jam\u00e1s observado en la regi\u00f3n. La ola de calor, que durante cuatro d\u00edas afect\u00f3 a un \u00e1rea del tama\u00f1o de la India (3,3 millones [&hellip;]","og_url":"https:\/\/www.eldiario.net\/portal\/2024\/01\/17\/una-riada-atmosferica-desato-una-ola-de-calor-record-en-la-antartida\/","og_site_name":"El Diario - Bolivia","article_publisher":"https:\/\/www.facebook.com\/eldiario.bolivia\/","article_published_time":"2024-01-17T10:30:31+00:00","og_image":[{"width":800,"height":500,"url":"https:\/\/www.eldiario.net\/portal\/wp-content\/uploads\/2023\/12\/Internacional.jpg","type":"image\/jpeg"}],"author":"Jeanette","twitter_card":"summary_large_image","twitter_creator":"@eldiario_net","twitter_site":"@eldiario_net","twitter_misc":{"Escrito por":"Jeanette","Tiempo de lectura":"3 minutos"},"schema":{"@context":"https:\/\/schema.org","@graph":[{"@type":"Article","@id":"https:\/\/www.eldiario.net\/portal\/2024\/01\/17\/una-riada-atmosferica-desato-una-ola-de-calor-record-en-la-antartida\/#article","isPartOf":{"@id":"https:\/\/www.eldiario.net\/portal\/2024\/01\/17\/una-riada-atmosferica-desato-una-ola-de-calor-record-en-la-antartida\/"},"author":{"name":"Jeanette","@id":"https:\/\/www.eldiario.net\/portal\/#\/schema\/person\/f46445640444750d7d753ccd04ae01b7"},"headline":"Una riada atmosf\u00e9rica desat\u00f3 una ola de calor r\u00e9cord en la Ant\u00e1rtida","datePublished":"2024-01-17T10:30:31+00:00","mainEntityOfPage":{"@id":"https:\/\/www.eldiario.net\/portal\/2024\/01\/17\/una-riada-atmosferica-desato-una-ola-de-calor-record-en-la-antartida\/"},"wordCount":484,"commentCount":0,"publisher":{"@id":"https:\/\/www.eldiario.net\/portal\/#organization"},"image":{"@id":"https:\/\/www.eldiario.net\/portal\/2024\/01\/17\/una-riada-atmosferica-desato-una-ola-de-calor-record-en-la-antartida\/#primaryimage"},"thumbnailUrl":"https:\/\/www.eldiario.net\/portal\/wp-content\/uploads\/2023\/12\/Internacional.jpg","articleSection":["Internacional"],"inLanguage":"es","potentialAction":[{"@type":"CommentAction","name":"Comment","target":["https:\/\/www.eldiario.net\/portal\/2024\/01\/17\/una-riada-atmosferica-desato-una-ola-de-calor-record-en-la-antartida\/#respond"]}]},{"@type":"WebPage","@id":"https:\/\/www.eldiario.net\/portal\/2024\/01\/17\/una-riada-atmosferica-desato-una-ola-de-calor-record-en-la-antartida\/","url":"https:\/\/www.eldiario.net\/portal\/2024\/01\/17\/una-riada-atmosferica-desato-una-ola-de-calor-record-en-la-antartida\/","name":"Una riada atmosf\u00e9rica desat\u00f3 una ola de calor r\u00e9cord en la Ant\u00e1rtida - El Diario - Bolivia","isPartOf":{"@id":"https:\/\/www.eldiario.net\/portal\/#website"},"primaryImageOfPage":{"@id":"https:\/\/www.eldiario.net\/portal\/2024\/01\/17\/una-riada-atmosferica-desato-una-ola-de-calor-record-en-la-antartida\/#primaryimage"},"image":{"@id":"https:\/\/www.eldiario.net\/portal\/2024\/01\/17\/una-riada-atmosferica-desato-una-ola-de-calor-record-en-la-antartida\/#primaryimage"},"thumbnailUrl":"https:\/\/www.eldiario.net\/portal\/wp-content\/uploads\/2023\/12\/Internacional.jpg","datePublished":"2024-01-17T10:30:31+00:00","breadcrumb":{"@id":"https:\/\/www.eldiario.net\/portal\/2024\/01\/17\/una-riada-atmosferica-desato-una-ola-de-calor-record-en-la-antartida\/#breadcrumb"},"inLanguage":"es","potentialAction":[{"@type":"ReadAction","target":["https:\/\/www.eldiario.net\/portal\/2024\/01\/17\/una-riada-atmosferica-desato-una-ola-de-calor-record-en-la-antartida\/"]}]},{"@type":"ImageObject","inLanguage":"es","@id":"https:\/\/www.eldiario.net\/portal\/2024\/01\/17\/una-riada-atmosferica-desato-una-ola-de-calor-record-en-la-antartida\/#primaryimage","url":"https:\/\/www.eldiario.net\/portal\/wp-content\/uploads\/2023\/12\/Internacional.jpg","contentUrl":"https:\/\/www.eldiario.net\/portal\/wp-content\/uploads\/2023\/12\/Internacional.jpg","width":800,"height":500},{"@type":"BreadcrumbList","@id":"https:\/\/www.eldiario.net\/portal\/2024\/01\/17\/una-riada-atmosferica-desato-una-ola-de-calor-record-en-la-antartida\/#breadcrumb","itemListElement":[{"@type":"ListItem","position":1,"name":"Portada","item":"https:\/\/www.eldiario.net\/portal\/"},{"@type":"ListItem","position":2,"name":"Una riada atmosf\u00e9rica desat\u00f3 una ola de calor r\u00e9cord en la Ant\u00e1rtida"}]},{"@type":"WebSite","@id":"https:\/\/www.eldiario.net\/portal\/#website","url":"https:\/\/www.eldiario.net\/portal\/","name":"El Diario - Decano de la prensa nacional","description":"El Diario - Decano de la prensa nacional","publisher":{"@id":"https:\/\/www.eldiario.net\/portal\/#organization"},"potentialAction":[{"@type":"SearchAction","target":{"@type":"EntryPoint","urlTemplate":"https:\/\/www.eldiario.net\/portal\/?s={search_term_string}"},"query-input":{"@type":"PropertyValueSpecification","valueRequired":true,"valueName":"search_term_string"}}],"inLanguage":"es"},{"@type":"Organization","@id":"https:\/\/www.eldiario.net\/portal\/#organization","name":"El Diario - Decano de la prensa nacional","url":"https:\/\/www.eldiario.net\/portal\/","logo":{"@type":"ImageObject","inLanguage":"es","@id":"https:\/\/www.eldiario.net\/portal\/#\/schema\/logo\/image\/","url":"https:\/\/www.eldiario.net\/portal\/wp-content\/uploads\/2023\/07\/logo_ED.jpg","contentUrl":"https:\/\/www.eldiario.net\/portal\/wp-content\/uploads\/2023\/07\/logo_ED.jpg","width":272,"height":52,"caption":"El Diario - Decano de la prensa nacional"},"image":{"@id":"https:\/\/www.eldiario.net\/portal\/#\/schema\/logo\/image\/"},"sameAs":["https:\/\/www.facebook.com\/eldiario.bolivia\/","https:\/\/x.com\/eldiario_net"]},{"@type":"Person","@id":"https:\/\/www.eldiario.net\/portal\/#\/schema\/person\/f46445640444750d7d753ccd04ae01b7","name":"Jeanette","image":{"@type":"ImageObject","inLanguage":"es","@id":"https:\/\/secure.gravatar.com\/avatar\/3ea2118a5f7dad2b7138b1187a6b7ee55f160b9968b66013c3a3ef39dd7e5798?s=96&d=mm&r=g","url":"https:\/\/secure.gravatar.com\/avatar\/3ea2118a5f7dad2b7138b1187a6b7ee55f160b9968b66013c3a3ef39dd7e5798?s=96&d=mm&r=g","contentUrl":"https:\/\/secure.gravatar.com\/avatar\/3ea2118a5f7dad2b7138b1187a6b7ee55f160b9968b66013c3a3ef39dd7e5798?s=96&d=mm&r=g","caption":"Jeanette"},"sameAs":["https:\/\/www.eldiario.net\/portal"],"url":"https:\/\/www.eldiario.net\/portal\/author\/jeanette\/"}]}},"_links":{"self":[{"href":"https:\/\/www.eldiario.net\/portal\/wp-json\/wp\/v2\/posts\/198039","targetHints":{"allow":["GET"]}}],"collection":[{"href":"https:\/\/www.eldiario.net\/portal\/wp-json\/wp\/v2\/posts"}],"about":[{"href":"https:\/\/www.eldiario.net\/portal\/wp-json\/wp\/v2\/types\/post"}],"author":[{"embeddable":true,"href":"https:\/\/www.eldiario.net\/portal\/wp-json\/wp\/v2\/users\/1"}],"replies":[{"embeddable":true,"href":"https:\/\/www.eldiario.net\/portal\/wp-json\/wp\/v2\/comments?post=198039"}],"version-history":[{"count":1,"href":"https:\/\/www.eldiario.net\/portal\/wp-json\/wp\/v2\/posts\/198039\/revisions"}],"predecessor-version":[{"id":198040,"href":"https:\/\/www.eldiario.net\/portal\/wp-json\/wp\/v2\/posts\/198039\/revisions\/198040"}],"wp:featuredmedia":[{"embeddable":true,"href":"https:\/\/www.eldiario.net\/portal\/wp-json\/wp\/v2\/media\/194703"}],"wp:attachment":[{"href":"https:\/\/www.eldiario.net\/portal\/wp-json\/wp\/v2\/media?parent=198039"}],"wp:term":[{"taxonomy":"category","embeddable":true,"href":"https:\/\/www.eldiario.net\/portal\/wp-json\/wp\/v2\/categories?post=198039"},{"taxonomy":"post_tag","embeddable":true,"href":"https:\/\/www.eldiario.net\/portal\/wp-json\/wp\/v2\/tags?post=198039"}],"curies":[{"name":"wp","href":"https:\/\/api.w.org\/{rel}","templated":true}]}}