{"id":198034,"date":"2024-01-17T06:28:14","date_gmt":"2024-01-17T10:28:14","guid":{"rendered":"https:\/\/www.eldiario.net\/portal\/?p=198034"},"modified":"2024-01-17T06:28:14","modified_gmt":"2024-01-17T10:28:14","slug":"catar-dice-que-es-necesario-solucionar-problema-en-gaza","status":"publish","type":"post","link":"https:\/\/www.eldiario.net\/portal\/2024\/01\/17\/catar-dice-que-es-necesario-solucionar-problema-en-gaza\/","title":{"rendered":"Catar dice que es necesario  solucionar problema en Gaza"},"content":{"rendered":"<p>El primer ministro de Catar, Mohamed bin Abdulrahman al Zani, afirm\u00f3 ayer que es necesaria una soluci\u00f3n al \u201cproblema\u201d en la Franja de Gaza para evitar una expansi\u00f3n del conflicto en Oriente Pr\u00f3ximo, incluidos los ataques de los hut\u00edes desde Yemen contra buques en el mar Rojo.<br \/>\n\u201cSi queremos abordar la situaci\u00f3n en el mar Rojo, hay que abordar el problema en Gaza\u201d, dijo Al Zani, quien es adem\u00e1s ministro de Exteriores de Catar, antes de reiterar la importancia de impulsar la soluci\u00f3n de dos Estados para crear un Estado palestino en las fronteras de 1967.<br \/>\nAs\u00ed, se\u00f1al\u00f3 durante unas declaraciones en el marco del Foro Econ\u00f3mico Mundial en Davos que \u00ablo que pas\u00f3 el 7 de octubre, en referencia a los ataques ejecutados por el Movimiento de Resistencia Isl\u00e1mica (Ham\u00e1s) contra Israel, confirma la importancia de abordar el asunto fundamental, que es la soluci\u00f3n de dos Estados\u00bb, seg\u00fan la cadena de televisi\u00f3n qatar\u00ed Al Yazira.<br \/>\nAl Zani hizo de esta manera referencia a los bombardeos ejecutados por Estados Unidos y Reino Unido contra Yemen, que se saldaron con cinco muertos, en el marco de la respuesta de ambos pa\u00edses a los ataques ejecutados por los rebeles hut\u00edes contra buques en el mar Rojo.<br \/>\nEn este sentido, manifest\u00f3 que poner fin a la guerra, liberar a los secuestrados y a los prisioneros palestinos, y abordar el deterioro de la situaci\u00f3n en la Cisjordania ocupada, son asuntos que deben ser abordados r\u00e1pidamente para evitar una expansi\u00f3n del conflicto.<br \/>\n\u00abIsrael controla todo en Cisjordania, algo que no hace la Autoridad Palestina\u00bb, record\u00f3 el primer ministro catar\u00ed.<br \/>\nPor otra parte, Al Zani, lament\u00f3 que por primera vez hay desacuerdos y controversia en torno a los llamamientos a un alto al fuego, y descart\u00f3 abordar una reconstrucci\u00f3n de Gaza si no se aborda el asunto fundamental, que es la soluci\u00f3n de dos Estados.<br \/>\nAl Zani, recalc\u00f3 adem\u00e1s que Ir\u00e1n y los pa\u00edses \u00e1rabes del golfo P\u00e9rsico cuentan con un entendimiento para hallar intereses comunes a trav\u00e9s del di\u00e1logo. \u00abUn acercamiento entre nosotros es algo necesario, no una opci\u00f3n\u00bb, finaliz\u00f3. (Europa Press)<\/p>\n","protected":false},"excerpt":{"rendered":"<p>El primer ministro de Catar, Mohamed bin Abdulrahman al Zani, afirm\u00f3 ayer que es necesaria una soluci\u00f3n al \u201cproblema\u201d en la Franja de Gaza para evitar una expansi\u00f3n del conflicto en Oriente Pr\u00f3ximo, incluidos los ataques de los hut\u00edes desde Yemen contra buques en el mar Rojo. \u201cSi queremos abordar la situaci\u00f3n en el mar [&hellip;]<\/p>\n","protected":false},"author":1,"featured_media":198035,"comment_status":"open","ping_status":"open","sticky":false,"template":"","format":"standard","meta":{"_acf_changed":false,"footnotes":""},"categories":[3],"tags":[],"class_list":["post-198034","post","type-post","status-publish","format-standard","has-post-thumbnail","category-internacional"],"acf":{"antetitulo":"Para evitar expansi\u00f3n del conflicto"},"yoast_head":"<!-- This site is optimized with the Yoast SEO plugin v28.3 - https:\/\/yoast.com\/product\/yoast-seo-wordpress\/ -->\n<title>Catar dice que es necesario solucionar problema en Gaza - El Diario - Bolivia<\/title>\n<meta name=\"robots\" content=\"index, follow, max-snippet:-1, max-image-preview:large, max-video-preview:-1\" \/>\n<link rel=\"canonical\" href=\"https:\/\/www.eldiario.net\/portal\/2024\/01\/17\/catar-dice-que-es-necesario-solucionar-problema-en-gaza\/\" \/>\n<meta property=\"og:locale\" content=\"es_ES\" \/>\n<meta property=\"og:type\" content=\"article\" \/>\n<meta property=\"og:title\" content=\"Catar dice que es necesario solucionar problema en Gaza - El Diario - Bolivia\" \/>\n<meta property=\"og:description\" content=\"El primer ministro de Catar, Mohamed bin Abdulrahman al Zani, afirm\u00f3 ayer que es necesaria una soluci\u00f3n al \u201cproblema\u201d en la Franja de Gaza para evitar una expansi\u00f3n del conflicto en Oriente Pr\u00f3ximo, incluidos los ataques de los hut\u00edes desde Yemen contra buques en el mar Rojo. \u201cSi queremos abordar la situaci\u00f3n en el mar [&hellip;]\" \/>\n<meta property=\"og:url\" content=\"https:\/\/www.eldiario.net\/portal\/2024\/01\/17\/catar-dice-que-es-necesario-solucionar-problema-en-gaza\/\" \/>\n<meta property=\"og:site_name\" content=\"El Diario - Bolivia\" \/>\n<meta property=\"article:publisher\" content=\"https:\/\/www.facebook.com\/eldiario.bolivia\/\" \/>\n<meta property=\"article:published_time\" content=\"2024-01-17T10:28:14+00:00\" \/>\n<meta property=\"og:image\" content=\"https:\/\/www.eldiario.net\/portal\/wp-content\/uploads\/2024\/01\/CIUDAD.jpg\" \/>\n\t<meta property=\"og:image:width\" content=\"299\" \/>\n\t<meta property=\"og:image:height\" content=\"168\" \/>\n\t<meta property=\"og:image:type\" content=\"image\/jpeg\" \/>\n<meta name=\"author\" content=\"Jeanette\" \/>\n<meta name=\"twitter:card\" content=\"summary_large_image\" \/>\n<meta name=\"twitter:creator\" content=\"@eldiario_net\" \/>\n<meta name=\"twitter:site\" content=\"@eldiario_net\" \/>\n<meta name=\"twitter:label1\" content=\"Escrito por\" \/>\n\t<meta name=\"twitter:data1\" content=\"Jeanette\" \/>\n\t<meta name=\"twitter:label2\" content=\"Tiempo de lectura\" \/>\n\t<meta name=\"twitter:data2\" content=\"2 minutos\" \/>\n<script type=\"application\/ld+json\" class=\"yoast-schema-graph\">{\"@context\":\"https:\\\/\\\/schema.org\",\"@graph\":[{\"@type\":\"Article\",\"@id\":\"https:\\\/\\\/www.eldiario.net\\\/portal\\\/2024\\\/01\\\/17\\\/catar-dice-que-es-necesario-solucionar-problema-en-gaza\\\/#article\",\"isPartOf\":{\"@id\":\"https:\\\/\\\/www.eldiario.net\\\/portal\\\/2024\\\/01\\\/17\\\/catar-dice-que-es-necesario-solucionar-problema-en-gaza\\\/\"},\"author\":{\"name\":\"Jeanette\",\"@id\":\"https:\\\/\\\/www.eldiario.net\\\/portal\\\/#\\\/schema\\\/person\\\/f46445640444750d7d753ccd04ae01b7\"},\"headline\":\"Catar dice que es necesario solucionar problema en Gaza\",\"datePublished\":\"2024-01-17T10:28:14+00:00\",\"mainEntityOfPage\":{\"@id\":\"https:\\\/\\\/www.eldiario.net\\\/portal\\\/2024\\\/01\\\/17\\\/catar-dice-que-es-necesario-solucionar-problema-en-gaza\\\/\"},\"wordCount\":382,\"commentCount\":0,\"publisher\":{\"@id\":\"https:\\\/\\\/www.eldiario.net\\\/portal\\\/#organization\"},\"image\":{\"@id\":\"https:\\\/\\\/www.eldiario.net\\\/portal\\\/2024\\\/01\\\/17\\\/catar-dice-que-es-necesario-solucionar-problema-en-gaza\\\/#primaryimage\"},\"thumbnailUrl\":\"https:\\\/\\\/www.eldiario.net\\\/portal\\\/wp-content\\\/uploads\\\/2024\\\/01\\\/CIUDAD.jpg\",\"articleSection\":[\"Internacional\"],\"inLanguage\":\"es\",\"potentialAction\":[{\"@type\":\"CommentAction\",\"name\":\"Comment\",\"target\":[\"https:\\\/\\\/www.eldiario.net\\\/portal\\\/2024\\\/01\\\/17\\\/catar-dice-que-es-necesario-solucionar-problema-en-gaza\\\/#respond\"]}]},{\"@type\":\"WebPage\",\"@id\":\"https:\\\/\\\/www.eldiario.net\\\/portal\\\/2024\\\/01\\\/17\\\/catar-dice-que-es-necesario-solucionar-problema-en-gaza\\\/\",\"url\":\"https:\\\/\\\/www.eldiario.net\\\/portal\\\/2024\\\/01\\\/17\\\/catar-dice-que-es-necesario-solucionar-problema-en-gaza\\\/\",\"name\":\"Catar dice que es necesario solucionar problema en Gaza - El Diario - Bolivia\",\"isPartOf\":{\"@id\":\"https:\\\/\\\/www.eldiario.net\\\/portal\\\/#website\"},\"primaryImageOfPage\":{\"@id\":\"https:\\\/\\\/www.eldiario.net\\\/portal\\\/2024\\\/01\\\/17\\\/catar-dice-que-es-necesario-solucionar-problema-en-gaza\\\/#primaryimage\"},\"image\":{\"@id\":\"https:\\\/\\\/www.eldiario.net\\\/portal\\\/2024\\\/01\\\/17\\\/catar-dice-que-es-necesario-solucionar-problema-en-gaza\\\/#primaryimage\"},\"thumbnailUrl\":\"https:\\\/\\\/www.eldiario.net\\\/portal\\\/wp-content\\\/uploads\\\/2024\\\/01\\\/CIUDAD.jpg\",\"datePublished\":\"2024-01-17T10:28:14+00:00\",\"breadcrumb\":{\"@id\":\"https:\\\/\\\/www.eldiario.net\\\/portal\\\/2024\\\/01\\\/17\\\/catar-dice-que-es-necesario-solucionar-problema-en-gaza\\\/#breadcrumb\"},\"inLanguage\":\"es\",\"potentialAction\":[{\"@type\":\"ReadAction\",\"target\":[\"https:\\\/\\\/www.eldiario.net\\\/portal\\\/2024\\\/01\\\/17\\\/catar-dice-que-es-necesario-solucionar-problema-en-gaza\\\/\"]}]},{\"@type\":\"ImageObject\",\"inLanguage\":\"es\",\"@id\":\"https:\\\/\\\/www.eldiario.net\\\/portal\\\/2024\\\/01\\\/17\\\/catar-dice-que-es-necesario-solucionar-problema-en-gaza\\\/#primaryimage\",\"url\":\"https:\\\/\\\/www.eldiario.net\\\/portal\\\/wp-content\\\/uploads\\\/2024\\\/01\\\/CIUDAD.jpg\",\"contentUrl\":\"https:\\\/\\\/www.eldiario.net\\\/portal\\\/wp-content\\\/uploads\\\/2024\\\/01\\\/CIUDAD.jpg\",\"width\":299,\"height\":168,\"caption\":\"LA FRANJA DE GAZA FUE BLANCO DE CONSTANTES BOMBARDEOS.\"},{\"@type\":\"BreadcrumbList\",\"@id\":\"https:\\\/\\\/www.eldiario.net\\\/portal\\\/2024\\\/01\\\/17\\\/catar-dice-que-es-necesario-solucionar-problema-en-gaza\\\/#breadcrumb\",\"itemListElement\":[{\"@type\":\"ListItem\",\"position\":1,\"name\":\"Portada\",\"item\":\"https:\\\/\\\/www.eldiario.net\\\/portal\\\/\"},{\"@type\":\"ListItem\",\"position\":2,\"name\":\"Catar dice que es necesario solucionar problema en Gaza\"}]},{\"@type\":\"WebSite\",\"@id\":\"https:\\\/\\\/www.eldiario.net\\\/portal\\\/#website\",\"url\":\"https:\\\/\\\/www.eldiario.net\\\/portal\\\/\",\"name\":\"El Diario - Decano de la prensa nacional\",\"description\":\"El Diario - Decano de la prensa nacional\",\"publisher\":{\"@id\":\"https:\\\/\\\/www.eldiario.net\\\/portal\\\/#organization\"},\"potentialAction\":[{\"@type\":\"SearchAction\",\"target\":{\"@type\":\"EntryPoint\",\"urlTemplate\":\"https:\\\/\\\/www.eldiario.net\\\/portal\\\/?s={search_term_string}\"},\"query-input\":{\"@type\":\"PropertyValueSpecification\",\"valueRequired\":true,\"valueName\":\"search_term_string\"}}],\"inLanguage\":\"es\"},{\"@type\":\"Organization\",\"@id\":\"https:\\\/\\\/www.eldiario.net\\\/portal\\\/#organization\",\"name\":\"El Diario - Decano de la prensa nacional\",\"url\":\"https:\\\/\\\/www.eldiario.net\\\/portal\\\/\",\"logo\":{\"@type\":\"ImageObject\",\"inLanguage\":\"es\",\"@id\":\"https:\\\/\\\/www.eldiario.net\\\/portal\\\/#\\\/schema\\\/logo\\\/image\\\/\",\"url\":\"https:\\\/\\\/www.eldiario.net\\\/portal\\\/wp-content\\\/uploads\\\/2023\\\/07\\\/logo_ED.jpg\",\"contentUrl\":\"https:\\\/\\\/www.eldiario.net\\\/portal\\\/wp-content\\\/uploads\\\/2023\\\/07\\\/logo_ED.jpg\",\"width\":272,\"height\":52,\"caption\":\"El Diario - Decano de la prensa nacional\"},\"image\":{\"@id\":\"https:\\\/\\\/www.eldiario.net\\\/portal\\\/#\\\/schema\\\/logo\\\/image\\\/\"},\"sameAs\":[\"https:\\\/\\\/www.facebook.com\\\/eldiario.bolivia\\\/\",\"https:\\\/\\\/x.com\\\/eldiario_net\"]},{\"@type\":\"Person\",\"@id\":\"https:\\\/\\\/www.eldiario.net\\\/portal\\\/#\\\/schema\\\/person\\\/f46445640444750d7d753ccd04ae01b7\",\"name\":\"Jeanette\",\"image\":{\"@type\":\"ImageObject\",\"inLanguage\":\"es\",\"@id\":\"https:\\\/\\\/secure.gravatar.com\\\/avatar\\\/3ea2118a5f7dad2b7138b1187a6b7ee55f160b9968b66013c3a3ef39dd7e5798?s=96&d=mm&r=g\",\"url\":\"https:\\\/\\\/secure.gravatar.com\\\/avatar\\\/3ea2118a5f7dad2b7138b1187a6b7ee55f160b9968b66013c3a3ef39dd7e5798?s=96&d=mm&r=g\",\"contentUrl\":\"https:\\\/\\\/secure.gravatar.com\\\/avatar\\\/3ea2118a5f7dad2b7138b1187a6b7ee55f160b9968b66013c3a3ef39dd7e5798?s=96&d=mm&r=g\",\"caption\":\"Jeanette\"},\"sameAs\":[\"https:\\\/\\\/www.eldiario.net\\\/portal\"],\"url\":\"https:\\\/\\\/www.eldiario.net\\\/portal\\\/author\\\/jeanette\\\/\"}]}<\/script>\n<!-- \/ Yoast SEO plugin. -->","yoast_head_json":{"title":"Catar dice que es necesario solucionar problema en Gaza - El Diario - Bolivia","robots":{"index":"index","follow":"follow","max-snippet":"max-snippet:-1","max-image-preview":"max-image-preview:large","max-video-preview":"max-video-preview:-1"},"canonical":"https:\/\/www.eldiario.net\/portal\/2024\/01\/17\/catar-dice-que-es-necesario-solucionar-problema-en-gaza\/","og_locale":"es_ES","og_type":"article","og_title":"Catar dice que es necesario solucionar problema en Gaza - El Diario - Bolivia","og_description":"El primer ministro de Catar, Mohamed bin Abdulrahman al Zani, afirm\u00f3 ayer que es necesaria una soluci\u00f3n al \u201cproblema\u201d en la Franja de Gaza para evitar una expansi\u00f3n del conflicto en Oriente Pr\u00f3ximo, incluidos los ataques de los hut\u00edes desde Yemen contra buques en el mar Rojo. \u201cSi queremos abordar la situaci\u00f3n en el mar [&hellip;]","og_url":"https:\/\/www.eldiario.net\/portal\/2024\/01\/17\/catar-dice-que-es-necesario-solucionar-problema-en-gaza\/","og_site_name":"El Diario - Bolivia","article_publisher":"https:\/\/www.facebook.com\/eldiario.bolivia\/","article_published_time":"2024-01-17T10:28:14+00:00","og_image":[{"width":299,"height":168,"url":"https:\/\/www.eldiario.net\/portal\/wp-content\/uploads\/2024\/01\/CIUDAD.jpg","type":"image\/jpeg"}],"author":"Jeanette","twitter_card":"summary_large_image","twitter_creator":"@eldiario_net","twitter_site":"@eldiario_net","twitter_misc":{"Escrito por":"Jeanette","Tiempo de lectura":"2 minutos"},"schema":{"@context":"https:\/\/schema.org","@graph":[{"@type":"Article","@id":"https:\/\/www.eldiario.net\/portal\/2024\/01\/17\/catar-dice-que-es-necesario-solucionar-problema-en-gaza\/#article","isPartOf":{"@id":"https:\/\/www.eldiario.net\/portal\/2024\/01\/17\/catar-dice-que-es-necesario-solucionar-problema-en-gaza\/"},"author":{"name":"Jeanette","@id":"https:\/\/www.eldiario.net\/portal\/#\/schema\/person\/f46445640444750d7d753ccd04ae01b7"},"headline":"Catar dice que es necesario solucionar problema en Gaza","datePublished":"2024-01-17T10:28:14+00:00","mainEntityOfPage":{"@id":"https:\/\/www.eldiario.net\/portal\/2024\/01\/17\/catar-dice-que-es-necesario-solucionar-problema-en-gaza\/"},"wordCount":382,"commentCount":0,"publisher":{"@id":"https:\/\/www.eldiario.net\/portal\/#organization"},"image":{"@id":"https:\/\/www.eldiario.net\/portal\/2024\/01\/17\/catar-dice-que-es-necesario-solucionar-problema-en-gaza\/#primaryimage"},"thumbnailUrl":"https:\/\/www.eldiario.net\/portal\/wp-content\/uploads\/2024\/01\/CIUDAD.jpg","articleSection":["Internacional"],"inLanguage":"es","potentialAction":[{"@type":"CommentAction","name":"Comment","target":["https:\/\/www.eldiario.net\/portal\/2024\/01\/17\/catar-dice-que-es-necesario-solucionar-problema-en-gaza\/#respond"]}]},{"@type":"WebPage","@id":"https:\/\/www.eldiario.net\/portal\/2024\/01\/17\/catar-dice-que-es-necesario-solucionar-problema-en-gaza\/","url":"https:\/\/www.eldiario.net\/portal\/2024\/01\/17\/catar-dice-que-es-necesario-solucionar-problema-en-gaza\/","name":"Catar dice que es necesario solucionar problema en Gaza - El Diario - Bolivia","isPartOf":{"@id":"https:\/\/www.eldiario.net\/portal\/#website"},"primaryImageOfPage":{"@id":"https:\/\/www.eldiario.net\/portal\/2024\/01\/17\/catar-dice-que-es-necesario-solucionar-problema-en-gaza\/#primaryimage"},"image":{"@id":"https:\/\/www.eldiario.net\/portal\/2024\/01\/17\/catar-dice-que-es-necesario-solucionar-problema-en-gaza\/#primaryimage"},"thumbnailUrl":"https:\/\/www.eldiario.net\/portal\/wp-content\/uploads\/2024\/01\/CIUDAD.jpg","datePublished":"2024-01-17T10:28:14+00:00","breadcrumb":{"@id":"https:\/\/www.eldiario.net\/portal\/2024\/01\/17\/catar-dice-que-es-necesario-solucionar-problema-en-gaza\/#breadcrumb"},"inLanguage":"es","potentialAction":[{"@type":"ReadAction","target":["https:\/\/www.eldiario.net\/portal\/2024\/01\/17\/catar-dice-que-es-necesario-solucionar-problema-en-gaza\/"]}]},{"@type":"ImageObject","inLanguage":"es","@id":"https:\/\/www.eldiario.net\/portal\/2024\/01\/17\/catar-dice-que-es-necesario-solucionar-problema-en-gaza\/#primaryimage","url":"https:\/\/www.eldiario.net\/portal\/wp-content\/uploads\/2024\/01\/CIUDAD.jpg","contentUrl":"https:\/\/www.eldiario.net\/portal\/wp-content\/uploads\/2024\/01\/CIUDAD.jpg","width":299,"height":168,"caption":"LA FRANJA DE GAZA FUE BLANCO DE CONSTANTES BOMBARDEOS."},{"@type":"BreadcrumbList","@id":"https:\/\/www.eldiario.net\/portal\/2024\/01\/17\/catar-dice-que-es-necesario-solucionar-problema-en-gaza\/#breadcrumb","itemListElement":[{"@type":"ListItem","position":1,"name":"Portada","item":"https:\/\/www.eldiario.net\/portal\/"},{"@type":"ListItem","position":2,"name":"Catar dice que es necesario solucionar problema en Gaza"}]},{"@type":"WebSite","@id":"https:\/\/www.eldiario.net\/portal\/#website","url":"https:\/\/www.eldiario.net\/portal\/","name":"El Diario - Decano de la prensa nacional","description":"El Diario - Decano de la prensa nacional","publisher":{"@id":"https:\/\/www.eldiario.net\/portal\/#organization"},"potentialAction":[{"@type":"SearchAction","target":{"@type":"EntryPoint","urlTemplate":"https:\/\/www.eldiario.net\/portal\/?s={search_term_string}"},"query-input":{"@type":"PropertyValueSpecification","valueRequired":true,"valueName":"search_term_string"}}],"inLanguage":"es"},{"@type":"Organization","@id":"https:\/\/www.eldiario.net\/portal\/#organization","name":"El Diario - Decano de la prensa nacional","url":"https:\/\/www.eldiario.net\/portal\/","logo":{"@type":"ImageObject","inLanguage":"es","@id":"https:\/\/www.eldiario.net\/portal\/#\/schema\/logo\/image\/","url":"https:\/\/www.eldiario.net\/portal\/wp-content\/uploads\/2023\/07\/logo_ED.jpg","contentUrl":"https:\/\/www.eldiario.net\/portal\/wp-content\/uploads\/2023\/07\/logo_ED.jpg","width":272,"height":52,"caption":"El Diario - Decano de la prensa nacional"},"image":{"@id":"https:\/\/www.eldiario.net\/portal\/#\/schema\/logo\/image\/"},"sameAs":["https:\/\/www.facebook.com\/eldiario.bolivia\/","https:\/\/x.com\/eldiario_net"]},{"@type":"Person","@id":"https:\/\/www.eldiario.net\/portal\/#\/schema\/person\/f46445640444750d7d753ccd04ae01b7","name":"Jeanette","image":{"@type":"ImageObject","inLanguage":"es","@id":"https:\/\/secure.gravatar.com\/avatar\/3ea2118a5f7dad2b7138b1187a6b7ee55f160b9968b66013c3a3ef39dd7e5798?s=96&d=mm&r=g","url":"https:\/\/secure.gravatar.com\/avatar\/3ea2118a5f7dad2b7138b1187a6b7ee55f160b9968b66013c3a3ef39dd7e5798?s=96&d=mm&r=g","contentUrl":"https:\/\/secure.gravatar.com\/avatar\/3ea2118a5f7dad2b7138b1187a6b7ee55f160b9968b66013c3a3ef39dd7e5798?s=96&d=mm&r=g","caption":"Jeanette"},"sameAs":["https:\/\/www.eldiario.net\/portal"],"url":"https:\/\/www.eldiario.net\/portal\/author\/jeanette\/"}]}},"_links":{"self":[{"href":"https:\/\/www.eldiario.net\/portal\/wp-json\/wp\/v2\/posts\/198034","targetHints":{"allow":["GET"]}}],"collection":[{"href":"https:\/\/www.eldiario.net\/portal\/wp-json\/wp\/v2\/posts"}],"about":[{"href":"https:\/\/www.eldiario.net\/portal\/wp-json\/wp\/v2\/types\/post"}],"author":[{"embeddable":true,"href":"https:\/\/www.eldiario.net\/portal\/wp-json\/wp\/v2\/users\/1"}],"replies":[{"embeddable":true,"href":"https:\/\/www.eldiario.net\/portal\/wp-json\/wp\/v2\/comments?post=198034"}],"version-history":[{"count":1,"href":"https:\/\/www.eldiario.net\/portal\/wp-json\/wp\/v2\/posts\/198034\/revisions"}],"predecessor-version":[{"id":198036,"href":"https:\/\/www.eldiario.net\/portal\/wp-json\/wp\/v2\/posts\/198034\/revisions\/198036"}],"wp:featuredmedia":[{"embeddable":true,"href":"https:\/\/www.eldiario.net\/portal\/wp-json\/wp\/v2\/media\/198035"}],"wp:attachment":[{"href":"https:\/\/www.eldiario.net\/portal\/wp-json\/wp\/v2\/media?parent=198034"}],"wp:term":[{"taxonomy":"category","embeddable":true,"href":"https:\/\/www.eldiario.net\/portal\/wp-json\/wp\/v2\/categories?post=198034"},{"taxonomy":"post_tag","embeddable":true,"href":"https:\/\/www.eldiario.net\/portal\/wp-json\/wp\/v2\/tags?post=198034"}],"curies":[{"name":"wp","href":"https:\/\/api.w.org\/{rel}","templated":true}]}}