{"id":198031,"date":"2024-01-17T06:27:34","date_gmt":"2024-01-17T10:27:34","guid":{"rendered":"https:\/\/www.eldiario.net\/portal\/?p=198031"},"modified":"2024-01-17T06:27:34","modified_gmt":"2024-01-17T10:27:34","slug":"una-coalicion-civil-asegura-que-lider-del-ejercito-acepta-un-encuentro","status":"publish","type":"post","link":"https:\/\/www.eldiario.net\/portal\/2024\/01\/17\/una-coalicion-civil-asegura-que-lider-del-ejercito-acepta-un-encuentro\/","title":{"rendered":"Una coalici\u00f3n civil asegura que l\u00edder  del Ej\u00e9rcito acepta un encuentro"},"content":{"rendered":"<p>La Coordinaci\u00f3n de Fuerzas Democr\u00e1ticas Civiles, encabezadas por el exprimer ministro sudan\u00e9s Abdal\u00e1 Hamdok, afirm\u00f3 ayer que el jefe del Ej\u00e9rcito, Abdelfat\u00e1 al Burhan, acept\u00f3 mantener un encuentro para abordar v\u00edas para poner fin a la guerra desatada en abril de 2023 con los paramilitares Fuerzas de Apoyo R\u00e1pido (RSF).<br \/>\nLa confirmaci\u00f3n por parte de la coalici\u00f3n civil, a la espera de fecha, llega despu\u00e9s de que el vicepresidente del Consejo Soberano de Transici\u00f3n, Malik Agar, afirmara que las autoridades hab\u00edan dado \u2018luz verde\u2019 a una reuni\u00f3n de este tipo durante los pr\u00f3ximos d\u00edas, sin m\u00e1s detalles.<br \/>\nAgar afirm\u00f3 en declaraciones a la cadena de televisi\u00f3n qatar\u00ed Al Yazira que el Consejo Soberano de Transici\u00f3n, encabezado por Al Burhan, \u201cest\u00e1 abierto a todas las iniciativas, componentes y partidos pol\u00edticos, ya sean bloques o partidos\u201d. \u201cNo hay nada que lo impida\u201d, dijo, en referencia a una posible reuni\u00f3n.<br \/>\nEl propio Hamdok pidi\u00f3 el 4 de enero a Al Burhan que aceptara una reuni\u00f3n en persona para intentar pactar un alto al fuego, despu\u00e9s de que las RSF, ahora declaradas como un grupo rebelde por las autoridades sudanesas, se mostraran abiertas a esta posibilidad tras cerca de ocho meses de conflicto.<br \/>\nAs\u00ed, el \u00faltimo l\u00edder civil de Sud\u00e1n apunt\u00f3 a la posibilidad de \u201cdetener la guerra\u201d despu\u00e9s de que el l\u00edder de las RSF, Mohamed Hamdan Dagalo, alias \u2018Hemedti\u2019, se mostrara dispuesto a este extremo y recalc\u00f3 que \u201cno se debe desperdiciar esta oportunidad para detener la guerra\u201d.<br \/>\nHamdok, derrocado en octubre de 2021 en un golpe de Estado encabezado por Al Burhan y respaldado entonces por \u2018Hemedti\u2019, hab\u00eda revelado d\u00edas antes que Dagalo hab\u00eda afirmado un acuerdo para detener las hostilidades si se lograba un acuerdo para una nueva transici\u00f3n en el pa\u00eds africano.<br \/>\nSud\u00e1n cumpli\u00f3 m\u00e1s de ocho meses de conflicto entre el Ej\u00e9rcito sudan\u00e9s y las RSF, enfrentamientos que estallaron el 15 de abril tras las fuertes discrepancias sobre la integraci\u00f3n del entonces grupo paramilitar -ahora declarado como rebelde- en el seno de las Fuerzas Armadas, que hicieron descarrilar el proceso de transici\u00f3n abierto tras el derrocamiento en 2019 de Omar Has\u00e1n al Bashir, despu\u00e9s de 30 a\u00f1os de poder. (Europa Press)<\/p>\n<p>&nbsp;<\/p>\n","protected":false},"excerpt":{"rendered":"<p>La Coordinaci\u00f3n de Fuerzas Democr\u00e1ticas Civiles, encabezadas por el exprimer ministro sudan\u00e9s Abdal\u00e1 Hamdok, afirm\u00f3 ayer que el jefe del Ej\u00e9rcito, Abdelfat\u00e1 al Burhan, acept\u00f3 mantener un encuentro para abordar v\u00edas para poner fin a la guerra desatada en abril de 2023 con los paramilitares Fuerzas de Apoyo R\u00e1pido (RSF). La confirmaci\u00f3n por parte de [&hellip;]<\/p>\n","protected":false},"author":1,"featured_media":198032,"comment_status":"open","ping_status":"open","sticky":false,"template":"","format":"standard","meta":{"_acf_changed":false,"footnotes":""},"categories":[3],"tags":[],"class_list":["post-198031","post","type-post","status-publish","format-standard","has-post-thumbnail","category-internacional"],"acf":{"antetitulo":"Para abordar el fin de la guerra en Sud\u00e1n"},"yoast_head":"<!-- This site is optimized with the Yoast SEO plugin v28.3 - https:\/\/yoast.com\/product\/yoast-seo-wordpress\/ -->\n<title>Una coalici\u00f3n civil asegura que l\u00edder del Ej\u00e9rcito acepta un encuentro - El Diario - Bolivia<\/title>\n<meta name=\"robots\" content=\"index, follow, max-snippet:-1, max-image-preview:large, max-video-preview:-1\" \/>\n<link rel=\"canonical\" href=\"https:\/\/www.eldiario.net\/portal\/2024\/01\/17\/una-coalicion-civil-asegura-que-lider-del-ejercito-acepta-un-encuentro\/\" \/>\n<meta property=\"og:locale\" content=\"es_ES\" \/>\n<meta property=\"og:type\" content=\"article\" \/>\n<meta property=\"og:title\" content=\"Una coalici\u00f3n civil asegura que l\u00edder del Ej\u00e9rcito acepta un encuentro - El Diario - Bolivia\" \/>\n<meta property=\"og:description\" content=\"La Coordinaci\u00f3n de Fuerzas Democr\u00e1ticas Civiles, encabezadas por el exprimer ministro sudan\u00e9s Abdal\u00e1 Hamdok, afirm\u00f3 ayer que el jefe del Ej\u00e9rcito, Abdelfat\u00e1 al Burhan, acept\u00f3 mantener un encuentro para abordar v\u00edas para poner fin a la guerra desatada en abril de 2023 con los paramilitares Fuerzas de Apoyo R\u00e1pido (RSF). La confirmaci\u00f3n por parte de [&hellip;]\" \/>\n<meta property=\"og:url\" content=\"https:\/\/www.eldiario.net\/portal\/2024\/01\/17\/una-coalicion-civil-asegura-que-lider-del-ejercito-acepta-un-encuentro\/\" \/>\n<meta property=\"og:site_name\" content=\"El Diario - Bolivia\" \/>\n<meta property=\"article:publisher\" content=\"https:\/\/www.facebook.com\/eldiario.bolivia\/\" \/>\n<meta property=\"article:published_time\" content=\"2024-01-17T10:27:34+00:00\" \/>\n<meta property=\"og:image\" content=\"https:\/\/www.eldiario.net\/portal\/wp-content\/uploads\/2024\/01\/HAMDOK.jpg\" \/>\n\t<meta property=\"og:image:width\" content=\"1200\" \/>\n\t<meta property=\"og:image:height\" content=\"800\" \/>\n\t<meta property=\"og:image:type\" content=\"image\/jpeg\" \/>\n<meta name=\"author\" content=\"Jeanette\" \/>\n<meta name=\"twitter:card\" content=\"summary_large_image\" \/>\n<meta name=\"twitter:creator\" content=\"@eldiario_net\" \/>\n<meta name=\"twitter:site\" content=\"@eldiario_net\" \/>\n<meta name=\"twitter:label1\" content=\"Escrito por\" \/>\n\t<meta name=\"twitter:data1\" content=\"Jeanette\" \/>\n\t<meta name=\"twitter:label2\" content=\"Tiempo de lectura\" \/>\n\t<meta name=\"twitter:data2\" content=\"2 minutos\" \/>\n<script type=\"application\/ld+json\" class=\"yoast-schema-graph\">{\"@context\":\"https:\\\/\\\/schema.org\",\"@graph\":[{\"@type\":\"Article\",\"@id\":\"https:\\\/\\\/www.eldiario.net\\\/portal\\\/2024\\\/01\\\/17\\\/una-coalicion-civil-asegura-que-lider-del-ejercito-acepta-un-encuentro\\\/#article\",\"isPartOf\":{\"@id\":\"https:\\\/\\\/www.eldiario.net\\\/portal\\\/2024\\\/01\\\/17\\\/una-coalicion-civil-asegura-que-lider-del-ejercito-acepta-un-encuentro\\\/\"},\"author\":{\"name\":\"Jeanette\",\"@id\":\"https:\\\/\\\/www.eldiario.net\\\/portal\\\/#\\\/schema\\\/person\\\/f46445640444750d7d753ccd04ae01b7\"},\"headline\":\"Una coalici\u00f3n civil asegura que l\u00edder del Ej\u00e9rcito acepta un encuentro\",\"datePublished\":\"2024-01-17T10:27:34+00:00\",\"mainEntityOfPage\":{\"@id\":\"https:\\\/\\\/www.eldiario.net\\\/portal\\\/2024\\\/01\\\/17\\\/una-coalicion-civil-asegura-que-lider-del-ejercito-acepta-un-encuentro\\\/\"},\"wordCount\":411,\"commentCount\":0,\"publisher\":{\"@id\":\"https:\\\/\\\/www.eldiario.net\\\/portal\\\/#organization\"},\"image\":{\"@id\":\"https:\\\/\\\/www.eldiario.net\\\/portal\\\/2024\\\/01\\\/17\\\/una-coalicion-civil-asegura-que-lider-del-ejercito-acepta-un-encuentro\\\/#primaryimage\"},\"thumbnailUrl\":\"https:\\\/\\\/www.eldiario.net\\\/portal\\\/wp-content\\\/uploads\\\/2024\\\/01\\\/HAMDOK.jpg\",\"articleSection\":[\"Internacional\"],\"inLanguage\":\"es\",\"potentialAction\":[{\"@type\":\"CommentAction\",\"name\":\"Comment\",\"target\":[\"https:\\\/\\\/www.eldiario.net\\\/portal\\\/2024\\\/01\\\/17\\\/una-coalicion-civil-asegura-que-lider-del-ejercito-acepta-un-encuentro\\\/#respond\"]}]},{\"@type\":\"WebPage\",\"@id\":\"https:\\\/\\\/www.eldiario.net\\\/portal\\\/2024\\\/01\\\/17\\\/una-coalicion-civil-asegura-que-lider-del-ejercito-acepta-un-encuentro\\\/\",\"url\":\"https:\\\/\\\/www.eldiario.net\\\/portal\\\/2024\\\/01\\\/17\\\/una-coalicion-civil-asegura-que-lider-del-ejercito-acepta-un-encuentro\\\/\",\"name\":\"Una coalici\u00f3n civil asegura que l\u00edder del Ej\u00e9rcito acepta un encuentro - El Diario - Bolivia\",\"isPartOf\":{\"@id\":\"https:\\\/\\\/www.eldiario.net\\\/portal\\\/#website\"},\"primaryImageOfPage\":{\"@id\":\"https:\\\/\\\/www.eldiario.net\\\/portal\\\/2024\\\/01\\\/17\\\/una-coalicion-civil-asegura-que-lider-del-ejercito-acepta-un-encuentro\\\/#primaryimage\"},\"image\":{\"@id\":\"https:\\\/\\\/www.eldiario.net\\\/portal\\\/2024\\\/01\\\/17\\\/una-coalicion-civil-asegura-que-lider-del-ejercito-acepta-un-encuentro\\\/#primaryimage\"},\"thumbnailUrl\":\"https:\\\/\\\/www.eldiario.net\\\/portal\\\/wp-content\\\/uploads\\\/2024\\\/01\\\/HAMDOK.jpg\",\"datePublished\":\"2024-01-17T10:27:34+00:00\",\"breadcrumb\":{\"@id\":\"https:\\\/\\\/www.eldiario.net\\\/portal\\\/2024\\\/01\\\/17\\\/una-coalicion-civil-asegura-que-lider-del-ejercito-acepta-un-encuentro\\\/#breadcrumb\"},\"inLanguage\":\"es\",\"potentialAction\":[{\"@type\":\"ReadAction\",\"target\":[\"https:\\\/\\\/www.eldiario.net\\\/portal\\\/2024\\\/01\\\/17\\\/una-coalicion-civil-asegura-que-lider-del-ejercito-acepta-un-encuentro\\\/\"]}]},{\"@type\":\"ImageObject\",\"inLanguage\":\"es\",\"@id\":\"https:\\\/\\\/www.eldiario.net\\\/portal\\\/2024\\\/01\\\/17\\\/una-coalicion-civil-asegura-que-lider-del-ejercito-acepta-un-encuentro\\\/#primaryimage\",\"url\":\"https:\\\/\\\/www.eldiario.net\\\/portal\\\/wp-content\\\/uploads\\\/2024\\\/01\\\/HAMDOK.jpg\",\"contentUrl\":\"https:\\\/\\\/www.eldiario.net\\\/portal\\\/wp-content\\\/uploads\\\/2024\\\/01\\\/HAMDOK.jpg\",\"width\":1200,\"height\":800,\"caption\":\"EXPRIMER MINISTRO SUDAN\u00c9S ABDAL\u00c1 HAMDOK, DIJO QUE YA HUBO UN PRIMER ACERCAMIENTO.\"},{\"@type\":\"BreadcrumbList\",\"@id\":\"https:\\\/\\\/www.eldiario.net\\\/portal\\\/2024\\\/01\\\/17\\\/una-coalicion-civil-asegura-que-lider-del-ejercito-acepta-un-encuentro\\\/#breadcrumb\",\"itemListElement\":[{\"@type\":\"ListItem\",\"position\":1,\"name\":\"Portada\",\"item\":\"https:\\\/\\\/www.eldiario.net\\\/portal\\\/\"},{\"@type\":\"ListItem\",\"position\":2,\"name\":\"Una coalici\u00f3n civil asegura que l\u00edder del Ej\u00e9rcito acepta un encuentro\"}]},{\"@type\":\"WebSite\",\"@id\":\"https:\\\/\\\/www.eldiario.net\\\/portal\\\/#website\",\"url\":\"https:\\\/\\\/www.eldiario.net\\\/portal\\\/\",\"name\":\"El Diario - Decano de la prensa nacional\",\"description\":\"El Diario - Decano de la prensa nacional\",\"publisher\":{\"@id\":\"https:\\\/\\\/www.eldiario.net\\\/portal\\\/#organization\"},\"potentialAction\":[{\"@type\":\"SearchAction\",\"target\":{\"@type\":\"EntryPoint\",\"urlTemplate\":\"https:\\\/\\\/www.eldiario.net\\\/portal\\\/?s={search_term_string}\"},\"query-input\":{\"@type\":\"PropertyValueSpecification\",\"valueRequired\":true,\"valueName\":\"search_term_string\"}}],\"inLanguage\":\"es\"},{\"@type\":\"Organization\",\"@id\":\"https:\\\/\\\/www.eldiario.net\\\/portal\\\/#organization\",\"name\":\"El Diario - Decano de la prensa nacional\",\"url\":\"https:\\\/\\\/www.eldiario.net\\\/portal\\\/\",\"logo\":{\"@type\":\"ImageObject\",\"inLanguage\":\"es\",\"@id\":\"https:\\\/\\\/www.eldiario.net\\\/portal\\\/#\\\/schema\\\/logo\\\/image\\\/\",\"url\":\"https:\\\/\\\/www.eldiario.net\\\/portal\\\/wp-content\\\/uploads\\\/2023\\\/07\\\/logo_ED.jpg\",\"contentUrl\":\"https:\\\/\\\/www.eldiario.net\\\/portal\\\/wp-content\\\/uploads\\\/2023\\\/07\\\/logo_ED.jpg\",\"width\":272,\"height\":52,\"caption\":\"El Diario - Decano de la prensa nacional\"},\"image\":{\"@id\":\"https:\\\/\\\/www.eldiario.net\\\/portal\\\/#\\\/schema\\\/logo\\\/image\\\/\"},\"sameAs\":[\"https:\\\/\\\/www.facebook.com\\\/eldiario.bolivia\\\/\",\"https:\\\/\\\/x.com\\\/eldiario_net\"]},{\"@type\":\"Person\",\"@id\":\"https:\\\/\\\/www.eldiario.net\\\/portal\\\/#\\\/schema\\\/person\\\/f46445640444750d7d753ccd04ae01b7\",\"name\":\"Jeanette\",\"image\":{\"@type\":\"ImageObject\",\"inLanguage\":\"es\",\"@id\":\"https:\\\/\\\/secure.gravatar.com\\\/avatar\\\/3ea2118a5f7dad2b7138b1187a6b7ee55f160b9968b66013c3a3ef39dd7e5798?s=96&d=mm&r=g\",\"url\":\"https:\\\/\\\/secure.gravatar.com\\\/avatar\\\/3ea2118a5f7dad2b7138b1187a6b7ee55f160b9968b66013c3a3ef39dd7e5798?s=96&d=mm&r=g\",\"contentUrl\":\"https:\\\/\\\/secure.gravatar.com\\\/avatar\\\/3ea2118a5f7dad2b7138b1187a6b7ee55f160b9968b66013c3a3ef39dd7e5798?s=96&d=mm&r=g\",\"caption\":\"Jeanette\"},\"sameAs\":[\"https:\\\/\\\/www.eldiario.net\\\/portal\"],\"url\":\"https:\\\/\\\/www.eldiario.net\\\/portal\\\/author\\\/jeanette\\\/\"}]}<\/script>\n<!-- \/ Yoast SEO plugin. -->","yoast_head_json":{"title":"Una coalici\u00f3n civil asegura que l\u00edder del Ej\u00e9rcito acepta un encuentro - El Diario - Bolivia","robots":{"index":"index","follow":"follow","max-snippet":"max-snippet:-1","max-image-preview":"max-image-preview:large","max-video-preview":"max-video-preview:-1"},"canonical":"https:\/\/www.eldiario.net\/portal\/2024\/01\/17\/una-coalicion-civil-asegura-que-lider-del-ejercito-acepta-un-encuentro\/","og_locale":"es_ES","og_type":"article","og_title":"Una coalici\u00f3n civil asegura que l\u00edder del Ej\u00e9rcito acepta un encuentro - El Diario - Bolivia","og_description":"La Coordinaci\u00f3n de Fuerzas Democr\u00e1ticas Civiles, encabezadas por el exprimer ministro sudan\u00e9s Abdal\u00e1 Hamdok, afirm\u00f3 ayer que el jefe del Ej\u00e9rcito, Abdelfat\u00e1 al Burhan, acept\u00f3 mantener un encuentro para abordar v\u00edas para poner fin a la guerra desatada en abril de 2023 con los paramilitares Fuerzas de Apoyo R\u00e1pido (RSF). La confirmaci\u00f3n por parte de [&hellip;]","og_url":"https:\/\/www.eldiario.net\/portal\/2024\/01\/17\/una-coalicion-civil-asegura-que-lider-del-ejercito-acepta-un-encuentro\/","og_site_name":"El Diario - Bolivia","article_publisher":"https:\/\/www.facebook.com\/eldiario.bolivia\/","article_published_time":"2024-01-17T10:27:34+00:00","og_image":[{"width":1200,"height":800,"url":"https:\/\/www.eldiario.net\/portal\/wp-content\/uploads\/2024\/01\/HAMDOK.jpg","type":"image\/jpeg"}],"author":"Jeanette","twitter_card":"summary_large_image","twitter_creator":"@eldiario_net","twitter_site":"@eldiario_net","twitter_misc":{"Escrito por":"Jeanette","Tiempo de lectura":"2 minutos"},"schema":{"@context":"https:\/\/schema.org","@graph":[{"@type":"Article","@id":"https:\/\/www.eldiario.net\/portal\/2024\/01\/17\/una-coalicion-civil-asegura-que-lider-del-ejercito-acepta-un-encuentro\/#article","isPartOf":{"@id":"https:\/\/www.eldiario.net\/portal\/2024\/01\/17\/una-coalicion-civil-asegura-que-lider-del-ejercito-acepta-un-encuentro\/"},"author":{"name":"Jeanette","@id":"https:\/\/www.eldiario.net\/portal\/#\/schema\/person\/f46445640444750d7d753ccd04ae01b7"},"headline":"Una coalici\u00f3n civil asegura que l\u00edder del Ej\u00e9rcito acepta un encuentro","datePublished":"2024-01-17T10:27:34+00:00","mainEntityOfPage":{"@id":"https:\/\/www.eldiario.net\/portal\/2024\/01\/17\/una-coalicion-civil-asegura-que-lider-del-ejercito-acepta-un-encuentro\/"},"wordCount":411,"commentCount":0,"publisher":{"@id":"https:\/\/www.eldiario.net\/portal\/#organization"},"image":{"@id":"https:\/\/www.eldiario.net\/portal\/2024\/01\/17\/una-coalicion-civil-asegura-que-lider-del-ejercito-acepta-un-encuentro\/#primaryimage"},"thumbnailUrl":"https:\/\/www.eldiario.net\/portal\/wp-content\/uploads\/2024\/01\/HAMDOK.jpg","articleSection":["Internacional"],"inLanguage":"es","potentialAction":[{"@type":"CommentAction","name":"Comment","target":["https:\/\/www.eldiario.net\/portal\/2024\/01\/17\/una-coalicion-civil-asegura-que-lider-del-ejercito-acepta-un-encuentro\/#respond"]}]},{"@type":"WebPage","@id":"https:\/\/www.eldiario.net\/portal\/2024\/01\/17\/una-coalicion-civil-asegura-que-lider-del-ejercito-acepta-un-encuentro\/","url":"https:\/\/www.eldiario.net\/portal\/2024\/01\/17\/una-coalicion-civil-asegura-que-lider-del-ejercito-acepta-un-encuentro\/","name":"Una coalici\u00f3n civil asegura que l\u00edder del Ej\u00e9rcito acepta un encuentro - El Diario - Bolivia","isPartOf":{"@id":"https:\/\/www.eldiario.net\/portal\/#website"},"primaryImageOfPage":{"@id":"https:\/\/www.eldiario.net\/portal\/2024\/01\/17\/una-coalicion-civil-asegura-que-lider-del-ejercito-acepta-un-encuentro\/#primaryimage"},"image":{"@id":"https:\/\/www.eldiario.net\/portal\/2024\/01\/17\/una-coalicion-civil-asegura-que-lider-del-ejercito-acepta-un-encuentro\/#primaryimage"},"thumbnailUrl":"https:\/\/www.eldiario.net\/portal\/wp-content\/uploads\/2024\/01\/HAMDOK.jpg","datePublished":"2024-01-17T10:27:34+00:00","breadcrumb":{"@id":"https:\/\/www.eldiario.net\/portal\/2024\/01\/17\/una-coalicion-civil-asegura-que-lider-del-ejercito-acepta-un-encuentro\/#breadcrumb"},"inLanguage":"es","potentialAction":[{"@type":"ReadAction","target":["https:\/\/www.eldiario.net\/portal\/2024\/01\/17\/una-coalicion-civil-asegura-que-lider-del-ejercito-acepta-un-encuentro\/"]}]},{"@type":"ImageObject","inLanguage":"es","@id":"https:\/\/www.eldiario.net\/portal\/2024\/01\/17\/una-coalicion-civil-asegura-que-lider-del-ejercito-acepta-un-encuentro\/#primaryimage","url":"https:\/\/www.eldiario.net\/portal\/wp-content\/uploads\/2024\/01\/HAMDOK.jpg","contentUrl":"https:\/\/www.eldiario.net\/portal\/wp-content\/uploads\/2024\/01\/HAMDOK.jpg","width":1200,"height":800,"caption":"EXPRIMER MINISTRO SUDAN\u00c9S ABDAL\u00c1 HAMDOK, DIJO QUE YA HUBO UN PRIMER ACERCAMIENTO."},{"@type":"BreadcrumbList","@id":"https:\/\/www.eldiario.net\/portal\/2024\/01\/17\/una-coalicion-civil-asegura-que-lider-del-ejercito-acepta-un-encuentro\/#breadcrumb","itemListElement":[{"@type":"ListItem","position":1,"name":"Portada","item":"https:\/\/www.eldiario.net\/portal\/"},{"@type":"ListItem","position":2,"name":"Una coalici\u00f3n civil asegura que l\u00edder del Ej\u00e9rcito acepta un encuentro"}]},{"@type":"WebSite","@id":"https:\/\/www.eldiario.net\/portal\/#website","url":"https:\/\/www.eldiario.net\/portal\/","name":"El Diario - Decano de la prensa nacional","description":"El Diario - Decano de la prensa nacional","publisher":{"@id":"https:\/\/www.eldiario.net\/portal\/#organization"},"potentialAction":[{"@type":"SearchAction","target":{"@type":"EntryPoint","urlTemplate":"https:\/\/www.eldiario.net\/portal\/?s={search_term_string}"},"query-input":{"@type":"PropertyValueSpecification","valueRequired":true,"valueName":"search_term_string"}}],"inLanguage":"es"},{"@type":"Organization","@id":"https:\/\/www.eldiario.net\/portal\/#organization","name":"El Diario - Decano de la prensa nacional","url":"https:\/\/www.eldiario.net\/portal\/","logo":{"@type":"ImageObject","inLanguage":"es","@id":"https:\/\/www.eldiario.net\/portal\/#\/schema\/logo\/image\/","url":"https:\/\/www.eldiario.net\/portal\/wp-content\/uploads\/2023\/07\/logo_ED.jpg","contentUrl":"https:\/\/www.eldiario.net\/portal\/wp-content\/uploads\/2023\/07\/logo_ED.jpg","width":272,"height":52,"caption":"El Diario - Decano de la prensa nacional"},"image":{"@id":"https:\/\/www.eldiario.net\/portal\/#\/schema\/logo\/image\/"},"sameAs":["https:\/\/www.facebook.com\/eldiario.bolivia\/","https:\/\/x.com\/eldiario_net"]},{"@type":"Person","@id":"https:\/\/www.eldiario.net\/portal\/#\/schema\/person\/f46445640444750d7d753ccd04ae01b7","name":"Jeanette","image":{"@type":"ImageObject","inLanguage":"es","@id":"https:\/\/secure.gravatar.com\/avatar\/3ea2118a5f7dad2b7138b1187a6b7ee55f160b9968b66013c3a3ef39dd7e5798?s=96&d=mm&r=g","url":"https:\/\/secure.gravatar.com\/avatar\/3ea2118a5f7dad2b7138b1187a6b7ee55f160b9968b66013c3a3ef39dd7e5798?s=96&d=mm&r=g","contentUrl":"https:\/\/secure.gravatar.com\/avatar\/3ea2118a5f7dad2b7138b1187a6b7ee55f160b9968b66013c3a3ef39dd7e5798?s=96&d=mm&r=g","caption":"Jeanette"},"sameAs":["https:\/\/www.eldiario.net\/portal"],"url":"https:\/\/www.eldiario.net\/portal\/author\/jeanette\/"}]}},"_links":{"self":[{"href":"https:\/\/www.eldiario.net\/portal\/wp-json\/wp\/v2\/posts\/198031","targetHints":{"allow":["GET"]}}],"collection":[{"href":"https:\/\/www.eldiario.net\/portal\/wp-json\/wp\/v2\/posts"}],"about":[{"href":"https:\/\/www.eldiario.net\/portal\/wp-json\/wp\/v2\/types\/post"}],"author":[{"embeddable":true,"href":"https:\/\/www.eldiario.net\/portal\/wp-json\/wp\/v2\/users\/1"}],"replies":[{"embeddable":true,"href":"https:\/\/www.eldiario.net\/portal\/wp-json\/wp\/v2\/comments?post=198031"}],"version-history":[{"count":1,"href":"https:\/\/www.eldiario.net\/portal\/wp-json\/wp\/v2\/posts\/198031\/revisions"}],"predecessor-version":[{"id":198033,"href":"https:\/\/www.eldiario.net\/portal\/wp-json\/wp\/v2\/posts\/198031\/revisions\/198033"}],"wp:featuredmedia":[{"embeddable":true,"href":"https:\/\/www.eldiario.net\/portal\/wp-json\/wp\/v2\/media\/198032"}],"wp:attachment":[{"href":"https:\/\/www.eldiario.net\/portal\/wp-json\/wp\/v2\/media?parent=198031"}],"wp:term":[{"taxonomy":"category","embeddable":true,"href":"https:\/\/www.eldiario.net\/portal\/wp-json\/wp\/v2\/categories?post=198031"},{"taxonomy":"post_tag","embeddable":true,"href":"https:\/\/www.eldiario.net\/portal\/wp-json\/wp\/v2\/tags?post=198031"}],"curies":[{"name":"wp","href":"https:\/\/api.w.org\/{rel}","templated":true}]}}