{"id":198014,"date":"2024-01-17T06:18:44","date_gmt":"2024-01-17T10:18:44","guid":{"rendered":"https:\/\/www.eldiario.net\/portal\/?p=198014"},"modified":"2024-01-17T06:18:44","modified_gmt":"2024-01-17T10:18:44","slug":"evo-morales-sin-derecho-a-una-nueva-postulacion","status":"publish","type":"post","link":"https:\/\/www.eldiario.net\/portal\/2024\/01\/17\/evo-morales-sin-derecho-a-una-nueva-postulacion\/","title":{"rendered":"Evo Morales sin derecho a una nueva postulaci\u00f3n"},"content":{"rendered":"<p>El procurador General del Estado, C\u00e9sar Siles, asegur\u00f3 que a la luz del criterio emitido por la Corte Interamericana de Derechos Humanos (Corte IDH) y el Tribunal Constitucional Plurinacional (TCP), el expresidente, Evo Morales Ayma, no tiene el derecho de postularse nuevamente a la presidencia.<br \/>\nC\u00e9sar Siles se pronunci\u00f3 respecto a la sentencia 1010\/2023 del TCP, que en su parte considerativa toma en cuenta la opini\u00f3n consultiva de la Corte IDH, que establece que la reelecci\u00f3n indefinida no es derecho humano, para se\u00f1alar que en Bolivia s\u00f3lo se puede ejercer la presidencia dos veces, ya sea de manera continua o discontinua.<br \/>\n\u201c\u00c9l (Morales) no tiene derecho, no es un derecho humano ser reelegido y no tiene derecho a postularse nuevamente en Bolivia\u201d, afirm\u00f3 el Procurador, a tiempo de justificar la sentencia del TCP.<br \/>\nRecord\u00f3 que hace siete a\u00f1os, el mismo TCP emiti\u00f3 la sentencia 084\/2017, la cual permit\u00eda la reelecci\u00f3n indefinida, sin embargo, ahora esta instancia, con la sentencia 1010\/2023, se inclin\u00f3 por respetar la opini\u00f3n consultiva de la Corte IDH por sobre la sentencia 084\/2017.<br \/>\n\u201cLa sentencia constitucional 084 \u00fanicamente puede ser dejada sin efecto por otra sentencia constitucional. En este caso la determinaici\u00f3n vigente es la 1010\/2023-S4 del 28 de diciembre del 2023\u201d, recalc\u00f3.<br \/>\nDe todas maneras, el Procurador aclar\u00f3 que en caso de presentarse Evo Morales como candidato, corresponder\u00e1 al TSE decidir si lo habilita o inhabilita.<br \/>\n\u201cSi va a presentarse a las elecciones con alg\u00fan partido pol\u00edtico que lo proclame como candidato presidencial, una vez que pase eso, si es que llega a pasar, ser\u00e1 el Tribunal Supremo Electoral la \u00fanica instancia competente para inhabilitar o habilitarlo. Corresponder\u00e1 ya sea pedido de parte o de oficio que el Tribunal decida, en el marco de esta sentencia, de la opini\u00f3n consultiva y todos los argumentos que les he dicho, su habilitaci\u00f3n o inhabilitaci\u00f3n\u201d, detall\u00f3 Siles.<br \/>\nRecord\u00f3 tambi\u00e9n que por norma, en caso de incumplimiento de las sentencias, el TCP puede acudir a la Procuradur\u00eda para llevar adelante las acciones civiles o penales derivadas.<\/p>\n","protected":false},"excerpt":{"rendered":"<p>El procurador General del Estado, C\u00e9sar Siles, asegur\u00f3 que a la luz del criterio emitido por la Corte Interamericana de Derechos Humanos (Corte IDH) y el Tribunal Constitucional Plurinacional (TCP), el expresidente, Evo Morales Ayma, no tiene el derecho de postularse nuevamente a la presidencia. C\u00e9sar Siles se pronunci\u00f3 respecto a la sentencia 1010\/2023 del [&hellip;]<\/p>\n","protected":false},"author":1,"featured_media":198015,"comment_status":"open","ping_status":"open","sticky":false,"template":"","format":"standard","meta":{"_acf_changed":false,"footnotes":""},"categories":[17],"tags":[],"class_list":["post-198014","post","type-post","status-publish","format-standard","has-post-thumbnail","category-principal"],"acf":{"antetitulo":"Asegura Procurador General del Estado"},"yoast_head":"<!-- This site is optimized with the Yoast SEO plugin v28.3 - https:\/\/yoast.com\/product\/yoast-seo-wordpress\/ -->\n<title>Evo Morales sin derecho a una nueva postulaci\u00f3n - El Diario - Bolivia<\/title>\n<meta name=\"robots\" content=\"index, follow, max-snippet:-1, max-image-preview:large, max-video-preview:-1\" \/>\n<link rel=\"canonical\" href=\"https:\/\/www.eldiario.net\/portal\/2024\/01\/17\/evo-morales-sin-derecho-a-una-nueva-postulacion\/\" \/>\n<meta property=\"og:locale\" content=\"es_ES\" \/>\n<meta property=\"og:type\" content=\"article\" \/>\n<meta property=\"og:title\" content=\"Evo Morales sin derecho a una nueva postulaci\u00f3n - El Diario - Bolivia\" \/>\n<meta property=\"og:description\" content=\"El procurador General del Estado, C\u00e9sar Siles, asegur\u00f3 que a la luz del criterio emitido por la Corte Interamericana de Derechos Humanos (Corte IDH) y el Tribunal Constitucional Plurinacional (TCP), el expresidente, Evo Morales Ayma, no tiene el derecho de postularse nuevamente a la presidencia. C\u00e9sar Siles se pronunci\u00f3 respecto a la sentencia 1010\/2023 del [&hellip;]\" \/>\n<meta property=\"og:url\" content=\"https:\/\/www.eldiario.net\/portal\/2024\/01\/17\/evo-morales-sin-derecho-a-una-nueva-postulacion\/\" \/>\n<meta property=\"og:site_name\" content=\"El Diario - Bolivia\" \/>\n<meta property=\"article:publisher\" content=\"https:\/\/www.facebook.com\/eldiario.bolivia\/\" \/>\n<meta property=\"article:published_time\" content=\"2024-01-17T10:18:44+00:00\" \/>\n<meta property=\"og:image\" content=\"https:\/\/www.eldiario.net\/portal\/wp-content\/uploads\/2024\/01\/P-1-2-scaled.jpg\" \/>\n\t<meta property=\"og:image:width\" content=\"2560\" \/>\n\t<meta property=\"og:image:height\" content=\"1707\" \/>\n\t<meta property=\"og:image:type\" content=\"image\/jpeg\" \/>\n<meta name=\"author\" content=\"Jeanette\" \/>\n<meta name=\"twitter:card\" content=\"summary_large_image\" \/>\n<meta name=\"twitter:creator\" content=\"@eldiario_net\" \/>\n<meta name=\"twitter:site\" content=\"@eldiario_net\" \/>\n<meta name=\"twitter:label1\" content=\"Escrito por\" \/>\n\t<meta name=\"twitter:data1\" content=\"Jeanette\" \/>\n\t<meta name=\"twitter:label2\" content=\"Tiempo de lectura\" \/>\n\t<meta name=\"twitter:data2\" content=\"2 minutos\" \/>\n<script type=\"application\/ld+json\" class=\"yoast-schema-graph\">{\"@context\":\"https:\\\/\\\/schema.org\",\"@graph\":[{\"@type\":\"Article\",\"@id\":\"https:\\\/\\\/www.eldiario.net\\\/portal\\\/2024\\\/01\\\/17\\\/evo-morales-sin-derecho-a-una-nueva-postulacion\\\/#article\",\"isPartOf\":{\"@id\":\"https:\\\/\\\/www.eldiario.net\\\/portal\\\/2024\\\/01\\\/17\\\/evo-morales-sin-derecho-a-una-nueva-postulacion\\\/\"},\"author\":{\"name\":\"Jeanette\",\"@id\":\"https:\\\/\\\/www.eldiario.net\\\/portal\\\/#\\\/schema\\\/person\\\/f46445640444750d7d753ccd04ae01b7\"},\"headline\":\"Evo Morales sin derecho a una nueva postulaci\u00f3n\",\"datePublished\":\"2024-01-17T10:18:44+00:00\",\"mainEntityOfPage\":{\"@id\":\"https:\\\/\\\/www.eldiario.net\\\/portal\\\/2024\\\/01\\\/17\\\/evo-morales-sin-derecho-a-una-nueva-postulacion\\\/\"},\"wordCount\":356,\"commentCount\":0,\"publisher\":{\"@id\":\"https:\\\/\\\/www.eldiario.net\\\/portal\\\/#organization\"},\"image\":{\"@id\":\"https:\\\/\\\/www.eldiario.net\\\/portal\\\/2024\\\/01\\\/17\\\/evo-morales-sin-derecho-a-una-nueva-postulacion\\\/#primaryimage\"},\"thumbnailUrl\":\"https:\\\/\\\/www.eldiario.net\\\/portal\\\/wp-content\\\/uploads\\\/2024\\\/01\\\/P-1-2-scaled.jpg\",\"articleSection\":[\"Principal\"],\"inLanguage\":\"es\",\"potentialAction\":[{\"@type\":\"CommentAction\",\"name\":\"Comment\",\"target\":[\"https:\\\/\\\/www.eldiario.net\\\/portal\\\/2024\\\/01\\\/17\\\/evo-morales-sin-derecho-a-una-nueva-postulacion\\\/#respond\"]}]},{\"@type\":\"WebPage\",\"@id\":\"https:\\\/\\\/www.eldiario.net\\\/portal\\\/2024\\\/01\\\/17\\\/evo-morales-sin-derecho-a-una-nueva-postulacion\\\/\",\"url\":\"https:\\\/\\\/www.eldiario.net\\\/portal\\\/2024\\\/01\\\/17\\\/evo-morales-sin-derecho-a-una-nueva-postulacion\\\/\",\"name\":\"Evo Morales sin derecho a una nueva postulaci\u00f3n - El Diario - Bolivia\",\"isPartOf\":{\"@id\":\"https:\\\/\\\/www.eldiario.net\\\/portal\\\/#website\"},\"primaryImageOfPage\":{\"@id\":\"https:\\\/\\\/www.eldiario.net\\\/portal\\\/2024\\\/01\\\/17\\\/evo-morales-sin-derecho-a-una-nueva-postulacion\\\/#primaryimage\"},\"image\":{\"@id\":\"https:\\\/\\\/www.eldiario.net\\\/portal\\\/2024\\\/01\\\/17\\\/evo-morales-sin-derecho-a-una-nueva-postulacion\\\/#primaryimage\"},\"thumbnailUrl\":\"https:\\\/\\\/www.eldiario.net\\\/portal\\\/wp-content\\\/uploads\\\/2024\\\/01\\\/P-1-2-scaled.jpg\",\"datePublished\":\"2024-01-17T10:18:44+00:00\",\"breadcrumb\":{\"@id\":\"https:\\\/\\\/www.eldiario.net\\\/portal\\\/2024\\\/01\\\/17\\\/evo-morales-sin-derecho-a-una-nueva-postulacion\\\/#breadcrumb\"},\"inLanguage\":\"es\",\"potentialAction\":[{\"@type\":\"ReadAction\",\"target\":[\"https:\\\/\\\/www.eldiario.net\\\/portal\\\/2024\\\/01\\\/17\\\/evo-morales-sin-derecho-a-una-nueva-postulacion\\\/\"]}]},{\"@type\":\"ImageObject\",\"inLanguage\":\"es\",\"@id\":\"https:\\\/\\\/www.eldiario.net\\\/portal\\\/2024\\\/01\\\/17\\\/evo-morales-sin-derecho-a-una-nueva-postulacion\\\/#primaryimage\",\"url\":\"https:\\\/\\\/www.eldiario.net\\\/portal\\\/wp-content\\\/uploads\\\/2024\\\/01\\\/P-1-2-scaled.jpg\",\"contentUrl\":\"https:\\\/\\\/www.eldiario.net\\\/portal\\\/wp-content\\\/uploads\\\/2024\\\/01\\\/P-1-2-scaled.jpg\",\"width\":2560,\"height\":1707,\"caption\":\"El procurador general del Estado, C\u00e9sar Siles.\"},{\"@type\":\"BreadcrumbList\",\"@id\":\"https:\\\/\\\/www.eldiario.net\\\/portal\\\/2024\\\/01\\\/17\\\/evo-morales-sin-derecho-a-una-nueva-postulacion\\\/#breadcrumb\",\"itemListElement\":[{\"@type\":\"ListItem\",\"position\":1,\"name\":\"Portada\",\"item\":\"https:\\\/\\\/www.eldiario.net\\\/portal\\\/\"},{\"@type\":\"ListItem\",\"position\":2,\"name\":\"Evo Morales sin derecho a una nueva postulaci\u00f3n\"}]},{\"@type\":\"WebSite\",\"@id\":\"https:\\\/\\\/www.eldiario.net\\\/portal\\\/#website\",\"url\":\"https:\\\/\\\/www.eldiario.net\\\/portal\\\/\",\"name\":\"El Diario - Decano de la prensa nacional\",\"description\":\"El Diario - Decano de la prensa nacional\",\"publisher\":{\"@id\":\"https:\\\/\\\/www.eldiario.net\\\/portal\\\/#organization\"},\"potentialAction\":[{\"@type\":\"SearchAction\",\"target\":{\"@type\":\"EntryPoint\",\"urlTemplate\":\"https:\\\/\\\/www.eldiario.net\\\/portal\\\/?s={search_term_string}\"},\"query-input\":{\"@type\":\"PropertyValueSpecification\",\"valueRequired\":true,\"valueName\":\"search_term_string\"}}],\"inLanguage\":\"es\"},{\"@type\":\"Organization\",\"@id\":\"https:\\\/\\\/www.eldiario.net\\\/portal\\\/#organization\",\"name\":\"El Diario - Decano de la prensa nacional\",\"url\":\"https:\\\/\\\/www.eldiario.net\\\/portal\\\/\",\"logo\":{\"@type\":\"ImageObject\",\"inLanguage\":\"es\",\"@id\":\"https:\\\/\\\/www.eldiario.net\\\/portal\\\/#\\\/schema\\\/logo\\\/image\\\/\",\"url\":\"https:\\\/\\\/www.eldiario.net\\\/portal\\\/wp-content\\\/uploads\\\/2023\\\/07\\\/logo_ED.jpg\",\"contentUrl\":\"https:\\\/\\\/www.eldiario.net\\\/portal\\\/wp-content\\\/uploads\\\/2023\\\/07\\\/logo_ED.jpg\",\"width\":272,\"height\":52,\"caption\":\"El Diario - Decano de la prensa nacional\"},\"image\":{\"@id\":\"https:\\\/\\\/www.eldiario.net\\\/portal\\\/#\\\/schema\\\/logo\\\/image\\\/\"},\"sameAs\":[\"https:\\\/\\\/www.facebook.com\\\/eldiario.bolivia\\\/\",\"https:\\\/\\\/x.com\\\/eldiario_net\"]},{\"@type\":\"Person\",\"@id\":\"https:\\\/\\\/www.eldiario.net\\\/portal\\\/#\\\/schema\\\/person\\\/f46445640444750d7d753ccd04ae01b7\",\"name\":\"Jeanette\",\"image\":{\"@type\":\"ImageObject\",\"inLanguage\":\"es\",\"@id\":\"https:\\\/\\\/secure.gravatar.com\\\/avatar\\\/3ea2118a5f7dad2b7138b1187a6b7ee55f160b9968b66013c3a3ef39dd7e5798?s=96&d=mm&r=g\",\"url\":\"https:\\\/\\\/secure.gravatar.com\\\/avatar\\\/3ea2118a5f7dad2b7138b1187a6b7ee55f160b9968b66013c3a3ef39dd7e5798?s=96&d=mm&r=g\",\"contentUrl\":\"https:\\\/\\\/secure.gravatar.com\\\/avatar\\\/3ea2118a5f7dad2b7138b1187a6b7ee55f160b9968b66013c3a3ef39dd7e5798?s=96&d=mm&r=g\",\"caption\":\"Jeanette\"},\"sameAs\":[\"https:\\\/\\\/www.eldiario.net\\\/portal\"],\"url\":\"https:\\\/\\\/www.eldiario.net\\\/portal\\\/author\\\/jeanette\\\/\"}]}<\/script>\n<!-- \/ Yoast SEO plugin. -->","yoast_head_json":{"title":"Evo Morales sin derecho a una nueva postulaci\u00f3n - El Diario - Bolivia","robots":{"index":"index","follow":"follow","max-snippet":"max-snippet:-1","max-image-preview":"max-image-preview:large","max-video-preview":"max-video-preview:-1"},"canonical":"https:\/\/www.eldiario.net\/portal\/2024\/01\/17\/evo-morales-sin-derecho-a-una-nueva-postulacion\/","og_locale":"es_ES","og_type":"article","og_title":"Evo Morales sin derecho a una nueva postulaci\u00f3n - El Diario - Bolivia","og_description":"El procurador General del Estado, C\u00e9sar Siles, asegur\u00f3 que a la luz del criterio emitido por la Corte Interamericana de Derechos Humanos (Corte IDH) y el Tribunal Constitucional Plurinacional (TCP), el expresidente, Evo Morales Ayma, no tiene el derecho de postularse nuevamente a la presidencia. C\u00e9sar Siles se pronunci\u00f3 respecto a la sentencia 1010\/2023 del [&hellip;]","og_url":"https:\/\/www.eldiario.net\/portal\/2024\/01\/17\/evo-morales-sin-derecho-a-una-nueva-postulacion\/","og_site_name":"El Diario - Bolivia","article_publisher":"https:\/\/www.facebook.com\/eldiario.bolivia\/","article_published_time":"2024-01-17T10:18:44+00:00","og_image":[{"width":2560,"height":1707,"url":"https:\/\/www.eldiario.net\/portal\/wp-content\/uploads\/2024\/01\/P-1-2-scaled.jpg","type":"image\/jpeg"}],"author":"Jeanette","twitter_card":"summary_large_image","twitter_creator":"@eldiario_net","twitter_site":"@eldiario_net","twitter_misc":{"Escrito por":"Jeanette","Tiempo de lectura":"2 minutos"},"schema":{"@context":"https:\/\/schema.org","@graph":[{"@type":"Article","@id":"https:\/\/www.eldiario.net\/portal\/2024\/01\/17\/evo-morales-sin-derecho-a-una-nueva-postulacion\/#article","isPartOf":{"@id":"https:\/\/www.eldiario.net\/portal\/2024\/01\/17\/evo-morales-sin-derecho-a-una-nueva-postulacion\/"},"author":{"name":"Jeanette","@id":"https:\/\/www.eldiario.net\/portal\/#\/schema\/person\/f46445640444750d7d753ccd04ae01b7"},"headline":"Evo Morales sin derecho a una nueva postulaci\u00f3n","datePublished":"2024-01-17T10:18:44+00:00","mainEntityOfPage":{"@id":"https:\/\/www.eldiario.net\/portal\/2024\/01\/17\/evo-morales-sin-derecho-a-una-nueva-postulacion\/"},"wordCount":356,"commentCount":0,"publisher":{"@id":"https:\/\/www.eldiario.net\/portal\/#organization"},"image":{"@id":"https:\/\/www.eldiario.net\/portal\/2024\/01\/17\/evo-morales-sin-derecho-a-una-nueva-postulacion\/#primaryimage"},"thumbnailUrl":"https:\/\/www.eldiario.net\/portal\/wp-content\/uploads\/2024\/01\/P-1-2-scaled.jpg","articleSection":["Principal"],"inLanguage":"es","potentialAction":[{"@type":"CommentAction","name":"Comment","target":["https:\/\/www.eldiario.net\/portal\/2024\/01\/17\/evo-morales-sin-derecho-a-una-nueva-postulacion\/#respond"]}]},{"@type":"WebPage","@id":"https:\/\/www.eldiario.net\/portal\/2024\/01\/17\/evo-morales-sin-derecho-a-una-nueva-postulacion\/","url":"https:\/\/www.eldiario.net\/portal\/2024\/01\/17\/evo-morales-sin-derecho-a-una-nueva-postulacion\/","name":"Evo Morales sin derecho a una nueva postulaci\u00f3n - El Diario - Bolivia","isPartOf":{"@id":"https:\/\/www.eldiario.net\/portal\/#website"},"primaryImageOfPage":{"@id":"https:\/\/www.eldiario.net\/portal\/2024\/01\/17\/evo-morales-sin-derecho-a-una-nueva-postulacion\/#primaryimage"},"image":{"@id":"https:\/\/www.eldiario.net\/portal\/2024\/01\/17\/evo-morales-sin-derecho-a-una-nueva-postulacion\/#primaryimage"},"thumbnailUrl":"https:\/\/www.eldiario.net\/portal\/wp-content\/uploads\/2024\/01\/P-1-2-scaled.jpg","datePublished":"2024-01-17T10:18:44+00:00","breadcrumb":{"@id":"https:\/\/www.eldiario.net\/portal\/2024\/01\/17\/evo-morales-sin-derecho-a-una-nueva-postulacion\/#breadcrumb"},"inLanguage":"es","potentialAction":[{"@type":"ReadAction","target":["https:\/\/www.eldiario.net\/portal\/2024\/01\/17\/evo-morales-sin-derecho-a-una-nueva-postulacion\/"]}]},{"@type":"ImageObject","inLanguage":"es","@id":"https:\/\/www.eldiario.net\/portal\/2024\/01\/17\/evo-morales-sin-derecho-a-una-nueva-postulacion\/#primaryimage","url":"https:\/\/www.eldiario.net\/portal\/wp-content\/uploads\/2024\/01\/P-1-2-scaled.jpg","contentUrl":"https:\/\/www.eldiario.net\/portal\/wp-content\/uploads\/2024\/01\/P-1-2-scaled.jpg","width":2560,"height":1707,"caption":"El procurador general del Estado, C\u00e9sar Siles."},{"@type":"BreadcrumbList","@id":"https:\/\/www.eldiario.net\/portal\/2024\/01\/17\/evo-morales-sin-derecho-a-una-nueva-postulacion\/#breadcrumb","itemListElement":[{"@type":"ListItem","position":1,"name":"Portada","item":"https:\/\/www.eldiario.net\/portal\/"},{"@type":"ListItem","position":2,"name":"Evo Morales sin derecho a una nueva postulaci\u00f3n"}]},{"@type":"WebSite","@id":"https:\/\/www.eldiario.net\/portal\/#website","url":"https:\/\/www.eldiario.net\/portal\/","name":"El Diario - Decano de la prensa nacional","description":"El Diario - Decano de la prensa nacional","publisher":{"@id":"https:\/\/www.eldiario.net\/portal\/#organization"},"potentialAction":[{"@type":"SearchAction","target":{"@type":"EntryPoint","urlTemplate":"https:\/\/www.eldiario.net\/portal\/?s={search_term_string}"},"query-input":{"@type":"PropertyValueSpecification","valueRequired":true,"valueName":"search_term_string"}}],"inLanguage":"es"},{"@type":"Organization","@id":"https:\/\/www.eldiario.net\/portal\/#organization","name":"El Diario - Decano de la prensa nacional","url":"https:\/\/www.eldiario.net\/portal\/","logo":{"@type":"ImageObject","inLanguage":"es","@id":"https:\/\/www.eldiario.net\/portal\/#\/schema\/logo\/image\/","url":"https:\/\/www.eldiario.net\/portal\/wp-content\/uploads\/2023\/07\/logo_ED.jpg","contentUrl":"https:\/\/www.eldiario.net\/portal\/wp-content\/uploads\/2023\/07\/logo_ED.jpg","width":272,"height":52,"caption":"El Diario - Decano de la prensa nacional"},"image":{"@id":"https:\/\/www.eldiario.net\/portal\/#\/schema\/logo\/image\/"},"sameAs":["https:\/\/www.facebook.com\/eldiario.bolivia\/","https:\/\/x.com\/eldiario_net"]},{"@type":"Person","@id":"https:\/\/www.eldiario.net\/portal\/#\/schema\/person\/f46445640444750d7d753ccd04ae01b7","name":"Jeanette","image":{"@type":"ImageObject","inLanguage":"es","@id":"https:\/\/secure.gravatar.com\/avatar\/3ea2118a5f7dad2b7138b1187a6b7ee55f160b9968b66013c3a3ef39dd7e5798?s=96&d=mm&r=g","url":"https:\/\/secure.gravatar.com\/avatar\/3ea2118a5f7dad2b7138b1187a6b7ee55f160b9968b66013c3a3ef39dd7e5798?s=96&d=mm&r=g","contentUrl":"https:\/\/secure.gravatar.com\/avatar\/3ea2118a5f7dad2b7138b1187a6b7ee55f160b9968b66013c3a3ef39dd7e5798?s=96&d=mm&r=g","caption":"Jeanette"},"sameAs":["https:\/\/www.eldiario.net\/portal"],"url":"https:\/\/www.eldiario.net\/portal\/author\/jeanette\/"}]}},"_links":{"self":[{"href":"https:\/\/www.eldiario.net\/portal\/wp-json\/wp\/v2\/posts\/198014","targetHints":{"allow":["GET"]}}],"collection":[{"href":"https:\/\/www.eldiario.net\/portal\/wp-json\/wp\/v2\/posts"}],"about":[{"href":"https:\/\/www.eldiario.net\/portal\/wp-json\/wp\/v2\/types\/post"}],"author":[{"embeddable":true,"href":"https:\/\/www.eldiario.net\/portal\/wp-json\/wp\/v2\/users\/1"}],"replies":[{"embeddable":true,"href":"https:\/\/www.eldiario.net\/portal\/wp-json\/wp\/v2\/comments?post=198014"}],"version-history":[{"count":1,"href":"https:\/\/www.eldiario.net\/portal\/wp-json\/wp\/v2\/posts\/198014\/revisions"}],"predecessor-version":[{"id":198016,"href":"https:\/\/www.eldiario.net\/portal\/wp-json\/wp\/v2\/posts\/198014\/revisions\/198016"}],"wp:featuredmedia":[{"embeddable":true,"href":"https:\/\/www.eldiario.net\/portal\/wp-json\/wp\/v2\/media\/198015"}],"wp:attachment":[{"href":"https:\/\/www.eldiario.net\/portal\/wp-json\/wp\/v2\/media?parent=198014"}],"wp:term":[{"taxonomy":"category","embeddable":true,"href":"https:\/\/www.eldiario.net\/portal\/wp-json\/wp\/v2\/categories?post=198014"},{"taxonomy":"post_tag","embeddable":true,"href":"https:\/\/www.eldiario.net\/portal\/wp-json\/wp\/v2\/tags?post=198014"}],"curies":[{"name":"wp","href":"https:\/\/api.w.org\/{rel}","templated":true}]}}