{"id":198011,"date":"2024-01-17T06:17:46","date_gmt":"2024-01-17T10:17:46","guid":{"rendered":"https:\/\/www.eldiario.net\/portal\/?p=198011"},"modified":"2024-01-17T06:17:46","modified_gmt":"2024-01-17T10:17:46","slug":"dan-tres-dias-para-informar-sobre-suplencia-de-camacho","status":"publish","type":"post","link":"https:\/\/www.eldiario.net\/portal\/2024\/01\/17\/dan-tres-dias-para-informar-sobre-suplencia-de-camacho\/","title":{"rendered":"Dan tres d\u00edas para informar sobre suplencia de Camacho"},"content":{"rendered":"<p>Dos vocales de la Sala Constitucional del Tribunal Departamental de Santa Cruz pidieron al presidente de la Asamblea Legislativa Departamental (ALD), Zvonko Matkovic, y al vicegobernador, Mario Aguilera, que emitan un informe sobre el cumplimento de la sentencia constitucional sobre la suplencia en la Gobernaci\u00f3n.<br \/>\nEl memorial da un plazo de tres d\u00edas para que el presidente de la Asamblea Legislativa Departamental (ALD) de Santa Cruz, Zvonko Matkovic, y el vicegobernador, Mario Aguilera, se pronuncien sobre la sentencia del Tribunal Constitucional Plurinacional (TCP) referida a la suplencia.<br \/>\nAmbas autoridades fueron notificadas ayer, despu\u00e9s de que la bancada del Movimiento al Socialismo (MAS) presentara un memorial de queja para que el oficialismo departamental acate esta determinaci\u00f3n.<br \/>\n\u201cSe corre en traslado a los terceros interesados para que pudieran pronunciarse en el t\u00e9rmino de 3 d\u00edas\u201d, se\u00f1ala el documento, acotando que tambi\u00e9n se acompa\u00f1en los descargos con las respectivas pruebas.<br \/>\nMatkovic confirm\u00f3 que activ\u00f3 un procedimiento legislativo enmarcado en la Ley Departamental 293 para promover la suplencia temporal del Gobernador, el cual fue remitido a la Comisi\u00f3n de Constituci\u00f3n de la ALD, documento que una vez analizado debe derivarse al pleno de esta instancia departamental.<br \/>\nCAMACHO<br \/>\nEl Juzgado Primero de Anticorrupci\u00f3n de La Paz rechaz\u00f3 ayer la solicitud de vencimiento de plazo, ante la solicitud de ampliaci\u00f3n a la detenci\u00f3n preventiva del gobernador de Santa Cruz, Luis Fernando Camacho, en el penal de Chonchocoro por el caso de los 36 d\u00edas del paro por el Censo.<br \/>\nEl juez se\u00f1al\u00f3 que acept\u00f3 la ampliaci\u00f3n a la detenci\u00f3n preventiva solicitada en este caso hasta el 27 de febrero y fij\u00f3 para el mismo d\u00eda, a las 11:00 horas, una nueva audiencia en donde se deber\u00e1 considerar nuevamente la libertad del Gobernador. (Santa Cruz, La Paz, EL DIARIO y agencias)<\/p>\n","protected":false},"excerpt":{"rendered":"<p>Dos vocales de la Sala Constitucional del Tribunal Departamental de Santa Cruz pidieron al presidente de la Asamblea Legislativa Departamental (ALD), Zvonko Matkovic, y al vicegobernador, Mario Aguilera, que emitan un informe sobre el cumplimento de la sentencia constitucional sobre la suplencia en la Gobernaci\u00f3n. El memorial da un plazo de tres d\u00edas para que [&hellip;]<\/p>\n","protected":false},"author":1,"featured_media":198012,"comment_status":"open","ping_status":"open","sticky":false,"template":"","format":"standard","meta":{"_acf_changed":false,"footnotes":""},"categories":[15],"tags":[],"class_list":["post-198011","post","type-post","status-publish","format-standard","has-post-thumbnail","category-portada"],"acf":{"antetitulo":"Aumenta presi\u00f3n del MAS"},"yoast_head":"<!-- This site is optimized with the Yoast SEO plugin v28.3 - https:\/\/yoast.com\/product\/yoast-seo-wordpress\/ -->\n<title>Dan tres d\u00edas para informar sobre suplencia de Camacho - El Diario - Bolivia<\/title>\n<meta name=\"robots\" content=\"index, follow, max-snippet:-1, max-image-preview:large, max-video-preview:-1\" \/>\n<link rel=\"canonical\" href=\"https:\/\/www.eldiario.net\/portal\/2024\/01\/17\/dan-tres-dias-para-informar-sobre-suplencia-de-camacho\/\" \/>\n<meta property=\"og:locale\" content=\"es_ES\" \/>\n<meta property=\"og:type\" content=\"article\" \/>\n<meta property=\"og:title\" content=\"Dan tres d\u00edas para informar sobre suplencia de Camacho - El Diario - Bolivia\" \/>\n<meta property=\"og:description\" content=\"Dos vocales de la Sala Constitucional del Tribunal Departamental de Santa Cruz pidieron al presidente de la Asamblea Legislativa Departamental (ALD), Zvonko Matkovic, y al vicegobernador, Mario Aguilera, que emitan un informe sobre el cumplimento de la sentencia constitucional sobre la suplencia en la Gobernaci\u00f3n. El memorial da un plazo de tres d\u00edas para que [&hellip;]\" \/>\n<meta property=\"og:url\" content=\"https:\/\/www.eldiario.net\/portal\/2024\/01\/17\/dan-tres-dias-para-informar-sobre-suplencia-de-camacho\/\" \/>\n<meta property=\"og:site_name\" content=\"El Diario - Bolivia\" \/>\n<meta property=\"article:publisher\" content=\"https:\/\/www.facebook.com\/eldiario.bolivia\/\" \/>\n<meta property=\"article:published_time\" content=\"2024-01-17T10:17:46+00:00\" \/>\n<meta property=\"og:image\" content=\"https:\/\/www.eldiario.net\/portal\/wp-content\/uploads\/2024\/01\/P-2-3.jpg\" \/>\n\t<meta property=\"og:image:width\" content=\"965\" \/>\n\t<meta property=\"og:image:height\" content=\"547\" \/>\n\t<meta property=\"og:image:type\" content=\"image\/jpeg\" \/>\n<meta name=\"author\" content=\"Jeanette\" \/>\n<meta name=\"twitter:card\" content=\"summary_large_image\" \/>\n<meta name=\"twitter:creator\" content=\"@eldiario_net\" \/>\n<meta name=\"twitter:site\" content=\"@eldiario_net\" \/>\n<meta name=\"twitter:label1\" content=\"Escrito por\" \/>\n\t<meta name=\"twitter:data1\" content=\"Jeanette\" \/>\n\t<meta name=\"twitter:label2\" content=\"Tiempo de lectura\" \/>\n\t<meta name=\"twitter:data2\" content=\"2 minutos\" \/>\n<script type=\"application\/ld+json\" class=\"yoast-schema-graph\">{\"@context\":\"https:\\\/\\\/schema.org\",\"@graph\":[{\"@type\":\"Article\",\"@id\":\"https:\\\/\\\/www.eldiario.net\\\/portal\\\/2024\\\/01\\\/17\\\/dan-tres-dias-para-informar-sobre-suplencia-de-camacho\\\/#article\",\"isPartOf\":{\"@id\":\"https:\\\/\\\/www.eldiario.net\\\/portal\\\/2024\\\/01\\\/17\\\/dan-tres-dias-para-informar-sobre-suplencia-de-camacho\\\/\"},\"author\":{\"name\":\"Jeanette\",\"@id\":\"https:\\\/\\\/www.eldiario.net\\\/portal\\\/#\\\/schema\\\/person\\\/f46445640444750d7d753ccd04ae01b7\"},\"headline\":\"Dan tres d\u00edas para informar sobre suplencia de Camacho\",\"datePublished\":\"2024-01-17T10:17:46+00:00\",\"mainEntityOfPage\":{\"@id\":\"https:\\\/\\\/www.eldiario.net\\\/portal\\\/2024\\\/01\\\/17\\\/dan-tres-dias-para-informar-sobre-suplencia-de-camacho\\\/\"},\"wordCount\":318,\"commentCount\":0,\"publisher\":{\"@id\":\"https:\\\/\\\/www.eldiario.net\\\/portal\\\/#organization\"},\"image\":{\"@id\":\"https:\\\/\\\/www.eldiario.net\\\/portal\\\/2024\\\/01\\\/17\\\/dan-tres-dias-para-informar-sobre-suplencia-de-camacho\\\/#primaryimage\"},\"thumbnailUrl\":\"https:\\\/\\\/www.eldiario.net\\\/portal\\\/wp-content\\\/uploads\\\/2024\\\/01\\\/P-2-3.jpg\",\"articleSection\":[\"Portada\"],\"inLanguage\":\"es\",\"potentialAction\":[{\"@type\":\"CommentAction\",\"name\":\"Comment\",\"target\":[\"https:\\\/\\\/www.eldiario.net\\\/portal\\\/2024\\\/01\\\/17\\\/dan-tres-dias-para-informar-sobre-suplencia-de-camacho\\\/#respond\"]}]},{\"@type\":\"WebPage\",\"@id\":\"https:\\\/\\\/www.eldiario.net\\\/portal\\\/2024\\\/01\\\/17\\\/dan-tres-dias-para-informar-sobre-suplencia-de-camacho\\\/\",\"url\":\"https:\\\/\\\/www.eldiario.net\\\/portal\\\/2024\\\/01\\\/17\\\/dan-tres-dias-para-informar-sobre-suplencia-de-camacho\\\/\",\"name\":\"Dan tres d\u00edas para informar sobre suplencia de Camacho - El Diario - Bolivia\",\"isPartOf\":{\"@id\":\"https:\\\/\\\/www.eldiario.net\\\/portal\\\/#website\"},\"primaryImageOfPage\":{\"@id\":\"https:\\\/\\\/www.eldiario.net\\\/portal\\\/2024\\\/01\\\/17\\\/dan-tres-dias-para-informar-sobre-suplencia-de-camacho\\\/#primaryimage\"},\"image\":{\"@id\":\"https:\\\/\\\/www.eldiario.net\\\/portal\\\/2024\\\/01\\\/17\\\/dan-tres-dias-para-informar-sobre-suplencia-de-camacho\\\/#primaryimage\"},\"thumbnailUrl\":\"https:\\\/\\\/www.eldiario.net\\\/portal\\\/wp-content\\\/uploads\\\/2024\\\/01\\\/P-2-3.jpg\",\"datePublished\":\"2024-01-17T10:17:46+00:00\",\"breadcrumb\":{\"@id\":\"https:\\\/\\\/www.eldiario.net\\\/portal\\\/2024\\\/01\\\/17\\\/dan-tres-dias-para-informar-sobre-suplencia-de-camacho\\\/#breadcrumb\"},\"inLanguage\":\"es\",\"potentialAction\":[{\"@type\":\"ReadAction\",\"target\":[\"https:\\\/\\\/www.eldiario.net\\\/portal\\\/2024\\\/01\\\/17\\\/dan-tres-dias-para-informar-sobre-suplencia-de-camacho\\\/\"]}]},{\"@type\":\"ImageObject\",\"inLanguage\":\"es\",\"@id\":\"https:\\\/\\\/www.eldiario.net\\\/portal\\\/2024\\\/01\\\/17\\\/dan-tres-dias-para-informar-sobre-suplencia-de-camacho\\\/#primaryimage\",\"url\":\"https:\\\/\\\/www.eldiario.net\\\/portal\\\/wp-content\\\/uploads\\\/2024\\\/01\\\/P-2-3.jpg\",\"contentUrl\":\"https:\\\/\\\/www.eldiario.net\\\/portal\\\/wp-content\\\/uploads\\\/2024\\\/01\\\/P-2-3.jpg\",\"width\":965,\"height\":547,\"caption\":\"Luis Fernando Camacho.\"},{\"@type\":\"BreadcrumbList\",\"@id\":\"https:\\\/\\\/www.eldiario.net\\\/portal\\\/2024\\\/01\\\/17\\\/dan-tres-dias-para-informar-sobre-suplencia-de-camacho\\\/#breadcrumb\",\"itemListElement\":[{\"@type\":\"ListItem\",\"position\":1,\"name\":\"Portada\",\"item\":\"https:\\\/\\\/www.eldiario.net\\\/portal\\\/\"},{\"@type\":\"ListItem\",\"position\":2,\"name\":\"Dan tres d\u00edas para informar sobre suplencia de Camacho\"}]},{\"@type\":\"WebSite\",\"@id\":\"https:\\\/\\\/www.eldiario.net\\\/portal\\\/#website\",\"url\":\"https:\\\/\\\/www.eldiario.net\\\/portal\\\/\",\"name\":\"El Diario - Decano de la prensa nacional\",\"description\":\"El Diario - Decano de la prensa nacional\",\"publisher\":{\"@id\":\"https:\\\/\\\/www.eldiario.net\\\/portal\\\/#organization\"},\"potentialAction\":[{\"@type\":\"SearchAction\",\"target\":{\"@type\":\"EntryPoint\",\"urlTemplate\":\"https:\\\/\\\/www.eldiario.net\\\/portal\\\/?s={search_term_string}\"},\"query-input\":{\"@type\":\"PropertyValueSpecification\",\"valueRequired\":true,\"valueName\":\"search_term_string\"}}],\"inLanguage\":\"es\"},{\"@type\":\"Organization\",\"@id\":\"https:\\\/\\\/www.eldiario.net\\\/portal\\\/#organization\",\"name\":\"El Diario - Decano de la prensa nacional\",\"url\":\"https:\\\/\\\/www.eldiario.net\\\/portal\\\/\",\"logo\":{\"@type\":\"ImageObject\",\"inLanguage\":\"es\",\"@id\":\"https:\\\/\\\/www.eldiario.net\\\/portal\\\/#\\\/schema\\\/logo\\\/image\\\/\",\"url\":\"https:\\\/\\\/www.eldiario.net\\\/portal\\\/wp-content\\\/uploads\\\/2023\\\/07\\\/logo_ED.jpg\",\"contentUrl\":\"https:\\\/\\\/www.eldiario.net\\\/portal\\\/wp-content\\\/uploads\\\/2023\\\/07\\\/logo_ED.jpg\",\"width\":272,\"height\":52,\"caption\":\"El Diario - Decano de la prensa nacional\"},\"image\":{\"@id\":\"https:\\\/\\\/www.eldiario.net\\\/portal\\\/#\\\/schema\\\/logo\\\/image\\\/\"},\"sameAs\":[\"https:\\\/\\\/www.facebook.com\\\/eldiario.bolivia\\\/\",\"https:\\\/\\\/x.com\\\/eldiario_net\"]},{\"@type\":\"Person\",\"@id\":\"https:\\\/\\\/www.eldiario.net\\\/portal\\\/#\\\/schema\\\/person\\\/f46445640444750d7d753ccd04ae01b7\",\"name\":\"Jeanette\",\"image\":{\"@type\":\"ImageObject\",\"inLanguage\":\"es\",\"@id\":\"https:\\\/\\\/secure.gravatar.com\\\/avatar\\\/3ea2118a5f7dad2b7138b1187a6b7ee55f160b9968b66013c3a3ef39dd7e5798?s=96&d=mm&r=g\",\"url\":\"https:\\\/\\\/secure.gravatar.com\\\/avatar\\\/3ea2118a5f7dad2b7138b1187a6b7ee55f160b9968b66013c3a3ef39dd7e5798?s=96&d=mm&r=g\",\"contentUrl\":\"https:\\\/\\\/secure.gravatar.com\\\/avatar\\\/3ea2118a5f7dad2b7138b1187a6b7ee55f160b9968b66013c3a3ef39dd7e5798?s=96&d=mm&r=g\",\"caption\":\"Jeanette\"},\"sameAs\":[\"https:\\\/\\\/www.eldiario.net\\\/portal\"],\"url\":\"https:\\\/\\\/www.eldiario.net\\\/portal\\\/author\\\/jeanette\\\/\"}]}<\/script>\n<!-- \/ Yoast SEO plugin. -->","yoast_head_json":{"title":"Dan tres d\u00edas para informar sobre suplencia de Camacho - El Diario - Bolivia","robots":{"index":"index","follow":"follow","max-snippet":"max-snippet:-1","max-image-preview":"max-image-preview:large","max-video-preview":"max-video-preview:-1"},"canonical":"https:\/\/www.eldiario.net\/portal\/2024\/01\/17\/dan-tres-dias-para-informar-sobre-suplencia-de-camacho\/","og_locale":"es_ES","og_type":"article","og_title":"Dan tres d\u00edas para informar sobre suplencia de Camacho - El Diario - Bolivia","og_description":"Dos vocales de la Sala Constitucional del Tribunal Departamental de Santa Cruz pidieron al presidente de la Asamblea Legislativa Departamental (ALD), Zvonko Matkovic, y al vicegobernador, Mario Aguilera, que emitan un informe sobre el cumplimento de la sentencia constitucional sobre la suplencia en la Gobernaci\u00f3n. El memorial da un plazo de tres d\u00edas para que [&hellip;]","og_url":"https:\/\/www.eldiario.net\/portal\/2024\/01\/17\/dan-tres-dias-para-informar-sobre-suplencia-de-camacho\/","og_site_name":"El Diario - Bolivia","article_publisher":"https:\/\/www.facebook.com\/eldiario.bolivia\/","article_published_time":"2024-01-17T10:17:46+00:00","og_image":[{"width":965,"height":547,"url":"https:\/\/www.eldiario.net\/portal\/wp-content\/uploads\/2024\/01\/P-2-3.jpg","type":"image\/jpeg"}],"author":"Jeanette","twitter_card":"summary_large_image","twitter_creator":"@eldiario_net","twitter_site":"@eldiario_net","twitter_misc":{"Escrito por":"Jeanette","Tiempo de lectura":"2 minutos"},"schema":{"@context":"https:\/\/schema.org","@graph":[{"@type":"Article","@id":"https:\/\/www.eldiario.net\/portal\/2024\/01\/17\/dan-tres-dias-para-informar-sobre-suplencia-de-camacho\/#article","isPartOf":{"@id":"https:\/\/www.eldiario.net\/portal\/2024\/01\/17\/dan-tres-dias-para-informar-sobre-suplencia-de-camacho\/"},"author":{"name":"Jeanette","@id":"https:\/\/www.eldiario.net\/portal\/#\/schema\/person\/f46445640444750d7d753ccd04ae01b7"},"headline":"Dan tres d\u00edas para informar sobre suplencia de Camacho","datePublished":"2024-01-17T10:17:46+00:00","mainEntityOfPage":{"@id":"https:\/\/www.eldiario.net\/portal\/2024\/01\/17\/dan-tres-dias-para-informar-sobre-suplencia-de-camacho\/"},"wordCount":318,"commentCount":0,"publisher":{"@id":"https:\/\/www.eldiario.net\/portal\/#organization"},"image":{"@id":"https:\/\/www.eldiario.net\/portal\/2024\/01\/17\/dan-tres-dias-para-informar-sobre-suplencia-de-camacho\/#primaryimage"},"thumbnailUrl":"https:\/\/www.eldiario.net\/portal\/wp-content\/uploads\/2024\/01\/P-2-3.jpg","articleSection":["Portada"],"inLanguage":"es","potentialAction":[{"@type":"CommentAction","name":"Comment","target":["https:\/\/www.eldiario.net\/portal\/2024\/01\/17\/dan-tres-dias-para-informar-sobre-suplencia-de-camacho\/#respond"]}]},{"@type":"WebPage","@id":"https:\/\/www.eldiario.net\/portal\/2024\/01\/17\/dan-tres-dias-para-informar-sobre-suplencia-de-camacho\/","url":"https:\/\/www.eldiario.net\/portal\/2024\/01\/17\/dan-tres-dias-para-informar-sobre-suplencia-de-camacho\/","name":"Dan tres d\u00edas para informar sobre suplencia de Camacho - El Diario - Bolivia","isPartOf":{"@id":"https:\/\/www.eldiario.net\/portal\/#website"},"primaryImageOfPage":{"@id":"https:\/\/www.eldiario.net\/portal\/2024\/01\/17\/dan-tres-dias-para-informar-sobre-suplencia-de-camacho\/#primaryimage"},"image":{"@id":"https:\/\/www.eldiario.net\/portal\/2024\/01\/17\/dan-tres-dias-para-informar-sobre-suplencia-de-camacho\/#primaryimage"},"thumbnailUrl":"https:\/\/www.eldiario.net\/portal\/wp-content\/uploads\/2024\/01\/P-2-3.jpg","datePublished":"2024-01-17T10:17:46+00:00","breadcrumb":{"@id":"https:\/\/www.eldiario.net\/portal\/2024\/01\/17\/dan-tres-dias-para-informar-sobre-suplencia-de-camacho\/#breadcrumb"},"inLanguage":"es","potentialAction":[{"@type":"ReadAction","target":["https:\/\/www.eldiario.net\/portal\/2024\/01\/17\/dan-tres-dias-para-informar-sobre-suplencia-de-camacho\/"]}]},{"@type":"ImageObject","inLanguage":"es","@id":"https:\/\/www.eldiario.net\/portal\/2024\/01\/17\/dan-tres-dias-para-informar-sobre-suplencia-de-camacho\/#primaryimage","url":"https:\/\/www.eldiario.net\/portal\/wp-content\/uploads\/2024\/01\/P-2-3.jpg","contentUrl":"https:\/\/www.eldiario.net\/portal\/wp-content\/uploads\/2024\/01\/P-2-3.jpg","width":965,"height":547,"caption":"Luis Fernando Camacho."},{"@type":"BreadcrumbList","@id":"https:\/\/www.eldiario.net\/portal\/2024\/01\/17\/dan-tres-dias-para-informar-sobre-suplencia-de-camacho\/#breadcrumb","itemListElement":[{"@type":"ListItem","position":1,"name":"Portada","item":"https:\/\/www.eldiario.net\/portal\/"},{"@type":"ListItem","position":2,"name":"Dan tres d\u00edas para informar sobre suplencia de Camacho"}]},{"@type":"WebSite","@id":"https:\/\/www.eldiario.net\/portal\/#website","url":"https:\/\/www.eldiario.net\/portal\/","name":"El Diario - Decano de la prensa nacional","description":"El Diario - Decano de la prensa nacional","publisher":{"@id":"https:\/\/www.eldiario.net\/portal\/#organization"},"potentialAction":[{"@type":"SearchAction","target":{"@type":"EntryPoint","urlTemplate":"https:\/\/www.eldiario.net\/portal\/?s={search_term_string}"},"query-input":{"@type":"PropertyValueSpecification","valueRequired":true,"valueName":"search_term_string"}}],"inLanguage":"es"},{"@type":"Organization","@id":"https:\/\/www.eldiario.net\/portal\/#organization","name":"El Diario - Decano de la prensa nacional","url":"https:\/\/www.eldiario.net\/portal\/","logo":{"@type":"ImageObject","inLanguage":"es","@id":"https:\/\/www.eldiario.net\/portal\/#\/schema\/logo\/image\/","url":"https:\/\/www.eldiario.net\/portal\/wp-content\/uploads\/2023\/07\/logo_ED.jpg","contentUrl":"https:\/\/www.eldiario.net\/portal\/wp-content\/uploads\/2023\/07\/logo_ED.jpg","width":272,"height":52,"caption":"El Diario - Decano de la prensa nacional"},"image":{"@id":"https:\/\/www.eldiario.net\/portal\/#\/schema\/logo\/image\/"},"sameAs":["https:\/\/www.facebook.com\/eldiario.bolivia\/","https:\/\/x.com\/eldiario_net"]},{"@type":"Person","@id":"https:\/\/www.eldiario.net\/portal\/#\/schema\/person\/f46445640444750d7d753ccd04ae01b7","name":"Jeanette","image":{"@type":"ImageObject","inLanguage":"es","@id":"https:\/\/secure.gravatar.com\/avatar\/3ea2118a5f7dad2b7138b1187a6b7ee55f160b9968b66013c3a3ef39dd7e5798?s=96&d=mm&r=g","url":"https:\/\/secure.gravatar.com\/avatar\/3ea2118a5f7dad2b7138b1187a6b7ee55f160b9968b66013c3a3ef39dd7e5798?s=96&d=mm&r=g","contentUrl":"https:\/\/secure.gravatar.com\/avatar\/3ea2118a5f7dad2b7138b1187a6b7ee55f160b9968b66013c3a3ef39dd7e5798?s=96&d=mm&r=g","caption":"Jeanette"},"sameAs":["https:\/\/www.eldiario.net\/portal"],"url":"https:\/\/www.eldiario.net\/portal\/author\/jeanette\/"}]}},"_links":{"self":[{"href":"https:\/\/www.eldiario.net\/portal\/wp-json\/wp\/v2\/posts\/198011","targetHints":{"allow":["GET"]}}],"collection":[{"href":"https:\/\/www.eldiario.net\/portal\/wp-json\/wp\/v2\/posts"}],"about":[{"href":"https:\/\/www.eldiario.net\/portal\/wp-json\/wp\/v2\/types\/post"}],"author":[{"embeddable":true,"href":"https:\/\/www.eldiario.net\/portal\/wp-json\/wp\/v2\/users\/1"}],"replies":[{"embeddable":true,"href":"https:\/\/www.eldiario.net\/portal\/wp-json\/wp\/v2\/comments?post=198011"}],"version-history":[{"count":1,"href":"https:\/\/www.eldiario.net\/portal\/wp-json\/wp\/v2\/posts\/198011\/revisions"}],"predecessor-version":[{"id":198013,"href":"https:\/\/www.eldiario.net\/portal\/wp-json\/wp\/v2\/posts\/198011\/revisions\/198013"}],"wp:featuredmedia":[{"embeddable":true,"href":"https:\/\/www.eldiario.net\/portal\/wp-json\/wp\/v2\/media\/198012"}],"wp:attachment":[{"href":"https:\/\/www.eldiario.net\/portal\/wp-json\/wp\/v2\/media?parent=198011"}],"wp:term":[{"taxonomy":"category","embeddable":true,"href":"https:\/\/www.eldiario.net\/portal\/wp-json\/wp\/v2\/categories?post=198011"},{"taxonomy":"post_tag","embeddable":true,"href":"https:\/\/www.eldiario.net\/portal\/wp-json\/wp\/v2\/tags?post=198011"}],"curies":[{"name":"wp","href":"https:\/\/api.w.org\/{rel}","templated":true}]}}