{"id":197510,"date":"2024-01-14T06:11:07","date_gmt":"2024-01-14T10:11:07","guid":{"rendered":"https:\/\/www.eldiario.net\/portal\/?p=197510"},"modified":"2024-01-14T06:11:07","modified_gmt":"2024-01-14T10:11:07","slug":"el-escalofriante-trailer-y-poster-de-la-pelicula-de-terror-psicologico-de-20th-century-studios-la-primera-profecia-ya-se-encuentran-disponibles","status":"publish","type":"post","link":"https:\/\/www.eldiario.net\/portal\/2024\/01\/14\/el-escalofriante-trailer-y-poster-de-la-pelicula-de-terror-psicologico-de-20th-century-studios-la-primera-profecia-ya-se-encuentran-disponibles\/","title":{"rendered":"El escalofriante tr\u00e1iler y p\u00f3ster de la pel\u00edcula de terror psicol\u00f3gico de 20th Century Studios, La Primera Profec\u00eda, ya se encuentran disponibles"},"content":{"rendered":"<p>La precuela de la cl\u00e1sica franquicia de terror estrena exclusivamente en cines el 4 de abril<br \/>\nYa se pueden ver el tr\u00e1iler y el p\u00f3ster de la pr\u00f3xima pel\u00edcula de terror psicol\u00f3gico de 20th Century Studios, La Primera Profec\u00eda. La pel\u00edcula, que es una precuela de la cl\u00e1sica franquicia de terror, La Profec\u00eda, estrena el 4 de abril de 2024 exclusivamente en cines.<br \/>\nCuando una joven estadounidense es enviada a Roma para comenzar una vida de servicio a la Iglesia, descubre una oscuridad que la lleva a cuestionar su propia fe y devela una conspiraci\u00f3n aterradora que espera provocar el nacimiento de la encarnaci\u00f3n del mal. La Primera Profec\u00eda es protagonizada por Nell Tiger Free (Servant), Tawfeek Barhom (Mar\u00eda Magdalena), Sonia Braga (El beso de la Mujer Ara\u00f1a), Ralph Ineson (El hombre del norte), y Bill Nighy (Living).  <\/p>\n<p>La pel\u00edcula es dirigida por Arkasha Stevenson basada en personajes creados por David Seltzer (La Profec\u00eda), con una historia de Ben Jacoby (Bleed) y guion de Tim Smith &#038; Arkasha Stevenson y Keith Thomas (Llamas de venganza). Los productores son David S. Goyer (Hellraiser) y Keith Levine (La casa oscura), con Tim Smith, Whitney Brown (Rosalina), y Gracie Wheelan como productores ejecutivos.  <\/p>\n","protected":false},"excerpt":{"rendered":"<p>La precuela de la cl\u00e1sica franquicia de terror estrena exclusivamente en cines el 4 de abril Ya se pueden ver el tr\u00e1iler y el p\u00f3ster de la pr\u00f3xima pel\u00edcula de terror psicol\u00f3gico de 20th Century Studios, La Primera Profec\u00eda. La pel\u00edcula, que es una precuela de la cl\u00e1sica franquicia de terror, La Profec\u00eda, estrena el [&hellip;]<\/p>\n","protected":false},"author":1,"featured_media":197511,"comment_status":"open","ping_status":"open","sticky":false,"template":"","format":"standard","meta":{"_acf_changed":false,"footnotes":""},"categories":[45],"tags":[],"class_list":["post-197510","post","type-post","status-publish","format-standard","has-post-thumbnail","category-cine-mundo"],"acf":{"antetitulo":""},"yoast_head":"<!-- This site is optimized with the Yoast SEO plugin v28.3 - https:\/\/yoast.com\/product\/yoast-seo-wordpress\/ -->\n<title>El escalofriante tr\u00e1iler y p\u00f3ster de la pel\u00edcula de terror psicol\u00f3gico de 20th Century Studios, La Primera Profec\u00eda, ya se encuentran disponibles - El Diario - Bolivia<\/title>\n<meta name=\"robots\" content=\"index, follow, max-snippet:-1, max-image-preview:large, max-video-preview:-1\" \/>\n<link rel=\"canonical\" href=\"https:\/\/www.eldiario.net\/portal\/2024\/01\/14\/el-escalofriante-trailer-y-poster-de-la-pelicula-de-terror-psicologico-de-20th-century-studios-la-primera-profecia-ya-se-encuentran-disponibles\/\" \/>\n<meta property=\"og:locale\" content=\"es_ES\" \/>\n<meta property=\"og:type\" content=\"article\" \/>\n<meta property=\"og:title\" content=\"El escalofriante tr\u00e1iler y p\u00f3ster de la pel\u00edcula de terror psicol\u00f3gico de 20th Century Studios, La Primera Profec\u00eda, ya se encuentran disponibles - El Diario - Bolivia\" \/>\n<meta property=\"og:description\" content=\"La precuela de la cl\u00e1sica franquicia de terror estrena exclusivamente en cines el 4 de abril Ya se pueden ver el tr\u00e1iler y el p\u00f3ster de la pr\u00f3xima pel\u00edcula de terror psicol\u00f3gico de 20th Century Studios, La Primera Profec\u00eda. La pel\u00edcula, que es una precuela de la cl\u00e1sica franquicia de terror, La Profec\u00eda, estrena el [&hellip;]\" \/>\n<meta property=\"og:url\" content=\"https:\/\/www.eldiario.net\/portal\/2024\/01\/14\/el-escalofriante-trailer-y-poster-de-la-pelicula-de-terror-psicologico-de-20th-century-studios-la-primera-profecia-ya-se-encuentran-disponibles\/\" \/>\n<meta property=\"og:site_name\" content=\"El Diario - Bolivia\" \/>\n<meta property=\"article:publisher\" content=\"https:\/\/www.facebook.com\/eldiario.bolivia\/\" \/>\n<meta property=\"article:published_time\" content=\"2024-01-14T10:11:07+00:00\" \/>\n<meta property=\"og:image\" content=\"https:\/\/www.eldiario.net\/portal\/wp-content\/uploads\/2024\/01\/El-escalofriante-trailer-y-poster-de-la-pelicula-de-terror-psicologico-de-20th-Century-Studios-La-Primera-Profecia-ya-se-encuentran-disponibles-scaled.jpeg\" \/>\n\t<meta property=\"og:image:width\" content=\"2560\" \/>\n\t<meta property=\"og:image:height\" content=\"1385\" \/>\n\t<meta property=\"og:image:type\" content=\"image\/jpeg\" \/>\n<meta name=\"author\" content=\"Jeanette\" \/>\n<meta name=\"twitter:card\" content=\"summary_large_image\" \/>\n<meta name=\"twitter:creator\" content=\"@eldiario_net\" \/>\n<meta name=\"twitter:site\" content=\"@eldiario_net\" \/>\n<meta name=\"twitter:label1\" content=\"Escrito por\" \/>\n\t<meta name=\"twitter:data1\" content=\"Jeanette\" \/>\n\t<meta name=\"twitter:label2\" content=\"Tiempo de lectura\" \/>\n\t<meta name=\"twitter:data2\" content=\"1 minuto\" \/>\n<script type=\"application\/ld+json\" class=\"yoast-schema-graph\">{\"@context\":\"https:\\\/\\\/schema.org\",\"@graph\":[{\"@type\":\"Article\",\"@id\":\"https:\\\/\\\/www.eldiario.net\\\/portal\\\/2024\\\/01\\\/14\\\/el-escalofriante-trailer-y-poster-de-la-pelicula-de-terror-psicologico-de-20th-century-studios-la-primera-profecia-ya-se-encuentran-disponibles\\\/#article\",\"isPartOf\":{\"@id\":\"https:\\\/\\\/www.eldiario.net\\\/portal\\\/2024\\\/01\\\/14\\\/el-escalofriante-trailer-y-poster-de-la-pelicula-de-terror-psicologico-de-20th-century-studios-la-primera-profecia-ya-se-encuentran-disponibles\\\/\"},\"author\":{\"name\":\"Jeanette\",\"@id\":\"https:\\\/\\\/www.eldiario.net\\\/portal\\\/#\\\/schema\\\/person\\\/f46445640444750d7d753ccd04ae01b7\"},\"headline\":\"El escalofriante tr\u00e1iler y p\u00f3ster de la pel\u00edcula de terror psicol\u00f3gico de 20th Century Studios, La Primera Profec\u00eda, ya se encuentran disponibles\",\"datePublished\":\"2024-01-14T10:11:07+00:00\",\"mainEntityOfPage\":{\"@id\":\"https:\\\/\\\/www.eldiario.net\\\/portal\\\/2024\\\/01\\\/14\\\/el-escalofriante-trailer-y-poster-de-la-pelicula-de-terror-psicologico-de-20th-century-studios-la-primera-profecia-ya-se-encuentran-disponibles\\\/\"},\"wordCount\":240,\"commentCount\":0,\"publisher\":{\"@id\":\"https:\\\/\\\/www.eldiario.net\\\/portal\\\/#organization\"},\"image\":{\"@id\":\"https:\\\/\\\/www.eldiario.net\\\/portal\\\/2024\\\/01\\\/14\\\/el-escalofriante-trailer-y-poster-de-la-pelicula-de-terror-psicologico-de-20th-century-studios-la-primera-profecia-ya-se-encuentran-disponibles\\\/#primaryimage\"},\"thumbnailUrl\":\"https:\\\/\\\/www.eldiario.net\\\/portal\\\/wp-content\\\/uploads\\\/2024\\\/01\\\/El-escalofriante-trailer-y-poster-de-la-pelicula-de-terror-psicologico-de-20th-Century-Studios-La-Primera-Profecia-ya-se-encuentran-disponibles-scaled.jpeg\",\"articleSection\":[\"Cine Mundo\"],\"inLanguage\":\"es\",\"potentialAction\":[{\"@type\":\"CommentAction\",\"name\":\"Comment\",\"target\":[\"https:\\\/\\\/www.eldiario.net\\\/portal\\\/2024\\\/01\\\/14\\\/el-escalofriante-trailer-y-poster-de-la-pelicula-de-terror-psicologico-de-20th-century-studios-la-primera-profecia-ya-se-encuentran-disponibles\\\/#respond\"]}]},{\"@type\":\"WebPage\",\"@id\":\"https:\\\/\\\/www.eldiario.net\\\/portal\\\/2024\\\/01\\\/14\\\/el-escalofriante-trailer-y-poster-de-la-pelicula-de-terror-psicologico-de-20th-century-studios-la-primera-profecia-ya-se-encuentran-disponibles\\\/\",\"url\":\"https:\\\/\\\/www.eldiario.net\\\/portal\\\/2024\\\/01\\\/14\\\/el-escalofriante-trailer-y-poster-de-la-pelicula-de-terror-psicologico-de-20th-century-studios-la-primera-profecia-ya-se-encuentran-disponibles\\\/\",\"name\":\"El escalofriante tr\u00e1iler y p\u00f3ster de la pel\u00edcula de terror psicol\u00f3gico de 20th Century Studios, La Primera Profec\u00eda, ya se encuentran disponibles - El Diario - Bolivia\",\"isPartOf\":{\"@id\":\"https:\\\/\\\/www.eldiario.net\\\/portal\\\/#website\"},\"primaryImageOfPage\":{\"@id\":\"https:\\\/\\\/www.eldiario.net\\\/portal\\\/2024\\\/01\\\/14\\\/el-escalofriante-trailer-y-poster-de-la-pelicula-de-terror-psicologico-de-20th-century-studios-la-primera-profecia-ya-se-encuentran-disponibles\\\/#primaryimage\"},\"image\":{\"@id\":\"https:\\\/\\\/www.eldiario.net\\\/portal\\\/2024\\\/01\\\/14\\\/el-escalofriante-trailer-y-poster-de-la-pelicula-de-terror-psicologico-de-20th-century-studios-la-primera-profecia-ya-se-encuentran-disponibles\\\/#primaryimage\"},\"thumbnailUrl\":\"https:\\\/\\\/www.eldiario.net\\\/portal\\\/wp-content\\\/uploads\\\/2024\\\/01\\\/El-escalofriante-trailer-y-poster-de-la-pelicula-de-terror-psicologico-de-20th-Century-Studios-La-Primera-Profecia-ya-se-encuentran-disponibles-scaled.jpeg\",\"datePublished\":\"2024-01-14T10:11:07+00:00\",\"breadcrumb\":{\"@id\":\"https:\\\/\\\/www.eldiario.net\\\/portal\\\/2024\\\/01\\\/14\\\/el-escalofriante-trailer-y-poster-de-la-pelicula-de-terror-psicologico-de-20th-century-studios-la-primera-profecia-ya-se-encuentran-disponibles\\\/#breadcrumb\"},\"inLanguage\":\"es\",\"potentialAction\":[{\"@type\":\"ReadAction\",\"target\":[\"https:\\\/\\\/www.eldiario.net\\\/portal\\\/2024\\\/01\\\/14\\\/el-escalofriante-trailer-y-poster-de-la-pelicula-de-terror-psicologico-de-20th-century-studios-la-primera-profecia-ya-se-encuentran-disponibles\\\/\"]}]},{\"@type\":\"ImageObject\",\"inLanguage\":\"es\",\"@id\":\"https:\\\/\\\/www.eldiario.net\\\/portal\\\/2024\\\/01\\\/14\\\/el-escalofriante-trailer-y-poster-de-la-pelicula-de-terror-psicologico-de-20th-century-studios-la-primera-profecia-ya-se-encuentran-disponibles\\\/#primaryimage\",\"url\":\"https:\\\/\\\/www.eldiario.net\\\/portal\\\/wp-content\\\/uploads\\\/2024\\\/01\\\/El-escalofriante-trailer-y-poster-de-la-pelicula-de-terror-psicologico-de-20th-Century-Studios-La-Primera-Profecia-ya-se-encuentran-disponibles-scaled.jpeg\",\"contentUrl\":\"https:\\\/\\\/www.eldiario.net\\\/portal\\\/wp-content\\\/uploads\\\/2024\\\/01\\\/El-escalofriante-trailer-y-poster-de-la-pelicula-de-terror-psicologico-de-20th-Century-Studios-La-Primera-Profecia-ya-se-encuentran-disponibles-scaled.jpeg\",\"width\":2560,\"height\":1385,\"caption\":\"A scene from 20th Century Studios' THE FIRST OMEN. Photo courtesy of 20th Century Studios. \u00a9 2024 20th Century Studios. All Rights Reserved.\"},{\"@type\":\"BreadcrumbList\",\"@id\":\"https:\\\/\\\/www.eldiario.net\\\/portal\\\/2024\\\/01\\\/14\\\/el-escalofriante-trailer-y-poster-de-la-pelicula-de-terror-psicologico-de-20th-century-studios-la-primera-profecia-ya-se-encuentran-disponibles\\\/#breadcrumb\",\"itemListElement\":[{\"@type\":\"ListItem\",\"position\":1,\"name\":\"Portada\",\"item\":\"https:\\\/\\\/www.eldiario.net\\\/portal\\\/\"},{\"@type\":\"ListItem\",\"position\":2,\"name\":\"El escalofriante tr\u00e1iler y p\u00f3ster de la pel\u00edcula de terror psicol\u00f3gico de 20th Century Studios, La Primera Profec\u00eda, ya se encuentran disponibles\"}]},{\"@type\":\"WebSite\",\"@id\":\"https:\\\/\\\/www.eldiario.net\\\/portal\\\/#website\",\"url\":\"https:\\\/\\\/www.eldiario.net\\\/portal\\\/\",\"name\":\"El Diario - Decano de la prensa nacional\",\"description\":\"El Diario - Decano de la prensa nacional\",\"publisher\":{\"@id\":\"https:\\\/\\\/www.eldiario.net\\\/portal\\\/#organization\"},\"potentialAction\":[{\"@type\":\"SearchAction\",\"target\":{\"@type\":\"EntryPoint\",\"urlTemplate\":\"https:\\\/\\\/www.eldiario.net\\\/portal\\\/?s={search_term_string}\"},\"query-input\":{\"@type\":\"PropertyValueSpecification\",\"valueRequired\":true,\"valueName\":\"search_term_string\"}}],\"inLanguage\":\"es\"},{\"@type\":\"Organization\",\"@id\":\"https:\\\/\\\/www.eldiario.net\\\/portal\\\/#organization\",\"name\":\"El Diario - Decano de la prensa nacional\",\"url\":\"https:\\\/\\\/www.eldiario.net\\\/portal\\\/\",\"logo\":{\"@type\":\"ImageObject\",\"inLanguage\":\"es\",\"@id\":\"https:\\\/\\\/www.eldiario.net\\\/portal\\\/#\\\/schema\\\/logo\\\/image\\\/\",\"url\":\"https:\\\/\\\/www.eldiario.net\\\/portal\\\/wp-content\\\/uploads\\\/2023\\\/07\\\/logo_ED.jpg\",\"contentUrl\":\"https:\\\/\\\/www.eldiario.net\\\/portal\\\/wp-content\\\/uploads\\\/2023\\\/07\\\/logo_ED.jpg\",\"width\":272,\"height\":52,\"caption\":\"El Diario - Decano de la prensa nacional\"},\"image\":{\"@id\":\"https:\\\/\\\/www.eldiario.net\\\/portal\\\/#\\\/schema\\\/logo\\\/image\\\/\"},\"sameAs\":[\"https:\\\/\\\/www.facebook.com\\\/eldiario.bolivia\\\/\",\"https:\\\/\\\/x.com\\\/eldiario_net\"]},{\"@type\":\"Person\",\"@id\":\"https:\\\/\\\/www.eldiario.net\\\/portal\\\/#\\\/schema\\\/person\\\/f46445640444750d7d753ccd04ae01b7\",\"name\":\"Jeanette\",\"image\":{\"@type\":\"ImageObject\",\"inLanguage\":\"es\",\"@id\":\"https:\\\/\\\/secure.gravatar.com\\\/avatar\\\/3ea2118a5f7dad2b7138b1187a6b7ee55f160b9968b66013c3a3ef39dd7e5798?s=96&d=mm&r=g\",\"url\":\"https:\\\/\\\/secure.gravatar.com\\\/avatar\\\/3ea2118a5f7dad2b7138b1187a6b7ee55f160b9968b66013c3a3ef39dd7e5798?s=96&d=mm&r=g\",\"contentUrl\":\"https:\\\/\\\/secure.gravatar.com\\\/avatar\\\/3ea2118a5f7dad2b7138b1187a6b7ee55f160b9968b66013c3a3ef39dd7e5798?s=96&d=mm&r=g\",\"caption\":\"Jeanette\"},\"sameAs\":[\"https:\\\/\\\/www.eldiario.net\\\/portal\"],\"url\":\"https:\\\/\\\/www.eldiario.net\\\/portal\\\/author\\\/jeanette\\\/\"}]}<\/script>\n<!-- \/ Yoast SEO plugin. -->","yoast_head_json":{"title":"El escalofriante tr\u00e1iler y p\u00f3ster de la pel\u00edcula de terror psicol\u00f3gico de 20th Century Studios, La Primera Profec\u00eda, ya se encuentran disponibles - El Diario - Bolivia","robots":{"index":"index","follow":"follow","max-snippet":"max-snippet:-1","max-image-preview":"max-image-preview:large","max-video-preview":"max-video-preview:-1"},"canonical":"https:\/\/www.eldiario.net\/portal\/2024\/01\/14\/el-escalofriante-trailer-y-poster-de-la-pelicula-de-terror-psicologico-de-20th-century-studios-la-primera-profecia-ya-se-encuentran-disponibles\/","og_locale":"es_ES","og_type":"article","og_title":"El escalofriante tr\u00e1iler y p\u00f3ster de la pel\u00edcula de terror psicol\u00f3gico de 20th Century Studios, La Primera Profec\u00eda, ya se encuentran disponibles - El Diario - Bolivia","og_description":"La precuela de la cl\u00e1sica franquicia de terror estrena exclusivamente en cines el 4 de abril Ya se pueden ver el tr\u00e1iler y el p\u00f3ster de la pr\u00f3xima pel\u00edcula de terror psicol\u00f3gico de 20th Century Studios, La Primera Profec\u00eda. La pel\u00edcula, que es una precuela de la cl\u00e1sica franquicia de terror, La Profec\u00eda, estrena el [&hellip;]","og_url":"https:\/\/www.eldiario.net\/portal\/2024\/01\/14\/el-escalofriante-trailer-y-poster-de-la-pelicula-de-terror-psicologico-de-20th-century-studios-la-primera-profecia-ya-se-encuentran-disponibles\/","og_site_name":"El Diario - Bolivia","article_publisher":"https:\/\/www.facebook.com\/eldiario.bolivia\/","article_published_time":"2024-01-14T10:11:07+00:00","og_image":[{"width":2560,"height":1385,"url":"https:\/\/www.eldiario.net\/portal\/wp-content\/uploads\/2024\/01\/El-escalofriante-trailer-y-poster-de-la-pelicula-de-terror-psicologico-de-20th-Century-Studios-La-Primera-Profecia-ya-se-encuentran-disponibles-scaled.jpeg","type":"image\/jpeg"}],"author":"Jeanette","twitter_card":"summary_large_image","twitter_creator":"@eldiario_net","twitter_site":"@eldiario_net","twitter_misc":{"Escrito por":"Jeanette","Tiempo de lectura":"1 minuto"},"schema":{"@context":"https:\/\/schema.org","@graph":[{"@type":"Article","@id":"https:\/\/www.eldiario.net\/portal\/2024\/01\/14\/el-escalofriante-trailer-y-poster-de-la-pelicula-de-terror-psicologico-de-20th-century-studios-la-primera-profecia-ya-se-encuentran-disponibles\/#article","isPartOf":{"@id":"https:\/\/www.eldiario.net\/portal\/2024\/01\/14\/el-escalofriante-trailer-y-poster-de-la-pelicula-de-terror-psicologico-de-20th-century-studios-la-primera-profecia-ya-se-encuentran-disponibles\/"},"author":{"name":"Jeanette","@id":"https:\/\/www.eldiario.net\/portal\/#\/schema\/person\/f46445640444750d7d753ccd04ae01b7"},"headline":"El escalofriante tr\u00e1iler y p\u00f3ster de la pel\u00edcula de terror psicol\u00f3gico de 20th Century Studios, La Primera Profec\u00eda, ya se encuentran disponibles","datePublished":"2024-01-14T10:11:07+00:00","mainEntityOfPage":{"@id":"https:\/\/www.eldiario.net\/portal\/2024\/01\/14\/el-escalofriante-trailer-y-poster-de-la-pelicula-de-terror-psicologico-de-20th-century-studios-la-primera-profecia-ya-se-encuentran-disponibles\/"},"wordCount":240,"commentCount":0,"publisher":{"@id":"https:\/\/www.eldiario.net\/portal\/#organization"},"image":{"@id":"https:\/\/www.eldiario.net\/portal\/2024\/01\/14\/el-escalofriante-trailer-y-poster-de-la-pelicula-de-terror-psicologico-de-20th-century-studios-la-primera-profecia-ya-se-encuentran-disponibles\/#primaryimage"},"thumbnailUrl":"https:\/\/www.eldiario.net\/portal\/wp-content\/uploads\/2024\/01\/El-escalofriante-trailer-y-poster-de-la-pelicula-de-terror-psicologico-de-20th-Century-Studios-La-Primera-Profecia-ya-se-encuentran-disponibles-scaled.jpeg","articleSection":["Cine Mundo"],"inLanguage":"es","potentialAction":[{"@type":"CommentAction","name":"Comment","target":["https:\/\/www.eldiario.net\/portal\/2024\/01\/14\/el-escalofriante-trailer-y-poster-de-la-pelicula-de-terror-psicologico-de-20th-century-studios-la-primera-profecia-ya-se-encuentran-disponibles\/#respond"]}]},{"@type":"WebPage","@id":"https:\/\/www.eldiario.net\/portal\/2024\/01\/14\/el-escalofriante-trailer-y-poster-de-la-pelicula-de-terror-psicologico-de-20th-century-studios-la-primera-profecia-ya-se-encuentran-disponibles\/","url":"https:\/\/www.eldiario.net\/portal\/2024\/01\/14\/el-escalofriante-trailer-y-poster-de-la-pelicula-de-terror-psicologico-de-20th-century-studios-la-primera-profecia-ya-se-encuentran-disponibles\/","name":"El escalofriante tr\u00e1iler y p\u00f3ster de la pel\u00edcula de terror psicol\u00f3gico de 20th Century Studios, La Primera Profec\u00eda, ya se encuentran disponibles - El Diario - Bolivia","isPartOf":{"@id":"https:\/\/www.eldiario.net\/portal\/#website"},"primaryImageOfPage":{"@id":"https:\/\/www.eldiario.net\/portal\/2024\/01\/14\/el-escalofriante-trailer-y-poster-de-la-pelicula-de-terror-psicologico-de-20th-century-studios-la-primera-profecia-ya-se-encuentran-disponibles\/#primaryimage"},"image":{"@id":"https:\/\/www.eldiario.net\/portal\/2024\/01\/14\/el-escalofriante-trailer-y-poster-de-la-pelicula-de-terror-psicologico-de-20th-century-studios-la-primera-profecia-ya-se-encuentran-disponibles\/#primaryimage"},"thumbnailUrl":"https:\/\/www.eldiario.net\/portal\/wp-content\/uploads\/2024\/01\/El-escalofriante-trailer-y-poster-de-la-pelicula-de-terror-psicologico-de-20th-Century-Studios-La-Primera-Profecia-ya-se-encuentran-disponibles-scaled.jpeg","datePublished":"2024-01-14T10:11:07+00:00","breadcrumb":{"@id":"https:\/\/www.eldiario.net\/portal\/2024\/01\/14\/el-escalofriante-trailer-y-poster-de-la-pelicula-de-terror-psicologico-de-20th-century-studios-la-primera-profecia-ya-se-encuentran-disponibles\/#breadcrumb"},"inLanguage":"es","potentialAction":[{"@type":"ReadAction","target":["https:\/\/www.eldiario.net\/portal\/2024\/01\/14\/el-escalofriante-trailer-y-poster-de-la-pelicula-de-terror-psicologico-de-20th-century-studios-la-primera-profecia-ya-se-encuentran-disponibles\/"]}]},{"@type":"ImageObject","inLanguage":"es","@id":"https:\/\/www.eldiario.net\/portal\/2024\/01\/14\/el-escalofriante-trailer-y-poster-de-la-pelicula-de-terror-psicologico-de-20th-century-studios-la-primera-profecia-ya-se-encuentran-disponibles\/#primaryimage","url":"https:\/\/www.eldiario.net\/portal\/wp-content\/uploads\/2024\/01\/El-escalofriante-trailer-y-poster-de-la-pelicula-de-terror-psicologico-de-20th-Century-Studios-La-Primera-Profecia-ya-se-encuentran-disponibles-scaled.jpeg","contentUrl":"https:\/\/www.eldiario.net\/portal\/wp-content\/uploads\/2024\/01\/El-escalofriante-trailer-y-poster-de-la-pelicula-de-terror-psicologico-de-20th-Century-Studios-La-Primera-Profecia-ya-se-encuentran-disponibles-scaled.jpeg","width":2560,"height":1385,"caption":"A scene from 20th Century Studios' THE FIRST OMEN. Photo courtesy of 20th Century Studios. \u00a9 2024 20th Century Studios. All Rights Reserved."},{"@type":"BreadcrumbList","@id":"https:\/\/www.eldiario.net\/portal\/2024\/01\/14\/el-escalofriante-trailer-y-poster-de-la-pelicula-de-terror-psicologico-de-20th-century-studios-la-primera-profecia-ya-se-encuentran-disponibles\/#breadcrumb","itemListElement":[{"@type":"ListItem","position":1,"name":"Portada","item":"https:\/\/www.eldiario.net\/portal\/"},{"@type":"ListItem","position":2,"name":"El escalofriante tr\u00e1iler y p\u00f3ster de la pel\u00edcula de terror psicol\u00f3gico de 20th Century Studios, La Primera Profec\u00eda, ya se encuentran disponibles"}]},{"@type":"WebSite","@id":"https:\/\/www.eldiario.net\/portal\/#website","url":"https:\/\/www.eldiario.net\/portal\/","name":"El Diario - Decano de la prensa nacional","description":"El Diario - Decano de la prensa nacional","publisher":{"@id":"https:\/\/www.eldiario.net\/portal\/#organization"},"potentialAction":[{"@type":"SearchAction","target":{"@type":"EntryPoint","urlTemplate":"https:\/\/www.eldiario.net\/portal\/?s={search_term_string}"},"query-input":{"@type":"PropertyValueSpecification","valueRequired":true,"valueName":"search_term_string"}}],"inLanguage":"es"},{"@type":"Organization","@id":"https:\/\/www.eldiario.net\/portal\/#organization","name":"El Diario - Decano de la prensa nacional","url":"https:\/\/www.eldiario.net\/portal\/","logo":{"@type":"ImageObject","inLanguage":"es","@id":"https:\/\/www.eldiario.net\/portal\/#\/schema\/logo\/image\/","url":"https:\/\/www.eldiario.net\/portal\/wp-content\/uploads\/2023\/07\/logo_ED.jpg","contentUrl":"https:\/\/www.eldiario.net\/portal\/wp-content\/uploads\/2023\/07\/logo_ED.jpg","width":272,"height":52,"caption":"El Diario - Decano de la prensa nacional"},"image":{"@id":"https:\/\/www.eldiario.net\/portal\/#\/schema\/logo\/image\/"},"sameAs":["https:\/\/www.facebook.com\/eldiario.bolivia\/","https:\/\/x.com\/eldiario_net"]},{"@type":"Person","@id":"https:\/\/www.eldiario.net\/portal\/#\/schema\/person\/f46445640444750d7d753ccd04ae01b7","name":"Jeanette","image":{"@type":"ImageObject","inLanguage":"es","@id":"https:\/\/secure.gravatar.com\/avatar\/3ea2118a5f7dad2b7138b1187a6b7ee55f160b9968b66013c3a3ef39dd7e5798?s=96&d=mm&r=g","url":"https:\/\/secure.gravatar.com\/avatar\/3ea2118a5f7dad2b7138b1187a6b7ee55f160b9968b66013c3a3ef39dd7e5798?s=96&d=mm&r=g","contentUrl":"https:\/\/secure.gravatar.com\/avatar\/3ea2118a5f7dad2b7138b1187a6b7ee55f160b9968b66013c3a3ef39dd7e5798?s=96&d=mm&r=g","caption":"Jeanette"},"sameAs":["https:\/\/www.eldiario.net\/portal"],"url":"https:\/\/www.eldiario.net\/portal\/author\/jeanette\/"}]}},"_links":{"self":[{"href":"https:\/\/www.eldiario.net\/portal\/wp-json\/wp\/v2\/posts\/197510","targetHints":{"allow":["GET"]}}],"collection":[{"href":"https:\/\/www.eldiario.net\/portal\/wp-json\/wp\/v2\/posts"}],"about":[{"href":"https:\/\/www.eldiario.net\/portal\/wp-json\/wp\/v2\/types\/post"}],"author":[{"embeddable":true,"href":"https:\/\/www.eldiario.net\/portal\/wp-json\/wp\/v2\/users\/1"}],"replies":[{"embeddable":true,"href":"https:\/\/www.eldiario.net\/portal\/wp-json\/wp\/v2\/comments?post=197510"}],"version-history":[{"count":1,"href":"https:\/\/www.eldiario.net\/portal\/wp-json\/wp\/v2\/posts\/197510\/revisions"}],"predecessor-version":[{"id":197512,"href":"https:\/\/www.eldiario.net\/portal\/wp-json\/wp\/v2\/posts\/197510\/revisions\/197512"}],"wp:featuredmedia":[{"embeddable":true,"href":"https:\/\/www.eldiario.net\/portal\/wp-json\/wp\/v2\/media\/197511"}],"wp:attachment":[{"href":"https:\/\/www.eldiario.net\/portal\/wp-json\/wp\/v2\/media?parent=197510"}],"wp:term":[{"taxonomy":"category","embeddable":true,"href":"https:\/\/www.eldiario.net\/portal\/wp-json\/wp\/v2\/categories?post=197510"},{"taxonomy":"post_tag","embeddable":true,"href":"https:\/\/www.eldiario.net\/portal\/wp-json\/wp\/v2\/tags?post=197510"}],"curies":[{"name":"wp","href":"https:\/\/api.w.org\/{rel}","templated":true}]}}