{"id":197184,"date":"2024-01-12T07:01:44","date_gmt":"2024-01-12T11:01:44","guid":{"rendered":"https:\/\/www.eldiario.net\/portal\/?p=197184"},"modified":"2024-01-12T07:01:44","modified_gmt":"2024-01-12T11:01:44","slug":"alerta-de-bomba-puso-en-vilo-a-habitantes-de-quito","status":"publish","type":"post","link":"https:\/\/www.eldiario.net\/portal\/2024\/01\/12\/alerta-de-bomba-puso-en-vilo-a-habitantes-de-quito\/","title":{"rendered":"Alerta de bomba puso en  vilo a habitantes de Quito"},"content":{"rendered":"<p>Una alerta de bomba desat\u00f3 ayer una fuerte movilizaci\u00f3n de la polic\u00eda en un c\u00e9ntrico sector altamente concurrido en Quito, capital de Ecuador, aunque las autoridades dijeron que no se trat\u00f3 de un artefacto explosivo, en medio de una escalada de violencia que mantiene en vilo al pa\u00eds sudamericano.<br \/>\nMientras tanto, la Polic\u00eda inform\u00f3 que en una ciudad de la Amazon\u00eda ecuatoriana un incendio en una discoteca, aparentemente provocado dej\u00f3 al menos dos fallecidos y nueve heridos.<br \/>\nEl clima de incertidumbre y amenazas se produce en medio de un estado de emergencia y de conflicto armado interno decretado por el presidente Daniel Noboa, con lo cual intenta enfrentar la desbordada violencia impulsada por parte del crimen organizado. Estas medidas permiten una mayor acci\u00f3n de las fuerzas armadas para combatir la violencia.<br \/>\nLos capitalinos amanecieron con la alerta que una mochila con un supuesto artefacto explosivo fue colocada en un basurero en la zona del Play\u00f3n de la Mar\u00edn, cercana a una estaci\u00f3n de transporte p\u00fablico, pero tras la inspecci\u00f3n de unidades antiexplosivos se descart\u00f3 que fuese una bomba, en medio del temor de los ciudadanos.<br \/>\nLa zona repleta de locales comerciales fue acordonada, en tanto equipos especializados de la polic\u00eda con trajes de protecci\u00f3n realizaron los procedimientos para efectuar una eventual \u201cexplosi\u00f3n controlada\u201d, mientras que la gente hab\u00eda sido evacuada al menos a una distancia de 50 metros. El sistema de transportaci\u00f3n y el tr\u00e1nsito peatonal fue restringido moment\u00e1neamente en el \u00e1rea.<br \/>\nEl sistema de video vigilancia del ECU911 alert\u00f3 que un hombre hab\u00eda dejado la maleta en la parada m\u00e1s importante de la zona, donde circulan a diario unas 30.000 a 50.000 personas, dijo el coronel Germ\u00e1n Le\u00f3n, jefe del distrito centro de Quito en declaraciones a The Associated Press.<br \/>\nSeg\u00fan el comandante, luego de que las unidades especializadas determinaron que la maleta \u00abno conten\u00eda nada\u00bb, la din\u00e1mica del centro donde existe un alto flujo comercial, retorn\u00f3 a la normalidad.<br \/>\nEn medio del ambiente de temor que vive el pa\u00eds y la ciudad, el jefe policial precis\u00f3 que \u00abnos hemos replanteado estrategias\u00bb y que trabajan en grupos de entre 10 a 12 agentes t\u00e9cnicos y operativos en un esfuerzo por garantizar el orden y la seguridad ciudadana.<br \/>\nMientras tanto, en la ciudad del Coca un incendio \u201cprovocado\u201d en una discoteca por sujetos que no fueron identificados y que se extendi\u00f3 en 11 locales dej\u00f3 al menos dos personas fallecidas y nueve heridas, confirm\u00f3 la polic\u00eda en un chat de periodistas.<br \/>\nEl flagelo afect\u00f3 11 locales, agreg\u00f3 el reporte, y se\u00f1al\u00f3 que se activ\u00f3 un protocolo de seguridad en la casa de salud a la que fueron trasladados los heridos. El hecho es investigado y se busca a los responsables, se indic\u00f3.<br \/>\nLa v\u00edspera, al menos cinco hechos similares ocurrieron en diversos sectores de la capital con la colocaci\u00f3n de explosivos en al menos dos veh\u00edculos, un puente peatonal y cerca de una c\u00e1rcel, los cuales no dejaron v\u00edctimas o heridos pero s\u00ed da\u00f1os materiales, seg\u00fan confirm\u00f3 la polic\u00eda. (Infobae\/Ap)<\/p>\n","protected":false},"excerpt":{"rendered":"<p>Una alerta de bomba desat\u00f3 ayer una fuerte movilizaci\u00f3n de la polic\u00eda en un c\u00e9ntrico sector altamente concurrido en Quito, capital de Ecuador, aunque las autoridades dijeron que no se trat\u00f3 de un artefacto explosivo, en medio de una escalada de violencia que mantiene en vilo al pa\u00eds sudamericano. Mientras tanto, la Polic\u00eda inform\u00f3 que [&hellip;]<\/p>\n","protected":false},"author":1,"featured_media":194703,"comment_status":"open","ping_status":"open","sticky":false,"template":"","format":"standard","meta":{"_acf_changed":false,"footnotes":""},"categories":[3],"tags":[],"class_list":["post-197184","post","type-post","status-publish","format-standard","has-post-thumbnail","category-internacional"],"acf":{"antetitulo":"En medio de la ola de violencia en Ecuador"},"yoast_head":"<!-- This site is optimized with the Yoast SEO plugin v28.3 - https:\/\/yoast.com\/product\/yoast-seo-wordpress\/ -->\n<title>Alerta de bomba puso en vilo a habitantes de Quito - El Diario - Bolivia<\/title>\n<meta name=\"robots\" content=\"index, follow, max-snippet:-1, max-image-preview:large, max-video-preview:-1\" \/>\n<link rel=\"canonical\" href=\"https:\/\/www.eldiario.net\/portal\/2024\/01\/12\/alerta-de-bomba-puso-en-vilo-a-habitantes-de-quito\/\" \/>\n<meta property=\"og:locale\" content=\"es_ES\" \/>\n<meta property=\"og:type\" content=\"article\" \/>\n<meta property=\"og:title\" content=\"Alerta de bomba puso en vilo a habitantes de Quito - El Diario - Bolivia\" \/>\n<meta property=\"og:description\" content=\"Una alerta de bomba desat\u00f3 ayer una fuerte movilizaci\u00f3n de la polic\u00eda en un c\u00e9ntrico sector altamente concurrido en Quito, capital de Ecuador, aunque las autoridades dijeron que no se trat\u00f3 de un artefacto explosivo, en medio de una escalada de violencia que mantiene en vilo al pa\u00eds sudamericano. Mientras tanto, la Polic\u00eda inform\u00f3 que [&hellip;]\" \/>\n<meta property=\"og:url\" content=\"https:\/\/www.eldiario.net\/portal\/2024\/01\/12\/alerta-de-bomba-puso-en-vilo-a-habitantes-de-quito\/\" \/>\n<meta property=\"og:site_name\" content=\"El Diario - Bolivia\" \/>\n<meta property=\"article:publisher\" content=\"https:\/\/www.facebook.com\/eldiario.bolivia\/\" \/>\n<meta property=\"article:published_time\" content=\"2024-01-12T11:01:44+00:00\" \/>\n<meta property=\"og:image\" content=\"https:\/\/www.eldiario.net\/portal\/wp-content\/uploads\/2023\/12\/Internacional.jpg\" \/>\n\t<meta property=\"og:image:width\" content=\"800\" \/>\n\t<meta property=\"og:image:height\" content=\"500\" \/>\n\t<meta property=\"og:image:type\" content=\"image\/jpeg\" \/>\n<meta name=\"author\" content=\"Jeanette\" \/>\n<meta name=\"twitter:card\" content=\"summary_large_image\" \/>\n<meta name=\"twitter:creator\" content=\"@eldiario_net\" \/>\n<meta name=\"twitter:site\" content=\"@eldiario_net\" \/>\n<meta name=\"twitter:label1\" content=\"Escrito por\" \/>\n\t<meta name=\"twitter:data1\" content=\"Jeanette\" \/>\n\t<meta name=\"twitter:label2\" content=\"Tiempo de lectura\" \/>\n\t<meta name=\"twitter:data2\" content=\"3 minutos\" \/>\n<script type=\"application\/ld+json\" class=\"yoast-schema-graph\">{\"@context\":\"https:\\\/\\\/schema.org\",\"@graph\":[{\"@type\":\"Article\",\"@id\":\"https:\\\/\\\/www.eldiario.net\\\/portal\\\/2024\\\/01\\\/12\\\/alerta-de-bomba-puso-en-vilo-a-habitantes-de-quito\\\/#article\",\"isPartOf\":{\"@id\":\"https:\\\/\\\/www.eldiario.net\\\/portal\\\/2024\\\/01\\\/12\\\/alerta-de-bomba-puso-en-vilo-a-habitantes-de-quito\\\/\"},\"author\":{\"name\":\"Jeanette\",\"@id\":\"https:\\\/\\\/www.eldiario.net\\\/portal\\\/#\\\/schema\\\/person\\\/f46445640444750d7d753ccd04ae01b7\"},\"headline\":\"Alerta de bomba puso en vilo a habitantes de Quito\",\"datePublished\":\"2024-01-12T11:01:44+00:00\",\"mainEntityOfPage\":{\"@id\":\"https:\\\/\\\/www.eldiario.net\\\/portal\\\/2024\\\/01\\\/12\\\/alerta-de-bomba-puso-en-vilo-a-habitantes-de-quito\\\/\"},\"wordCount\":542,\"commentCount\":0,\"publisher\":{\"@id\":\"https:\\\/\\\/www.eldiario.net\\\/portal\\\/#organization\"},\"image\":{\"@id\":\"https:\\\/\\\/www.eldiario.net\\\/portal\\\/2024\\\/01\\\/12\\\/alerta-de-bomba-puso-en-vilo-a-habitantes-de-quito\\\/#primaryimage\"},\"thumbnailUrl\":\"https:\\\/\\\/www.eldiario.net\\\/portal\\\/wp-content\\\/uploads\\\/2023\\\/12\\\/Internacional.jpg\",\"articleSection\":[\"Internacional\"],\"inLanguage\":\"es\",\"potentialAction\":[{\"@type\":\"CommentAction\",\"name\":\"Comment\",\"target\":[\"https:\\\/\\\/www.eldiario.net\\\/portal\\\/2024\\\/01\\\/12\\\/alerta-de-bomba-puso-en-vilo-a-habitantes-de-quito\\\/#respond\"]}]},{\"@type\":\"WebPage\",\"@id\":\"https:\\\/\\\/www.eldiario.net\\\/portal\\\/2024\\\/01\\\/12\\\/alerta-de-bomba-puso-en-vilo-a-habitantes-de-quito\\\/\",\"url\":\"https:\\\/\\\/www.eldiario.net\\\/portal\\\/2024\\\/01\\\/12\\\/alerta-de-bomba-puso-en-vilo-a-habitantes-de-quito\\\/\",\"name\":\"Alerta de bomba puso en vilo a habitantes de Quito - El Diario - Bolivia\",\"isPartOf\":{\"@id\":\"https:\\\/\\\/www.eldiario.net\\\/portal\\\/#website\"},\"primaryImageOfPage\":{\"@id\":\"https:\\\/\\\/www.eldiario.net\\\/portal\\\/2024\\\/01\\\/12\\\/alerta-de-bomba-puso-en-vilo-a-habitantes-de-quito\\\/#primaryimage\"},\"image\":{\"@id\":\"https:\\\/\\\/www.eldiario.net\\\/portal\\\/2024\\\/01\\\/12\\\/alerta-de-bomba-puso-en-vilo-a-habitantes-de-quito\\\/#primaryimage\"},\"thumbnailUrl\":\"https:\\\/\\\/www.eldiario.net\\\/portal\\\/wp-content\\\/uploads\\\/2023\\\/12\\\/Internacional.jpg\",\"datePublished\":\"2024-01-12T11:01:44+00:00\",\"breadcrumb\":{\"@id\":\"https:\\\/\\\/www.eldiario.net\\\/portal\\\/2024\\\/01\\\/12\\\/alerta-de-bomba-puso-en-vilo-a-habitantes-de-quito\\\/#breadcrumb\"},\"inLanguage\":\"es\",\"potentialAction\":[{\"@type\":\"ReadAction\",\"target\":[\"https:\\\/\\\/www.eldiario.net\\\/portal\\\/2024\\\/01\\\/12\\\/alerta-de-bomba-puso-en-vilo-a-habitantes-de-quito\\\/\"]}]},{\"@type\":\"ImageObject\",\"inLanguage\":\"es\",\"@id\":\"https:\\\/\\\/www.eldiario.net\\\/portal\\\/2024\\\/01\\\/12\\\/alerta-de-bomba-puso-en-vilo-a-habitantes-de-quito\\\/#primaryimage\",\"url\":\"https:\\\/\\\/www.eldiario.net\\\/portal\\\/wp-content\\\/uploads\\\/2023\\\/12\\\/Internacional.jpg\",\"contentUrl\":\"https:\\\/\\\/www.eldiario.net\\\/portal\\\/wp-content\\\/uploads\\\/2023\\\/12\\\/Internacional.jpg\",\"width\":800,\"height\":500},{\"@type\":\"BreadcrumbList\",\"@id\":\"https:\\\/\\\/www.eldiario.net\\\/portal\\\/2024\\\/01\\\/12\\\/alerta-de-bomba-puso-en-vilo-a-habitantes-de-quito\\\/#breadcrumb\",\"itemListElement\":[{\"@type\":\"ListItem\",\"position\":1,\"name\":\"Portada\",\"item\":\"https:\\\/\\\/www.eldiario.net\\\/portal\\\/\"},{\"@type\":\"ListItem\",\"position\":2,\"name\":\"Alerta de bomba puso en vilo a habitantes de Quito\"}]},{\"@type\":\"WebSite\",\"@id\":\"https:\\\/\\\/www.eldiario.net\\\/portal\\\/#website\",\"url\":\"https:\\\/\\\/www.eldiario.net\\\/portal\\\/\",\"name\":\"El Diario - Decano de la prensa nacional\",\"description\":\"El Diario - Decano de la prensa nacional\",\"publisher\":{\"@id\":\"https:\\\/\\\/www.eldiario.net\\\/portal\\\/#organization\"},\"potentialAction\":[{\"@type\":\"SearchAction\",\"target\":{\"@type\":\"EntryPoint\",\"urlTemplate\":\"https:\\\/\\\/www.eldiario.net\\\/portal\\\/?s={search_term_string}\"},\"query-input\":{\"@type\":\"PropertyValueSpecification\",\"valueRequired\":true,\"valueName\":\"search_term_string\"}}],\"inLanguage\":\"es\"},{\"@type\":\"Organization\",\"@id\":\"https:\\\/\\\/www.eldiario.net\\\/portal\\\/#organization\",\"name\":\"El Diario - Decano de la prensa nacional\",\"url\":\"https:\\\/\\\/www.eldiario.net\\\/portal\\\/\",\"logo\":{\"@type\":\"ImageObject\",\"inLanguage\":\"es\",\"@id\":\"https:\\\/\\\/www.eldiario.net\\\/portal\\\/#\\\/schema\\\/logo\\\/image\\\/\",\"url\":\"https:\\\/\\\/www.eldiario.net\\\/portal\\\/wp-content\\\/uploads\\\/2023\\\/07\\\/logo_ED.jpg\",\"contentUrl\":\"https:\\\/\\\/www.eldiario.net\\\/portal\\\/wp-content\\\/uploads\\\/2023\\\/07\\\/logo_ED.jpg\",\"width\":272,\"height\":52,\"caption\":\"El Diario - Decano de la prensa nacional\"},\"image\":{\"@id\":\"https:\\\/\\\/www.eldiario.net\\\/portal\\\/#\\\/schema\\\/logo\\\/image\\\/\"},\"sameAs\":[\"https:\\\/\\\/www.facebook.com\\\/eldiario.bolivia\\\/\",\"https:\\\/\\\/x.com\\\/eldiario_net\"]},{\"@type\":\"Person\",\"@id\":\"https:\\\/\\\/www.eldiario.net\\\/portal\\\/#\\\/schema\\\/person\\\/f46445640444750d7d753ccd04ae01b7\",\"name\":\"Jeanette\",\"image\":{\"@type\":\"ImageObject\",\"inLanguage\":\"es\",\"@id\":\"https:\\\/\\\/secure.gravatar.com\\\/avatar\\\/3ea2118a5f7dad2b7138b1187a6b7ee55f160b9968b66013c3a3ef39dd7e5798?s=96&d=mm&r=g\",\"url\":\"https:\\\/\\\/secure.gravatar.com\\\/avatar\\\/3ea2118a5f7dad2b7138b1187a6b7ee55f160b9968b66013c3a3ef39dd7e5798?s=96&d=mm&r=g\",\"contentUrl\":\"https:\\\/\\\/secure.gravatar.com\\\/avatar\\\/3ea2118a5f7dad2b7138b1187a6b7ee55f160b9968b66013c3a3ef39dd7e5798?s=96&d=mm&r=g\",\"caption\":\"Jeanette\"},\"sameAs\":[\"https:\\\/\\\/www.eldiario.net\\\/portal\"],\"url\":\"https:\\\/\\\/www.eldiario.net\\\/portal\\\/author\\\/jeanette\\\/\"}]}<\/script>\n<!-- \/ Yoast SEO plugin. -->","yoast_head_json":{"title":"Alerta de bomba puso en vilo a habitantes de Quito - El Diario - Bolivia","robots":{"index":"index","follow":"follow","max-snippet":"max-snippet:-1","max-image-preview":"max-image-preview:large","max-video-preview":"max-video-preview:-1"},"canonical":"https:\/\/www.eldiario.net\/portal\/2024\/01\/12\/alerta-de-bomba-puso-en-vilo-a-habitantes-de-quito\/","og_locale":"es_ES","og_type":"article","og_title":"Alerta de bomba puso en vilo a habitantes de Quito - El Diario - Bolivia","og_description":"Una alerta de bomba desat\u00f3 ayer una fuerte movilizaci\u00f3n de la polic\u00eda en un c\u00e9ntrico sector altamente concurrido en Quito, capital de Ecuador, aunque las autoridades dijeron que no se trat\u00f3 de un artefacto explosivo, en medio de una escalada de violencia que mantiene en vilo al pa\u00eds sudamericano. Mientras tanto, la Polic\u00eda inform\u00f3 que [&hellip;]","og_url":"https:\/\/www.eldiario.net\/portal\/2024\/01\/12\/alerta-de-bomba-puso-en-vilo-a-habitantes-de-quito\/","og_site_name":"El Diario - Bolivia","article_publisher":"https:\/\/www.facebook.com\/eldiario.bolivia\/","article_published_time":"2024-01-12T11:01:44+00:00","og_image":[{"width":800,"height":500,"url":"https:\/\/www.eldiario.net\/portal\/wp-content\/uploads\/2023\/12\/Internacional.jpg","type":"image\/jpeg"}],"author":"Jeanette","twitter_card":"summary_large_image","twitter_creator":"@eldiario_net","twitter_site":"@eldiario_net","twitter_misc":{"Escrito por":"Jeanette","Tiempo de lectura":"3 minutos"},"schema":{"@context":"https:\/\/schema.org","@graph":[{"@type":"Article","@id":"https:\/\/www.eldiario.net\/portal\/2024\/01\/12\/alerta-de-bomba-puso-en-vilo-a-habitantes-de-quito\/#article","isPartOf":{"@id":"https:\/\/www.eldiario.net\/portal\/2024\/01\/12\/alerta-de-bomba-puso-en-vilo-a-habitantes-de-quito\/"},"author":{"name":"Jeanette","@id":"https:\/\/www.eldiario.net\/portal\/#\/schema\/person\/f46445640444750d7d753ccd04ae01b7"},"headline":"Alerta de bomba puso en vilo a habitantes de Quito","datePublished":"2024-01-12T11:01:44+00:00","mainEntityOfPage":{"@id":"https:\/\/www.eldiario.net\/portal\/2024\/01\/12\/alerta-de-bomba-puso-en-vilo-a-habitantes-de-quito\/"},"wordCount":542,"commentCount":0,"publisher":{"@id":"https:\/\/www.eldiario.net\/portal\/#organization"},"image":{"@id":"https:\/\/www.eldiario.net\/portal\/2024\/01\/12\/alerta-de-bomba-puso-en-vilo-a-habitantes-de-quito\/#primaryimage"},"thumbnailUrl":"https:\/\/www.eldiario.net\/portal\/wp-content\/uploads\/2023\/12\/Internacional.jpg","articleSection":["Internacional"],"inLanguage":"es","potentialAction":[{"@type":"CommentAction","name":"Comment","target":["https:\/\/www.eldiario.net\/portal\/2024\/01\/12\/alerta-de-bomba-puso-en-vilo-a-habitantes-de-quito\/#respond"]}]},{"@type":"WebPage","@id":"https:\/\/www.eldiario.net\/portal\/2024\/01\/12\/alerta-de-bomba-puso-en-vilo-a-habitantes-de-quito\/","url":"https:\/\/www.eldiario.net\/portal\/2024\/01\/12\/alerta-de-bomba-puso-en-vilo-a-habitantes-de-quito\/","name":"Alerta de bomba puso en vilo a habitantes de Quito - El Diario - Bolivia","isPartOf":{"@id":"https:\/\/www.eldiario.net\/portal\/#website"},"primaryImageOfPage":{"@id":"https:\/\/www.eldiario.net\/portal\/2024\/01\/12\/alerta-de-bomba-puso-en-vilo-a-habitantes-de-quito\/#primaryimage"},"image":{"@id":"https:\/\/www.eldiario.net\/portal\/2024\/01\/12\/alerta-de-bomba-puso-en-vilo-a-habitantes-de-quito\/#primaryimage"},"thumbnailUrl":"https:\/\/www.eldiario.net\/portal\/wp-content\/uploads\/2023\/12\/Internacional.jpg","datePublished":"2024-01-12T11:01:44+00:00","breadcrumb":{"@id":"https:\/\/www.eldiario.net\/portal\/2024\/01\/12\/alerta-de-bomba-puso-en-vilo-a-habitantes-de-quito\/#breadcrumb"},"inLanguage":"es","potentialAction":[{"@type":"ReadAction","target":["https:\/\/www.eldiario.net\/portal\/2024\/01\/12\/alerta-de-bomba-puso-en-vilo-a-habitantes-de-quito\/"]}]},{"@type":"ImageObject","inLanguage":"es","@id":"https:\/\/www.eldiario.net\/portal\/2024\/01\/12\/alerta-de-bomba-puso-en-vilo-a-habitantes-de-quito\/#primaryimage","url":"https:\/\/www.eldiario.net\/portal\/wp-content\/uploads\/2023\/12\/Internacional.jpg","contentUrl":"https:\/\/www.eldiario.net\/portal\/wp-content\/uploads\/2023\/12\/Internacional.jpg","width":800,"height":500},{"@type":"BreadcrumbList","@id":"https:\/\/www.eldiario.net\/portal\/2024\/01\/12\/alerta-de-bomba-puso-en-vilo-a-habitantes-de-quito\/#breadcrumb","itemListElement":[{"@type":"ListItem","position":1,"name":"Portada","item":"https:\/\/www.eldiario.net\/portal\/"},{"@type":"ListItem","position":2,"name":"Alerta de bomba puso en vilo a habitantes de Quito"}]},{"@type":"WebSite","@id":"https:\/\/www.eldiario.net\/portal\/#website","url":"https:\/\/www.eldiario.net\/portal\/","name":"El Diario - Decano de la prensa nacional","description":"El Diario - Decano de la prensa nacional","publisher":{"@id":"https:\/\/www.eldiario.net\/portal\/#organization"},"potentialAction":[{"@type":"SearchAction","target":{"@type":"EntryPoint","urlTemplate":"https:\/\/www.eldiario.net\/portal\/?s={search_term_string}"},"query-input":{"@type":"PropertyValueSpecification","valueRequired":true,"valueName":"search_term_string"}}],"inLanguage":"es"},{"@type":"Organization","@id":"https:\/\/www.eldiario.net\/portal\/#organization","name":"El Diario - Decano de la prensa nacional","url":"https:\/\/www.eldiario.net\/portal\/","logo":{"@type":"ImageObject","inLanguage":"es","@id":"https:\/\/www.eldiario.net\/portal\/#\/schema\/logo\/image\/","url":"https:\/\/www.eldiario.net\/portal\/wp-content\/uploads\/2023\/07\/logo_ED.jpg","contentUrl":"https:\/\/www.eldiario.net\/portal\/wp-content\/uploads\/2023\/07\/logo_ED.jpg","width":272,"height":52,"caption":"El Diario - Decano de la prensa nacional"},"image":{"@id":"https:\/\/www.eldiario.net\/portal\/#\/schema\/logo\/image\/"},"sameAs":["https:\/\/www.facebook.com\/eldiario.bolivia\/","https:\/\/x.com\/eldiario_net"]},{"@type":"Person","@id":"https:\/\/www.eldiario.net\/portal\/#\/schema\/person\/f46445640444750d7d753ccd04ae01b7","name":"Jeanette","image":{"@type":"ImageObject","inLanguage":"es","@id":"https:\/\/secure.gravatar.com\/avatar\/3ea2118a5f7dad2b7138b1187a6b7ee55f160b9968b66013c3a3ef39dd7e5798?s=96&d=mm&r=g","url":"https:\/\/secure.gravatar.com\/avatar\/3ea2118a5f7dad2b7138b1187a6b7ee55f160b9968b66013c3a3ef39dd7e5798?s=96&d=mm&r=g","contentUrl":"https:\/\/secure.gravatar.com\/avatar\/3ea2118a5f7dad2b7138b1187a6b7ee55f160b9968b66013c3a3ef39dd7e5798?s=96&d=mm&r=g","caption":"Jeanette"},"sameAs":["https:\/\/www.eldiario.net\/portal"],"url":"https:\/\/www.eldiario.net\/portal\/author\/jeanette\/"}]}},"_links":{"self":[{"href":"https:\/\/www.eldiario.net\/portal\/wp-json\/wp\/v2\/posts\/197184","targetHints":{"allow":["GET"]}}],"collection":[{"href":"https:\/\/www.eldiario.net\/portal\/wp-json\/wp\/v2\/posts"}],"about":[{"href":"https:\/\/www.eldiario.net\/portal\/wp-json\/wp\/v2\/types\/post"}],"author":[{"embeddable":true,"href":"https:\/\/www.eldiario.net\/portal\/wp-json\/wp\/v2\/users\/1"}],"replies":[{"embeddable":true,"href":"https:\/\/www.eldiario.net\/portal\/wp-json\/wp\/v2\/comments?post=197184"}],"version-history":[{"count":1,"href":"https:\/\/www.eldiario.net\/portal\/wp-json\/wp\/v2\/posts\/197184\/revisions"}],"predecessor-version":[{"id":197185,"href":"https:\/\/www.eldiario.net\/portal\/wp-json\/wp\/v2\/posts\/197184\/revisions\/197185"}],"wp:featuredmedia":[{"embeddable":true,"href":"https:\/\/www.eldiario.net\/portal\/wp-json\/wp\/v2\/media\/194703"}],"wp:attachment":[{"href":"https:\/\/www.eldiario.net\/portal\/wp-json\/wp\/v2\/media?parent=197184"}],"wp:term":[{"taxonomy":"category","embeddable":true,"href":"https:\/\/www.eldiario.net\/portal\/wp-json\/wp\/v2\/categories?post=197184"},{"taxonomy":"post_tag","embeddable":true,"href":"https:\/\/www.eldiario.net\/portal\/wp-json\/wp\/v2\/tags?post=197184"}],"curies":[{"name":"wp","href":"https:\/\/api.w.org\/{rel}","templated":true}]}}