{"id":197181,"date":"2024-01-12T06:58:08","date_gmt":"2024-01-12T10:58:08","guid":{"rendered":"https:\/\/www.eldiario.net\/portal\/?p=197181"},"modified":"2024-01-12T06:58:08","modified_gmt":"2024-01-12T10:58:08","slug":"bandas-criminales-mantienen-a-178-rehenes-y-controlan-siete-carceles","status":"publish","type":"post","link":"https:\/\/www.eldiario.net\/portal\/2024\/01\/12\/bandas-criminales-mantienen-a-178-rehenes-y-controlan-siete-carceles\/","title":{"rendered":"Bandas criminales mantienen a 178 rehenes y controlan siete c\u00e1rceles"},"content":{"rendered":"<p>El Servicio de Atenci\u00f3n Integral, entidad encargada de las c\u00e1rceles de Ecuador, inform\u00f3 que 178 personas son rehenes de los grupos criminales en siete prisiones del pa\u00eds. La actualizaci\u00f3n ocurre a cuatro d\u00edas de iniciados los amotinamientos. Aunque se mantienen operaciones y protocolos de seguridad para liberar a los retenidos, a\u00fan las fuerzas del orden no lograron ingresar a los penales.<br \/>\nLa informaci\u00f3n oficial emitida cerca del mediod\u00eda del mi\u00e9rcoles no indica el estado de los gu\u00edas y funcionarios retenidos. En la presentaci\u00f3n del primer balance oficial por parte de las Fuerzas Armadas, el jefe del Comando Conjunto, Jaime Vela se\u00f1al\u00f3 que, seg\u00fan la informaci\u00f3n que las Fuerzas Armadas recibieron del Servicio de C\u00e1rceles (SNAI), no existe ning\u00fan reh\u00e9n que haya sido asesinado. La Asociaci\u00f3n de Servidores del Cuerpo de Seguridad y Vigilancia Penitenciaria de Ecuador present\u00f3 una acci\u00f3n jur\u00eddica y rechaz\u00f3 que los agentes penitenciarios tomados por rehenes contin\u00faen secuestrados en las prisiones.<br \/>\nLas prisiones donde hay toma de rehenes est\u00e1n ubicadas en las provincias de El Oro, Cotopaxi, Loja, Azuay, Tungurahua, Ca\u00f1ar y Esmeraldas.<br \/>\nLas autoridades policiales de Loja informaron a la prensa local, que en la c\u00e1rcel de esa ciudad hay 16 gu\u00edas rete\u00f1idos desde el martes y confirmaron que los agentes penitenciarios est\u00e1n bien.<br \/>\nEl Servicio de c\u00e1rceles tambi\u00e9n inform\u00f3 que la noche del 10 de enero de 2024, en la Penitenciar\u00eda de El Oro hubo incidentes provocados por los presidiarios: \u201cJunto con la Polic\u00eda Nacional se trabaja para restablecer el orden\u201d.<br \/>\nMientras que en la c\u00e1rcel de Santo Domingo se confirm\u00f3 la fuga de tres presos y se activaron las operaciones interinstitucionales correspondientes. Todav\u00eda contin\u00faa con la b\u00fasqueda.<br \/>\nAsimismo, en la c\u00e1rcel de Esmeraldas, la madrugada de ayer 11 de enero, un grupo de presos desde el interior del centro dispararon contra personal de Fuerzas Armadas que se encontraba en el exterior. Los miembros de las Fuerzas Armadas reaccionaron para controlar la situaci\u00f3n, expres\u00f3 el servicio de c\u00e1rceles. (Infobae)<\/p>\n","protected":false},"excerpt":{"rendered":"<p>El Servicio de Atenci\u00f3n Integral, entidad encargada de las c\u00e1rceles de Ecuador, inform\u00f3 que 178 personas son rehenes de los grupos criminales en siete prisiones del pa\u00eds. La actualizaci\u00f3n ocurre a cuatro d\u00edas de iniciados los amotinamientos. Aunque se mantienen operaciones y protocolos de seguridad para liberar a los retenidos, a\u00fan las fuerzas del orden [&hellip;]<\/p>\n","protected":false},"author":1,"featured_media":197182,"comment_status":"open","ping_status":"open","sticky":false,"template":"","format":"standard","meta":{"_acf_changed":false,"footnotes":""},"categories":[3],"tags":[],"class_list":["post-197181","post","type-post","status-publish","format-standard","has-post-thumbnail","category-internacional"],"acf":{"antetitulo":"En 7 diferentes prisiones de Ecuador"},"yoast_head":"<!-- This site is optimized with the Yoast SEO plugin v28.3 - https:\/\/yoast.com\/product\/yoast-seo-wordpress\/ -->\n<title>Bandas criminales mantienen a 178 rehenes y controlan siete c\u00e1rceles - El Diario - Bolivia<\/title>\n<meta name=\"robots\" content=\"index, follow, max-snippet:-1, max-image-preview:large, max-video-preview:-1\" \/>\n<link rel=\"canonical\" href=\"https:\/\/www.eldiario.net\/portal\/2024\/01\/12\/bandas-criminales-mantienen-a-178-rehenes-y-controlan-siete-carceles\/\" \/>\n<meta property=\"og:locale\" content=\"es_ES\" \/>\n<meta property=\"og:type\" content=\"article\" \/>\n<meta property=\"og:title\" content=\"Bandas criminales mantienen a 178 rehenes y controlan siete c\u00e1rceles - El Diario - Bolivia\" \/>\n<meta property=\"og:description\" content=\"El Servicio de Atenci\u00f3n Integral, entidad encargada de las c\u00e1rceles de Ecuador, inform\u00f3 que 178 personas son rehenes de los grupos criminales en siete prisiones del pa\u00eds. La actualizaci\u00f3n ocurre a cuatro d\u00edas de iniciados los amotinamientos. Aunque se mantienen operaciones y protocolos de seguridad para liberar a los retenidos, a\u00fan las fuerzas del orden [&hellip;]\" \/>\n<meta property=\"og:url\" content=\"https:\/\/www.eldiario.net\/portal\/2024\/01\/12\/bandas-criminales-mantienen-a-178-rehenes-y-controlan-siete-carceles\/\" \/>\n<meta property=\"og:site_name\" content=\"El Diario - Bolivia\" \/>\n<meta property=\"article:publisher\" content=\"https:\/\/www.facebook.com\/eldiario.bolivia\/\" \/>\n<meta property=\"article:published_time\" content=\"2024-01-12T10:58:08+00:00\" \/>\n<meta property=\"og:image\" content=\"https:\/\/www.eldiario.net\/portal\/wp-content\/uploads\/2024\/01\/RETENIDOS.jpg\" \/>\n\t<meta property=\"og:image:width\" content=\"992\" \/>\n\t<meta property=\"og:image:height\" content=\"558\" \/>\n\t<meta property=\"og:image:type\" content=\"image\/jpeg\" \/>\n<meta name=\"author\" content=\"Jeanette\" \/>\n<meta name=\"twitter:card\" content=\"summary_large_image\" \/>\n<meta name=\"twitter:creator\" content=\"@eldiario_net\" \/>\n<meta name=\"twitter:site\" content=\"@eldiario_net\" \/>\n<meta name=\"twitter:label1\" content=\"Escrito por\" \/>\n\t<meta name=\"twitter:data1\" content=\"Jeanette\" \/>\n\t<meta name=\"twitter:label2\" content=\"Tiempo de lectura\" \/>\n\t<meta name=\"twitter:data2\" content=\"2 minutos\" \/>\n<script type=\"application\/ld+json\" class=\"yoast-schema-graph\">{\"@context\":\"https:\\\/\\\/schema.org\",\"@graph\":[{\"@type\":\"Article\",\"@id\":\"https:\\\/\\\/www.eldiario.net\\\/portal\\\/2024\\\/01\\\/12\\\/bandas-criminales-mantienen-a-178-rehenes-y-controlan-siete-carceles\\\/#article\",\"isPartOf\":{\"@id\":\"https:\\\/\\\/www.eldiario.net\\\/portal\\\/2024\\\/01\\\/12\\\/bandas-criminales-mantienen-a-178-rehenes-y-controlan-siete-carceles\\\/\"},\"author\":{\"name\":\"Jeanette\",\"@id\":\"https:\\\/\\\/www.eldiario.net\\\/portal\\\/#\\\/schema\\\/person\\\/f46445640444750d7d753ccd04ae01b7\"},\"headline\":\"Bandas criminales mantienen a 178 rehenes y controlan siete c\u00e1rceles\",\"datePublished\":\"2024-01-12T10:58:08+00:00\",\"mainEntityOfPage\":{\"@id\":\"https:\\\/\\\/www.eldiario.net\\\/portal\\\/2024\\\/01\\\/12\\\/bandas-criminales-mantienen-a-178-rehenes-y-controlan-siete-carceles\\\/\"},\"wordCount\":367,\"commentCount\":0,\"publisher\":{\"@id\":\"https:\\\/\\\/www.eldiario.net\\\/portal\\\/#organization\"},\"image\":{\"@id\":\"https:\\\/\\\/www.eldiario.net\\\/portal\\\/2024\\\/01\\\/12\\\/bandas-criminales-mantienen-a-178-rehenes-y-controlan-siete-carceles\\\/#primaryimage\"},\"thumbnailUrl\":\"https:\\\/\\\/www.eldiario.net\\\/portal\\\/wp-content\\\/uploads\\\/2024\\\/01\\\/RETENIDOS.jpg\",\"articleSection\":[\"Internacional\"],\"inLanguage\":\"es\",\"potentialAction\":[{\"@type\":\"CommentAction\",\"name\":\"Comment\",\"target\":[\"https:\\\/\\\/www.eldiario.net\\\/portal\\\/2024\\\/01\\\/12\\\/bandas-criminales-mantienen-a-178-rehenes-y-controlan-siete-carceles\\\/#respond\"]}]},{\"@type\":\"WebPage\",\"@id\":\"https:\\\/\\\/www.eldiario.net\\\/portal\\\/2024\\\/01\\\/12\\\/bandas-criminales-mantienen-a-178-rehenes-y-controlan-siete-carceles\\\/\",\"url\":\"https:\\\/\\\/www.eldiario.net\\\/portal\\\/2024\\\/01\\\/12\\\/bandas-criminales-mantienen-a-178-rehenes-y-controlan-siete-carceles\\\/\",\"name\":\"Bandas criminales mantienen a 178 rehenes y controlan siete c\u00e1rceles - El Diario - Bolivia\",\"isPartOf\":{\"@id\":\"https:\\\/\\\/www.eldiario.net\\\/portal\\\/#website\"},\"primaryImageOfPage\":{\"@id\":\"https:\\\/\\\/www.eldiario.net\\\/portal\\\/2024\\\/01\\\/12\\\/bandas-criminales-mantienen-a-178-rehenes-y-controlan-siete-carceles\\\/#primaryimage\"},\"image\":{\"@id\":\"https:\\\/\\\/www.eldiario.net\\\/portal\\\/2024\\\/01\\\/12\\\/bandas-criminales-mantienen-a-178-rehenes-y-controlan-siete-carceles\\\/#primaryimage\"},\"thumbnailUrl\":\"https:\\\/\\\/www.eldiario.net\\\/portal\\\/wp-content\\\/uploads\\\/2024\\\/01\\\/RETENIDOS.jpg\",\"datePublished\":\"2024-01-12T10:58:08+00:00\",\"breadcrumb\":{\"@id\":\"https:\\\/\\\/www.eldiario.net\\\/portal\\\/2024\\\/01\\\/12\\\/bandas-criminales-mantienen-a-178-rehenes-y-controlan-siete-carceles\\\/#breadcrumb\"},\"inLanguage\":\"es\",\"potentialAction\":[{\"@type\":\"ReadAction\",\"target\":[\"https:\\\/\\\/www.eldiario.net\\\/portal\\\/2024\\\/01\\\/12\\\/bandas-criminales-mantienen-a-178-rehenes-y-controlan-siete-carceles\\\/\"]}]},{\"@type\":\"ImageObject\",\"inLanguage\":\"es\",\"@id\":\"https:\\\/\\\/www.eldiario.net\\\/portal\\\/2024\\\/01\\\/12\\\/bandas-criminales-mantienen-a-178-rehenes-y-controlan-siete-carceles\\\/#primaryimage\",\"url\":\"https:\\\/\\\/www.eldiario.net\\\/portal\\\/wp-content\\\/uploads\\\/2024\\\/01\\\/RETENIDOS.jpg\",\"contentUrl\":\"https:\\\/\\\/www.eldiario.net\\\/portal\\\/wp-content\\\/uploads\\\/2024\\\/01\\\/RETENIDOS.jpg\",\"width\":992,\"height\":558,\"caption\":\"AUTORIDADES ASEGURARON QUE NO EXISTE NING\u00daN REH\u00c9N QUE HAYA MUERTO. Infobae\"},{\"@type\":\"BreadcrumbList\",\"@id\":\"https:\\\/\\\/www.eldiario.net\\\/portal\\\/2024\\\/01\\\/12\\\/bandas-criminales-mantienen-a-178-rehenes-y-controlan-siete-carceles\\\/#breadcrumb\",\"itemListElement\":[{\"@type\":\"ListItem\",\"position\":1,\"name\":\"Portada\",\"item\":\"https:\\\/\\\/www.eldiario.net\\\/portal\\\/\"},{\"@type\":\"ListItem\",\"position\":2,\"name\":\"Bandas criminales mantienen a 178 rehenes y controlan siete c\u00e1rceles\"}]},{\"@type\":\"WebSite\",\"@id\":\"https:\\\/\\\/www.eldiario.net\\\/portal\\\/#website\",\"url\":\"https:\\\/\\\/www.eldiario.net\\\/portal\\\/\",\"name\":\"El Diario - Decano de la prensa nacional\",\"description\":\"El Diario - Decano de la prensa nacional\",\"publisher\":{\"@id\":\"https:\\\/\\\/www.eldiario.net\\\/portal\\\/#organization\"},\"potentialAction\":[{\"@type\":\"SearchAction\",\"target\":{\"@type\":\"EntryPoint\",\"urlTemplate\":\"https:\\\/\\\/www.eldiario.net\\\/portal\\\/?s={search_term_string}\"},\"query-input\":{\"@type\":\"PropertyValueSpecification\",\"valueRequired\":true,\"valueName\":\"search_term_string\"}}],\"inLanguage\":\"es\"},{\"@type\":\"Organization\",\"@id\":\"https:\\\/\\\/www.eldiario.net\\\/portal\\\/#organization\",\"name\":\"El Diario - Decano de la prensa nacional\",\"url\":\"https:\\\/\\\/www.eldiario.net\\\/portal\\\/\",\"logo\":{\"@type\":\"ImageObject\",\"inLanguage\":\"es\",\"@id\":\"https:\\\/\\\/www.eldiario.net\\\/portal\\\/#\\\/schema\\\/logo\\\/image\\\/\",\"url\":\"https:\\\/\\\/www.eldiario.net\\\/portal\\\/wp-content\\\/uploads\\\/2023\\\/07\\\/logo_ED.jpg\",\"contentUrl\":\"https:\\\/\\\/www.eldiario.net\\\/portal\\\/wp-content\\\/uploads\\\/2023\\\/07\\\/logo_ED.jpg\",\"width\":272,\"height\":52,\"caption\":\"El Diario - Decano de la prensa nacional\"},\"image\":{\"@id\":\"https:\\\/\\\/www.eldiario.net\\\/portal\\\/#\\\/schema\\\/logo\\\/image\\\/\"},\"sameAs\":[\"https:\\\/\\\/www.facebook.com\\\/eldiario.bolivia\\\/\",\"https:\\\/\\\/x.com\\\/eldiario_net\"]},{\"@type\":\"Person\",\"@id\":\"https:\\\/\\\/www.eldiario.net\\\/portal\\\/#\\\/schema\\\/person\\\/f46445640444750d7d753ccd04ae01b7\",\"name\":\"Jeanette\",\"image\":{\"@type\":\"ImageObject\",\"inLanguage\":\"es\",\"@id\":\"https:\\\/\\\/secure.gravatar.com\\\/avatar\\\/3ea2118a5f7dad2b7138b1187a6b7ee55f160b9968b66013c3a3ef39dd7e5798?s=96&d=mm&r=g\",\"url\":\"https:\\\/\\\/secure.gravatar.com\\\/avatar\\\/3ea2118a5f7dad2b7138b1187a6b7ee55f160b9968b66013c3a3ef39dd7e5798?s=96&d=mm&r=g\",\"contentUrl\":\"https:\\\/\\\/secure.gravatar.com\\\/avatar\\\/3ea2118a5f7dad2b7138b1187a6b7ee55f160b9968b66013c3a3ef39dd7e5798?s=96&d=mm&r=g\",\"caption\":\"Jeanette\"},\"sameAs\":[\"https:\\\/\\\/www.eldiario.net\\\/portal\"],\"url\":\"https:\\\/\\\/www.eldiario.net\\\/portal\\\/author\\\/jeanette\\\/\"}]}<\/script>\n<!-- \/ Yoast SEO plugin. -->","yoast_head_json":{"title":"Bandas criminales mantienen a 178 rehenes y controlan siete c\u00e1rceles - El Diario - Bolivia","robots":{"index":"index","follow":"follow","max-snippet":"max-snippet:-1","max-image-preview":"max-image-preview:large","max-video-preview":"max-video-preview:-1"},"canonical":"https:\/\/www.eldiario.net\/portal\/2024\/01\/12\/bandas-criminales-mantienen-a-178-rehenes-y-controlan-siete-carceles\/","og_locale":"es_ES","og_type":"article","og_title":"Bandas criminales mantienen a 178 rehenes y controlan siete c\u00e1rceles - El Diario - Bolivia","og_description":"El Servicio de Atenci\u00f3n Integral, entidad encargada de las c\u00e1rceles de Ecuador, inform\u00f3 que 178 personas son rehenes de los grupos criminales en siete prisiones del pa\u00eds. La actualizaci\u00f3n ocurre a cuatro d\u00edas de iniciados los amotinamientos. Aunque se mantienen operaciones y protocolos de seguridad para liberar a los retenidos, a\u00fan las fuerzas del orden [&hellip;]","og_url":"https:\/\/www.eldiario.net\/portal\/2024\/01\/12\/bandas-criminales-mantienen-a-178-rehenes-y-controlan-siete-carceles\/","og_site_name":"El Diario - Bolivia","article_publisher":"https:\/\/www.facebook.com\/eldiario.bolivia\/","article_published_time":"2024-01-12T10:58:08+00:00","og_image":[{"width":992,"height":558,"url":"https:\/\/www.eldiario.net\/portal\/wp-content\/uploads\/2024\/01\/RETENIDOS.jpg","type":"image\/jpeg"}],"author":"Jeanette","twitter_card":"summary_large_image","twitter_creator":"@eldiario_net","twitter_site":"@eldiario_net","twitter_misc":{"Escrito por":"Jeanette","Tiempo de lectura":"2 minutos"},"schema":{"@context":"https:\/\/schema.org","@graph":[{"@type":"Article","@id":"https:\/\/www.eldiario.net\/portal\/2024\/01\/12\/bandas-criminales-mantienen-a-178-rehenes-y-controlan-siete-carceles\/#article","isPartOf":{"@id":"https:\/\/www.eldiario.net\/portal\/2024\/01\/12\/bandas-criminales-mantienen-a-178-rehenes-y-controlan-siete-carceles\/"},"author":{"name":"Jeanette","@id":"https:\/\/www.eldiario.net\/portal\/#\/schema\/person\/f46445640444750d7d753ccd04ae01b7"},"headline":"Bandas criminales mantienen a 178 rehenes y controlan siete c\u00e1rceles","datePublished":"2024-01-12T10:58:08+00:00","mainEntityOfPage":{"@id":"https:\/\/www.eldiario.net\/portal\/2024\/01\/12\/bandas-criminales-mantienen-a-178-rehenes-y-controlan-siete-carceles\/"},"wordCount":367,"commentCount":0,"publisher":{"@id":"https:\/\/www.eldiario.net\/portal\/#organization"},"image":{"@id":"https:\/\/www.eldiario.net\/portal\/2024\/01\/12\/bandas-criminales-mantienen-a-178-rehenes-y-controlan-siete-carceles\/#primaryimage"},"thumbnailUrl":"https:\/\/www.eldiario.net\/portal\/wp-content\/uploads\/2024\/01\/RETENIDOS.jpg","articleSection":["Internacional"],"inLanguage":"es","potentialAction":[{"@type":"CommentAction","name":"Comment","target":["https:\/\/www.eldiario.net\/portal\/2024\/01\/12\/bandas-criminales-mantienen-a-178-rehenes-y-controlan-siete-carceles\/#respond"]}]},{"@type":"WebPage","@id":"https:\/\/www.eldiario.net\/portal\/2024\/01\/12\/bandas-criminales-mantienen-a-178-rehenes-y-controlan-siete-carceles\/","url":"https:\/\/www.eldiario.net\/portal\/2024\/01\/12\/bandas-criminales-mantienen-a-178-rehenes-y-controlan-siete-carceles\/","name":"Bandas criminales mantienen a 178 rehenes y controlan siete c\u00e1rceles - El Diario - Bolivia","isPartOf":{"@id":"https:\/\/www.eldiario.net\/portal\/#website"},"primaryImageOfPage":{"@id":"https:\/\/www.eldiario.net\/portal\/2024\/01\/12\/bandas-criminales-mantienen-a-178-rehenes-y-controlan-siete-carceles\/#primaryimage"},"image":{"@id":"https:\/\/www.eldiario.net\/portal\/2024\/01\/12\/bandas-criminales-mantienen-a-178-rehenes-y-controlan-siete-carceles\/#primaryimage"},"thumbnailUrl":"https:\/\/www.eldiario.net\/portal\/wp-content\/uploads\/2024\/01\/RETENIDOS.jpg","datePublished":"2024-01-12T10:58:08+00:00","breadcrumb":{"@id":"https:\/\/www.eldiario.net\/portal\/2024\/01\/12\/bandas-criminales-mantienen-a-178-rehenes-y-controlan-siete-carceles\/#breadcrumb"},"inLanguage":"es","potentialAction":[{"@type":"ReadAction","target":["https:\/\/www.eldiario.net\/portal\/2024\/01\/12\/bandas-criminales-mantienen-a-178-rehenes-y-controlan-siete-carceles\/"]}]},{"@type":"ImageObject","inLanguage":"es","@id":"https:\/\/www.eldiario.net\/portal\/2024\/01\/12\/bandas-criminales-mantienen-a-178-rehenes-y-controlan-siete-carceles\/#primaryimage","url":"https:\/\/www.eldiario.net\/portal\/wp-content\/uploads\/2024\/01\/RETENIDOS.jpg","contentUrl":"https:\/\/www.eldiario.net\/portal\/wp-content\/uploads\/2024\/01\/RETENIDOS.jpg","width":992,"height":558,"caption":"AUTORIDADES ASEGURARON QUE NO EXISTE NING\u00daN REH\u00c9N QUE HAYA MUERTO. Infobae"},{"@type":"BreadcrumbList","@id":"https:\/\/www.eldiario.net\/portal\/2024\/01\/12\/bandas-criminales-mantienen-a-178-rehenes-y-controlan-siete-carceles\/#breadcrumb","itemListElement":[{"@type":"ListItem","position":1,"name":"Portada","item":"https:\/\/www.eldiario.net\/portal\/"},{"@type":"ListItem","position":2,"name":"Bandas criminales mantienen a 178 rehenes y controlan siete c\u00e1rceles"}]},{"@type":"WebSite","@id":"https:\/\/www.eldiario.net\/portal\/#website","url":"https:\/\/www.eldiario.net\/portal\/","name":"El Diario - Decano de la prensa nacional","description":"El Diario - Decano de la prensa nacional","publisher":{"@id":"https:\/\/www.eldiario.net\/portal\/#organization"},"potentialAction":[{"@type":"SearchAction","target":{"@type":"EntryPoint","urlTemplate":"https:\/\/www.eldiario.net\/portal\/?s={search_term_string}"},"query-input":{"@type":"PropertyValueSpecification","valueRequired":true,"valueName":"search_term_string"}}],"inLanguage":"es"},{"@type":"Organization","@id":"https:\/\/www.eldiario.net\/portal\/#organization","name":"El Diario - Decano de la prensa nacional","url":"https:\/\/www.eldiario.net\/portal\/","logo":{"@type":"ImageObject","inLanguage":"es","@id":"https:\/\/www.eldiario.net\/portal\/#\/schema\/logo\/image\/","url":"https:\/\/www.eldiario.net\/portal\/wp-content\/uploads\/2023\/07\/logo_ED.jpg","contentUrl":"https:\/\/www.eldiario.net\/portal\/wp-content\/uploads\/2023\/07\/logo_ED.jpg","width":272,"height":52,"caption":"El Diario - Decano de la prensa nacional"},"image":{"@id":"https:\/\/www.eldiario.net\/portal\/#\/schema\/logo\/image\/"},"sameAs":["https:\/\/www.facebook.com\/eldiario.bolivia\/","https:\/\/x.com\/eldiario_net"]},{"@type":"Person","@id":"https:\/\/www.eldiario.net\/portal\/#\/schema\/person\/f46445640444750d7d753ccd04ae01b7","name":"Jeanette","image":{"@type":"ImageObject","inLanguage":"es","@id":"https:\/\/secure.gravatar.com\/avatar\/3ea2118a5f7dad2b7138b1187a6b7ee55f160b9968b66013c3a3ef39dd7e5798?s=96&d=mm&r=g","url":"https:\/\/secure.gravatar.com\/avatar\/3ea2118a5f7dad2b7138b1187a6b7ee55f160b9968b66013c3a3ef39dd7e5798?s=96&d=mm&r=g","contentUrl":"https:\/\/secure.gravatar.com\/avatar\/3ea2118a5f7dad2b7138b1187a6b7ee55f160b9968b66013c3a3ef39dd7e5798?s=96&d=mm&r=g","caption":"Jeanette"},"sameAs":["https:\/\/www.eldiario.net\/portal"],"url":"https:\/\/www.eldiario.net\/portal\/author\/jeanette\/"}]}},"_links":{"self":[{"href":"https:\/\/www.eldiario.net\/portal\/wp-json\/wp\/v2\/posts\/197181","targetHints":{"allow":["GET"]}}],"collection":[{"href":"https:\/\/www.eldiario.net\/portal\/wp-json\/wp\/v2\/posts"}],"about":[{"href":"https:\/\/www.eldiario.net\/portal\/wp-json\/wp\/v2\/types\/post"}],"author":[{"embeddable":true,"href":"https:\/\/www.eldiario.net\/portal\/wp-json\/wp\/v2\/users\/1"}],"replies":[{"embeddable":true,"href":"https:\/\/www.eldiario.net\/portal\/wp-json\/wp\/v2\/comments?post=197181"}],"version-history":[{"count":1,"href":"https:\/\/www.eldiario.net\/portal\/wp-json\/wp\/v2\/posts\/197181\/revisions"}],"predecessor-version":[{"id":197183,"href":"https:\/\/www.eldiario.net\/portal\/wp-json\/wp\/v2\/posts\/197181\/revisions\/197183"}],"wp:featuredmedia":[{"embeddable":true,"href":"https:\/\/www.eldiario.net\/portal\/wp-json\/wp\/v2\/media\/197182"}],"wp:attachment":[{"href":"https:\/\/www.eldiario.net\/portal\/wp-json\/wp\/v2\/media?parent=197181"}],"wp:term":[{"taxonomy":"category","embeddable":true,"href":"https:\/\/www.eldiario.net\/portal\/wp-json\/wp\/v2\/categories?post=197181"},{"taxonomy":"post_tag","embeddable":true,"href":"https:\/\/www.eldiario.net\/portal\/wp-json\/wp\/v2\/tags?post=197181"}],"curies":[{"name":"wp","href":"https:\/\/api.w.org\/{rel}","templated":true}]}}