{"id":197178,"date":"2024-01-12T06:57:07","date_gmt":"2024-01-12T10:57:07","guid":{"rendered":"https:\/\/www.eldiario.net\/portal\/?p=197178"},"modified":"2024-01-12T06:57:07","modified_gmt":"2024-01-12T10:57:07","slug":"periodistas-espanoles-repudian-ataque-y-la-toma-de-rehenes-en-tc-television","status":"publish","type":"post","link":"https:\/\/www.eldiario.net\/portal\/2024\/01\/12\/periodistas-espanoles-repudian-ataque-y-la-toma-de-rehenes-en-tc-television\/","title":{"rendered":"Periodistas espa\u00f1oles repudian ataque y la toma de rehenes en TC Televisi\u00f3n"},"content":{"rendered":"<p>La Federaci\u00f3n de Asociaciones de Periodistas de Espa\u00f1a (FAPE) se suma a la Federaci\u00f3n Internacional de Periodistas (FIP), a la que pertenece, y a la Federaci\u00f3n de Periodistas de Am\u00e9rica Latina y el Caribe (Fepalc), para expresar su repudio ante el ataque y la toma de rehenes en instalaciones de TC Televisi\u00f3n as\u00ed como otras situaciones similares que se registraron en medios de comunicaci\u00f3n de Ecuador por parte de grupos del crimen organizado.<br \/>\nDichas federaciones tambi\u00e9n se mantienen en alerta ante el crecimiento exponencial de la violencia contra periodistas y trabajadores de prensa en el pa\u00eds, que termin\u00f3 de evidenciarse en estos hechos.<br \/>\nLa organizaci\u00f3n destaca que, en tiempos de crisis, la labor informativa es imprescindible para garantizar el derecho a la informaci\u00f3n y preservar la democracia.<br \/>\nDurante la jornada del d\u00eda 9 de enero, se registraron en todo Ecuador hechos de violencia armada por parte de grupos del crimen organizado tras la declaraci\u00f3n del Estado de Excepci\u00f3n anunciado por el nuevo presidente, Daniel Noboa.<br \/>\nEsta medida fue lanzada ante la grave crisis de seguridad que atraviesa el pa\u00eds, que se profundiz\u00f3 en el \u00faltimo a\u00f1o y que tuvo impacto directo en las condiciones en las que realizan su labor los trabajadores de los medios de comunicaci\u00f3n.<br \/>\nEsto qued\u00f3 evidenciado en el ataque a TC Televisi\u00f3n, en la ciudad de Guayaquil, en donde un grupo armado irrumpi\u00f3 en la transmisi\u00f3n en directo del noticiero y oblig\u00f3 a los trabajadores que all\u00ed se encontraban a que continuaran con la programaci\u00f3n para usar esa plataforma a fin de comunicar sus intenciones. Numerosos trabajadores fueron tomados como rehenes y, tras m\u00e1s de dos horas de tensi\u00f3n, fueron liberados y los responsables fueron detenidos por las fuerzas de seguridad.<br \/>\nHechos similares fueron registrados en Gama TV, donde hubo secuestros de trabajadores del medio que fueron posteriormente liberados. Periodistas de otros medios de comunicaci\u00f3n afirmaron haber recibido llamados intimidatorios de grupos del crimen organizado.<br \/>\n\u201cDesde la FIP y la Fepalc repudiamos en\u00e9rgicamente este hecho sin precedentes en Ecuador. Rechazamos que los periodistas sean blanco de ataques, nos solidarizamos con nuestros colegas y demandamos se active de inmediato el mecanismo de protecci\u00f3n a periodistas en todo el pa\u00eds de manera urgente\u201d, expresaron la vicepresidenta de la FIP, Zuliana Lainez; y el presidente de la Fepalc, \u00c1lvaro Pan Cruz.<br \/>\nLa Federaci\u00f3n Nacional de Periodistas del Ecuador (Fenape) emiti\u00f3 un comunicado en el que rechaza lo sucedido y hace un llamado urgente a las autoridades nacionales, inst\u00e1ndolas a proporcionar seguridad al ejercicio period\u00edstico.<br \/>\nLa FAPE, la FIP y la Fepalc se suman a sus demandas. En un contexto de alarmante violencia, en el que numerosos periodistas fueron obligados a dejar el pa\u00eds o v\u00edctimas de ataques, las organizaciones de periodistas consideran necesario que se activen de manera urgente los mecanismos de protecci\u00f3n de la labor period\u00edstica.<br \/>\n\u201cEn momentos de crisis, el derecho a la informaci\u00f3n es fundamental para los sistemas democr\u00e1ticos, y los trabajadores de la comunicaci\u00f3n deben poder realizar su trabajo de manera segura, algo que debe ser garantizado por las autoridades\u201d, concluye la FAPE. (Europa Press)<\/p>\n","protected":false},"excerpt":{"rendered":"<p>La Federaci\u00f3n de Asociaciones de Periodistas de Espa\u00f1a (FAPE) se suma a la Federaci\u00f3n Internacional de Periodistas (FIP), a la que pertenece, y a la Federaci\u00f3n de Periodistas de Am\u00e9rica Latina y el Caribe (Fepalc), para expresar su repudio ante el ataque y la toma de rehenes en instalaciones de TC Televisi\u00f3n as\u00ed como otras [&hellip;]<\/p>\n","protected":false},"author":1,"featured_media":197179,"comment_status":"open","ping_status":"open","sticky":false,"template":"","format":"standard","meta":{"_acf_changed":false,"footnotes":""},"categories":[3],"tags":[],"class_list":["post-197178","post","type-post","status-publish","format-standard","has-post-thumbnail","category-internacional"],"acf":{"antetitulo":"Adem\u00e1s de otros medios de Ecuador"},"yoast_head":"<!-- This site is optimized with the Yoast SEO plugin v28.3 - https:\/\/yoast.com\/product\/yoast-seo-wordpress\/ -->\n<title>Periodistas espa\u00f1oles repudian ataque y la toma de rehenes en TC Televisi\u00f3n - El Diario - Bolivia<\/title>\n<meta name=\"robots\" content=\"index, follow, max-snippet:-1, max-image-preview:large, max-video-preview:-1\" \/>\n<link rel=\"canonical\" href=\"https:\/\/www.eldiario.net\/portal\/2024\/01\/12\/periodistas-espanoles-repudian-ataque-y-la-toma-de-rehenes-en-tc-television\/\" \/>\n<meta property=\"og:locale\" content=\"es_ES\" \/>\n<meta property=\"og:type\" content=\"article\" \/>\n<meta property=\"og:title\" content=\"Periodistas espa\u00f1oles repudian ataque y la toma de rehenes en TC Televisi\u00f3n - El Diario - Bolivia\" \/>\n<meta property=\"og:description\" content=\"La Federaci\u00f3n de Asociaciones de Periodistas de Espa\u00f1a (FAPE) se suma a la Federaci\u00f3n Internacional de Periodistas (FIP), a la que pertenece, y a la Federaci\u00f3n de Periodistas de Am\u00e9rica Latina y el Caribe (Fepalc), para expresar su repudio ante el ataque y la toma de rehenes en instalaciones de TC Televisi\u00f3n as\u00ed como otras [&hellip;]\" \/>\n<meta property=\"og:url\" content=\"https:\/\/www.eldiario.net\/portal\/2024\/01\/12\/periodistas-espanoles-repudian-ataque-y-la-toma-de-rehenes-en-tc-television\/\" \/>\n<meta property=\"og:site_name\" content=\"El Diario - Bolivia\" \/>\n<meta property=\"article:publisher\" content=\"https:\/\/www.facebook.com\/eldiario.bolivia\/\" \/>\n<meta property=\"article:published_time\" content=\"2024-01-12T10:57:07+00:00\" \/>\n<meta property=\"og:image\" content=\"https:\/\/www.eldiario.net\/portal\/wp-content\/uploads\/2024\/01\/CANAL.jpg\" \/>\n\t<meta property=\"og:image:width\" content=\"1007\" \/>\n\t<meta property=\"og:image:height\" content=\"670\" \/>\n\t<meta property=\"og:image:type\" content=\"image\/jpeg\" \/>\n<meta name=\"author\" content=\"Jeanette\" \/>\n<meta name=\"twitter:card\" content=\"summary_large_image\" \/>\n<meta name=\"twitter:creator\" content=\"@eldiario_net\" \/>\n<meta name=\"twitter:site\" content=\"@eldiario_net\" \/>\n<meta name=\"twitter:label1\" content=\"Escrito por\" \/>\n\t<meta name=\"twitter:data1\" content=\"Jeanette\" \/>\n\t<meta name=\"twitter:label2\" content=\"Tiempo de lectura\" \/>\n\t<meta name=\"twitter:data2\" content=\"3 minutos\" \/>\n<script type=\"application\/ld+json\" class=\"yoast-schema-graph\">{\"@context\":\"https:\\\/\\\/schema.org\",\"@graph\":[{\"@type\":\"Article\",\"@id\":\"https:\\\/\\\/www.eldiario.net\\\/portal\\\/2024\\\/01\\\/12\\\/periodistas-espanoles-repudian-ataque-y-la-toma-de-rehenes-en-tc-television\\\/#article\",\"isPartOf\":{\"@id\":\"https:\\\/\\\/www.eldiario.net\\\/portal\\\/2024\\\/01\\\/12\\\/periodistas-espanoles-repudian-ataque-y-la-toma-de-rehenes-en-tc-television\\\/\"},\"author\":{\"name\":\"Jeanette\",\"@id\":\"https:\\\/\\\/www.eldiario.net\\\/portal\\\/#\\\/schema\\\/person\\\/f46445640444750d7d753ccd04ae01b7\"},\"headline\":\"Periodistas espa\u00f1oles repudian ataque y la toma de rehenes en TC Televisi\u00f3n\",\"datePublished\":\"2024-01-12T10:57:07+00:00\",\"mainEntityOfPage\":{\"@id\":\"https:\\\/\\\/www.eldiario.net\\\/portal\\\/2024\\\/01\\\/12\\\/periodistas-espanoles-repudian-ataque-y-la-toma-de-rehenes-en-tc-television\\\/\"},\"wordCount\":559,\"commentCount\":0,\"publisher\":{\"@id\":\"https:\\\/\\\/www.eldiario.net\\\/portal\\\/#organization\"},\"image\":{\"@id\":\"https:\\\/\\\/www.eldiario.net\\\/portal\\\/2024\\\/01\\\/12\\\/periodistas-espanoles-repudian-ataque-y-la-toma-de-rehenes-en-tc-television\\\/#primaryimage\"},\"thumbnailUrl\":\"https:\\\/\\\/www.eldiario.net\\\/portal\\\/wp-content\\\/uploads\\\/2024\\\/01\\\/CANAL.jpg\",\"articleSection\":[\"Internacional\"],\"inLanguage\":\"es\",\"potentialAction\":[{\"@type\":\"CommentAction\",\"name\":\"Comment\",\"target\":[\"https:\\\/\\\/www.eldiario.net\\\/portal\\\/2024\\\/01\\\/12\\\/periodistas-espanoles-repudian-ataque-y-la-toma-de-rehenes-en-tc-television\\\/#respond\"]}]},{\"@type\":\"WebPage\",\"@id\":\"https:\\\/\\\/www.eldiario.net\\\/portal\\\/2024\\\/01\\\/12\\\/periodistas-espanoles-repudian-ataque-y-la-toma-de-rehenes-en-tc-television\\\/\",\"url\":\"https:\\\/\\\/www.eldiario.net\\\/portal\\\/2024\\\/01\\\/12\\\/periodistas-espanoles-repudian-ataque-y-la-toma-de-rehenes-en-tc-television\\\/\",\"name\":\"Periodistas espa\u00f1oles repudian ataque y la toma de rehenes en TC Televisi\u00f3n - El Diario - Bolivia\",\"isPartOf\":{\"@id\":\"https:\\\/\\\/www.eldiario.net\\\/portal\\\/#website\"},\"primaryImageOfPage\":{\"@id\":\"https:\\\/\\\/www.eldiario.net\\\/portal\\\/2024\\\/01\\\/12\\\/periodistas-espanoles-repudian-ataque-y-la-toma-de-rehenes-en-tc-television\\\/#primaryimage\"},\"image\":{\"@id\":\"https:\\\/\\\/www.eldiario.net\\\/portal\\\/2024\\\/01\\\/12\\\/periodistas-espanoles-repudian-ataque-y-la-toma-de-rehenes-en-tc-television\\\/#primaryimage\"},\"thumbnailUrl\":\"https:\\\/\\\/www.eldiario.net\\\/portal\\\/wp-content\\\/uploads\\\/2024\\\/01\\\/CANAL.jpg\",\"datePublished\":\"2024-01-12T10:57:07+00:00\",\"breadcrumb\":{\"@id\":\"https:\\\/\\\/www.eldiario.net\\\/portal\\\/2024\\\/01\\\/12\\\/periodistas-espanoles-repudian-ataque-y-la-toma-de-rehenes-en-tc-television\\\/#breadcrumb\"},\"inLanguage\":\"es\",\"potentialAction\":[{\"@type\":\"ReadAction\",\"target\":[\"https:\\\/\\\/www.eldiario.net\\\/portal\\\/2024\\\/01\\\/12\\\/periodistas-espanoles-repudian-ataque-y-la-toma-de-rehenes-en-tc-television\\\/\"]}]},{\"@type\":\"ImageObject\",\"inLanguage\":\"es\",\"@id\":\"https:\\\/\\\/www.eldiario.net\\\/portal\\\/2024\\\/01\\\/12\\\/periodistas-espanoles-repudian-ataque-y-la-toma-de-rehenes-en-tc-television\\\/#primaryimage\",\"url\":\"https:\\\/\\\/www.eldiario.net\\\/portal\\\/wp-content\\\/uploads\\\/2024\\\/01\\\/CANAL.jpg\",\"contentUrl\":\"https:\\\/\\\/www.eldiario.net\\\/portal\\\/wp-content\\\/uploads\\\/2024\\\/01\\\/CANAL.jpg\",\"width\":1007,\"height\":670},{\"@type\":\"BreadcrumbList\",\"@id\":\"https:\\\/\\\/www.eldiario.net\\\/portal\\\/2024\\\/01\\\/12\\\/periodistas-espanoles-repudian-ataque-y-la-toma-de-rehenes-en-tc-television\\\/#breadcrumb\",\"itemListElement\":[{\"@type\":\"ListItem\",\"position\":1,\"name\":\"Portada\",\"item\":\"https:\\\/\\\/www.eldiario.net\\\/portal\\\/\"},{\"@type\":\"ListItem\",\"position\":2,\"name\":\"Periodistas espa\u00f1oles repudian ataque y la toma de rehenes en TC Televisi\u00f3n\"}]},{\"@type\":\"WebSite\",\"@id\":\"https:\\\/\\\/www.eldiario.net\\\/portal\\\/#website\",\"url\":\"https:\\\/\\\/www.eldiario.net\\\/portal\\\/\",\"name\":\"El Diario - Decano de la prensa nacional\",\"description\":\"El Diario - Decano de la prensa nacional\",\"publisher\":{\"@id\":\"https:\\\/\\\/www.eldiario.net\\\/portal\\\/#organization\"},\"potentialAction\":[{\"@type\":\"SearchAction\",\"target\":{\"@type\":\"EntryPoint\",\"urlTemplate\":\"https:\\\/\\\/www.eldiario.net\\\/portal\\\/?s={search_term_string}\"},\"query-input\":{\"@type\":\"PropertyValueSpecification\",\"valueRequired\":true,\"valueName\":\"search_term_string\"}}],\"inLanguage\":\"es\"},{\"@type\":\"Organization\",\"@id\":\"https:\\\/\\\/www.eldiario.net\\\/portal\\\/#organization\",\"name\":\"El Diario - Decano de la prensa nacional\",\"url\":\"https:\\\/\\\/www.eldiario.net\\\/portal\\\/\",\"logo\":{\"@type\":\"ImageObject\",\"inLanguage\":\"es\",\"@id\":\"https:\\\/\\\/www.eldiario.net\\\/portal\\\/#\\\/schema\\\/logo\\\/image\\\/\",\"url\":\"https:\\\/\\\/www.eldiario.net\\\/portal\\\/wp-content\\\/uploads\\\/2023\\\/07\\\/logo_ED.jpg\",\"contentUrl\":\"https:\\\/\\\/www.eldiario.net\\\/portal\\\/wp-content\\\/uploads\\\/2023\\\/07\\\/logo_ED.jpg\",\"width\":272,\"height\":52,\"caption\":\"El Diario - Decano de la prensa nacional\"},\"image\":{\"@id\":\"https:\\\/\\\/www.eldiario.net\\\/portal\\\/#\\\/schema\\\/logo\\\/image\\\/\"},\"sameAs\":[\"https:\\\/\\\/www.facebook.com\\\/eldiario.bolivia\\\/\",\"https:\\\/\\\/x.com\\\/eldiario_net\"]},{\"@type\":\"Person\",\"@id\":\"https:\\\/\\\/www.eldiario.net\\\/portal\\\/#\\\/schema\\\/person\\\/f46445640444750d7d753ccd04ae01b7\",\"name\":\"Jeanette\",\"image\":{\"@type\":\"ImageObject\",\"inLanguage\":\"es\",\"@id\":\"https:\\\/\\\/secure.gravatar.com\\\/avatar\\\/3ea2118a5f7dad2b7138b1187a6b7ee55f160b9968b66013c3a3ef39dd7e5798?s=96&d=mm&r=g\",\"url\":\"https:\\\/\\\/secure.gravatar.com\\\/avatar\\\/3ea2118a5f7dad2b7138b1187a6b7ee55f160b9968b66013c3a3ef39dd7e5798?s=96&d=mm&r=g\",\"contentUrl\":\"https:\\\/\\\/secure.gravatar.com\\\/avatar\\\/3ea2118a5f7dad2b7138b1187a6b7ee55f160b9968b66013c3a3ef39dd7e5798?s=96&d=mm&r=g\",\"caption\":\"Jeanette\"},\"sameAs\":[\"https:\\\/\\\/www.eldiario.net\\\/portal\"],\"url\":\"https:\\\/\\\/www.eldiario.net\\\/portal\\\/author\\\/jeanette\\\/\"}]}<\/script>\n<!-- \/ Yoast SEO plugin. -->","yoast_head_json":{"title":"Periodistas espa\u00f1oles repudian ataque y la toma de rehenes en TC Televisi\u00f3n - El Diario - Bolivia","robots":{"index":"index","follow":"follow","max-snippet":"max-snippet:-1","max-image-preview":"max-image-preview:large","max-video-preview":"max-video-preview:-1"},"canonical":"https:\/\/www.eldiario.net\/portal\/2024\/01\/12\/periodistas-espanoles-repudian-ataque-y-la-toma-de-rehenes-en-tc-television\/","og_locale":"es_ES","og_type":"article","og_title":"Periodistas espa\u00f1oles repudian ataque y la toma de rehenes en TC Televisi\u00f3n - El Diario - Bolivia","og_description":"La Federaci\u00f3n de Asociaciones de Periodistas de Espa\u00f1a (FAPE) se suma a la Federaci\u00f3n Internacional de Periodistas (FIP), a la que pertenece, y a la Federaci\u00f3n de Periodistas de Am\u00e9rica Latina y el Caribe (Fepalc), para expresar su repudio ante el ataque y la toma de rehenes en instalaciones de TC Televisi\u00f3n as\u00ed como otras [&hellip;]","og_url":"https:\/\/www.eldiario.net\/portal\/2024\/01\/12\/periodistas-espanoles-repudian-ataque-y-la-toma-de-rehenes-en-tc-television\/","og_site_name":"El Diario - Bolivia","article_publisher":"https:\/\/www.facebook.com\/eldiario.bolivia\/","article_published_time":"2024-01-12T10:57:07+00:00","og_image":[{"width":1007,"height":670,"url":"https:\/\/www.eldiario.net\/portal\/wp-content\/uploads\/2024\/01\/CANAL.jpg","type":"image\/jpeg"}],"author":"Jeanette","twitter_card":"summary_large_image","twitter_creator":"@eldiario_net","twitter_site":"@eldiario_net","twitter_misc":{"Escrito por":"Jeanette","Tiempo de lectura":"3 minutos"},"schema":{"@context":"https:\/\/schema.org","@graph":[{"@type":"Article","@id":"https:\/\/www.eldiario.net\/portal\/2024\/01\/12\/periodistas-espanoles-repudian-ataque-y-la-toma-de-rehenes-en-tc-television\/#article","isPartOf":{"@id":"https:\/\/www.eldiario.net\/portal\/2024\/01\/12\/periodistas-espanoles-repudian-ataque-y-la-toma-de-rehenes-en-tc-television\/"},"author":{"name":"Jeanette","@id":"https:\/\/www.eldiario.net\/portal\/#\/schema\/person\/f46445640444750d7d753ccd04ae01b7"},"headline":"Periodistas espa\u00f1oles repudian ataque y la toma de rehenes en TC Televisi\u00f3n","datePublished":"2024-01-12T10:57:07+00:00","mainEntityOfPage":{"@id":"https:\/\/www.eldiario.net\/portal\/2024\/01\/12\/periodistas-espanoles-repudian-ataque-y-la-toma-de-rehenes-en-tc-television\/"},"wordCount":559,"commentCount":0,"publisher":{"@id":"https:\/\/www.eldiario.net\/portal\/#organization"},"image":{"@id":"https:\/\/www.eldiario.net\/portal\/2024\/01\/12\/periodistas-espanoles-repudian-ataque-y-la-toma-de-rehenes-en-tc-television\/#primaryimage"},"thumbnailUrl":"https:\/\/www.eldiario.net\/portal\/wp-content\/uploads\/2024\/01\/CANAL.jpg","articleSection":["Internacional"],"inLanguage":"es","potentialAction":[{"@type":"CommentAction","name":"Comment","target":["https:\/\/www.eldiario.net\/portal\/2024\/01\/12\/periodistas-espanoles-repudian-ataque-y-la-toma-de-rehenes-en-tc-television\/#respond"]}]},{"@type":"WebPage","@id":"https:\/\/www.eldiario.net\/portal\/2024\/01\/12\/periodistas-espanoles-repudian-ataque-y-la-toma-de-rehenes-en-tc-television\/","url":"https:\/\/www.eldiario.net\/portal\/2024\/01\/12\/periodistas-espanoles-repudian-ataque-y-la-toma-de-rehenes-en-tc-television\/","name":"Periodistas espa\u00f1oles repudian ataque y la toma de rehenes en TC Televisi\u00f3n - El Diario - Bolivia","isPartOf":{"@id":"https:\/\/www.eldiario.net\/portal\/#website"},"primaryImageOfPage":{"@id":"https:\/\/www.eldiario.net\/portal\/2024\/01\/12\/periodistas-espanoles-repudian-ataque-y-la-toma-de-rehenes-en-tc-television\/#primaryimage"},"image":{"@id":"https:\/\/www.eldiario.net\/portal\/2024\/01\/12\/periodistas-espanoles-repudian-ataque-y-la-toma-de-rehenes-en-tc-television\/#primaryimage"},"thumbnailUrl":"https:\/\/www.eldiario.net\/portal\/wp-content\/uploads\/2024\/01\/CANAL.jpg","datePublished":"2024-01-12T10:57:07+00:00","breadcrumb":{"@id":"https:\/\/www.eldiario.net\/portal\/2024\/01\/12\/periodistas-espanoles-repudian-ataque-y-la-toma-de-rehenes-en-tc-television\/#breadcrumb"},"inLanguage":"es","potentialAction":[{"@type":"ReadAction","target":["https:\/\/www.eldiario.net\/portal\/2024\/01\/12\/periodistas-espanoles-repudian-ataque-y-la-toma-de-rehenes-en-tc-television\/"]}]},{"@type":"ImageObject","inLanguage":"es","@id":"https:\/\/www.eldiario.net\/portal\/2024\/01\/12\/periodistas-espanoles-repudian-ataque-y-la-toma-de-rehenes-en-tc-television\/#primaryimage","url":"https:\/\/www.eldiario.net\/portal\/wp-content\/uploads\/2024\/01\/CANAL.jpg","contentUrl":"https:\/\/www.eldiario.net\/portal\/wp-content\/uploads\/2024\/01\/CANAL.jpg","width":1007,"height":670},{"@type":"BreadcrumbList","@id":"https:\/\/www.eldiario.net\/portal\/2024\/01\/12\/periodistas-espanoles-repudian-ataque-y-la-toma-de-rehenes-en-tc-television\/#breadcrumb","itemListElement":[{"@type":"ListItem","position":1,"name":"Portada","item":"https:\/\/www.eldiario.net\/portal\/"},{"@type":"ListItem","position":2,"name":"Periodistas espa\u00f1oles repudian ataque y la toma de rehenes en TC Televisi\u00f3n"}]},{"@type":"WebSite","@id":"https:\/\/www.eldiario.net\/portal\/#website","url":"https:\/\/www.eldiario.net\/portal\/","name":"El Diario - Decano de la prensa nacional","description":"El Diario - Decano de la prensa nacional","publisher":{"@id":"https:\/\/www.eldiario.net\/portal\/#organization"},"potentialAction":[{"@type":"SearchAction","target":{"@type":"EntryPoint","urlTemplate":"https:\/\/www.eldiario.net\/portal\/?s={search_term_string}"},"query-input":{"@type":"PropertyValueSpecification","valueRequired":true,"valueName":"search_term_string"}}],"inLanguage":"es"},{"@type":"Organization","@id":"https:\/\/www.eldiario.net\/portal\/#organization","name":"El Diario - Decano de la prensa nacional","url":"https:\/\/www.eldiario.net\/portal\/","logo":{"@type":"ImageObject","inLanguage":"es","@id":"https:\/\/www.eldiario.net\/portal\/#\/schema\/logo\/image\/","url":"https:\/\/www.eldiario.net\/portal\/wp-content\/uploads\/2023\/07\/logo_ED.jpg","contentUrl":"https:\/\/www.eldiario.net\/portal\/wp-content\/uploads\/2023\/07\/logo_ED.jpg","width":272,"height":52,"caption":"El Diario - Decano de la prensa nacional"},"image":{"@id":"https:\/\/www.eldiario.net\/portal\/#\/schema\/logo\/image\/"},"sameAs":["https:\/\/www.facebook.com\/eldiario.bolivia\/","https:\/\/x.com\/eldiario_net"]},{"@type":"Person","@id":"https:\/\/www.eldiario.net\/portal\/#\/schema\/person\/f46445640444750d7d753ccd04ae01b7","name":"Jeanette","image":{"@type":"ImageObject","inLanguage":"es","@id":"https:\/\/secure.gravatar.com\/avatar\/3ea2118a5f7dad2b7138b1187a6b7ee55f160b9968b66013c3a3ef39dd7e5798?s=96&d=mm&r=g","url":"https:\/\/secure.gravatar.com\/avatar\/3ea2118a5f7dad2b7138b1187a6b7ee55f160b9968b66013c3a3ef39dd7e5798?s=96&d=mm&r=g","contentUrl":"https:\/\/secure.gravatar.com\/avatar\/3ea2118a5f7dad2b7138b1187a6b7ee55f160b9968b66013c3a3ef39dd7e5798?s=96&d=mm&r=g","caption":"Jeanette"},"sameAs":["https:\/\/www.eldiario.net\/portal"],"url":"https:\/\/www.eldiario.net\/portal\/author\/jeanette\/"}]}},"_links":{"self":[{"href":"https:\/\/www.eldiario.net\/portal\/wp-json\/wp\/v2\/posts\/197178","targetHints":{"allow":["GET"]}}],"collection":[{"href":"https:\/\/www.eldiario.net\/portal\/wp-json\/wp\/v2\/posts"}],"about":[{"href":"https:\/\/www.eldiario.net\/portal\/wp-json\/wp\/v2\/types\/post"}],"author":[{"embeddable":true,"href":"https:\/\/www.eldiario.net\/portal\/wp-json\/wp\/v2\/users\/1"}],"replies":[{"embeddable":true,"href":"https:\/\/www.eldiario.net\/portal\/wp-json\/wp\/v2\/comments?post=197178"}],"version-history":[{"count":1,"href":"https:\/\/www.eldiario.net\/portal\/wp-json\/wp\/v2\/posts\/197178\/revisions"}],"predecessor-version":[{"id":197180,"href":"https:\/\/www.eldiario.net\/portal\/wp-json\/wp\/v2\/posts\/197178\/revisions\/197180"}],"wp:featuredmedia":[{"embeddable":true,"href":"https:\/\/www.eldiario.net\/portal\/wp-json\/wp\/v2\/media\/197179"}],"wp:attachment":[{"href":"https:\/\/www.eldiario.net\/portal\/wp-json\/wp\/v2\/media?parent=197178"}],"wp:term":[{"taxonomy":"category","embeddable":true,"href":"https:\/\/www.eldiario.net\/portal\/wp-json\/wp\/v2\/categories?post=197178"},{"taxonomy":"post_tag","embeddable":true,"href":"https:\/\/www.eldiario.net\/portal\/wp-json\/wp\/v2\/tags?post=197178"}],"curies":[{"name":"wp","href":"https:\/\/api.w.org\/{rel}","templated":true}]}}