{"id":197176,"date":"2024-01-12T06:56:28","date_gmt":"2024-01-12T10:56:28","guid":{"rendered":"https:\/\/www.eldiario.net\/portal\/?p=197176"},"modified":"2024-01-12T06:56:28","modified_gmt":"2024-01-12T10:56:28","slug":"colombia-comenzo-militarizacion-de-frontera-con-ecuador-tras-violencia","status":"publish","type":"post","link":"https:\/\/www.eldiario.net\/portal\/2024\/01\/12\/colombia-comenzo-militarizacion-de-frontera-con-ecuador-tras-violencia\/","title":{"rendered":"Colombia comenz\u00f3 militarizaci\u00f3n de  frontera con Ecuador tras violencia"},"content":{"rendered":"<p>Luego de la oleada de violencia que se registr\u00f3 el 9 de enero en Ecuador, el presidente de Colombia, Gustavo Petro, ratific\u00f3 su apoyo al Gobierno de Daniel Noboa y orden\u00f3 a sus Fuerzas Militares fortalecer la seguridad en la frontera con esta naci\u00f3n.<br \/>\nEsto fue confirmado por el general Helder Fern\u00e1n Giraldo, comandante de las Fuerzas Militares, que destac\u00f3 que se tiene comunicaci\u00f3n directa con las autoridades ecuatorianas, con las que se han realizado varias operaciones de apoyo.<br \/>\nSumado a esto, fuentes de Infobae Colombia revelaron las primeras im\u00e1genes del refuerzo militar en la frontera con Ecuador, con lo que se busca fortalecer el dispositivo de seguridad; asimismo se est\u00e1n coordinando operaciones binacionales que garanticen la estabilidad en la regi\u00f3n.<br \/>\nEste despliegue incluye presencia de las Fuerzas Militares por tierra, aire y r\u00edo, sumado al apoyo de la Polic\u00eda Nacional, que tendr\u00e1n como tarea mitigar cualquier acci\u00f3n delictiva en el futuro. En la zona se sumar\u00e1 el refuerzo de m\u00e1s de 200 uniformados que se ubicar\u00e1n en los pasos formales y no formales que comunican a Colombia con Ecuador.<br \/>\nLas tropas colombianas ya hacen presencia en el Puente Internacional de Rumichaca, sumado a sitios como Chiles, Cuaspud, Carlosama y el corregimiento de La Victoria en Ipiales.<br \/>\nFuentes militares confirmaron que en estos sitios se fortalecer\u00e1n los componentes de inteligencia para detectar y prevenir acciones criminales que puedan afectar a los pobladores o transportadores que se movilizan a diario por la v\u00eda internacional.<br \/>\nAnte esto, en la zona permanecer\u00e1n dos helic\u00f3pteros Black Hawk de la aviaci\u00f3n del Ej\u00e9rcito Nacional y la FAC; adem\u00e1s, se tendr\u00e1n varias aeronaves no tripuladas con las que se har\u00e1 monitoreo de la zona en tiempo real.<br \/>\nSobre las acciones que tendr\u00e1 su gobierno, Noboa resalt\u00f3 que no ceder\u00e1 ante las presiones de los criminales, y aunque reconoci\u00f3 que era un momento duro para \u00e9l y su equipo de trabajo en el Gobierno ecuatoriano, asegur\u00f3 que su deber es proteger a los ciudadanos, por lo que anunci\u00f3 que las bandas delincuenciales ser\u00e1n declaradas \u201cobjetivos militares\u201d. (Infobae)<\/p>\n","protected":false},"excerpt":{"rendered":"<p>Luego de la oleada de violencia que se registr\u00f3 el 9 de enero en Ecuador, el presidente de Colombia, Gustavo Petro, ratific\u00f3 su apoyo al Gobierno de Daniel Noboa y orden\u00f3 a sus Fuerzas Militares fortalecer la seguridad en la frontera con esta naci\u00f3n. Esto fue confirmado por el general Helder Fern\u00e1n Giraldo, comandante de [&hellip;]<\/p>\n","protected":false},"author":1,"featured_media":194703,"comment_status":"open","ping_status":"open","sticky":false,"template":"","format":"standard","meta":{"_acf_changed":false,"footnotes":""},"categories":[3],"tags":[],"class_list":["post-197176","post","type-post","status-publish","format-standard","has-post-thumbnail","category-internacional"],"acf":{"antetitulo":"Helic\u00f3pteros Black Hawk permanecer\u00e1n en la zona"},"yoast_head":"<!-- This site is optimized with the Yoast SEO plugin v28.3 - https:\/\/yoast.com\/product\/yoast-seo-wordpress\/ -->\n<title>Colombia comenz\u00f3 militarizaci\u00f3n de frontera con Ecuador tras violencia - El Diario - Bolivia<\/title>\n<meta name=\"robots\" content=\"index, follow, max-snippet:-1, max-image-preview:large, max-video-preview:-1\" \/>\n<link rel=\"canonical\" href=\"https:\/\/www.eldiario.net\/portal\/2024\/01\/12\/colombia-comenzo-militarizacion-de-frontera-con-ecuador-tras-violencia\/\" \/>\n<meta property=\"og:locale\" content=\"es_ES\" \/>\n<meta property=\"og:type\" content=\"article\" \/>\n<meta property=\"og:title\" content=\"Colombia comenz\u00f3 militarizaci\u00f3n de frontera con Ecuador tras violencia - El Diario - Bolivia\" \/>\n<meta property=\"og:description\" content=\"Luego de la oleada de violencia que se registr\u00f3 el 9 de enero en Ecuador, el presidente de Colombia, Gustavo Petro, ratific\u00f3 su apoyo al Gobierno de Daniel Noboa y orden\u00f3 a sus Fuerzas Militares fortalecer la seguridad en la frontera con esta naci\u00f3n. Esto fue confirmado por el general Helder Fern\u00e1n Giraldo, comandante de [&hellip;]\" \/>\n<meta property=\"og:url\" content=\"https:\/\/www.eldiario.net\/portal\/2024\/01\/12\/colombia-comenzo-militarizacion-de-frontera-con-ecuador-tras-violencia\/\" \/>\n<meta property=\"og:site_name\" content=\"El Diario - Bolivia\" \/>\n<meta property=\"article:publisher\" content=\"https:\/\/www.facebook.com\/eldiario.bolivia\/\" \/>\n<meta property=\"article:published_time\" content=\"2024-01-12T10:56:28+00:00\" \/>\n<meta property=\"og:image\" content=\"https:\/\/www.eldiario.net\/portal\/wp-content\/uploads\/2023\/12\/Internacional.jpg\" \/>\n\t<meta property=\"og:image:width\" content=\"800\" \/>\n\t<meta property=\"og:image:height\" content=\"500\" \/>\n\t<meta property=\"og:image:type\" content=\"image\/jpeg\" \/>\n<meta name=\"author\" content=\"Jeanette\" \/>\n<meta name=\"twitter:card\" content=\"summary_large_image\" \/>\n<meta name=\"twitter:creator\" content=\"@eldiario_net\" \/>\n<meta name=\"twitter:site\" content=\"@eldiario_net\" \/>\n<meta name=\"twitter:label1\" content=\"Escrito por\" \/>\n\t<meta name=\"twitter:data1\" content=\"Jeanette\" \/>\n\t<meta name=\"twitter:label2\" content=\"Tiempo de lectura\" \/>\n\t<meta name=\"twitter:data2\" content=\"2 minutos\" \/>\n<script type=\"application\/ld+json\" class=\"yoast-schema-graph\">{\"@context\":\"https:\\\/\\\/schema.org\",\"@graph\":[{\"@type\":\"Article\",\"@id\":\"https:\\\/\\\/www.eldiario.net\\\/portal\\\/2024\\\/01\\\/12\\\/colombia-comenzo-militarizacion-de-frontera-con-ecuador-tras-violencia\\\/#article\",\"isPartOf\":{\"@id\":\"https:\\\/\\\/www.eldiario.net\\\/portal\\\/2024\\\/01\\\/12\\\/colombia-comenzo-militarizacion-de-frontera-con-ecuador-tras-violencia\\\/\"},\"author\":{\"name\":\"Jeanette\",\"@id\":\"https:\\\/\\\/www.eldiario.net\\\/portal\\\/#\\\/schema\\\/person\\\/f46445640444750d7d753ccd04ae01b7\"},\"headline\":\"Colombia comenz\u00f3 militarizaci\u00f3n de frontera con Ecuador tras violencia\",\"datePublished\":\"2024-01-12T10:56:28+00:00\",\"mainEntityOfPage\":{\"@id\":\"https:\\\/\\\/www.eldiario.net\\\/portal\\\/2024\\\/01\\\/12\\\/colombia-comenzo-militarizacion-de-frontera-con-ecuador-tras-violencia\\\/\"},\"wordCount\":369,\"commentCount\":0,\"publisher\":{\"@id\":\"https:\\\/\\\/www.eldiario.net\\\/portal\\\/#organization\"},\"image\":{\"@id\":\"https:\\\/\\\/www.eldiario.net\\\/portal\\\/2024\\\/01\\\/12\\\/colombia-comenzo-militarizacion-de-frontera-con-ecuador-tras-violencia\\\/#primaryimage\"},\"thumbnailUrl\":\"https:\\\/\\\/www.eldiario.net\\\/portal\\\/wp-content\\\/uploads\\\/2023\\\/12\\\/Internacional.jpg\",\"articleSection\":[\"Internacional\"],\"inLanguage\":\"es\",\"potentialAction\":[{\"@type\":\"CommentAction\",\"name\":\"Comment\",\"target\":[\"https:\\\/\\\/www.eldiario.net\\\/portal\\\/2024\\\/01\\\/12\\\/colombia-comenzo-militarizacion-de-frontera-con-ecuador-tras-violencia\\\/#respond\"]}]},{\"@type\":\"WebPage\",\"@id\":\"https:\\\/\\\/www.eldiario.net\\\/portal\\\/2024\\\/01\\\/12\\\/colombia-comenzo-militarizacion-de-frontera-con-ecuador-tras-violencia\\\/\",\"url\":\"https:\\\/\\\/www.eldiario.net\\\/portal\\\/2024\\\/01\\\/12\\\/colombia-comenzo-militarizacion-de-frontera-con-ecuador-tras-violencia\\\/\",\"name\":\"Colombia comenz\u00f3 militarizaci\u00f3n de frontera con Ecuador tras violencia - El Diario - Bolivia\",\"isPartOf\":{\"@id\":\"https:\\\/\\\/www.eldiario.net\\\/portal\\\/#website\"},\"primaryImageOfPage\":{\"@id\":\"https:\\\/\\\/www.eldiario.net\\\/portal\\\/2024\\\/01\\\/12\\\/colombia-comenzo-militarizacion-de-frontera-con-ecuador-tras-violencia\\\/#primaryimage\"},\"image\":{\"@id\":\"https:\\\/\\\/www.eldiario.net\\\/portal\\\/2024\\\/01\\\/12\\\/colombia-comenzo-militarizacion-de-frontera-con-ecuador-tras-violencia\\\/#primaryimage\"},\"thumbnailUrl\":\"https:\\\/\\\/www.eldiario.net\\\/portal\\\/wp-content\\\/uploads\\\/2023\\\/12\\\/Internacional.jpg\",\"datePublished\":\"2024-01-12T10:56:28+00:00\",\"breadcrumb\":{\"@id\":\"https:\\\/\\\/www.eldiario.net\\\/portal\\\/2024\\\/01\\\/12\\\/colombia-comenzo-militarizacion-de-frontera-con-ecuador-tras-violencia\\\/#breadcrumb\"},\"inLanguage\":\"es\",\"potentialAction\":[{\"@type\":\"ReadAction\",\"target\":[\"https:\\\/\\\/www.eldiario.net\\\/portal\\\/2024\\\/01\\\/12\\\/colombia-comenzo-militarizacion-de-frontera-con-ecuador-tras-violencia\\\/\"]}]},{\"@type\":\"ImageObject\",\"inLanguage\":\"es\",\"@id\":\"https:\\\/\\\/www.eldiario.net\\\/portal\\\/2024\\\/01\\\/12\\\/colombia-comenzo-militarizacion-de-frontera-con-ecuador-tras-violencia\\\/#primaryimage\",\"url\":\"https:\\\/\\\/www.eldiario.net\\\/portal\\\/wp-content\\\/uploads\\\/2023\\\/12\\\/Internacional.jpg\",\"contentUrl\":\"https:\\\/\\\/www.eldiario.net\\\/portal\\\/wp-content\\\/uploads\\\/2023\\\/12\\\/Internacional.jpg\",\"width\":800,\"height\":500},{\"@type\":\"BreadcrumbList\",\"@id\":\"https:\\\/\\\/www.eldiario.net\\\/portal\\\/2024\\\/01\\\/12\\\/colombia-comenzo-militarizacion-de-frontera-con-ecuador-tras-violencia\\\/#breadcrumb\",\"itemListElement\":[{\"@type\":\"ListItem\",\"position\":1,\"name\":\"Portada\",\"item\":\"https:\\\/\\\/www.eldiario.net\\\/portal\\\/\"},{\"@type\":\"ListItem\",\"position\":2,\"name\":\"Colombia comenz\u00f3 militarizaci\u00f3n de frontera con Ecuador tras violencia\"}]},{\"@type\":\"WebSite\",\"@id\":\"https:\\\/\\\/www.eldiario.net\\\/portal\\\/#website\",\"url\":\"https:\\\/\\\/www.eldiario.net\\\/portal\\\/\",\"name\":\"El Diario - Decano de la prensa nacional\",\"description\":\"El Diario - Decano de la prensa nacional\",\"publisher\":{\"@id\":\"https:\\\/\\\/www.eldiario.net\\\/portal\\\/#organization\"},\"potentialAction\":[{\"@type\":\"SearchAction\",\"target\":{\"@type\":\"EntryPoint\",\"urlTemplate\":\"https:\\\/\\\/www.eldiario.net\\\/portal\\\/?s={search_term_string}\"},\"query-input\":{\"@type\":\"PropertyValueSpecification\",\"valueRequired\":true,\"valueName\":\"search_term_string\"}}],\"inLanguage\":\"es\"},{\"@type\":\"Organization\",\"@id\":\"https:\\\/\\\/www.eldiario.net\\\/portal\\\/#organization\",\"name\":\"El Diario - Decano de la prensa nacional\",\"url\":\"https:\\\/\\\/www.eldiario.net\\\/portal\\\/\",\"logo\":{\"@type\":\"ImageObject\",\"inLanguage\":\"es\",\"@id\":\"https:\\\/\\\/www.eldiario.net\\\/portal\\\/#\\\/schema\\\/logo\\\/image\\\/\",\"url\":\"https:\\\/\\\/www.eldiario.net\\\/portal\\\/wp-content\\\/uploads\\\/2023\\\/07\\\/logo_ED.jpg\",\"contentUrl\":\"https:\\\/\\\/www.eldiario.net\\\/portal\\\/wp-content\\\/uploads\\\/2023\\\/07\\\/logo_ED.jpg\",\"width\":272,\"height\":52,\"caption\":\"El Diario - Decano de la prensa nacional\"},\"image\":{\"@id\":\"https:\\\/\\\/www.eldiario.net\\\/portal\\\/#\\\/schema\\\/logo\\\/image\\\/\"},\"sameAs\":[\"https:\\\/\\\/www.facebook.com\\\/eldiario.bolivia\\\/\",\"https:\\\/\\\/x.com\\\/eldiario_net\"]},{\"@type\":\"Person\",\"@id\":\"https:\\\/\\\/www.eldiario.net\\\/portal\\\/#\\\/schema\\\/person\\\/f46445640444750d7d753ccd04ae01b7\",\"name\":\"Jeanette\",\"image\":{\"@type\":\"ImageObject\",\"inLanguage\":\"es\",\"@id\":\"https:\\\/\\\/secure.gravatar.com\\\/avatar\\\/3ea2118a5f7dad2b7138b1187a6b7ee55f160b9968b66013c3a3ef39dd7e5798?s=96&d=mm&r=g\",\"url\":\"https:\\\/\\\/secure.gravatar.com\\\/avatar\\\/3ea2118a5f7dad2b7138b1187a6b7ee55f160b9968b66013c3a3ef39dd7e5798?s=96&d=mm&r=g\",\"contentUrl\":\"https:\\\/\\\/secure.gravatar.com\\\/avatar\\\/3ea2118a5f7dad2b7138b1187a6b7ee55f160b9968b66013c3a3ef39dd7e5798?s=96&d=mm&r=g\",\"caption\":\"Jeanette\"},\"sameAs\":[\"https:\\\/\\\/www.eldiario.net\\\/portal\"],\"url\":\"https:\\\/\\\/www.eldiario.net\\\/portal\\\/author\\\/jeanette\\\/\"}]}<\/script>\n<!-- \/ Yoast SEO plugin. -->","yoast_head_json":{"title":"Colombia comenz\u00f3 militarizaci\u00f3n de frontera con Ecuador tras violencia - El Diario - Bolivia","robots":{"index":"index","follow":"follow","max-snippet":"max-snippet:-1","max-image-preview":"max-image-preview:large","max-video-preview":"max-video-preview:-1"},"canonical":"https:\/\/www.eldiario.net\/portal\/2024\/01\/12\/colombia-comenzo-militarizacion-de-frontera-con-ecuador-tras-violencia\/","og_locale":"es_ES","og_type":"article","og_title":"Colombia comenz\u00f3 militarizaci\u00f3n de frontera con Ecuador tras violencia - El Diario - Bolivia","og_description":"Luego de la oleada de violencia que se registr\u00f3 el 9 de enero en Ecuador, el presidente de Colombia, Gustavo Petro, ratific\u00f3 su apoyo al Gobierno de Daniel Noboa y orden\u00f3 a sus Fuerzas Militares fortalecer la seguridad en la frontera con esta naci\u00f3n. Esto fue confirmado por el general Helder Fern\u00e1n Giraldo, comandante de [&hellip;]","og_url":"https:\/\/www.eldiario.net\/portal\/2024\/01\/12\/colombia-comenzo-militarizacion-de-frontera-con-ecuador-tras-violencia\/","og_site_name":"El Diario - Bolivia","article_publisher":"https:\/\/www.facebook.com\/eldiario.bolivia\/","article_published_time":"2024-01-12T10:56:28+00:00","og_image":[{"width":800,"height":500,"url":"https:\/\/www.eldiario.net\/portal\/wp-content\/uploads\/2023\/12\/Internacional.jpg","type":"image\/jpeg"}],"author":"Jeanette","twitter_card":"summary_large_image","twitter_creator":"@eldiario_net","twitter_site":"@eldiario_net","twitter_misc":{"Escrito por":"Jeanette","Tiempo de lectura":"2 minutos"},"schema":{"@context":"https:\/\/schema.org","@graph":[{"@type":"Article","@id":"https:\/\/www.eldiario.net\/portal\/2024\/01\/12\/colombia-comenzo-militarizacion-de-frontera-con-ecuador-tras-violencia\/#article","isPartOf":{"@id":"https:\/\/www.eldiario.net\/portal\/2024\/01\/12\/colombia-comenzo-militarizacion-de-frontera-con-ecuador-tras-violencia\/"},"author":{"name":"Jeanette","@id":"https:\/\/www.eldiario.net\/portal\/#\/schema\/person\/f46445640444750d7d753ccd04ae01b7"},"headline":"Colombia comenz\u00f3 militarizaci\u00f3n de frontera con Ecuador tras violencia","datePublished":"2024-01-12T10:56:28+00:00","mainEntityOfPage":{"@id":"https:\/\/www.eldiario.net\/portal\/2024\/01\/12\/colombia-comenzo-militarizacion-de-frontera-con-ecuador-tras-violencia\/"},"wordCount":369,"commentCount":0,"publisher":{"@id":"https:\/\/www.eldiario.net\/portal\/#organization"},"image":{"@id":"https:\/\/www.eldiario.net\/portal\/2024\/01\/12\/colombia-comenzo-militarizacion-de-frontera-con-ecuador-tras-violencia\/#primaryimage"},"thumbnailUrl":"https:\/\/www.eldiario.net\/portal\/wp-content\/uploads\/2023\/12\/Internacional.jpg","articleSection":["Internacional"],"inLanguage":"es","potentialAction":[{"@type":"CommentAction","name":"Comment","target":["https:\/\/www.eldiario.net\/portal\/2024\/01\/12\/colombia-comenzo-militarizacion-de-frontera-con-ecuador-tras-violencia\/#respond"]}]},{"@type":"WebPage","@id":"https:\/\/www.eldiario.net\/portal\/2024\/01\/12\/colombia-comenzo-militarizacion-de-frontera-con-ecuador-tras-violencia\/","url":"https:\/\/www.eldiario.net\/portal\/2024\/01\/12\/colombia-comenzo-militarizacion-de-frontera-con-ecuador-tras-violencia\/","name":"Colombia comenz\u00f3 militarizaci\u00f3n de frontera con Ecuador tras violencia - El Diario - Bolivia","isPartOf":{"@id":"https:\/\/www.eldiario.net\/portal\/#website"},"primaryImageOfPage":{"@id":"https:\/\/www.eldiario.net\/portal\/2024\/01\/12\/colombia-comenzo-militarizacion-de-frontera-con-ecuador-tras-violencia\/#primaryimage"},"image":{"@id":"https:\/\/www.eldiario.net\/portal\/2024\/01\/12\/colombia-comenzo-militarizacion-de-frontera-con-ecuador-tras-violencia\/#primaryimage"},"thumbnailUrl":"https:\/\/www.eldiario.net\/portal\/wp-content\/uploads\/2023\/12\/Internacional.jpg","datePublished":"2024-01-12T10:56:28+00:00","breadcrumb":{"@id":"https:\/\/www.eldiario.net\/portal\/2024\/01\/12\/colombia-comenzo-militarizacion-de-frontera-con-ecuador-tras-violencia\/#breadcrumb"},"inLanguage":"es","potentialAction":[{"@type":"ReadAction","target":["https:\/\/www.eldiario.net\/portal\/2024\/01\/12\/colombia-comenzo-militarizacion-de-frontera-con-ecuador-tras-violencia\/"]}]},{"@type":"ImageObject","inLanguage":"es","@id":"https:\/\/www.eldiario.net\/portal\/2024\/01\/12\/colombia-comenzo-militarizacion-de-frontera-con-ecuador-tras-violencia\/#primaryimage","url":"https:\/\/www.eldiario.net\/portal\/wp-content\/uploads\/2023\/12\/Internacional.jpg","contentUrl":"https:\/\/www.eldiario.net\/portal\/wp-content\/uploads\/2023\/12\/Internacional.jpg","width":800,"height":500},{"@type":"BreadcrumbList","@id":"https:\/\/www.eldiario.net\/portal\/2024\/01\/12\/colombia-comenzo-militarizacion-de-frontera-con-ecuador-tras-violencia\/#breadcrumb","itemListElement":[{"@type":"ListItem","position":1,"name":"Portada","item":"https:\/\/www.eldiario.net\/portal\/"},{"@type":"ListItem","position":2,"name":"Colombia comenz\u00f3 militarizaci\u00f3n de frontera con Ecuador tras violencia"}]},{"@type":"WebSite","@id":"https:\/\/www.eldiario.net\/portal\/#website","url":"https:\/\/www.eldiario.net\/portal\/","name":"El Diario - Decano de la prensa nacional","description":"El Diario - Decano de la prensa nacional","publisher":{"@id":"https:\/\/www.eldiario.net\/portal\/#organization"},"potentialAction":[{"@type":"SearchAction","target":{"@type":"EntryPoint","urlTemplate":"https:\/\/www.eldiario.net\/portal\/?s={search_term_string}"},"query-input":{"@type":"PropertyValueSpecification","valueRequired":true,"valueName":"search_term_string"}}],"inLanguage":"es"},{"@type":"Organization","@id":"https:\/\/www.eldiario.net\/portal\/#organization","name":"El Diario - Decano de la prensa nacional","url":"https:\/\/www.eldiario.net\/portal\/","logo":{"@type":"ImageObject","inLanguage":"es","@id":"https:\/\/www.eldiario.net\/portal\/#\/schema\/logo\/image\/","url":"https:\/\/www.eldiario.net\/portal\/wp-content\/uploads\/2023\/07\/logo_ED.jpg","contentUrl":"https:\/\/www.eldiario.net\/portal\/wp-content\/uploads\/2023\/07\/logo_ED.jpg","width":272,"height":52,"caption":"El Diario - Decano de la prensa nacional"},"image":{"@id":"https:\/\/www.eldiario.net\/portal\/#\/schema\/logo\/image\/"},"sameAs":["https:\/\/www.facebook.com\/eldiario.bolivia\/","https:\/\/x.com\/eldiario_net"]},{"@type":"Person","@id":"https:\/\/www.eldiario.net\/portal\/#\/schema\/person\/f46445640444750d7d753ccd04ae01b7","name":"Jeanette","image":{"@type":"ImageObject","inLanguage":"es","@id":"https:\/\/secure.gravatar.com\/avatar\/3ea2118a5f7dad2b7138b1187a6b7ee55f160b9968b66013c3a3ef39dd7e5798?s=96&d=mm&r=g","url":"https:\/\/secure.gravatar.com\/avatar\/3ea2118a5f7dad2b7138b1187a6b7ee55f160b9968b66013c3a3ef39dd7e5798?s=96&d=mm&r=g","contentUrl":"https:\/\/secure.gravatar.com\/avatar\/3ea2118a5f7dad2b7138b1187a6b7ee55f160b9968b66013c3a3ef39dd7e5798?s=96&d=mm&r=g","caption":"Jeanette"},"sameAs":["https:\/\/www.eldiario.net\/portal"],"url":"https:\/\/www.eldiario.net\/portal\/author\/jeanette\/"}]}},"_links":{"self":[{"href":"https:\/\/www.eldiario.net\/portal\/wp-json\/wp\/v2\/posts\/197176","targetHints":{"allow":["GET"]}}],"collection":[{"href":"https:\/\/www.eldiario.net\/portal\/wp-json\/wp\/v2\/posts"}],"about":[{"href":"https:\/\/www.eldiario.net\/portal\/wp-json\/wp\/v2\/types\/post"}],"author":[{"embeddable":true,"href":"https:\/\/www.eldiario.net\/portal\/wp-json\/wp\/v2\/users\/1"}],"replies":[{"embeddable":true,"href":"https:\/\/www.eldiario.net\/portal\/wp-json\/wp\/v2\/comments?post=197176"}],"version-history":[{"count":1,"href":"https:\/\/www.eldiario.net\/portal\/wp-json\/wp\/v2\/posts\/197176\/revisions"}],"predecessor-version":[{"id":197177,"href":"https:\/\/www.eldiario.net\/portal\/wp-json\/wp\/v2\/posts\/197176\/revisions\/197177"}],"wp:featuredmedia":[{"embeddable":true,"href":"https:\/\/www.eldiario.net\/portal\/wp-json\/wp\/v2\/media\/194703"}],"wp:attachment":[{"href":"https:\/\/www.eldiario.net\/portal\/wp-json\/wp\/v2\/media?parent=197176"}],"wp:term":[{"taxonomy":"category","embeddable":true,"href":"https:\/\/www.eldiario.net\/portal\/wp-json\/wp\/v2\/categories?post=197176"},{"taxonomy":"post_tag","embeddable":true,"href":"https:\/\/www.eldiario.net\/portal\/wp-json\/wp\/v2\/tags?post=197176"}],"curies":[{"name":"wp","href":"https:\/\/api.w.org\/{rel}","templated":true}]}}