{"id":197173,"date":"2024-01-12T06:55:30","date_gmt":"2024-01-12T10:55:30","guid":{"rendered":"https:\/\/www.eldiario.net\/portal\/?p=197173"},"modified":"2024-01-12T06:55:30","modified_gmt":"2024-01-12T10:55:30","slug":"museo-fernando-montes-5-anos-al-servicio-del-arte","status":"publish","type":"post","link":"https:\/\/www.eldiario.net\/portal\/2024\/01\/12\/museo-fernando-montes-5-anos-al-servicio-del-arte\/","title":{"rendered":"Museo Fernando Montes, 5 a\u00f1os al servicio del arte"},"content":{"rendered":"<p>El Museo Fernando Montes (MFM), ubicado en la zona de Sopocachi de la ciudad de La Paz, celebra cinco a\u00f1os de su inauguraci\u00f3n y de servicio a la poblaci\u00f3n.<br \/>\nEste espacio, que incluye tres salas de exposici\u00f3n, una librer\u00eda, donde se exponen y difunden las publicaciones de los Repositorios nacionales y Centros Culturales dependientes de la Fundaci\u00f3n Cultural del Banco Central de Bolivia (Fcbcb), adem\u00e1s de un jard\u00edn denominado Plaza Elvira, fue formado en base a una donaci\u00f3n de las obras y bienes de la familia del pintor pace\u00f1o Fernando Montes.<br \/>\nFernando Montes, naci\u00f3 en La Paz, el 14 de agosto 1930. Estudi\u00f3 arte en Buenos Aires, Santiago de Chile y Madrid, Espa\u00f1a. Sus obras creadas sobre lienzo, pintura al temple y pastel, se caracterizan por un manejo sutil de colores suaves como el azul, el blanco, el ocre y gris; obras que pueden ser apreciadas en las salas de este museo de manera gratuita.<br \/>\nLa actividad art\u00edstica \u2013 cultural es cada vez mayor, en ese sentido, el MFM abre sus puertas a artistas, gestores e instituciones con el prop\u00f3sito de fomentar el arte, la cultura. Es por ello, que este espacio se convirti\u00f3 en el escenario de distintas actividades y expresiones art\u00edsticas culturales, donde se efectuaron conciertos en vivo, talleres para j\u00f3venes y ni\u00f1os, conversatorios, presentaciones de libros, entre ellos, el libro \u201cDetr\u00e1s de los Andes: Diario de viaje de un artista\u201d, presentado el 3 de mayo de 2023, publicado p\u00f3stumamente por Fernando Montes Pe\u00f1aranda, hijo de Fernando Montes.<br \/>\nSeg\u00fan los responsables del MFM, el objetivo es que el arte y la cultura se apropien de este espacio que es de toda la poblaci\u00f3n y, a la vez, puedan deleitarse de las magn\u00edficas obras del artista que lleva su nombre. Es as\u00ed, que una de las actividades que se tiene en agenda este primer mes del a\u00f1o, es el taller de molder\u00eda, porcelana fr\u00eda, origami y modelado, que est\u00e1 dirigido a partir de los siete a\u00f1os, taller que se desarrollar\u00e1 del 15 al 18 de enero, de 15.30 a 17.00. (Informes al 65540866 \u2013 77597181).<br \/>\nAsimismo, la Fcbcb tiene programada la segunda versi\u00f3n de la Ch\u2019iti Feria del Libro, un evento que se realizar\u00e1 en ambientes de este Museo, donde la poblaci\u00f3n podr\u00e1 apreciar la producci\u00f3n literaria cultural de los repositorios nacionales y centros culturales dependientes, poni\u00e9ndose a disposici\u00f3n del p\u00fablico mini ediciones de sus \u00faltimas publicaciones y donde se podr\u00e1 apreciar tambi\u00e9n la variada oferta literaria de las distintas editoriales invitados que ser\u00e1n part\u00edcipes de esta Feria, evento que ser\u00e1 inaugurado este 24 de enero a las 11:30, con la participaci\u00f3n del artista Manuel Monroy Chazarreta y que estar\u00e1 abierta al p\u00fablico hasta el 2 de febrero.<br \/>\nEl espacio, ubicado en la zona de Sopocachi, calle Fernando Guachalla N\u00b0476, donde se exhiben obras del artista pl\u00e1stico y pintor boliviano Fernando Montes, adem\u00e1s, se puede disfrutar de su jard\u00edn y del acervo bibliogr\u00e1fico dispuesto a la venta en su Librer\u00eda, que cuenta con m\u00e1s de 300 t\u00edtulos disponibles para investigadores, estudiantes y todo aquel que guste de la lectura.<br \/>\nPIE FOTO<\/p>\n","protected":false},"excerpt":{"rendered":"<p>El Museo Fernando Montes (MFM), ubicado en la zona de Sopocachi de la ciudad de La Paz, celebra cinco a\u00f1os de su inauguraci\u00f3n y de servicio a la poblaci\u00f3n. Este espacio, que incluye tres salas de exposici\u00f3n, una librer\u00eda, donde se exponen y difunden las publicaciones de los Repositorios nacionales y Centros Culturales dependientes de [&hellip;]<\/p>\n","protected":false},"author":1,"featured_media":197174,"comment_status":"open","ping_status":"open","sticky":false,"template":"","format":"standard","meta":{"_acf_changed":false,"footnotes":""},"categories":[8],"tags":[],"class_list":["post-197173","post","type-post","status-publish","format-standard","has-post-thumbnail","category-cultural"],"acf":{"antetitulo":""},"yoast_head":"<!-- This site is optimized with the Yoast SEO plugin v28.3 - https:\/\/yoast.com\/product\/yoast-seo-wordpress\/ -->\n<title>Museo Fernando Montes, 5 a\u00f1os al servicio del arte - El Diario - Bolivia<\/title>\n<meta name=\"robots\" content=\"index, follow, max-snippet:-1, max-image-preview:large, max-video-preview:-1\" \/>\n<link rel=\"canonical\" href=\"https:\/\/www.eldiario.net\/portal\/2024\/01\/12\/museo-fernando-montes-5-anos-al-servicio-del-arte\/\" \/>\n<meta property=\"og:locale\" content=\"es_ES\" \/>\n<meta property=\"og:type\" content=\"article\" \/>\n<meta property=\"og:title\" content=\"Museo Fernando Montes, 5 a\u00f1os al servicio del arte - El Diario - Bolivia\" \/>\n<meta property=\"og:description\" content=\"El Museo Fernando Montes (MFM), ubicado en la zona de Sopocachi de la ciudad de La Paz, celebra cinco a\u00f1os de su inauguraci\u00f3n y de servicio a la poblaci\u00f3n. Este espacio, que incluye tres salas de exposici\u00f3n, una librer\u00eda, donde se exponen y difunden las publicaciones de los Repositorios nacionales y Centros Culturales dependientes de [&hellip;]\" \/>\n<meta property=\"og:url\" content=\"https:\/\/www.eldiario.net\/portal\/2024\/01\/12\/museo-fernando-montes-5-anos-al-servicio-del-arte\/\" \/>\n<meta property=\"og:site_name\" content=\"El Diario - Bolivia\" \/>\n<meta property=\"article:publisher\" content=\"https:\/\/www.facebook.com\/eldiario.bolivia\/\" \/>\n<meta property=\"article:published_time\" content=\"2024-01-12T10:55:30+00:00\" \/>\n<meta property=\"og:image\" content=\"https:\/\/www.eldiario.net\/portal\/wp-content\/uploads\/2024\/01\/MUSEO.jpeg\" \/>\n\t<meta property=\"og:image:width\" content=\"1600\" \/>\n\t<meta property=\"og:image:height\" content=\"1066\" \/>\n\t<meta property=\"og:image:type\" content=\"image\/jpeg\" \/>\n<meta name=\"author\" content=\"Jeanette\" \/>\n<meta name=\"twitter:card\" content=\"summary_large_image\" \/>\n<meta name=\"twitter:creator\" content=\"@eldiario_net\" \/>\n<meta name=\"twitter:site\" content=\"@eldiario_net\" \/>\n<meta name=\"twitter:label1\" content=\"Escrito por\" \/>\n\t<meta name=\"twitter:data1\" content=\"Jeanette\" \/>\n\t<meta name=\"twitter:label2\" content=\"Tiempo de lectura\" \/>\n\t<meta name=\"twitter:data2\" content=\"3 minutos\" \/>\n<script type=\"application\/ld+json\" class=\"yoast-schema-graph\">{\"@context\":\"https:\\\/\\\/schema.org\",\"@graph\":[{\"@type\":\"Article\",\"@id\":\"https:\\\/\\\/www.eldiario.net\\\/portal\\\/2024\\\/01\\\/12\\\/museo-fernando-montes-5-anos-al-servicio-del-arte\\\/#article\",\"isPartOf\":{\"@id\":\"https:\\\/\\\/www.eldiario.net\\\/portal\\\/2024\\\/01\\\/12\\\/museo-fernando-montes-5-anos-al-servicio-del-arte\\\/\"},\"author\":{\"name\":\"Jeanette\",\"@id\":\"https:\\\/\\\/www.eldiario.net\\\/portal\\\/#\\\/schema\\\/person\\\/f46445640444750d7d753ccd04ae01b7\"},\"headline\":\"Museo Fernando Montes, 5 a\u00f1os al servicio del arte\",\"datePublished\":\"2024-01-12T10:55:30+00:00\",\"mainEntityOfPage\":{\"@id\":\"https:\\\/\\\/www.eldiario.net\\\/portal\\\/2024\\\/01\\\/12\\\/museo-fernando-montes-5-anos-al-servicio-del-arte\\\/\"},\"wordCount\":550,\"commentCount\":0,\"publisher\":{\"@id\":\"https:\\\/\\\/www.eldiario.net\\\/portal\\\/#organization\"},\"image\":{\"@id\":\"https:\\\/\\\/www.eldiario.net\\\/portal\\\/2024\\\/01\\\/12\\\/museo-fernando-montes-5-anos-al-servicio-del-arte\\\/#primaryimage\"},\"thumbnailUrl\":\"https:\\\/\\\/www.eldiario.net\\\/portal\\\/wp-content\\\/uploads\\\/2024\\\/01\\\/MUSEO.jpeg\",\"articleSection\":[\"Cultural\"],\"inLanguage\":\"es\",\"potentialAction\":[{\"@type\":\"CommentAction\",\"name\":\"Comment\",\"target\":[\"https:\\\/\\\/www.eldiario.net\\\/portal\\\/2024\\\/01\\\/12\\\/museo-fernando-montes-5-anos-al-servicio-del-arte\\\/#respond\"]}]},{\"@type\":\"WebPage\",\"@id\":\"https:\\\/\\\/www.eldiario.net\\\/portal\\\/2024\\\/01\\\/12\\\/museo-fernando-montes-5-anos-al-servicio-del-arte\\\/\",\"url\":\"https:\\\/\\\/www.eldiario.net\\\/portal\\\/2024\\\/01\\\/12\\\/museo-fernando-montes-5-anos-al-servicio-del-arte\\\/\",\"name\":\"Museo Fernando Montes, 5 a\u00f1os al servicio del arte - El Diario - Bolivia\",\"isPartOf\":{\"@id\":\"https:\\\/\\\/www.eldiario.net\\\/portal\\\/#website\"},\"primaryImageOfPage\":{\"@id\":\"https:\\\/\\\/www.eldiario.net\\\/portal\\\/2024\\\/01\\\/12\\\/museo-fernando-montes-5-anos-al-servicio-del-arte\\\/#primaryimage\"},\"image\":{\"@id\":\"https:\\\/\\\/www.eldiario.net\\\/portal\\\/2024\\\/01\\\/12\\\/museo-fernando-montes-5-anos-al-servicio-del-arte\\\/#primaryimage\"},\"thumbnailUrl\":\"https:\\\/\\\/www.eldiario.net\\\/portal\\\/wp-content\\\/uploads\\\/2024\\\/01\\\/MUSEO.jpeg\",\"datePublished\":\"2024-01-12T10:55:30+00:00\",\"breadcrumb\":{\"@id\":\"https:\\\/\\\/www.eldiario.net\\\/portal\\\/2024\\\/01\\\/12\\\/museo-fernando-montes-5-anos-al-servicio-del-arte\\\/#breadcrumb\"},\"inLanguage\":\"es\",\"potentialAction\":[{\"@type\":\"ReadAction\",\"target\":[\"https:\\\/\\\/www.eldiario.net\\\/portal\\\/2024\\\/01\\\/12\\\/museo-fernando-montes-5-anos-al-servicio-del-arte\\\/\"]}]},{\"@type\":\"ImageObject\",\"inLanguage\":\"es\",\"@id\":\"https:\\\/\\\/www.eldiario.net\\\/portal\\\/2024\\\/01\\\/12\\\/museo-fernando-montes-5-anos-al-servicio-del-arte\\\/#primaryimage\",\"url\":\"https:\\\/\\\/www.eldiario.net\\\/portal\\\/wp-content\\\/uploads\\\/2024\\\/01\\\/MUSEO.jpeg\",\"contentUrl\":\"https:\\\/\\\/www.eldiario.net\\\/portal\\\/wp-content\\\/uploads\\\/2024\\\/01\\\/MUSEO.jpeg\",\"width\":1600,\"height\":1066,\"caption\":\"EL MUSEO FERNANDO MONTES CUENTA CON UN JARD\u00cdN Y LIBRER\u00cdA, CON M\u00c1S DE 300 T\u00cdTULOS.\"},{\"@type\":\"BreadcrumbList\",\"@id\":\"https:\\\/\\\/www.eldiario.net\\\/portal\\\/2024\\\/01\\\/12\\\/museo-fernando-montes-5-anos-al-servicio-del-arte\\\/#breadcrumb\",\"itemListElement\":[{\"@type\":\"ListItem\",\"position\":1,\"name\":\"Portada\",\"item\":\"https:\\\/\\\/www.eldiario.net\\\/portal\\\/\"},{\"@type\":\"ListItem\",\"position\":2,\"name\":\"Museo Fernando Montes, 5 a\u00f1os al servicio del arte\"}]},{\"@type\":\"WebSite\",\"@id\":\"https:\\\/\\\/www.eldiario.net\\\/portal\\\/#website\",\"url\":\"https:\\\/\\\/www.eldiario.net\\\/portal\\\/\",\"name\":\"El Diario - Decano de la prensa nacional\",\"description\":\"El Diario - Decano de la prensa nacional\",\"publisher\":{\"@id\":\"https:\\\/\\\/www.eldiario.net\\\/portal\\\/#organization\"},\"potentialAction\":[{\"@type\":\"SearchAction\",\"target\":{\"@type\":\"EntryPoint\",\"urlTemplate\":\"https:\\\/\\\/www.eldiario.net\\\/portal\\\/?s={search_term_string}\"},\"query-input\":{\"@type\":\"PropertyValueSpecification\",\"valueRequired\":true,\"valueName\":\"search_term_string\"}}],\"inLanguage\":\"es\"},{\"@type\":\"Organization\",\"@id\":\"https:\\\/\\\/www.eldiario.net\\\/portal\\\/#organization\",\"name\":\"El Diario - Decano de la prensa nacional\",\"url\":\"https:\\\/\\\/www.eldiario.net\\\/portal\\\/\",\"logo\":{\"@type\":\"ImageObject\",\"inLanguage\":\"es\",\"@id\":\"https:\\\/\\\/www.eldiario.net\\\/portal\\\/#\\\/schema\\\/logo\\\/image\\\/\",\"url\":\"https:\\\/\\\/www.eldiario.net\\\/portal\\\/wp-content\\\/uploads\\\/2023\\\/07\\\/logo_ED.jpg\",\"contentUrl\":\"https:\\\/\\\/www.eldiario.net\\\/portal\\\/wp-content\\\/uploads\\\/2023\\\/07\\\/logo_ED.jpg\",\"width\":272,\"height\":52,\"caption\":\"El Diario - Decano de la prensa nacional\"},\"image\":{\"@id\":\"https:\\\/\\\/www.eldiario.net\\\/portal\\\/#\\\/schema\\\/logo\\\/image\\\/\"},\"sameAs\":[\"https:\\\/\\\/www.facebook.com\\\/eldiario.bolivia\\\/\",\"https:\\\/\\\/x.com\\\/eldiario_net\"]},{\"@type\":\"Person\",\"@id\":\"https:\\\/\\\/www.eldiario.net\\\/portal\\\/#\\\/schema\\\/person\\\/f46445640444750d7d753ccd04ae01b7\",\"name\":\"Jeanette\",\"image\":{\"@type\":\"ImageObject\",\"inLanguage\":\"es\",\"@id\":\"https:\\\/\\\/secure.gravatar.com\\\/avatar\\\/3ea2118a5f7dad2b7138b1187a6b7ee55f160b9968b66013c3a3ef39dd7e5798?s=96&d=mm&r=g\",\"url\":\"https:\\\/\\\/secure.gravatar.com\\\/avatar\\\/3ea2118a5f7dad2b7138b1187a6b7ee55f160b9968b66013c3a3ef39dd7e5798?s=96&d=mm&r=g\",\"contentUrl\":\"https:\\\/\\\/secure.gravatar.com\\\/avatar\\\/3ea2118a5f7dad2b7138b1187a6b7ee55f160b9968b66013c3a3ef39dd7e5798?s=96&d=mm&r=g\",\"caption\":\"Jeanette\"},\"sameAs\":[\"https:\\\/\\\/www.eldiario.net\\\/portal\"],\"url\":\"https:\\\/\\\/www.eldiario.net\\\/portal\\\/author\\\/jeanette\\\/\"}]}<\/script>\n<!-- \/ Yoast SEO plugin. -->","yoast_head_json":{"title":"Museo Fernando Montes, 5 a\u00f1os al servicio del arte - El Diario - Bolivia","robots":{"index":"index","follow":"follow","max-snippet":"max-snippet:-1","max-image-preview":"max-image-preview:large","max-video-preview":"max-video-preview:-1"},"canonical":"https:\/\/www.eldiario.net\/portal\/2024\/01\/12\/museo-fernando-montes-5-anos-al-servicio-del-arte\/","og_locale":"es_ES","og_type":"article","og_title":"Museo Fernando Montes, 5 a\u00f1os al servicio del arte - El Diario - Bolivia","og_description":"El Museo Fernando Montes (MFM), ubicado en la zona de Sopocachi de la ciudad de La Paz, celebra cinco a\u00f1os de su inauguraci\u00f3n y de servicio a la poblaci\u00f3n. Este espacio, que incluye tres salas de exposici\u00f3n, una librer\u00eda, donde se exponen y difunden las publicaciones de los Repositorios nacionales y Centros Culturales dependientes de [&hellip;]","og_url":"https:\/\/www.eldiario.net\/portal\/2024\/01\/12\/museo-fernando-montes-5-anos-al-servicio-del-arte\/","og_site_name":"El Diario - Bolivia","article_publisher":"https:\/\/www.facebook.com\/eldiario.bolivia\/","article_published_time":"2024-01-12T10:55:30+00:00","og_image":[{"width":1600,"height":1066,"url":"https:\/\/www.eldiario.net\/portal\/wp-content\/uploads\/2024\/01\/MUSEO.jpeg","type":"image\/jpeg"}],"author":"Jeanette","twitter_card":"summary_large_image","twitter_creator":"@eldiario_net","twitter_site":"@eldiario_net","twitter_misc":{"Escrito por":"Jeanette","Tiempo de lectura":"3 minutos"},"schema":{"@context":"https:\/\/schema.org","@graph":[{"@type":"Article","@id":"https:\/\/www.eldiario.net\/portal\/2024\/01\/12\/museo-fernando-montes-5-anos-al-servicio-del-arte\/#article","isPartOf":{"@id":"https:\/\/www.eldiario.net\/portal\/2024\/01\/12\/museo-fernando-montes-5-anos-al-servicio-del-arte\/"},"author":{"name":"Jeanette","@id":"https:\/\/www.eldiario.net\/portal\/#\/schema\/person\/f46445640444750d7d753ccd04ae01b7"},"headline":"Museo Fernando Montes, 5 a\u00f1os al servicio del arte","datePublished":"2024-01-12T10:55:30+00:00","mainEntityOfPage":{"@id":"https:\/\/www.eldiario.net\/portal\/2024\/01\/12\/museo-fernando-montes-5-anos-al-servicio-del-arte\/"},"wordCount":550,"commentCount":0,"publisher":{"@id":"https:\/\/www.eldiario.net\/portal\/#organization"},"image":{"@id":"https:\/\/www.eldiario.net\/portal\/2024\/01\/12\/museo-fernando-montes-5-anos-al-servicio-del-arte\/#primaryimage"},"thumbnailUrl":"https:\/\/www.eldiario.net\/portal\/wp-content\/uploads\/2024\/01\/MUSEO.jpeg","articleSection":["Cultural"],"inLanguage":"es","potentialAction":[{"@type":"CommentAction","name":"Comment","target":["https:\/\/www.eldiario.net\/portal\/2024\/01\/12\/museo-fernando-montes-5-anos-al-servicio-del-arte\/#respond"]}]},{"@type":"WebPage","@id":"https:\/\/www.eldiario.net\/portal\/2024\/01\/12\/museo-fernando-montes-5-anos-al-servicio-del-arte\/","url":"https:\/\/www.eldiario.net\/portal\/2024\/01\/12\/museo-fernando-montes-5-anos-al-servicio-del-arte\/","name":"Museo Fernando Montes, 5 a\u00f1os al servicio del arte - El Diario - Bolivia","isPartOf":{"@id":"https:\/\/www.eldiario.net\/portal\/#website"},"primaryImageOfPage":{"@id":"https:\/\/www.eldiario.net\/portal\/2024\/01\/12\/museo-fernando-montes-5-anos-al-servicio-del-arte\/#primaryimage"},"image":{"@id":"https:\/\/www.eldiario.net\/portal\/2024\/01\/12\/museo-fernando-montes-5-anos-al-servicio-del-arte\/#primaryimage"},"thumbnailUrl":"https:\/\/www.eldiario.net\/portal\/wp-content\/uploads\/2024\/01\/MUSEO.jpeg","datePublished":"2024-01-12T10:55:30+00:00","breadcrumb":{"@id":"https:\/\/www.eldiario.net\/portal\/2024\/01\/12\/museo-fernando-montes-5-anos-al-servicio-del-arte\/#breadcrumb"},"inLanguage":"es","potentialAction":[{"@type":"ReadAction","target":["https:\/\/www.eldiario.net\/portal\/2024\/01\/12\/museo-fernando-montes-5-anos-al-servicio-del-arte\/"]}]},{"@type":"ImageObject","inLanguage":"es","@id":"https:\/\/www.eldiario.net\/portal\/2024\/01\/12\/museo-fernando-montes-5-anos-al-servicio-del-arte\/#primaryimage","url":"https:\/\/www.eldiario.net\/portal\/wp-content\/uploads\/2024\/01\/MUSEO.jpeg","contentUrl":"https:\/\/www.eldiario.net\/portal\/wp-content\/uploads\/2024\/01\/MUSEO.jpeg","width":1600,"height":1066,"caption":"EL MUSEO FERNANDO MONTES CUENTA CON UN JARD\u00cdN Y LIBRER\u00cdA, CON M\u00c1S DE 300 T\u00cdTULOS."},{"@type":"BreadcrumbList","@id":"https:\/\/www.eldiario.net\/portal\/2024\/01\/12\/museo-fernando-montes-5-anos-al-servicio-del-arte\/#breadcrumb","itemListElement":[{"@type":"ListItem","position":1,"name":"Portada","item":"https:\/\/www.eldiario.net\/portal\/"},{"@type":"ListItem","position":2,"name":"Museo Fernando Montes, 5 a\u00f1os al servicio del arte"}]},{"@type":"WebSite","@id":"https:\/\/www.eldiario.net\/portal\/#website","url":"https:\/\/www.eldiario.net\/portal\/","name":"El Diario - Decano de la prensa nacional","description":"El Diario - Decano de la prensa nacional","publisher":{"@id":"https:\/\/www.eldiario.net\/portal\/#organization"},"potentialAction":[{"@type":"SearchAction","target":{"@type":"EntryPoint","urlTemplate":"https:\/\/www.eldiario.net\/portal\/?s={search_term_string}"},"query-input":{"@type":"PropertyValueSpecification","valueRequired":true,"valueName":"search_term_string"}}],"inLanguage":"es"},{"@type":"Organization","@id":"https:\/\/www.eldiario.net\/portal\/#organization","name":"El Diario - Decano de la prensa nacional","url":"https:\/\/www.eldiario.net\/portal\/","logo":{"@type":"ImageObject","inLanguage":"es","@id":"https:\/\/www.eldiario.net\/portal\/#\/schema\/logo\/image\/","url":"https:\/\/www.eldiario.net\/portal\/wp-content\/uploads\/2023\/07\/logo_ED.jpg","contentUrl":"https:\/\/www.eldiario.net\/portal\/wp-content\/uploads\/2023\/07\/logo_ED.jpg","width":272,"height":52,"caption":"El Diario - Decano de la prensa nacional"},"image":{"@id":"https:\/\/www.eldiario.net\/portal\/#\/schema\/logo\/image\/"},"sameAs":["https:\/\/www.facebook.com\/eldiario.bolivia\/","https:\/\/x.com\/eldiario_net"]},{"@type":"Person","@id":"https:\/\/www.eldiario.net\/portal\/#\/schema\/person\/f46445640444750d7d753ccd04ae01b7","name":"Jeanette","image":{"@type":"ImageObject","inLanguage":"es","@id":"https:\/\/secure.gravatar.com\/avatar\/3ea2118a5f7dad2b7138b1187a6b7ee55f160b9968b66013c3a3ef39dd7e5798?s=96&d=mm&r=g","url":"https:\/\/secure.gravatar.com\/avatar\/3ea2118a5f7dad2b7138b1187a6b7ee55f160b9968b66013c3a3ef39dd7e5798?s=96&d=mm&r=g","contentUrl":"https:\/\/secure.gravatar.com\/avatar\/3ea2118a5f7dad2b7138b1187a6b7ee55f160b9968b66013c3a3ef39dd7e5798?s=96&d=mm&r=g","caption":"Jeanette"},"sameAs":["https:\/\/www.eldiario.net\/portal"],"url":"https:\/\/www.eldiario.net\/portal\/author\/jeanette\/"}]}},"_links":{"self":[{"href":"https:\/\/www.eldiario.net\/portal\/wp-json\/wp\/v2\/posts\/197173","targetHints":{"allow":["GET"]}}],"collection":[{"href":"https:\/\/www.eldiario.net\/portal\/wp-json\/wp\/v2\/posts"}],"about":[{"href":"https:\/\/www.eldiario.net\/portal\/wp-json\/wp\/v2\/types\/post"}],"author":[{"embeddable":true,"href":"https:\/\/www.eldiario.net\/portal\/wp-json\/wp\/v2\/users\/1"}],"replies":[{"embeddable":true,"href":"https:\/\/www.eldiario.net\/portal\/wp-json\/wp\/v2\/comments?post=197173"}],"version-history":[{"count":1,"href":"https:\/\/www.eldiario.net\/portal\/wp-json\/wp\/v2\/posts\/197173\/revisions"}],"predecessor-version":[{"id":197175,"href":"https:\/\/www.eldiario.net\/portal\/wp-json\/wp\/v2\/posts\/197173\/revisions\/197175"}],"wp:featuredmedia":[{"embeddable":true,"href":"https:\/\/www.eldiario.net\/portal\/wp-json\/wp\/v2\/media\/197174"}],"wp:attachment":[{"href":"https:\/\/www.eldiario.net\/portal\/wp-json\/wp\/v2\/media?parent=197173"}],"wp:term":[{"taxonomy":"category","embeddable":true,"href":"https:\/\/www.eldiario.net\/portal\/wp-json\/wp\/v2\/categories?post=197173"},{"taxonomy":"post_tag","embeddable":true,"href":"https:\/\/www.eldiario.net\/portal\/wp-json\/wp\/v2\/tags?post=197173"}],"curies":[{"name":"wp","href":"https:\/\/api.w.org\/{rel}","templated":true}]}}