{"id":197124,"date":"2024-01-11T03:30:30","date_gmt":"2024-01-11T07:30:30","guid":{"rendered":"https:\/\/www.eldiario.net\/portal\/?p=197124"},"modified":"2024-01-11T03:30:30","modified_gmt":"2024-01-11T07:30:30","slug":"bolivianos-tienen-mala-jornada-en-el-challenger-de-buenos-aires","status":"publish","type":"post","link":"https:\/\/www.eldiario.net\/portal\/2024\/01\/11\/bolivianos-tienen-mala-jornada-en-el-challenger-de-buenos-aires\/","title":{"rendered":"Bolivianos tienen mala jornada en el Challenger de Buenos Aires"},"content":{"rendered":"<div dir=\"auto\">Este mi\u00e9rcoles no fue una buena jornada para los tenistas bolivianos. La dupla de Federico Zeballos y Boris Arias perdi\u00f3 en la primera ronda de dobles del Challenger de Buenos Aires, mientras que Murkel Dellien cay\u00f3 en la segunda fase de singles.<\/div>\n<div dir=\"auto\">Zeballos y Arias, quienes conformaban la mejor dupla del certamen, fueron eliminados sorpresivamente en su debut de dobles con los locales Luciano Ambrogi y Lautaro Midon.<\/div>\n<div dir=\"auto\">La primera cancha fue para los bolivianos (6-2), pero en las otras dos no se encontraron con su juego y sus contrincantes se quedaron con el triunfo (6-1 y 10-1).<\/div>\n<div dir=\"auto\">Dellien, quien super\u00f3 la primera fase del certamen individual, rivaliz\u00f3 con el brasile\u00f1o Joao Fonseca, quien se impuso en dos sets con parciales de 7-5 y 6-4.<\/div>\n<div dir=\"auto\">Reprogramado<\/div>\n<div dir=\"auto\">Murkel a\u00fan sigue en competencia en el torneo por parejas y est\u00e1 muy cerca de pasar de fase, pero su partido fue reprogramado para este jueves por la lluvia.<\/div>\n<div dir=\"auto\">Tiene como compa\u00f1ero al argentino Mariano Kestelboim y se enfrentaron a los cuartos favoritos: los brasile\u00f1os Mateus Alves y Joao Reis da Silva.<\/div>\n<div dir=\"auto\">Fue un duelo bastante parejo, pues el primer set lo gan\u00f3 Dellien y Kestelboim (6-4), pero el segundo lo perdieron por 7-5.<\/div>\n<div dir=\"auto\">Ello hizo que se vayan al tercer y definitivo set, instancia en la que el boliviano y el argentino se pusieron arriba 4-1 y quedaron a 6 puntos de ganar.<\/div>\n<div dir=\"auto\">Luego se tuvo que paralizar el partido para posteriormente ser reprogramado para el jueves.<\/div>\n","protected":false},"excerpt":{"rendered":"<p>Este mi\u00e9rcoles no fue una buena jornada para los tenistas bolivianos. La dupla de Federico Zeballos y Boris Arias perdi\u00f3 en la primera ronda de dobles del Challenger de Buenos Aires, mientras que Murkel Dellien cay\u00f3 en la segunda fase de singles. Zeballos y Arias, quienes conformaban la mejor dupla del certamen, fueron eliminados sorpresivamente [&hellip;]<\/p>\n","protected":false},"author":1,"featured_media":197125,"comment_status":"open","ping_status":"open","sticky":false,"template":"","format":"standard","meta":{"_acf_changed":false,"footnotes":""},"categories":[6],"tags":[],"class_list":["post-197124","post","type-post","status-publish","format-standard","has-post-thumbnail","category-deportes"],"acf":{"antetitulo":""},"yoast_head":"<!-- This site is optimized with the Yoast SEO plugin v28.3 - https:\/\/yoast.com\/product\/yoast-seo-wordpress\/ -->\n<title>Bolivianos tienen mala jornada en el Challenger de Buenos Aires - El Diario - Bolivia<\/title>\n<meta name=\"robots\" content=\"index, follow, max-snippet:-1, max-image-preview:large, max-video-preview:-1\" \/>\n<link rel=\"canonical\" href=\"https:\/\/www.eldiario.net\/portal\/2024\/01\/11\/bolivianos-tienen-mala-jornada-en-el-challenger-de-buenos-aires\/\" \/>\n<meta property=\"og:locale\" content=\"es_ES\" \/>\n<meta property=\"og:type\" content=\"article\" \/>\n<meta property=\"og:title\" content=\"Bolivianos tienen mala jornada en el Challenger de Buenos Aires - El Diario - Bolivia\" \/>\n<meta property=\"og:description\" content=\"Este mi\u00e9rcoles no fue una buena jornada para los tenistas bolivianos. La dupla de Federico Zeballos y Boris Arias perdi\u00f3 en la primera ronda de dobles del Challenger de Buenos Aires, mientras que Murkel Dellien cay\u00f3 en la segunda fase de singles. Zeballos y Arias, quienes conformaban la mejor dupla del certamen, fueron eliminados sorpresivamente [&hellip;]\" \/>\n<meta property=\"og:url\" content=\"https:\/\/www.eldiario.net\/portal\/2024\/01\/11\/bolivianos-tienen-mala-jornada-en-el-challenger-de-buenos-aires\/\" \/>\n<meta property=\"og:site_name\" content=\"El Diario - Bolivia\" \/>\n<meta property=\"article:publisher\" content=\"https:\/\/www.facebook.com\/eldiario.bolivia\/\" \/>\n<meta property=\"article:published_time\" content=\"2024-01-11T07:30:30+00:00\" \/>\n<meta property=\"og:image\" content=\"https:\/\/www.eldiario.net\/portal\/wp-content\/uploads\/2024\/01\/IMG-20231004-WA0062.jpg\" \/>\n\t<meta property=\"og:image:width\" content=\"1600\" \/>\n\t<meta property=\"og:image:height\" content=\"1066\" \/>\n\t<meta property=\"og:image:type\" content=\"image\/jpeg\" \/>\n<meta name=\"author\" content=\"Jeanette\" \/>\n<meta name=\"twitter:card\" content=\"summary_large_image\" \/>\n<meta name=\"twitter:creator\" content=\"@eldiario_net\" \/>\n<meta name=\"twitter:site\" content=\"@eldiario_net\" \/>\n<meta name=\"twitter:label1\" content=\"Escrito por\" \/>\n\t<meta name=\"twitter:data1\" content=\"Jeanette\" \/>\n\t<meta name=\"twitter:label2\" content=\"Tiempo de lectura\" \/>\n\t<meta name=\"twitter:data2\" content=\"2 minutos\" \/>\n<script type=\"application\/ld+json\" class=\"yoast-schema-graph\">{\"@context\":\"https:\\\/\\\/schema.org\",\"@graph\":[{\"@type\":\"Article\",\"@id\":\"https:\\\/\\\/www.eldiario.net\\\/portal\\\/2024\\\/01\\\/11\\\/bolivianos-tienen-mala-jornada-en-el-challenger-de-buenos-aires\\\/#article\",\"isPartOf\":{\"@id\":\"https:\\\/\\\/www.eldiario.net\\\/portal\\\/2024\\\/01\\\/11\\\/bolivianos-tienen-mala-jornada-en-el-challenger-de-buenos-aires\\\/\"},\"author\":{\"name\":\"Jeanette\",\"@id\":\"https:\\\/\\\/www.eldiario.net\\\/portal\\\/#\\\/schema\\\/person\\\/f46445640444750d7d753ccd04ae01b7\"},\"headline\":\"Bolivianos tienen mala jornada en el Challenger de Buenos Aires\",\"datePublished\":\"2024-01-11T07:30:30+00:00\",\"mainEntityOfPage\":{\"@id\":\"https:\\\/\\\/www.eldiario.net\\\/portal\\\/2024\\\/01\\\/11\\\/bolivianos-tienen-mala-jornada-en-el-challenger-de-buenos-aires\\\/\"},\"wordCount\":258,\"commentCount\":0,\"publisher\":{\"@id\":\"https:\\\/\\\/www.eldiario.net\\\/portal\\\/#organization\"},\"image\":{\"@id\":\"https:\\\/\\\/www.eldiario.net\\\/portal\\\/2024\\\/01\\\/11\\\/bolivianos-tienen-mala-jornada-en-el-challenger-de-buenos-aires\\\/#primaryimage\"},\"thumbnailUrl\":\"https:\\\/\\\/www.eldiario.net\\\/portal\\\/wp-content\\\/uploads\\\/2024\\\/01\\\/IMG-20231004-WA0062.jpg\",\"articleSection\":[\"Deportes\"],\"inLanguage\":\"es\",\"potentialAction\":[{\"@type\":\"CommentAction\",\"name\":\"Comment\",\"target\":[\"https:\\\/\\\/www.eldiario.net\\\/portal\\\/2024\\\/01\\\/11\\\/bolivianos-tienen-mala-jornada-en-el-challenger-de-buenos-aires\\\/#respond\"]}]},{\"@type\":\"WebPage\",\"@id\":\"https:\\\/\\\/www.eldiario.net\\\/portal\\\/2024\\\/01\\\/11\\\/bolivianos-tienen-mala-jornada-en-el-challenger-de-buenos-aires\\\/\",\"url\":\"https:\\\/\\\/www.eldiario.net\\\/portal\\\/2024\\\/01\\\/11\\\/bolivianos-tienen-mala-jornada-en-el-challenger-de-buenos-aires\\\/\",\"name\":\"Bolivianos tienen mala jornada en el Challenger de Buenos Aires - El Diario - Bolivia\",\"isPartOf\":{\"@id\":\"https:\\\/\\\/www.eldiario.net\\\/portal\\\/#website\"},\"primaryImageOfPage\":{\"@id\":\"https:\\\/\\\/www.eldiario.net\\\/portal\\\/2024\\\/01\\\/11\\\/bolivianos-tienen-mala-jornada-en-el-challenger-de-buenos-aires\\\/#primaryimage\"},\"image\":{\"@id\":\"https:\\\/\\\/www.eldiario.net\\\/portal\\\/2024\\\/01\\\/11\\\/bolivianos-tienen-mala-jornada-en-el-challenger-de-buenos-aires\\\/#primaryimage\"},\"thumbnailUrl\":\"https:\\\/\\\/www.eldiario.net\\\/portal\\\/wp-content\\\/uploads\\\/2024\\\/01\\\/IMG-20231004-WA0062.jpg\",\"datePublished\":\"2024-01-11T07:30:30+00:00\",\"breadcrumb\":{\"@id\":\"https:\\\/\\\/www.eldiario.net\\\/portal\\\/2024\\\/01\\\/11\\\/bolivianos-tienen-mala-jornada-en-el-challenger-de-buenos-aires\\\/#breadcrumb\"},\"inLanguage\":\"es\",\"potentialAction\":[{\"@type\":\"ReadAction\",\"target\":[\"https:\\\/\\\/www.eldiario.net\\\/portal\\\/2024\\\/01\\\/11\\\/bolivianos-tienen-mala-jornada-en-el-challenger-de-buenos-aires\\\/\"]}]},{\"@type\":\"ImageObject\",\"inLanguage\":\"es\",\"@id\":\"https:\\\/\\\/www.eldiario.net\\\/portal\\\/2024\\\/01\\\/11\\\/bolivianos-tienen-mala-jornada-en-el-challenger-de-buenos-aires\\\/#primaryimage\",\"url\":\"https:\\\/\\\/www.eldiario.net\\\/portal\\\/wp-content\\\/uploads\\\/2024\\\/01\\\/IMG-20231004-WA0062.jpg\",\"contentUrl\":\"https:\\\/\\\/www.eldiario.net\\\/portal\\\/wp-content\\\/uploads\\\/2024\\\/01\\\/IMG-20231004-WA0062.jpg\",\"width\":1600,\"height\":1066},{\"@type\":\"BreadcrumbList\",\"@id\":\"https:\\\/\\\/www.eldiario.net\\\/portal\\\/2024\\\/01\\\/11\\\/bolivianos-tienen-mala-jornada-en-el-challenger-de-buenos-aires\\\/#breadcrumb\",\"itemListElement\":[{\"@type\":\"ListItem\",\"position\":1,\"name\":\"Portada\",\"item\":\"https:\\\/\\\/www.eldiario.net\\\/portal\\\/\"},{\"@type\":\"ListItem\",\"position\":2,\"name\":\"Bolivianos tienen mala jornada en el Challenger de Buenos Aires\"}]},{\"@type\":\"WebSite\",\"@id\":\"https:\\\/\\\/www.eldiario.net\\\/portal\\\/#website\",\"url\":\"https:\\\/\\\/www.eldiario.net\\\/portal\\\/\",\"name\":\"El Diario - Decano de la prensa nacional\",\"description\":\"El Diario - Decano de la prensa nacional\",\"publisher\":{\"@id\":\"https:\\\/\\\/www.eldiario.net\\\/portal\\\/#organization\"},\"potentialAction\":[{\"@type\":\"SearchAction\",\"target\":{\"@type\":\"EntryPoint\",\"urlTemplate\":\"https:\\\/\\\/www.eldiario.net\\\/portal\\\/?s={search_term_string}\"},\"query-input\":{\"@type\":\"PropertyValueSpecification\",\"valueRequired\":true,\"valueName\":\"search_term_string\"}}],\"inLanguage\":\"es\"},{\"@type\":\"Organization\",\"@id\":\"https:\\\/\\\/www.eldiario.net\\\/portal\\\/#organization\",\"name\":\"El Diario - Decano de la prensa nacional\",\"url\":\"https:\\\/\\\/www.eldiario.net\\\/portal\\\/\",\"logo\":{\"@type\":\"ImageObject\",\"inLanguage\":\"es\",\"@id\":\"https:\\\/\\\/www.eldiario.net\\\/portal\\\/#\\\/schema\\\/logo\\\/image\\\/\",\"url\":\"https:\\\/\\\/www.eldiario.net\\\/portal\\\/wp-content\\\/uploads\\\/2023\\\/07\\\/logo_ED.jpg\",\"contentUrl\":\"https:\\\/\\\/www.eldiario.net\\\/portal\\\/wp-content\\\/uploads\\\/2023\\\/07\\\/logo_ED.jpg\",\"width\":272,\"height\":52,\"caption\":\"El Diario - Decano de la prensa nacional\"},\"image\":{\"@id\":\"https:\\\/\\\/www.eldiario.net\\\/portal\\\/#\\\/schema\\\/logo\\\/image\\\/\"},\"sameAs\":[\"https:\\\/\\\/www.facebook.com\\\/eldiario.bolivia\\\/\",\"https:\\\/\\\/x.com\\\/eldiario_net\"]},{\"@type\":\"Person\",\"@id\":\"https:\\\/\\\/www.eldiario.net\\\/portal\\\/#\\\/schema\\\/person\\\/f46445640444750d7d753ccd04ae01b7\",\"name\":\"Jeanette\",\"image\":{\"@type\":\"ImageObject\",\"inLanguage\":\"es\",\"@id\":\"https:\\\/\\\/secure.gravatar.com\\\/avatar\\\/3ea2118a5f7dad2b7138b1187a6b7ee55f160b9968b66013c3a3ef39dd7e5798?s=96&d=mm&r=g\",\"url\":\"https:\\\/\\\/secure.gravatar.com\\\/avatar\\\/3ea2118a5f7dad2b7138b1187a6b7ee55f160b9968b66013c3a3ef39dd7e5798?s=96&d=mm&r=g\",\"contentUrl\":\"https:\\\/\\\/secure.gravatar.com\\\/avatar\\\/3ea2118a5f7dad2b7138b1187a6b7ee55f160b9968b66013c3a3ef39dd7e5798?s=96&d=mm&r=g\",\"caption\":\"Jeanette\"},\"sameAs\":[\"https:\\\/\\\/www.eldiario.net\\\/portal\"],\"url\":\"https:\\\/\\\/www.eldiario.net\\\/portal\\\/author\\\/jeanette\\\/\"}]}<\/script>\n<!-- \/ Yoast SEO plugin. -->","yoast_head_json":{"title":"Bolivianos tienen mala jornada en el Challenger de Buenos Aires - El Diario - Bolivia","robots":{"index":"index","follow":"follow","max-snippet":"max-snippet:-1","max-image-preview":"max-image-preview:large","max-video-preview":"max-video-preview:-1"},"canonical":"https:\/\/www.eldiario.net\/portal\/2024\/01\/11\/bolivianos-tienen-mala-jornada-en-el-challenger-de-buenos-aires\/","og_locale":"es_ES","og_type":"article","og_title":"Bolivianos tienen mala jornada en el Challenger de Buenos Aires - El Diario - Bolivia","og_description":"Este mi\u00e9rcoles no fue una buena jornada para los tenistas bolivianos. La dupla de Federico Zeballos y Boris Arias perdi\u00f3 en la primera ronda de dobles del Challenger de Buenos Aires, mientras que Murkel Dellien cay\u00f3 en la segunda fase de singles. Zeballos y Arias, quienes conformaban la mejor dupla del certamen, fueron eliminados sorpresivamente [&hellip;]","og_url":"https:\/\/www.eldiario.net\/portal\/2024\/01\/11\/bolivianos-tienen-mala-jornada-en-el-challenger-de-buenos-aires\/","og_site_name":"El Diario - Bolivia","article_publisher":"https:\/\/www.facebook.com\/eldiario.bolivia\/","article_published_time":"2024-01-11T07:30:30+00:00","og_image":[{"width":1600,"height":1066,"url":"https:\/\/www.eldiario.net\/portal\/wp-content\/uploads\/2024\/01\/IMG-20231004-WA0062.jpg","type":"image\/jpeg"}],"author":"Jeanette","twitter_card":"summary_large_image","twitter_creator":"@eldiario_net","twitter_site":"@eldiario_net","twitter_misc":{"Escrito por":"Jeanette","Tiempo de lectura":"2 minutos"},"schema":{"@context":"https:\/\/schema.org","@graph":[{"@type":"Article","@id":"https:\/\/www.eldiario.net\/portal\/2024\/01\/11\/bolivianos-tienen-mala-jornada-en-el-challenger-de-buenos-aires\/#article","isPartOf":{"@id":"https:\/\/www.eldiario.net\/portal\/2024\/01\/11\/bolivianos-tienen-mala-jornada-en-el-challenger-de-buenos-aires\/"},"author":{"name":"Jeanette","@id":"https:\/\/www.eldiario.net\/portal\/#\/schema\/person\/f46445640444750d7d753ccd04ae01b7"},"headline":"Bolivianos tienen mala jornada en el Challenger de Buenos Aires","datePublished":"2024-01-11T07:30:30+00:00","mainEntityOfPage":{"@id":"https:\/\/www.eldiario.net\/portal\/2024\/01\/11\/bolivianos-tienen-mala-jornada-en-el-challenger-de-buenos-aires\/"},"wordCount":258,"commentCount":0,"publisher":{"@id":"https:\/\/www.eldiario.net\/portal\/#organization"},"image":{"@id":"https:\/\/www.eldiario.net\/portal\/2024\/01\/11\/bolivianos-tienen-mala-jornada-en-el-challenger-de-buenos-aires\/#primaryimage"},"thumbnailUrl":"https:\/\/www.eldiario.net\/portal\/wp-content\/uploads\/2024\/01\/IMG-20231004-WA0062.jpg","articleSection":["Deportes"],"inLanguage":"es","potentialAction":[{"@type":"CommentAction","name":"Comment","target":["https:\/\/www.eldiario.net\/portal\/2024\/01\/11\/bolivianos-tienen-mala-jornada-en-el-challenger-de-buenos-aires\/#respond"]}]},{"@type":"WebPage","@id":"https:\/\/www.eldiario.net\/portal\/2024\/01\/11\/bolivianos-tienen-mala-jornada-en-el-challenger-de-buenos-aires\/","url":"https:\/\/www.eldiario.net\/portal\/2024\/01\/11\/bolivianos-tienen-mala-jornada-en-el-challenger-de-buenos-aires\/","name":"Bolivianos tienen mala jornada en el Challenger de Buenos Aires - El Diario - Bolivia","isPartOf":{"@id":"https:\/\/www.eldiario.net\/portal\/#website"},"primaryImageOfPage":{"@id":"https:\/\/www.eldiario.net\/portal\/2024\/01\/11\/bolivianos-tienen-mala-jornada-en-el-challenger-de-buenos-aires\/#primaryimage"},"image":{"@id":"https:\/\/www.eldiario.net\/portal\/2024\/01\/11\/bolivianos-tienen-mala-jornada-en-el-challenger-de-buenos-aires\/#primaryimage"},"thumbnailUrl":"https:\/\/www.eldiario.net\/portal\/wp-content\/uploads\/2024\/01\/IMG-20231004-WA0062.jpg","datePublished":"2024-01-11T07:30:30+00:00","breadcrumb":{"@id":"https:\/\/www.eldiario.net\/portal\/2024\/01\/11\/bolivianos-tienen-mala-jornada-en-el-challenger-de-buenos-aires\/#breadcrumb"},"inLanguage":"es","potentialAction":[{"@type":"ReadAction","target":["https:\/\/www.eldiario.net\/portal\/2024\/01\/11\/bolivianos-tienen-mala-jornada-en-el-challenger-de-buenos-aires\/"]}]},{"@type":"ImageObject","inLanguage":"es","@id":"https:\/\/www.eldiario.net\/portal\/2024\/01\/11\/bolivianos-tienen-mala-jornada-en-el-challenger-de-buenos-aires\/#primaryimage","url":"https:\/\/www.eldiario.net\/portal\/wp-content\/uploads\/2024\/01\/IMG-20231004-WA0062.jpg","contentUrl":"https:\/\/www.eldiario.net\/portal\/wp-content\/uploads\/2024\/01\/IMG-20231004-WA0062.jpg","width":1600,"height":1066},{"@type":"BreadcrumbList","@id":"https:\/\/www.eldiario.net\/portal\/2024\/01\/11\/bolivianos-tienen-mala-jornada-en-el-challenger-de-buenos-aires\/#breadcrumb","itemListElement":[{"@type":"ListItem","position":1,"name":"Portada","item":"https:\/\/www.eldiario.net\/portal\/"},{"@type":"ListItem","position":2,"name":"Bolivianos tienen mala jornada en el Challenger de Buenos Aires"}]},{"@type":"WebSite","@id":"https:\/\/www.eldiario.net\/portal\/#website","url":"https:\/\/www.eldiario.net\/portal\/","name":"El Diario - Decano de la prensa nacional","description":"El Diario - Decano de la prensa nacional","publisher":{"@id":"https:\/\/www.eldiario.net\/portal\/#organization"},"potentialAction":[{"@type":"SearchAction","target":{"@type":"EntryPoint","urlTemplate":"https:\/\/www.eldiario.net\/portal\/?s={search_term_string}"},"query-input":{"@type":"PropertyValueSpecification","valueRequired":true,"valueName":"search_term_string"}}],"inLanguage":"es"},{"@type":"Organization","@id":"https:\/\/www.eldiario.net\/portal\/#organization","name":"El Diario - Decano de la prensa nacional","url":"https:\/\/www.eldiario.net\/portal\/","logo":{"@type":"ImageObject","inLanguage":"es","@id":"https:\/\/www.eldiario.net\/portal\/#\/schema\/logo\/image\/","url":"https:\/\/www.eldiario.net\/portal\/wp-content\/uploads\/2023\/07\/logo_ED.jpg","contentUrl":"https:\/\/www.eldiario.net\/portal\/wp-content\/uploads\/2023\/07\/logo_ED.jpg","width":272,"height":52,"caption":"El Diario - Decano de la prensa nacional"},"image":{"@id":"https:\/\/www.eldiario.net\/portal\/#\/schema\/logo\/image\/"},"sameAs":["https:\/\/www.facebook.com\/eldiario.bolivia\/","https:\/\/x.com\/eldiario_net"]},{"@type":"Person","@id":"https:\/\/www.eldiario.net\/portal\/#\/schema\/person\/f46445640444750d7d753ccd04ae01b7","name":"Jeanette","image":{"@type":"ImageObject","inLanguage":"es","@id":"https:\/\/secure.gravatar.com\/avatar\/3ea2118a5f7dad2b7138b1187a6b7ee55f160b9968b66013c3a3ef39dd7e5798?s=96&d=mm&r=g","url":"https:\/\/secure.gravatar.com\/avatar\/3ea2118a5f7dad2b7138b1187a6b7ee55f160b9968b66013c3a3ef39dd7e5798?s=96&d=mm&r=g","contentUrl":"https:\/\/secure.gravatar.com\/avatar\/3ea2118a5f7dad2b7138b1187a6b7ee55f160b9968b66013c3a3ef39dd7e5798?s=96&d=mm&r=g","caption":"Jeanette"},"sameAs":["https:\/\/www.eldiario.net\/portal"],"url":"https:\/\/www.eldiario.net\/portal\/author\/jeanette\/"}]}},"_links":{"self":[{"href":"https:\/\/www.eldiario.net\/portal\/wp-json\/wp\/v2\/posts\/197124","targetHints":{"allow":["GET"]}}],"collection":[{"href":"https:\/\/www.eldiario.net\/portal\/wp-json\/wp\/v2\/posts"}],"about":[{"href":"https:\/\/www.eldiario.net\/portal\/wp-json\/wp\/v2\/types\/post"}],"author":[{"embeddable":true,"href":"https:\/\/www.eldiario.net\/portal\/wp-json\/wp\/v2\/users\/1"}],"replies":[{"embeddable":true,"href":"https:\/\/www.eldiario.net\/portal\/wp-json\/wp\/v2\/comments?post=197124"}],"version-history":[{"count":1,"href":"https:\/\/www.eldiario.net\/portal\/wp-json\/wp\/v2\/posts\/197124\/revisions"}],"predecessor-version":[{"id":197126,"href":"https:\/\/www.eldiario.net\/portal\/wp-json\/wp\/v2\/posts\/197124\/revisions\/197126"}],"wp:featuredmedia":[{"embeddable":true,"href":"https:\/\/www.eldiario.net\/portal\/wp-json\/wp\/v2\/media\/197125"}],"wp:attachment":[{"href":"https:\/\/www.eldiario.net\/portal\/wp-json\/wp\/v2\/media?parent=197124"}],"wp:term":[{"taxonomy":"category","embeddable":true,"href":"https:\/\/www.eldiario.net\/portal\/wp-json\/wp\/v2\/categories?post=197124"},{"taxonomy":"post_tag","embeddable":true,"href":"https:\/\/www.eldiario.net\/portal\/wp-json\/wp\/v2\/tags?post=197124"}],"curies":[{"name":"wp","href":"https:\/\/api.w.org\/{rel}","templated":true}]}}