{"id":197121,"date":"2024-01-11T03:29:17","date_gmt":"2024-01-11T07:29:17","guid":{"rendered":"https:\/\/www.eldiario.net\/portal\/?p=197121"},"modified":"2024-01-11T03:29:17","modified_gmt":"2024-01-11T07:29:17","slug":"ganador-del-apertura-y-del-clausura-definiran-el-titulo-de-la-temporada-y-el-premio-del-millon-de-dolares","status":"publish","type":"post","link":"https:\/\/www.eldiario.net\/portal\/2024\/01\/11\/ganador-del-apertura-y-del-clausura-definiran-el-titulo-de-la-temporada-y-el-premio-del-millon-de-dolares\/","title":{"rendered":"Ganador del Apertura y del Clausura definir\u00e1n el t\u00edtulo de la temporada y el premio del mill\u00f3n de d\u00f3lares"},"content":{"rendered":"<p>SANTA CRUZ.- Los ganadores del torneo Apertura (por series) y del Clausura (todos contra todos) jugar\u00e1n a final de a\u00f1o por el t\u00edtulo de campe\u00f3n de la temporada 2024 y por el premio de un mill\u00f3n de d\u00f3lares, que otorga la CONMEBOL a cada asociaci\u00f3n o federaci\u00f3n miembro como parte de la motivaci\u00f3n por la clasificaci\u00f3n a la Copa Libertadores de Am\u00e9rica.<\/p>\n<p>\u201cSe jugar\u00e1 la gran final, ser\u00e1 un partido entre los campeones del torneo seriado y del campeonato largo para definir qui\u00e9n es el campe\u00f3n nacional de la temporada y acreedor de la Copa Federaci\u00f3n Unida y premio de la CONMEBOL\u201d, explic\u00f3 Klaus von Landwust, responsable de la Comisi\u00f3n de Competiciones de la Federaci\u00f3n Boliviana de F\u00fatbol (FBF).<\/p>\n<p>Este tema fue debatido por los clubes, dividi\u00e9ndose los criterios alrededor de que los ganadores de cada torneo deb\u00edan considerarse como campeones dentro del historial del f\u00fatbol boliviano; sin embargo, gan\u00f3 la propuesta de definir al campe\u00f3n del a\u00f1o en diciembre.<\/p>\n<p>\u201cEn caso de que un equipo gane ambos torneos, autom\u00e1ticamente ser\u00e1 el campe\u00f3n nacional, ya no habr\u00e1 esa definici\u00f3n\u201d, explic\u00f3 Van Landwust. Esta salvedad fue aclarada en la convocatoria firmada por los 16 clubes.<\/p>\n<p>&nbsp;<\/p>\n<p>PREMIOS<\/p>\n<p>El ganador del Apertura recibir\u00e1 el Bolivia 1 de la Copa Libertadores de Am\u00e9rica 2025 y el subcampe\u00f3n el Bolivia 1 de la Copa Sudamericana. Mientras, el vencedor del Clausura el Bolivia 2 de la Libertadores 2025.<\/p>\n<p>Las dem\u00e1s plazas para los torneos internacionales ser\u00e1n entregadas con base en la posici\u00f3n en la tabla acumulativa, que tomar\u00e1 en cuenta los puntos sumados en las ocho fechas de la fase de grupos del Apertura y las 30 jornadas del Clausura.<\/p>\n<p>&nbsp;<\/p>\n<p>(APG)<\/p>\n","protected":false},"excerpt":{"rendered":"<p>SANTA CRUZ.- Los ganadores del torneo Apertura (por series) y del Clausura (todos contra todos) jugar\u00e1n a final de a\u00f1o por el t\u00edtulo de campe\u00f3n de la temporada 2024 y por el premio de un mill\u00f3n de d\u00f3lares, que otorga la CONMEBOL a cada asociaci\u00f3n o federaci\u00f3n miembro como parte de la motivaci\u00f3n por la [&hellip;]<\/p>\n","protected":false},"author":1,"featured_media":197122,"comment_status":"open","ping_status":"open","sticky":false,"template":"","format":"standard","meta":{"_acf_changed":false,"footnotes":""},"categories":[6],"tags":[],"class_list":["post-197121","post","type-post","status-publish","format-standard","has-post-thumbnail","category-deportes"],"acf":{"antetitulo":""},"yoast_head":"<!-- This site is optimized with the Yoast SEO plugin v28.3 - https:\/\/yoast.com\/product\/yoast-seo-wordpress\/ -->\n<title>Ganador del Apertura y del Clausura definir\u00e1n el t\u00edtulo de la temporada y el premio del mill\u00f3n de d\u00f3lares - El Diario - Bolivia<\/title>\n<meta name=\"robots\" content=\"index, follow, max-snippet:-1, max-image-preview:large, max-video-preview:-1\" \/>\n<link rel=\"canonical\" href=\"https:\/\/www.eldiario.net\/portal\/2024\/01\/11\/ganador-del-apertura-y-del-clausura-definiran-el-titulo-de-la-temporada-y-el-premio-del-millon-de-dolares\/\" \/>\n<meta property=\"og:locale\" content=\"es_ES\" \/>\n<meta property=\"og:type\" content=\"article\" \/>\n<meta property=\"og:title\" content=\"Ganador del Apertura y del Clausura definir\u00e1n el t\u00edtulo de la temporada y el premio del mill\u00f3n de d\u00f3lares - El Diario - Bolivia\" \/>\n<meta property=\"og:description\" content=\"SANTA CRUZ.- Los ganadores del torneo Apertura (por series) y del Clausura (todos contra todos) jugar\u00e1n a final de a\u00f1o por el t\u00edtulo de campe\u00f3n de la temporada 2024 y por el premio de un mill\u00f3n de d\u00f3lares, que otorga la CONMEBOL a cada asociaci\u00f3n o federaci\u00f3n miembro como parte de la motivaci\u00f3n por la [&hellip;]\" \/>\n<meta property=\"og:url\" content=\"https:\/\/www.eldiario.net\/portal\/2024\/01\/11\/ganador-del-apertura-y-del-clausura-definiran-el-titulo-de-la-temporada-y-el-premio-del-millon-de-dolares\/\" \/>\n<meta property=\"og:site_name\" content=\"El Diario - Bolivia\" \/>\n<meta property=\"article:publisher\" content=\"https:\/\/www.facebook.com\/eldiario.bolivia\/\" \/>\n<meta property=\"article:published_time\" content=\"2024-01-11T07:29:17+00:00\" \/>\n<meta property=\"og:image\" content=\"https:\/\/www.eldiario.net\/portal\/wp-content\/uploads\/2024\/01\/Ganador-10-scaled.jpg\" \/>\n\t<meta property=\"og:image:width\" content=\"2560\" \/>\n\t<meta property=\"og:image:height\" content=\"1848\" \/>\n\t<meta property=\"og:image:type\" content=\"image\/jpeg\" \/>\n<meta name=\"author\" content=\"Jeanette\" \/>\n<meta name=\"twitter:card\" content=\"summary_large_image\" \/>\n<meta name=\"twitter:creator\" content=\"@eldiario_net\" \/>\n<meta name=\"twitter:site\" content=\"@eldiario_net\" \/>\n<meta name=\"twitter:label1\" content=\"Escrito por\" \/>\n\t<meta name=\"twitter:data1\" content=\"Jeanette\" \/>\n\t<meta name=\"twitter:label2\" content=\"Tiempo de lectura\" \/>\n\t<meta name=\"twitter:data2\" content=\"2 minutos\" \/>\n<script type=\"application\/ld+json\" class=\"yoast-schema-graph\">{\"@context\":\"https:\\\/\\\/schema.org\",\"@graph\":[{\"@type\":\"Article\",\"@id\":\"https:\\\/\\\/www.eldiario.net\\\/portal\\\/2024\\\/01\\\/11\\\/ganador-del-apertura-y-del-clausura-definiran-el-titulo-de-la-temporada-y-el-premio-del-millon-de-dolares\\\/#article\",\"isPartOf\":{\"@id\":\"https:\\\/\\\/www.eldiario.net\\\/portal\\\/2024\\\/01\\\/11\\\/ganador-del-apertura-y-del-clausura-definiran-el-titulo-de-la-temporada-y-el-premio-del-millon-de-dolares\\\/\"},\"author\":{\"name\":\"Jeanette\",\"@id\":\"https:\\\/\\\/www.eldiario.net\\\/portal\\\/#\\\/schema\\\/person\\\/f46445640444750d7d753ccd04ae01b7\"},\"headline\":\"Ganador del Apertura y del Clausura definir\u00e1n el t\u00edtulo de la temporada y el premio del mill\u00f3n de d\u00f3lares\",\"datePublished\":\"2024-01-11T07:29:17+00:00\",\"mainEntityOfPage\":{\"@id\":\"https:\\\/\\\/www.eldiario.net\\\/portal\\\/2024\\\/01\\\/11\\\/ganador-del-apertura-y-del-clausura-definiran-el-titulo-de-la-temporada-y-el-premio-del-millon-de-dolares\\\/\"},\"wordCount\":323,\"commentCount\":0,\"publisher\":{\"@id\":\"https:\\\/\\\/www.eldiario.net\\\/portal\\\/#organization\"},\"image\":{\"@id\":\"https:\\\/\\\/www.eldiario.net\\\/portal\\\/2024\\\/01\\\/11\\\/ganador-del-apertura-y-del-clausura-definiran-el-titulo-de-la-temporada-y-el-premio-del-millon-de-dolares\\\/#primaryimage\"},\"thumbnailUrl\":\"https:\\\/\\\/www.eldiario.net\\\/portal\\\/wp-content\\\/uploads\\\/2024\\\/01\\\/Ganador-10-scaled.jpg\",\"articleSection\":[\"Deportes\"],\"inLanguage\":\"es\",\"potentialAction\":[{\"@type\":\"CommentAction\",\"name\":\"Comment\",\"target\":[\"https:\\\/\\\/www.eldiario.net\\\/portal\\\/2024\\\/01\\\/11\\\/ganador-del-apertura-y-del-clausura-definiran-el-titulo-de-la-temporada-y-el-premio-del-millon-de-dolares\\\/#respond\"]}]},{\"@type\":\"WebPage\",\"@id\":\"https:\\\/\\\/www.eldiario.net\\\/portal\\\/2024\\\/01\\\/11\\\/ganador-del-apertura-y-del-clausura-definiran-el-titulo-de-la-temporada-y-el-premio-del-millon-de-dolares\\\/\",\"url\":\"https:\\\/\\\/www.eldiario.net\\\/portal\\\/2024\\\/01\\\/11\\\/ganador-del-apertura-y-del-clausura-definiran-el-titulo-de-la-temporada-y-el-premio-del-millon-de-dolares\\\/\",\"name\":\"Ganador del Apertura y del Clausura definir\u00e1n el t\u00edtulo de la temporada y el premio del mill\u00f3n de d\u00f3lares - El Diario - Bolivia\",\"isPartOf\":{\"@id\":\"https:\\\/\\\/www.eldiario.net\\\/portal\\\/#website\"},\"primaryImageOfPage\":{\"@id\":\"https:\\\/\\\/www.eldiario.net\\\/portal\\\/2024\\\/01\\\/11\\\/ganador-del-apertura-y-del-clausura-definiran-el-titulo-de-la-temporada-y-el-premio-del-millon-de-dolares\\\/#primaryimage\"},\"image\":{\"@id\":\"https:\\\/\\\/www.eldiario.net\\\/portal\\\/2024\\\/01\\\/11\\\/ganador-del-apertura-y-del-clausura-definiran-el-titulo-de-la-temporada-y-el-premio-del-millon-de-dolares\\\/#primaryimage\"},\"thumbnailUrl\":\"https:\\\/\\\/www.eldiario.net\\\/portal\\\/wp-content\\\/uploads\\\/2024\\\/01\\\/Ganador-10-scaled.jpg\",\"datePublished\":\"2024-01-11T07:29:17+00:00\",\"breadcrumb\":{\"@id\":\"https:\\\/\\\/www.eldiario.net\\\/portal\\\/2024\\\/01\\\/11\\\/ganador-del-apertura-y-del-clausura-definiran-el-titulo-de-la-temporada-y-el-premio-del-millon-de-dolares\\\/#breadcrumb\"},\"inLanguage\":\"es\",\"potentialAction\":[{\"@type\":\"ReadAction\",\"target\":[\"https:\\\/\\\/www.eldiario.net\\\/portal\\\/2024\\\/01\\\/11\\\/ganador-del-apertura-y-del-clausura-definiran-el-titulo-de-la-temporada-y-el-premio-del-millon-de-dolares\\\/\"]}]},{\"@type\":\"ImageObject\",\"inLanguage\":\"es\",\"@id\":\"https:\\\/\\\/www.eldiario.net\\\/portal\\\/2024\\\/01\\\/11\\\/ganador-del-apertura-y-del-clausura-definiran-el-titulo-de-la-temporada-y-el-premio-del-millon-de-dolares\\\/#primaryimage\",\"url\":\"https:\\\/\\\/www.eldiario.net\\\/portal\\\/wp-content\\\/uploads\\\/2024\\\/01\\\/Ganador-10-scaled.jpg\",\"contentUrl\":\"https:\\\/\\\/www.eldiario.net\\\/portal\\\/wp-content\\\/uploads\\\/2024\\\/01\\\/Ganador-10-scaled.jpg\",\"width\":2560,\"height\":1848,\"caption\":\"El Consejo de la Divisi\u00f3n Profesional del F\u00fatbol Boliviano aprueban dos torneos para el 2024, uno seriado y el otro todos contra todos. El primer torneo arrancar\u00e1 el 16 de enero. Foto Enrique Canedo @APGNoticiasBo\"},{\"@type\":\"BreadcrumbList\",\"@id\":\"https:\\\/\\\/www.eldiario.net\\\/portal\\\/2024\\\/01\\\/11\\\/ganador-del-apertura-y-del-clausura-definiran-el-titulo-de-la-temporada-y-el-premio-del-millon-de-dolares\\\/#breadcrumb\",\"itemListElement\":[{\"@type\":\"ListItem\",\"position\":1,\"name\":\"Portada\",\"item\":\"https:\\\/\\\/www.eldiario.net\\\/portal\\\/\"},{\"@type\":\"ListItem\",\"position\":2,\"name\":\"Ganador del Apertura y del Clausura definir\u00e1n el t\u00edtulo de la temporada y el premio del mill\u00f3n de d\u00f3lares\"}]},{\"@type\":\"WebSite\",\"@id\":\"https:\\\/\\\/www.eldiario.net\\\/portal\\\/#website\",\"url\":\"https:\\\/\\\/www.eldiario.net\\\/portal\\\/\",\"name\":\"El Diario - Decano de la prensa nacional\",\"description\":\"El Diario - Decano de la prensa nacional\",\"publisher\":{\"@id\":\"https:\\\/\\\/www.eldiario.net\\\/portal\\\/#organization\"},\"potentialAction\":[{\"@type\":\"SearchAction\",\"target\":{\"@type\":\"EntryPoint\",\"urlTemplate\":\"https:\\\/\\\/www.eldiario.net\\\/portal\\\/?s={search_term_string}\"},\"query-input\":{\"@type\":\"PropertyValueSpecification\",\"valueRequired\":true,\"valueName\":\"search_term_string\"}}],\"inLanguage\":\"es\"},{\"@type\":\"Organization\",\"@id\":\"https:\\\/\\\/www.eldiario.net\\\/portal\\\/#organization\",\"name\":\"El Diario - Decano de la prensa nacional\",\"url\":\"https:\\\/\\\/www.eldiario.net\\\/portal\\\/\",\"logo\":{\"@type\":\"ImageObject\",\"inLanguage\":\"es\",\"@id\":\"https:\\\/\\\/www.eldiario.net\\\/portal\\\/#\\\/schema\\\/logo\\\/image\\\/\",\"url\":\"https:\\\/\\\/www.eldiario.net\\\/portal\\\/wp-content\\\/uploads\\\/2023\\\/07\\\/logo_ED.jpg\",\"contentUrl\":\"https:\\\/\\\/www.eldiario.net\\\/portal\\\/wp-content\\\/uploads\\\/2023\\\/07\\\/logo_ED.jpg\",\"width\":272,\"height\":52,\"caption\":\"El Diario - Decano de la prensa nacional\"},\"image\":{\"@id\":\"https:\\\/\\\/www.eldiario.net\\\/portal\\\/#\\\/schema\\\/logo\\\/image\\\/\"},\"sameAs\":[\"https:\\\/\\\/www.facebook.com\\\/eldiario.bolivia\\\/\",\"https:\\\/\\\/x.com\\\/eldiario_net\"]},{\"@type\":\"Person\",\"@id\":\"https:\\\/\\\/www.eldiario.net\\\/portal\\\/#\\\/schema\\\/person\\\/f46445640444750d7d753ccd04ae01b7\",\"name\":\"Jeanette\",\"image\":{\"@type\":\"ImageObject\",\"inLanguage\":\"es\",\"@id\":\"https:\\\/\\\/secure.gravatar.com\\\/avatar\\\/3ea2118a5f7dad2b7138b1187a6b7ee55f160b9968b66013c3a3ef39dd7e5798?s=96&d=mm&r=g\",\"url\":\"https:\\\/\\\/secure.gravatar.com\\\/avatar\\\/3ea2118a5f7dad2b7138b1187a6b7ee55f160b9968b66013c3a3ef39dd7e5798?s=96&d=mm&r=g\",\"contentUrl\":\"https:\\\/\\\/secure.gravatar.com\\\/avatar\\\/3ea2118a5f7dad2b7138b1187a6b7ee55f160b9968b66013c3a3ef39dd7e5798?s=96&d=mm&r=g\",\"caption\":\"Jeanette\"},\"sameAs\":[\"https:\\\/\\\/www.eldiario.net\\\/portal\"],\"url\":\"https:\\\/\\\/www.eldiario.net\\\/portal\\\/author\\\/jeanette\\\/\"}]}<\/script>\n<!-- \/ Yoast SEO plugin. -->","yoast_head_json":{"title":"Ganador del Apertura y del Clausura definir\u00e1n el t\u00edtulo de la temporada y el premio del mill\u00f3n de d\u00f3lares - El Diario - Bolivia","robots":{"index":"index","follow":"follow","max-snippet":"max-snippet:-1","max-image-preview":"max-image-preview:large","max-video-preview":"max-video-preview:-1"},"canonical":"https:\/\/www.eldiario.net\/portal\/2024\/01\/11\/ganador-del-apertura-y-del-clausura-definiran-el-titulo-de-la-temporada-y-el-premio-del-millon-de-dolares\/","og_locale":"es_ES","og_type":"article","og_title":"Ganador del Apertura y del Clausura definir\u00e1n el t\u00edtulo de la temporada y el premio del mill\u00f3n de d\u00f3lares - El Diario - Bolivia","og_description":"SANTA CRUZ.- Los ganadores del torneo Apertura (por series) y del Clausura (todos contra todos) jugar\u00e1n a final de a\u00f1o por el t\u00edtulo de campe\u00f3n de la temporada 2024 y por el premio de un mill\u00f3n de d\u00f3lares, que otorga la CONMEBOL a cada asociaci\u00f3n o federaci\u00f3n miembro como parte de la motivaci\u00f3n por la [&hellip;]","og_url":"https:\/\/www.eldiario.net\/portal\/2024\/01\/11\/ganador-del-apertura-y-del-clausura-definiran-el-titulo-de-la-temporada-y-el-premio-del-millon-de-dolares\/","og_site_name":"El Diario - Bolivia","article_publisher":"https:\/\/www.facebook.com\/eldiario.bolivia\/","article_published_time":"2024-01-11T07:29:17+00:00","og_image":[{"width":2560,"height":1848,"url":"https:\/\/www.eldiario.net\/portal\/wp-content\/uploads\/2024\/01\/Ganador-10-scaled.jpg","type":"image\/jpeg"}],"author":"Jeanette","twitter_card":"summary_large_image","twitter_creator":"@eldiario_net","twitter_site":"@eldiario_net","twitter_misc":{"Escrito por":"Jeanette","Tiempo de lectura":"2 minutos"},"schema":{"@context":"https:\/\/schema.org","@graph":[{"@type":"Article","@id":"https:\/\/www.eldiario.net\/portal\/2024\/01\/11\/ganador-del-apertura-y-del-clausura-definiran-el-titulo-de-la-temporada-y-el-premio-del-millon-de-dolares\/#article","isPartOf":{"@id":"https:\/\/www.eldiario.net\/portal\/2024\/01\/11\/ganador-del-apertura-y-del-clausura-definiran-el-titulo-de-la-temporada-y-el-premio-del-millon-de-dolares\/"},"author":{"name":"Jeanette","@id":"https:\/\/www.eldiario.net\/portal\/#\/schema\/person\/f46445640444750d7d753ccd04ae01b7"},"headline":"Ganador del Apertura y del Clausura definir\u00e1n el t\u00edtulo de la temporada y el premio del mill\u00f3n de d\u00f3lares","datePublished":"2024-01-11T07:29:17+00:00","mainEntityOfPage":{"@id":"https:\/\/www.eldiario.net\/portal\/2024\/01\/11\/ganador-del-apertura-y-del-clausura-definiran-el-titulo-de-la-temporada-y-el-premio-del-millon-de-dolares\/"},"wordCount":323,"commentCount":0,"publisher":{"@id":"https:\/\/www.eldiario.net\/portal\/#organization"},"image":{"@id":"https:\/\/www.eldiario.net\/portal\/2024\/01\/11\/ganador-del-apertura-y-del-clausura-definiran-el-titulo-de-la-temporada-y-el-premio-del-millon-de-dolares\/#primaryimage"},"thumbnailUrl":"https:\/\/www.eldiario.net\/portal\/wp-content\/uploads\/2024\/01\/Ganador-10-scaled.jpg","articleSection":["Deportes"],"inLanguage":"es","potentialAction":[{"@type":"CommentAction","name":"Comment","target":["https:\/\/www.eldiario.net\/portal\/2024\/01\/11\/ganador-del-apertura-y-del-clausura-definiran-el-titulo-de-la-temporada-y-el-premio-del-millon-de-dolares\/#respond"]}]},{"@type":"WebPage","@id":"https:\/\/www.eldiario.net\/portal\/2024\/01\/11\/ganador-del-apertura-y-del-clausura-definiran-el-titulo-de-la-temporada-y-el-premio-del-millon-de-dolares\/","url":"https:\/\/www.eldiario.net\/portal\/2024\/01\/11\/ganador-del-apertura-y-del-clausura-definiran-el-titulo-de-la-temporada-y-el-premio-del-millon-de-dolares\/","name":"Ganador del Apertura y del Clausura definir\u00e1n el t\u00edtulo de la temporada y el premio del mill\u00f3n de d\u00f3lares - El Diario - Bolivia","isPartOf":{"@id":"https:\/\/www.eldiario.net\/portal\/#website"},"primaryImageOfPage":{"@id":"https:\/\/www.eldiario.net\/portal\/2024\/01\/11\/ganador-del-apertura-y-del-clausura-definiran-el-titulo-de-la-temporada-y-el-premio-del-millon-de-dolares\/#primaryimage"},"image":{"@id":"https:\/\/www.eldiario.net\/portal\/2024\/01\/11\/ganador-del-apertura-y-del-clausura-definiran-el-titulo-de-la-temporada-y-el-premio-del-millon-de-dolares\/#primaryimage"},"thumbnailUrl":"https:\/\/www.eldiario.net\/portal\/wp-content\/uploads\/2024\/01\/Ganador-10-scaled.jpg","datePublished":"2024-01-11T07:29:17+00:00","breadcrumb":{"@id":"https:\/\/www.eldiario.net\/portal\/2024\/01\/11\/ganador-del-apertura-y-del-clausura-definiran-el-titulo-de-la-temporada-y-el-premio-del-millon-de-dolares\/#breadcrumb"},"inLanguage":"es","potentialAction":[{"@type":"ReadAction","target":["https:\/\/www.eldiario.net\/portal\/2024\/01\/11\/ganador-del-apertura-y-del-clausura-definiran-el-titulo-de-la-temporada-y-el-premio-del-millon-de-dolares\/"]}]},{"@type":"ImageObject","inLanguage":"es","@id":"https:\/\/www.eldiario.net\/portal\/2024\/01\/11\/ganador-del-apertura-y-del-clausura-definiran-el-titulo-de-la-temporada-y-el-premio-del-millon-de-dolares\/#primaryimage","url":"https:\/\/www.eldiario.net\/portal\/wp-content\/uploads\/2024\/01\/Ganador-10-scaled.jpg","contentUrl":"https:\/\/www.eldiario.net\/portal\/wp-content\/uploads\/2024\/01\/Ganador-10-scaled.jpg","width":2560,"height":1848,"caption":"El Consejo de la Divisi\u00f3n Profesional del F\u00fatbol Boliviano aprueban dos torneos para el 2024, uno seriado y el otro todos contra todos. El primer torneo arrancar\u00e1 el 16 de enero. Foto Enrique Canedo @APGNoticiasBo"},{"@type":"BreadcrumbList","@id":"https:\/\/www.eldiario.net\/portal\/2024\/01\/11\/ganador-del-apertura-y-del-clausura-definiran-el-titulo-de-la-temporada-y-el-premio-del-millon-de-dolares\/#breadcrumb","itemListElement":[{"@type":"ListItem","position":1,"name":"Portada","item":"https:\/\/www.eldiario.net\/portal\/"},{"@type":"ListItem","position":2,"name":"Ganador del Apertura y del Clausura definir\u00e1n el t\u00edtulo de la temporada y el premio del mill\u00f3n de d\u00f3lares"}]},{"@type":"WebSite","@id":"https:\/\/www.eldiario.net\/portal\/#website","url":"https:\/\/www.eldiario.net\/portal\/","name":"El Diario - Decano de la prensa nacional","description":"El Diario - Decano de la prensa nacional","publisher":{"@id":"https:\/\/www.eldiario.net\/portal\/#organization"},"potentialAction":[{"@type":"SearchAction","target":{"@type":"EntryPoint","urlTemplate":"https:\/\/www.eldiario.net\/portal\/?s={search_term_string}"},"query-input":{"@type":"PropertyValueSpecification","valueRequired":true,"valueName":"search_term_string"}}],"inLanguage":"es"},{"@type":"Organization","@id":"https:\/\/www.eldiario.net\/portal\/#organization","name":"El Diario - Decano de la prensa nacional","url":"https:\/\/www.eldiario.net\/portal\/","logo":{"@type":"ImageObject","inLanguage":"es","@id":"https:\/\/www.eldiario.net\/portal\/#\/schema\/logo\/image\/","url":"https:\/\/www.eldiario.net\/portal\/wp-content\/uploads\/2023\/07\/logo_ED.jpg","contentUrl":"https:\/\/www.eldiario.net\/portal\/wp-content\/uploads\/2023\/07\/logo_ED.jpg","width":272,"height":52,"caption":"El Diario - Decano de la prensa nacional"},"image":{"@id":"https:\/\/www.eldiario.net\/portal\/#\/schema\/logo\/image\/"},"sameAs":["https:\/\/www.facebook.com\/eldiario.bolivia\/","https:\/\/x.com\/eldiario_net"]},{"@type":"Person","@id":"https:\/\/www.eldiario.net\/portal\/#\/schema\/person\/f46445640444750d7d753ccd04ae01b7","name":"Jeanette","image":{"@type":"ImageObject","inLanguage":"es","@id":"https:\/\/secure.gravatar.com\/avatar\/3ea2118a5f7dad2b7138b1187a6b7ee55f160b9968b66013c3a3ef39dd7e5798?s=96&d=mm&r=g","url":"https:\/\/secure.gravatar.com\/avatar\/3ea2118a5f7dad2b7138b1187a6b7ee55f160b9968b66013c3a3ef39dd7e5798?s=96&d=mm&r=g","contentUrl":"https:\/\/secure.gravatar.com\/avatar\/3ea2118a5f7dad2b7138b1187a6b7ee55f160b9968b66013c3a3ef39dd7e5798?s=96&d=mm&r=g","caption":"Jeanette"},"sameAs":["https:\/\/www.eldiario.net\/portal"],"url":"https:\/\/www.eldiario.net\/portal\/author\/jeanette\/"}]}},"_links":{"self":[{"href":"https:\/\/www.eldiario.net\/portal\/wp-json\/wp\/v2\/posts\/197121","targetHints":{"allow":["GET"]}}],"collection":[{"href":"https:\/\/www.eldiario.net\/portal\/wp-json\/wp\/v2\/posts"}],"about":[{"href":"https:\/\/www.eldiario.net\/portal\/wp-json\/wp\/v2\/types\/post"}],"author":[{"embeddable":true,"href":"https:\/\/www.eldiario.net\/portal\/wp-json\/wp\/v2\/users\/1"}],"replies":[{"embeddable":true,"href":"https:\/\/www.eldiario.net\/portal\/wp-json\/wp\/v2\/comments?post=197121"}],"version-history":[{"count":1,"href":"https:\/\/www.eldiario.net\/portal\/wp-json\/wp\/v2\/posts\/197121\/revisions"}],"predecessor-version":[{"id":197123,"href":"https:\/\/www.eldiario.net\/portal\/wp-json\/wp\/v2\/posts\/197121\/revisions\/197123"}],"wp:featuredmedia":[{"embeddable":true,"href":"https:\/\/www.eldiario.net\/portal\/wp-json\/wp\/v2\/media\/197122"}],"wp:attachment":[{"href":"https:\/\/www.eldiario.net\/portal\/wp-json\/wp\/v2\/media?parent=197121"}],"wp:term":[{"taxonomy":"category","embeddable":true,"href":"https:\/\/www.eldiario.net\/portal\/wp-json\/wp\/v2\/categories?post=197121"},{"taxonomy":"post_tag","embeddable":true,"href":"https:\/\/www.eldiario.net\/portal\/wp-json\/wp\/v2\/tags?post=197121"}],"curies":[{"name":"wp","href":"https:\/\/api.w.org\/{rel}","templated":true}]}}