{"id":197115,"date":"2024-01-11T03:28:00","date_gmt":"2024-01-11T07:28:00","guid":{"rendered":"https:\/\/www.eldiario.net\/portal\/?p=197115"},"modified":"2024-01-11T03:28:00","modified_gmt":"2024-01-11T07:28:00","slug":"argentina-mascherano-confirmo-a-los-23-jugadores-de-la-seleccion-que-disputaran-el-preolimpico","status":"publish","type":"post","link":"https:\/\/www.eldiario.net\/portal\/2024\/01\/11\/argentina-mascherano-confirmo-a-los-23-jugadores-de-la-seleccion-que-disputaran-el-preolimpico\/","title":{"rendered":"Argentina: Mascherano confirm\u00f3 a los 23 jugadores de la Selecci\u00f3n que disputar\u00e1n el Preol\u00edmpico"},"content":{"rendered":"<p>La espera lleg\u00f3 a su fin. Javier Mascherano confirm\u00f3 a los 23 jugadores convocados de la selecci\u00f3n argentina Sub 23 para los Preol\u00edmpicos que se desarrollar\u00e1n a partir del 20 de enero en Venezuela. Entre las presencias destacadas se encuentran Claudio Diablito Echeverri de River Plate, quien se sum\u00f3 a \u00faltimo momento por la lesi\u00f3n de Pedro Pepo De La Vega, y el campe\u00f3n del mundo en Qatar 2022, Thiago Almada, actualmente en el Atlanta United de la Major League Soccer.<\/p>\n<p>Los otros nombres que sobresalen de la convocatoria son Valent\u00edn Barco (ex Boca Juniors, recientemente sumado al Brighton de Inglaterra), Cristian Medina, Ezequiel Fern\u00e1ndez, Leandro Brey y Nicol\u00e1s Valentini (todos de Boca Juniors); Pablo Solari (River Plate), Federico Redondo y Luciano Gondou (Argentinos Juniors); Santiago Castro (V\u00e9lez Sarsfield) y Juan Nardoni (Racing).<\/p>\n<p>El certamen se llevar\u00e1 a cabo desde el 20 de enero al 11 de febrero en las ciudades de Caracas, Valencia y Barquisimeto. El debut argentino por el Grupo B se producir\u00e1 el domingo 21 a las 20 (hora argentina) frente a Paraguay, en el estadio Polideportivo Misael Delgado (Valencia). Luego, la Albiceleste jugar\u00e1 ante Per\u00fa (mi\u00e9rcoles 24 de enero), quedar\u00e1 libre en la tercera fecha, enfrentar\u00e1 a Chile (el martes 30) y cerrar\u00e1 su participaci\u00f3n en la primera fase con Uruguay (viernes 2 de febrero). En tanto, el Grupo A lo integran Venezuela, Brasil, Colombia, Bolivia y Ecuador.<\/p>\n<p>Argentina es cabeza de serie del Grupo B por ser el vigente campe\u00f3n del campeonato Preol\u00edmpico, mientras que en el Grupo A ser\u00e1 Venezuela, el anfitri\u00f3n. Cada zona se jugar\u00e1 bajo la modalidad del todos contra todos y los dos primeros elencos avanzar\u00e1n a la siguiente fase final, instancia que volver\u00e1 a ser disputada bajo el mismo formato entre estas cuatro selecciones clasificadas. En esta instancia, los dos equipos que terminen primeros obtendr\u00e1n el pasaje a los Juegos Ol\u00edmpicos de Par\u00eds 2024.<\/p>\n<p>El gran objetivo de los comandados por Javier Mascherano ser\u00e1 lograr el pasaje a los Juegos Ol\u00edmpicos de Par\u00eds 2024, a celebrarse entre el viernes 26 de julio y el domingo 11 de agosto en la capital francesa. Teniendo en cuenta que no es obligaci\u00f3n de los clubes ceder a los futbolistas para este evento juvenil, la selecci\u00f3n argentina perdi\u00f3 a figuras de la talla de Enzo Fern\u00e1ndez (Chelsea) Alejandro Garnacho (Manchester United), Nicol\u00e1s Paz (Real Madrid), Carlos Alcaraz (Southampton), Marco Pellegrino (Milan), Luka Romero (Milan), Alejo V\u00e9liz (Tottenham), Lucas Beltr\u00e1n (Fiorentina) y Luis V\u00e1zquez (Anderletch), entre otros.<\/p>\n<p>(INFOBAE)<\/p>\n","protected":false},"excerpt":{"rendered":"<p>La espera lleg\u00f3 a su fin. Javier Mascherano confirm\u00f3 a los 23 jugadores convocados de la selecci\u00f3n argentina Sub 23 para los Preol\u00edmpicos que se desarrollar\u00e1n a partir del 20 de enero en Venezuela. Entre las presencias destacadas se encuentran Claudio Diablito Echeverri de River Plate, quien se sum\u00f3 a \u00faltimo momento por la lesi\u00f3n [&hellip;]<\/p>\n","protected":false},"author":1,"featured_media":197116,"comment_status":"open","ping_status":"open","sticky":false,"template":"","format":"standard","meta":{"_acf_changed":false,"footnotes":""},"categories":[6],"tags":[],"class_list":["post-197115","post","type-post","status-publish","format-standard","has-post-thumbnail","category-deportes"],"acf":{"antetitulo":""},"yoast_head":"<!-- This site is optimized with the Yoast SEO plugin v28.3 - https:\/\/yoast.com\/product\/yoast-seo-wordpress\/ -->\n<title>Argentina: Mascherano confirm\u00f3 a los 23 jugadores de la Selecci\u00f3n que disputar\u00e1n el Preol\u00edmpico - El Diario - Bolivia<\/title>\n<meta name=\"robots\" content=\"index, follow, max-snippet:-1, max-image-preview:large, max-video-preview:-1\" \/>\n<link rel=\"canonical\" href=\"https:\/\/www.eldiario.net\/portal\/2024\/01\/11\/argentina-mascherano-confirmo-a-los-23-jugadores-de-la-seleccion-que-disputaran-el-preolimpico\/\" \/>\n<meta property=\"og:locale\" content=\"es_ES\" \/>\n<meta property=\"og:type\" content=\"article\" \/>\n<meta property=\"og:title\" content=\"Argentina: Mascherano confirm\u00f3 a los 23 jugadores de la Selecci\u00f3n que disputar\u00e1n el Preol\u00edmpico - El Diario - Bolivia\" \/>\n<meta property=\"og:description\" content=\"La espera lleg\u00f3 a su fin. Javier Mascherano confirm\u00f3 a los 23 jugadores convocados de la selecci\u00f3n argentina Sub 23 para los Preol\u00edmpicos que se desarrollar\u00e1n a partir del 20 de enero en Venezuela. Entre las presencias destacadas se encuentran Claudio Diablito Echeverri de River Plate, quien se sum\u00f3 a \u00faltimo momento por la lesi\u00f3n [&hellip;]\" \/>\n<meta property=\"og:url\" content=\"https:\/\/www.eldiario.net\/portal\/2024\/01\/11\/argentina-mascherano-confirmo-a-los-23-jugadores-de-la-seleccion-que-disputaran-el-preolimpico\/\" \/>\n<meta property=\"og:site_name\" content=\"El Diario - Bolivia\" \/>\n<meta property=\"article:publisher\" content=\"https:\/\/www.facebook.com\/eldiario.bolivia\/\" \/>\n<meta property=\"article:published_time\" content=\"2024-01-11T07:28:00+00:00\" \/>\n<meta property=\"og:image\" content=\"https:\/\/www.eldiario.net\/portal\/wp-content\/uploads\/2024\/01\/Argentina-Sub-23.jpg\" \/>\n\t<meta property=\"og:image:width\" content=\"419\" \/>\n\t<meta property=\"og:image:height\" content=\"465\" \/>\n\t<meta property=\"og:image:type\" content=\"image\/jpeg\" \/>\n<meta name=\"author\" content=\"Jeanette\" \/>\n<meta name=\"twitter:card\" content=\"summary_large_image\" \/>\n<meta name=\"twitter:creator\" content=\"@eldiario_net\" \/>\n<meta name=\"twitter:site\" content=\"@eldiario_net\" \/>\n<meta name=\"twitter:label1\" content=\"Escrito por\" \/>\n\t<meta name=\"twitter:data1\" content=\"Jeanette\" \/>\n\t<meta name=\"twitter:label2\" content=\"Tiempo de lectura\" \/>\n\t<meta name=\"twitter:data2\" content=\"3 minutos\" \/>\n<script type=\"application\/ld+json\" class=\"yoast-schema-graph\">{\"@context\":\"https:\\\/\\\/schema.org\",\"@graph\":[{\"@type\":\"Article\",\"@id\":\"https:\\\/\\\/www.eldiario.net\\\/portal\\\/2024\\\/01\\\/11\\\/argentina-mascherano-confirmo-a-los-23-jugadores-de-la-seleccion-que-disputaran-el-preolimpico\\\/#article\",\"isPartOf\":{\"@id\":\"https:\\\/\\\/www.eldiario.net\\\/portal\\\/2024\\\/01\\\/11\\\/argentina-mascherano-confirmo-a-los-23-jugadores-de-la-seleccion-que-disputaran-el-preolimpico\\\/\"},\"author\":{\"name\":\"Jeanette\",\"@id\":\"https:\\\/\\\/www.eldiario.net\\\/portal\\\/#\\\/schema\\\/person\\\/f46445640444750d7d753ccd04ae01b7\"},\"headline\":\"Argentina: Mascherano confirm\u00f3 a los 23 jugadores de la Selecci\u00f3n que disputar\u00e1n el Preol\u00edmpico\",\"datePublished\":\"2024-01-11T07:28:00+00:00\",\"mainEntityOfPage\":{\"@id\":\"https:\\\/\\\/www.eldiario.net\\\/portal\\\/2024\\\/01\\\/11\\\/argentina-mascherano-confirmo-a-los-23-jugadores-de-la-seleccion-que-disputaran-el-preolimpico\\\/\"},\"wordCount\":441,\"commentCount\":0,\"publisher\":{\"@id\":\"https:\\\/\\\/www.eldiario.net\\\/portal\\\/#organization\"},\"image\":{\"@id\":\"https:\\\/\\\/www.eldiario.net\\\/portal\\\/2024\\\/01\\\/11\\\/argentina-mascherano-confirmo-a-los-23-jugadores-de-la-seleccion-que-disputaran-el-preolimpico\\\/#primaryimage\"},\"thumbnailUrl\":\"https:\\\/\\\/www.eldiario.net\\\/portal\\\/wp-content\\\/uploads\\\/2024\\\/01\\\/Argentina-Sub-23.jpg\",\"articleSection\":[\"Deportes\"],\"inLanguage\":\"es\",\"potentialAction\":[{\"@type\":\"CommentAction\",\"name\":\"Comment\",\"target\":[\"https:\\\/\\\/www.eldiario.net\\\/portal\\\/2024\\\/01\\\/11\\\/argentina-mascherano-confirmo-a-los-23-jugadores-de-la-seleccion-que-disputaran-el-preolimpico\\\/#respond\"]}]},{\"@type\":\"WebPage\",\"@id\":\"https:\\\/\\\/www.eldiario.net\\\/portal\\\/2024\\\/01\\\/11\\\/argentina-mascherano-confirmo-a-los-23-jugadores-de-la-seleccion-que-disputaran-el-preolimpico\\\/\",\"url\":\"https:\\\/\\\/www.eldiario.net\\\/portal\\\/2024\\\/01\\\/11\\\/argentina-mascherano-confirmo-a-los-23-jugadores-de-la-seleccion-que-disputaran-el-preolimpico\\\/\",\"name\":\"Argentina: Mascherano confirm\u00f3 a los 23 jugadores de la Selecci\u00f3n que disputar\u00e1n el Preol\u00edmpico - El Diario - Bolivia\",\"isPartOf\":{\"@id\":\"https:\\\/\\\/www.eldiario.net\\\/portal\\\/#website\"},\"primaryImageOfPage\":{\"@id\":\"https:\\\/\\\/www.eldiario.net\\\/portal\\\/2024\\\/01\\\/11\\\/argentina-mascherano-confirmo-a-los-23-jugadores-de-la-seleccion-que-disputaran-el-preolimpico\\\/#primaryimage\"},\"image\":{\"@id\":\"https:\\\/\\\/www.eldiario.net\\\/portal\\\/2024\\\/01\\\/11\\\/argentina-mascherano-confirmo-a-los-23-jugadores-de-la-seleccion-que-disputaran-el-preolimpico\\\/#primaryimage\"},\"thumbnailUrl\":\"https:\\\/\\\/www.eldiario.net\\\/portal\\\/wp-content\\\/uploads\\\/2024\\\/01\\\/Argentina-Sub-23.jpg\",\"datePublished\":\"2024-01-11T07:28:00+00:00\",\"breadcrumb\":{\"@id\":\"https:\\\/\\\/www.eldiario.net\\\/portal\\\/2024\\\/01\\\/11\\\/argentina-mascherano-confirmo-a-los-23-jugadores-de-la-seleccion-que-disputaran-el-preolimpico\\\/#breadcrumb\"},\"inLanguage\":\"es\",\"potentialAction\":[{\"@type\":\"ReadAction\",\"target\":[\"https:\\\/\\\/www.eldiario.net\\\/portal\\\/2024\\\/01\\\/11\\\/argentina-mascherano-confirmo-a-los-23-jugadores-de-la-seleccion-que-disputaran-el-preolimpico\\\/\"]}]},{\"@type\":\"ImageObject\",\"inLanguage\":\"es\",\"@id\":\"https:\\\/\\\/www.eldiario.net\\\/portal\\\/2024\\\/01\\\/11\\\/argentina-mascherano-confirmo-a-los-23-jugadores-de-la-seleccion-que-disputaran-el-preolimpico\\\/#primaryimage\",\"url\":\"https:\\\/\\\/www.eldiario.net\\\/portal\\\/wp-content\\\/uploads\\\/2024\\\/01\\\/Argentina-Sub-23.jpg\",\"contentUrl\":\"https:\\\/\\\/www.eldiario.net\\\/portal\\\/wp-content\\\/uploads\\\/2024\\\/01\\\/Argentina-Sub-23.jpg\",\"width\":419,\"height\":465},{\"@type\":\"BreadcrumbList\",\"@id\":\"https:\\\/\\\/www.eldiario.net\\\/portal\\\/2024\\\/01\\\/11\\\/argentina-mascherano-confirmo-a-los-23-jugadores-de-la-seleccion-que-disputaran-el-preolimpico\\\/#breadcrumb\",\"itemListElement\":[{\"@type\":\"ListItem\",\"position\":1,\"name\":\"Portada\",\"item\":\"https:\\\/\\\/www.eldiario.net\\\/portal\\\/\"},{\"@type\":\"ListItem\",\"position\":2,\"name\":\"Argentina: Mascherano confirm\u00f3 a los 23 jugadores de la Selecci\u00f3n que disputar\u00e1n el Preol\u00edmpico\"}]},{\"@type\":\"WebSite\",\"@id\":\"https:\\\/\\\/www.eldiario.net\\\/portal\\\/#website\",\"url\":\"https:\\\/\\\/www.eldiario.net\\\/portal\\\/\",\"name\":\"El Diario - Decano de la prensa nacional\",\"description\":\"El Diario - Decano de la prensa nacional\",\"publisher\":{\"@id\":\"https:\\\/\\\/www.eldiario.net\\\/portal\\\/#organization\"},\"potentialAction\":[{\"@type\":\"SearchAction\",\"target\":{\"@type\":\"EntryPoint\",\"urlTemplate\":\"https:\\\/\\\/www.eldiario.net\\\/portal\\\/?s={search_term_string}\"},\"query-input\":{\"@type\":\"PropertyValueSpecification\",\"valueRequired\":true,\"valueName\":\"search_term_string\"}}],\"inLanguage\":\"es\"},{\"@type\":\"Organization\",\"@id\":\"https:\\\/\\\/www.eldiario.net\\\/portal\\\/#organization\",\"name\":\"El Diario - Decano de la prensa nacional\",\"url\":\"https:\\\/\\\/www.eldiario.net\\\/portal\\\/\",\"logo\":{\"@type\":\"ImageObject\",\"inLanguage\":\"es\",\"@id\":\"https:\\\/\\\/www.eldiario.net\\\/portal\\\/#\\\/schema\\\/logo\\\/image\\\/\",\"url\":\"https:\\\/\\\/www.eldiario.net\\\/portal\\\/wp-content\\\/uploads\\\/2023\\\/07\\\/logo_ED.jpg\",\"contentUrl\":\"https:\\\/\\\/www.eldiario.net\\\/portal\\\/wp-content\\\/uploads\\\/2023\\\/07\\\/logo_ED.jpg\",\"width\":272,\"height\":52,\"caption\":\"El Diario - Decano de la prensa nacional\"},\"image\":{\"@id\":\"https:\\\/\\\/www.eldiario.net\\\/portal\\\/#\\\/schema\\\/logo\\\/image\\\/\"},\"sameAs\":[\"https:\\\/\\\/www.facebook.com\\\/eldiario.bolivia\\\/\",\"https:\\\/\\\/x.com\\\/eldiario_net\"]},{\"@type\":\"Person\",\"@id\":\"https:\\\/\\\/www.eldiario.net\\\/portal\\\/#\\\/schema\\\/person\\\/f46445640444750d7d753ccd04ae01b7\",\"name\":\"Jeanette\",\"image\":{\"@type\":\"ImageObject\",\"inLanguage\":\"es\",\"@id\":\"https:\\\/\\\/secure.gravatar.com\\\/avatar\\\/3ea2118a5f7dad2b7138b1187a6b7ee55f160b9968b66013c3a3ef39dd7e5798?s=96&d=mm&r=g\",\"url\":\"https:\\\/\\\/secure.gravatar.com\\\/avatar\\\/3ea2118a5f7dad2b7138b1187a6b7ee55f160b9968b66013c3a3ef39dd7e5798?s=96&d=mm&r=g\",\"contentUrl\":\"https:\\\/\\\/secure.gravatar.com\\\/avatar\\\/3ea2118a5f7dad2b7138b1187a6b7ee55f160b9968b66013c3a3ef39dd7e5798?s=96&d=mm&r=g\",\"caption\":\"Jeanette\"},\"sameAs\":[\"https:\\\/\\\/www.eldiario.net\\\/portal\"],\"url\":\"https:\\\/\\\/www.eldiario.net\\\/portal\\\/author\\\/jeanette\\\/\"}]}<\/script>\n<!-- \/ Yoast SEO plugin. -->","yoast_head_json":{"title":"Argentina: Mascherano confirm\u00f3 a los 23 jugadores de la Selecci\u00f3n que disputar\u00e1n el Preol\u00edmpico - El Diario - Bolivia","robots":{"index":"index","follow":"follow","max-snippet":"max-snippet:-1","max-image-preview":"max-image-preview:large","max-video-preview":"max-video-preview:-1"},"canonical":"https:\/\/www.eldiario.net\/portal\/2024\/01\/11\/argentina-mascherano-confirmo-a-los-23-jugadores-de-la-seleccion-que-disputaran-el-preolimpico\/","og_locale":"es_ES","og_type":"article","og_title":"Argentina: Mascherano confirm\u00f3 a los 23 jugadores de la Selecci\u00f3n que disputar\u00e1n el Preol\u00edmpico - El Diario - Bolivia","og_description":"La espera lleg\u00f3 a su fin. Javier Mascherano confirm\u00f3 a los 23 jugadores convocados de la selecci\u00f3n argentina Sub 23 para los Preol\u00edmpicos que se desarrollar\u00e1n a partir del 20 de enero en Venezuela. Entre las presencias destacadas se encuentran Claudio Diablito Echeverri de River Plate, quien se sum\u00f3 a \u00faltimo momento por la lesi\u00f3n [&hellip;]","og_url":"https:\/\/www.eldiario.net\/portal\/2024\/01\/11\/argentina-mascherano-confirmo-a-los-23-jugadores-de-la-seleccion-que-disputaran-el-preolimpico\/","og_site_name":"El Diario - Bolivia","article_publisher":"https:\/\/www.facebook.com\/eldiario.bolivia\/","article_published_time":"2024-01-11T07:28:00+00:00","og_image":[{"width":419,"height":465,"url":"https:\/\/www.eldiario.net\/portal\/wp-content\/uploads\/2024\/01\/Argentina-Sub-23.jpg","type":"image\/jpeg"}],"author":"Jeanette","twitter_card":"summary_large_image","twitter_creator":"@eldiario_net","twitter_site":"@eldiario_net","twitter_misc":{"Escrito por":"Jeanette","Tiempo de lectura":"3 minutos"},"schema":{"@context":"https:\/\/schema.org","@graph":[{"@type":"Article","@id":"https:\/\/www.eldiario.net\/portal\/2024\/01\/11\/argentina-mascherano-confirmo-a-los-23-jugadores-de-la-seleccion-que-disputaran-el-preolimpico\/#article","isPartOf":{"@id":"https:\/\/www.eldiario.net\/portal\/2024\/01\/11\/argentina-mascherano-confirmo-a-los-23-jugadores-de-la-seleccion-que-disputaran-el-preolimpico\/"},"author":{"name":"Jeanette","@id":"https:\/\/www.eldiario.net\/portal\/#\/schema\/person\/f46445640444750d7d753ccd04ae01b7"},"headline":"Argentina: Mascherano confirm\u00f3 a los 23 jugadores de la Selecci\u00f3n que disputar\u00e1n el Preol\u00edmpico","datePublished":"2024-01-11T07:28:00+00:00","mainEntityOfPage":{"@id":"https:\/\/www.eldiario.net\/portal\/2024\/01\/11\/argentina-mascherano-confirmo-a-los-23-jugadores-de-la-seleccion-que-disputaran-el-preolimpico\/"},"wordCount":441,"commentCount":0,"publisher":{"@id":"https:\/\/www.eldiario.net\/portal\/#organization"},"image":{"@id":"https:\/\/www.eldiario.net\/portal\/2024\/01\/11\/argentina-mascherano-confirmo-a-los-23-jugadores-de-la-seleccion-que-disputaran-el-preolimpico\/#primaryimage"},"thumbnailUrl":"https:\/\/www.eldiario.net\/portal\/wp-content\/uploads\/2024\/01\/Argentina-Sub-23.jpg","articleSection":["Deportes"],"inLanguage":"es","potentialAction":[{"@type":"CommentAction","name":"Comment","target":["https:\/\/www.eldiario.net\/portal\/2024\/01\/11\/argentina-mascherano-confirmo-a-los-23-jugadores-de-la-seleccion-que-disputaran-el-preolimpico\/#respond"]}]},{"@type":"WebPage","@id":"https:\/\/www.eldiario.net\/portal\/2024\/01\/11\/argentina-mascherano-confirmo-a-los-23-jugadores-de-la-seleccion-que-disputaran-el-preolimpico\/","url":"https:\/\/www.eldiario.net\/portal\/2024\/01\/11\/argentina-mascherano-confirmo-a-los-23-jugadores-de-la-seleccion-que-disputaran-el-preolimpico\/","name":"Argentina: Mascherano confirm\u00f3 a los 23 jugadores de la Selecci\u00f3n que disputar\u00e1n el Preol\u00edmpico - El Diario - Bolivia","isPartOf":{"@id":"https:\/\/www.eldiario.net\/portal\/#website"},"primaryImageOfPage":{"@id":"https:\/\/www.eldiario.net\/portal\/2024\/01\/11\/argentina-mascherano-confirmo-a-los-23-jugadores-de-la-seleccion-que-disputaran-el-preolimpico\/#primaryimage"},"image":{"@id":"https:\/\/www.eldiario.net\/portal\/2024\/01\/11\/argentina-mascherano-confirmo-a-los-23-jugadores-de-la-seleccion-que-disputaran-el-preolimpico\/#primaryimage"},"thumbnailUrl":"https:\/\/www.eldiario.net\/portal\/wp-content\/uploads\/2024\/01\/Argentina-Sub-23.jpg","datePublished":"2024-01-11T07:28:00+00:00","breadcrumb":{"@id":"https:\/\/www.eldiario.net\/portal\/2024\/01\/11\/argentina-mascherano-confirmo-a-los-23-jugadores-de-la-seleccion-que-disputaran-el-preolimpico\/#breadcrumb"},"inLanguage":"es","potentialAction":[{"@type":"ReadAction","target":["https:\/\/www.eldiario.net\/portal\/2024\/01\/11\/argentina-mascherano-confirmo-a-los-23-jugadores-de-la-seleccion-que-disputaran-el-preolimpico\/"]}]},{"@type":"ImageObject","inLanguage":"es","@id":"https:\/\/www.eldiario.net\/portal\/2024\/01\/11\/argentina-mascherano-confirmo-a-los-23-jugadores-de-la-seleccion-que-disputaran-el-preolimpico\/#primaryimage","url":"https:\/\/www.eldiario.net\/portal\/wp-content\/uploads\/2024\/01\/Argentina-Sub-23.jpg","contentUrl":"https:\/\/www.eldiario.net\/portal\/wp-content\/uploads\/2024\/01\/Argentina-Sub-23.jpg","width":419,"height":465},{"@type":"BreadcrumbList","@id":"https:\/\/www.eldiario.net\/portal\/2024\/01\/11\/argentina-mascherano-confirmo-a-los-23-jugadores-de-la-seleccion-que-disputaran-el-preolimpico\/#breadcrumb","itemListElement":[{"@type":"ListItem","position":1,"name":"Portada","item":"https:\/\/www.eldiario.net\/portal\/"},{"@type":"ListItem","position":2,"name":"Argentina: Mascherano confirm\u00f3 a los 23 jugadores de la Selecci\u00f3n que disputar\u00e1n el Preol\u00edmpico"}]},{"@type":"WebSite","@id":"https:\/\/www.eldiario.net\/portal\/#website","url":"https:\/\/www.eldiario.net\/portal\/","name":"El Diario - Decano de la prensa nacional","description":"El Diario - Decano de la prensa nacional","publisher":{"@id":"https:\/\/www.eldiario.net\/portal\/#organization"},"potentialAction":[{"@type":"SearchAction","target":{"@type":"EntryPoint","urlTemplate":"https:\/\/www.eldiario.net\/portal\/?s={search_term_string}"},"query-input":{"@type":"PropertyValueSpecification","valueRequired":true,"valueName":"search_term_string"}}],"inLanguage":"es"},{"@type":"Organization","@id":"https:\/\/www.eldiario.net\/portal\/#organization","name":"El Diario - Decano de la prensa nacional","url":"https:\/\/www.eldiario.net\/portal\/","logo":{"@type":"ImageObject","inLanguage":"es","@id":"https:\/\/www.eldiario.net\/portal\/#\/schema\/logo\/image\/","url":"https:\/\/www.eldiario.net\/portal\/wp-content\/uploads\/2023\/07\/logo_ED.jpg","contentUrl":"https:\/\/www.eldiario.net\/portal\/wp-content\/uploads\/2023\/07\/logo_ED.jpg","width":272,"height":52,"caption":"El Diario - Decano de la prensa nacional"},"image":{"@id":"https:\/\/www.eldiario.net\/portal\/#\/schema\/logo\/image\/"},"sameAs":["https:\/\/www.facebook.com\/eldiario.bolivia\/","https:\/\/x.com\/eldiario_net"]},{"@type":"Person","@id":"https:\/\/www.eldiario.net\/portal\/#\/schema\/person\/f46445640444750d7d753ccd04ae01b7","name":"Jeanette","image":{"@type":"ImageObject","inLanguage":"es","@id":"https:\/\/secure.gravatar.com\/avatar\/3ea2118a5f7dad2b7138b1187a6b7ee55f160b9968b66013c3a3ef39dd7e5798?s=96&d=mm&r=g","url":"https:\/\/secure.gravatar.com\/avatar\/3ea2118a5f7dad2b7138b1187a6b7ee55f160b9968b66013c3a3ef39dd7e5798?s=96&d=mm&r=g","contentUrl":"https:\/\/secure.gravatar.com\/avatar\/3ea2118a5f7dad2b7138b1187a6b7ee55f160b9968b66013c3a3ef39dd7e5798?s=96&d=mm&r=g","caption":"Jeanette"},"sameAs":["https:\/\/www.eldiario.net\/portal"],"url":"https:\/\/www.eldiario.net\/portal\/author\/jeanette\/"}]}},"_links":{"self":[{"href":"https:\/\/www.eldiario.net\/portal\/wp-json\/wp\/v2\/posts\/197115","targetHints":{"allow":["GET"]}}],"collection":[{"href":"https:\/\/www.eldiario.net\/portal\/wp-json\/wp\/v2\/posts"}],"about":[{"href":"https:\/\/www.eldiario.net\/portal\/wp-json\/wp\/v2\/types\/post"}],"author":[{"embeddable":true,"href":"https:\/\/www.eldiario.net\/portal\/wp-json\/wp\/v2\/users\/1"}],"replies":[{"embeddable":true,"href":"https:\/\/www.eldiario.net\/portal\/wp-json\/wp\/v2\/comments?post=197115"}],"version-history":[{"count":1,"href":"https:\/\/www.eldiario.net\/portal\/wp-json\/wp\/v2\/posts\/197115\/revisions"}],"predecessor-version":[{"id":197117,"href":"https:\/\/www.eldiario.net\/portal\/wp-json\/wp\/v2\/posts\/197115\/revisions\/197117"}],"wp:featuredmedia":[{"embeddable":true,"href":"https:\/\/www.eldiario.net\/portal\/wp-json\/wp\/v2\/media\/197116"}],"wp:attachment":[{"href":"https:\/\/www.eldiario.net\/portal\/wp-json\/wp\/v2\/media?parent=197115"}],"wp:term":[{"taxonomy":"category","embeddable":true,"href":"https:\/\/www.eldiario.net\/portal\/wp-json\/wp\/v2\/categories?post=197115"},{"taxonomy":"post_tag","embeddable":true,"href":"https:\/\/www.eldiario.net\/portal\/wp-json\/wp\/v2\/tags?post=197115"}],"curies":[{"name":"wp","href":"https:\/\/api.w.org\/{rel}","templated":true}]}}