{"id":197112,"date":"2024-01-11T03:27:06","date_gmt":"2024-01-11T07:27:06","guid":{"rendered":"https:\/\/www.eldiario.net\/portal\/?p=197112"},"modified":"2024-01-11T03:27:06","modified_gmt":"2024-01-11T07:27:06","slug":"tcp-ratifica-fallo-contra-camacho-creemos-ve-que-exmagistrados-cometen-delitos","status":"publish","type":"post","link":"https:\/\/www.eldiario.net\/portal\/2024\/01\/11\/tcp-ratifica-fallo-contra-camacho-creemos-ve-que-exmagistrados-cometen-delitos\/","title":{"rendered":"TCP ratifica fallo contra Camacho; Creemos  ve que \u201cexmagistrados\u201d cometen delitos"},"content":{"rendered":"<p>La Sala Cuarta Especializada del Tribunal Constitucional Plurinacional (TCP) rechaz\u00f3 el recurso de aclaraci\u00f3n, complementaci\u00f3n y enmienda presentado por la Asamblea Legislativa Departamental (ALD) y la Gobernaci\u00f3n de Santa Cruz, por lo que ratific\u00f3 el fallo que ordena al vicegobernador, Mario Aguilera, ejercer la suplencia temporal, mientras Luis Fernando Camacho est\u00e9 en la c\u00e1rcel.<\/p>\n<p>La nueva determinaci\u00f3n del TCP fue rechazada por el presidente de la ALD de Santa Cruz, Zvonko Matkovic, y por la alianza opositora Creemos, por considerar que los \u201cexmagistrados\u201d \u201cautoprorrogados\u201d incurrieron en delitos y son pasibles a un juicio de responsabilidades.<\/p>\n<p>El 9 de enero de 2024, los magistrados Gonzalo Hurtado y Miguel Zamorado emitieron el Auto Constitucional que ratifica la Sentencia Constitucional 1021\/2023 que ordena a Aguilera la suplencia temporal de la Gobernaci\u00f3n de Santa Cruz, mientras Camacho est\u00e9 privado de libertad.<\/p>\n<p>Esa resoluci\u00f3n fue cuestionada por Matkovic, quien indic\u00f3 que los dos magistrados reconocieron que la Ley Departamental 293 de Santa Cruz no fue objeto de an\u00e1lisis y valoraci\u00f3n en la resoluci\u00f3n que emitieron.<\/p>\n<p>\u201cHoy, cuando ellos (los magistrados del TCP) ya est\u00e1n fuera de sus funciones, ya constituye un absoluto delito. Esto est\u00e1 tipificado como usurpaci\u00f3n de funciones, resoluciones contrarias a la Constituci\u00f3n y a las leyes\u201d, afirm\u00f3 Matkovic en una conferencia de prensa.<\/p>\n<p>La determinaci\u00f3n del TCP tambi\u00e9n fue rechazada por el diputado Erwin Baz\u00e1n (Creemos), quien se\u00f1al\u00f3 que los \u201cexmagistrados\u201d cometieron delitos porque su mandato termin\u00f3 a fines de diciembre de 2023.<\/p>\n<p>En ese sentido, Baz\u00e1n advirti\u00f3 que los exmagistrados del TCP \u201cautoprorrogados\u201d suman la comisi\u00f3n de delitos en su contra para el inicio de un juicio de responsabilidades.<\/p>\n<p>Matkovic reiter\u00f3 que el fallo del TCP es de \u201cdif\u00edcil cumplimiento\u201d, ya que la Ley 293 de Santa Cruz y el Estatuto Auton\u00f3mico cruce\u00f1o reconocen la figura de \u201csuplencia temporal\u201d en la Gobernaci\u00f3n s\u00f3lo para los asamble\u00edstas, no para el vicegobernador.<\/p>\n<p>A pesar de todas las observaciones, Matkovic indic\u00f3 que este fallo del TCP ser\u00e1 puesto a conocimiento del pleno de la ALD de Santa Cruz, para que se tome una decisi\u00f3n. (La Paz, Santa Cruz, Br\u00fajula Digital)<\/p>\n","protected":false},"excerpt":{"rendered":"<p>La Sala Cuarta Especializada del Tribunal Constitucional Plurinacional (TCP) rechaz\u00f3 el recurso de aclaraci\u00f3n, complementaci\u00f3n y enmienda presentado por la Asamblea Legislativa Departamental (ALD) y la Gobernaci\u00f3n de Santa Cruz, por lo que ratific\u00f3 el fallo que ordena al vicegobernador, Mario Aguilera, ejercer la suplencia temporal, mientras Luis Fernando Camacho est\u00e9 en la c\u00e1rcel. La [&hellip;]<\/p>\n","protected":false},"author":1,"featured_media":197113,"comment_status":"open","ping_status":"open","sticky":false,"template":"","format":"standard","meta":{"_acf_changed":false,"footnotes":""},"categories":[17],"tags":[],"class_list":["post-197112","post","type-post","status-publish","format-standard","has-post-thumbnail","category-principal"],"acf":{"antetitulo":""},"yoast_head":"<!-- This site is optimized with the Yoast SEO plugin v28.3 - https:\/\/yoast.com\/product\/yoast-seo-wordpress\/ -->\n<title>TCP ratifica fallo contra Camacho; Creemos ve que \u201cexmagistrados\u201d cometen delitos - El Diario - Bolivia<\/title>\n<meta name=\"robots\" content=\"index, follow, max-snippet:-1, max-image-preview:large, max-video-preview:-1\" \/>\n<link rel=\"canonical\" href=\"https:\/\/www.eldiario.net\/portal\/2024\/01\/11\/tcp-ratifica-fallo-contra-camacho-creemos-ve-que-exmagistrados-cometen-delitos\/\" \/>\n<meta property=\"og:locale\" content=\"es_ES\" \/>\n<meta property=\"og:type\" content=\"article\" \/>\n<meta property=\"og:title\" content=\"TCP ratifica fallo contra Camacho; Creemos ve que \u201cexmagistrados\u201d cometen delitos - El Diario - Bolivia\" \/>\n<meta property=\"og:description\" content=\"La Sala Cuarta Especializada del Tribunal Constitucional Plurinacional (TCP) rechaz\u00f3 el recurso de aclaraci\u00f3n, complementaci\u00f3n y enmienda presentado por la Asamblea Legislativa Departamental (ALD) y la Gobernaci\u00f3n de Santa Cruz, por lo que ratific\u00f3 el fallo que ordena al vicegobernador, Mario Aguilera, ejercer la suplencia temporal, mientras Luis Fernando Camacho est\u00e9 en la c\u00e1rcel. La [&hellip;]\" \/>\n<meta property=\"og:url\" content=\"https:\/\/www.eldiario.net\/portal\/2024\/01\/11\/tcp-ratifica-fallo-contra-camacho-creemos-ve-que-exmagistrados-cometen-delitos\/\" \/>\n<meta property=\"og:site_name\" content=\"El Diario - Bolivia\" \/>\n<meta property=\"article:publisher\" content=\"https:\/\/www.facebook.com\/eldiario.bolivia\/\" \/>\n<meta property=\"article:published_time\" content=\"2024-01-11T07:27:06+00:00\" \/>\n<meta property=\"og:image\" content=\"https:\/\/www.eldiario.net\/portal\/wp-content\/uploads\/2024\/01\/APERTURA-FOTO.jpg\" \/>\n\t<meta property=\"og:image:width\" content=\"1213\" \/>\n\t<meta property=\"og:image:height\" content=\"803\" \/>\n\t<meta property=\"og:image:type\" content=\"image\/jpeg\" \/>\n<meta name=\"author\" content=\"Jeanette\" \/>\n<meta name=\"twitter:card\" content=\"summary_large_image\" \/>\n<meta name=\"twitter:creator\" content=\"@eldiario_net\" \/>\n<meta name=\"twitter:site\" content=\"@eldiario_net\" \/>\n<meta name=\"twitter:label1\" content=\"Escrito por\" \/>\n\t<meta name=\"twitter:data1\" content=\"Jeanette\" \/>\n\t<meta name=\"twitter:label2\" content=\"Tiempo de lectura\" \/>\n\t<meta name=\"twitter:data2\" content=\"2 minutos\" \/>\n<script type=\"application\/ld+json\" class=\"yoast-schema-graph\">{\"@context\":\"https:\\\/\\\/schema.org\",\"@graph\":[{\"@type\":\"Article\",\"@id\":\"https:\\\/\\\/www.eldiario.net\\\/portal\\\/2024\\\/01\\\/11\\\/tcp-ratifica-fallo-contra-camacho-creemos-ve-que-exmagistrados-cometen-delitos\\\/#article\",\"isPartOf\":{\"@id\":\"https:\\\/\\\/www.eldiario.net\\\/portal\\\/2024\\\/01\\\/11\\\/tcp-ratifica-fallo-contra-camacho-creemos-ve-que-exmagistrados-cometen-delitos\\\/\"},\"author\":{\"name\":\"Jeanette\",\"@id\":\"https:\\\/\\\/www.eldiario.net\\\/portal\\\/#\\\/schema\\\/person\\\/f46445640444750d7d753ccd04ae01b7\"},\"headline\":\"TCP ratifica fallo contra Camacho; Creemos ve que \u201cexmagistrados\u201d cometen delitos\",\"datePublished\":\"2024-01-11T07:27:06+00:00\",\"mainEntityOfPage\":{\"@id\":\"https:\\\/\\\/www.eldiario.net\\\/portal\\\/2024\\\/01\\\/11\\\/tcp-ratifica-fallo-contra-camacho-creemos-ve-que-exmagistrados-cometen-delitos\\\/\"},\"wordCount\":378,\"commentCount\":0,\"publisher\":{\"@id\":\"https:\\\/\\\/www.eldiario.net\\\/portal\\\/#organization\"},\"image\":{\"@id\":\"https:\\\/\\\/www.eldiario.net\\\/portal\\\/2024\\\/01\\\/11\\\/tcp-ratifica-fallo-contra-camacho-creemos-ve-que-exmagistrados-cometen-delitos\\\/#primaryimage\"},\"thumbnailUrl\":\"https:\\\/\\\/www.eldiario.net\\\/portal\\\/wp-content\\\/uploads\\\/2024\\\/01\\\/APERTURA-FOTO.jpg\",\"articleSection\":[\"Principal\"],\"inLanguage\":\"es\",\"potentialAction\":[{\"@type\":\"CommentAction\",\"name\":\"Comment\",\"target\":[\"https:\\\/\\\/www.eldiario.net\\\/portal\\\/2024\\\/01\\\/11\\\/tcp-ratifica-fallo-contra-camacho-creemos-ve-que-exmagistrados-cometen-delitos\\\/#respond\"]}]},{\"@type\":\"WebPage\",\"@id\":\"https:\\\/\\\/www.eldiario.net\\\/portal\\\/2024\\\/01\\\/11\\\/tcp-ratifica-fallo-contra-camacho-creemos-ve-que-exmagistrados-cometen-delitos\\\/\",\"url\":\"https:\\\/\\\/www.eldiario.net\\\/portal\\\/2024\\\/01\\\/11\\\/tcp-ratifica-fallo-contra-camacho-creemos-ve-que-exmagistrados-cometen-delitos\\\/\",\"name\":\"TCP ratifica fallo contra Camacho; Creemos ve que \u201cexmagistrados\u201d cometen delitos - El Diario - Bolivia\",\"isPartOf\":{\"@id\":\"https:\\\/\\\/www.eldiario.net\\\/portal\\\/#website\"},\"primaryImageOfPage\":{\"@id\":\"https:\\\/\\\/www.eldiario.net\\\/portal\\\/2024\\\/01\\\/11\\\/tcp-ratifica-fallo-contra-camacho-creemos-ve-que-exmagistrados-cometen-delitos\\\/#primaryimage\"},\"image\":{\"@id\":\"https:\\\/\\\/www.eldiario.net\\\/portal\\\/2024\\\/01\\\/11\\\/tcp-ratifica-fallo-contra-camacho-creemos-ve-que-exmagistrados-cometen-delitos\\\/#primaryimage\"},\"thumbnailUrl\":\"https:\\\/\\\/www.eldiario.net\\\/portal\\\/wp-content\\\/uploads\\\/2024\\\/01\\\/APERTURA-FOTO.jpg\",\"datePublished\":\"2024-01-11T07:27:06+00:00\",\"breadcrumb\":{\"@id\":\"https:\\\/\\\/www.eldiario.net\\\/portal\\\/2024\\\/01\\\/11\\\/tcp-ratifica-fallo-contra-camacho-creemos-ve-que-exmagistrados-cometen-delitos\\\/#breadcrumb\"},\"inLanguage\":\"es\",\"potentialAction\":[{\"@type\":\"ReadAction\",\"target\":[\"https:\\\/\\\/www.eldiario.net\\\/portal\\\/2024\\\/01\\\/11\\\/tcp-ratifica-fallo-contra-camacho-creemos-ve-que-exmagistrados-cometen-delitos\\\/\"]}]},{\"@type\":\"ImageObject\",\"inLanguage\":\"es\",\"@id\":\"https:\\\/\\\/www.eldiario.net\\\/portal\\\/2024\\\/01\\\/11\\\/tcp-ratifica-fallo-contra-camacho-creemos-ve-que-exmagistrados-cometen-delitos\\\/#primaryimage\",\"url\":\"https:\\\/\\\/www.eldiario.net\\\/portal\\\/wp-content\\\/uploads\\\/2024\\\/01\\\/APERTURA-FOTO.jpg\",\"contentUrl\":\"https:\\\/\\\/www.eldiario.net\\\/portal\\\/wp-content\\\/uploads\\\/2024\\\/01\\\/APERTURA-FOTO.jpg\",\"width\":1213,\"height\":803,\"caption\":\"El vicegobernador, Mario Aguilera. Foto: RRSS\"},{\"@type\":\"BreadcrumbList\",\"@id\":\"https:\\\/\\\/www.eldiario.net\\\/portal\\\/2024\\\/01\\\/11\\\/tcp-ratifica-fallo-contra-camacho-creemos-ve-que-exmagistrados-cometen-delitos\\\/#breadcrumb\",\"itemListElement\":[{\"@type\":\"ListItem\",\"position\":1,\"name\":\"Portada\",\"item\":\"https:\\\/\\\/www.eldiario.net\\\/portal\\\/\"},{\"@type\":\"ListItem\",\"position\":2,\"name\":\"TCP ratifica fallo contra Camacho; Creemos ve que \u201cexmagistrados\u201d cometen delitos\"}]},{\"@type\":\"WebSite\",\"@id\":\"https:\\\/\\\/www.eldiario.net\\\/portal\\\/#website\",\"url\":\"https:\\\/\\\/www.eldiario.net\\\/portal\\\/\",\"name\":\"El Diario - Decano de la prensa nacional\",\"description\":\"El Diario - Decano de la prensa nacional\",\"publisher\":{\"@id\":\"https:\\\/\\\/www.eldiario.net\\\/portal\\\/#organization\"},\"potentialAction\":[{\"@type\":\"SearchAction\",\"target\":{\"@type\":\"EntryPoint\",\"urlTemplate\":\"https:\\\/\\\/www.eldiario.net\\\/portal\\\/?s={search_term_string}\"},\"query-input\":{\"@type\":\"PropertyValueSpecification\",\"valueRequired\":true,\"valueName\":\"search_term_string\"}}],\"inLanguage\":\"es\"},{\"@type\":\"Organization\",\"@id\":\"https:\\\/\\\/www.eldiario.net\\\/portal\\\/#organization\",\"name\":\"El Diario - Decano de la prensa nacional\",\"url\":\"https:\\\/\\\/www.eldiario.net\\\/portal\\\/\",\"logo\":{\"@type\":\"ImageObject\",\"inLanguage\":\"es\",\"@id\":\"https:\\\/\\\/www.eldiario.net\\\/portal\\\/#\\\/schema\\\/logo\\\/image\\\/\",\"url\":\"https:\\\/\\\/www.eldiario.net\\\/portal\\\/wp-content\\\/uploads\\\/2023\\\/07\\\/logo_ED.jpg\",\"contentUrl\":\"https:\\\/\\\/www.eldiario.net\\\/portal\\\/wp-content\\\/uploads\\\/2023\\\/07\\\/logo_ED.jpg\",\"width\":272,\"height\":52,\"caption\":\"El Diario - Decano de la prensa nacional\"},\"image\":{\"@id\":\"https:\\\/\\\/www.eldiario.net\\\/portal\\\/#\\\/schema\\\/logo\\\/image\\\/\"},\"sameAs\":[\"https:\\\/\\\/www.facebook.com\\\/eldiario.bolivia\\\/\",\"https:\\\/\\\/x.com\\\/eldiario_net\"]},{\"@type\":\"Person\",\"@id\":\"https:\\\/\\\/www.eldiario.net\\\/portal\\\/#\\\/schema\\\/person\\\/f46445640444750d7d753ccd04ae01b7\",\"name\":\"Jeanette\",\"image\":{\"@type\":\"ImageObject\",\"inLanguage\":\"es\",\"@id\":\"https:\\\/\\\/secure.gravatar.com\\\/avatar\\\/3ea2118a5f7dad2b7138b1187a6b7ee55f160b9968b66013c3a3ef39dd7e5798?s=96&d=mm&r=g\",\"url\":\"https:\\\/\\\/secure.gravatar.com\\\/avatar\\\/3ea2118a5f7dad2b7138b1187a6b7ee55f160b9968b66013c3a3ef39dd7e5798?s=96&d=mm&r=g\",\"contentUrl\":\"https:\\\/\\\/secure.gravatar.com\\\/avatar\\\/3ea2118a5f7dad2b7138b1187a6b7ee55f160b9968b66013c3a3ef39dd7e5798?s=96&d=mm&r=g\",\"caption\":\"Jeanette\"},\"sameAs\":[\"https:\\\/\\\/www.eldiario.net\\\/portal\"],\"url\":\"https:\\\/\\\/www.eldiario.net\\\/portal\\\/author\\\/jeanette\\\/\"}]}<\/script>\n<!-- \/ Yoast SEO plugin. -->","yoast_head_json":{"title":"TCP ratifica fallo contra Camacho; Creemos ve que \u201cexmagistrados\u201d cometen delitos - El Diario - Bolivia","robots":{"index":"index","follow":"follow","max-snippet":"max-snippet:-1","max-image-preview":"max-image-preview:large","max-video-preview":"max-video-preview:-1"},"canonical":"https:\/\/www.eldiario.net\/portal\/2024\/01\/11\/tcp-ratifica-fallo-contra-camacho-creemos-ve-que-exmagistrados-cometen-delitos\/","og_locale":"es_ES","og_type":"article","og_title":"TCP ratifica fallo contra Camacho; Creemos ve que \u201cexmagistrados\u201d cometen delitos - El Diario - Bolivia","og_description":"La Sala Cuarta Especializada del Tribunal Constitucional Plurinacional (TCP) rechaz\u00f3 el recurso de aclaraci\u00f3n, complementaci\u00f3n y enmienda presentado por la Asamblea Legislativa Departamental (ALD) y la Gobernaci\u00f3n de Santa Cruz, por lo que ratific\u00f3 el fallo que ordena al vicegobernador, Mario Aguilera, ejercer la suplencia temporal, mientras Luis Fernando Camacho est\u00e9 en la c\u00e1rcel. La [&hellip;]","og_url":"https:\/\/www.eldiario.net\/portal\/2024\/01\/11\/tcp-ratifica-fallo-contra-camacho-creemos-ve-que-exmagistrados-cometen-delitos\/","og_site_name":"El Diario - Bolivia","article_publisher":"https:\/\/www.facebook.com\/eldiario.bolivia\/","article_published_time":"2024-01-11T07:27:06+00:00","og_image":[{"width":1213,"height":803,"url":"https:\/\/www.eldiario.net\/portal\/wp-content\/uploads\/2024\/01\/APERTURA-FOTO.jpg","type":"image\/jpeg"}],"author":"Jeanette","twitter_card":"summary_large_image","twitter_creator":"@eldiario_net","twitter_site":"@eldiario_net","twitter_misc":{"Escrito por":"Jeanette","Tiempo de lectura":"2 minutos"},"schema":{"@context":"https:\/\/schema.org","@graph":[{"@type":"Article","@id":"https:\/\/www.eldiario.net\/portal\/2024\/01\/11\/tcp-ratifica-fallo-contra-camacho-creemos-ve-que-exmagistrados-cometen-delitos\/#article","isPartOf":{"@id":"https:\/\/www.eldiario.net\/portal\/2024\/01\/11\/tcp-ratifica-fallo-contra-camacho-creemos-ve-que-exmagistrados-cometen-delitos\/"},"author":{"name":"Jeanette","@id":"https:\/\/www.eldiario.net\/portal\/#\/schema\/person\/f46445640444750d7d753ccd04ae01b7"},"headline":"TCP ratifica fallo contra Camacho; Creemos ve que \u201cexmagistrados\u201d cometen delitos","datePublished":"2024-01-11T07:27:06+00:00","mainEntityOfPage":{"@id":"https:\/\/www.eldiario.net\/portal\/2024\/01\/11\/tcp-ratifica-fallo-contra-camacho-creemos-ve-que-exmagistrados-cometen-delitos\/"},"wordCount":378,"commentCount":0,"publisher":{"@id":"https:\/\/www.eldiario.net\/portal\/#organization"},"image":{"@id":"https:\/\/www.eldiario.net\/portal\/2024\/01\/11\/tcp-ratifica-fallo-contra-camacho-creemos-ve-que-exmagistrados-cometen-delitos\/#primaryimage"},"thumbnailUrl":"https:\/\/www.eldiario.net\/portal\/wp-content\/uploads\/2024\/01\/APERTURA-FOTO.jpg","articleSection":["Principal"],"inLanguage":"es","potentialAction":[{"@type":"CommentAction","name":"Comment","target":["https:\/\/www.eldiario.net\/portal\/2024\/01\/11\/tcp-ratifica-fallo-contra-camacho-creemos-ve-que-exmagistrados-cometen-delitos\/#respond"]}]},{"@type":"WebPage","@id":"https:\/\/www.eldiario.net\/portal\/2024\/01\/11\/tcp-ratifica-fallo-contra-camacho-creemos-ve-que-exmagistrados-cometen-delitos\/","url":"https:\/\/www.eldiario.net\/portal\/2024\/01\/11\/tcp-ratifica-fallo-contra-camacho-creemos-ve-que-exmagistrados-cometen-delitos\/","name":"TCP ratifica fallo contra Camacho; Creemos ve que \u201cexmagistrados\u201d cometen delitos - El Diario - Bolivia","isPartOf":{"@id":"https:\/\/www.eldiario.net\/portal\/#website"},"primaryImageOfPage":{"@id":"https:\/\/www.eldiario.net\/portal\/2024\/01\/11\/tcp-ratifica-fallo-contra-camacho-creemos-ve-que-exmagistrados-cometen-delitos\/#primaryimage"},"image":{"@id":"https:\/\/www.eldiario.net\/portal\/2024\/01\/11\/tcp-ratifica-fallo-contra-camacho-creemos-ve-que-exmagistrados-cometen-delitos\/#primaryimage"},"thumbnailUrl":"https:\/\/www.eldiario.net\/portal\/wp-content\/uploads\/2024\/01\/APERTURA-FOTO.jpg","datePublished":"2024-01-11T07:27:06+00:00","breadcrumb":{"@id":"https:\/\/www.eldiario.net\/portal\/2024\/01\/11\/tcp-ratifica-fallo-contra-camacho-creemos-ve-que-exmagistrados-cometen-delitos\/#breadcrumb"},"inLanguage":"es","potentialAction":[{"@type":"ReadAction","target":["https:\/\/www.eldiario.net\/portal\/2024\/01\/11\/tcp-ratifica-fallo-contra-camacho-creemos-ve-que-exmagistrados-cometen-delitos\/"]}]},{"@type":"ImageObject","inLanguage":"es","@id":"https:\/\/www.eldiario.net\/portal\/2024\/01\/11\/tcp-ratifica-fallo-contra-camacho-creemos-ve-que-exmagistrados-cometen-delitos\/#primaryimage","url":"https:\/\/www.eldiario.net\/portal\/wp-content\/uploads\/2024\/01\/APERTURA-FOTO.jpg","contentUrl":"https:\/\/www.eldiario.net\/portal\/wp-content\/uploads\/2024\/01\/APERTURA-FOTO.jpg","width":1213,"height":803,"caption":"El vicegobernador, Mario Aguilera. Foto: RRSS"},{"@type":"BreadcrumbList","@id":"https:\/\/www.eldiario.net\/portal\/2024\/01\/11\/tcp-ratifica-fallo-contra-camacho-creemos-ve-que-exmagistrados-cometen-delitos\/#breadcrumb","itemListElement":[{"@type":"ListItem","position":1,"name":"Portada","item":"https:\/\/www.eldiario.net\/portal\/"},{"@type":"ListItem","position":2,"name":"TCP ratifica fallo contra Camacho; Creemos ve que \u201cexmagistrados\u201d cometen delitos"}]},{"@type":"WebSite","@id":"https:\/\/www.eldiario.net\/portal\/#website","url":"https:\/\/www.eldiario.net\/portal\/","name":"El Diario - Decano de la prensa nacional","description":"El Diario - Decano de la prensa nacional","publisher":{"@id":"https:\/\/www.eldiario.net\/portal\/#organization"},"potentialAction":[{"@type":"SearchAction","target":{"@type":"EntryPoint","urlTemplate":"https:\/\/www.eldiario.net\/portal\/?s={search_term_string}"},"query-input":{"@type":"PropertyValueSpecification","valueRequired":true,"valueName":"search_term_string"}}],"inLanguage":"es"},{"@type":"Organization","@id":"https:\/\/www.eldiario.net\/portal\/#organization","name":"El Diario - Decano de la prensa nacional","url":"https:\/\/www.eldiario.net\/portal\/","logo":{"@type":"ImageObject","inLanguage":"es","@id":"https:\/\/www.eldiario.net\/portal\/#\/schema\/logo\/image\/","url":"https:\/\/www.eldiario.net\/portal\/wp-content\/uploads\/2023\/07\/logo_ED.jpg","contentUrl":"https:\/\/www.eldiario.net\/portal\/wp-content\/uploads\/2023\/07\/logo_ED.jpg","width":272,"height":52,"caption":"El Diario - Decano de la prensa nacional"},"image":{"@id":"https:\/\/www.eldiario.net\/portal\/#\/schema\/logo\/image\/"},"sameAs":["https:\/\/www.facebook.com\/eldiario.bolivia\/","https:\/\/x.com\/eldiario_net"]},{"@type":"Person","@id":"https:\/\/www.eldiario.net\/portal\/#\/schema\/person\/f46445640444750d7d753ccd04ae01b7","name":"Jeanette","image":{"@type":"ImageObject","inLanguage":"es","@id":"https:\/\/secure.gravatar.com\/avatar\/3ea2118a5f7dad2b7138b1187a6b7ee55f160b9968b66013c3a3ef39dd7e5798?s=96&d=mm&r=g","url":"https:\/\/secure.gravatar.com\/avatar\/3ea2118a5f7dad2b7138b1187a6b7ee55f160b9968b66013c3a3ef39dd7e5798?s=96&d=mm&r=g","contentUrl":"https:\/\/secure.gravatar.com\/avatar\/3ea2118a5f7dad2b7138b1187a6b7ee55f160b9968b66013c3a3ef39dd7e5798?s=96&d=mm&r=g","caption":"Jeanette"},"sameAs":["https:\/\/www.eldiario.net\/portal"],"url":"https:\/\/www.eldiario.net\/portal\/author\/jeanette\/"}]}},"_links":{"self":[{"href":"https:\/\/www.eldiario.net\/portal\/wp-json\/wp\/v2\/posts\/197112","targetHints":{"allow":["GET"]}}],"collection":[{"href":"https:\/\/www.eldiario.net\/portal\/wp-json\/wp\/v2\/posts"}],"about":[{"href":"https:\/\/www.eldiario.net\/portal\/wp-json\/wp\/v2\/types\/post"}],"author":[{"embeddable":true,"href":"https:\/\/www.eldiario.net\/portal\/wp-json\/wp\/v2\/users\/1"}],"replies":[{"embeddable":true,"href":"https:\/\/www.eldiario.net\/portal\/wp-json\/wp\/v2\/comments?post=197112"}],"version-history":[{"count":1,"href":"https:\/\/www.eldiario.net\/portal\/wp-json\/wp\/v2\/posts\/197112\/revisions"}],"predecessor-version":[{"id":197114,"href":"https:\/\/www.eldiario.net\/portal\/wp-json\/wp\/v2\/posts\/197112\/revisions\/197114"}],"wp:featuredmedia":[{"embeddable":true,"href":"https:\/\/www.eldiario.net\/portal\/wp-json\/wp\/v2\/media\/197113"}],"wp:attachment":[{"href":"https:\/\/www.eldiario.net\/portal\/wp-json\/wp\/v2\/media?parent=197112"}],"wp:term":[{"taxonomy":"category","embeddable":true,"href":"https:\/\/www.eldiario.net\/portal\/wp-json\/wp\/v2\/categories?post=197112"},{"taxonomy":"post_tag","embeddable":true,"href":"https:\/\/www.eldiario.net\/portal\/wp-json\/wp\/v2\/tags?post=197112"}],"curies":[{"name":"wp","href":"https:\/\/api.w.org\/{rel}","templated":true}]}}