{"id":197109,"date":"2024-01-11T03:26:17","date_gmt":"2024-01-11T07:26:17","guid":{"rendered":"https:\/\/www.eldiario.net\/portal\/?p=197109"},"modified":"2024-01-11T03:26:17","modified_gmt":"2024-01-11T07:26:17","slug":"estiman-que-bolivia-crecio-menos-de-2-en-2023","status":"publish","type":"post","link":"https:\/\/www.eldiario.net\/portal\/2024\/01\/11\/estiman-que-bolivia-crecio-menos-de-2-en-2023\/","title":{"rendered":"Estiman que Bolivia creci\u00f3  menos de 2% en 2023"},"content":{"rendered":"<p>Organismos internacionales difieren sobre el crecimiento econ\u00f3mico de Bolivia para 2024 y aseguran que la cifra de 2023 fue menos de 2%, debajo de las estimaciones oficiales, que fijaron en primera instancia el 4,8%.<\/p>\n<p>Seg\u00fan el \u00faltimo informe especializado de las Naciones Unidas: \u00abSituaci\u00f3n y perspectivas de la econom\u00eda mundial 2024\u00bb, nuestro pa\u00eds tuvo un crecimiento econ\u00f3mico (PIB real) del 1,7% el 2023, cuya cifra es mucho menor a la planificada por el Gobierno nacional, se\u00f1ala el presidente del Colegio de Economistas de Tarija, Fernando Romero.<\/p>\n<p>\u201cLas proyecciones de crecimiento econ\u00f3mico para el 2024 y 2025 son de un 2,1% y 2,5% respectivamente, signos de ralentizaci\u00f3n de la econom\u00eda nacional, donde se tardar\u00e1 a\u00f1os en tener la din\u00e1mica previa a la pandemia. No descarta el organismo internacional, que nuestra econom\u00eda se estanque o entre en contracci\u00f3n de su PIB, ya que desde el 2021 el pa\u00eds demuestra una tendencia a crecer menos\u201d, reflexion\u00f3.<\/p>\n<p>Ajustes en pol\u00edtica macroecon\u00f3mica, fiscal y monetaria, son imprescindibles para evitar una crisis mayor en t\u00e9rminos de inflacionarios, desempleo e incremento de la pobreza, debido principalmente a un gasto publico elevado, financiado con deuda nacional y unas reservas internacionales neta en rojo, alert\u00f3 el economistas, que coincide con las declaraciones de Gonzalo Ch\u00e1vez, quien dijo en sus redes sociales, que la madre del cordero del problema es el elevado gasto p\u00fablico, gasta igual a la bonanza del gas.<\/p>\n<p>El mismo documento se\u00f1ala que Latinoam\u00e9rica y el Caribe crecer\u00e1 1,6% y 2,3% en 2024 y 2025, mientras que Sudam\u00e9rica lo har\u00e1 en 1,1% y 2,4%, en los mismos periodos.<\/p>\n<p>En cuanto a la inflaci\u00f3n, proyecta que Bolivia cerrar\u00e1 el a\u00f1o 2024 con 5% y el pr\u00f3ximo 4,5%. Mientras tanto, el gobierno, en su Presupuesto General del Estado (PGE) 2024, fija en menos de 4%.<\/p>\n<p>De acuerdo a Romero, el an\u00e1lisis es similar a lo que se\u00f1ala el informe del Banco Mundial, crecimiento moderado, lento, limitado por los problemas persistentes de la inflaci\u00f3n, pol\u00edticas monetarias restrictivas, problemas fiscales de endeudamiento, en cada uno de las naciones, entre otros.<\/p>\n<p>Pero hay que sumarle el tema pol\u00edtico, que ser\u00e1 m\u00e1s complejo en el caso de Bolivia; la situaci\u00f3n se complica con lo que pasa con Ecuador, que incidir\u00e1 en el crecimiento de la regi\u00f3n.<\/p>\n<p>El aumento de los costos de endeudamiento agravar\u00e1 los riesgos de sostenibilidad de la deuda de los pa\u00edses en desarrollo; las tendencias de la inversi\u00f3n mundial seguir\u00e1n siendo d\u00e9biles; el comercio internacional pierde fuerza como factor impulsor del crecimiento, se\u00f1ala el resumen del informe.<\/p>\n","protected":false},"excerpt":{"rendered":"<p>Organismos internacionales difieren sobre el crecimiento econ\u00f3mico de Bolivia para 2024 y aseguran que la cifra de 2023 fue menos de 2%, debajo de las estimaciones oficiales, que fijaron en primera instancia el 4,8%. Seg\u00fan el \u00faltimo informe especializado de las Naciones Unidas: \u00abSituaci\u00f3n y perspectivas de la econom\u00eda mundial 2024\u00bb, nuestro pa\u00eds tuvo un [&hellip;]<\/p>\n","protected":false},"author":1,"featured_media":197110,"comment_status":"open","ping_status":"open","sticky":false,"template":"","format":"standard","meta":{"_acf_changed":false,"footnotes":""},"categories":[15],"tags":[],"class_list":["post-197109","post","type-post","status-publish","format-standard","has-post-thumbnail","category-portada"],"acf":{"antetitulo":""},"yoast_head":"<!-- This site is optimized with the Yoast SEO plugin v28.3 - https:\/\/yoast.com\/product\/yoast-seo-wordpress\/ -->\n<title>Estiman que Bolivia creci\u00f3 menos de 2% en 2023 - El Diario - Bolivia<\/title>\n<meta name=\"robots\" content=\"index, follow, max-snippet:-1, max-image-preview:large, max-video-preview:-1\" \/>\n<link rel=\"canonical\" href=\"https:\/\/www.eldiario.net\/portal\/2024\/01\/11\/estiman-que-bolivia-crecio-menos-de-2-en-2023\/\" \/>\n<meta property=\"og:locale\" content=\"es_ES\" \/>\n<meta property=\"og:type\" content=\"article\" \/>\n<meta property=\"og:title\" content=\"Estiman que Bolivia creci\u00f3 menos de 2% en 2023 - El Diario - Bolivia\" \/>\n<meta property=\"og:description\" content=\"Organismos internacionales difieren sobre el crecimiento econ\u00f3mico de Bolivia para 2024 y aseguran que la cifra de 2023 fue menos de 2%, debajo de las estimaciones oficiales, que fijaron en primera instancia el 4,8%. Seg\u00fan el \u00faltimo informe especializado de las Naciones Unidas: \u00abSituaci\u00f3n y perspectivas de la econom\u00eda mundial 2024\u00bb, nuestro pa\u00eds tuvo un [&hellip;]\" \/>\n<meta property=\"og:url\" content=\"https:\/\/www.eldiario.net\/portal\/2024\/01\/11\/estiman-que-bolivia-crecio-menos-de-2-en-2023\/\" \/>\n<meta property=\"og:site_name\" content=\"El Diario - Bolivia\" \/>\n<meta property=\"article:publisher\" content=\"https:\/\/www.facebook.com\/eldiario.bolivia\/\" \/>\n<meta property=\"article:published_time\" content=\"2024-01-11T07:26:17+00:00\" \/>\n<meta property=\"og:image\" content=\"https:\/\/www.eldiario.net\/portal\/wp-content\/uploads\/2024\/01\/CRECI-FOTO.jpg\" \/>\n\t<meta property=\"og:image:width\" content=\"716\" \/>\n\t<meta property=\"og:image:height\" content=\"432\" \/>\n\t<meta property=\"og:image:type\" content=\"image\/jpeg\" \/>\n<meta name=\"author\" content=\"Jeanette\" \/>\n<meta name=\"twitter:card\" content=\"summary_large_image\" \/>\n<meta name=\"twitter:creator\" content=\"@eldiario_net\" \/>\n<meta name=\"twitter:site\" content=\"@eldiario_net\" \/>\n<meta name=\"twitter:label1\" content=\"Escrito por\" \/>\n\t<meta name=\"twitter:data1\" content=\"Jeanette\" \/>\n\t<meta name=\"twitter:label2\" content=\"Tiempo de lectura\" \/>\n\t<meta name=\"twitter:data2\" content=\"3 minutos\" \/>\n<script type=\"application\/ld+json\" class=\"yoast-schema-graph\">{\"@context\":\"https:\\\/\\\/schema.org\",\"@graph\":[{\"@type\":\"Article\",\"@id\":\"https:\\\/\\\/www.eldiario.net\\\/portal\\\/2024\\\/01\\\/11\\\/estiman-que-bolivia-crecio-menos-de-2-en-2023\\\/#article\",\"isPartOf\":{\"@id\":\"https:\\\/\\\/www.eldiario.net\\\/portal\\\/2024\\\/01\\\/11\\\/estiman-que-bolivia-crecio-menos-de-2-en-2023\\\/\"},\"author\":{\"name\":\"Jeanette\",\"@id\":\"https:\\\/\\\/www.eldiario.net\\\/portal\\\/#\\\/schema\\\/person\\\/f46445640444750d7d753ccd04ae01b7\"},\"headline\":\"Estiman que Bolivia creci\u00f3 menos de 2% en 2023\",\"datePublished\":\"2024-01-11T07:26:17+00:00\",\"mainEntityOfPage\":{\"@id\":\"https:\\\/\\\/www.eldiario.net\\\/portal\\\/2024\\\/01\\\/11\\\/estiman-que-bolivia-crecio-menos-de-2-en-2023\\\/\"},\"wordCount\":440,\"commentCount\":0,\"publisher\":{\"@id\":\"https:\\\/\\\/www.eldiario.net\\\/portal\\\/#organization\"},\"image\":{\"@id\":\"https:\\\/\\\/www.eldiario.net\\\/portal\\\/2024\\\/01\\\/11\\\/estiman-que-bolivia-crecio-menos-de-2-en-2023\\\/#primaryimage\"},\"thumbnailUrl\":\"https:\\\/\\\/www.eldiario.net\\\/portal\\\/wp-content\\\/uploads\\\/2024\\\/01\\\/CRECI-FOTO.jpg\",\"articleSection\":[\"Portada\"],\"inLanguage\":\"es\",\"potentialAction\":[{\"@type\":\"CommentAction\",\"name\":\"Comment\",\"target\":[\"https:\\\/\\\/www.eldiario.net\\\/portal\\\/2024\\\/01\\\/11\\\/estiman-que-bolivia-crecio-menos-de-2-en-2023\\\/#respond\"]}]},{\"@type\":\"WebPage\",\"@id\":\"https:\\\/\\\/www.eldiario.net\\\/portal\\\/2024\\\/01\\\/11\\\/estiman-que-bolivia-crecio-menos-de-2-en-2023\\\/\",\"url\":\"https:\\\/\\\/www.eldiario.net\\\/portal\\\/2024\\\/01\\\/11\\\/estiman-que-bolivia-crecio-menos-de-2-en-2023\\\/\",\"name\":\"Estiman que Bolivia creci\u00f3 menos de 2% en 2023 - El Diario - Bolivia\",\"isPartOf\":{\"@id\":\"https:\\\/\\\/www.eldiario.net\\\/portal\\\/#website\"},\"primaryImageOfPage\":{\"@id\":\"https:\\\/\\\/www.eldiario.net\\\/portal\\\/2024\\\/01\\\/11\\\/estiman-que-bolivia-crecio-menos-de-2-en-2023\\\/#primaryimage\"},\"image\":{\"@id\":\"https:\\\/\\\/www.eldiario.net\\\/portal\\\/2024\\\/01\\\/11\\\/estiman-que-bolivia-crecio-menos-de-2-en-2023\\\/#primaryimage\"},\"thumbnailUrl\":\"https:\\\/\\\/www.eldiario.net\\\/portal\\\/wp-content\\\/uploads\\\/2024\\\/01\\\/CRECI-FOTO.jpg\",\"datePublished\":\"2024-01-11T07:26:17+00:00\",\"breadcrumb\":{\"@id\":\"https:\\\/\\\/www.eldiario.net\\\/portal\\\/2024\\\/01\\\/11\\\/estiman-que-bolivia-crecio-menos-de-2-en-2023\\\/#breadcrumb\"},\"inLanguage\":\"es\",\"potentialAction\":[{\"@type\":\"ReadAction\",\"target\":[\"https:\\\/\\\/www.eldiario.net\\\/portal\\\/2024\\\/01\\\/11\\\/estiman-que-bolivia-crecio-menos-de-2-en-2023\\\/\"]}]},{\"@type\":\"ImageObject\",\"inLanguage\":\"es\",\"@id\":\"https:\\\/\\\/www.eldiario.net\\\/portal\\\/2024\\\/01\\\/11\\\/estiman-que-bolivia-crecio-menos-de-2-en-2023\\\/#primaryimage\",\"url\":\"https:\\\/\\\/www.eldiario.net\\\/portal\\\/wp-content\\\/uploads\\\/2024\\\/01\\\/CRECI-FOTO.jpg\",\"contentUrl\":\"https:\\\/\\\/www.eldiario.net\\\/portal\\\/wp-content\\\/uploads\\\/2024\\\/01\\\/CRECI-FOTO.jpg\",\"width\":716,\"height\":432},{\"@type\":\"BreadcrumbList\",\"@id\":\"https:\\\/\\\/www.eldiario.net\\\/portal\\\/2024\\\/01\\\/11\\\/estiman-que-bolivia-crecio-menos-de-2-en-2023\\\/#breadcrumb\",\"itemListElement\":[{\"@type\":\"ListItem\",\"position\":1,\"name\":\"Portada\",\"item\":\"https:\\\/\\\/www.eldiario.net\\\/portal\\\/\"},{\"@type\":\"ListItem\",\"position\":2,\"name\":\"Estiman que Bolivia creci\u00f3 menos de 2% en 2023\"}]},{\"@type\":\"WebSite\",\"@id\":\"https:\\\/\\\/www.eldiario.net\\\/portal\\\/#website\",\"url\":\"https:\\\/\\\/www.eldiario.net\\\/portal\\\/\",\"name\":\"El Diario - Decano de la prensa nacional\",\"description\":\"El Diario - Decano de la prensa nacional\",\"publisher\":{\"@id\":\"https:\\\/\\\/www.eldiario.net\\\/portal\\\/#organization\"},\"potentialAction\":[{\"@type\":\"SearchAction\",\"target\":{\"@type\":\"EntryPoint\",\"urlTemplate\":\"https:\\\/\\\/www.eldiario.net\\\/portal\\\/?s={search_term_string}\"},\"query-input\":{\"@type\":\"PropertyValueSpecification\",\"valueRequired\":true,\"valueName\":\"search_term_string\"}}],\"inLanguage\":\"es\"},{\"@type\":\"Organization\",\"@id\":\"https:\\\/\\\/www.eldiario.net\\\/portal\\\/#organization\",\"name\":\"El Diario - Decano de la prensa nacional\",\"url\":\"https:\\\/\\\/www.eldiario.net\\\/portal\\\/\",\"logo\":{\"@type\":\"ImageObject\",\"inLanguage\":\"es\",\"@id\":\"https:\\\/\\\/www.eldiario.net\\\/portal\\\/#\\\/schema\\\/logo\\\/image\\\/\",\"url\":\"https:\\\/\\\/www.eldiario.net\\\/portal\\\/wp-content\\\/uploads\\\/2023\\\/07\\\/logo_ED.jpg\",\"contentUrl\":\"https:\\\/\\\/www.eldiario.net\\\/portal\\\/wp-content\\\/uploads\\\/2023\\\/07\\\/logo_ED.jpg\",\"width\":272,\"height\":52,\"caption\":\"El Diario - Decano de la prensa nacional\"},\"image\":{\"@id\":\"https:\\\/\\\/www.eldiario.net\\\/portal\\\/#\\\/schema\\\/logo\\\/image\\\/\"},\"sameAs\":[\"https:\\\/\\\/www.facebook.com\\\/eldiario.bolivia\\\/\",\"https:\\\/\\\/x.com\\\/eldiario_net\"]},{\"@type\":\"Person\",\"@id\":\"https:\\\/\\\/www.eldiario.net\\\/portal\\\/#\\\/schema\\\/person\\\/f46445640444750d7d753ccd04ae01b7\",\"name\":\"Jeanette\",\"image\":{\"@type\":\"ImageObject\",\"inLanguage\":\"es\",\"@id\":\"https:\\\/\\\/secure.gravatar.com\\\/avatar\\\/3ea2118a5f7dad2b7138b1187a6b7ee55f160b9968b66013c3a3ef39dd7e5798?s=96&d=mm&r=g\",\"url\":\"https:\\\/\\\/secure.gravatar.com\\\/avatar\\\/3ea2118a5f7dad2b7138b1187a6b7ee55f160b9968b66013c3a3ef39dd7e5798?s=96&d=mm&r=g\",\"contentUrl\":\"https:\\\/\\\/secure.gravatar.com\\\/avatar\\\/3ea2118a5f7dad2b7138b1187a6b7ee55f160b9968b66013c3a3ef39dd7e5798?s=96&d=mm&r=g\",\"caption\":\"Jeanette\"},\"sameAs\":[\"https:\\\/\\\/www.eldiario.net\\\/portal\"],\"url\":\"https:\\\/\\\/www.eldiario.net\\\/portal\\\/author\\\/jeanette\\\/\"}]}<\/script>\n<!-- \/ Yoast SEO plugin. -->","yoast_head_json":{"title":"Estiman que Bolivia creci\u00f3 menos de 2% en 2023 - El Diario - Bolivia","robots":{"index":"index","follow":"follow","max-snippet":"max-snippet:-1","max-image-preview":"max-image-preview:large","max-video-preview":"max-video-preview:-1"},"canonical":"https:\/\/www.eldiario.net\/portal\/2024\/01\/11\/estiman-que-bolivia-crecio-menos-de-2-en-2023\/","og_locale":"es_ES","og_type":"article","og_title":"Estiman que Bolivia creci\u00f3 menos de 2% en 2023 - El Diario - Bolivia","og_description":"Organismos internacionales difieren sobre el crecimiento econ\u00f3mico de Bolivia para 2024 y aseguran que la cifra de 2023 fue menos de 2%, debajo de las estimaciones oficiales, que fijaron en primera instancia el 4,8%. Seg\u00fan el \u00faltimo informe especializado de las Naciones Unidas: \u00abSituaci\u00f3n y perspectivas de la econom\u00eda mundial 2024\u00bb, nuestro pa\u00eds tuvo un [&hellip;]","og_url":"https:\/\/www.eldiario.net\/portal\/2024\/01\/11\/estiman-que-bolivia-crecio-menos-de-2-en-2023\/","og_site_name":"El Diario - Bolivia","article_publisher":"https:\/\/www.facebook.com\/eldiario.bolivia\/","article_published_time":"2024-01-11T07:26:17+00:00","og_image":[{"width":716,"height":432,"url":"https:\/\/www.eldiario.net\/portal\/wp-content\/uploads\/2024\/01\/CRECI-FOTO.jpg","type":"image\/jpeg"}],"author":"Jeanette","twitter_card":"summary_large_image","twitter_creator":"@eldiario_net","twitter_site":"@eldiario_net","twitter_misc":{"Escrito por":"Jeanette","Tiempo de lectura":"3 minutos"},"schema":{"@context":"https:\/\/schema.org","@graph":[{"@type":"Article","@id":"https:\/\/www.eldiario.net\/portal\/2024\/01\/11\/estiman-que-bolivia-crecio-menos-de-2-en-2023\/#article","isPartOf":{"@id":"https:\/\/www.eldiario.net\/portal\/2024\/01\/11\/estiman-que-bolivia-crecio-menos-de-2-en-2023\/"},"author":{"name":"Jeanette","@id":"https:\/\/www.eldiario.net\/portal\/#\/schema\/person\/f46445640444750d7d753ccd04ae01b7"},"headline":"Estiman que Bolivia creci\u00f3 menos de 2% en 2023","datePublished":"2024-01-11T07:26:17+00:00","mainEntityOfPage":{"@id":"https:\/\/www.eldiario.net\/portal\/2024\/01\/11\/estiman-que-bolivia-crecio-menos-de-2-en-2023\/"},"wordCount":440,"commentCount":0,"publisher":{"@id":"https:\/\/www.eldiario.net\/portal\/#organization"},"image":{"@id":"https:\/\/www.eldiario.net\/portal\/2024\/01\/11\/estiman-que-bolivia-crecio-menos-de-2-en-2023\/#primaryimage"},"thumbnailUrl":"https:\/\/www.eldiario.net\/portal\/wp-content\/uploads\/2024\/01\/CRECI-FOTO.jpg","articleSection":["Portada"],"inLanguage":"es","potentialAction":[{"@type":"CommentAction","name":"Comment","target":["https:\/\/www.eldiario.net\/portal\/2024\/01\/11\/estiman-que-bolivia-crecio-menos-de-2-en-2023\/#respond"]}]},{"@type":"WebPage","@id":"https:\/\/www.eldiario.net\/portal\/2024\/01\/11\/estiman-que-bolivia-crecio-menos-de-2-en-2023\/","url":"https:\/\/www.eldiario.net\/portal\/2024\/01\/11\/estiman-que-bolivia-crecio-menos-de-2-en-2023\/","name":"Estiman que Bolivia creci\u00f3 menos de 2% en 2023 - El Diario - Bolivia","isPartOf":{"@id":"https:\/\/www.eldiario.net\/portal\/#website"},"primaryImageOfPage":{"@id":"https:\/\/www.eldiario.net\/portal\/2024\/01\/11\/estiman-que-bolivia-crecio-menos-de-2-en-2023\/#primaryimage"},"image":{"@id":"https:\/\/www.eldiario.net\/portal\/2024\/01\/11\/estiman-que-bolivia-crecio-menos-de-2-en-2023\/#primaryimage"},"thumbnailUrl":"https:\/\/www.eldiario.net\/portal\/wp-content\/uploads\/2024\/01\/CRECI-FOTO.jpg","datePublished":"2024-01-11T07:26:17+00:00","breadcrumb":{"@id":"https:\/\/www.eldiario.net\/portal\/2024\/01\/11\/estiman-que-bolivia-crecio-menos-de-2-en-2023\/#breadcrumb"},"inLanguage":"es","potentialAction":[{"@type":"ReadAction","target":["https:\/\/www.eldiario.net\/portal\/2024\/01\/11\/estiman-que-bolivia-crecio-menos-de-2-en-2023\/"]}]},{"@type":"ImageObject","inLanguage":"es","@id":"https:\/\/www.eldiario.net\/portal\/2024\/01\/11\/estiman-que-bolivia-crecio-menos-de-2-en-2023\/#primaryimage","url":"https:\/\/www.eldiario.net\/portal\/wp-content\/uploads\/2024\/01\/CRECI-FOTO.jpg","contentUrl":"https:\/\/www.eldiario.net\/portal\/wp-content\/uploads\/2024\/01\/CRECI-FOTO.jpg","width":716,"height":432},{"@type":"BreadcrumbList","@id":"https:\/\/www.eldiario.net\/portal\/2024\/01\/11\/estiman-que-bolivia-crecio-menos-de-2-en-2023\/#breadcrumb","itemListElement":[{"@type":"ListItem","position":1,"name":"Portada","item":"https:\/\/www.eldiario.net\/portal\/"},{"@type":"ListItem","position":2,"name":"Estiman que Bolivia creci\u00f3 menos de 2% en 2023"}]},{"@type":"WebSite","@id":"https:\/\/www.eldiario.net\/portal\/#website","url":"https:\/\/www.eldiario.net\/portal\/","name":"El Diario - Decano de la prensa nacional","description":"El Diario - Decano de la prensa nacional","publisher":{"@id":"https:\/\/www.eldiario.net\/portal\/#organization"},"potentialAction":[{"@type":"SearchAction","target":{"@type":"EntryPoint","urlTemplate":"https:\/\/www.eldiario.net\/portal\/?s={search_term_string}"},"query-input":{"@type":"PropertyValueSpecification","valueRequired":true,"valueName":"search_term_string"}}],"inLanguage":"es"},{"@type":"Organization","@id":"https:\/\/www.eldiario.net\/portal\/#organization","name":"El Diario - Decano de la prensa nacional","url":"https:\/\/www.eldiario.net\/portal\/","logo":{"@type":"ImageObject","inLanguage":"es","@id":"https:\/\/www.eldiario.net\/portal\/#\/schema\/logo\/image\/","url":"https:\/\/www.eldiario.net\/portal\/wp-content\/uploads\/2023\/07\/logo_ED.jpg","contentUrl":"https:\/\/www.eldiario.net\/portal\/wp-content\/uploads\/2023\/07\/logo_ED.jpg","width":272,"height":52,"caption":"El Diario - Decano de la prensa nacional"},"image":{"@id":"https:\/\/www.eldiario.net\/portal\/#\/schema\/logo\/image\/"},"sameAs":["https:\/\/www.facebook.com\/eldiario.bolivia\/","https:\/\/x.com\/eldiario_net"]},{"@type":"Person","@id":"https:\/\/www.eldiario.net\/portal\/#\/schema\/person\/f46445640444750d7d753ccd04ae01b7","name":"Jeanette","image":{"@type":"ImageObject","inLanguage":"es","@id":"https:\/\/secure.gravatar.com\/avatar\/3ea2118a5f7dad2b7138b1187a6b7ee55f160b9968b66013c3a3ef39dd7e5798?s=96&d=mm&r=g","url":"https:\/\/secure.gravatar.com\/avatar\/3ea2118a5f7dad2b7138b1187a6b7ee55f160b9968b66013c3a3ef39dd7e5798?s=96&d=mm&r=g","contentUrl":"https:\/\/secure.gravatar.com\/avatar\/3ea2118a5f7dad2b7138b1187a6b7ee55f160b9968b66013c3a3ef39dd7e5798?s=96&d=mm&r=g","caption":"Jeanette"},"sameAs":["https:\/\/www.eldiario.net\/portal"],"url":"https:\/\/www.eldiario.net\/portal\/author\/jeanette\/"}]}},"_links":{"self":[{"href":"https:\/\/www.eldiario.net\/portal\/wp-json\/wp\/v2\/posts\/197109","targetHints":{"allow":["GET"]}}],"collection":[{"href":"https:\/\/www.eldiario.net\/portal\/wp-json\/wp\/v2\/posts"}],"about":[{"href":"https:\/\/www.eldiario.net\/portal\/wp-json\/wp\/v2\/types\/post"}],"author":[{"embeddable":true,"href":"https:\/\/www.eldiario.net\/portal\/wp-json\/wp\/v2\/users\/1"}],"replies":[{"embeddable":true,"href":"https:\/\/www.eldiario.net\/portal\/wp-json\/wp\/v2\/comments?post=197109"}],"version-history":[{"count":1,"href":"https:\/\/www.eldiario.net\/portal\/wp-json\/wp\/v2\/posts\/197109\/revisions"}],"predecessor-version":[{"id":197111,"href":"https:\/\/www.eldiario.net\/portal\/wp-json\/wp\/v2\/posts\/197109\/revisions\/197111"}],"wp:featuredmedia":[{"embeddable":true,"href":"https:\/\/www.eldiario.net\/portal\/wp-json\/wp\/v2\/media\/197110"}],"wp:attachment":[{"href":"https:\/\/www.eldiario.net\/portal\/wp-json\/wp\/v2\/media?parent=197109"}],"wp:term":[{"taxonomy":"category","embeddable":true,"href":"https:\/\/www.eldiario.net\/portal\/wp-json\/wp\/v2\/categories?post=197109"},{"taxonomy":"post_tag","embeddable":true,"href":"https:\/\/www.eldiario.net\/portal\/wp-json\/wp\/v2\/tags?post=197109"}],"curies":[{"name":"wp","href":"https:\/\/api.w.org\/{rel}","templated":true}]}}