{"id":197102,"date":"2024-01-11T03:25:01","date_gmt":"2024-01-11T07:25:01","guid":{"rendered":"https:\/\/www.eldiario.net\/portal\/?p=197102"},"modified":"2024-01-11T03:25:01","modified_gmt":"2024-01-11T07:25:01","slug":"plantean-intervenir-el-chapare-para-evitar-escalada-de-violencia","status":"publish","type":"post","link":"https:\/\/www.eldiario.net\/portal\/2024\/01\/11\/plantean-intervenir-el-chapare-para-evitar-escalada-de-violencia\/","title":{"rendered":"Plantean intervenir el Chapare  para evitar escalada de violencia"},"content":{"rendered":"<p>Asegurando que es necesario asumir medidas preventivas para evitar escenarios de violencia similares a los registrados en Ecuador, el diputado por Comunidad Ciudadana (CC), Alberto Astorga, pidi\u00f3 a autoridades nacionales seguir el ejemplo de sus pares ecuatorianos y ordenar una militarizaci\u00f3n del tr\u00f3pico para luchar contra actividades il\u00edcitas como el narcotr\u00e1fico de manera frontal.<\/p>\n<p>Advirtiendo la posibilidad de que en un futuro el pa\u00eds atraviese por situaciones similares a las que se viven estos d\u00edas en Ecuador, Astorga sostuvo que es necesario asumir medidas preventivas y no dejar que actividades como el narcotr\u00e1fico expandan su influencia y presencia en territorio nacional.<\/p>\n<p>En criterio del legislador representante de la Sede de Gobierno, una de esas medidas es la intervenci\u00f3n y militarizaci\u00f3n del Chapare.<\/p>\n<p>\u201cMe parece que lo importante es militarizar el Chapare para que conozcamos a los peces gordos que se esconden en ese lugar, adem\u00e1s de la producci\u00f3n de droga y se puedan saber los v\u00ednculos con Evo Morales para la financiaci\u00f3n de sus campa\u00f1as\u201d, dijo.<\/p>\n<p>Adelantando gestiones para remitir minutas de comunicaci\u00f3n a distintas instancias para efectivizar este pedido y as\u00ed evitar hechos tr\u00e1gicos como los que tienen lugar en Ecuador, Astorga advirti\u00f3 que, si no se toman acciones en la actualidad, se deben esperar situaciones tr\u00e1gicas en los pr\u00f3ximos a\u00f1os.<\/p>\n<p>\u201cVamos camino a la misma situaci\u00f3n, pero si no militarizamos es posible que tengamos consecuencias nefastas para el pa\u00eds\u201d, sostuvo.<\/p>\n<p>Desde el oficialismo, el diputado Andr\u00e9s Flores, apunt\u00f3 a modificaciones de leyes que regulan la producci\u00f3n de coca como la mejor opci\u00f3n para afectar al narcotr\u00e1fico, antes que posibles intervenciones a las zonas productoras.<\/p>\n<p>\u201cTenemos que tomar otras estrategias, si hacemos un an\u00e1lisis, el narcotr\u00e1fico sale del tr\u00f3pico de Cochabamba, por lo tanto, se deben hablar de otros temas (\u2026), si queremos eliminar el narcotr\u00e1fico, debe disminuirse el cultivo de la hoja de coca\u201d, dijo.<\/p>\n","protected":false},"excerpt":{"rendered":"<p>Asegurando que es necesario asumir medidas preventivas para evitar escenarios de violencia similares a los registrados en Ecuador, el diputado por Comunidad Ciudadana (CC), Alberto Astorga, pidi\u00f3 a autoridades nacionales seguir el ejemplo de sus pares ecuatorianos y ordenar una militarizaci\u00f3n del tr\u00f3pico para luchar contra actividades il\u00edcitas como el narcotr\u00e1fico de manera frontal. Advirtiendo [&hellip;]<\/p>\n","protected":false},"author":1,"featured_media":197103,"comment_status":"open","ping_status":"open","sticky":false,"template":"","format":"standard","meta":{"_acf_changed":false,"footnotes":""},"categories":[15],"tags":[],"class_list":["post-197102","post","type-post","status-publish","format-standard","has-post-thumbnail","category-portada"],"acf":{"antetitulo":"Como medida de prevenci\u00f3n"},"yoast_head":"<!-- This site is optimized with the Yoast SEO plugin v28.3 - https:\/\/yoast.com\/product\/yoast-seo-wordpress\/ -->\n<title>Plantean intervenir el Chapare para evitar escalada de violencia - El Diario - Bolivia<\/title>\n<meta name=\"robots\" content=\"index, follow, max-snippet:-1, max-image-preview:large, max-video-preview:-1\" \/>\n<link rel=\"canonical\" href=\"https:\/\/www.eldiario.net\/portal\/2024\/01\/11\/plantean-intervenir-el-chapare-para-evitar-escalada-de-violencia\/\" \/>\n<meta property=\"og:locale\" content=\"es_ES\" \/>\n<meta property=\"og:type\" content=\"article\" \/>\n<meta property=\"og:title\" content=\"Plantean intervenir el Chapare para evitar escalada de violencia - El Diario - Bolivia\" \/>\n<meta property=\"og:description\" content=\"Asegurando que es necesario asumir medidas preventivas para evitar escenarios de violencia similares a los registrados en Ecuador, el diputado por Comunidad Ciudadana (CC), Alberto Astorga, pidi\u00f3 a autoridades nacionales seguir el ejemplo de sus pares ecuatorianos y ordenar una militarizaci\u00f3n del tr\u00f3pico para luchar contra actividades il\u00edcitas como el narcotr\u00e1fico de manera frontal. Advirtiendo [&hellip;]\" \/>\n<meta property=\"og:url\" content=\"https:\/\/www.eldiario.net\/portal\/2024\/01\/11\/plantean-intervenir-el-chapare-para-evitar-escalada-de-violencia\/\" \/>\n<meta property=\"og:site_name\" content=\"El Diario - Bolivia\" \/>\n<meta property=\"article:publisher\" content=\"https:\/\/www.facebook.com\/eldiario.bolivia\/\" \/>\n<meta property=\"article:published_time\" content=\"2024-01-11T07:25:01+00:00\" \/>\n<meta property=\"og:image\" content=\"https:\/\/www.eldiario.net\/portal\/wp-content\/uploads\/2024\/01\/INTERVENIR-FOTO-scaled.jpg\" \/>\n\t<meta property=\"og:image:width\" content=\"2560\" \/>\n\t<meta property=\"og:image:height\" content=\"1182\" \/>\n\t<meta property=\"og:image:type\" content=\"image\/jpeg\" \/>\n<meta name=\"author\" content=\"Jeanette\" \/>\n<meta name=\"twitter:card\" content=\"summary_large_image\" \/>\n<meta name=\"twitter:creator\" content=\"@eldiario_net\" \/>\n<meta name=\"twitter:site\" content=\"@eldiario_net\" \/>\n<meta name=\"twitter:label1\" content=\"Escrito por\" \/>\n\t<meta name=\"twitter:data1\" content=\"Jeanette\" \/>\n\t<meta name=\"twitter:label2\" content=\"Tiempo de lectura\" \/>\n\t<meta name=\"twitter:data2\" content=\"2 minutos\" \/>\n<script type=\"application\/ld+json\" class=\"yoast-schema-graph\">{\"@context\":\"https:\\\/\\\/schema.org\",\"@graph\":[{\"@type\":\"Article\",\"@id\":\"https:\\\/\\\/www.eldiario.net\\\/portal\\\/2024\\\/01\\\/11\\\/plantean-intervenir-el-chapare-para-evitar-escalada-de-violencia\\\/#article\",\"isPartOf\":{\"@id\":\"https:\\\/\\\/www.eldiario.net\\\/portal\\\/2024\\\/01\\\/11\\\/plantean-intervenir-el-chapare-para-evitar-escalada-de-violencia\\\/\"},\"author\":{\"name\":\"Jeanette\",\"@id\":\"https:\\\/\\\/www.eldiario.net\\\/portal\\\/#\\\/schema\\\/person\\\/f46445640444750d7d753ccd04ae01b7\"},\"headline\":\"Plantean intervenir el Chapare para evitar escalada de violencia\",\"datePublished\":\"2024-01-11T07:25:01+00:00\",\"mainEntityOfPage\":{\"@id\":\"https:\\\/\\\/www.eldiario.net\\\/portal\\\/2024\\\/01\\\/11\\\/plantean-intervenir-el-chapare-para-evitar-escalada-de-violencia\\\/\"},\"wordCount\":344,\"commentCount\":0,\"publisher\":{\"@id\":\"https:\\\/\\\/www.eldiario.net\\\/portal\\\/#organization\"},\"image\":{\"@id\":\"https:\\\/\\\/www.eldiario.net\\\/portal\\\/2024\\\/01\\\/11\\\/plantean-intervenir-el-chapare-para-evitar-escalada-de-violencia\\\/#primaryimage\"},\"thumbnailUrl\":\"https:\\\/\\\/www.eldiario.net\\\/portal\\\/wp-content\\\/uploads\\\/2024\\\/01\\\/INTERVENIR-FOTO-scaled.jpg\",\"articleSection\":[\"Portada\"],\"inLanguage\":\"es\",\"potentialAction\":[{\"@type\":\"CommentAction\",\"name\":\"Comment\",\"target\":[\"https:\\\/\\\/www.eldiario.net\\\/portal\\\/2024\\\/01\\\/11\\\/plantean-intervenir-el-chapare-para-evitar-escalada-de-violencia\\\/#respond\"]}]},{\"@type\":\"WebPage\",\"@id\":\"https:\\\/\\\/www.eldiario.net\\\/portal\\\/2024\\\/01\\\/11\\\/plantean-intervenir-el-chapare-para-evitar-escalada-de-violencia\\\/\",\"url\":\"https:\\\/\\\/www.eldiario.net\\\/portal\\\/2024\\\/01\\\/11\\\/plantean-intervenir-el-chapare-para-evitar-escalada-de-violencia\\\/\",\"name\":\"Plantean intervenir el Chapare para evitar escalada de violencia - El Diario - Bolivia\",\"isPartOf\":{\"@id\":\"https:\\\/\\\/www.eldiario.net\\\/portal\\\/#website\"},\"primaryImageOfPage\":{\"@id\":\"https:\\\/\\\/www.eldiario.net\\\/portal\\\/2024\\\/01\\\/11\\\/plantean-intervenir-el-chapare-para-evitar-escalada-de-violencia\\\/#primaryimage\"},\"image\":{\"@id\":\"https:\\\/\\\/www.eldiario.net\\\/portal\\\/2024\\\/01\\\/11\\\/plantean-intervenir-el-chapare-para-evitar-escalada-de-violencia\\\/#primaryimage\"},\"thumbnailUrl\":\"https:\\\/\\\/www.eldiario.net\\\/portal\\\/wp-content\\\/uploads\\\/2024\\\/01\\\/INTERVENIR-FOTO-scaled.jpg\",\"datePublished\":\"2024-01-11T07:25:01+00:00\",\"breadcrumb\":{\"@id\":\"https:\\\/\\\/www.eldiario.net\\\/portal\\\/2024\\\/01\\\/11\\\/plantean-intervenir-el-chapare-para-evitar-escalada-de-violencia\\\/#breadcrumb\"},\"inLanguage\":\"es\",\"potentialAction\":[{\"@type\":\"ReadAction\",\"target\":[\"https:\\\/\\\/www.eldiario.net\\\/portal\\\/2024\\\/01\\\/11\\\/plantean-intervenir-el-chapare-para-evitar-escalada-de-violencia\\\/\"]}]},{\"@type\":\"ImageObject\",\"inLanguage\":\"es\",\"@id\":\"https:\\\/\\\/www.eldiario.net\\\/portal\\\/2024\\\/01\\\/11\\\/plantean-intervenir-el-chapare-para-evitar-escalada-de-violencia\\\/#primaryimage\",\"url\":\"https:\\\/\\\/www.eldiario.net\\\/portal\\\/wp-content\\\/uploads\\\/2024\\\/01\\\/INTERVENIR-FOTO-scaled.jpg\",\"contentUrl\":\"https:\\\/\\\/www.eldiario.net\\\/portal\\\/wp-content\\\/uploads\\\/2024\\\/01\\\/INTERVENIR-FOTO-scaled.jpg\",\"width\":2560,\"height\":1182,\"caption\":\"Diputado Alberto Astorga (CC) CREDITOS \\\/ RRSS\"},{\"@type\":\"BreadcrumbList\",\"@id\":\"https:\\\/\\\/www.eldiario.net\\\/portal\\\/2024\\\/01\\\/11\\\/plantean-intervenir-el-chapare-para-evitar-escalada-de-violencia\\\/#breadcrumb\",\"itemListElement\":[{\"@type\":\"ListItem\",\"position\":1,\"name\":\"Portada\",\"item\":\"https:\\\/\\\/www.eldiario.net\\\/portal\\\/\"},{\"@type\":\"ListItem\",\"position\":2,\"name\":\"Plantean intervenir el Chapare para evitar escalada de violencia\"}]},{\"@type\":\"WebSite\",\"@id\":\"https:\\\/\\\/www.eldiario.net\\\/portal\\\/#website\",\"url\":\"https:\\\/\\\/www.eldiario.net\\\/portal\\\/\",\"name\":\"El Diario - Decano de la prensa nacional\",\"description\":\"El Diario - Decano de la prensa nacional\",\"publisher\":{\"@id\":\"https:\\\/\\\/www.eldiario.net\\\/portal\\\/#organization\"},\"potentialAction\":[{\"@type\":\"SearchAction\",\"target\":{\"@type\":\"EntryPoint\",\"urlTemplate\":\"https:\\\/\\\/www.eldiario.net\\\/portal\\\/?s={search_term_string}\"},\"query-input\":{\"@type\":\"PropertyValueSpecification\",\"valueRequired\":true,\"valueName\":\"search_term_string\"}}],\"inLanguage\":\"es\"},{\"@type\":\"Organization\",\"@id\":\"https:\\\/\\\/www.eldiario.net\\\/portal\\\/#organization\",\"name\":\"El Diario - Decano de la prensa nacional\",\"url\":\"https:\\\/\\\/www.eldiario.net\\\/portal\\\/\",\"logo\":{\"@type\":\"ImageObject\",\"inLanguage\":\"es\",\"@id\":\"https:\\\/\\\/www.eldiario.net\\\/portal\\\/#\\\/schema\\\/logo\\\/image\\\/\",\"url\":\"https:\\\/\\\/www.eldiario.net\\\/portal\\\/wp-content\\\/uploads\\\/2023\\\/07\\\/logo_ED.jpg\",\"contentUrl\":\"https:\\\/\\\/www.eldiario.net\\\/portal\\\/wp-content\\\/uploads\\\/2023\\\/07\\\/logo_ED.jpg\",\"width\":272,\"height\":52,\"caption\":\"El Diario - Decano de la prensa nacional\"},\"image\":{\"@id\":\"https:\\\/\\\/www.eldiario.net\\\/portal\\\/#\\\/schema\\\/logo\\\/image\\\/\"},\"sameAs\":[\"https:\\\/\\\/www.facebook.com\\\/eldiario.bolivia\\\/\",\"https:\\\/\\\/x.com\\\/eldiario_net\"]},{\"@type\":\"Person\",\"@id\":\"https:\\\/\\\/www.eldiario.net\\\/portal\\\/#\\\/schema\\\/person\\\/f46445640444750d7d753ccd04ae01b7\",\"name\":\"Jeanette\",\"image\":{\"@type\":\"ImageObject\",\"inLanguage\":\"es\",\"@id\":\"https:\\\/\\\/secure.gravatar.com\\\/avatar\\\/3ea2118a5f7dad2b7138b1187a6b7ee55f160b9968b66013c3a3ef39dd7e5798?s=96&d=mm&r=g\",\"url\":\"https:\\\/\\\/secure.gravatar.com\\\/avatar\\\/3ea2118a5f7dad2b7138b1187a6b7ee55f160b9968b66013c3a3ef39dd7e5798?s=96&d=mm&r=g\",\"contentUrl\":\"https:\\\/\\\/secure.gravatar.com\\\/avatar\\\/3ea2118a5f7dad2b7138b1187a6b7ee55f160b9968b66013c3a3ef39dd7e5798?s=96&d=mm&r=g\",\"caption\":\"Jeanette\"},\"sameAs\":[\"https:\\\/\\\/www.eldiario.net\\\/portal\"],\"url\":\"https:\\\/\\\/www.eldiario.net\\\/portal\\\/author\\\/jeanette\\\/\"}]}<\/script>\n<!-- \/ Yoast SEO plugin. -->","yoast_head_json":{"title":"Plantean intervenir el Chapare para evitar escalada de violencia - El Diario - Bolivia","robots":{"index":"index","follow":"follow","max-snippet":"max-snippet:-1","max-image-preview":"max-image-preview:large","max-video-preview":"max-video-preview:-1"},"canonical":"https:\/\/www.eldiario.net\/portal\/2024\/01\/11\/plantean-intervenir-el-chapare-para-evitar-escalada-de-violencia\/","og_locale":"es_ES","og_type":"article","og_title":"Plantean intervenir el Chapare para evitar escalada de violencia - El Diario - Bolivia","og_description":"Asegurando que es necesario asumir medidas preventivas para evitar escenarios de violencia similares a los registrados en Ecuador, el diputado por Comunidad Ciudadana (CC), Alberto Astorga, pidi\u00f3 a autoridades nacionales seguir el ejemplo de sus pares ecuatorianos y ordenar una militarizaci\u00f3n del tr\u00f3pico para luchar contra actividades il\u00edcitas como el narcotr\u00e1fico de manera frontal. Advirtiendo [&hellip;]","og_url":"https:\/\/www.eldiario.net\/portal\/2024\/01\/11\/plantean-intervenir-el-chapare-para-evitar-escalada-de-violencia\/","og_site_name":"El Diario - Bolivia","article_publisher":"https:\/\/www.facebook.com\/eldiario.bolivia\/","article_published_time":"2024-01-11T07:25:01+00:00","og_image":[{"width":2560,"height":1182,"url":"https:\/\/www.eldiario.net\/portal\/wp-content\/uploads\/2024\/01\/INTERVENIR-FOTO-scaled.jpg","type":"image\/jpeg"}],"author":"Jeanette","twitter_card":"summary_large_image","twitter_creator":"@eldiario_net","twitter_site":"@eldiario_net","twitter_misc":{"Escrito por":"Jeanette","Tiempo de lectura":"2 minutos"},"schema":{"@context":"https:\/\/schema.org","@graph":[{"@type":"Article","@id":"https:\/\/www.eldiario.net\/portal\/2024\/01\/11\/plantean-intervenir-el-chapare-para-evitar-escalada-de-violencia\/#article","isPartOf":{"@id":"https:\/\/www.eldiario.net\/portal\/2024\/01\/11\/plantean-intervenir-el-chapare-para-evitar-escalada-de-violencia\/"},"author":{"name":"Jeanette","@id":"https:\/\/www.eldiario.net\/portal\/#\/schema\/person\/f46445640444750d7d753ccd04ae01b7"},"headline":"Plantean intervenir el Chapare para evitar escalada de violencia","datePublished":"2024-01-11T07:25:01+00:00","mainEntityOfPage":{"@id":"https:\/\/www.eldiario.net\/portal\/2024\/01\/11\/plantean-intervenir-el-chapare-para-evitar-escalada-de-violencia\/"},"wordCount":344,"commentCount":0,"publisher":{"@id":"https:\/\/www.eldiario.net\/portal\/#organization"},"image":{"@id":"https:\/\/www.eldiario.net\/portal\/2024\/01\/11\/plantean-intervenir-el-chapare-para-evitar-escalada-de-violencia\/#primaryimage"},"thumbnailUrl":"https:\/\/www.eldiario.net\/portal\/wp-content\/uploads\/2024\/01\/INTERVENIR-FOTO-scaled.jpg","articleSection":["Portada"],"inLanguage":"es","potentialAction":[{"@type":"CommentAction","name":"Comment","target":["https:\/\/www.eldiario.net\/portal\/2024\/01\/11\/plantean-intervenir-el-chapare-para-evitar-escalada-de-violencia\/#respond"]}]},{"@type":"WebPage","@id":"https:\/\/www.eldiario.net\/portal\/2024\/01\/11\/plantean-intervenir-el-chapare-para-evitar-escalada-de-violencia\/","url":"https:\/\/www.eldiario.net\/portal\/2024\/01\/11\/plantean-intervenir-el-chapare-para-evitar-escalada-de-violencia\/","name":"Plantean intervenir el Chapare para evitar escalada de violencia - El Diario - Bolivia","isPartOf":{"@id":"https:\/\/www.eldiario.net\/portal\/#website"},"primaryImageOfPage":{"@id":"https:\/\/www.eldiario.net\/portal\/2024\/01\/11\/plantean-intervenir-el-chapare-para-evitar-escalada-de-violencia\/#primaryimage"},"image":{"@id":"https:\/\/www.eldiario.net\/portal\/2024\/01\/11\/plantean-intervenir-el-chapare-para-evitar-escalada-de-violencia\/#primaryimage"},"thumbnailUrl":"https:\/\/www.eldiario.net\/portal\/wp-content\/uploads\/2024\/01\/INTERVENIR-FOTO-scaled.jpg","datePublished":"2024-01-11T07:25:01+00:00","breadcrumb":{"@id":"https:\/\/www.eldiario.net\/portal\/2024\/01\/11\/plantean-intervenir-el-chapare-para-evitar-escalada-de-violencia\/#breadcrumb"},"inLanguage":"es","potentialAction":[{"@type":"ReadAction","target":["https:\/\/www.eldiario.net\/portal\/2024\/01\/11\/plantean-intervenir-el-chapare-para-evitar-escalada-de-violencia\/"]}]},{"@type":"ImageObject","inLanguage":"es","@id":"https:\/\/www.eldiario.net\/portal\/2024\/01\/11\/plantean-intervenir-el-chapare-para-evitar-escalada-de-violencia\/#primaryimage","url":"https:\/\/www.eldiario.net\/portal\/wp-content\/uploads\/2024\/01\/INTERVENIR-FOTO-scaled.jpg","contentUrl":"https:\/\/www.eldiario.net\/portal\/wp-content\/uploads\/2024\/01\/INTERVENIR-FOTO-scaled.jpg","width":2560,"height":1182,"caption":"Diputado Alberto Astorga (CC) CREDITOS \/ RRSS"},{"@type":"BreadcrumbList","@id":"https:\/\/www.eldiario.net\/portal\/2024\/01\/11\/plantean-intervenir-el-chapare-para-evitar-escalada-de-violencia\/#breadcrumb","itemListElement":[{"@type":"ListItem","position":1,"name":"Portada","item":"https:\/\/www.eldiario.net\/portal\/"},{"@type":"ListItem","position":2,"name":"Plantean intervenir el Chapare para evitar escalada de violencia"}]},{"@type":"WebSite","@id":"https:\/\/www.eldiario.net\/portal\/#website","url":"https:\/\/www.eldiario.net\/portal\/","name":"El Diario - Decano de la prensa nacional","description":"El Diario - Decano de la prensa nacional","publisher":{"@id":"https:\/\/www.eldiario.net\/portal\/#organization"},"potentialAction":[{"@type":"SearchAction","target":{"@type":"EntryPoint","urlTemplate":"https:\/\/www.eldiario.net\/portal\/?s={search_term_string}"},"query-input":{"@type":"PropertyValueSpecification","valueRequired":true,"valueName":"search_term_string"}}],"inLanguage":"es"},{"@type":"Organization","@id":"https:\/\/www.eldiario.net\/portal\/#organization","name":"El Diario - Decano de la prensa nacional","url":"https:\/\/www.eldiario.net\/portal\/","logo":{"@type":"ImageObject","inLanguage":"es","@id":"https:\/\/www.eldiario.net\/portal\/#\/schema\/logo\/image\/","url":"https:\/\/www.eldiario.net\/portal\/wp-content\/uploads\/2023\/07\/logo_ED.jpg","contentUrl":"https:\/\/www.eldiario.net\/portal\/wp-content\/uploads\/2023\/07\/logo_ED.jpg","width":272,"height":52,"caption":"El Diario - Decano de la prensa nacional"},"image":{"@id":"https:\/\/www.eldiario.net\/portal\/#\/schema\/logo\/image\/"},"sameAs":["https:\/\/www.facebook.com\/eldiario.bolivia\/","https:\/\/x.com\/eldiario_net"]},{"@type":"Person","@id":"https:\/\/www.eldiario.net\/portal\/#\/schema\/person\/f46445640444750d7d753ccd04ae01b7","name":"Jeanette","image":{"@type":"ImageObject","inLanguage":"es","@id":"https:\/\/secure.gravatar.com\/avatar\/3ea2118a5f7dad2b7138b1187a6b7ee55f160b9968b66013c3a3ef39dd7e5798?s=96&d=mm&r=g","url":"https:\/\/secure.gravatar.com\/avatar\/3ea2118a5f7dad2b7138b1187a6b7ee55f160b9968b66013c3a3ef39dd7e5798?s=96&d=mm&r=g","contentUrl":"https:\/\/secure.gravatar.com\/avatar\/3ea2118a5f7dad2b7138b1187a6b7ee55f160b9968b66013c3a3ef39dd7e5798?s=96&d=mm&r=g","caption":"Jeanette"},"sameAs":["https:\/\/www.eldiario.net\/portal"],"url":"https:\/\/www.eldiario.net\/portal\/author\/jeanette\/"}]}},"_links":{"self":[{"href":"https:\/\/www.eldiario.net\/portal\/wp-json\/wp\/v2\/posts\/197102","targetHints":{"allow":["GET"]}}],"collection":[{"href":"https:\/\/www.eldiario.net\/portal\/wp-json\/wp\/v2\/posts"}],"about":[{"href":"https:\/\/www.eldiario.net\/portal\/wp-json\/wp\/v2\/types\/post"}],"author":[{"embeddable":true,"href":"https:\/\/www.eldiario.net\/portal\/wp-json\/wp\/v2\/users\/1"}],"replies":[{"embeddable":true,"href":"https:\/\/www.eldiario.net\/portal\/wp-json\/wp\/v2\/comments?post=197102"}],"version-history":[{"count":2,"href":"https:\/\/www.eldiario.net\/portal\/wp-json\/wp\/v2\/posts\/197102\/revisions"}],"predecessor-version":[{"id":197105,"href":"https:\/\/www.eldiario.net\/portal\/wp-json\/wp\/v2\/posts\/197102\/revisions\/197105"}],"wp:featuredmedia":[{"embeddable":true,"href":"https:\/\/www.eldiario.net\/portal\/wp-json\/wp\/v2\/media\/197103"}],"wp:attachment":[{"href":"https:\/\/www.eldiario.net\/portal\/wp-json\/wp\/v2\/media?parent=197102"}],"wp:term":[{"taxonomy":"category","embeddable":true,"href":"https:\/\/www.eldiario.net\/portal\/wp-json\/wp\/v2\/categories?post=197102"},{"taxonomy":"post_tag","embeddable":true,"href":"https:\/\/www.eldiario.net\/portal\/wp-json\/wp\/v2\/tags?post=197102"}],"curies":[{"name":"wp","href":"https:\/\/api.w.org\/{rel}","templated":true}]}}