{"id":197099,"date":"2024-01-11T03:24:17","date_gmt":"2024-01-11T07:24:17","guid":{"rendered":"https:\/\/www.eldiario.net\/portal\/?p=197099"},"modified":"2024-01-11T03:24:17","modified_gmt":"2024-01-11T07:24:17","slug":"marco-jaimes-elegido-nuevo-presidente-del-tsj","status":"publish","type":"post","link":"https:\/\/www.eldiario.net\/portal\/2024\/01\/11\/marco-jaimes-elegido-nuevo-presidente-del-tsj\/","title":{"rendered":"Marco Jaimes elegido nuevo presidente del TSJ"},"content":{"rendered":"<p>El magistrado, Marco Ernesto Jaimes Molina, fue elegido nuevo Presidente del Tribunal Supremo de Justicia (TSJ) por unanimidad. El orure\u00f1o se comprometi\u00f3 a \u201cmejorar la impartici\u00f3n de justicia\u201d en su nueva gesti\u00f3n.<\/p>\n<p>En medio de la pr\u00f3rroga de autoridades judiciales de Bolivia, La decisi\u00f3n fue tomada de manera un\u00e1nime por los asistentes de Sala Plena, seg\u00fan inform\u00f3 la Agencia Judicial de Noticias (AJN).<\/p>\n<p>La nueva autoridad expres\u00f3 que estar\u00e1 comprometida a trabajar para mejorar la calidad de la justicia en nuestro pa\u00eds.<\/p>\n<p>Marco Ernesto Jaimes Molina desempe\u00f1\u00f3 funciones como docente en la Universidad T\u00e9cnica de Oruro (UTO) y posteriormente destac\u00f3 como juez y vocal en la Corte Superior de Distrito Judicial de la misma ciudad. Es parte del grupo de autoridades judiciales cuyo mandato fue prorrogado.<\/p>\n<p>La elecci\u00f3n se llev\u00f3 a cabo luego de la renuncia del magistrado Ricardo Torres, quien puso el cargo a disposici\u00f3n de Sala Plena el pasado 29 de diciembre de 2023, luego de cumplir el mandato estipulado de seis a\u00f1os.<\/p>\n<p>No obstante, la Sala Plena del Tribunal Constitucional Plurinacional descart\u00f3 la idea de suspender los plazos procesales de todos los expedientes desde el 2 de enero. Es por ello que resolvi\u00f3 dejar en sus cargos a las actuales autoridades judiciales.<\/p>\n<p>Luego, el Tribunal Supremo de Justicia (TSJ) se hab\u00eda aprestado a cambiar de presidente desde el pasado lunes 8 de enero, como continuidad a la conclusi\u00f3n del mandato de Torres. Seg\u00fan la instituci\u00f3n inform\u00f3 aquel d\u00eda, la nueva autoridad iba a elegirse hasta la semana entrante.<\/p>\n<p>Se conoci\u00f3 que nueve magistrados ten\u00edan la mayor posibilidad de ser electos, pero finalmente Esteban Miranda, de Cochabamba; y Marcos Jaimes, de Oruro, eran los dos principales candidatos a reemplazar a Torres, de Pando, seg\u00fan informaron fuentes extraoficiales.<\/p>\n<p>NULIDAD<\/p>\n<p>El expresidente de Bolivia, Eduardo Rodr\u00edguez Veltz\u00e9 en sus redes sociales al respecto asegur\u00f3 que una vez fenecido al tiempo de mandato legal de los ahora exmagistrados, \u201ctodo acto es nulo\u201d.<\/p>\n<p>\u201cCesados en sus funciones por cumplimiento de mandato, los actos de los exmagistrados, incluido el nombramiento de M. Jaimes son nulos\u201d, escribi\u00f3.<\/p>\n<p>(Agencias)<\/p>\n","protected":false},"excerpt":{"rendered":"<p>El magistrado, Marco Ernesto Jaimes Molina, fue elegido nuevo Presidente del Tribunal Supremo de Justicia (TSJ) por unanimidad. El orure\u00f1o se comprometi\u00f3 a \u201cmejorar la impartici\u00f3n de justicia\u201d en su nueva gesti\u00f3n. En medio de la pr\u00f3rroga de autoridades judiciales de Bolivia, La decisi\u00f3n fue tomada de manera un\u00e1nime por los asistentes de Sala Plena, [&hellip;]<\/p>\n","protected":false},"author":1,"featured_media":197100,"comment_status":"open","ping_status":"open","sticky":false,"template":"","format":"standard","meta":{"_acf_changed":false,"footnotes":""},"categories":[15],"tags":[],"class_list":["post-197099","post","type-post","status-publish","format-standard","has-post-thumbnail","category-portada"],"acf":{"antetitulo":"Nombramiento es nulo afirma Eduardo Rodr\u00edguez Velz\u00e9"},"yoast_head":"<!-- This site is optimized with the Yoast SEO plugin v28.4 - https:\/\/yoast.com\/product\/yoast-seo-wordpress\/ -->\n<title>Marco Jaimes elegido nuevo presidente del TSJ - El Diario - Bolivia<\/title>\n<meta name=\"robots\" content=\"index, follow, max-snippet:-1, max-image-preview:large, max-video-preview:-1\" \/>\n<link rel=\"canonical\" href=\"https:\/\/www.eldiario.net\/portal\/2024\/01\/11\/marco-jaimes-elegido-nuevo-presidente-del-tsj\/\" \/>\n<meta property=\"og:locale\" content=\"es_ES\" \/>\n<meta property=\"og:type\" content=\"article\" \/>\n<meta property=\"og:title\" content=\"Marco Jaimes elegido nuevo presidente del TSJ - El Diario - Bolivia\" \/>\n<meta property=\"og:description\" content=\"El magistrado, Marco Ernesto Jaimes Molina, fue elegido nuevo Presidente del Tribunal Supremo de Justicia (TSJ) por unanimidad. El orure\u00f1o se comprometi\u00f3 a \u201cmejorar la impartici\u00f3n de justicia\u201d en su nueva gesti\u00f3n. En medio de la pr\u00f3rroga de autoridades judiciales de Bolivia, La decisi\u00f3n fue tomada de manera un\u00e1nime por los asistentes de Sala Plena, [&hellip;]\" \/>\n<meta property=\"og:url\" content=\"https:\/\/www.eldiario.net\/portal\/2024\/01\/11\/marco-jaimes-elegido-nuevo-presidente-del-tsj\/\" \/>\n<meta property=\"og:site_name\" content=\"El Diario - Bolivia\" \/>\n<meta property=\"article:publisher\" content=\"https:\/\/www.facebook.com\/eldiario.bolivia\/\" \/>\n<meta property=\"article:published_time\" content=\"2024-01-11T07:24:17+00:00\" \/>\n<meta property=\"og:image\" content=\"https:\/\/www.eldiario.net\/portal\/wp-content\/uploads\/2024\/01\/JAIMES-FOTO.jpg\" \/>\n\t<meta property=\"og:image:width\" content=\"1131\" \/>\n\t<meta property=\"og:image:height\" content=\"925\" \/>\n\t<meta property=\"og:image:type\" content=\"image\/jpeg\" \/>\n<meta name=\"author\" content=\"Jeanette\" \/>\n<meta name=\"twitter:card\" content=\"summary_large_image\" \/>\n<meta name=\"twitter:creator\" content=\"@eldiario_net\" \/>\n<meta name=\"twitter:site\" content=\"@eldiario_net\" \/>\n<meta name=\"twitter:label1\" content=\"Escrito por\" \/>\n\t<meta name=\"twitter:data1\" content=\"Jeanette\" \/>\n\t<meta name=\"twitter:label2\" content=\"Tiempo de lectura\" \/>\n\t<meta name=\"twitter:data2\" content=\"2 minutos\" \/>\n<script type=\"application\/ld+json\" class=\"yoast-schema-graph\">{\"@context\":\"https:\\\/\\\/schema.org\",\"@graph\":[{\"@type\":\"Article\",\"@id\":\"https:\\\/\\\/www.eldiario.net\\\/portal\\\/2024\\\/01\\\/11\\\/marco-jaimes-elegido-nuevo-presidente-del-tsj\\\/#article\",\"isPartOf\":{\"@id\":\"https:\\\/\\\/www.eldiario.net\\\/portal\\\/2024\\\/01\\\/11\\\/marco-jaimes-elegido-nuevo-presidente-del-tsj\\\/\"},\"author\":{\"name\":\"Jeanette\",\"@id\":\"https:\\\/\\\/www.eldiario.net\\\/portal\\\/#\\\/schema\\\/person\\\/f46445640444750d7d753ccd04ae01b7\"},\"headline\":\"Marco Jaimes elegido nuevo presidente del TSJ\",\"datePublished\":\"2024-01-11T07:24:17+00:00\",\"mainEntityOfPage\":{\"@id\":\"https:\\\/\\\/www.eldiario.net\\\/portal\\\/2024\\\/01\\\/11\\\/marco-jaimes-elegido-nuevo-presidente-del-tsj\\\/\"},\"wordCount\":367,\"commentCount\":0,\"publisher\":{\"@id\":\"https:\\\/\\\/www.eldiario.net\\\/portal\\\/#organization\"},\"image\":{\"@id\":\"https:\\\/\\\/www.eldiario.net\\\/portal\\\/2024\\\/01\\\/11\\\/marco-jaimes-elegido-nuevo-presidente-del-tsj\\\/#primaryimage\"},\"thumbnailUrl\":\"https:\\\/\\\/www.eldiario.net\\\/portal\\\/wp-content\\\/uploads\\\/2024\\\/01\\\/JAIMES-FOTO.jpg\",\"articleSection\":[\"Portada\"],\"inLanguage\":\"es\",\"potentialAction\":[{\"@type\":\"CommentAction\",\"name\":\"Comment\",\"target\":[\"https:\\\/\\\/www.eldiario.net\\\/portal\\\/2024\\\/01\\\/11\\\/marco-jaimes-elegido-nuevo-presidente-del-tsj\\\/#respond\"]}]},{\"@type\":\"WebPage\",\"@id\":\"https:\\\/\\\/www.eldiario.net\\\/portal\\\/2024\\\/01\\\/11\\\/marco-jaimes-elegido-nuevo-presidente-del-tsj\\\/\",\"url\":\"https:\\\/\\\/www.eldiario.net\\\/portal\\\/2024\\\/01\\\/11\\\/marco-jaimes-elegido-nuevo-presidente-del-tsj\\\/\",\"name\":\"Marco Jaimes elegido nuevo presidente del TSJ - El Diario - Bolivia\",\"isPartOf\":{\"@id\":\"https:\\\/\\\/www.eldiario.net\\\/portal\\\/#website\"},\"primaryImageOfPage\":{\"@id\":\"https:\\\/\\\/www.eldiario.net\\\/portal\\\/2024\\\/01\\\/11\\\/marco-jaimes-elegido-nuevo-presidente-del-tsj\\\/#primaryimage\"},\"image\":{\"@id\":\"https:\\\/\\\/www.eldiario.net\\\/portal\\\/2024\\\/01\\\/11\\\/marco-jaimes-elegido-nuevo-presidente-del-tsj\\\/#primaryimage\"},\"thumbnailUrl\":\"https:\\\/\\\/www.eldiario.net\\\/portal\\\/wp-content\\\/uploads\\\/2024\\\/01\\\/JAIMES-FOTO.jpg\",\"datePublished\":\"2024-01-11T07:24:17+00:00\",\"breadcrumb\":{\"@id\":\"https:\\\/\\\/www.eldiario.net\\\/portal\\\/2024\\\/01\\\/11\\\/marco-jaimes-elegido-nuevo-presidente-del-tsj\\\/#breadcrumb\"},\"inLanguage\":\"es\",\"potentialAction\":[{\"@type\":\"ReadAction\",\"target\":[\"https:\\\/\\\/www.eldiario.net\\\/portal\\\/2024\\\/01\\\/11\\\/marco-jaimes-elegido-nuevo-presidente-del-tsj\\\/\"]}]},{\"@type\":\"ImageObject\",\"inLanguage\":\"es\",\"@id\":\"https:\\\/\\\/www.eldiario.net\\\/portal\\\/2024\\\/01\\\/11\\\/marco-jaimes-elegido-nuevo-presidente-del-tsj\\\/#primaryimage\",\"url\":\"https:\\\/\\\/www.eldiario.net\\\/portal\\\/wp-content\\\/uploads\\\/2024\\\/01\\\/JAIMES-FOTO.jpg\",\"contentUrl\":\"https:\\\/\\\/www.eldiario.net\\\/portal\\\/wp-content\\\/uploads\\\/2024\\\/01\\\/JAIMES-FOTO.jpg\",\"width\":1131,\"height\":925,\"caption\":\"Marco Ernesto Jaimes Molina luego de asumir la presidencia del TSJ. Foto: AJN\"},{\"@type\":\"BreadcrumbList\",\"@id\":\"https:\\\/\\\/www.eldiario.net\\\/portal\\\/2024\\\/01\\\/11\\\/marco-jaimes-elegido-nuevo-presidente-del-tsj\\\/#breadcrumb\",\"itemListElement\":[{\"@type\":\"ListItem\",\"position\":1,\"name\":\"Portada\",\"item\":\"https:\\\/\\\/www.eldiario.net\\\/portal\\\/\"},{\"@type\":\"ListItem\",\"position\":2,\"name\":\"Marco Jaimes elegido nuevo presidente del TSJ\"}]},{\"@type\":\"WebSite\",\"@id\":\"https:\\\/\\\/www.eldiario.net\\\/portal\\\/#website\",\"url\":\"https:\\\/\\\/www.eldiario.net\\\/portal\\\/\",\"name\":\"El Diario - Decano de la prensa nacional\",\"description\":\"El Diario - Decano de la prensa nacional\",\"publisher\":{\"@id\":\"https:\\\/\\\/www.eldiario.net\\\/portal\\\/#organization\"},\"potentialAction\":[{\"@type\":\"SearchAction\",\"target\":{\"@type\":\"EntryPoint\",\"urlTemplate\":\"https:\\\/\\\/www.eldiario.net\\\/portal\\\/?s={search_term_string}\"},\"query-input\":{\"@type\":\"PropertyValueSpecification\",\"valueRequired\":true,\"valueName\":\"search_term_string\"}}],\"inLanguage\":\"es\"},{\"@type\":\"Organization\",\"@id\":\"https:\\\/\\\/www.eldiario.net\\\/portal\\\/#organization\",\"name\":\"El Diario - Decano de la prensa nacional\",\"url\":\"https:\\\/\\\/www.eldiario.net\\\/portal\\\/\",\"logo\":{\"@type\":\"ImageObject\",\"inLanguage\":\"es\",\"@id\":\"https:\\\/\\\/www.eldiario.net\\\/portal\\\/#\\\/schema\\\/logo\\\/image\\\/\",\"url\":\"https:\\\/\\\/www.eldiario.net\\\/portal\\\/wp-content\\\/uploads\\\/2023\\\/07\\\/logo_ED.jpg\",\"contentUrl\":\"https:\\\/\\\/www.eldiario.net\\\/portal\\\/wp-content\\\/uploads\\\/2023\\\/07\\\/logo_ED.jpg\",\"width\":272,\"height\":52,\"caption\":\"El Diario - Decano de la prensa nacional\"},\"image\":{\"@id\":\"https:\\\/\\\/www.eldiario.net\\\/portal\\\/#\\\/schema\\\/logo\\\/image\\\/\"},\"sameAs\":[\"https:\\\/\\\/www.facebook.com\\\/eldiario.bolivia\\\/\",\"https:\\\/\\\/x.com\\\/eldiario_net\"]},{\"@type\":\"Person\",\"@id\":\"https:\\\/\\\/www.eldiario.net\\\/portal\\\/#\\\/schema\\\/person\\\/f46445640444750d7d753ccd04ae01b7\",\"name\":\"Jeanette\",\"image\":{\"@type\":\"ImageObject\",\"inLanguage\":\"es\",\"@id\":\"https:\\\/\\\/secure.gravatar.com\\\/avatar\\\/3ea2118a5f7dad2b7138b1187a6b7ee55f160b9968b66013c3a3ef39dd7e5798?s=96&d=mm&r=g\",\"url\":\"https:\\\/\\\/secure.gravatar.com\\\/avatar\\\/3ea2118a5f7dad2b7138b1187a6b7ee55f160b9968b66013c3a3ef39dd7e5798?s=96&d=mm&r=g\",\"contentUrl\":\"https:\\\/\\\/secure.gravatar.com\\\/avatar\\\/3ea2118a5f7dad2b7138b1187a6b7ee55f160b9968b66013c3a3ef39dd7e5798?s=96&d=mm&r=g\",\"caption\":\"Jeanette\"},\"sameAs\":[\"https:\\\/\\\/www.eldiario.net\\\/portal\"],\"url\":\"https:\\\/\\\/www.eldiario.net\\\/portal\\\/author\\\/jeanette\\\/\"}]}<\/script>\n<!-- \/ Yoast SEO plugin. -->","yoast_head_json":{"title":"Marco Jaimes elegido nuevo presidente del TSJ - El Diario - Bolivia","robots":{"index":"index","follow":"follow","max-snippet":"max-snippet:-1","max-image-preview":"max-image-preview:large","max-video-preview":"max-video-preview:-1"},"canonical":"https:\/\/www.eldiario.net\/portal\/2024\/01\/11\/marco-jaimes-elegido-nuevo-presidente-del-tsj\/","og_locale":"es_ES","og_type":"article","og_title":"Marco Jaimes elegido nuevo presidente del TSJ - El Diario - Bolivia","og_description":"El magistrado, Marco Ernesto Jaimes Molina, fue elegido nuevo Presidente del Tribunal Supremo de Justicia (TSJ) por unanimidad. El orure\u00f1o se comprometi\u00f3 a \u201cmejorar la impartici\u00f3n de justicia\u201d en su nueva gesti\u00f3n. En medio de la pr\u00f3rroga de autoridades judiciales de Bolivia, La decisi\u00f3n fue tomada de manera un\u00e1nime por los asistentes de Sala Plena, [&hellip;]","og_url":"https:\/\/www.eldiario.net\/portal\/2024\/01\/11\/marco-jaimes-elegido-nuevo-presidente-del-tsj\/","og_site_name":"El Diario - Bolivia","article_publisher":"https:\/\/www.facebook.com\/eldiario.bolivia\/","article_published_time":"2024-01-11T07:24:17+00:00","og_image":[{"width":1131,"height":925,"url":"https:\/\/www.eldiario.net\/portal\/wp-content\/uploads\/2024\/01\/JAIMES-FOTO.jpg","type":"image\/jpeg"}],"author":"Jeanette","twitter_card":"summary_large_image","twitter_creator":"@eldiario_net","twitter_site":"@eldiario_net","twitter_misc":{"Escrito por":"Jeanette","Tiempo de lectura":"2 minutos"},"schema":{"@context":"https:\/\/schema.org","@graph":[{"@type":"Article","@id":"https:\/\/www.eldiario.net\/portal\/2024\/01\/11\/marco-jaimes-elegido-nuevo-presidente-del-tsj\/#article","isPartOf":{"@id":"https:\/\/www.eldiario.net\/portal\/2024\/01\/11\/marco-jaimes-elegido-nuevo-presidente-del-tsj\/"},"author":{"name":"Jeanette","@id":"https:\/\/www.eldiario.net\/portal\/#\/schema\/person\/f46445640444750d7d753ccd04ae01b7"},"headline":"Marco Jaimes elegido nuevo presidente del TSJ","datePublished":"2024-01-11T07:24:17+00:00","mainEntityOfPage":{"@id":"https:\/\/www.eldiario.net\/portal\/2024\/01\/11\/marco-jaimes-elegido-nuevo-presidente-del-tsj\/"},"wordCount":367,"commentCount":0,"publisher":{"@id":"https:\/\/www.eldiario.net\/portal\/#organization"},"image":{"@id":"https:\/\/www.eldiario.net\/portal\/2024\/01\/11\/marco-jaimes-elegido-nuevo-presidente-del-tsj\/#primaryimage"},"thumbnailUrl":"https:\/\/www.eldiario.net\/portal\/wp-content\/uploads\/2024\/01\/JAIMES-FOTO.jpg","articleSection":["Portada"],"inLanguage":"es","potentialAction":[{"@type":"CommentAction","name":"Comment","target":["https:\/\/www.eldiario.net\/portal\/2024\/01\/11\/marco-jaimes-elegido-nuevo-presidente-del-tsj\/#respond"]}]},{"@type":"WebPage","@id":"https:\/\/www.eldiario.net\/portal\/2024\/01\/11\/marco-jaimes-elegido-nuevo-presidente-del-tsj\/","url":"https:\/\/www.eldiario.net\/portal\/2024\/01\/11\/marco-jaimes-elegido-nuevo-presidente-del-tsj\/","name":"Marco Jaimes elegido nuevo presidente del TSJ - El Diario - Bolivia","isPartOf":{"@id":"https:\/\/www.eldiario.net\/portal\/#website"},"primaryImageOfPage":{"@id":"https:\/\/www.eldiario.net\/portal\/2024\/01\/11\/marco-jaimes-elegido-nuevo-presidente-del-tsj\/#primaryimage"},"image":{"@id":"https:\/\/www.eldiario.net\/portal\/2024\/01\/11\/marco-jaimes-elegido-nuevo-presidente-del-tsj\/#primaryimage"},"thumbnailUrl":"https:\/\/www.eldiario.net\/portal\/wp-content\/uploads\/2024\/01\/JAIMES-FOTO.jpg","datePublished":"2024-01-11T07:24:17+00:00","breadcrumb":{"@id":"https:\/\/www.eldiario.net\/portal\/2024\/01\/11\/marco-jaimes-elegido-nuevo-presidente-del-tsj\/#breadcrumb"},"inLanguage":"es","potentialAction":[{"@type":"ReadAction","target":["https:\/\/www.eldiario.net\/portal\/2024\/01\/11\/marco-jaimes-elegido-nuevo-presidente-del-tsj\/"]}]},{"@type":"ImageObject","inLanguage":"es","@id":"https:\/\/www.eldiario.net\/portal\/2024\/01\/11\/marco-jaimes-elegido-nuevo-presidente-del-tsj\/#primaryimage","url":"https:\/\/www.eldiario.net\/portal\/wp-content\/uploads\/2024\/01\/JAIMES-FOTO.jpg","contentUrl":"https:\/\/www.eldiario.net\/portal\/wp-content\/uploads\/2024\/01\/JAIMES-FOTO.jpg","width":1131,"height":925,"caption":"Marco Ernesto Jaimes Molina luego de asumir la presidencia del TSJ. Foto: AJN"},{"@type":"BreadcrumbList","@id":"https:\/\/www.eldiario.net\/portal\/2024\/01\/11\/marco-jaimes-elegido-nuevo-presidente-del-tsj\/#breadcrumb","itemListElement":[{"@type":"ListItem","position":1,"name":"Portada","item":"https:\/\/www.eldiario.net\/portal\/"},{"@type":"ListItem","position":2,"name":"Marco Jaimes elegido nuevo presidente del TSJ"}]},{"@type":"WebSite","@id":"https:\/\/www.eldiario.net\/portal\/#website","url":"https:\/\/www.eldiario.net\/portal\/","name":"El Diario - Decano de la prensa nacional","description":"El Diario - Decano de la prensa nacional","publisher":{"@id":"https:\/\/www.eldiario.net\/portal\/#organization"},"potentialAction":[{"@type":"SearchAction","target":{"@type":"EntryPoint","urlTemplate":"https:\/\/www.eldiario.net\/portal\/?s={search_term_string}"},"query-input":{"@type":"PropertyValueSpecification","valueRequired":true,"valueName":"search_term_string"}}],"inLanguage":"es"},{"@type":"Organization","@id":"https:\/\/www.eldiario.net\/portal\/#organization","name":"El Diario - Decano de la prensa nacional","url":"https:\/\/www.eldiario.net\/portal\/","logo":{"@type":"ImageObject","inLanguage":"es","@id":"https:\/\/www.eldiario.net\/portal\/#\/schema\/logo\/image\/","url":"https:\/\/www.eldiario.net\/portal\/wp-content\/uploads\/2023\/07\/logo_ED.jpg","contentUrl":"https:\/\/www.eldiario.net\/portal\/wp-content\/uploads\/2023\/07\/logo_ED.jpg","width":272,"height":52,"caption":"El Diario - Decano de la prensa nacional"},"image":{"@id":"https:\/\/www.eldiario.net\/portal\/#\/schema\/logo\/image\/"},"sameAs":["https:\/\/www.facebook.com\/eldiario.bolivia\/","https:\/\/x.com\/eldiario_net"]},{"@type":"Person","@id":"https:\/\/www.eldiario.net\/portal\/#\/schema\/person\/f46445640444750d7d753ccd04ae01b7","name":"Jeanette","image":{"@type":"ImageObject","inLanguage":"es","@id":"https:\/\/secure.gravatar.com\/avatar\/3ea2118a5f7dad2b7138b1187a6b7ee55f160b9968b66013c3a3ef39dd7e5798?s=96&d=mm&r=g","url":"https:\/\/secure.gravatar.com\/avatar\/3ea2118a5f7dad2b7138b1187a6b7ee55f160b9968b66013c3a3ef39dd7e5798?s=96&d=mm&r=g","contentUrl":"https:\/\/secure.gravatar.com\/avatar\/3ea2118a5f7dad2b7138b1187a6b7ee55f160b9968b66013c3a3ef39dd7e5798?s=96&d=mm&r=g","caption":"Jeanette"},"sameAs":["https:\/\/www.eldiario.net\/portal"],"url":"https:\/\/www.eldiario.net\/portal\/author\/jeanette\/"}]}},"_links":{"self":[{"href":"https:\/\/www.eldiario.net\/portal\/wp-json\/wp\/v2\/posts\/197099","targetHints":{"allow":["GET"]}}],"collection":[{"href":"https:\/\/www.eldiario.net\/portal\/wp-json\/wp\/v2\/posts"}],"about":[{"href":"https:\/\/www.eldiario.net\/portal\/wp-json\/wp\/v2\/types\/post"}],"author":[{"embeddable":true,"href":"https:\/\/www.eldiario.net\/portal\/wp-json\/wp\/v2\/users\/1"}],"replies":[{"embeddable":true,"href":"https:\/\/www.eldiario.net\/portal\/wp-json\/wp\/v2\/comments?post=197099"}],"version-history":[{"count":1,"href":"https:\/\/www.eldiario.net\/portal\/wp-json\/wp\/v2\/posts\/197099\/revisions"}],"predecessor-version":[{"id":197101,"href":"https:\/\/www.eldiario.net\/portal\/wp-json\/wp\/v2\/posts\/197099\/revisions\/197101"}],"wp:featuredmedia":[{"embeddable":true,"href":"https:\/\/www.eldiario.net\/portal\/wp-json\/wp\/v2\/media\/197100"}],"wp:attachment":[{"href":"https:\/\/www.eldiario.net\/portal\/wp-json\/wp\/v2\/media?parent=197099"}],"wp:term":[{"taxonomy":"category","embeddable":true,"href":"https:\/\/www.eldiario.net\/portal\/wp-json\/wp\/v2\/categories?post=197099"},{"taxonomy":"post_tag","embeddable":true,"href":"https:\/\/www.eldiario.net\/portal\/wp-json\/wp\/v2\/tags?post=197099"}],"curies":[{"name":"wp","href":"https:\/\/api.w.org\/{rel}","templated":true}]}}