{"id":197096,"date":"2024-01-11T03:23:32","date_gmt":"2024-01-11T07:23:32","guid":{"rendered":"https:\/\/www.eldiario.net\/portal\/?p=197096"},"modified":"2024-01-11T03:23:32","modified_gmt":"2024-01-11T07:23:32","slug":"139-personas-continuan-secuestradas-por-reos-de-diferentes-carceles-en-ecuador","status":"publish","type":"post","link":"https:\/\/www.eldiario.net\/portal\/2024\/01\/11\/139-personas-continuan-secuestradas-por-reos-de-diferentes-carceles-en-ecuador\/","title":{"rendered":"139 personas contin\u00faan secuestradas por  reos de diferentes c\u00e1rceles en Ecuador"},"content":{"rendered":"<p>Luego de casi tres d\u00edas de incertidumbre, el Servicio de Atenci\u00f3n Integral de Ecuador (SNAI), encargado de las c\u00e1rceles, inform\u00f3 que 125 servidores del Cuerpo de Seguridad y Vigilancia Penitenciaria y 14 miembros del personal administrativo, haciendo un total de 139 personas las que contin\u00faan retenidas en cinco prisiones del pa\u00eds por los reos que se amotinaron desde el lunes.<\/p>\n<p>La informaci\u00f3n entregada a la prensa por parte del Servicio de C\u00e1rceles se difundi\u00f3 ayer a las 13h35 (hora Ecuador). El lunes, cuando empezaron los motines, el departamento de comunicaci\u00f3n del SNAI indic\u00f3 que se registr\u00f3 retenidos en las c\u00e1rceles de Loja, El Oro, Chimborazo, Cotopaxi y Azuay. Otra informaci\u00f3n, en cambio asegura que las retenciones son en los penales de Azuay, Ca\u00f1ar, Napo, Tungurahua y Cotopaxi. Infobae consult\u00f3 qu\u00e9 sucedi\u00f3 con los gu\u00edas secuestrados en las prisiones de Loja, El Oro y Chimborazo, desde el SNAI comunicaron a este medio que: \u201cSiete gu\u00edas retenidos en las prisiones de Loja, El Oro y Chimborazo fueron liberados el martes\u201d.<\/p>\n<p>Daniel Noboa tambi\u00e9n dio datos imprecisos sobre la toma de rehenes en las prisiones. Noboa dijo: \u201cTienen 40 o 60 rehenes en una c\u00e1rcel\u201d, pero las cifras no concuerdan con lo dicho por el gobernador de Azuay, Milton Ben\u00edtez, que el martes inform\u00f3 que solo en la c\u00e1rcel de Turi en Cuenca hay 49 gu\u00edas penitenciarios y 12 miembros del personal de cocina.<\/p>\n<p>Hasta el momento la incertidumbre por conocer el estado de los agentes penitenciarios y funcionarios retenidos contin\u00faa. Desde el 9 de enero circularon en redes sociales estremecedores videos de ejecuciones a gu\u00edas carcelarios. Sin embargo, la veracidad de las mismas no fueron confirmadas y a\u00fan se espera que el gobierno emita un informe oficial. Sobre estos videos, Noboa indic\u00f3 que \u201clas bandas criminales difunden im\u00e1genes para atemorizar a la ciudadan\u00eda y para doblegar al Presidente de la Rep\u00fablica y eso no va a suceder. Me solidarizo con las familias. Estamos en un estado de guerra y no podemos ceder\u201d.<\/p>\n<p>En las escasas comunicaciones sobre las retenciones de gu\u00edas, el SNAI fue reiterativo en informar que la Polic\u00eda Nacional y las Fuerzas Armadas contin\u00faan trabajando articuladamente para la liberaci\u00f3n de todo el personal en los centros penitenciarios.<\/p>\n<p>Ayer, Noboa fue enf\u00e1tico en decir que su gobierno no ceder\u00e1 a los ataques, amedrentamientos y condiciones que quieren imponer los grupos de delincuencia organizada. El presidente cont\u00f3 que las bandas intentaron imponer a las autoridades que no se traslade de prisi\u00f3n a los l\u00edderes criminales y que no se construyan las nuevas c\u00e1rceles en Santa Elena y Pastaza.<\/p>\n<p>APOYO INTERNACIONAL<\/p>\n<p>Estados Unidos reiter\u00f3 ayer su apoyo a Ecuador en medio de la lucha que inici\u00f3 contra los grupos armados que operan en el pa\u00eds y que, desde hace d\u00edas, lo dejaron inmerso en un clima de alta violencia y ataques terroristas.<\/p>\n<p>\u201cCondenamos en\u00e9rgicamente los recientes ataques criminales por parte de grupos armados en Ecuador contra instituciones privadas, p\u00fablicas y gubernamentales. Estamos comprometidos a apoyar la seguridad y la prosperidad de los ecuatorianos y a reforzar la cooperaci\u00f3n con nuestros socios para garantizar que los perpetradores sean llevados ante la Justicia\u201d, indic\u00f3 el asesor de Seguridad Nacional de la Casa Blanca, Jake Sullivan, en un comunicado.<\/p>\n<p>La v\u00edspera, el jefe de la diplomacia estadounidense para Am\u00e9rica Latina, Brian Nichols, tambi\u00e9n hab\u00eda manifestado su repudio a los recientes acontecimientos en el pa\u00eds y extendi\u00f3 su apoyo a Daniel Noboa, que lleva poco menos de dos meses en su cargo.<\/p>\n<p>Asimismo, el gobierno de Javier Milei de Argentina indic\u00f3 que los \u201chechos de violencia\u201d de Ecuador \u201cno escapan\u201d a la realidad de su pa\u00eds. El portavoz presidencial, Manuel Adorni, inform\u00f3 que tanto la Canciller\u00eda como el Consulado de Argentina en ese pa\u00eds est\u00e1n poniendo todos los recursos a disposici\u00f3n.<\/p>\n<p>Adem\u00e1s de Estados Unidos y Argentina; China, Bolivia, Colombia, Paraguay y Per\u00fa se\u00a0 solidarizaron con Ecuador y condenaron las acciones del crimen organizado. El Gobierno ecuatoriano agradeci\u00f3 el apoyo del Cuerpo Diplom\u00e1tico Acreditado en el pa\u00eds durante una reuni\u00f3n celebrada esta ma\u00f1ana en el Palacio de Gobierno. (Infobae)<\/p>\n","protected":false},"excerpt":{"rendered":"<p>Luego de casi tres d\u00edas de incertidumbre, el Servicio de Atenci\u00f3n Integral de Ecuador (SNAI), encargado de las c\u00e1rceles, inform\u00f3 que 125 servidores del Cuerpo de Seguridad y Vigilancia Penitenciaria y 14 miembros del personal administrativo, haciendo un total de 139 personas las que contin\u00faan retenidas en cinco prisiones del pa\u00eds por los reos que [&hellip;]<\/p>\n","protected":false},"author":1,"featured_media":197097,"comment_status":"open","ping_status":"open","sticky":false,"template":"","format":"standard","meta":{"_acf_changed":false,"footnotes":""},"categories":[15],"tags":[],"class_list":["post-197096","post","type-post","status-publish","format-standard","has-post-thumbnail","category-portada"],"acf":{"antetitulo":"Entre agentes y personal administrativo"},"yoast_head":"<!-- This site is optimized with the Yoast SEO plugin v28.4 - https:\/\/yoast.com\/product\/yoast-seo-wordpress\/ -->\n<title>139 personas contin\u00faan secuestradas por reos de diferentes c\u00e1rceles en Ecuador - El Diario - Bolivia<\/title>\n<meta name=\"robots\" content=\"index, follow, max-snippet:-1, max-image-preview:large, max-video-preview:-1\" \/>\n<link rel=\"canonical\" href=\"https:\/\/www.eldiario.net\/portal\/2024\/01\/11\/139-personas-continuan-secuestradas-por-reos-de-diferentes-carceles-en-ecuador\/\" \/>\n<meta property=\"og:locale\" content=\"es_ES\" \/>\n<meta property=\"og:type\" content=\"article\" \/>\n<meta property=\"og:title\" content=\"139 personas contin\u00faan secuestradas por reos de diferentes c\u00e1rceles en Ecuador - El Diario - Bolivia\" \/>\n<meta property=\"og:description\" content=\"Luego de casi tres d\u00edas de incertidumbre, el Servicio de Atenci\u00f3n Integral de Ecuador (SNAI), encargado de las c\u00e1rceles, inform\u00f3 que 125 servidores del Cuerpo de Seguridad y Vigilancia Penitenciaria y 14 miembros del personal administrativo, haciendo un total de 139 personas las que contin\u00faan retenidas en cinco prisiones del pa\u00eds por los reos que [&hellip;]\" \/>\n<meta property=\"og:url\" content=\"https:\/\/www.eldiario.net\/portal\/2024\/01\/11\/139-personas-continuan-secuestradas-por-reos-de-diferentes-carceles-en-ecuador\/\" \/>\n<meta property=\"og:site_name\" content=\"El Diario - Bolivia\" \/>\n<meta property=\"article:publisher\" content=\"https:\/\/www.facebook.com\/eldiario.bolivia\/\" \/>\n<meta property=\"article:published_time\" content=\"2024-01-11T07:23:32+00:00\" \/>\n<meta property=\"og:image\" content=\"https:\/\/www.eldiario.net\/portal\/wp-content\/uploads\/2024\/01\/SECUESTRO-FOTO.jpg\" \/>\n\t<meta property=\"og:image:width\" content=\"992\" \/>\n\t<meta property=\"og:image:height\" content=\"606\" \/>\n\t<meta property=\"og:image:type\" content=\"image\/jpeg\" \/>\n<meta name=\"author\" content=\"Jeanette\" \/>\n<meta name=\"twitter:card\" content=\"summary_large_image\" \/>\n<meta name=\"twitter:creator\" content=\"@eldiario_net\" \/>\n<meta name=\"twitter:site\" content=\"@eldiario_net\" \/>\n<meta name=\"twitter:label1\" content=\"Escrito por\" \/>\n\t<meta name=\"twitter:data1\" content=\"Jeanette\" \/>\n\t<meta name=\"twitter:label2\" content=\"Tiempo de lectura\" \/>\n\t<meta name=\"twitter:data2\" content=\"4 minutos\" \/>\n<script type=\"application\/ld+json\" class=\"yoast-schema-graph\">{\"@context\":\"https:\\\/\\\/schema.org\",\"@graph\":[{\"@type\":\"Article\",\"@id\":\"https:\\\/\\\/www.eldiario.net\\\/portal\\\/2024\\\/01\\\/11\\\/139-personas-continuan-secuestradas-por-reos-de-diferentes-carceles-en-ecuador\\\/#article\",\"isPartOf\":{\"@id\":\"https:\\\/\\\/www.eldiario.net\\\/portal\\\/2024\\\/01\\\/11\\\/139-personas-continuan-secuestradas-por-reos-de-diferentes-carceles-en-ecuador\\\/\"},\"author\":{\"name\":\"Jeanette\",\"@id\":\"https:\\\/\\\/www.eldiario.net\\\/portal\\\/#\\\/schema\\\/person\\\/f46445640444750d7d753ccd04ae01b7\"},\"headline\":\"139 personas contin\u00faan secuestradas por reos de diferentes c\u00e1rceles en Ecuador\",\"datePublished\":\"2024-01-11T07:23:32+00:00\",\"mainEntityOfPage\":{\"@id\":\"https:\\\/\\\/www.eldiario.net\\\/portal\\\/2024\\\/01\\\/11\\\/139-personas-continuan-secuestradas-por-reos-de-diferentes-carceles-en-ecuador\\\/\"},\"wordCount\":728,\"commentCount\":0,\"publisher\":{\"@id\":\"https:\\\/\\\/www.eldiario.net\\\/portal\\\/#organization\"},\"image\":{\"@id\":\"https:\\\/\\\/www.eldiario.net\\\/portal\\\/2024\\\/01\\\/11\\\/139-personas-continuan-secuestradas-por-reos-de-diferentes-carceles-en-ecuador\\\/#primaryimage\"},\"thumbnailUrl\":\"https:\\\/\\\/www.eldiario.net\\\/portal\\\/wp-content\\\/uploads\\\/2024\\\/01\\\/SECUESTRO-FOTO.jpg\",\"articleSection\":[\"Portada\"],\"inLanguage\":\"es\",\"potentialAction\":[{\"@type\":\"CommentAction\",\"name\":\"Comment\",\"target\":[\"https:\\\/\\\/www.eldiario.net\\\/portal\\\/2024\\\/01\\\/11\\\/139-personas-continuan-secuestradas-por-reos-de-diferentes-carceles-en-ecuador\\\/#respond\"]}]},{\"@type\":\"WebPage\",\"@id\":\"https:\\\/\\\/www.eldiario.net\\\/portal\\\/2024\\\/01\\\/11\\\/139-personas-continuan-secuestradas-por-reos-de-diferentes-carceles-en-ecuador\\\/\",\"url\":\"https:\\\/\\\/www.eldiario.net\\\/portal\\\/2024\\\/01\\\/11\\\/139-personas-continuan-secuestradas-por-reos-de-diferentes-carceles-en-ecuador\\\/\",\"name\":\"139 personas contin\u00faan secuestradas por reos de diferentes c\u00e1rceles en Ecuador - El Diario - Bolivia\",\"isPartOf\":{\"@id\":\"https:\\\/\\\/www.eldiario.net\\\/portal\\\/#website\"},\"primaryImageOfPage\":{\"@id\":\"https:\\\/\\\/www.eldiario.net\\\/portal\\\/2024\\\/01\\\/11\\\/139-personas-continuan-secuestradas-por-reos-de-diferentes-carceles-en-ecuador\\\/#primaryimage\"},\"image\":{\"@id\":\"https:\\\/\\\/www.eldiario.net\\\/portal\\\/2024\\\/01\\\/11\\\/139-personas-continuan-secuestradas-por-reos-de-diferentes-carceles-en-ecuador\\\/#primaryimage\"},\"thumbnailUrl\":\"https:\\\/\\\/www.eldiario.net\\\/portal\\\/wp-content\\\/uploads\\\/2024\\\/01\\\/SECUESTRO-FOTO.jpg\",\"datePublished\":\"2024-01-11T07:23:32+00:00\",\"breadcrumb\":{\"@id\":\"https:\\\/\\\/www.eldiario.net\\\/portal\\\/2024\\\/01\\\/11\\\/139-personas-continuan-secuestradas-por-reos-de-diferentes-carceles-en-ecuador\\\/#breadcrumb\"},\"inLanguage\":\"es\",\"potentialAction\":[{\"@type\":\"ReadAction\",\"target\":[\"https:\\\/\\\/www.eldiario.net\\\/portal\\\/2024\\\/01\\\/11\\\/139-personas-continuan-secuestradas-por-reos-de-diferentes-carceles-en-ecuador\\\/\"]}]},{\"@type\":\"ImageObject\",\"inLanguage\":\"es\",\"@id\":\"https:\\\/\\\/www.eldiario.net\\\/portal\\\/2024\\\/01\\\/11\\\/139-personas-continuan-secuestradas-por-reos-de-diferentes-carceles-en-ecuador\\\/#primaryimage\",\"url\":\"https:\\\/\\\/www.eldiario.net\\\/portal\\\/wp-content\\\/uploads\\\/2024\\\/01\\\/SECUESTRO-FOTO.jpg\",\"contentUrl\":\"https:\\\/\\\/www.eldiario.net\\\/portal\\\/wp-content\\\/uploads\\\/2024\\\/01\\\/SECUESTRO-FOTO.jpg\",\"width\":992,\"height\":606},{\"@type\":\"BreadcrumbList\",\"@id\":\"https:\\\/\\\/www.eldiario.net\\\/portal\\\/2024\\\/01\\\/11\\\/139-personas-continuan-secuestradas-por-reos-de-diferentes-carceles-en-ecuador\\\/#breadcrumb\",\"itemListElement\":[{\"@type\":\"ListItem\",\"position\":1,\"name\":\"Portada\",\"item\":\"https:\\\/\\\/www.eldiario.net\\\/portal\\\/\"},{\"@type\":\"ListItem\",\"position\":2,\"name\":\"139 personas contin\u00faan secuestradas por reos de diferentes c\u00e1rceles en Ecuador\"}]},{\"@type\":\"WebSite\",\"@id\":\"https:\\\/\\\/www.eldiario.net\\\/portal\\\/#website\",\"url\":\"https:\\\/\\\/www.eldiario.net\\\/portal\\\/\",\"name\":\"El Diario - Decano de la prensa nacional\",\"description\":\"El Diario - Decano de la prensa nacional\",\"publisher\":{\"@id\":\"https:\\\/\\\/www.eldiario.net\\\/portal\\\/#organization\"},\"potentialAction\":[{\"@type\":\"SearchAction\",\"target\":{\"@type\":\"EntryPoint\",\"urlTemplate\":\"https:\\\/\\\/www.eldiario.net\\\/portal\\\/?s={search_term_string}\"},\"query-input\":{\"@type\":\"PropertyValueSpecification\",\"valueRequired\":true,\"valueName\":\"search_term_string\"}}],\"inLanguage\":\"es\"},{\"@type\":\"Organization\",\"@id\":\"https:\\\/\\\/www.eldiario.net\\\/portal\\\/#organization\",\"name\":\"El Diario - Decano de la prensa nacional\",\"url\":\"https:\\\/\\\/www.eldiario.net\\\/portal\\\/\",\"logo\":{\"@type\":\"ImageObject\",\"inLanguage\":\"es\",\"@id\":\"https:\\\/\\\/www.eldiario.net\\\/portal\\\/#\\\/schema\\\/logo\\\/image\\\/\",\"url\":\"https:\\\/\\\/www.eldiario.net\\\/portal\\\/wp-content\\\/uploads\\\/2023\\\/07\\\/logo_ED.jpg\",\"contentUrl\":\"https:\\\/\\\/www.eldiario.net\\\/portal\\\/wp-content\\\/uploads\\\/2023\\\/07\\\/logo_ED.jpg\",\"width\":272,\"height\":52,\"caption\":\"El Diario - Decano de la prensa nacional\"},\"image\":{\"@id\":\"https:\\\/\\\/www.eldiario.net\\\/portal\\\/#\\\/schema\\\/logo\\\/image\\\/\"},\"sameAs\":[\"https:\\\/\\\/www.facebook.com\\\/eldiario.bolivia\\\/\",\"https:\\\/\\\/x.com\\\/eldiario_net\"]},{\"@type\":\"Person\",\"@id\":\"https:\\\/\\\/www.eldiario.net\\\/portal\\\/#\\\/schema\\\/person\\\/f46445640444750d7d753ccd04ae01b7\",\"name\":\"Jeanette\",\"image\":{\"@type\":\"ImageObject\",\"inLanguage\":\"es\",\"@id\":\"https:\\\/\\\/secure.gravatar.com\\\/avatar\\\/3ea2118a5f7dad2b7138b1187a6b7ee55f160b9968b66013c3a3ef39dd7e5798?s=96&d=mm&r=g\",\"url\":\"https:\\\/\\\/secure.gravatar.com\\\/avatar\\\/3ea2118a5f7dad2b7138b1187a6b7ee55f160b9968b66013c3a3ef39dd7e5798?s=96&d=mm&r=g\",\"contentUrl\":\"https:\\\/\\\/secure.gravatar.com\\\/avatar\\\/3ea2118a5f7dad2b7138b1187a6b7ee55f160b9968b66013c3a3ef39dd7e5798?s=96&d=mm&r=g\",\"caption\":\"Jeanette\"},\"sameAs\":[\"https:\\\/\\\/www.eldiario.net\\\/portal\"],\"url\":\"https:\\\/\\\/www.eldiario.net\\\/portal\\\/author\\\/jeanette\\\/\"}]}<\/script>\n<!-- \/ Yoast SEO plugin. -->","yoast_head_json":{"title":"139 personas contin\u00faan secuestradas por reos de diferentes c\u00e1rceles en Ecuador - El Diario - Bolivia","robots":{"index":"index","follow":"follow","max-snippet":"max-snippet:-1","max-image-preview":"max-image-preview:large","max-video-preview":"max-video-preview:-1"},"canonical":"https:\/\/www.eldiario.net\/portal\/2024\/01\/11\/139-personas-continuan-secuestradas-por-reos-de-diferentes-carceles-en-ecuador\/","og_locale":"es_ES","og_type":"article","og_title":"139 personas contin\u00faan secuestradas por reos de diferentes c\u00e1rceles en Ecuador - El Diario - Bolivia","og_description":"Luego de casi tres d\u00edas de incertidumbre, el Servicio de Atenci\u00f3n Integral de Ecuador (SNAI), encargado de las c\u00e1rceles, inform\u00f3 que 125 servidores del Cuerpo de Seguridad y Vigilancia Penitenciaria y 14 miembros del personal administrativo, haciendo un total de 139 personas las que contin\u00faan retenidas en cinco prisiones del pa\u00eds por los reos que [&hellip;]","og_url":"https:\/\/www.eldiario.net\/portal\/2024\/01\/11\/139-personas-continuan-secuestradas-por-reos-de-diferentes-carceles-en-ecuador\/","og_site_name":"El Diario - Bolivia","article_publisher":"https:\/\/www.facebook.com\/eldiario.bolivia\/","article_published_time":"2024-01-11T07:23:32+00:00","og_image":[{"width":992,"height":606,"url":"https:\/\/www.eldiario.net\/portal\/wp-content\/uploads\/2024\/01\/SECUESTRO-FOTO.jpg","type":"image\/jpeg"}],"author":"Jeanette","twitter_card":"summary_large_image","twitter_creator":"@eldiario_net","twitter_site":"@eldiario_net","twitter_misc":{"Escrito por":"Jeanette","Tiempo de lectura":"4 minutos"},"schema":{"@context":"https:\/\/schema.org","@graph":[{"@type":"Article","@id":"https:\/\/www.eldiario.net\/portal\/2024\/01\/11\/139-personas-continuan-secuestradas-por-reos-de-diferentes-carceles-en-ecuador\/#article","isPartOf":{"@id":"https:\/\/www.eldiario.net\/portal\/2024\/01\/11\/139-personas-continuan-secuestradas-por-reos-de-diferentes-carceles-en-ecuador\/"},"author":{"name":"Jeanette","@id":"https:\/\/www.eldiario.net\/portal\/#\/schema\/person\/f46445640444750d7d753ccd04ae01b7"},"headline":"139 personas contin\u00faan secuestradas por reos de diferentes c\u00e1rceles en Ecuador","datePublished":"2024-01-11T07:23:32+00:00","mainEntityOfPage":{"@id":"https:\/\/www.eldiario.net\/portal\/2024\/01\/11\/139-personas-continuan-secuestradas-por-reos-de-diferentes-carceles-en-ecuador\/"},"wordCount":728,"commentCount":0,"publisher":{"@id":"https:\/\/www.eldiario.net\/portal\/#organization"},"image":{"@id":"https:\/\/www.eldiario.net\/portal\/2024\/01\/11\/139-personas-continuan-secuestradas-por-reos-de-diferentes-carceles-en-ecuador\/#primaryimage"},"thumbnailUrl":"https:\/\/www.eldiario.net\/portal\/wp-content\/uploads\/2024\/01\/SECUESTRO-FOTO.jpg","articleSection":["Portada"],"inLanguage":"es","potentialAction":[{"@type":"CommentAction","name":"Comment","target":["https:\/\/www.eldiario.net\/portal\/2024\/01\/11\/139-personas-continuan-secuestradas-por-reos-de-diferentes-carceles-en-ecuador\/#respond"]}]},{"@type":"WebPage","@id":"https:\/\/www.eldiario.net\/portal\/2024\/01\/11\/139-personas-continuan-secuestradas-por-reos-de-diferentes-carceles-en-ecuador\/","url":"https:\/\/www.eldiario.net\/portal\/2024\/01\/11\/139-personas-continuan-secuestradas-por-reos-de-diferentes-carceles-en-ecuador\/","name":"139 personas contin\u00faan secuestradas por reos de diferentes c\u00e1rceles en Ecuador - El Diario - Bolivia","isPartOf":{"@id":"https:\/\/www.eldiario.net\/portal\/#website"},"primaryImageOfPage":{"@id":"https:\/\/www.eldiario.net\/portal\/2024\/01\/11\/139-personas-continuan-secuestradas-por-reos-de-diferentes-carceles-en-ecuador\/#primaryimage"},"image":{"@id":"https:\/\/www.eldiario.net\/portal\/2024\/01\/11\/139-personas-continuan-secuestradas-por-reos-de-diferentes-carceles-en-ecuador\/#primaryimage"},"thumbnailUrl":"https:\/\/www.eldiario.net\/portal\/wp-content\/uploads\/2024\/01\/SECUESTRO-FOTO.jpg","datePublished":"2024-01-11T07:23:32+00:00","breadcrumb":{"@id":"https:\/\/www.eldiario.net\/portal\/2024\/01\/11\/139-personas-continuan-secuestradas-por-reos-de-diferentes-carceles-en-ecuador\/#breadcrumb"},"inLanguage":"es","potentialAction":[{"@type":"ReadAction","target":["https:\/\/www.eldiario.net\/portal\/2024\/01\/11\/139-personas-continuan-secuestradas-por-reos-de-diferentes-carceles-en-ecuador\/"]}]},{"@type":"ImageObject","inLanguage":"es","@id":"https:\/\/www.eldiario.net\/portal\/2024\/01\/11\/139-personas-continuan-secuestradas-por-reos-de-diferentes-carceles-en-ecuador\/#primaryimage","url":"https:\/\/www.eldiario.net\/portal\/wp-content\/uploads\/2024\/01\/SECUESTRO-FOTO.jpg","contentUrl":"https:\/\/www.eldiario.net\/portal\/wp-content\/uploads\/2024\/01\/SECUESTRO-FOTO.jpg","width":992,"height":606},{"@type":"BreadcrumbList","@id":"https:\/\/www.eldiario.net\/portal\/2024\/01\/11\/139-personas-continuan-secuestradas-por-reos-de-diferentes-carceles-en-ecuador\/#breadcrumb","itemListElement":[{"@type":"ListItem","position":1,"name":"Portada","item":"https:\/\/www.eldiario.net\/portal\/"},{"@type":"ListItem","position":2,"name":"139 personas contin\u00faan secuestradas por reos de diferentes c\u00e1rceles en Ecuador"}]},{"@type":"WebSite","@id":"https:\/\/www.eldiario.net\/portal\/#website","url":"https:\/\/www.eldiario.net\/portal\/","name":"El Diario - Decano de la prensa nacional","description":"El Diario - Decano de la prensa nacional","publisher":{"@id":"https:\/\/www.eldiario.net\/portal\/#organization"},"potentialAction":[{"@type":"SearchAction","target":{"@type":"EntryPoint","urlTemplate":"https:\/\/www.eldiario.net\/portal\/?s={search_term_string}"},"query-input":{"@type":"PropertyValueSpecification","valueRequired":true,"valueName":"search_term_string"}}],"inLanguage":"es"},{"@type":"Organization","@id":"https:\/\/www.eldiario.net\/portal\/#organization","name":"El Diario - Decano de la prensa nacional","url":"https:\/\/www.eldiario.net\/portal\/","logo":{"@type":"ImageObject","inLanguage":"es","@id":"https:\/\/www.eldiario.net\/portal\/#\/schema\/logo\/image\/","url":"https:\/\/www.eldiario.net\/portal\/wp-content\/uploads\/2023\/07\/logo_ED.jpg","contentUrl":"https:\/\/www.eldiario.net\/portal\/wp-content\/uploads\/2023\/07\/logo_ED.jpg","width":272,"height":52,"caption":"El Diario - Decano de la prensa nacional"},"image":{"@id":"https:\/\/www.eldiario.net\/portal\/#\/schema\/logo\/image\/"},"sameAs":["https:\/\/www.facebook.com\/eldiario.bolivia\/","https:\/\/x.com\/eldiario_net"]},{"@type":"Person","@id":"https:\/\/www.eldiario.net\/portal\/#\/schema\/person\/f46445640444750d7d753ccd04ae01b7","name":"Jeanette","image":{"@type":"ImageObject","inLanguage":"es","@id":"https:\/\/secure.gravatar.com\/avatar\/3ea2118a5f7dad2b7138b1187a6b7ee55f160b9968b66013c3a3ef39dd7e5798?s=96&d=mm&r=g","url":"https:\/\/secure.gravatar.com\/avatar\/3ea2118a5f7dad2b7138b1187a6b7ee55f160b9968b66013c3a3ef39dd7e5798?s=96&d=mm&r=g","contentUrl":"https:\/\/secure.gravatar.com\/avatar\/3ea2118a5f7dad2b7138b1187a6b7ee55f160b9968b66013c3a3ef39dd7e5798?s=96&d=mm&r=g","caption":"Jeanette"},"sameAs":["https:\/\/www.eldiario.net\/portal"],"url":"https:\/\/www.eldiario.net\/portal\/author\/jeanette\/"}]}},"_links":{"self":[{"href":"https:\/\/www.eldiario.net\/portal\/wp-json\/wp\/v2\/posts\/197096","targetHints":{"allow":["GET"]}}],"collection":[{"href":"https:\/\/www.eldiario.net\/portal\/wp-json\/wp\/v2\/posts"}],"about":[{"href":"https:\/\/www.eldiario.net\/portal\/wp-json\/wp\/v2\/types\/post"}],"author":[{"embeddable":true,"href":"https:\/\/www.eldiario.net\/portal\/wp-json\/wp\/v2\/users\/1"}],"replies":[{"embeddable":true,"href":"https:\/\/www.eldiario.net\/portal\/wp-json\/wp\/v2\/comments?post=197096"}],"version-history":[{"count":1,"href":"https:\/\/www.eldiario.net\/portal\/wp-json\/wp\/v2\/posts\/197096\/revisions"}],"predecessor-version":[{"id":197098,"href":"https:\/\/www.eldiario.net\/portal\/wp-json\/wp\/v2\/posts\/197096\/revisions\/197098"}],"wp:featuredmedia":[{"embeddable":true,"href":"https:\/\/www.eldiario.net\/portal\/wp-json\/wp\/v2\/media\/197097"}],"wp:attachment":[{"href":"https:\/\/www.eldiario.net\/portal\/wp-json\/wp\/v2\/media?parent=197096"}],"wp:term":[{"taxonomy":"category","embeddable":true,"href":"https:\/\/www.eldiario.net\/portal\/wp-json\/wp\/v2\/categories?post=197096"},{"taxonomy":"post_tag","embeddable":true,"href":"https:\/\/www.eldiario.net\/portal\/wp-json\/wp\/v2\/tags?post=197096"}],"curies":[{"name":"wp","href":"https:\/\/api.w.org\/{rel}","templated":true}]}}