{"id":196145,"date":"2024-01-06T06:36:47","date_gmt":"2024-01-06T10:36:47","guid":{"rendered":"https:\/\/www.eldiario.net\/portal\/?p=196145"},"modified":"2024-01-06T06:36:47","modified_gmt":"2024-01-06T10:36:47","slug":"nito-mestre-celebrara-mas-de-50-anos-de-sui-generis-con-un-concierto-sinfonico","status":"publish","type":"post","link":"https:\/\/www.eldiario.net\/portal\/2024\/01\/06\/nito-mestre-celebrara-mas-de-50-anos-de-sui-generis-con-un-concierto-sinfonico\/","title":{"rendered":"Nito Mestre celebrar\u00e1 m\u00e1s de 50 a\u00f1os de Sui Generis con un concierto sinf\u00f3nico"},"content":{"rendered":"<p>El nuevo a\u00f1o llega con buenas noticias para la escena musical de Santa Cruz. Y una de ellas es la confirmaci\u00f3n del concierto de Nito Mestre, quien se presentar\u00e1 el 24 de enero en el Sonilum Arena.<br \/>\nEl m\u00fasico argentino, considerado como uno de los emblemas del rock latinoamericano, ofrecer\u00e1 un concierto sinf\u00f3nico para celebrar los 50 a\u00f1os del lanzamiento del primer \u00e1lbum de Sui Generis, denominado \u201cVida\u201d.<br \/>\nLas entradas para el recital est\u00e1n a la venta en la plataforma Passline, a partir de las 13:00. Tambi\u00e9n se las podr\u00e1 encontrar en diferentes puntos de la ciudad. Tendr\u00e1n un precio de Bs 130 (general), Bs 200 (VIP) y Bs 280 (S\u00faper VIP).<br \/>\nEl espect\u00e1culo, producido por Sonilum, permitir\u00e1 ver en el escenario a uno de los artistas m\u00e1s reconocidos de Am\u00e9rica Latina. Mestre fund\u00f3 junto a Charly Garc\u00eda el d\u00fao Sui Generis, el cual revolucion\u00f3 la m\u00fasica de Argentina y Am\u00e9rica Latina en la d\u00e9cada del 70. Su carrera abarca m\u00e1s de cinco d\u00e9cadas y en ella destacan temas como \u201cCanci\u00f3n para mi muerte\u201d, \u201cConfesiones de invierno\u201d, \u201cRasgu\u00f1a las piedras\u201d y otros.<br \/>\nNito Mestre ofrecer\u00e1 un concierto sinf\u00f3nico de primer nivel, en el que interpretar\u00e1 los \u00e9xitos de Sui G\u00e9neris como tambi\u00e9n de su etapa como solista. Ser\u00e1 un recorrido a lo largo de medio siglo de m\u00fasica. Para ello se presentar\u00e1 acompa\u00f1ado de la Orquesta Hombres Nuevos.<br \/>\nEl concierto sinf\u00f3nico de Mestre es una celebraci\u00f3n de los 50 a\u00f1os del lanzamiento del primer disco de estudio de Sui Generis. \u201cVida\u201d sali\u00f3 al p\u00fablico en 1973 y desde el a\u00f1o pasado, el vocalista y guitarrista ha ofrecido diversos conciertos para conmemorar ese momento hist\u00f3rico.<br \/>\nPIE FOTO<\/p>\n<p>&nbsp;<\/p>\n","protected":false},"excerpt":{"rendered":"<p>El nuevo a\u00f1o llega con buenas noticias para la escena musical de Santa Cruz. Y una de ellas es la confirmaci\u00f3n del concierto de Nito Mestre, quien se presentar\u00e1 el 24 de enero en el Sonilum Arena. El m\u00fasico argentino, considerado como uno de los emblemas del rock latinoamericano, ofrecer\u00e1 un concierto sinf\u00f3nico para celebrar [&hellip;]<\/p>\n","protected":false},"author":1,"featured_media":196146,"comment_status":"open","ping_status":"open","sticky":false,"template":"","format":"standard","meta":{"_acf_changed":false,"footnotes":""},"categories":[8],"tags":[],"class_list":["post-196145","post","type-post","status-publish","format-standard","has-post-thumbnail","category-cultural"],"acf":{"antetitulo":""},"yoast_head":"<!-- This site is optimized with the Yoast SEO plugin v28.3 - https:\/\/yoast.com\/product\/yoast-seo-wordpress\/ -->\n<title>Nito Mestre celebrar\u00e1 m\u00e1s de 50 a\u00f1os de Sui Generis con un concierto sinf\u00f3nico - El Diario - Bolivia<\/title>\n<meta name=\"robots\" content=\"index, follow, max-snippet:-1, max-image-preview:large, max-video-preview:-1\" \/>\n<link rel=\"canonical\" href=\"https:\/\/www.eldiario.net\/portal\/2024\/01\/06\/nito-mestre-celebrara-mas-de-50-anos-de-sui-generis-con-un-concierto-sinfonico\/\" \/>\n<meta property=\"og:locale\" content=\"es_ES\" \/>\n<meta property=\"og:type\" content=\"article\" \/>\n<meta property=\"og:title\" content=\"Nito Mestre celebrar\u00e1 m\u00e1s de 50 a\u00f1os de Sui Generis con un concierto sinf\u00f3nico - El Diario - Bolivia\" \/>\n<meta property=\"og:description\" content=\"El nuevo a\u00f1o llega con buenas noticias para la escena musical de Santa Cruz. Y una de ellas es la confirmaci\u00f3n del concierto de Nito Mestre, quien se presentar\u00e1 el 24 de enero en el Sonilum Arena. El m\u00fasico argentino, considerado como uno de los emblemas del rock latinoamericano, ofrecer\u00e1 un concierto sinf\u00f3nico para celebrar [&hellip;]\" \/>\n<meta property=\"og:url\" content=\"https:\/\/www.eldiario.net\/portal\/2024\/01\/06\/nito-mestre-celebrara-mas-de-50-anos-de-sui-generis-con-un-concierto-sinfonico\/\" \/>\n<meta property=\"og:site_name\" content=\"El Diario - Bolivia\" \/>\n<meta property=\"article:publisher\" content=\"https:\/\/www.facebook.com\/eldiario.bolivia\/\" \/>\n<meta property=\"article:published_time\" content=\"2024-01-06T10:36:47+00:00\" \/>\n<meta property=\"og:image\" content=\"https:\/\/www.eldiario.net\/portal\/wp-content\/uploads\/2024\/01\/Nito.jpg\" \/>\n\t<meta property=\"og:image:width\" content=\"2362\" \/>\n\t<meta property=\"og:image:height\" content=\"1572\" \/>\n\t<meta property=\"og:image:type\" content=\"image\/jpeg\" \/>\n<meta name=\"author\" content=\"Jeanette\" \/>\n<meta name=\"twitter:card\" content=\"summary_large_image\" \/>\n<meta name=\"twitter:creator\" content=\"@eldiario_net\" \/>\n<meta name=\"twitter:site\" content=\"@eldiario_net\" \/>\n<meta name=\"twitter:label1\" content=\"Escrito por\" \/>\n\t<meta name=\"twitter:data1\" content=\"Jeanette\" \/>\n\t<meta name=\"twitter:label2\" content=\"Tiempo de lectura\" \/>\n\t<meta name=\"twitter:data2\" content=\"2 minutos\" \/>\n<script type=\"application\/ld+json\" class=\"yoast-schema-graph\">{\"@context\":\"https:\\\/\\\/schema.org\",\"@graph\":[{\"@type\":\"Article\",\"@id\":\"https:\\\/\\\/www.eldiario.net\\\/portal\\\/2024\\\/01\\\/06\\\/nito-mestre-celebrara-mas-de-50-anos-de-sui-generis-con-un-concierto-sinfonico\\\/#article\",\"isPartOf\":{\"@id\":\"https:\\\/\\\/www.eldiario.net\\\/portal\\\/2024\\\/01\\\/06\\\/nito-mestre-celebrara-mas-de-50-anos-de-sui-generis-con-un-concierto-sinfonico\\\/\"},\"author\":{\"name\":\"Jeanette\",\"@id\":\"https:\\\/\\\/www.eldiario.net\\\/portal\\\/#\\\/schema\\\/person\\\/f46445640444750d7d753ccd04ae01b7\"},\"headline\":\"Nito Mestre celebrar\u00e1 m\u00e1s de 50 a\u00f1os de Sui Generis con un concierto sinf\u00f3nico\",\"datePublished\":\"2024-01-06T10:36:47+00:00\",\"mainEntityOfPage\":{\"@id\":\"https:\\\/\\\/www.eldiario.net\\\/portal\\\/2024\\\/01\\\/06\\\/nito-mestre-celebrara-mas-de-50-anos-de-sui-generis-con-un-concierto-sinfonico\\\/\"},\"wordCount\":316,\"commentCount\":0,\"publisher\":{\"@id\":\"https:\\\/\\\/www.eldiario.net\\\/portal\\\/#organization\"},\"image\":{\"@id\":\"https:\\\/\\\/www.eldiario.net\\\/portal\\\/2024\\\/01\\\/06\\\/nito-mestre-celebrara-mas-de-50-anos-de-sui-generis-con-un-concierto-sinfonico\\\/#primaryimage\"},\"thumbnailUrl\":\"https:\\\/\\\/www.eldiario.net\\\/portal\\\/wp-content\\\/uploads\\\/2024\\\/01\\\/Nito.jpg\",\"articleSection\":[\"Cultural\"],\"inLanguage\":\"es\",\"potentialAction\":[{\"@type\":\"CommentAction\",\"name\":\"Comment\",\"target\":[\"https:\\\/\\\/www.eldiario.net\\\/portal\\\/2024\\\/01\\\/06\\\/nito-mestre-celebrara-mas-de-50-anos-de-sui-generis-con-un-concierto-sinfonico\\\/#respond\"]}]},{\"@type\":\"WebPage\",\"@id\":\"https:\\\/\\\/www.eldiario.net\\\/portal\\\/2024\\\/01\\\/06\\\/nito-mestre-celebrara-mas-de-50-anos-de-sui-generis-con-un-concierto-sinfonico\\\/\",\"url\":\"https:\\\/\\\/www.eldiario.net\\\/portal\\\/2024\\\/01\\\/06\\\/nito-mestre-celebrara-mas-de-50-anos-de-sui-generis-con-un-concierto-sinfonico\\\/\",\"name\":\"Nito Mestre celebrar\u00e1 m\u00e1s de 50 a\u00f1os de Sui Generis con un concierto sinf\u00f3nico - El Diario - Bolivia\",\"isPartOf\":{\"@id\":\"https:\\\/\\\/www.eldiario.net\\\/portal\\\/#website\"},\"primaryImageOfPage\":{\"@id\":\"https:\\\/\\\/www.eldiario.net\\\/portal\\\/2024\\\/01\\\/06\\\/nito-mestre-celebrara-mas-de-50-anos-de-sui-generis-con-un-concierto-sinfonico\\\/#primaryimage\"},\"image\":{\"@id\":\"https:\\\/\\\/www.eldiario.net\\\/portal\\\/2024\\\/01\\\/06\\\/nito-mestre-celebrara-mas-de-50-anos-de-sui-generis-con-un-concierto-sinfonico\\\/#primaryimage\"},\"thumbnailUrl\":\"https:\\\/\\\/www.eldiario.net\\\/portal\\\/wp-content\\\/uploads\\\/2024\\\/01\\\/Nito.jpg\",\"datePublished\":\"2024-01-06T10:36:47+00:00\",\"breadcrumb\":{\"@id\":\"https:\\\/\\\/www.eldiario.net\\\/portal\\\/2024\\\/01\\\/06\\\/nito-mestre-celebrara-mas-de-50-anos-de-sui-generis-con-un-concierto-sinfonico\\\/#breadcrumb\"},\"inLanguage\":\"es\",\"potentialAction\":[{\"@type\":\"ReadAction\",\"target\":[\"https:\\\/\\\/www.eldiario.net\\\/portal\\\/2024\\\/01\\\/06\\\/nito-mestre-celebrara-mas-de-50-anos-de-sui-generis-con-un-concierto-sinfonico\\\/\"]}]},{\"@type\":\"ImageObject\",\"inLanguage\":\"es\",\"@id\":\"https:\\\/\\\/www.eldiario.net\\\/portal\\\/2024\\\/01\\\/06\\\/nito-mestre-celebrara-mas-de-50-anos-de-sui-generis-con-un-concierto-sinfonico\\\/#primaryimage\",\"url\":\"https:\\\/\\\/www.eldiario.net\\\/portal\\\/wp-content\\\/uploads\\\/2024\\\/01\\\/Nito.jpg\",\"contentUrl\":\"https:\\\/\\\/www.eldiario.net\\\/portal\\\/wp-content\\\/uploads\\\/2024\\\/01\\\/Nito.jpg\",\"width\":2362,\"height\":1572,\"caption\":\"EL M\u00daSICO ARGENTINO NITO MESTRE.\"},{\"@type\":\"BreadcrumbList\",\"@id\":\"https:\\\/\\\/www.eldiario.net\\\/portal\\\/2024\\\/01\\\/06\\\/nito-mestre-celebrara-mas-de-50-anos-de-sui-generis-con-un-concierto-sinfonico\\\/#breadcrumb\",\"itemListElement\":[{\"@type\":\"ListItem\",\"position\":1,\"name\":\"Portada\",\"item\":\"https:\\\/\\\/www.eldiario.net\\\/portal\\\/\"},{\"@type\":\"ListItem\",\"position\":2,\"name\":\"Nito Mestre celebrar\u00e1 m\u00e1s de 50 a\u00f1os de Sui Generis con un concierto sinf\u00f3nico\"}]},{\"@type\":\"WebSite\",\"@id\":\"https:\\\/\\\/www.eldiario.net\\\/portal\\\/#website\",\"url\":\"https:\\\/\\\/www.eldiario.net\\\/portal\\\/\",\"name\":\"El Diario - Decano de la prensa nacional\",\"description\":\"El Diario - Decano de la prensa nacional\",\"publisher\":{\"@id\":\"https:\\\/\\\/www.eldiario.net\\\/portal\\\/#organization\"},\"potentialAction\":[{\"@type\":\"SearchAction\",\"target\":{\"@type\":\"EntryPoint\",\"urlTemplate\":\"https:\\\/\\\/www.eldiario.net\\\/portal\\\/?s={search_term_string}\"},\"query-input\":{\"@type\":\"PropertyValueSpecification\",\"valueRequired\":true,\"valueName\":\"search_term_string\"}}],\"inLanguage\":\"es\"},{\"@type\":\"Organization\",\"@id\":\"https:\\\/\\\/www.eldiario.net\\\/portal\\\/#organization\",\"name\":\"El Diario - Decano de la prensa nacional\",\"url\":\"https:\\\/\\\/www.eldiario.net\\\/portal\\\/\",\"logo\":{\"@type\":\"ImageObject\",\"inLanguage\":\"es\",\"@id\":\"https:\\\/\\\/www.eldiario.net\\\/portal\\\/#\\\/schema\\\/logo\\\/image\\\/\",\"url\":\"https:\\\/\\\/www.eldiario.net\\\/portal\\\/wp-content\\\/uploads\\\/2023\\\/07\\\/logo_ED.jpg\",\"contentUrl\":\"https:\\\/\\\/www.eldiario.net\\\/portal\\\/wp-content\\\/uploads\\\/2023\\\/07\\\/logo_ED.jpg\",\"width\":272,\"height\":52,\"caption\":\"El Diario - Decano de la prensa nacional\"},\"image\":{\"@id\":\"https:\\\/\\\/www.eldiario.net\\\/portal\\\/#\\\/schema\\\/logo\\\/image\\\/\"},\"sameAs\":[\"https:\\\/\\\/www.facebook.com\\\/eldiario.bolivia\\\/\",\"https:\\\/\\\/x.com\\\/eldiario_net\"]},{\"@type\":\"Person\",\"@id\":\"https:\\\/\\\/www.eldiario.net\\\/portal\\\/#\\\/schema\\\/person\\\/f46445640444750d7d753ccd04ae01b7\",\"name\":\"Jeanette\",\"image\":{\"@type\":\"ImageObject\",\"inLanguage\":\"es\",\"@id\":\"https:\\\/\\\/secure.gravatar.com\\\/avatar\\\/3ea2118a5f7dad2b7138b1187a6b7ee55f160b9968b66013c3a3ef39dd7e5798?s=96&d=mm&r=g\",\"url\":\"https:\\\/\\\/secure.gravatar.com\\\/avatar\\\/3ea2118a5f7dad2b7138b1187a6b7ee55f160b9968b66013c3a3ef39dd7e5798?s=96&d=mm&r=g\",\"contentUrl\":\"https:\\\/\\\/secure.gravatar.com\\\/avatar\\\/3ea2118a5f7dad2b7138b1187a6b7ee55f160b9968b66013c3a3ef39dd7e5798?s=96&d=mm&r=g\",\"caption\":\"Jeanette\"},\"sameAs\":[\"https:\\\/\\\/www.eldiario.net\\\/portal\"],\"url\":\"https:\\\/\\\/www.eldiario.net\\\/portal\\\/author\\\/jeanette\\\/\"}]}<\/script>\n<!-- \/ Yoast SEO plugin. -->","yoast_head_json":{"title":"Nito Mestre celebrar\u00e1 m\u00e1s de 50 a\u00f1os de Sui Generis con un concierto sinf\u00f3nico - El Diario - Bolivia","robots":{"index":"index","follow":"follow","max-snippet":"max-snippet:-1","max-image-preview":"max-image-preview:large","max-video-preview":"max-video-preview:-1"},"canonical":"https:\/\/www.eldiario.net\/portal\/2024\/01\/06\/nito-mestre-celebrara-mas-de-50-anos-de-sui-generis-con-un-concierto-sinfonico\/","og_locale":"es_ES","og_type":"article","og_title":"Nito Mestre celebrar\u00e1 m\u00e1s de 50 a\u00f1os de Sui Generis con un concierto sinf\u00f3nico - El Diario - Bolivia","og_description":"El nuevo a\u00f1o llega con buenas noticias para la escena musical de Santa Cruz. Y una de ellas es la confirmaci\u00f3n del concierto de Nito Mestre, quien se presentar\u00e1 el 24 de enero en el Sonilum Arena. El m\u00fasico argentino, considerado como uno de los emblemas del rock latinoamericano, ofrecer\u00e1 un concierto sinf\u00f3nico para celebrar [&hellip;]","og_url":"https:\/\/www.eldiario.net\/portal\/2024\/01\/06\/nito-mestre-celebrara-mas-de-50-anos-de-sui-generis-con-un-concierto-sinfonico\/","og_site_name":"El Diario - Bolivia","article_publisher":"https:\/\/www.facebook.com\/eldiario.bolivia\/","article_published_time":"2024-01-06T10:36:47+00:00","og_image":[{"width":2362,"height":1572,"url":"https:\/\/www.eldiario.net\/portal\/wp-content\/uploads\/2024\/01\/Nito.jpg","type":"image\/jpeg"}],"author":"Jeanette","twitter_card":"summary_large_image","twitter_creator":"@eldiario_net","twitter_site":"@eldiario_net","twitter_misc":{"Escrito por":"Jeanette","Tiempo de lectura":"2 minutos"},"schema":{"@context":"https:\/\/schema.org","@graph":[{"@type":"Article","@id":"https:\/\/www.eldiario.net\/portal\/2024\/01\/06\/nito-mestre-celebrara-mas-de-50-anos-de-sui-generis-con-un-concierto-sinfonico\/#article","isPartOf":{"@id":"https:\/\/www.eldiario.net\/portal\/2024\/01\/06\/nito-mestre-celebrara-mas-de-50-anos-de-sui-generis-con-un-concierto-sinfonico\/"},"author":{"name":"Jeanette","@id":"https:\/\/www.eldiario.net\/portal\/#\/schema\/person\/f46445640444750d7d753ccd04ae01b7"},"headline":"Nito Mestre celebrar\u00e1 m\u00e1s de 50 a\u00f1os de Sui Generis con un concierto sinf\u00f3nico","datePublished":"2024-01-06T10:36:47+00:00","mainEntityOfPage":{"@id":"https:\/\/www.eldiario.net\/portal\/2024\/01\/06\/nito-mestre-celebrara-mas-de-50-anos-de-sui-generis-con-un-concierto-sinfonico\/"},"wordCount":316,"commentCount":0,"publisher":{"@id":"https:\/\/www.eldiario.net\/portal\/#organization"},"image":{"@id":"https:\/\/www.eldiario.net\/portal\/2024\/01\/06\/nito-mestre-celebrara-mas-de-50-anos-de-sui-generis-con-un-concierto-sinfonico\/#primaryimage"},"thumbnailUrl":"https:\/\/www.eldiario.net\/portal\/wp-content\/uploads\/2024\/01\/Nito.jpg","articleSection":["Cultural"],"inLanguage":"es","potentialAction":[{"@type":"CommentAction","name":"Comment","target":["https:\/\/www.eldiario.net\/portal\/2024\/01\/06\/nito-mestre-celebrara-mas-de-50-anos-de-sui-generis-con-un-concierto-sinfonico\/#respond"]}]},{"@type":"WebPage","@id":"https:\/\/www.eldiario.net\/portal\/2024\/01\/06\/nito-mestre-celebrara-mas-de-50-anos-de-sui-generis-con-un-concierto-sinfonico\/","url":"https:\/\/www.eldiario.net\/portal\/2024\/01\/06\/nito-mestre-celebrara-mas-de-50-anos-de-sui-generis-con-un-concierto-sinfonico\/","name":"Nito Mestre celebrar\u00e1 m\u00e1s de 50 a\u00f1os de Sui Generis con un concierto sinf\u00f3nico - El Diario - Bolivia","isPartOf":{"@id":"https:\/\/www.eldiario.net\/portal\/#website"},"primaryImageOfPage":{"@id":"https:\/\/www.eldiario.net\/portal\/2024\/01\/06\/nito-mestre-celebrara-mas-de-50-anos-de-sui-generis-con-un-concierto-sinfonico\/#primaryimage"},"image":{"@id":"https:\/\/www.eldiario.net\/portal\/2024\/01\/06\/nito-mestre-celebrara-mas-de-50-anos-de-sui-generis-con-un-concierto-sinfonico\/#primaryimage"},"thumbnailUrl":"https:\/\/www.eldiario.net\/portal\/wp-content\/uploads\/2024\/01\/Nito.jpg","datePublished":"2024-01-06T10:36:47+00:00","breadcrumb":{"@id":"https:\/\/www.eldiario.net\/portal\/2024\/01\/06\/nito-mestre-celebrara-mas-de-50-anos-de-sui-generis-con-un-concierto-sinfonico\/#breadcrumb"},"inLanguage":"es","potentialAction":[{"@type":"ReadAction","target":["https:\/\/www.eldiario.net\/portal\/2024\/01\/06\/nito-mestre-celebrara-mas-de-50-anos-de-sui-generis-con-un-concierto-sinfonico\/"]}]},{"@type":"ImageObject","inLanguage":"es","@id":"https:\/\/www.eldiario.net\/portal\/2024\/01\/06\/nito-mestre-celebrara-mas-de-50-anos-de-sui-generis-con-un-concierto-sinfonico\/#primaryimage","url":"https:\/\/www.eldiario.net\/portal\/wp-content\/uploads\/2024\/01\/Nito.jpg","contentUrl":"https:\/\/www.eldiario.net\/portal\/wp-content\/uploads\/2024\/01\/Nito.jpg","width":2362,"height":1572,"caption":"EL M\u00daSICO ARGENTINO NITO MESTRE."},{"@type":"BreadcrumbList","@id":"https:\/\/www.eldiario.net\/portal\/2024\/01\/06\/nito-mestre-celebrara-mas-de-50-anos-de-sui-generis-con-un-concierto-sinfonico\/#breadcrumb","itemListElement":[{"@type":"ListItem","position":1,"name":"Portada","item":"https:\/\/www.eldiario.net\/portal\/"},{"@type":"ListItem","position":2,"name":"Nito Mestre celebrar\u00e1 m\u00e1s de 50 a\u00f1os de Sui Generis con un concierto sinf\u00f3nico"}]},{"@type":"WebSite","@id":"https:\/\/www.eldiario.net\/portal\/#website","url":"https:\/\/www.eldiario.net\/portal\/","name":"El Diario - Decano de la prensa nacional","description":"El Diario - Decano de la prensa nacional","publisher":{"@id":"https:\/\/www.eldiario.net\/portal\/#organization"},"potentialAction":[{"@type":"SearchAction","target":{"@type":"EntryPoint","urlTemplate":"https:\/\/www.eldiario.net\/portal\/?s={search_term_string}"},"query-input":{"@type":"PropertyValueSpecification","valueRequired":true,"valueName":"search_term_string"}}],"inLanguage":"es"},{"@type":"Organization","@id":"https:\/\/www.eldiario.net\/portal\/#organization","name":"El Diario - Decano de la prensa nacional","url":"https:\/\/www.eldiario.net\/portal\/","logo":{"@type":"ImageObject","inLanguage":"es","@id":"https:\/\/www.eldiario.net\/portal\/#\/schema\/logo\/image\/","url":"https:\/\/www.eldiario.net\/portal\/wp-content\/uploads\/2023\/07\/logo_ED.jpg","contentUrl":"https:\/\/www.eldiario.net\/portal\/wp-content\/uploads\/2023\/07\/logo_ED.jpg","width":272,"height":52,"caption":"El Diario - Decano de la prensa nacional"},"image":{"@id":"https:\/\/www.eldiario.net\/portal\/#\/schema\/logo\/image\/"},"sameAs":["https:\/\/www.facebook.com\/eldiario.bolivia\/","https:\/\/x.com\/eldiario_net"]},{"@type":"Person","@id":"https:\/\/www.eldiario.net\/portal\/#\/schema\/person\/f46445640444750d7d753ccd04ae01b7","name":"Jeanette","image":{"@type":"ImageObject","inLanguage":"es","@id":"https:\/\/secure.gravatar.com\/avatar\/3ea2118a5f7dad2b7138b1187a6b7ee55f160b9968b66013c3a3ef39dd7e5798?s=96&d=mm&r=g","url":"https:\/\/secure.gravatar.com\/avatar\/3ea2118a5f7dad2b7138b1187a6b7ee55f160b9968b66013c3a3ef39dd7e5798?s=96&d=mm&r=g","contentUrl":"https:\/\/secure.gravatar.com\/avatar\/3ea2118a5f7dad2b7138b1187a6b7ee55f160b9968b66013c3a3ef39dd7e5798?s=96&d=mm&r=g","caption":"Jeanette"},"sameAs":["https:\/\/www.eldiario.net\/portal"],"url":"https:\/\/www.eldiario.net\/portal\/author\/jeanette\/"}]}},"_links":{"self":[{"href":"https:\/\/www.eldiario.net\/portal\/wp-json\/wp\/v2\/posts\/196145","targetHints":{"allow":["GET"]}}],"collection":[{"href":"https:\/\/www.eldiario.net\/portal\/wp-json\/wp\/v2\/posts"}],"about":[{"href":"https:\/\/www.eldiario.net\/portal\/wp-json\/wp\/v2\/types\/post"}],"author":[{"embeddable":true,"href":"https:\/\/www.eldiario.net\/portal\/wp-json\/wp\/v2\/users\/1"}],"replies":[{"embeddable":true,"href":"https:\/\/www.eldiario.net\/portal\/wp-json\/wp\/v2\/comments?post=196145"}],"version-history":[{"count":1,"href":"https:\/\/www.eldiario.net\/portal\/wp-json\/wp\/v2\/posts\/196145\/revisions"}],"predecessor-version":[{"id":196147,"href":"https:\/\/www.eldiario.net\/portal\/wp-json\/wp\/v2\/posts\/196145\/revisions\/196147"}],"wp:featuredmedia":[{"embeddable":true,"href":"https:\/\/www.eldiario.net\/portal\/wp-json\/wp\/v2\/media\/196146"}],"wp:attachment":[{"href":"https:\/\/www.eldiario.net\/portal\/wp-json\/wp\/v2\/media?parent=196145"}],"wp:term":[{"taxonomy":"category","embeddable":true,"href":"https:\/\/www.eldiario.net\/portal\/wp-json\/wp\/v2\/categories?post=196145"},{"taxonomy":"post_tag","embeddable":true,"href":"https:\/\/www.eldiario.net\/portal\/wp-json\/wp\/v2\/tags?post=196145"}],"curies":[{"name":"wp","href":"https:\/\/api.w.org\/{rel}","templated":true}]}}