{"id":196140,"date":"2024-01-06T06:34:53","date_gmt":"2024-01-06T10:34:53","guid":{"rendered":"https:\/\/www.eldiario.net\/portal\/?p=196140"},"modified":"2024-01-06T06:34:53","modified_gmt":"2024-01-06T10:34:53","slug":"escasez-de-dolares-se-agudizara-en-2024-mientras-el-paralelo-cuesta-mas-de-bs-78","status":"publish","type":"post","link":"https:\/\/www.eldiario.net\/portal\/2024\/01\/06\/escasez-de-dolares-se-agudizara-en-2024-mientras-el-paralelo-cuesta-mas-de-bs-78\/","title":{"rendered":"Escasez de d\u00f3lares se agudizar\u00e1 en 2024, mientras el paralelo cuesta m\u00e1s de Bs 7,8"},"content":{"rendered":"<p>Los importadores anuncian movilizaci\u00f3n por la falta de d\u00f3lares en el mercado nacional, debido a que se utiliza en las diferentes transacciones de comercio internacional. Mientras tanto la necesidad de adquirir la moneda los lleva al mercado paralelo, a comprar por un valor de m\u00e1s de 7,8 bolivianos. El Gobierno se\u00f1ala que la econom\u00eda pasa por un per\u00edodo transitorio de baja liquidez.<br \/>\nMientras las autoridades del sector econ\u00f3mico anuncian que la recuperaci\u00f3n de las reservas estar\u00e1 en base a la industrializaci\u00f3n con sustituci\u00f3n de importaciones, as\u00ed como la puesta en marcha de proyectos como el litio y el aporte de las empresas estatales, la situaci\u00f3n es m\u00e1s complicada de acuerdo a economistas.<br \/>\nPor ejemplo, en el caso del litio, el economista Gonzalo Ch\u00e1vez indic\u00f3 que Bolivia sigue rezagada, Chile toma el liderazgo en el tema de la comercializaci\u00f3n del carbonato de litio, Argentina va en segundo lugar y el pa\u00eds qued\u00f3 rezagado.<br \/>\nComo se recordar\u00e1, Elon Musk, director de Tesla, anunci\u00f3 su aterrizaje en Argentina para desarrollar el proyecto de litio, mientras tanto el mercado internacional registra una ca\u00edda del precio de este insumo para las bater\u00edas.<br \/>\nPor ello se pone en duda de los resultados del proyecto del litio. Asimismo, las exportaciones van en ca\u00edda mientras las importaciones, a pesar de la escasez de d\u00f3lares, van en aumento, y en el 2023 se registrar\u00e1 d\u00e9ficit comercial.<br \/>\nMientras tanto, los hidrocarburos todav\u00eda no levantan vuelo con nuevos hallazgos y el Gobierno apuesta a la sustituci\u00f3n de importaciones con la puesta en marcha de las plantas de biodi\u00e9sel.<br \/>\nEsos factores negativos indicados por los analistas econ\u00f3micos muestran un panorama poco alentador y da la sensaci\u00f3n de que en la presente gesti\u00f3n la escasez se agudizar\u00e1.<br \/>\nMovilizaci\u00f3n<br \/>\nLa presidenta de la Asociaci\u00f3n de Importadores y Comerciantes por Cuenta Propia, Mercedes Quisbert, en declaraciones a la prensa, indic\u00f3 que la escasez de d\u00f3lares es desesperante, pues no se puede conseguir en el mercado nacional.<br \/>\nY el paralelo, el precio oscila entre 7,8 bolivianos a 7,9 bolivianos por d\u00f3lares y que lastimosamente deben acudir a la divisa extranjera para adquirir los insumos de afuera.<br \/>\nAnuncian que realizar\u00e1n una asamblea del sector en la que determinar\u00e1n medidas a tomar para exigir al gobierno a regularizar la venta de d\u00f3lares en el mercado nacional al precio oficial.<br \/>\nTransitorio<br \/>\nPara las autoridades del sector econ\u00f3mico, Bolivia atraviesa por un per\u00edodo transitorio de baja liquidez de d\u00f3lares, pero con la con la puesta en marcha de plantas industriales y el programa de sustituci\u00f3n de importaciones se lograr\u00e1 superar este momento. De forma gradual la banca dispone de m\u00e1s divisas para cubrir la demanda de la poblaci\u00f3n, seg\u00fan el ministro de Econom\u00eda y Finanzas P\u00fablicas, Marcelo Montenegro.<br \/>\nPuso el ejemplo de un productor que debe invertir para que su negocio genere productos y luego crezca, en determinado tiempo no tendr\u00e1 liquidez, pero ya tiene solvencia y, con el tiempo tendr\u00e1 ganancias, lo propio ocurre en el Estado con la inversi\u00f3n en las plantas productoras de litio, NPK, entre otras.<br \/>\nMercado informal<br \/>\nPor otra parte, Montenegro, en conferencia de prensa en Santa Cruz, indic\u00f3 que en el mercado informal existen unos 10 mil millones de d\u00f3lares, por lo cual no se puede decir que falte esa divisa extranjera, pero obviamente hay gente que se ha metido al negocio de la especulaci\u00f3n.<br \/>\nAl respecto, en su momento Ch\u00e1vez indic\u00f3 que hay d\u00f3lares en el \u201ccolch\u00f3n Bank millones de d\u00f3lares\u201d, por ello sugiri\u00f3 a las autoridades a eliminar el Impuesto a la Transacci\u00f3n Financiera (ITF) para que sean depositados en el sistema.<br \/>\nTambi\u00e9n sugiri\u00f3 en su momento, el gerente General del Instituto Boliviano de Comercio Exterior (Ibce), Gary Rodr\u00edguez, que se debe fomentar las exportaciones y retirar las prohibiciones, planteamiento que coincidi\u00f3, por separado, con Ch\u00e1vez, pero el Gobierno dijo que se mantendr\u00e1 las restricciones.<br \/>\nMientras el analista financiero Jaime Dunn escribi\u00f3 en X (Twitter) @JaimeDunn_: Sab\u00edamos que es as\u00ed. Gobierno reci\u00e9n lo reconoce. M\u00e1s del 85% de los empleados y m\u00e1s del 60% de las empresas son informales. La informalidad es el refugio natural de los emprendimientos y las personas ante un Gobierno burocr\u00e1tico, corrupto, lleno de trabas y que no inspira confianza. La informalidad y el contrabando son producto del \u201c\u00e9xito\u201d del Modelo Econ\u00f3mico Social Comunitario y Productivo.<\/p>\n","protected":false},"excerpt":{"rendered":"<p>Los importadores anuncian movilizaci\u00f3n por la falta de d\u00f3lares en el mercado nacional, debido a que se utiliza en las diferentes transacciones de comercio internacional. Mientras tanto la necesidad de adquirir la moneda los lleva al mercado paralelo, a comprar por un valor de m\u00e1s de 7,8 bolivianos. El Gobierno se\u00f1ala que la econom\u00eda pasa [&hellip;]<\/p>\n","protected":false},"author":1,"featured_media":196141,"comment_status":"open","ping_status":"open","sticky":false,"template":"","format":"standard","meta":{"_acf_changed":false,"footnotes":""},"categories":[7],"tags":[],"class_list":["post-196140","post","type-post","status-publish","format-standard","has-post-thumbnail","category-economia"],"acf":{"antetitulo":""},"yoast_head":"<!-- This site is optimized with the Yoast SEO plugin v28.3 - https:\/\/yoast.com\/product\/yoast-seo-wordpress\/ -->\n<title>Escasez de d\u00f3lares se agudizar\u00e1 en 2024, mientras el paralelo cuesta m\u00e1s de Bs 7,8 - El Diario - Bolivia<\/title>\n<meta name=\"robots\" content=\"index, follow, max-snippet:-1, max-image-preview:large, max-video-preview:-1\" \/>\n<link rel=\"canonical\" href=\"https:\/\/www.eldiario.net\/portal\/2024\/01\/06\/escasez-de-dolares-se-agudizara-en-2024-mientras-el-paralelo-cuesta-mas-de-bs-78\/\" \/>\n<meta property=\"og:locale\" content=\"es_ES\" \/>\n<meta property=\"og:type\" content=\"article\" \/>\n<meta property=\"og:title\" content=\"Escasez de d\u00f3lares se agudizar\u00e1 en 2024, mientras el paralelo cuesta m\u00e1s de Bs 7,8 - El Diario - Bolivia\" \/>\n<meta property=\"og:description\" content=\"Los importadores anuncian movilizaci\u00f3n por la falta de d\u00f3lares en el mercado nacional, debido a que se utiliza en las diferentes transacciones de comercio internacional. Mientras tanto la necesidad de adquirir la moneda los lleva al mercado paralelo, a comprar por un valor de m\u00e1s de 7,8 bolivianos. El Gobierno se\u00f1ala que la econom\u00eda pasa [&hellip;]\" \/>\n<meta property=\"og:url\" content=\"https:\/\/www.eldiario.net\/portal\/2024\/01\/06\/escasez-de-dolares-se-agudizara-en-2024-mientras-el-paralelo-cuesta-mas-de-bs-78\/\" \/>\n<meta property=\"og:site_name\" content=\"El Diario - Bolivia\" \/>\n<meta property=\"article:publisher\" content=\"https:\/\/www.facebook.com\/eldiario.bolivia\/\" \/>\n<meta property=\"article:published_time\" content=\"2024-01-06T10:34:53+00:00\" \/>\n<meta property=\"og:image\" content=\"https:\/\/www.eldiario.net\/portal\/wp-content\/uploads\/2024\/01\/dolar.jpg\" \/>\n\t<meta property=\"og:image:width\" content=\"900\" \/>\n\t<meta property=\"og:image:height\" content=\"507\" \/>\n\t<meta property=\"og:image:type\" content=\"image\/jpeg\" \/>\n<meta name=\"author\" content=\"Jeanette\" \/>\n<meta name=\"twitter:card\" content=\"summary_large_image\" \/>\n<meta name=\"twitter:creator\" content=\"@eldiario_net\" \/>\n<meta name=\"twitter:site\" content=\"@eldiario_net\" \/>\n<meta name=\"twitter:label1\" content=\"Escrito por\" \/>\n\t<meta name=\"twitter:data1\" content=\"Jeanette\" \/>\n\t<meta name=\"twitter:label2\" content=\"Tiempo de lectura\" \/>\n\t<meta name=\"twitter:data2\" content=\"4 minutos\" \/>\n<script type=\"application\/ld+json\" class=\"yoast-schema-graph\">{\"@context\":\"https:\\\/\\\/schema.org\",\"@graph\":[{\"@type\":\"Article\",\"@id\":\"https:\\\/\\\/www.eldiario.net\\\/portal\\\/2024\\\/01\\\/06\\\/escasez-de-dolares-se-agudizara-en-2024-mientras-el-paralelo-cuesta-mas-de-bs-78\\\/#article\",\"isPartOf\":{\"@id\":\"https:\\\/\\\/www.eldiario.net\\\/portal\\\/2024\\\/01\\\/06\\\/escasez-de-dolares-se-agudizara-en-2024-mientras-el-paralelo-cuesta-mas-de-bs-78\\\/\"},\"author\":{\"name\":\"Jeanette\",\"@id\":\"https:\\\/\\\/www.eldiario.net\\\/portal\\\/#\\\/schema\\\/person\\\/f46445640444750d7d753ccd04ae01b7\"},\"headline\":\"Escasez de d\u00f3lares se agudizar\u00e1 en 2024, mientras el paralelo cuesta m\u00e1s de Bs 7,8\",\"datePublished\":\"2024-01-06T10:34:53+00:00\",\"mainEntityOfPage\":{\"@id\":\"https:\\\/\\\/www.eldiario.net\\\/portal\\\/2024\\\/01\\\/06\\\/escasez-de-dolares-se-agudizara-en-2024-mientras-el-paralelo-cuesta-mas-de-bs-78\\\/\"},\"wordCount\":775,\"commentCount\":0,\"publisher\":{\"@id\":\"https:\\\/\\\/www.eldiario.net\\\/portal\\\/#organization\"},\"image\":{\"@id\":\"https:\\\/\\\/www.eldiario.net\\\/portal\\\/2024\\\/01\\\/06\\\/escasez-de-dolares-se-agudizara-en-2024-mientras-el-paralelo-cuesta-mas-de-bs-78\\\/#primaryimage\"},\"thumbnailUrl\":\"https:\\\/\\\/www.eldiario.net\\\/portal\\\/wp-content\\\/uploads\\\/2024\\\/01\\\/dolar.jpg\",\"articleSection\":[\"Econom\u00eda\"],\"inLanguage\":\"es\",\"potentialAction\":[{\"@type\":\"CommentAction\",\"name\":\"Comment\",\"target\":[\"https:\\\/\\\/www.eldiario.net\\\/portal\\\/2024\\\/01\\\/06\\\/escasez-de-dolares-se-agudizara-en-2024-mientras-el-paralelo-cuesta-mas-de-bs-78\\\/#respond\"]}]},{\"@type\":\"WebPage\",\"@id\":\"https:\\\/\\\/www.eldiario.net\\\/portal\\\/2024\\\/01\\\/06\\\/escasez-de-dolares-se-agudizara-en-2024-mientras-el-paralelo-cuesta-mas-de-bs-78\\\/\",\"url\":\"https:\\\/\\\/www.eldiario.net\\\/portal\\\/2024\\\/01\\\/06\\\/escasez-de-dolares-se-agudizara-en-2024-mientras-el-paralelo-cuesta-mas-de-bs-78\\\/\",\"name\":\"Escasez de d\u00f3lares se agudizar\u00e1 en 2024, mientras el paralelo cuesta m\u00e1s de Bs 7,8 - El Diario - Bolivia\",\"isPartOf\":{\"@id\":\"https:\\\/\\\/www.eldiario.net\\\/portal\\\/#website\"},\"primaryImageOfPage\":{\"@id\":\"https:\\\/\\\/www.eldiario.net\\\/portal\\\/2024\\\/01\\\/06\\\/escasez-de-dolares-se-agudizara-en-2024-mientras-el-paralelo-cuesta-mas-de-bs-78\\\/#primaryimage\"},\"image\":{\"@id\":\"https:\\\/\\\/www.eldiario.net\\\/portal\\\/2024\\\/01\\\/06\\\/escasez-de-dolares-se-agudizara-en-2024-mientras-el-paralelo-cuesta-mas-de-bs-78\\\/#primaryimage\"},\"thumbnailUrl\":\"https:\\\/\\\/www.eldiario.net\\\/portal\\\/wp-content\\\/uploads\\\/2024\\\/01\\\/dolar.jpg\",\"datePublished\":\"2024-01-06T10:34:53+00:00\",\"breadcrumb\":{\"@id\":\"https:\\\/\\\/www.eldiario.net\\\/portal\\\/2024\\\/01\\\/06\\\/escasez-de-dolares-se-agudizara-en-2024-mientras-el-paralelo-cuesta-mas-de-bs-78\\\/#breadcrumb\"},\"inLanguage\":\"es\",\"potentialAction\":[{\"@type\":\"ReadAction\",\"target\":[\"https:\\\/\\\/www.eldiario.net\\\/portal\\\/2024\\\/01\\\/06\\\/escasez-de-dolares-se-agudizara-en-2024-mientras-el-paralelo-cuesta-mas-de-bs-78\\\/\"]}]},{\"@type\":\"ImageObject\",\"inLanguage\":\"es\",\"@id\":\"https:\\\/\\\/www.eldiario.net\\\/portal\\\/2024\\\/01\\\/06\\\/escasez-de-dolares-se-agudizara-en-2024-mientras-el-paralelo-cuesta-mas-de-bs-78\\\/#primaryimage\",\"url\":\"https:\\\/\\\/www.eldiario.net\\\/portal\\\/wp-content\\\/uploads\\\/2024\\\/01\\\/dolar.jpg\",\"contentUrl\":\"https:\\\/\\\/www.eldiario.net\\\/portal\\\/wp-content\\\/uploads\\\/2024\\\/01\\\/dolar.jpg\",\"width\":900,\"height\":507,\"caption\":\"La escasez de d\u00f3lares ser\u00e1 un problema en la presente gesti\u00f3n.\"},{\"@type\":\"BreadcrumbList\",\"@id\":\"https:\\\/\\\/www.eldiario.net\\\/portal\\\/2024\\\/01\\\/06\\\/escasez-de-dolares-se-agudizara-en-2024-mientras-el-paralelo-cuesta-mas-de-bs-78\\\/#breadcrumb\",\"itemListElement\":[{\"@type\":\"ListItem\",\"position\":1,\"name\":\"Portada\",\"item\":\"https:\\\/\\\/www.eldiario.net\\\/portal\\\/\"},{\"@type\":\"ListItem\",\"position\":2,\"name\":\"Escasez de d\u00f3lares se agudizar\u00e1 en 2024, mientras el paralelo cuesta m\u00e1s de Bs 7,8\"}]},{\"@type\":\"WebSite\",\"@id\":\"https:\\\/\\\/www.eldiario.net\\\/portal\\\/#website\",\"url\":\"https:\\\/\\\/www.eldiario.net\\\/portal\\\/\",\"name\":\"El Diario - Decano de la prensa nacional\",\"description\":\"El Diario - Decano de la prensa nacional\",\"publisher\":{\"@id\":\"https:\\\/\\\/www.eldiario.net\\\/portal\\\/#organization\"},\"potentialAction\":[{\"@type\":\"SearchAction\",\"target\":{\"@type\":\"EntryPoint\",\"urlTemplate\":\"https:\\\/\\\/www.eldiario.net\\\/portal\\\/?s={search_term_string}\"},\"query-input\":{\"@type\":\"PropertyValueSpecification\",\"valueRequired\":true,\"valueName\":\"search_term_string\"}}],\"inLanguage\":\"es\"},{\"@type\":\"Organization\",\"@id\":\"https:\\\/\\\/www.eldiario.net\\\/portal\\\/#organization\",\"name\":\"El Diario - Decano de la prensa nacional\",\"url\":\"https:\\\/\\\/www.eldiario.net\\\/portal\\\/\",\"logo\":{\"@type\":\"ImageObject\",\"inLanguage\":\"es\",\"@id\":\"https:\\\/\\\/www.eldiario.net\\\/portal\\\/#\\\/schema\\\/logo\\\/image\\\/\",\"url\":\"https:\\\/\\\/www.eldiario.net\\\/portal\\\/wp-content\\\/uploads\\\/2023\\\/07\\\/logo_ED.jpg\",\"contentUrl\":\"https:\\\/\\\/www.eldiario.net\\\/portal\\\/wp-content\\\/uploads\\\/2023\\\/07\\\/logo_ED.jpg\",\"width\":272,\"height\":52,\"caption\":\"El Diario - Decano de la prensa nacional\"},\"image\":{\"@id\":\"https:\\\/\\\/www.eldiario.net\\\/portal\\\/#\\\/schema\\\/logo\\\/image\\\/\"},\"sameAs\":[\"https:\\\/\\\/www.facebook.com\\\/eldiario.bolivia\\\/\",\"https:\\\/\\\/x.com\\\/eldiario_net\"]},{\"@type\":\"Person\",\"@id\":\"https:\\\/\\\/www.eldiario.net\\\/portal\\\/#\\\/schema\\\/person\\\/f46445640444750d7d753ccd04ae01b7\",\"name\":\"Jeanette\",\"image\":{\"@type\":\"ImageObject\",\"inLanguage\":\"es\",\"@id\":\"https:\\\/\\\/secure.gravatar.com\\\/avatar\\\/3ea2118a5f7dad2b7138b1187a6b7ee55f160b9968b66013c3a3ef39dd7e5798?s=96&d=mm&r=g\",\"url\":\"https:\\\/\\\/secure.gravatar.com\\\/avatar\\\/3ea2118a5f7dad2b7138b1187a6b7ee55f160b9968b66013c3a3ef39dd7e5798?s=96&d=mm&r=g\",\"contentUrl\":\"https:\\\/\\\/secure.gravatar.com\\\/avatar\\\/3ea2118a5f7dad2b7138b1187a6b7ee55f160b9968b66013c3a3ef39dd7e5798?s=96&d=mm&r=g\",\"caption\":\"Jeanette\"},\"sameAs\":[\"https:\\\/\\\/www.eldiario.net\\\/portal\"],\"url\":\"https:\\\/\\\/www.eldiario.net\\\/portal\\\/author\\\/jeanette\\\/\"}]}<\/script>\n<!-- \/ Yoast SEO plugin. -->","yoast_head_json":{"title":"Escasez de d\u00f3lares se agudizar\u00e1 en 2024, mientras el paralelo cuesta m\u00e1s de Bs 7,8 - El Diario - Bolivia","robots":{"index":"index","follow":"follow","max-snippet":"max-snippet:-1","max-image-preview":"max-image-preview:large","max-video-preview":"max-video-preview:-1"},"canonical":"https:\/\/www.eldiario.net\/portal\/2024\/01\/06\/escasez-de-dolares-se-agudizara-en-2024-mientras-el-paralelo-cuesta-mas-de-bs-78\/","og_locale":"es_ES","og_type":"article","og_title":"Escasez de d\u00f3lares se agudizar\u00e1 en 2024, mientras el paralelo cuesta m\u00e1s de Bs 7,8 - El Diario - Bolivia","og_description":"Los importadores anuncian movilizaci\u00f3n por la falta de d\u00f3lares en el mercado nacional, debido a que se utiliza en las diferentes transacciones de comercio internacional. Mientras tanto la necesidad de adquirir la moneda los lleva al mercado paralelo, a comprar por un valor de m\u00e1s de 7,8 bolivianos. El Gobierno se\u00f1ala que la econom\u00eda pasa [&hellip;]","og_url":"https:\/\/www.eldiario.net\/portal\/2024\/01\/06\/escasez-de-dolares-se-agudizara-en-2024-mientras-el-paralelo-cuesta-mas-de-bs-78\/","og_site_name":"El Diario - Bolivia","article_publisher":"https:\/\/www.facebook.com\/eldiario.bolivia\/","article_published_time":"2024-01-06T10:34:53+00:00","og_image":[{"width":900,"height":507,"url":"https:\/\/www.eldiario.net\/portal\/wp-content\/uploads\/2024\/01\/dolar.jpg","type":"image\/jpeg"}],"author":"Jeanette","twitter_card":"summary_large_image","twitter_creator":"@eldiario_net","twitter_site":"@eldiario_net","twitter_misc":{"Escrito por":"Jeanette","Tiempo de lectura":"4 minutos"},"schema":{"@context":"https:\/\/schema.org","@graph":[{"@type":"Article","@id":"https:\/\/www.eldiario.net\/portal\/2024\/01\/06\/escasez-de-dolares-se-agudizara-en-2024-mientras-el-paralelo-cuesta-mas-de-bs-78\/#article","isPartOf":{"@id":"https:\/\/www.eldiario.net\/portal\/2024\/01\/06\/escasez-de-dolares-se-agudizara-en-2024-mientras-el-paralelo-cuesta-mas-de-bs-78\/"},"author":{"name":"Jeanette","@id":"https:\/\/www.eldiario.net\/portal\/#\/schema\/person\/f46445640444750d7d753ccd04ae01b7"},"headline":"Escasez de d\u00f3lares se agudizar\u00e1 en 2024, mientras el paralelo cuesta m\u00e1s de Bs 7,8","datePublished":"2024-01-06T10:34:53+00:00","mainEntityOfPage":{"@id":"https:\/\/www.eldiario.net\/portal\/2024\/01\/06\/escasez-de-dolares-se-agudizara-en-2024-mientras-el-paralelo-cuesta-mas-de-bs-78\/"},"wordCount":775,"commentCount":0,"publisher":{"@id":"https:\/\/www.eldiario.net\/portal\/#organization"},"image":{"@id":"https:\/\/www.eldiario.net\/portal\/2024\/01\/06\/escasez-de-dolares-se-agudizara-en-2024-mientras-el-paralelo-cuesta-mas-de-bs-78\/#primaryimage"},"thumbnailUrl":"https:\/\/www.eldiario.net\/portal\/wp-content\/uploads\/2024\/01\/dolar.jpg","articleSection":["Econom\u00eda"],"inLanguage":"es","potentialAction":[{"@type":"CommentAction","name":"Comment","target":["https:\/\/www.eldiario.net\/portal\/2024\/01\/06\/escasez-de-dolares-se-agudizara-en-2024-mientras-el-paralelo-cuesta-mas-de-bs-78\/#respond"]}]},{"@type":"WebPage","@id":"https:\/\/www.eldiario.net\/portal\/2024\/01\/06\/escasez-de-dolares-se-agudizara-en-2024-mientras-el-paralelo-cuesta-mas-de-bs-78\/","url":"https:\/\/www.eldiario.net\/portal\/2024\/01\/06\/escasez-de-dolares-se-agudizara-en-2024-mientras-el-paralelo-cuesta-mas-de-bs-78\/","name":"Escasez de d\u00f3lares se agudizar\u00e1 en 2024, mientras el paralelo cuesta m\u00e1s de Bs 7,8 - El Diario - Bolivia","isPartOf":{"@id":"https:\/\/www.eldiario.net\/portal\/#website"},"primaryImageOfPage":{"@id":"https:\/\/www.eldiario.net\/portal\/2024\/01\/06\/escasez-de-dolares-se-agudizara-en-2024-mientras-el-paralelo-cuesta-mas-de-bs-78\/#primaryimage"},"image":{"@id":"https:\/\/www.eldiario.net\/portal\/2024\/01\/06\/escasez-de-dolares-se-agudizara-en-2024-mientras-el-paralelo-cuesta-mas-de-bs-78\/#primaryimage"},"thumbnailUrl":"https:\/\/www.eldiario.net\/portal\/wp-content\/uploads\/2024\/01\/dolar.jpg","datePublished":"2024-01-06T10:34:53+00:00","breadcrumb":{"@id":"https:\/\/www.eldiario.net\/portal\/2024\/01\/06\/escasez-de-dolares-se-agudizara-en-2024-mientras-el-paralelo-cuesta-mas-de-bs-78\/#breadcrumb"},"inLanguage":"es","potentialAction":[{"@type":"ReadAction","target":["https:\/\/www.eldiario.net\/portal\/2024\/01\/06\/escasez-de-dolares-se-agudizara-en-2024-mientras-el-paralelo-cuesta-mas-de-bs-78\/"]}]},{"@type":"ImageObject","inLanguage":"es","@id":"https:\/\/www.eldiario.net\/portal\/2024\/01\/06\/escasez-de-dolares-se-agudizara-en-2024-mientras-el-paralelo-cuesta-mas-de-bs-78\/#primaryimage","url":"https:\/\/www.eldiario.net\/portal\/wp-content\/uploads\/2024\/01\/dolar.jpg","contentUrl":"https:\/\/www.eldiario.net\/portal\/wp-content\/uploads\/2024\/01\/dolar.jpg","width":900,"height":507,"caption":"La escasez de d\u00f3lares ser\u00e1 un problema en la presente gesti\u00f3n."},{"@type":"BreadcrumbList","@id":"https:\/\/www.eldiario.net\/portal\/2024\/01\/06\/escasez-de-dolares-se-agudizara-en-2024-mientras-el-paralelo-cuesta-mas-de-bs-78\/#breadcrumb","itemListElement":[{"@type":"ListItem","position":1,"name":"Portada","item":"https:\/\/www.eldiario.net\/portal\/"},{"@type":"ListItem","position":2,"name":"Escasez de d\u00f3lares se agudizar\u00e1 en 2024, mientras el paralelo cuesta m\u00e1s de Bs 7,8"}]},{"@type":"WebSite","@id":"https:\/\/www.eldiario.net\/portal\/#website","url":"https:\/\/www.eldiario.net\/portal\/","name":"El Diario - Decano de la prensa nacional","description":"El Diario - Decano de la prensa nacional","publisher":{"@id":"https:\/\/www.eldiario.net\/portal\/#organization"},"potentialAction":[{"@type":"SearchAction","target":{"@type":"EntryPoint","urlTemplate":"https:\/\/www.eldiario.net\/portal\/?s={search_term_string}"},"query-input":{"@type":"PropertyValueSpecification","valueRequired":true,"valueName":"search_term_string"}}],"inLanguage":"es"},{"@type":"Organization","@id":"https:\/\/www.eldiario.net\/portal\/#organization","name":"El Diario - Decano de la prensa nacional","url":"https:\/\/www.eldiario.net\/portal\/","logo":{"@type":"ImageObject","inLanguage":"es","@id":"https:\/\/www.eldiario.net\/portal\/#\/schema\/logo\/image\/","url":"https:\/\/www.eldiario.net\/portal\/wp-content\/uploads\/2023\/07\/logo_ED.jpg","contentUrl":"https:\/\/www.eldiario.net\/portal\/wp-content\/uploads\/2023\/07\/logo_ED.jpg","width":272,"height":52,"caption":"El Diario - Decano de la prensa nacional"},"image":{"@id":"https:\/\/www.eldiario.net\/portal\/#\/schema\/logo\/image\/"},"sameAs":["https:\/\/www.facebook.com\/eldiario.bolivia\/","https:\/\/x.com\/eldiario_net"]},{"@type":"Person","@id":"https:\/\/www.eldiario.net\/portal\/#\/schema\/person\/f46445640444750d7d753ccd04ae01b7","name":"Jeanette","image":{"@type":"ImageObject","inLanguage":"es","@id":"https:\/\/secure.gravatar.com\/avatar\/3ea2118a5f7dad2b7138b1187a6b7ee55f160b9968b66013c3a3ef39dd7e5798?s=96&d=mm&r=g","url":"https:\/\/secure.gravatar.com\/avatar\/3ea2118a5f7dad2b7138b1187a6b7ee55f160b9968b66013c3a3ef39dd7e5798?s=96&d=mm&r=g","contentUrl":"https:\/\/secure.gravatar.com\/avatar\/3ea2118a5f7dad2b7138b1187a6b7ee55f160b9968b66013c3a3ef39dd7e5798?s=96&d=mm&r=g","caption":"Jeanette"},"sameAs":["https:\/\/www.eldiario.net\/portal"],"url":"https:\/\/www.eldiario.net\/portal\/author\/jeanette\/"}]}},"_links":{"self":[{"href":"https:\/\/www.eldiario.net\/portal\/wp-json\/wp\/v2\/posts\/196140","targetHints":{"allow":["GET"]}}],"collection":[{"href":"https:\/\/www.eldiario.net\/portal\/wp-json\/wp\/v2\/posts"}],"about":[{"href":"https:\/\/www.eldiario.net\/portal\/wp-json\/wp\/v2\/types\/post"}],"author":[{"embeddable":true,"href":"https:\/\/www.eldiario.net\/portal\/wp-json\/wp\/v2\/users\/1"}],"replies":[{"embeddable":true,"href":"https:\/\/www.eldiario.net\/portal\/wp-json\/wp\/v2\/comments?post=196140"}],"version-history":[{"count":1,"href":"https:\/\/www.eldiario.net\/portal\/wp-json\/wp\/v2\/posts\/196140\/revisions"}],"predecessor-version":[{"id":196142,"href":"https:\/\/www.eldiario.net\/portal\/wp-json\/wp\/v2\/posts\/196140\/revisions\/196142"}],"wp:featuredmedia":[{"embeddable":true,"href":"https:\/\/www.eldiario.net\/portal\/wp-json\/wp\/v2\/media\/196141"}],"wp:attachment":[{"href":"https:\/\/www.eldiario.net\/portal\/wp-json\/wp\/v2\/media?parent=196140"}],"wp:term":[{"taxonomy":"category","embeddable":true,"href":"https:\/\/www.eldiario.net\/portal\/wp-json\/wp\/v2\/categories?post=196140"},{"taxonomy":"post_tag","embeddable":true,"href":"https:\/\/www.eldiario.net\/portal\/wp-json\/wp\/v2\/tags?post=196140"}],"curies":[{"name":"wp","href":"https:\/\/api.w.org\/{rel}","templated":true}]}}