{"id":196035,"date":"2024-01-05T07:29:47","date_gmt":"2024-01-05T11:29:47","guid":{"rendered":"https:\/\/www.eldiario.net\/portal\/?p=196035"},"modified":"2024-01-05T07:29:47","modified_gmt":"2024-01-05T11:29:47","slug":"tse-insta-a-reencaminar-elecciones-judiciales-y-deponer-actitudes-politicas","status":"publish","type":"post","link":"https:\/\/www.eldiario.net\/portal\/2024\/01\/05\/tse-insta-a-reencaminar-elecciones-judiciales-y-deponer-actitudes-politicas\/","title":{"rendered":"TSE insta a reencaminar elecciones  judiciales y deponer actitudes pol\u00edticas"},"content":{"rendered":"<p>Precisando que el \u00d3rgano Electoral cumpli\u00f3 con todos los actos necesarios para llevar adelante las Elecciones Judiciales en la gesti\u00f3n 2023, el presidente en ejercicio del Tribunal Supremo Electoral (TSE), Francisco Vargas, pidi\u00f3 a las fuerzas pol\u00edticas que componen la Asamblea Legislativa Plurinacional (ALP), reencaminar este proceso y despojarse de intereses pol\u00edtico-partidarios.<br \/>\nDurante su intervenci\u00f3n en el acto de rendici\u00f3n p\u00fablica de cuentas e inauguraci\u00f3n del a\u00f1o electoral 2024, Vargas hizo referencia a los comicios judiciales que debieron haberse realizado la pasada gesti\u00f3n, puntualizando que el per\u00edodo constitucional de funciones para las autoridades electas en 2017, feneci\u00f3 el 31 de diciembre de 2023.<br \/>\n\u201cComo es de conocimiento de toda la ciudadan\u00eda, desde la \u00faltima elecci\u00f3n de altas autoridades del \u00d3rgano Judicial y del Tribunal Constitucional Plurinacional del a\u00f1o 2017, esa gesti\u00f3n ya cumpli\u00f3 el per\u00edodo constitucional de seis a\u00f1os\u201d, indic\u00f3.<br \/>\nEn ese sentido, sostuvo que el no haber cumplido con la realizaci\u00f3n de este proceso electoral, se constituye en un aspecto \u201cnegativo para la salud de la democracia boliviana\u201d, por lo que corresponde al Parlamento trabajar en la reconducci\u00f3n y consolidaci\u00f3n de la etapa de preselecci\u00f3n de candidatos a altas cortes de justicia, lo antes posible.<br \/>\n\u201cEste proceso debe ser reencaminado por la Asamblea Legislativa en base a un gran acuerdo nacional en el que actores pol\u00edticos depongan actitudes partidarias y piensen en la institucionalidad del pa\u00eds\u201d, expres\u00f3 la autoridad electoral.<br \/>\nVargas adem\u00e1s resalt\u00f3 que, pese a los inconvenientes y aspectos que obstaculizaron y pospusieron la preselecci\u00f3n de postulantes en la ALP, desde el \u00d3rgano Electoral se cumpli\u00f3 con todos los requerimientos t\u00e9cnicos para organizar estos comicios y llevar adelante una votaci\u00f3n que permita a la ciudadan\u00eda poder elegir, mediante las urnas, a las nuevas cabezas de la justicia nacional.<br \/>\n\u201cSe realiz\u00f3 todo lo indispensable para la administraci\u00f3n y ejecuci\u00f3n del proceso electoral para las elecciones judiciales 2023\u201d, reiter\u00f3 Vargas, detallando que entre los trabajos realizados por el TSE se cuentan diferentes tareas internas como planes de desarrollo, actividades de planificaci\u00f3n, talleres internos, ajustes al calendario electoral, ajustes a la planificaci\u00f3n interna y otros, en espera de que la ALP remita una n\u00f3mina de los preseleccionados.<br \/>\nInsistiendo en que desde el punto de vista t\u00e9cnico, se contaba con todas las herramientas necesarias para la ejecuci\u00f3n de los comicios judiciales en el a\u00f1o 2023, y que al no haberse cumplido con la etapa de preselecci\u00f3n en los plazos requeridos para garantizar la realizaci\u00f3n de la votaci\u00f3n y la entrega de credenciales a las nuevas autoridades, el vocal presidente lament\u00f3 que esto no haya sido posible.<br \/>\n\u201cEl \u00d3rgano Electoral fue enf\u00e1tico al se\u00f1alar que no se garantizaba la entrega de credenciales a las autoridades electas, si la n\u00f3mina de candidatos preseleccionados no era remitida por la Asamblea Legislativa hasta el 3 de septiembre, actividad que, como es de conocimiento p\u00fablico, no ocurri\u00f3\u201d, dijo.<br \/>\nDurante su discurso, Vargas tambi\u00e9n se refiri\u00f3 a las versiones de actores pol\u00edticos que constantemente denuncian intentos de proscripci\u00f3n contra organizaciones pol\u00edticas y candidaturas, afirmando que en el TSE no existe intensi\u00f3n alguna en ese sentido. En esa l\u00ednea, llam\u00f3 a que l\u00edderes eviten emitir acusaciones carentes de fundamento y demuestren capacidad de resolver conflictos por la v\u00eda democr\u00e1tica.<br \/>\n\u201cLes invito a los l\u00edderes pol\u00edticos, a demostrar a la sociedad la capacidad que tienen de resoluci\u00f3n de sus conflictos por las v\u00edas democr\u00e1ticas y demuestren participaci\u00f3n efectiva en igualdad de condiciones, con pleno respeto paritario de mujeres, j\u00f3venes e ind\u00edgenas como manda la ley\u201d, dijo.<br \/>\nPosteriormente, atendiendo el requerimiento de medios de prensa, Vargas evit\u00f3 adelantar criterios sobre la posible inhabilitaci\u00f3n de Evo Morales para una candidatura presidencial, como consecuencia de una Sentencia Constitucional que en su parte argumentativa incorpora la Opini\u00f3n Consultiva de la Corte Interamericana de Derechos Humanos, en la que se niega la posibilidad de que la reelecci\u00f3n presidencial indefinida sea considerada un derecho humano.<br \/>\n\u201cNo hay un proceso electoral en curso. En este momento ning\u00fan boliviano, ninguna boliviana, es candidato, por lo menos no ha sido habilitado por el \u00d3rgano Electoral, por lo tanto mal podr\u00edamos pronunciarnos sobre alg\u00fan caso espec\u00edfico y particular\u201d, explic\u00f3 Vargas, adelantando que la Sentencia Constitucional referida ser\u00e1 valorada por cada uno de los miembros de la Sala Plena del TSE cuando exista un caso concreto para analizar.<\/p>\n","protected":false},"excerpt":{"rendered":"<p>Precisando que el \u00d3rgano Electoral cumpli\u00f3 con todos los actos necesarios para llevar adelante las Elecciones Judiciales en la gesti\u00f3n 2023, el presidente en ejercicio del Tribunal Supremo Electoral (TSE), Francisco Vargas, pidi\u00f3 a las fuerzas pol\u00edticas que componen la Asamblea Legislativa Plurinacional (ALP), reencaminar este proceso y despojarse de intereses pol\u00edtico-partidarios. Durante su intervenci\u00f3n [&hellip;]<\/p>\n","protected":false},"author":1,"featured_media":196037,"comment_status":"open","ping_status":"open","sticky":false,"template":"","format":"standard","meta":{"_acf_changed":false,"footnotes":""},"categories":[14],"tags":[],"class_list":["post-196035","post","type-post","status-publish","format-standard","has-post-thumbnail","category-politica"],"acf":{"antetitulo":"Mediante acuerdo nacional"},"yoast_head":"<!-- This site is optimized with the Yoast SEO plugin v28.4 - https:\/\/yoast.com\/product\/yoast-seo-wordpress\/ -->\n<title>TSE insta a reencaminar elecciones judiciales y deponer actitudes pol\u00edticas - El Diario - Bolivia<\/title>\n<meta name=\"robots\" content=\"index, follow, max-snippet:-1, max-image-preview:large, max-video-preview:-1\" \/>\n<link rel=\"canonical\" href=\"https:\/\/www.eldiario.net\/portal\/2024\/01\/05\/tse-insta-a-reencaminar-elecciones-judiciales-y-deponer-actitudes-politicas\/\" \/>\n<meta property=\"og:locale\" content=\"es_ES\" \/>\n<meta property=\"og:type\" content=\"article\" \/>\n<meta property=\"og:title\" content=\"TSE insta a reencaminar elecciones judiciales y deponer actitudes pol\u00edticas - El Diario - Bolivia\" \/>\n<meta property=\"og:description\" content=\"Precisando que el \u00d3rgano Electoral cumpli\u00f3 con todos los actos necesarios para llevar adelante las Elecciones Judiciales en la gesti\u00f3n 2023, el presidente en ejercicio del Tribunal Supremo Electoral (TSE), Francisco Vargas, pidi\u00f3 a las fuerzas pol\u00edticas que componen la Asamblea Legislativa Plurinacional (ALP), reencaminar este proceso y despojarse de intereses pol\u00edtico-partidarios. Durante su intervenci\u00f3n [&hellip;]\" \/>\n<meta property=\"og:url\" content=\"https:\/\/www.eldiario.net\/portal\/2024\/01\/05\/tse-insta-a-reencaminar-elecciones-judiciales-y-deponer-actitudes-politicas\/\" \/>\n<meta property=\"og:site_name\" content=\"El Diario - Bolivia\" \/>\n<meta property=\"article:publisher\" content=\"https:\/\/www.facebook.com\/eldiario.bolivia\/\" \/>\n<meta property=\"article:published_time\" content=\"2024-01-05T11:29:47+00:00\" \/>\n<meta property=\"og:image\" content=\"https:\/\/www.eldiario.net\/portal\/wp-content\/uploads\/2024\/01\/40-POL-1.jpg\" \/>\n\t<meta property=\"og:image:width\" content=\"1049\" \/>\n\t<meta property=\"og:image:height\" content=\"673\" \/>\n\t<meta property=\"og:image:type\" content=\"image\/jpeg\" \/>\n<meta name=\"author\" content=\"Jeanette\" \/>\n<meta name=\"twitter:card\" content=\"summary_large_image\" \/>\n<meta name=\"twitter:creator\" content=\"@eldiario_net\" \/>\n<meta name=\"twitter:site\" content=\"@eldiario_net\" \/>\n<meta name=\"twitter:label1\" content=\"Escrito por\" \/>\n\t<meta name=\"twitter:data1\" content=\"Jeanette\" \/>\n\t<meta name=\"twitter:label2\" content=\"Tiempo de lectura\" \/>\n\t<meta name=\"twitter:data2\" content=\"4 minutos\" \/>\n<script type=\"application\/ld+json\" class=\"yoast-schema-graph\">{\"@context\":\"https:\\\/\\\/schema.org\",\"@graph\":[{\"@type\":\"Article\",\"@id\":\"https:\\\/\\\/www.eldiario.net\\\/portal\\\/2024\\\/01\\\/05\\\/tse-insta-a-reencaminar-elecciones-judiciales-y-deponer-actitudes-politicas\\\/#article\",\"isPartOf\":{\"@id\":\"https:\\\/\\\/www.eldiario.net\\\/portal\\\/2024\\\/01\\\/05\\\/tse-insta-a-reencaminar-elecciones-judiciales-y-deponer-actitudes-politicas\\\/\"},\"author\":{\"name\":\"Jeanette\",\"@id\":\"https:\\\/\\\/www.eldiario.net\\\/portal\\\/#\\\/schema\\\/person\\\/2c57cf2b7a7ae032e449e4c9b1019eac\"},\"headline\":\"TSE insta a reencaminar elecciones judiciales y deponer actitudes pol\u00edticas\",\"datePublished\":\"2024-01-05T11:29:47+00:00\",\"mainEntityOfPage\":{\"@id\":\"https:\\\/\\\/www.eldiario.net\\\/portal\\\/2024\\\/01\\\/05\\\/tse-insta-a-reencaminar-elecciones-judiciales-y-deponer-actitudes-politicas\\\/\"},\"wordCount\":775,\"commentCount\":0,\"publisher\":{\"@id\":\"https:\\\/\\\/www.eldiario.net\\\/portal\\\/#organization\"},\"image\":{\"@id\":\"https:\\\/\\\/www.eldiario.net\\\/portal\\\/2024\\\/01\\\/05\\\/tse-insta-a-reencaminar-elecciones-judiciales-y-deponer-actitudes-politicas\\\/#primaryimage\"},\"thumbnailUrl\":\"https:\\\/\\\/www.eldiario.net\\\/portal\\\/wp-content\\\/uploads\\\/2024\\\/01\\\/40-POL-1.jpg\",\"articleSection\":[\"Pol\u00edtica\"],\"inLanguage\":\"es\",\"potentialAction\":[{\"@type\":\"CommentAction\",\"name\":\"Comment\",\"target\":[\"https:\\\/\\\/www.eldiario.net\\\/portal\\\/2024\\\/01\\\/05\\\/tse-insta-a-reencaminar-elecciones-judiciales-y-deponer-actitudes-politicas\\\/#respond\"]}]},{\"@type\":\"WebPage\",\"@id\":\"https:\\\/\\\/www.eldiario.net\\\/portal\\\/2024\\\/01\\\/05\\\/tse-insta-a-reencaminar-elecciones-judiciales-y-deponer-actitudes-politicas\\\/\",\"url\":\"https:\\\/\\\/www.eldiario.net\\\/portal\\\/2024\\\/01\\\/05\\\/tse-insta-a-reencaminar-elecciones-judiciales-y-deponer-actitudes-politicas\\\/\",\"name\":\"TSE insta a reencaminar elecciones judiciales y deponer actitudes pol\u00edticas - El Diario - Bolivia\",\"isPartOf\":{\"@id\":\"https:\\\/\\\/www.eldiario.net\\\/portal\\\/#website\"},\"primaryImageOfPage\":{\"@id\":\"https:\\\/\\\/www.eldiario.net\\\/portal\\\/2024\\\/01\\\/05\\\/tse-insta-a-reencaminar-elecciones-judiciales-y-deponer-actitudes-politicas\\\/#primaryimage\"},\"image\":{\"@id\":\"https:\\\/\\\/www.eldiario.net\\\/portal\\\/2024\\\/01\\\/05\\\/tse-insta-a-reencaminar-elecciones-judiciales-y-deponer-actitudes-politicas\\\/#primaryimage\"},\"thumbnailUrl\":\"https:\\\/\\\/www.eldiario.net\\\/portal\\\/wp-content\\\/uploads\\\/2024\\\/01\\\/40-POL-1.jpg\",\"datePublished\":\"2024-01-05T11:29:47+00:00\",\"breadcrumb\":{\"@id\":\"https:\\\/\\\/www.eldiario.net\\\/portal\\\/2024\\\/01\\\/05\\\/tse-insta-a-reencaminar-elecciones-judiciales-y-deponer-actitudes-politicas\\\/#breadcrumb\"},\"inLanguage\":\"es\",\"potentialAction\":[{\"@type\":\"ReadAction\",\"target\":[\"https:\\\/\\\/www.eldiario.net\\\/portal\\\/2024\\\/01\\\/05\\\/tse-insta-a-reencaminar-elecciones-judiciales-y-deponer-actitudes-politicas\\\/\"]}]},{\"@type\":\"ImageObject\",\"inLanguage\":\"es\",\"@id\":\"https:\\\/\\\/www.eldiario.net\\\/portal\\\/2024\\\/01\\\/05\\\/tse-insta-a-reencaminar-elecciones-judiciales-y-deponer-actitudes-politicas\\\/#primaryimage\",\"url\":\"https:\\\/\\\/www.eldiario.net\\\/portal\\\/wp-content\\\/uploads\\\/2024\\\/01\\\/40-POL-1.jpg\",\"contentUrl\":\"https:\\\/\\\/www.eldiario.net\\\/portal\\\/wp-content\\\/uploads\\\/2024\\\/01\\\/40-POL-1.jpg\",\"width\":1049,\"height\":673,\"caption\":\"INTEGRANTES DEL TSE.\"},{\"@type\":\"BreadcrumbList\",\"@id\":\"https:\\\/\\\/www.eldiario.net\\\/portal\\\/2024\\\/01\\\/05\\\/tse-insta-a-reencaminar-elecciones-judiciales-y-deponer-actitudes-politicas\\\/#breadcrumb\",\"itemListElement\":[{\"@type\":\"ListItem\",\"position\":1,\"name\":\"Portada\",\"item\":\"https:\\\/\\\/www.eldiario.net\\\/portal\\\/\"},{\"@type\":\"ListItem\",\"position\":2,\"name\":\"TSE insta a reencaminar elecciones judiciales y deponer actitudes pol\u00edticas\"}]},{\"@type\":\"WebSite\",\"@id\":\"https:\\\/\\\/www.eldiario.net\\\/portal\\\/#website\",\"url\":\"https:\\\/\\\/www.eldiario.net\\\/portal\\\/\",\"name\":\"El Diario - Decano de la prensa nacional\",\"description\":\"El Diario - Decano de la prensa nacional\",\"publisher\":{\"@id\":\"https:\\\/\\\/www.eldiario.net\\\/portal\\\/#organization\"},\"potentialAction\":[{\"@type\":\"SearchAction\",\"target\":{\"@type\":\"EntryPoint\",\"urlTemplate\":\"https:\\\/\\\/www.eldiario.net\\\/portal\\\/?s={search_term_string}\"},\"query-input\":{\"@type\":\"PropertyValueSpecification\",\"valueRequired\":true,\"valueName\":\"search_term_string\"}}],\"inLanguage\":\"es\"},{\"@type\":\"Organization\",\"@id\":\"https:\\\/\\\/www.eldiario.net\\\/portal\\\/#organization\",\"name\":\"El Diario - Decano de la prensa nacional\",\"url\":\"https:\\\/\\\/www.eldiario.net\\\/portal\\\/\",\"logo\":{\"@type\":\"ImageObject\",\"inLanguage\":\"es\",\"@id\":\"https:\\\/\\\/www.eldiario.net\\\/portal\\\/#\\\/schema\\\/logo\\\/image\\\/\",\"url\":\"https:\\\/\\\/www.eldiario.net\\\/portal\\\/wp-content\\\/uploads\\\/2023\\\/07\\\/logo_ED.jpg\",\"contentUrl\":\"https:\\\/\\\/www.eldiario.net\\\/portal\\\/wp-content\\\/uploads\\\/2023\\\/07\\\/logo_ED.jpg\",\"width\":272,\"height\":52,\"caption\":\"El Diario - Decano de la prensa nacional\"},\"image\":{\"@id\":\"https:\\\/\\\/www.eldiario.net\\\/portal\\\/#\\\/schema\\\/logo\\\/image\\\/\"},\"sameAs\":[\"https:\\\/\\\/www.facebook.com\\\/eldiario.bolivia\\\/\",\"https:\\\/\\\/x.com\\\/eldiario_net\"]},{\"@type\":\"Person\",\"@id\":\"https:\\\/\\\/www.eldiario.net\\\/portal\\\/#\\\/schema\\\/person\\\/2c57cf2b7a7ae032e449e4c9b1019eac\",\"name\":\"Jeanette\",\"image\":{\"@type\":\"ImageObject\",\"inLanguage\":\"es\",\"@id\":\"https:\\\/\\\/secure.gravatar.com\\\/avatar\\\/3ea2118a5f7dad2b7138b1187a6b7ee55f160b9968b66013c3a3ef39dd7e5798?s=96&d=mm&r=g\",\"url\":\"https:\\\/\\\/secure.gravatar.com\\\/avatar\\\/3ea2118a5f7dad2b7138b1187a6b7ee55f160b9968b66013c3a3ef39dd7e5798?s=96&d=mm&r=g\",\"contentUrl\":\"https:\\\/\\\/secure.gravatar.com\\\/avatar\\\/3ea2118a5f7dad2b7138b1187a6b7ee55f160b9968b66013c3a3ef39dd7e5798?s=96&d=mm&r=g\",\"caption\":\"Jeanette\"},\"sameAs\":[\"https:\\\/\\\/www.eldiario.net\\\/portal\"],\"url\":\"https:\\\/\\\/www.eldiario.net\\\/portal\\\/author\\\/jeanette\\\/\"}]}<\/script>\n<!-- \/ Yoast SEO plugin. -->","yoast_head_json":{"title":"TSE insta a reencaminar elecciones judiciales y deponer actitudes pol\u00edticas - El Diario - Bolivia","robots":{"index":"index","follow":"follow","max-snippet":"max-snippet:-1","max-image-preview":"max-image-preview:large","max-video-preview":"max-video-preview:-1"},"canonical":"https:\/\/www.eldiario.net\/portal\/2024\/01\/05\/tse-insta-a-reencaminar-elecciones-judiciales-y-deponer-actitudes-politicas\/","og_locale":"es_ES","og_type":"article","og_title":"TSE insta a reencaminar elecciones judiciales y deponer actitudes pol\u00edticas - El Diario - Bolivia","og_description":"Precisando que el \u00d3rgano Electoral cumpli\u00f3 con todos los actos necesarios para llevar adelante las Elecciones Judiciales en la gesti\u00f3n 2023, el presidente en ejercicio del Tribunal Supremo Electoral (TSE), Francisco Vargas, pidi\u00f3 a las fuerzas pol\u00edticas que componen la Asamblea Legislativa Plurinacional (ALP), reencaminar este proceso y despojarse de intereses pol\u00edtico-partidarios. Durante su intervenci\u00f3n [&hellip;]","og_url":"https:\/\/www.eldiario.net\/portal\/2024\/01\/05\/tse-insta-a-reencaminar-elecciones-judiciales-y-deponer-actitudes-politicas\/","og_site_name":"El Diario - Bolivia","article_publisher":"https:\/\/www.facebook.com\/eldiario.bolivia\/","article_published_time":"2024-01-05T11:29:47+00:00","og_image":[{"width":1049,"height":673,"url":"https:\/\/www.eldiario.net\/portal\/wp-content\/uploads\/2024\/01\/40-POL-1.jpg","type":"image\/jpeg"}],"author":"Jeanette","twitter_card":"summary_large_image","twitter_creator":"@eldiario_net","twitter_site":"@eldiario_net","twitter_misc":{"Escrito por":"Jeanette","Tiempo de lectura":"4 minutos"},"schema":{"@context":"https:\/\/schema.org","@graph":[{"@type":"Article","@id":"https:\/\/www.eldiario.net\/portal\/2024\/01\/05\/tse-insta-a-reencaminar-elecciones-judiciales-y-deponer-actitudes-politicas\/#article","isPartOf":{"@id":"https:\/\/www.eldiario.net\/portal\/2024\/01\/05\/tse-insta-a-reencaminar-elecciones-judiciales-y-deponer-actitudes-politicas\/"},"author":{"name":"Jeanette","@id":"https:\/\/www.eldiario.net\/portal\/#\/schema\/person\/2c57cf2b7a7ae032e449e4c9b1019eac"},"headline":"TSE insta a reencaminar elecciones judiciales y deponer actitudes pol\u00edticas","datePublished":"2024-01-05T11:29:47+00:00","mainEntityOfPage":{"@id":"https:\/\/www.eldiario.net\/portal\/2024\/01\/05\/tse-insta-a-reencaminar-elecciones-judiciales-y-deponer-actitudes-politicas\/"},"wordCount":775,"commentCount":0,"publisher":{"@id":"https:\/\/www.eldiario.net\/portal\/#organization"},"image":{"@id":"https:\/\/www.eldiario.net\/portal\/2024\/01\/05\/tse-insta-a-reencaminar-elecciones-judiciales-y-deponer-actitudes-politicas\/#primaryimage"},"thumbnailUrl":"https:\/\/www.eldiario.net\/portal\/wp-content\/uploads\/2024\/01\/40-POL-1.jpg","articleSection":["Pol\u00edtica"],"inLanguage":"es","potentialAction":[{"@type":"CommentAction","name":"Comment","target":["https:\/\/www.eldiario.net\/portal\/2024\/01\/05\/tse-insta-a-reencaminar-elecciones-judiciales-y-deponer-actitudes-politicas\/#respond"]}]},{"@type":"WebPage","@id":"https:\/\/www.eldiario.net\/portal\/2024\/01\/05\/tse-insta-a-reencaminar-elecciones-judiciales-y-deponer-actitudes-politicas\/","url":"https:\/\/www.eldiario.net\/portal\/2024\/01\/05\/tse-insta-a-reencaminar-elecciones-judiciales-y-deponer-actitudes-politicas\/","name":"TSE insta a reencaminar elecciones judiciales y deponer actitudes pol\u00edticas - El Diario - Bolivia","isPartOf":{"@id":"https:\/\/www.eldiario.net\/portal\/#website"},"primaryImageOfPage":{"@id":"https:\/\/www.eldiario.net\/portal\/2024\/01\/05\/tse-insta-a-reencaminar-elecciones-judiciales-y-deponer-actitudes-politicas\/#primaryimage"},"image":{"@id":"https:\/\/www.eldiario.net\/portal\/2024\/01\/05\/tse-insta-a-reencaminar-elecciones-judiciales-y-deponer-actitudes-politicas\/#primaryimage"},"thumbnailUrl":"https:\/\/www.eldiario.net\/portal\/wp-content\/uploads\/2024\/01\/40-POL-1.jpg","datePublished":"2024-01-05T11:29:47+00:00","breadcrumb":{"@id":"https:\/\/www.eldiario.net\/portal\/2024\/01\/05\/tse-insta-a-reencaminar-elecciones-judiciales-y-deponer-actitudes-politicas\/#breadcrumb"},"inLanguage":"es","potentialAction":[{"@type":"ReadAction","target":["https:\/\/www.eldiario.net\/portal\/2024\/01\/05\/tse-insta-a-reencaminar-elecciones-judiciales-y-deponer-actitudes-politicas\/"]}]},{"@type":"ImageObject","inLanguage":"es","@id":"https:\/\/www.eldiario.net\/portal\/2024\/01\/05\/tse-insta-a-reencaminar-elecciones-judiciales-y-deponer-actitudes-politicas\/#primaryimage","url":"https:\/\/www.eldiario.net\/portal\/wp-content\/uploads\/2024\/01\/40-POL-1.jpg","contentUrl":"https:\/\/www.eldiario.net\/portal\/wp-content\/uploads\/2024\/01\/40-POL-1.jpg","width":1049,"height":673,"caption":"INTEGRANTES DEL TSE."},{"@type":"BreadcrumbList","@id":"https:\/\/www.eldiario.net\/portal\/2024\/01\/05\/tse-insta-a-reencaminar-elecciones-judiciales-y-deponer-actitudes-politicas\/#breadcrumb","itemListElement":[{"@type":"ListItem","position":1,"name":"Portada","item":"https:\/\/www.eldiario.net\/portal\/"},{"@type":"ListItem","position":2,"name":"TSE insta a reencaminar elecciones judiciales y deponer actitudes pol\u00edticas"}]},{"@type":"WebSite","@id":"https:\/\/www.eldiario.net\/portal\/#website","url":"https:\/\/www.eldiario.net\/portal\/","name":"El Diario - Decano de la prensa nacional","description":"El Diario - Decano de la prensa nacional","publisher":{"@id":"https:\/\/www.eldiario.net\/portal\/#organization"},"potentialAction":[{"@type":"SearchAction","target":{"@type":"EntryPoint","urlTemplate":"https:\/\/www.eldiario.net\/portal\/?s={search_term_string}"},"query-input":{"@type":"PropertyValueSpecification","valueRequired":true,"valueName":"search_term_string"}}],"inLanguage":"es"},{"@type":"Organization","@id":"https:\/\/www.eldiario.net\/portal\/#organization","name":"El Diario - Decano de la prensa nacional","url":"https:\/\/www.eldiario.net\/portal\/","logo":{"@type":"ImageObject","inLanguage":"es","@id":"https:\/\/www.eldiario.net\/portal\/#\/schema\/logo\/image\/","url":"https:\/\/www.eldiario.net\/portal\/wp-content\/uploads\/2023\/07\/logo_ED.jpg","contentUrl":"https:\/\/www.eldiario.net\/portal\/wp-content\/uploads\/2023\/07\/logo_ED.jpg","width":272,"height":52,"caption":"El Diario - Decano de la prensa nacional"},"image":{"@id":"https:\/\/www.eldiario.net\/portal\/#\/schema\/logo\/image\/"},"sameAs":["https:\/\/www.facebook.com\/eldiario.bolivia\/","https:\/\/x.com\/eldiario_net"]},{"@type":"Person","@id":"https:\/\/www.eldiario.net\/portal\/#\/schema\/person\/2c57cf2b7a7ae032e449e4c9b1019eac","name":"Jeanette","image":{"@type":"ImageObject","inLanguage":"es","@id":"https:\/\/secure.gravatar.com\/avatar\/3ea2118a5f7dad2b7138b1187a6b7ee55f160b9968b66013c3a3ef39dd7e5798?s=96&d=mm&r=g","url":"https:\/\/secure.gravatar.com\/avatar\/3ea2118a5f7dad2b7138b1187a6b7ee55f160b9968b66013c3a3ef39dd7e5798?s=96&d=mm&r=g","contentUrl":"https:\/\/secure.gravatar.com\/avatar\/3ea2118a5f7dad2b7138b1187a6b7ee55f160b9968b66013c3a3ef39dd7e5798?s=96&d=mm&r=g","caption":"Jeanette"},"sameAs":["https:\/\/www.eldiario.net\/portal"],"url":"https:\/\/www.eldiario.net\/portal\/author\/jeanette\/"}]}},"_links":{"self":[{"href":"https:\/\/www.eldiario.net\/portal\/wp-json\/wp\/v2\/posts\/196035","targetHints":{"allow":["GET"]}}],"collection":[{"href":"https:\/\/www.eldiario.net\/portal\/wp-json\/wp\/v2\/posts"}],"about":[{"href":"https:\/\/www.eldiario.net\/portal\/wp-json\/wp\/v2\/types\/post"}],"author":[{"embeddable":true,"href":"https:\/\/www.eldiario.net\/portal\/wp-json\/wp\/v2\/users\/1"}],"replies":[{"embeddable":true,"href":"https:\/\/www.eldiario.net\/portal\/wp-json\/wp\/v2\/comments?post=196035"}],"version-history":[{"count":1,"href":"https:\/\/www.eldiario.net\/portal\/wp-json\/wp\/v2\/posts\/196035\/revisions"}],"predecessor-version":[{"id":196038,"href":"https:\/\/www.eldiario.net\/portal\/wp-json\/wp\/v2\/posts\/196035\/revisions\/196038"}],"wp:featuredmedia":[{"embeddable":true,"href":"https:\/\/www.eldiario.net\/portal\/wp-json\/wp\/v2\/media\/196037"}],"wp:attachment":[{"href":"https:\/\/www.eldiario.net\/portal\/wp-json\/wp\/v2\/media?parent=196035"}],"wp:term":[{"taxonomy":"category","embeddable":true,"href":"https:\/\/www.eldiario.net\/portal\/wp-json\/wp\/v2\/categories?post=196035"},{"taxonomy":"post_tag","embeddable":true,"href":"https:\/\/www.eldiario.net\/portal\/wp-json\/wp\/v2\/tags?post=196035"}],"curies":[{"name":"wp","href":"https:\/\/api.w.org\/{rel}","templated":true}]}}