{"id":196032,"date":"2024-01-05T07:28:30","date_gmt":"2024-01-05T11:28:30","guid":{"rendered":"https:\/\/www.eldiario.net\/portal\/?p=196032"},"modified":"2024-01-05T07:28:30","modified_gmt":"2024-01-05T11:28:30","slug":"plan-negro-denunciado-por-morales-busca-victimizarlo","status":"publish","type":"post","link":"https:\/\/www.eldiario.net\/portal\/2024\/01\/05\/plan-negro-denunciado-por-morales-busca-victimizarlo\/","title":{"rendered":"\u201cPlan negro\u201d denunciado por  Morales busca victimizarlo"},"content":{"rendered":"<p>Tras las aseveraciones del dirigente cocalero, Evo Morales, en las que denuncia un supuesto \u201cplan negro\u201d en su contra, el viceministro de Autonom\u00edas, \u00c1lvaro Ruiz, se\u00f1al\u00f3 que este tipo de versiones buscan desarrollar e instalar un plan de victimizaci\u00f3n en favor del jefe del Movimiento al Socialismo (MAS) y de desestabilizaci\u00f3n contra la actual gesti\u00f3n de Gobierno.<br \/>\nEn declaraciones a medios de prensa, Ruiz lament\u00f3 que intereses personales y de grupo, hagan que Morales y su entorno traten de posicionar una agenda pol\u00edtica por encima de la agenda de gesti\u00f3n gubernamental, ese es el motivo para que constantemente se haga referencia a supuestos planes contra el expresidente.<br \/>\n\u201cLo que se busca es instaurar un trabajo de victimizaci\u00f3n, no hay que olvidar que desde el a\u00f1o pasado se vienen escuchando declaraciones en este sentido\u201d, dijo.<br \/>\nEn ese sentido, la autoridad neg\u00f3 la existencia del denominado \u201cplan negro\u201d al que se hace referencia desde el \u201cevismo\u201d, por el contrario reiter\u00f3 que se trata de una estrategia para hacer aparecer al l\u00edder cocalero como una v\u00edctima ante la opini\u00f3n p\u00fablica.<br \/>\n\u201cYo creo que hay una estrategia de victimizaci\u00f3n y la est\u00e1n desarrollando. No conozco ning\u00fan plan negro, si conozco un plan de desestabilizaci\u00f3n que consiste en no apoyar los presupuestos, mediatizar y atacar permanentemente, ese es su plan\u201d, indic\u00f3.<br \/>\nEn criterio de Ruiz, basta con ver las noticias para entender el accionar de varios asamble\u00edstas cuyo principal enfoque es poner constantes trabas a la gesti\u00f3n de Gobierno. \u201cAl principio dec\u00edan que el presidente estaba enfermo y otras versiones\u201d.<br \/>\nPor su parte, el diputado por Comunidad Ciudadana, Alberto Astorga, calific\u00f3 las denuncias sobre el supuesto \u201cplan negro\u201d como un recurso al que recurre Morales para mantener vigencia pol\u00edtica ante un respaldo cada vez menor por parte de la ciudadan\u00eda.<br \/>\n\u201cEn su af\u00e1n de perpetuarse en el poder ha quedado mal parado ya que ahora hay una Sentencia Constitucional que dice que no puede volver a ser candidato a la presidencia. Lo \u00fanico que le queda es victimizarse\u201d, sostuvo.<br \/>\nAyer, desde sus redes sociales, el jefe del partido azul, denunci\u00f3 que los enemigos pol\u00edticos del MAS se preparan para la ejecuci\u00f3n de un plan para inhabilitarlo definitivamente de las pr\u00f3ximas elecciones presidenciales.<br \/>\n\u201cPreparan la ejecuci\u00f3n de su Plan Negro el 28 de enero para despu\u00e9s inhabilitarnos el 29. La derecha interna bajo el mando del imperio fracas\u00f3 y volver\u00e1 a fracasar en su intento de proscribirnos pol\u00edticamente\u201d, expres\u00f3.<\/p>\n","protected":false},"excerpt":{"rendered":"<p>Tras las aseveraciones del dirigente cocalero, Evo Morales, en las que denuncia un supuesto \u201cplan negro\u201d en su contra, el viceministro de Autonom\u00edas, \u00c1lvaro Ruiz, se\u00f1al\u00f3 que este tipo de versiones buscan desarrollar e instalar un plan de victimizaci\u00f3n en favor del jefe del Movimiento al Socialismo (MAS) y de desestabilizaci\u00f3n contra la actual gesti\u00f3n [&hellip;]<\/p>\n","protected":false},"author":1,"featured_media":196033,"comment_status":"open","ping_status":"open","sticky":false,"template":"","format":"standard","meta":{"_acf_changed":false,"footnotes":""},"categories":[14],"tags":[],"class_list":["post-196032","post","type-post","status-publish","format-standard","has-post-thumbnail","category-politica"],"acf":{"antetitulo":"Es su \u00fanico recurso"},"yoast_head":"<!-- This site is optimized with the Yoast SEO plugin v28.4 - https:\/\/yoast.com\/product\/yoast-seo-wordpress\/ -->\n<title>\u201cPlan negro\u201d denunciado por Morales busca victimizarlo - El Diario - Bolivia<\/title>\n<meta name=\"robots\" content=\"index, follow, max-snippet:-1, max-image-preview:large, max-video-preview:-1\" \/>\n<link rel=\"canonical\" href=\"https:\/\/www.eldiario.net\/portal\/2024\/01\/05\/plan-negro-denunciado-por-morales-busca-victimizarlo\/\" \/>\n<meta property=\"og:locale\" content=\"es_ES\" \/>\n<meta property=\"og:type\" content=\"article\" \/>\n<meta property=\"og:title\" content=\"\u201cPlan negro\u201d denunciado por Morales busca victimizarlo - El Diario - Bolivia\" \/>\n<meta property=\"og:description\" content=\"Tras las aseveraciones del dirigente cocalero, Evo Morales, en las que denuncia un supuesto \u201cplan negro\u201d en su contra, el viceministro de Autonom\u00edas, \u00c1lvaro Ruiz, se\u00f1al\u00f3 que este tipo de versiones buscan desarrollar e instalar un plan de victimizaci\u00f3n en favor del jefe del Movimiento al Socialismo (MAS) y de desestabilizaci\u00f3n contra la actual gesti\u00f3n [&hellip;]\" \/>\n<meta property=\"og:url\" content=\"https:\/\/www.eldiario.net\/portal\/2024\/01\/05\/plan-negro-denunciado-por-morales-busca-victimizarlo\/\" \/>\n<meta property=\"og:site_name\" content=\"El Diario - Bolivia\" \/>\n<meta property=\"article:publisher\" content=\"https:\/\/www.facebook.com\/eldiario.bolivia\/\" \/>\n<meta property=\"article:published_time\" content=\"2024-01-05T11:28:30+00:00\" \/>\n<meta property=\"og:image\" content=\"https:\/\/www.eldiario.net\/portal\/wp-content\/uploads\/2024\/01\/43-POL.jpg\" \/>\n\t<meta property=\"og:image:width\" content=\"770\" \/>\n\t<meta property=\"og:image:height\" content=\"430\" \/>\n\t<meta property=\"og:image:type\" content=\"image\/jpeg\" \/>\n<meta name=\"author\" content=\"Jeanette\" \/>\n<meta name=\"twitter:card\" content=\"summary_large_image\" \/>\n<meta name=\"twitter:creator\" content=\"@eldiario_net\" \/>\n<meta name=\"twitter:site\" content=\"@eldiario_net\" \/>\n<meta name=\"twitter:label1\" content=\"Escrito por\" \/>\n\t<meta name=\"twitter:data1\" content=\"Jeanette\" \/>\n\t<meta name=\"twitter:label2\" content=\"Tiempo de lectura\" \/>\n\t<meta name=\"twitter:data2\" content=\"3 minutos\" \/>\n<script type=\"application\/ld+json\" class=\"yoast-schema-graph\">{\"@context\":\"https:\\\/\\\/schema.org\",\"@graph\":[{\"@type\":\"Article\",\"@id\":\"https:\\\/\\\/www.eldiario.net\\\/portal\\\/2024\\\/01\\\/05\\\/plan-negro-denunciado-por-morales-busca-victimizarlo\\\/#article\",\"isPartOf\":{\"@id\":\"https:\\\/\\\/www.eldiario.net\\\/portal\\\/2024\\\/01\\\/05\\\/plan-negro-denunciado-por-morales-busca-victimizarlo\\\/\"},\"author\":{\"name\":\"Jeanette\",\"@id\":\"https:\\\/\\\/www.eldiario.net\\\/portal\\\/#\\\/schema\\\/person\\\/2c57cf2b7a7ae032e449e4c9b1019eac\"},\"headline\":\"\u201cPlan negro\u201d denunciado por Morales busca victimizarlo\",\"datePublished\":\"2024-01-05T11:28:30+00:00\",\"mainEntityOfPage\":{\"@id\":\"https:\\\/\\\/www.eldiario.net\\\/portal\\\/2024\\\/01\\\/05\\\/plan-negro-denunciado-por-morales-busca-victimizarlo\\\/\"},\"wordCount\":437,\"commentCount\":0,\"publisher\":{\"@id\":\"https:\\\/\\\/www.eldiario.net\\\/portal\\\/#organization\"},\"image\":{\"@id\":\"https:\\\/\\\/www.eldiario.net\\\/portal\\\/2024\\\/01\\\/05\\\/plan-negro-denunciado-por-morales-busca-victimizarlo\\\/#primaryimage\"},\"thumbnailUrl\":\"https:\\\/\\\/www.eldiario.net\\\/portal\\\/wp-content\\\/uploads\\\/2024\\\/01\\\/43-POL.jpg\",\"articleSection\":[\"Pol\u00edtica\"],\"inLanguage\":\"es\",\"potentialAction\":[{\"@type\":\"CommentAction\",\"name\":\"Comment\",\"target\":[\"https:\\\/\\\/www.eldiario.net\\\/portal\\\/2024\\\/01\\\/05\\\/plan-negro-denunciado-por-morales-busca-victimizarlo\\\/#respond\"]}]},{\"@type\":\"WebPage\",\"@id\":\"https:\\\/\\\/www.eldiario.net\\\/portal\\\/2024\\\/01\\\/05\\\/plan-negro-denunciado-por-morales-busca-victimizarlo\\\/\",\"url\":\"https:\\\/\\\/www.eldiario.net\\\/portal\\\/2024\\\/01\\\/05\\\/plan-negro-denunciado-por-morales-busca-victimizarlo\\\/\",\"name\":\"\u201cPlan negro\u201d denunciado por Morales busca victimizarlo - El Diario - Bolivia\",\"isPartOf\":{\"@id\":\"https:\\\/\\\/www.eldiario.net\\\/portal\\\/#website\"},\"primaryImageOfPage\":{\"@id\":\"https:\\\/\\\/www.eldiario.net\\\/portal\\\/2024\\\/01\\\/05\\\/plan-negro-denunciado-por-morales-busca-victimizarlo\\\/#primaryimage\"},\"image\":{\"@id\":\"https:\\\/\\\/www.eldiario.net\\\/portal\\\/2024\\\/01\\\/05\\\/plan-negro-denunciado-por-morales-busca-victimizarlo\\\/#primaryimage\"},\"thumbnailUrl\":\"https:\\\/\\\/www.eldiario.net\\\/portal\\\/wp-content\\\/uploads\\\/2024\\\/01\\\/43-POL.jpg\",\"datePublished\":\"2024-01-05T11:28:30+00:00\",\"breadcrumb\":{\"@id\":\"https:\\\/\\\/www.eldiario.net\\\/portal\\\/2024\\\/01\\\/05\\\/plan-negro-denunciado-por-morales-busca-victimizarlo\\\/#breadcrumb\"},\"inLanguage\":\"es\",\"potentialAction\":[{\"@type\":\"ReadAction\",\"target\":[\"https:\\\/\\\/www.eldiario.net\\\/portal\\\/2024\\\/01\\\/05\\\/plan-negro-denunciado-por-morales-busca-victimizarlo\\\/\"]}]},{\"@type\":\"ImageObject\",\"inLanguage\":\"es\",\"@id\":\"https:\\\/\\\/www.eldiario.net\\\/portal\\\/2024\\\/01\\\/05\\\/plan-negro-denunciado-por-morales-busca-victimizarlo\\\/#primaryimage\",\"url\":\"https:\\\/\\\/www.eldiario.net\\\/portal\\\/wp-content\\\/uploads\\\/2024\\\/01\\\/43-POL.jpg\",\"contentUrl\":\"https:\\\/\\\/www.eldiario.net\\\/portal\\\/wp-content\\\/uploads\\\/2024\\\/01\\\/43-POL.jpg\",\"width\":770,\"height\":430,\"caption\":\"Viceministro de Autonom\u00edas, \u00c1lvaro Ruiz.\"},{\"@type\":\"BreadcrumbList\",\"@id\":\"https:\\\/\\\/www.eldiario.net\\\/portal\\\/2024\\\/01\\\/05\\\/plan-negro-denunciado-por-morales-busca-victimizarlo\\\/#breadcrumb\",\"itemListElement\":[{\"@type\":\"ListItem\",\"position\":1,\"name\":\"Portada\",\"item\":\"https:\\\/\\\/www.eldiario.net\\\/portal\\\/\"},{\"@type\":\"ListItem\",\"position\":2,\"name\":\"\u201cPlan negro\u201d denunciado por Morales busca victimizarlo\"}]},{\"@type\":\"WebSite\",\"@id\":\"https:\\\/\\\/www.eldiario.net\\\/portal\\\/#website\",\"url\":\"https:\\\/\\\/www.eldiario.net\\\/portal\\\/\",\"name\":\"El Diario - Decano de la prensa nacional\",\"description\":\"El Diario - Decano de la prensa nacional\",\"publisher\":{\"@id\":\"https:\\\/\\\/www.eldiario.net\\\/portal\\\/#organization\"},\"potentialAction\":[{\"@type\":\"SearchAction\",\"target\":{\"@type\":\"EntryPoint\",\"urlTemplate\":\"https:\\\/\\\/www.eldiario.net\\\/portal\\\/?s={search_term_string}\"},\"query-input\":{\"@type\":\"PropertyValueSpecification\",\"valueRequired\":true,\"valueName\":\"search_term_string\"}}],\"inLanguage\":\"es\"},{\"@type\":\"Organization\",\"@id\":\"https:\\\/\\\/www.eldiario.net\\\/portal\\\/#organization\",\"name\":\"El Diario - Decano de la prensa nacional\",\"url\":\"https:\\\/\\\/www.eldiario.net\\\/portal\\\/\",\"logo\":{\"@type\":\"ImageObject\",\"inLanguage\":\"es\",\"@id\":\"https:\\\/\\\/www.eldiario.net\\\/portal\\\/#\\\/schema\\\/logo\\\/image\\\/\",\"url\":\"https:\\\/\\\/www.eldiario.net\\\/portal\\\/wp-content\\\/uploads\\\/2023\\\/07\\\/logo_ED.jpg\",\"contentUrl\":\"https:\\\/\\\/www.eldiario.net\\\/portal\\\/wp-content\\\/uploads\\\/2023\\\/07\\\/logo_ED.jpg\",\"width\":272,\"height\":52,\"caption\":\"El Diario - Decano de la prensa nacional\"},\"image\":{\"@id\":\"https:\\\/\\\/www.eldiario.net\\\/portal\\\/#\\\/schema\\\/logo\\\/image\\\/\"},\"sameAs\":[\"https:\\\/\\\/www.facebook.com\\\/eldiario.bolivia\\\/\",\"https:\\\/\\\/x.com\\\/eldiario_net\"]},{\"@type\":\"Person\",\"@id\":\"https:\\\/\\\/www.eldiario.net\\\/portal\\\/#\\\/schema\\\/person\\\/2c57cf2b7a7ae032e449e4c9b1019eac\",\"name\":\"Jeanette\",\"image\":{\"@type\":\"ImageObject\",\"inLanguage\":\"es\",\"@id\":\"https:\\\/\\\/secure.gravatar.com\\\/avatar\\\/3ea2118a5f7dad2b7138b1187a6b7ee55f160b9968b66013c3a3ef39dd7e5798?s=96&d=mm&r=g\",\"url\":\"https:\\\/\\\/secure.gravatar.com\\\/avatar\\\/3ea2118a5f7dad2b7138b1187a6b7ee55f160b9968b66013c3a3ef39dd7e5798?s=96&d=mm&r=g\",\"contentUrl\":\"https:\\\/\\\/secure.gravatar.com\\\/avatar\\\/3ea2118a5f7dad2b7138b1187a6b7ee55f160b9968b66013c3a3ef39dd7e5798?s=96&d=mm&r=g\",\"caption\":\"Jeanette\"},\"sameAs\":[\"https:\\\/\\\/www.eldiario.net\\\/portal\"],\"url\":\"https:\\\/\\\/www.eldiario.net\\\/portal\\\/author\\\/jeanette\\\/\"}]}<\/script>\n<!-- \/ Yoast SEO plugin. -->","yoast_head_json":{"title":"\u201cPlan negro\u201d denunciado por Morales busca victimizarlo - El Diario - Bolivia","robots":{"index":"index","follow":"follow","max-snippet":"max-snippet:-1","max-image-preview":"max-image-preview:large","max-video-preview":"max-video-preview:-1"},"canonical":"https:\/\/www.eldiario.net\/portal\/2024\/01\/05\/plan-negro-denunciado-por-morales-busca-victimizarlo\/","og_locale":"es_ES","og_type":"article","og_title":"\u201cPlan negro\u201d denunciado por Morales busca victimizarlo - El Diario - Bolivia","og_description":"Tras las aseveraciones del dirigente cocalero, Evo Morales, en las que denuncia un supuesto \u201cplan negro\u201d en su contra, el viceministro de Autonom\u00edas, \u00c1lvaro Ruiz, se\u00f1al\u00f3 que este tipo de versiones buscan desarrollar e instalar un plan de victimizaci\u00f3n en favor del jefe del Movimiento al Socialismo (MAS) y de desestabilizaci\u00f3n contra la actual gesti\u00f3n [&hellip;]","og_url":"https:\/\/www.eldiario.net\/portal\/2024\/01\/05\/plan-negro-denunciado-por-morales-busca-victimizarlo\/","og_site_name":"El Diario - Bolivia","article_publisher":"https:\/\/www.facebook.com\/eldiario.bolivia\/","article_published_time":"2024-01-05T11:28:30+00:00","og_image":[{"width":770,"height":430,"url":"https:\/\/www.eldiario.net\/portal\/wp-content\/uploads\/2024\/01\/43-POL.jpg","type":"image\/jpeg"}],"author":"Jeanette","twitter_card":"summary_large_image","twitter_creator":"@eldiario_net","twitter_site":"@eldiario_net","twitter_misc":{"Escrito por":"Jeanette","Tiempo de lectura":"3 minutos"},"schema":{"@context":"https:\/\/schema.org","@graph":[{"@type":"Article","@id":"https:\/\/www.eldiario.net\/portal\/2024\/01\/05\/plan-negro-denunciado-por-morales-busca-victimizarlo\/#article","isPartOf":{"@id":"https:\/\/www.eldiario.net\/portal\/2024\/01\/05\/plan-negro-denunciado-por-morales-busca-victimizarlo\/"},"author":{"name":"Jeanette","@id":"https:\/\/www.eldiario.net\/portal\/#\/schema\/person\/2c57cf2b7a7ae032e449e4c9b1019eac"},"headline":"\u201cPlan negro\u201d denunciado por Morales busca victimizarlo","datePublished":"2024-01-05T11:28:30+00:00","mainEntityOfPage":{"@id":"https:\/\/www.eldiario.net\/portal\/2024\/01\/05\/plan-negro-denunciado-por-morales-busca-victimizarlo\/"},"wordCount":437,"commentCount":0,"publisher":{"@id":"https:\/\/www.eldiario.net\/portal\/#organization"},"image":{"@id":"https:\/\/www.eldiario.net\/portal\/2024\/01\/05\/plan-negro-denunciado-por-morales-busca-victimizarlo\/#primaryimage"},"thumbnailUrl":"https:\/\/www.eldiario.net\/portal\/wp-content\/uploads\/2024\/01\/43-POL.jpg","articleSection":["Pol\u00edtica"],"inLanguage":"es","potentialAction":[{"@type":"CommentAction","name":"Comment","target":["https:\/\/www.eldiario.net\/portal\/2024\/01\/05\/plan-negro-denunciado-por-morales-busca-victimizarlo\/#respond"]}]},{"@type":"WebPage","@id":"https:\/\/www.eldiario.net\/portal\/2024\/01\/05\/plan-negro-denunciado-por-morales-busca-victimizarlo\/","url":"https:\/\/www.eldiario.net\/portal\/2024\/01\/05\/plan-negro-denunciado-por-morales-busca-victimizarlo\/","name":"\u201cPlan negro\u201d denunciado por Morales busca victimizarlo - El Diario - Bolivia","isPartOf":{"@id":"https:\/\/www.eldiario.net\/portal\/#website"},"primaryImageOfPage":{"@id":"https:\/\/www.eldiario.net\/portal\/2024\/01\/05\/plan-negro-denunciado-por-morales-busca-victimizarlo\/#primaryimage"},"image":{"@id":"https:\/\/www.eldiario.net\/portal\/2024\/01\/05\/plan-negro-denunciado-por-morales-busca-victimizarlo\/#primaryimage"},"thumbnailUrl":"https:\/\/www.eldiario.net\/portal\/wp-content\/uploads\/2024\/01\/43-POL.jpg","datePublished":"2024-01-05T11:28:30+00:00","breadcrumb":{"@id":"https:\/\/www.eldiario.net\/portal\/2024\/01\/05\/plan-negro-denunciado-por-morales-busca-victimizarlo\/#breadcrumb"},"inLanguage":"es","potentialAction":[{"@type":"ReadAction","target":["https:\/\/www.eldiario.net\/portal\/2024\/01\/05\/plan-negro-denunciado-por-morales-busca-victimizarlo\/"]}]},{"@type":"ImageObject","inLanguage":"es","@id":"https:\/\/www.eldiario.net\/portal\/2024\/01\/05\/plan-negro-denunciado-por-morales-busca-victimizarlo\/#primaryimage","url":"https:\/\/www.eldiario.net\/portal\/wp-content\/uploads\/2024\/01\/43-POL.jpg","contentUrl":"https:\/\/www.eldiario.net\/portal\/wp-content\/uploads\/2024\/01\/43-POL.jpg","width":770,"height":430,"caption":"Viceministro de Autonom\u00edas, \u00c1lvaro Ruiz."},{"@type":"BreadcrumbList","@id":"https:\/\/www.eldiario.net\/portal\/2024\/01\/05\/plan-negro-denunciado-por-morales-busca-victimizarlo\/#breadcrumb","itemListElement":[{"@type":"ListItem","position":1,"name":"Portada","item":"https:\/\/www.eldiario.net\/portal\/"},{"@type":"ListItem","position":2,"name":"\u201cPlan negro\u201d denunciado por Morales busca victimizarlo"}]},{"@type":"WebSite","@id":"https:\/\/www.eldiario.net\/portal\/#website","url":"https:\/\/www.eldiario.net\/portal\/","name":"El Diario - Decano de la prensa nacional","description":"El Diario - Decano de la prensa nacional","publisher":{"@id":"https:\/\/www.eldiario.net\/portal\/#organization"},"potentialAction":[{"@type":"SearchAction","target":{"@type":"EntryPoint","urlTemplate":"https:\/\/www.eldiario.net\/portal\/?s={search_term_string}"},"query-input":{"@type":"PropertyValueSpecification","valueRequired":true,"valueName":"search_term_string"}}],"inLanguage":"es"},{"@type":"Organization","@id":"https:\/\/www.eldiario.net\/portal\/#organization","name":"El Diario - Decano de la prensa nacional","url":"https:\/\/www.eldiario.net\/portal\/","logo":{"@type":"ImageObject","inLanguage":"es","@id":"https:\/\/www.eldiario.net\/portal\/#\/schema\/logo\/image\/","url":"https:\/\/www.eldiario.net\/portal\/wp-content\/uploads\/2023\/07\/logo_ED.jpg","contentUrl":"https:\/\/www.eldiario.net\/portal\/wp-content\/uploads\/2023\/07\/logo_ED.jpg","width":272,"height":52,"caption":"El Diario - Decano de la prensa nacional"},"image":{"@id":"https:\/\/www.eldiario.net\/portal\/#\/schema\/logo\/image\/"},"sameAs":["https:\/\/www.facebook.com\/eldiario.bolivia\/","https:\/\/x.com\/eldiario_net"]},{"@type":"Person","@id":"https:\/\/www.eldiario.net\/portal\/#\/schema\/person\/2c57cf2b7a7ae032e449e4c9b1019eac","name":"Jeanette","image":{"@type":"ImageObject","inLanguage":"es","@id":"https:\/\/secure.gravatar.com\/avatar\/3ea2118a5f7dad2b7138b1187a6b7ee55f160b9968b66013c3a3ef39dd7e5798?s=96&d=mm&r=g","url":"https:\/\/secure.gravatar.com\/avatar\/3ea2118a5f7dad2b7138b1187a6b7ee55f160b9968b66013c3a3ef39dd7e5798?s=96&d=mm&r=g","contentUrl":"https:\/\/secure.gravatar.com\/avatar\/3ea2118a5f7dad2b7138b1187a6b7ee55f160b9968b66013c3a3ef39dd7e5798?s=96&d=mm&r=g","caption":"Jeanette"},"sameAs":["https:\/\/www.eldiario.net\/portal"],"url":"https:\/\/www.eldiario.net\/portal\/author\/jeanette\/"}]}},"_links":{"self":[{"href":"https:\/\/www.eldiario.net\/portal\/wp-json\/wp\/v2\/posts\/196032","targetHints":{"allow":["GET"]}}],"collection":[{"href":"https:\/\/www.eldiario.net\/portal\/wp-json\/wp\/v2\/posts"}],"about":[{"href":"https:\/\/www.eldiario.net\/portal\/wp-json\/wp\/v2\/types\/post"}],"author":[{"embeddable":true,"href":"https:\/\/www.eldiario.net\/portal\/wp-json\/wp\/v2\/users\/1"}],"replies":[{"embeddable":true,"href":"https:\/\/www.eldiario.net\/portal\/wp-json\/wp\/v2\/comments?post=196032"}],"version-history":[{"count":1,"href":"https:\/\/www.eldiario.net\/portal\/wp-json\/wp\/v2\/posts\/196032\/revisions"}],"predecessor-version":[{"id":196034,"href":"https:\/\/www.eldiario.net\/portal\/wp-json\/wp\/v2\/posts\/196032\/revisions\/196034"}],"wp:featuredmedia":[{"embeddable":true,"href":"https:\/\/www.eldiario.net\/portal\/wp-json\/wp\/v2\/media\/196033"}],"wp:attachment":[{"href":"https:\/\/www.eldiario.net\/portal\/wp-json\/wp\/v2\/media?parent=196032"}],"wp:term":[{"taxonomy":"category","embeddable":true,"href":"https:\/\/www.eldiario.net\/portal\/wp-json\/wp\/v2\/categories?post=196032"},{"taxonomy":"post_tag","embeddable":true,"href":"https:\/\/www.eldiario.net\/portal\/wp-json\/wp\/v2\/tags?post=196032"}],"curies":[{"name":"wp","href":"https:\/\/api.w.org\/{rel}","templated":true}]}}