{"id":196029,"date":"2024-01-05T07:27:35","date_gmt":"2024-01-05T11:27:35","guid":{"rendered":"https:\/\/www.eldiario.net\/portal\/?p=196029"},"modified":"2024-01-05T07:27:35","modified_gmt":"2024-01-05T11:27:35","slug":"conade-rechaza-y-condena-atentado-contra-la-institucionalidad-crucena","status":"publish","type":"post","link":"https:\/\/www.eldiario.net\/portal\/2024\/01\/05\/conade-rechaza-y-condena-atentado-contra-la-institucionalidad-crucena\/","title":{"rendered":"Conade rechaza y condena atentado  contra la institucionalidad cruce\u00f1a"},"content":{"rendered":"<p>Se\u00f1alando que el Gobierno ha instrumentalizado un plan para descabezar al departamento de Santa Cruz, desde el Comit\u00e9 Nacional de Defensa de la Democracia (Conade) se denunci\u00f3 \u201cuna complicidad inaceptable\u201d entre la administraci\u00f3n de justicia y el poder para profundizar una fragmentaci\u00f3n institucional, debilitar liderazgos y dividir a la ciudadan\u00eda en la regi\u00f3n oriental del pa\u00eds.<br \/>\nMediante un comunicado, el ente defensor de la democracia se\u00f1al\u00f3 que el primer paso para la ejecuci\u00f3n de este plan fue la ilegal aprehensi\u00f3n y posterior encarcelamiento del gobernador Fernando Camacho, acusado de un golpe de Estado que nunca existi\u00f3. A esto se suma la reciente determinaci\u00f3n de la Sala Constitucional Cuarta del Tribunal Constitucional Plurinacional, con la que se obliga a la Asamblea Legislativa Departamental a resolver una situaci\u00f3n de la suplencia.<br \/>\nPor ello, desde el Conade se denuncia y reprocha un servilismo de la administraci\u00f3n de justicia en favor del partido de Gobierno que, mediante maniobras pol\u00edticas intentan acabar con la institucionalidad cruce\u00f1a y afectar la unidad caracter\u00edstica de esta regi\u00f3n del pa\u00eds.<br \/>\n\u201cEl Tribunal Constitucional Plurinacional ha dejado al descubierto un servilismo flagrante hacia el gobierno de turno, evidenciado en su actuar reciente y la pol\u00e9mica pr\u00f3rroga ilegal. Este episodio no s\u00f3lo refleja una complicidad inaceptable, sino que tambi\u00e9n revela artima\u00f1as pol\u00edticas destinadas a profundizar la fragmentaci\u00f3n institucional, debilitar los liderazgos en Santa Cruz y dividir a la ciudadan\u00eda\u201d, se\u00f1ala parte del documento.<br \/>\nAsimismo, se lamenta que las pugnas internas dentro de la agrupaci\u00f3n Creemos y su negativa a nombrar \u201cun gobernador interino hayan abierto las puertas al manoseo por parte del gobierno\u201d.<br \/>\n\u201cEl departamento de Santa Cruz eligi\u00f3 a la dupla Camacho-Aguilera por el mismo porcentaje de votos; por lo tanto, en ausencia, injusta y obligada, del gobernador es la Asamblea Legislativa Departamental de Santa Cruz la que debi\u00f3 y debe determinar conforme a las normas legales establecidas, lo que le es favorable al departamento, dejando de lado los intereses mezquinos de algunos pol\u00edticos involucrados, que han permitido que sea el Gobierno quien ordene y obligue hacer lo que se debi\u00f3 hacer hace tiempo atr\u00e1s\u201d, se indica.<br \/>\nConade se\u00f1ala que Santa Cruz merece l\u00edderes comprometidos con la defensa de la regi\u00f3n, por lo que se insta a autoridades Cruce\u00f1as a deponer actitudes que amenacen la estabilidad de la institucionalidad departamental y a buscar una soluci\u00f3n que permita la continuidad de la gesti\u00f3n, evitando as\u00ed un golpe institucional. \u201cDe sus acciones depende la imprescindible unidad que requerimos para enfrentar y derrotar al prorroguismo autoritario\u201d.<br \/>\n\u201cEste conflicto demanda l\u00edderes capaces de anteponer el bienestar de la ciudadan\u00eda sobre intereses personales. Es imperativo que tanto la Asamblea Legislativa Departamental y el Vicegobernador electo resuelvan con altura esta disputa sin ceder ante la injerencia del gobierno central, salvaguardando la autonom\u00eda y la democracia que hoy se ven amenazadas\u201d, finaliza la nota firmada por el comit\u00e9 ejecutivo del Conade.<br \/>\nEsta semana, el diputado por la agrupaci\u00f3n Creemos, Walthy Eg\u00fcez, plante\u00f3 al presidente del Comit\u00e9 C\u00edvico Pro Santa Cruz, Fernando Larach, evitar que el gobierno desconozca la voluntad de los cruce\u00f1os, defender las autonom\u00edas y no prestarse al juego del MAS.<br \/>\nEg\u00fcez exhort\u00f3 al sector c\u00edvico a no prestarse a intereses pol\u00edticos que van en desmedro del pueblo cruce\u00f1o, por lo que pidi\u00f3 una convocatoria a Asamblea de la Cruce\u00f1idad para arribar a un nuevo cabildo como m\u00e1xima instancia de decisi\u00f3n regional.<br \/>\n\u201cExiste un mecanismo ampliamente utilizado por el gobierno c\u00edvico del pueblo cruce\u00f1o que es el cabildo. No decidir\u00e1n los tribunales masistas angurrientos de poder o alguna otra persona que quiera meterse a la Gobernaci\u00f3n\u201d, advirti\u00f3 Eg\u00fcez.<\/p>\n","protected":false},"excerpt":{"rendered":"<p>Se\u00f1alando que el Gobierno ha instrumentalizado un plan para descabezar al departamento de Santa Cruz, desde el Comit\u00e9 Nacional de Defensa de la Democracia (Conade) se denunci\u00f3 \u201cuna complicidad inaceptable\u201d entre la administraci\u00f3n de justicia y el poder para profundizar una fragmentaci\u00f3n institucional, debilitar liderazgos y dividir a la ciudadan\u00eda en la regi\u00f3n oriental del [&hellip;]<\/p>\n","protected":false},"author":1,"featured_media":196030,"comment_status":"open","ping_status":"open","sticky":false,"template":"","format":"standard","meta":{"_acf_changed":false,"footnotes":""},"categories":[14],"tags":[],"class_list":["post-196029","post","type-post","status-publish","format-standard","has-post-thumbnail","category-politica"],"acf":{"antetitulo":"Ven \u201ccomplicidad inaceptable\u201d"},"yoast_head":"<!-- This site is optimized with the Yoast SEO plugin v28.4 - https:\/\/yoast.com\/product\/yoast-seo-wordpress\/ -->\n<title>Conade rechaza y condena atentado contra la institucionalidad cruce\u00f1a - El Diario - Bolivia<\/title>\n<meta name=\"robots\" content=\"index, follow, max-snippet:-1, max-image-preview:large, max-video-preview:-1\" \/>\n<link rel=\"canonical\" href=\"https:\/\/www.eldiario.net\/portal\/2024\/01\/05\/conade-rechaza-y-condena-atentado-contra-la-institucionalidad-crucena\/\" \/>\n<meta property=\"og:locale\" content=\"es_ES\" \/>\n<meta property=\"og:type\" content=\"article\" \/>\n<meta property=\"og:title\" content=\"Conade rechaza y condena atentado contra la institucionalidad cruce\u00f1a - El Diario - Bolivia\" \/>\n<meta property=\"og:description\" content=\"Se\u00f1alando que el Gobierno ha instrumentalizado un plan para descabezar al departamento de Santa Cruz, desde el Comit\u00e9 Nacional de Defensa de la Democracia (Conade) se denunci\u00f3 \u201cuna complicidad inaceptable\u201d entre la administraci\u00f3n de justicia y el poder para profundizar una fragmentaci\u00f3n institucional, debilitar liderazgos y dividir a la ciudadan\u00eda en la regi\u00f3n oriental del [&hellip;]\" \/>\n<meta property=\"og:url\" content=\"https:\/\/www.eldiario.net\/portal\/2024\/01\/05\/conade-rechaza-y-condena-atentado-contra-la-institucionalidad-crucena\/\" \/>\n<meta property=\"og:site_name\" content=\"El Diario - Bolivia\" \/>\n<meta property=\"article:publisher\" content=\"https:\/\/www.facebook.com\/eldiario.bolivia\/\" \/>\n<meta property=\"article:published_time\" content=\"2024-01-05T11:27:35+00:00\" \/>\n<meta property=\"og:image\" content=\"https:\/\/www.eldiario.net\/portal\/wp-content\/uploads\/2024\/01\/41-POL-1.jpg\" \/>\n\t<meta property=\"og:image:width\" content=\"600\" \/>\n\t<meta property=\"og:image:height\" content=\"400\" \/>\n\t<meta property=\"og:image:type\" content=\"image\/jpeg\" \/>\n<meta name=\"author\" content=\"Jeanette\" \/>\n<meta name=\"twitter:card\" content=\"summary_large_image\" \/>\n<meta name=\"twitter:creator\" content=\"@eldiario_net\" \/>\n<meta name=\"twitter:site\" content=\"@eldiario_net\" \/>\n<meta name=\"twitter:label1\" content=\"Escrito por\" \/>\n\t<meta name=\"twitter:data1\" content=\"Jeanette\" \/>\n\t<meta name=\"twitter:label2\" content=\"Tiempo de lectura\" \/>\n\t<meta name=\"twitter:data2\" content=\"3 minutos\" \/>\n<script type=\"application\/ld+json\" class=\"yoast-schema-graph\">{\"@context\":\"https:\\\/\\\/schema.org\",\"@graph\":[{\"@type\":\"Article\",\"@id\":\"https:\\\/\\\/www.eldiario.net\\\/portal\\\/2024\\\/01\\\/05\\\/conade-rechaza-y-condena-atentado-contra-la-institucionalidad-crucena\\\/#article\",\"isPartOf\":{\"@id\":\"https:\\\/\\\/www.eldiario.net\\\/portal\\\/2024\\\/01\\\/05\\\/conade-rechaza-y-condena-atentado-contra-la-institucionalidad-crucena\\\/\"},\"author\":{\"name\":\"Jeanette\",\"@id\":\"https:\\\/\\\/www.eldiario.net\\\/portal\\\/#\\\/schema\\\/person\\\/2c57cf2b7a7ae032e449e4c9b1019eac\"},\"headline\":\"Conade rechaza y condena atentado contra la institucionalidad cruce\u00f1a\",\"datePublished\":\"2024-01-05T11:27:35+00:00\",\"mainEntityOfPage\":{\"@id\":\"https:\\\/\\\/www.eldiario.net\\\/portal\\\/2024\\\/01\\\/05\\\/conade-rechaza-y-condena-atentado-contra-la-institucionalidad-crucena\\\/\"},\"wordCount\":657,\"commentCount\":0,\"publisher\":{\"@id\":\"https:\\\/\\\/www.eldiario.net\\\/portal\\\/#organization\"},\"image\":{\"@id\":\"https:\\\/\\\/www.eldiario.net\\\/portal\\\/2024\\\/01\\\/05\\\/conade-rechaza-y-condena-atentado-contra-la-institucionalidad-crucena\\\/#primaryimage\"},\"thumbnailUrl\":\"https:\\\/\\\/www.eldiario.net\\\/portal\\\/wp-content\\\/uploads\\\/2024\\\/01\\\/41-POL-1.jpg\",\"articleSection\":[\"Pol\u00edtica\"],\"inLanguage\":\"es\",\"potentialAction\":[{\"@type\":\"CommentAction\",\"name\":\"Comment\",\"target\":[\"https:\\\/\\\/www.eldiario.net\\\/portal\\\/2024\\\/01\\\/05\\\/conade-rechaza-y-condena-atentado-contra-la-institucionalidad-crucena\\\/#respond\"]}]},{\"@type\":\"WebPage\",\"@id\":\"https:\\\/\\\/www.eldiario.net\\\/portal\\\/2024\\\/01\\\/05\\\/conade-rechaza-y-condena-atentado-contra-la-institucionalidad-crucena\\\/\",\"url\":\"https:\\\/\\\/www.eldiario.net\\\/portal\\\/2024\\\/01\\\/05\\\/conade-rechaza-y-condena-atentado-contra-la-institucionalidad-crucena\\\/\",\"name\":\"Conade rechaza y condena atentado contra la institucionalidad cruce\u00f1a - El Diario - Bolivia\",\"isPartOf\":{\"@id\":\"https:\\\/\\\/www.eldiario.net\\\/portal\\\/#website\"},\"primaryImageOfPage\":{\"@id\":\"https:\\\/\\\/www.eldiario.net\\\/portal\\\/2024\\\/01\\\/05\\\/conade-rechaza-y-condena-atentado-contra-la-institucionalidad-crucena\\\/#primaryimage\"},\"image\":{\"@id\":\"https:\\\/\\\/www.eldiario.net\\\/portal\\\/2024\\\/01\\\/05\\\/conade-rechaza-y-condena-atentado-contra-la-institucionalidad-crucena\\\/#primaryimage\"},\"thumbnailUrl\":\"https:\\\/\\\/www.eldiario.net\\\/portal\\\/wp-content\\\/uploads\\\/2024\\\/01\\\/41-POL-1.jpg\",\"datePublished\":\"2024-01-05T11:27:35+00:00\",\"breadcrumb\":{\"@id\":\"https:\\\/\\\/www.eldiario.net\\\/portal\\\/2024\\\/01\\\/05\\\/conade-rechaza-y-condena-atentado-contra-la-institucionalidad-crucena\\\/#breadcrumb\"},\"inLanguage\":\"es\",\"potentialAction\":[{\"@type\":\"ReadAction\",\"target\":[\"https:\\\/\\\/www.eldiario.net\\\/portal\\\/2024\\\/01\\\/05\\\/conade-rechaza-y-condena-atentado-contra-la-institucionalidad-crucena\\\/\"]}]},{\"@type\":\"ImageObject\",\"inLanguage\":\"es\",\"@id\":\"https:\\\/\\\/www.eldiario.net\\\/portal\\\/2024\\\/01\\\/05\\\/conade-rechaza-y-condena-atentado-contra-la-institucionalidad-crucena\\\/#primaryimage\",\"url\":\"https:\\\/\\\/www.eldiario.net\\\/portal\\\/wp-content\\\/uploads\\\/2024\\\/01\\\/41-POL-1.jpg\",\"contentUrl\":\"https:\\\/\\\/www.eldiario.net\\\/portal\\\/wp-content\\\/uploads\\\/2024\\\/01\\\/41-POL-1.jpg\",\"width\":600,\"height\":400,\"caption\":\"Conade. (referencial)\"},{\"@type\":\"BreadcrumbList\",\"@id\":\"https:\\\/\\\/www.eldiario.net\\\/portal\\\/2024\\\/01\\\/05\\\/conade-rechaza-y-condena-atentado-contra-la-institucionalidad-crucena\\\/#breadcrumb\",\"itemListElement\":[{\"@type\":\"ListItem\",\"position\":1,\"name\":\"Portada\",\"item\":\"https:\\\/\\\/www.eldiario.net\\\/portal\\\/\"},{\"@type\":\"ListItem\",\"position\":2,\"name\":\"Conade rechaza y condena atentado contra la institucionalidad cruce\u00f1a\"}]},{\"@type\":\"WebSite\",\"@id\":\"https:\\\/\\\/www.eldiario.net\\\/portal\\\/#website\",\"url\":\"https:\\\/\\\/www.eldiario.net\\\/portal\\\/\",\"name\":\"El Diario - Decano de la prensa nacional\",\"description\":\"El Diario - Decano de la prensa nacional\",\"publisher\":{\"@id\":\"https:\\\/\\\/www.eldiario.net\\\/portal\\\/#organization\"},\"potentialAction\":[{\"@type\":\"SearchAction\",\"target\":{\"@type\":\"EntryPoint\",\"urlTemplate\":\"https:\\\/\\\/www.eldiario.net\\\/portal\\\/?s={search_term_string}\"},\"query-input\":{\"@type\":\"PropertyValueSpecification\",\"valueRequired\":true,\"valueName\":\"search_term_string\"}}],\"inLanguage\":\"es\"},{\"@type\":\"Organization\",\"@id\":\"https:\\\/\\\/www.eldiario.net\\\/portal\\\/#organization\",\"name\":\"El Diario - Decano de la prensa nacional\",\"url\":\"https:\\\/\\\/www.eldiario.net\\\/portal\\\/\",\"logo\":{\"@type\":\"ImageObject\",\"inLanguage\":\"es\",\"@id\":\"https:\\\/\\\/www.eldiario.net\\\/portal\\\/#\\\/schema\\\/logo\\\/image\\\/\",\"url\":\"https:\\\/\\\/www.eldiario.net\\\/portal\\\/wp-content\\\/uploads\\\/2023\\\/07\\\/logo_ED.jpg\",\"contentUrl\":\"https:\\\/\\\/www.eldiario.net\\\/portal\\\/wp-content\\\/uploads\\\/2023\\\/07\\\/logo_ED.jpg\",\"width\":272,\"height\":52,\"caption\":\"El Diario - Decano de la prensa nacional\"},\"image\":{\"@id\":\"https:\\\/\\\/www.eldiario.net\\\/portal\\\/#\\\/schema\\\/logo\\\/image\\\/\"},\"sameAs\":[\"https:\\\/\\\/www.facebook.com\\\/eldiario.bolivia\\\/\",\"https:\\\/\\\/x.com\\\/eldiario_net\"]},{\"@type\":\"Person\",\"@id\":\"https:\\\/\\\/www.eldiario.net\\\/portal\\\/#\\\/schema\\\/person\\\/2c57cf2b7a7ae032e449e4c9b1019eac\",\"name\":\"Jeanette\",\"image\":{\"@type\":\"ImageObject\",\"inLanguage\":\"es\",\"@id\":\"https:\\\/\\\/secure.gravatar.com\\\/avatar\\\/3ea2118a5f7dad2b7138b1187a6b7ee55f160b9968b66013c3a3ef39dd7e5798?s=96&d=mm&r=g\",\"url\":\"https:\\\/\\\/secure.gravatar.com\\\/avatar\\\/3ea2118a5f7dad2b7138b1187a6b7ee55f160b9968b66013c3a3ef39dd7e5798?s=96&d=mm&r=g\",\"contentUrl\":\"https:\\\/\\\/secure.gravatar.com\\\/avatar\\\/3ea2118a5f7dad2b7138b1187a6b7ee55f160b9968b66013c3a3ef39dd7e5798?s=96&d=mm&r=g\",\"caption\":\"Jeanette\"},\"sameAs\":[\"https:\\\/\\\/www.eldiario.net\\\/portal\"],\"url\":\"https:\\\/\\\/www.eldiario.net\\\/portal\\\/author\\\/jeanette\\\/\"}]}<\/script>\n<!-- \/ Yoast SEO plugin. -->","yoast_head_json":{"title":"Conade rechaza y condena atentado contra la institucionalidad cruce\u00f1a - El Diario - Bolivia","robots":{"index":"index","follow":"follow","max-snippet":"max-snippet:-1","max-image-preview":"max-image-preview:large","max-video-preview":"max-video-preview:-1"},"canonical":"https:\/\/www.eldiario.net\/portal\/2024\/01\/05\/conade-rechaza-y-condena-atentado-contra-la-institucionalidad-crucena\/","og_locale":"es_ES","og_type":"article","og_title":"Conade rechaza y condena atentado contra la institucionalidad cruce\u00f1a - El Diario - Bolivia","og_description":"Se\u00f1alando que el Gobierno ha instrumentalizado un plan para descabezar al departamento de Santa Cruz, desde el Comit\u00e9 Nacional de Defensa de la Democracia (Conade) se denunci\u00f3 \u201cuna complicidad inaceptable\u201d entre la administraci\u00f3n de justicia y el poder para profundizar una fragmentaci\u00f3n institucional, debilitar liderazgos y dividir a la ciudadan\u00eda en la regi\u00f3n oriental del [&hellip;]","og_url":"https:\/\/www.eldiario.net\/portal\/2024\/01\/05\/conade-rechaza-y-condena-atentado-contra-la-institucionalidad-crucena\/","og_site_name":"El Diario - Bolivia","article_publisher":"https:\/\/www.facebook.com\/eldiario.bolivia\/","article_published_time":"2024-01-05T11:27:35+00:00","og_image":[{"width":600,"height":400,"url":"https:\/\/www.eldiario.net\/portal\/wp-content\/uploads\/2024\/01\/41-POL-1.jpg","type":"image\/jpeg"}],"author":"Jeanette","twitter_card":"summary_large_image","twitter_creator":"@eldiario_net","twitter_site":"@eldiario_net","twitter_misc":{"Escrito por":"Jeanette","Tiempo de lectura":"3 minutos"},"schema":{"@context":"https:\/\/schema.org","@graph":[{"@type":"Article","@id":"https:\/\/www.eldiario.net\/portal\/2024\/01\/05\/conade-rechaza-y-condena-atentado-contra-la-institucionalidad-crucena\/#article","isPartOf":{"@id":"https:\/\/www.eldiario.net\/portal\/2024\/01\/05\/conade-rechaza-y-condena-atentado-contra-la-institucionalidad-crucena\/"},"author":{"name":"Jeanette","@id":"https:\/\/www.eldiario.net\/portal\/#\/schema\/person\/2c57cf2b7a7ae032e449e4c9b1019eac"},"headline":"Conade rechaza y condena atentado contra la institucionalidad cruce\u00f1a","datePublished":"2024-01-05T11:27:35+00:00","mainEntityOfPage":{"@id":"https:\/\/www.eldiario.net\/portal\/2024\/01\/05\/conade-rechaza-y-condena-atentado-contra-la-institucionalidad-crucena\/"},"wordCount":657,"commentCount":0,"publisher":{"@id":"https:\/\/www.eldiario.net\/portal\/#organization"},"image":{"@id":"https:\/\/www.eldiario.net\/portal\/2024\/01\/05\/conade-rechaza-y-condena-atentado-contra-la-institucionalidad-crucena\/#primaryimage"},"thumbnailUrl":"https:\/\/www.eldiario.net\/portal\/wp-content\/uploads\/2024\/01\/41-POL-1.jpg","articleSection":["Pol\u00edtica"],"inLanguage":"es","potentialAction":[{"@type":"CommentAction","name":"Comment","target":["https:\/\/www.eldiario.net\/portal\/2024\/01\/05\/conade-rechaza-y-condena-atentado-contra-la-institucionalidad-crucena\/#respond"]}]},{"@type":"WebPage","@id":"https:\/\/www.eldiario.net\/portal\/2024\/01\/05\/conade-rechaza-y-condena-atentado-contra-la-institucionalidad-crucena\/","url":"https:\/\/www.eldiario.net\/portal\/2024\/01\/05\/conade-rechaza-y-condena-atentado-contra-la-institucionalidad-crucena\/","name":"Conade rechaza y condena atentado contra la institucionalidad cruce\u00f1a - El Diario - Bolivia","isPartOf":{"@id":"https:\/\/www.eldiario.net\/portal\/#website"},"primaryImageOfPage":{"@id":"https:\/\/www.eldiario.net\/portal\/2024\/01\/05\/conade-rechaza-y-condena-atentado-contra-la-institucionalidad-crucena\/#primaryimage"},"image":{"@id":"https:\/\/www.eldiario.net\/portal\/2024\/01\/05\/conade-rechaza-y-condena-atentado-contra-la-institucionalidad-crucena\/#primaryimage"},"thumbnailUrl":"https:\/\/www.eldiario.net\/portal\/wp-content\/uploads\/2024\/01\/41-POL-1.jpg","datePublished":"2024-01-05T11:27:35+00:00","breadcrumb":{"@id":"https:\/\/www.eldiario.net\/portal\/2024\/01\/05\/conade-rechaza-y-condena-atentado-contra-la-institucionalidad-crucena\/#breadcrumb"},"inLanguage":"es","potentialAction":[{"@type":"ReadAction","target":["https:\/\/www.eldiario.net\/portal\/2024\/01\/05\/conade-rechaza-y-condena-atentado-contra-la-institucionalidad-crucena\/"]}]},{"@type":"ImageObject","inLanguage":"es","@id":"https:\/\/www.eldiario.net\/portal\/2024\/01\/05\/conade-rechaza-y-condena-atentado-contra-la-institucionalidad-crucena\/#primaryimage","url":"https:\/\/www.eldiario.net\/portal\/wp-content\/uploads\/2024\/01\/41-POL-1.jpg","contentUrl":"https:\/\/www.eldiario.net\/portal\/wp-content\/uploads\/2024\/01\/41-POL-1.jpg","width":600,"height":400,"caption":"Conade. (referencial)"},{"@type":"BreadcrumbList","@id":"https:\/\/www.eldiario.net\/portal\/2024\/01\/05\/conade-rechaza-y-condena-atentado-contra-la-institucionalidad-crucena\/#breadcrumb","itemListElement":[{"@type":"ListItem","position":1,"name":"Portada","item":"https:\/\/www.eldiario.net\/portal\/"},{"@type":"ListItem","position":2,"name":"Conade rechaza y condena atentado contra la institucionalidad cruce\u00f1a"}]},{"@type":"WebSite","@id":"https:\/\/www.eldiario.net\/portal\/#website","url":"https:\/\/www.eldiario.net\/portal\/","name":"El Diario - Decano de la prensa nacional","description":"El Diario - Decano de la prensa nacional","publisher":{"@id":"https:\/\/www.eldiario.net\/portal\/#organization"},"potentialAction":[{"@type":"SearchAction","target":{"@type":"EntryPoint","urlTemplate":"https:\/\/www.eldiario.net\/portal\/?s={search_term_string}"},"query-input":{"@type":"PropertyValueSpecification","valueRequired":true,"valueName":"search_term_string"}}],"inLanguage":"es"},{"@type":"Organization","@id":"https:\/\/www.eldiario.net\/portal\/#organization","name":"El Diario - Decano de la prensa nacional","url":"https:\/\/www.eldiario.net\/portal\/","logo":{"@type":"ImageObject","inLanguage":"es","@id":"https:\/\/www.eldiario.net\/portal\/#\/schema\/logo\/image\/","url":"https:\/\/www.eldiario.net\/portal\/wp-content\/uploads\/2023\/07\/logo_ED.jpg","contentUrl":"https:\/\/www.eldiario.net\/portal\/wp-content\/uploads\/2023\/07\/logo_ED.jpg","width":272,"height":52,"caption":"El Diario - Decano de la prensa nacional"},"image":{"@id":"https:\/\/www.eldiario.net\/portal\/#\/schema\/logo\/image\/"},"sameAs":["https:\/\/www.facebook.com\/eldiario.bolivia\/","https:\/\/x.com\/eldiario_net"]},{"@type":"Person","@id":"https:\/\/www.eldiario.net\/portal\/#\/schema\/person\/2c57cf2b7a7ae032e449e4c9b1019eac","name":"Jeanette","image":{"@type":"ImageObject","inLanguage":"es","@id":"https:\/\/secure.gravatar.com\/avatar\/3ea2118a5f7dad2b7138b1187a6b7ee55f160b9968b66013c3a3ef39dd7e5798?s=96&d=mm&r=g","url":"https:\/\/secure.gravatar.com\/avatar\/3ea2118a5f7dad2b7138b1187a6b7ee55f160b9968b66013c3a3ef39dd7e5798?s=96&d=mm&r=g","contentUrl":"https:\/\/secure.gravatar.com\/avatar\/3ea2118a5f7dad2b7138b1187a6b7ee55f160b9968b66013c3a3ef39dd7e5798?s=96&d=mm&r=g","caption":"Jeanette"},"sameAs":["https:\/\/www.eldiario.net\/portal"],"url":"https:\/\/www.eldiario.net\/portal\/author\/jeanette\/"}]}},"_links":{"self":[{"href":"https:\/\/www.eldiario.net\/portal\/wp-json\/wp\/v2\/posts\/196029","targetHints":{"allow":["GET"]}}],"collection":[{"href":"https:\/\/www.eldiario.net\/portal\/wp-json\/wp\/v2\/posts"}],"about":[{"href":"https:\/\/www.eldiario.net\/portal\/wp-json\/wp\/v2\/types\/post"}],"author":[{"embeddable":true,"href":"https:\/\/www.eldiario.net\/portal\/wp-json\/wp\/v2\/users\/1"}],"replies":[{"embeddable":true,"href":"https:\/\/www.eldiario.net\/portal\/wp-json\/wp\/v2\/comments?post=196029"}],"version-history":[{"count":1,"href":"https:\/\/www.eldiario.net\/portal\/wp-json\/wp\/v2\/posts\/196029\/revisions"}],"predecessor-version":[{"id":196031,"href":"https:\/\/www.eldiario.net\/portal\/wp-json\/wp\/v2\/posts\/196029\/revisions\/196031"}],"wp:featuredmedia":[{"embeddable":true,"href":"https:\/\/www.eldiario.net\/portal\/wp-json\/wp\/v2\/media\/196030"}],"wp:attachment":[{"href":"https:\/\/www.eldiario.net\/portal\/wp-json\/wp\/v2\/media?parent=196029"}],"wp:term":[{"taxonomy":"category","embeddable":true,"href":"https:\/\/www.eldiario.net\/portal\/wp-json\/wp\/v2\/categories?post=196029"},{"taxonomy":"post_tag","embeddable":true,"href":"https:\/\/www.eldiario.net\/portal\/wp-json\/wp\/v2\/tags?post=196029"}],"curies":[{"name":"wp","href":"https:\/\/api.w.org\/{rel}","templated":true}]}}