{"id":195682,"date":"2024-01-03T06:45:09","date_gmt":"2024-01-03T10:45:09","guid":{"rendered":"https:\/\/www.eldiario.net\/portal\/?p=195682"},"modified":"2024-01-03T06:45:09","modified_gmt":"2024-01-03T10:45:09","slug":"urge-eleccion-de-magistrados-por-una-tercera-formula","status":"publish","type":"post","link":"https:\/\/www.eldiario.net\/portal\/2024\/01\/03\/urge-eleccion-de-magistrados-por-una-tercera-formula\/","title":{"rendered":"Urge elecci\u00f3n de magistrados  por una tercera f\u00f3rmula"},"content":{"rendered":"<p>El intento de elecci\u00f3n de magistrados por v\u00eda popular, ideado por la voluntad irracional del expresidente Evo Morales y su vicepresidente, \u00c1lvaro Garc\u00eda Linera, procedimiento introducido durante la Asamblea Constituyente de 2008 en la nueva Constituci\u00f3n, fue un ostensible error, que fue respaldado, adem\u00e1s, por un refer\u00e9ndum, porque simplemente jam\u00e1s hab\u00eda sido siquiera experimentado, ni en las m\u00e1s extremas revoluciones de la historia de la humanidad.<br \/>\nEse procedimiento era irrealizable y si alguna vez se intent\u00f3 aplicarlo, termin\u00f3 en desastre. Era tan absurdo, como querer llegar a la luna en bicicleta, no solo por intentar elegir a dedo a los candidatos a magistrados, sino tambi\u00e9n porque el objetivo consist\u00eda en que el pueblo elegir\u00eda a los magistrados previamente escogidos por sus amigos, para tener en esa forma el absoluto control sobre el \u00d3rgano Judicial. Algo as\u00ed como si alguien que disfruta del sagrado privilegio de votar por un hombre, votase por el elegido por otro.<br \/>\nPese a todo, esa nov\u00edsima Constituci\u00f3n fue adoptada y acatada a pie juntillas por los llamados partidos de oposici\u00f3n y continu\u00f3 en aplicaci\u00f3n hasta el presente, cuando choc\u00f3 con la dura realidad que no permiti\u00f3 que se repita el engendro. A la vez, se impuso que dicha elecci\u00f3n popular de magistrados no vuelva a realizarse en ninguna circunstancia y sea borrada de la Carta Magna.<br \/>\nEn efecto, el a\u00f1o pasado la nueva elecci\u00f3n popular de magistrados encontr\u00f3 oposici\u00f3n general y fue objeto de interminables discusiones en todo nivel y, enseguida, el debate en los \u00f3rganos Ejecutivo, Legislativo, Judicial y Electoral, sin que se pueda encontrar soluci\u00f3n al embrollo y termin\u00f3 con que esos \u00f3rganos terminen d\u00e1ndose cabeza con cabeza y se revele que el Estado Plurinacional estaba en agon\u00eda.<br \/>\nVino enseguida que el Poder Legislativo atacaba al Judicial y enseguida el Electoral al Legislativo, el Judicial al Legislativo, \u00e9ste al Ejecutivo y los cuatro al mismo tiempo entraron en un conflicto mayor, ech\u00e1ndose la culpa por el desacuerdo, lo que produjo de nuevo otra frustraci\u00f3n y sin darse cuenta que el origen del problema no estaba en posiciones encontradas, sino en la Constituci\u00f3n Pol\u00edtica, madre de todos los males que agobian al pueblo.<br \/>\nFinalmente, la elecci\u00f3n popular para magistrados no encontr\u00f3 remedio, no por falta de voluntad de los tribunos, sino que para todos ellos era imposible resolver el problema y se trataba de encontrar la cuadratura del c\u00edrculo o querer llegar a la luna en bicicleta.<br \/>\nEntonces, ante el desacuerdo de las partes, la elecci\u00f3n de magistrados qued\u00f3 postergada indefinidamente, as\u00ed como la selecci\u00f3n de candidatos. Y enseguida el antagonismo fue resuelto con la pr\u00f3rroga de los magistrados, lo que caus\u00f3 airada oposici\u00f3n, considerando la medida como inconstitucional y amenazando con enjuiciar a los magistrados (que, de paso, se\u00f1alaron que no existe reelecci\u00f3n indefinida de Evo Morales a la presidencia. por no ser derecho humano).<br \/>\nPero, ahora ah\u00ed no termina el problema. M\u00e1s bien, reci\u00e9n empieza. La oposici\u00f3n de Evo Morales y compa\u00f1\u00eda se oponen a la soluci\u00f3n del Tribunal Constitucional de evitar el vac\u00edo de poder en el \u00d3rgano Judicial. Adem\u00e1s, exigen la elecci\u00f3n de los magistrados por la obsoleta votaci\u00f3n popular, por v\u00eda parlamentaria, etc., so pena de salir a las calles y cambiar gobierno.<br \/>\nPero, vayamos al caso de que la oposici\u00f3n quiebre el brazo del gobierno. Entonces, se volver\u00e1 a fojas cero y se reiniciar\u00e1n las peleas para elegir en las C\u00e1maras a los candidatos a magistrados a dedo, as\u00ed como la fecha de elecciones, con el deseo de gastar 180 millones de bolivianos en las elecciones judiciales y todos los argumentos que crearon la ca\u00f3tica situaci\u00f3n actual. Es m\u00e1s, con seguridad la cosa ser\u00e1 peor. Es decir, girando en el c\u00edrculo vicioso de la elecci\u00f3n de funcionarios judiciales por decreto o por v\u00eda popular, en vez de buscar una tercera soluci\u00f3n, que es reformar la \u201cFarsa Magna\u201d actual.<\/p>\n","protected":false},"excerpt":{"rendered":"<p>El intento de elecci\u00f3n de magistrados por v\u00eda popular, ideado por la voluntad irracional del expresidente Evo Morales y su vicepresidente, \u00c1lvaro Garc\u00eda Linera, procedimiento introducido durante la Asamblea Constituyente de 2008 en la nueva Constituci\u00f3n, fue un ostensible error, que fue respaldado, adem\u00e1s, por un refer\u00e9ndum, porque simplemente jam\u00e1s hab\u00eda sido siquiera experimentado, ni [&hellip;]<\/p>\n","protected":false},"author":1,"featured_media":164428,"comment_status":"open","ping_status":"open","sticky":false,"template":"","format":"standard","meta":{"_acf_changed":false,"footnotes":""},"categories":[9],"tags":[],"class_list":["post-195682","post","type-post","status-publish","format-standard","has-post-thumbnail","category-opinion"],"acf":{"antetitulo":""},"yoast_head":"<!-- This site is optimized with the Yoast SEO plugin v28.4 - https:\/\/yoast.com\/product\/yoast-seo-wordpress\/ -->\n<title>Urge elecci\u00f3n de magistrados por una tercera f\u00f3rmula - El Diario - Bolivia<\/title>\n<meta name=\"robots\" content=\"index, follow, max-snippet:-1, max-image-preview:large, max-video-preview:-1\" \/>\n<link rel=\"canonical\" href=\"https:\/\/www.eldiario.net\/portal\/2024\/01\/03\/urge-eleccion-de-magistrados-por-una-tercera-formula\/\" \/>\n<meta property=\"og:locale\" content=\"es_ES\" \/>\n<meta property=\"og:type\" content=\"article\" \/>\n<meta property=\"og:title\" content=\"Urge elecci\u00f3n de magistrados por una tercera f\u00f3rmula - El Diario - Bolivia\" \/>\n<meta property=\"og:description\" content=\"El intento de elecci\u00f3n de magistrados por v\u00eda popular, ideado por la voluntad irracional del expresidente Evo Morales y su vicepresidente, \u00c1lvaro Garc\u00eda Linera, procedimiento introducido durante la Asamblea Constituyente de 2008 en la nueva Constituci\u00f3n, fue un ostensible error, que fue respaldado, adem\u00e1s, por un refer\u00e9ndum, porque simplemente jam\u00e1s hab\u00eda sido siquiera experimentado, ni [&hellip;]\" \/>\n<meta property=\"og:url\" content=\"https:\/\/www.eldiario.net\/portal\/2024\/01\/03\/urge-eleccion-de-magistrados-por-una-tercera-formula\/\" \/>\n<meta property=\"og:site_name\" content=\"El Diario - Bolivia\" \/>\n<meta property=\"article:publisher\" content=\"https:\/\/www.facebook.com\/eldiario.bolivia\/\" \/>\n<meta property=\"article:published_time\" content=\"2024-01-03T10:45:09+00:00\" \/>\n<meta property=\"og:image\" content=\"https:\/\/www.eldiario.net\/portal\/wp-content\/uploads\/2023\/07\/Luis-Antezana-Ergueta.jpg\" \/>\n\t<meta property=\"og:image:width\" content=\"1200\" \/>\n\t<meta property=\"og:image:height\" content=\"628\" \/>\n\t<meta property=\"og:image:type\" content=\"image\/jpeg\" \/>\n<meta name=\"author\" content=\"Jeanette\" \/>\n<meta name=\"twitter:card\" content=\"summary_large_image\" \/>\n<meta name=\"twitter:creator\" content=\"@eldiario_net\" \/>\n<meta name=\"twitter:site\" content=\"@eldiario_net\" \/>\n<meta name=\"twitter:label1\" content=\"Escrito por\" \/>\n\t<meta name=\"twitter:data1\" content=\"Jeanette\" \/>\n\t<meta name=\"twitter:label2\" content=\"Tiempo de lectura\" \/>\n\t<meta name=\"twitter:data2\" content=\"4 minutos\" \/>\n<script type=\"application\/ld+json\" class=\"yoast-schema-graph\">{\"@context\":\"https:\\\/\\\/schema.org\",\"@graph\":[{\"@type\":\"Article\",\"@id\":\"https:\\\/\\\/www.eldiario.net\\\/portal\\\/2024\\\/01\\\/03\\\/urge-eleccion-de-magistrados-por-una-tercera-formula\\\/#article\",\"isPartOf\":{\"@id\":\"https:\\\/\\\/www.eldiario.net\\\/portal\\\/2024\\\/01\\\/03\\\/urge-eleccion-de-magistrados-por-una-tercera-formula\\\/\"},\"author\":{\"name\":\"Jeanette\",\"@id\":\"https:\\\/\\\/www.eldiario.net\\\/portal\\\/#\\\/schema\\\/person\\\/f46445640444750d7d753ccd04ae01b7\"},\"headline\":\"Urge elecci\u00f3n de magistrados por una tercera f\u00f3rmula\",\"datePublished\":\"2024-01-03T10:45:09+00:00\",\"mainEntityOfPage\":{\"@id\":\"https:\\\/\\\/www.eldiario.net\\\/portal\\\/2024\\\/01\\\/03\\\/urge-eleccion-de-magistrados-por-una-tercera-formula\\\/\"},\"wordCount\":702,\"commentCount\":0,\"publisher\":{\"@id\":\"https:\\\/\\\/www.eldiario.net\\\/portal\\\/#organization\"},\"image\":{\"@id\":\"https:\\\/\\\/www.eldiario.net\\\/portal\\\/2024\\\/01\\\/03\\\/urge-eleccion-de-magistrados-por-una-tercera-formula\\\/#primaryimage\"},\"thumbnailUrl\":\"https:\\\/\\\/www.eldiario.net\\\/portal\\\/wp-content\\\/uploads\\\/2023\\\/07\\\/Luis-Antezana-Ergueta.jpg\",\"articleSection\":[\"Opini\u00f3n\"],\"inLanguage\":\"es\",\"potentialAction\":[{\"@type\":\"CommentAction\",\"name\":\"Comment\",\"target\":[\"https:\\\/\\\/www.eldiario.net\\\/portal\\\/2024\\\/01\\\/03\\\/urge-eleccion-de-magistrados-por-una-tercera-formula\\\/#respond\"]}]},{\"@type\":\"WebPage\",\"@id\":\"https:\\\/\\\/www.eldiario.net\\\/portal\\\/2024\\\/01\\\/03\\\/urge-eleccion-de-magistrados-por-una-tercera-formula\\\/\",\"url\":\"https:\\\/\\\/www.eldiario.net\\\/portal\\\/2024\\\/01\\\/03\\\/urge-eleccion-de-magistrados-por-una-tercera-formula\\\/\",\"name\":\"Urge elecci\u00f3n de magistrados por una tercera f\u00f3rmula - El Diario - Bolivia\",\"isPartOf\":{\"@id\":\"https:\\\/\\\/www.eldiario.net\\\/portal\\\/#website\"},\"primaryImageOfPage\":{\"@id\":\"https:\\\/\\\/www.eldiario.net\\\/portal\\\/2024\\\/01\\\/03\\\/urge-eleccion-de-magistrados-por-una-tercera-formula\\\/#primaryimage\"},\"image\":{\"@id\":\"https:\\\/\\\/www.eldiario.net\\\/portal\\\/2024\\\/01\\\/03\\\/urge-eleccion-de-magistrados-por-una-tercera-formula\\\/#primaryimage\"},\"thumbnailUrl\":\"https:\\\/\\\/www.eldiario.net\\\/portal\\\/wp-content\\\/uploads\\\/2023\\\/07\\\/Luis-Antezana-Ergueta.jpg\",\"datePublished\":\"2024-01-03T10:45:09+00:00\",\"breadcrumb\":{\"@id\":\"https:\\\/\\\/www.eldiario.net\\\/portal\\\/2024\\\/01\\\/03\\\/urge-eleccion-de-magistrados-por-una-tercera-formula\\\/#breadcrumb\"},\"inLanguage\":\"es\",\"potentialAction\":[{\"@type\":\"ReadAction\",\"target\":[\"https:\\\/\\\/www.eldiario.net\\\/portal\\\/2024\\\/01\\\/03\\\/urge-eleccion-de-magistrados-por-una-tercera-formula\\\/\"]}]},{\"@type\":\"ImageObject\",\"inLanguage\":\"es\",\"@id\":\"https:\\\/\\\/www.eldiario.net\\\/portal\\\/2024\\\/01\\\/03\\\/urge-eleccion-de-magistrados-por-una-tercera-formula\\\/#primaryimage\",\"url\":\"https:\\\/\\\/www.eldiario.net\\\/portal\\\/wp-content\\\/uploads\\\/2023\\\/07\\\/Luis-Antezana-Ergueta.jpg\",\"contentUrl\":\"https:\\\/\\\/www.eldiario.net\\\/portal\\\/wp-content\\\/uploads\\\/2023\\\/07\\\/Luis-Antezana-Ergueta.jpg\",\"width\":1200,\"height\":628,\"caption\":\"Luis Antezana Ergueta\"},{\"@type\":\"BreadcrumbList\",\"@id\":\"https:\\\/\\\/www.eldiario.net\\\/portal\\\/2024\\\/01\\\/03\\\/urge-eleccion-de-magistrados-por-una-tercera-formula\\\/#breadcrumb\",\"itemListElement\":[{\"@type\":\"ListItem\",\"position\":1,\"name\":\"Portada\",\"item\":\"https:\\\/\\\/www.eldiario.net\\\/portal\\\/\"},{\"@type\":\"ListItem\",\"position\":2,\"name\":\"Urge elecci\u00f3n de magistrados por una tercera f\u00f3rmula\"}]},{\"@type\":\"WebSite\",\"@id\":\"https:\\\/\\\/www.eldiario.net\\\/portal\\\/#website\",\"url\":\"https:\\\/\\\/www.eldiario.net\\\/portal\\\/\",\"name\":\"El Diario - Decano de la prensa nacional\",\"description\":\"El Diario - Decano de la prensa nacional\",\"publisher\":{\"@id\":\"https:\\\/\\\/www.eldiario.net\\\/portal\\\/#organization\"},\"potentialAction\":[{\"@type\":\"SearchAction\",\"target\":{\"@type\":\"EntryPoint\",\"urlTemplate\":\"https:\\\/\\\/www.eldiario.net\\\/portal\\\/?s={search_term_string}\"},\"query-input\":{\"@type\":\"PropertyValueSpecification\",\"valueRequired\":true,\"valueName\":\"search_term_string\"}}],\"inLanguage\":\"es\"},{\"@type\":\"Organization\",\"@id\":\"https:\\\/\\\/www.eldiario.net\\\/portal\\\/#organization\",\"name\":\"El Diario - Decano de la prensa nacional\",\"url\":\"https:\\\/\\\/www.eldiario.net\\\/portal\\\/\",\"logo\":{\"@type\":\"ImageObject\",\"inLanguage\":\"es\",\"@id\":\"https:\\\/\\\/www.eldiario.net\\\/portal\\\/#\\\/schema\\\/logo\\\/image\\\/\",\"url\":\"https:\\\/\\\/www.eldiario.net\\\/portal\\\/wp-content\\\/uploads\\\/2023\\\/07\\\/logo_ED.jpg\",\"contentUrl\":\"https:\\\/\\\/www.eldiario.net\\\/portal\\\/wp-content\\\/uploads\\\/2023\\\/07\\\/logo_ED.jpg\",\"width\":272,\"height\":52,\"caption\":\"El Diario - Decano de la prensa nacional\"},\"image\":{\"@id\":\"https:\\\/\\\/www.eldiario.net\\\/portal\\\/#\\\/schema\\\/logo\\\/image\\\/\"},\"sameAs\":[\"https:\\\/\\\/www.facebook.com\\\/eldiario.bolivia\\\/\",\"https:\\\/\\\/x.com\\\/eldiario_net\"]},{\"@type\":\"Person\",\"@id\":\"https:\\\/\\\/www.eldiario.net\\\/portal\\\/#\\\/schema\\\/person\\\/f46445640444750d7d753ccd04ae01b7\",\"name\":\"Jeanette\",\"image\":{\"@type\":\"ImageObject\",\"inLanguage\":\"es\",\"@id\":\"https:\\\/\\\/secure.gravatar.com\\\/avatar\\\/3ea2118a5f7dad2b7138b1187a6b7ee55f160b9968b66013c3a3ef39dd7e5798?s=96&d=mm&r=g\",\"url\":\"https:\\\/\\\/secure.gravatar.com\\\/avatar\\\/3ea2118a5f7dad2b7138b1187a6b7ee55f160b9968b66013c3a3ef39dd7e5798?s=96&d=mm&r=g\",\"contentUrl\":\"https:\\\/\\\/secure.gravatar.com\\\/avatar\\\/3ea2118a5f7dad2b7138b1187a6b7ee55f160b9968b66013c3a3ef39dd7e5798?s=96&d=mm&r=g\",\"caption\":\"Jeanette\"},\"sameAs\":[\"https:\\\/\\\/www.eldiario.net\\\/portal\"],\"url\":\"https:\\\/\\\/www.eldiario.net\\\/portal\\\/author\\\/jeanette\\\/\"}]}<\/script>\n<!-- \/ Yoast SEO plugin. -->","yoast_head_json":{"title":"Urge elecci\u00f3n de magistrados por una tercera f\u00f3rmula - El Diario - Bolivia","robots":{"index":"index","follow":"follow","max-snippet":"max-snippet:-1","max-image-preview":"max-image-preview:large","max-video-preview":"max-video-preview:-1"},"canonical":"https:\/\/www.eldiario.net\/portal\/2024\/01\/03\/urge-eleccion-de-magistrados-por-una-tercera-formula\/","og_locale":"es_ES","og_type":"article","og_title":"Urge elecci\u00f3n de magistrados por una tercera f\u00f3rmula - El Diario - Bolivia","og_description":"El intento de elecci\u00f3n de magistrados por v\u00eda popular, ideado por la voluntad irracional del expresidente Evo Morales y su vicepresidente, \u00c1lvaro Garc\u00eda Linera, procedimiento introducido durante la Asamblea Constituyente de 2008 en la nueva Constituci\u00f3n, fue un ostensible error, que fue respaldado, adem\u00e1s, por un refer\u00e9ndum, porque simplemente jam\u00e1s hab\u00eda sido siquiera experimentado, ni [&hellip;]","og_url":"https:\/\/www.eldiario.net\/portal\/2024\/01\/03\/urge-eleccion-de-magistrados-por-una-tercera-formula\/","og_site_name":"El Diario - Bolivia","article_publisher":"https:\/\/www.facebook.com\/eldiario.bolivia\/","article_published_time":"2024-01-03T10:45:09+00:00","og_image":[{"width":1200,"height":628,"url":"https:\/\/www.eldiario.net\/portal\/wp-content\/uploads\/2023\/07\/Luis-Antezana-Ergueta.jpg","type":"image\/jpeg"}],"author":"Jeanette","twitter_card":"summary_large_image","twitter_creator":"@eldiario_net","twitter_site":"@eldiario_net","twitter_misc":{"Escrito por":"Jeanette","Tiempo de lectura":"4 minutos"},"schema":{"@context":"https:\/\/schema.org","@graph":[{"@type":"Article","@id":"https:\/\/www.eldiario.net\/portal\/2024\/01\/03\/urge-eleccion-de-magistrados-por-una-tercera-formula\/#article","isPartOf":{"@id":"https:\/\/www.eldiario.net\/portal\/2024\/01\/03\/urge-eleccion-de-magistrados-por-una-tercera-formula\/"},"author":{"name":"Jeanette","@id":"https:\/\/www.eldiario.net\/portal\/#\/schema\/person\/f46445640444750d7d753ccd04ae01b7"},"headline":"Urge elecci\u00f3n de magistrados por una tercera f\u00f3rmula","datePublished":"2024-01-03T10:45:09+00:00","mainEntityOfPage":{"@id":"https:\/\/www.eldiario.net\/portal\/2024\/01\/03\/urge-eleccion-de-magistrados-por-una-tercera-formula\/"},"wordCount":702,"commentCount":0,"publisher":{"@id":"https:\/\/www.eldiario.net\/portal\/#organization"},"image":{"@id":"https:\/\/www.eldiario.net\/portal\/2024\/01\/03\/urge-eleccion-de-magistrados-por-una-tercera-formula\/#primaryimage"},"thumbnailUrl":"https:\/\/www.eldiario.net\/portal\/wp-content\/uploads\/2023\/07\/Luis-Antezana-Ergueta.jpg","articleSection":["Opini\u00f3n"],"inLanguage":"es","potentialAction":[{"@type":"CommentAction","name":"Comment","target":["https:\/\/www.eldiario.net\/portal\/2024\/01\/03\/urge-eleccion-de-magistrados-por-una-tercera-formula\/#respond"]}]},{"@type":"WebPage","@id":"https:\/\/www.eldiario.net\/portal\/2024\/01\/03\/urge-eleccion-de-magistrados-por-una-tercera-formula\/","url":"https:\/\/www.eldiario.net\/portal\/2024\/01\/03\/urge-eleccion-de-magistrados-por-una-tercera-formula\/","name":"Urge elecci\u00f3n de magistrados por una tercera f\u00f3rmula - El Diario - Bolivia","isPartOf":{"@id":"https:\/\/www.eldiario.net\/portal\/#website"},"primaryImageOfPage":{"@id":"https:\/\/www.eldiario.net\/portal\/2024\/01\/03\/urge-eleccion-de-magistrados-por-una-tercera-formula\/#primaryimage"},"image":{"@id":"https:\/\/www.eldiario.net\/portal\/2024\/01\/03\/urge-eleccion-de-magistrados-por-una-tercera-formula\/#primaryimage"},"thumbnailUrl":"https:\/\/www.eldiario.net\/portal\/wp-content\/uploads\/2023\/07\/Luis-Antezana-Ergueta.jpg","datePublished":"2024-01-03T10:45:09+00:00","breadcrumb":{"@id":"https:\/\/www.eldiario.net\/portal\/2024\/01\/03\/urge-eleccion-de-magistrados-por-una-tercera-formula\/#breadcrumb"},"inLanguage":"es","potentialAction":[{"@type":"ReadAction","target":["https:\/\/www.eldiario.net\/portal\/2024\/01\/03\/urge-eleccion-de-magistrados-por-una-tercera-formula\/"]}]},{"@type":"ImageObject","inLanguage":"es","@id":"https:\/\/www.eldiario.net\/portal\/2024\/01\/03\/urge-eleccion-de-magistrados-por-una-tercera-formula\/#primaryimage","url":"https:\/\/www.eldiario.net\/portal\/wp-content\/uploads\/2023\/07\/Luis-Antezana-Ergueta.jpg","contentUrl":"https:\/\/www.eldiario.net\/portal\/wp-content\/uploads\/2023\/07\/Luis-Antezana-Ergueta.jpg","width":1200,"height":628,"caption":"Luis Antezana Ergueta"},{"@type":"BreadcrumbList","@id":"https:\/\/www.eldiario.net\/portal\/2024\/01\/03\/urge-eleccion-de-magistrados-por-una-tercera-formula\/#breadcrumb","itemListElement":[{"@type":"ListItem","position":1,"name":"Portada","item":"https:\/\/www.eldiario.net\/portal\/"},{"@type":"ListItem","position":2,"name":"Urge elecci\u00f3n de magistrados por una tercera f\u00f3rmula"}]},{"@type":"WebSite","@id":"https:\/\/www.eldiario.net\/portal\/#website","url":"https:\/\/www.eldiario.net\/portal\/","name":"El Diario - Decano de la prensa nacional","description":"El Diario - Decano de la prensa nacional","publisher":{"@id":"https:\/\/www.eldiario.net\/portal\/#organization"},"potentialAction":[{"@type":"SearchAction","target":{"@type":"EntryPoint","urlTemplate":"https:\/\/www.eldiario.net\/portal\/?s={search_term_string}"},"query-input":{"@type":"PropertyValueSpecification","valueRequired":true,"valueName":"search_term_string"}}],"inLanguage":"es"},{"@type":"Organization","@id":"https:\/\/www.eldiario.net\/portal\/#organization","name":"El Diario - Decano de la prensa nacional","url":"https:\/\/www.eldiario.net\/portal\/","logo":{"@type":"ImageObject","inLanguage":"es","@id":"https:\/\/www.eldiario.net\/portal\/#\/schema\/logo\/image\/","url":"https:\/\/www.eldiario.net\/portal\/wp-content\/uploads\/2023\/07\/logo_ED.jpg","contentUrl":"https:\/\/www.eldiario.net\/portal\/wp-content\/uploads\/2023\/07\/logo_ED.jpg","width":272,"height":52,"caption":"El Diario - Decano de la prensa nacional"},"image":{"@id":"https:\/\/www.eldiario.net\/portal\/#\/schema\/logo\/image\/"},"sameAs":["https:\/\/www.facebook.com\/eldiario.bolivia\/","https:\/\/x.com\/eldiario_net"]},{"@type":"Person","@id":"https:\/\/www.eldiario.net\/portal\/#\/schema\/person\/f46445640444750d7d753ccd04ae01b7","name":"Jeanette","image":{"@type":"ImageObject","inLanguage":"es","@id":"https:\/\/secure.gravatar.com\/avatar\/3ea2118a5f7dad2b7138b1187a6b7ee55f160b9968b66013c3a3ef39dd7e5798?s=96&d=mm&r=g","url":"https:\/\/secure.gravatar.com\/avatar\/3ea2118a5f7dad2b7138b1187a6b7ee55f160b9968b66013c3a3ef39dd7e5798?s=96&d=mm&r=g","contentUrl":"https:\/\/secure.gravatar.com\/avatar\/3ea2118a5f7dad2b7138b1187a6b7ee55f160b9968b66013c3a3ef39dd7e5798?s=96&d=mm&r=g","caption":"Jeanette"},"sameAs":["https:\/\/www.eldiario.net\/portal"],"url":"https:\/\/www.eldiario.net\/portal\/author\/jeanette\/"}]}},"_links":{"self":[{"href":"https:\/\/www.eldiario.net\/portal\/wp-json\/wp\/v2\/posts\/195682","targetHints":{"allow":["GET"]}}],"collection":[{"href":"https:\/\/www.eldiario.net\/portal\/wp-json\/wp\/v2\/posts"}],"about":[{"href":"https:\/\/www.eldiario.net\/portal\/wp-json\/wp\/v2\/types\/post"}],"author":[{"embeddable":true,"href":"https:\/\/www.eldiario.net\/portal\/wp-json\/wp\/v2\/users\/1"}],"replies":[{"embeddable":true,"href":"https:\/\/www.eldiario.net\/portal\/wp-json\/wp\/v2\/comments?post=195682"}],"version-history":[{"count":1,"href":"https:\/\/www.eldiario.net\/portal\/wp-json\/wp\/v2\/posts\/195682\/revisions"}],"predecessor-version":[{"id":195683,"href":"https:\/\/www.eldiario.net\/portal\/wp-json\/wp\/v2\/posts\/195682\/revisions\/195683"}],"wp:featuredmedia":[{"embeddable":true,"href":"https:\/\/www.eldiario.net\/portal\/wp-json\/wp\/v2\/media\/164428"}],"wp:attachment":[{"href":"https:\/\/www.eldiario.net\/portal\/wp-json\/wp\/v2\/media?parent=195682"}],"wp:term":[{"taxonomy":"category","embeddable":true,"href":"https:\/\/www.eldiario.net\/portal\/wp-json\/wp\/v2\/categories?post=195682"},{"taxonomy":"post_tag","embeddable":true,"href":"https:\/\/www.eldiario.net\/portal\/wp-json\/wp\/v2\/tags?post=195682"}],"curies":[{"name":"wp","href":"https:\/\/api.w.org\/{rel}","templated":true}]}}