{"id":195680,"date":"2024-01-03T06:44:31","date_gmt":"2024-01-03T10:44:31","guid":{"rendered":"https:\/\/www.eldiario.net\/portal\/?p=195680"},"modified":"2024-01-03T06:44:31","modified_gmt":"2024-01-03T10:44:31","slug":"como-garantizar-que-la-ia-respete-y-promueva-los-derechos-humanos","status":"publish","type":"post","link":"https:\/\/www.eldiario.net\/portal\/2024\/01\/03\/como-garantizar-que-la-ia-respete-y-promueva-los-derechos-humanos\/","title":{"rendered":"\u00bfC\u00f3mo garantizar que la IA respete y promueva los derechos humanos?"},"content":{"rendered":"<p>A medida que las m\u00e1quinas adquieren capacidades de aprendizaje y toma de decisiones, la necesidad de establecer l\u00edmites \u00e9ticos se vuelve imperativa. La pregunta es: \u00bfc\u00f3mo garantizamos que la IA, dise\u00f1ada por humanos, respete y promueva los derechos humanos en lugar de amenazarlos?<br \/>\nEn la era digital, la convergencia entre derechos humanos e inteligencia artificial (IA) plantea desaf\u00edos \u00e9ticos y sociales que requieren una mirada cr\u00edtica. En ese sentido es necesario abordar c\u00f3mo la IA, en constante evoluci\u00f3n, puede afectar y proteger los derechos fundamentales de los individuos.<br \/>\nLa opacidad de los procesos algor\u00edtmicos puede perpetuar sesgos y discriminaci\u00f3n, afectando derechos como la igualdad y la no discriminaci\u00f3n. Es imperativo que las empresas que desarrollan y utilizan tecnolog\u00edas de IA se comprometan a la transparencia y la rendici\u00f3n de cuentas, permitiendo una comprensi\u00f3n clara de c\u00f3mo se toman las decisiones automatizadas.<br \/>\nLa recopilaci\u00f3n masiva de datos inherente a la IA plantea serias preocupaciones sobre la privacidad. Deben existir marcos legales s\u00f3lidos que limiten la recopilaci\u00f3n y el uso indebido de informaci\u00f3n personal. La protecci\u00f3n de la privacidad es esencial para salvaguardar la autonom\u00eda y la libertad individual en un entorno cada vez m\u00e1s digital.<br \/>\nLa implementaci\u00f3n de algoritmos de IA puede exacerbar desigualdades existentes si no se abordan los sesgos inherentes. Es necesario incorporar est\u00e1ndares \u00e9ticos que promuevan la equidad y la imparcialidad en el dise\u00f1o y la aplicaci\u00f3n de algoritmos. El Estado, seg\u00fan su perspectiva, debe desempe\u00f1ar un papel activo en garantizar que la IA no se convierta en una herramienta de discriminaci\u00f3n. En un mundo donde las decisiones automatizadas impactan aspectos decisivos de la vida, desde la selecci\u00f3n de candidatos hasta la administraci\u00f3n de justicia, conocer el funcionamiento de los algoritmos es esencial para impugnar decisiones discriminatorias y garantizar la equidad.<br \/>\nEl avance de la automatizaci\u00f3n y la IA plantea preguntas sobre los derechos laborales. La adopci\u00f3n masiva de tecnolog\u00edas puede afectar el empleo y la calidad del trabajo. Se necesita una atenci\u00f3n especial para garantizar que la transici\u00f3n hacia la automatizaci\u00f3n no menoscabe los derechos de los trabajadores y que la tecnolog\u00eda contribuya al bienestar de la sociedad en su conjunto.<br \/>\nLa comprensi\u00f3n de la IA es esencial para una participaci\u00f3n ciudadana informada. La educaci\u00f3n se convierte en una herramienta para empoderar a la sociedad y garantizar que todos participen en la conversaci\u00f3n sobre el futuro de la tecnolog\u00eda. El Estado debe invertir en programas educativos que capaciten a la poblaci\u00f3n para comprender y participar activamente en el di\u00e1logo sobre la IA. Seg\u00fan como la tecnolog\u00eda se integra m\u00e1s en nuestras vidas, comprender sus fundamentos se convierte en un acto de empoderamiento.<br \/>\nLa colaboraci\u00f3n internacional en la formulaci\u00f3n de est\u00e1ndares y regulaciones para la IA. Dada la naturaleza transnacional de la tecnolog\u00eda, trabajar de manera conjunta a trav\u00e9s de foros internacionales permite abordar los desaf\u00edos \u00e9ticos de manera integral. La creaci\u00f3n de un marco global que refleje la diversidad de perspectivas es esencial para garantizar que la regulaci\u00f3n de la IA sea justa y equitativa en todo el mundo.<br \/>\nEn conclusi\u00f3n, el desaf\u00edo radica en integrar la IA de manera \u00e9tica y responsable en nuestra sociedad. Este equilibrio implica proteger los derechos humanos fundamentales mientras se fomenta la innovaci\u00f3n tecnol\u00f3gica. La colaboraci\u00f3n entre gobiernos, empresas y la sociedad civil se presenta como el camino para garantizar que la inteligencia artificial sirva como una fuerza positiva que mejore nuestras vidas sin comprometer nuestros derechos m\u00e1s fundamentales.<br \/>\nLa regulaci\u00f3n \u00e9tica de la IA no es una opci\u00f3n, sino una necesidad imperante. A medida que abrazamos el potencial transformador de la IA, debemos hacerlo con una conciencia aguda de su impacto en los derechos humanos. Solo mediante una combinaci\u00f3n de transparencia, equidad, protecci\u00f3n de la privacidad, educaci\u00f3n y colaboraci\u00f3n internacional podemos forjar un futuro en el que la IA y los derechos humanos coexistan armoniosamente.<\/p>\n<p>El autor es polit\u00f3logo-abogado y docente universitario.<br \/>\nrcoteja100@gmail.com<\/p>\n","protected":false},"excerpt":{"rendered":"<p>A medida que las m\u00e1quinas adquieren capacidades de aprendizaje y toma de decisiones, la necesidad de establecer l\u00edmites \u00e9ticos se vuelve imperativa. La pregunta es: \u00bfc\u00f3mo garantizamos que la IA, dise\u00f1ada por humanos, respete y promueva los derechos humanos en lugar de amenazarlos? En la era digital, la convergencia entre derechos humanos e inteligencia artificial [&hellip;]<\/p>\n","protected":false},"author":1,"featured_media":163307,"comment_status":"open","ping_status":"open","sticky":false,"template":"","format":"standard","meta":{"_acf_changed":false,"footnotes":""},"categories":[9],"tags":[],"class_list":["post-195680","post","type-post","status-publish","format-standard","has-post-thumbnail","category-opinion"],"acf":{"antetitulo":""},"yoast_head":"<!-- This site is optimized with the Yoast SEO plugin v28.4 - https:\/\/yoast.com\/product\/yoast-seo-wordpress\/ -->\n<title>\u00bfC\u00f3mo garantizar que la IA respete y promueva los derechos humanos? - El Diario - Bolivia<\/title>\n<meta name=\"robots\" content=\"index, follow, max-snippet:-1, max-image-preview:large, max-video-preview:-1\" \/>\n<link rel=\"canonical\" href=\"https:\/\/www.eldiario.net\/portal\/2024\/01\/03\/como-garantizar-que-la-ia-respete-y-promueva-los-derechos-humanos\/\" \/>\n<meta property=\"og:locale\" content=\"es_ES\" \/>\n<meta property=\"og:type\" content=\"article\" \/>\n<meta property=\"og:title\" content=\"\u00bfC\u00f3mo garantizar que la IA respete y promueva los derechos humanos? - El Diario - Bolivia\" \/>\n<meta property=\"og:description\" content=\"A medida que las m\u00e1quinas adquieren capacidades de aprendizaje y toma de decisiones, la necesidad de establecer l\u00edmites \u00e9ticos se vuelve imperativa. La pregunta es: \u00bfc\u00f3mo garantizamos que la IA, dise\u00f1ada por humanos, respete y promueva los derechos humanos en lugar de amenazarlos? En la era digital, la convergencia entre derechos humanos e inteligencia artificial [&hellip;]\" \/>\n<meta property=\"og:url\" content=\"https:\/\/www.eldiario.net\/portal\/2024\/01\/03\/como-garantizar-que-la-ia-respete-y-promueva-los-derechos-humanos\/\" \/>\n<meta property=\"og:site_name\" content=\"El Diario - Bolivia\" \/>\n<meta property=\"article:publisher\" content=\"https:\/\/www.facebook.com\/eldiario.bolivia\/\" \/>\n<meta property=\"article:published_time\" content=\"2024-01-03T10:44:31+00:00\" \/>\n<meta property=\"og:image\" content=\"https:\/\/www.eldiario.net\/portal\/wp-content\/uploads\/2023\/07\/Rolando-Coteja-Mollo2.jpg\" \/>\n\t<meta property=\"og:image:width\" content=\"1200\" \/>\n\t<meta property=\"og:image:height\" content=\"628\" \/>\n\t<meta property=\"og:image:type\" content=\"image\/jpeg\" \/>\n<meta name=\"author\" content=\"Jeanette\" \/>\n<meta name=\"twitter:card\" content=\"summary_large_image\" \/>\n<meta name=\"twitter:creator\" content=\"@eldiario_net\" \/>\n<meta name=\"twitter:site\" content=\"@eldiario_net\" \/>\n<meta name=\"twitter:label1\" content=\"Escrito por\" \/>\n\t<meta name=\"twitter:data1\" content=\"Jeanette\" \/>\n\t<meta name=\"twitter:label2\" content=\"Tiempo de lectura\" \/>\n\t<meta name=\"twitter:data2\" content=\"4 minutos\" \/>\n<script type=\"application\/ld+json\" class=\"yoast-schema-graph\">{\"@context\":\"https:\\\/\\\/schema.org\",\"@graph\":[{\"@type\":\"Article\",\"@id\":\"https:\\\/\\\/www.eldiario.net\\\/portal\\\/2024\\\/01\\\/03\\\/como-garantizar-que-la-ia-respete-y-promueva-los-derechos-humanos\\\/#article\",\"isPartOf\":{\"@id\":\"https:\\\/\\\/www.eldiario.net\\\/portal\\\/2024\\\/01\\\/03\\\/como-garantizar-que-la-ia-respete-y-promueva-los-derechos-humanos\\\/\"},\"author\":{\"name\":\"Jeanette\",\"@id\":\"https:\\\/\\\/www.eldiario.net\\\/portal\\\/#\\\/schema\\\/person\\\/f46445640444750d7d753ccd04ae01b7\"},\"headline\":\"\u00bfC\u00f3mo garantizar que la IA respete y promueva los derechos humanos?\",\"datePublished\":\"2024-01-03T10:44:31+00:00\",\"mainEntityOfPage\":{\"@id\":\"https:\\\/\\\/www.eldiario.net\\\/portal\\\/2024\\\/01\\\/03\\\/como-garantizar-que-la-ia-respete-y-promueva-los-derechos-humanos\\\/\"},\"wordCount\":726,\"commentCount\":0,\"publisher\":{\"@id\":\"https:\\\/\\\/www.eldiario.net\\\/portal\\\/#organization\"},\"image\":{\"@id\":\"https:\\\/\\\/www.eldiario.net\\\/portal\\\/2024\\\/01\\\/03\\\/como-garantizar-que-la-ia-respete-y-promueva-los-derechos-humanos\\\/#primaryimage\"},\"thumbnailUrl\":\"https:\\\/\\\/www.eldiario.net\\\/portal\\\/wp-content\\\/uploads\\\/2023\\\/07\\\/Rolando-Coteja-Mollo2.jpg\",\"articleSection\":[\"Opini\u00f3n\"],\"inLanguage\":\"es\",\"potentialAction\":[{\"@type\":\"CommentAction\",\"name\":\"Comment\",\"target\":[\"https:\\\/\\\/www.eldiario.net\\\/portal\\\/2024\\\/01\\\/03\\\/como-garantizar-que-la-ia-respete-y-promueva-los-derechos-humanos\\\/#respond\"]}]},{\"@type\":\"WebPage\",\"@id\":\"https:\\\/\\\/www.eldiario.net\\\/portal\\\/2024\\\/01\\\/03\\\/como-garantizar-que-la-ia-respete-y-promueva-los-derechos-humanos\\\/\",\"url\":\"https:\\\/\\\/www.eldiario.net\\\/portal\\\/2024\\\/01\\\/03\\\/como-garantizar-que-la-ia-respete-y-promueva-los-derechos-humanos\\\/\",\"name\":\"\u00bfC\u00f3mo garantizar que la IA respete y promueva los derechos humanos? - El Diario - Bolivia\",\"isPartOf\":{\"@id\":\"https:\\\/\\\/www.eldiario.net\\\/portal\\\/#website\"},\"primaryImageOfPage\":{\"@id\":\"https:\\\/\\\/www.eldiario.net\\\/portal\\\/2024\\\/01\\\/03\\\/como-garantizar-que-la-ia-respete-y-promueva-los-derechos-humanos\\\/#primaryimage\"},\"image\":{\"@id\":\"https:\\\/\\\/www.eldiario.net\\\/portal\\\/2024\\\/01\\\/03\\\/como-garantizar-que-la-ia-respete-y-promueva-los-derechos-humanos\\\/#primaryimage\"},\"thumbnailUrl\":\"https:\\\/\\\/www.eldiario.net\\\/portal\\\/wp-content\\\/uploads\\\/2023\\\/07\\\/Rolando-Coteja-Mollo2.jpg\",\"datePublished\":\"2024-01-03T10:44:31+00:00\",\"breadcrumb\":{\"@id\":\"https:\\\/\\\/www.eldiario.net\\\/portal\\\/2024\\\/01\\\/03\\\/como-garantizar-que-la-ia-respete-y-promueva-los-derechos-humanos\\\/#breadcrumb\"},\"inLanguage\":\"es\",\"potentialAction\":[{\"@type\":\"ReadAction\",\"target\":[\"https:\\\/\\\/www.eldiario.net\\\/portal\\\/2024\\\/01\\\/03\\\/como-garantizar-que-la-ia-respete-y-promueva-los-derechos-humanos\\\/\"]}]},{\"@type\":\"ImageObject\",\"inLanguage\":\"es\",\"@id\":\"https:\\\/\\\/www.eldiario.net\\\/portal\\\/2024\\\/01\\\/03\\\/como-garantizar-que-la-ia-respete-y-promueva-los-derechos-humanos\\\/#primaryimage\",\"url\":\"https:\\\/\\\/www.eldiario.net\\\/portal\\\/wp-content\\\/uploads\\\/2023\\\/07\\\/Rolando-Coteja-Mollo2.jpg\",\"contentUrl\":\"https:\\\/\\\/www.eldiario.net\\\/portal\\\/wp-content\\\/uploads\\\/2023\\\/07\\\/Rolando-Coteja-Mollo2.jpg\",\"width\":1200,\"height\":628,\"caption\":\"Rolando Coteja Mollo\"},{\"@type\":\"BreadcrumbList\",\"@id\":\"https:\\\/\\\/www.eldiario.net\\\/portal\\\/2024\\\/01\\\/03\\\/como-garantizar-que-la-ia-respete-y-promueva-los-derechos-humanos\\\/#breadcrumb\",\"itemListElement\":[{\"@type\":\"ListItem\",\"position\":1,\"name\":\"Portada\",\"item\":\"https:\\\/\\\/www.eldiario.net\\\/portal\\\/\"},{\"@type\":\"ListItem\",\"position\":2,\"name\":\"\u00bfC\u00f3mo garantizar que la IA respete y promueva los derechos humanos?\"}]},{\"@type\":\"WebSite\",\"@id\":\"https:\\\/\\\/www.eldiario.net\\\/portal\\\/#website\",\"url\":\"https:\\\/\\\/www.eldiario.net\\\/portal\\\/\",\"name\":\"El Diario - Decano de la prensa nacional\",\"description\":\"El Diario - Decano de la prensa nacional\",\"publisher\":{\"@id\":\"https:\\\/\\\/www.eldiario.net\\\/portal\\\/#organization\"},\"potentialAction\":[{\"@type\":\"SearchAction\",\"target\":{\"@type\":\"EntryPoint\",\"urlTemplate\":\"https:\\\/\\\/www.eldiario.net\\\/portal\\\/?s={search_term_string}\"},\"query-input\":{\"@type\":\"PropertyValueSpecification\",\"valueRequired\":true,\"valueName\":\"search_term_string\"}}],\"inLanguage\":\"es\"},{\"@type\":\"Organization\",\"@id\":\"https:\\\/\\\/www.eldiario.net\\\/portal\\\/#organization\",\"name\":\"El Diario - Decano de la prensa nacional\",\"url\":\"https:\\\/\\\/www.eldiario.net\\\/portal\\\/\",\"logo\":{\"@type\":\"ImageObject\",\"inLanguage\":\"es\",\"@id\":\"https:\\\/\\\/www.eldiario.net\\\/portal\\\/#\\\/schema\\\/logo\\\/image\\\/\",\"url\":\"https:\\\/\\\/www.eldiario.net\\\/portal\\\/wp-content\\\/uploads\\\/2023\\\/07\\\/logo_ED.jpg\",\"contentUrl\":\"https:\\\/\\\/www.eldiario.net\\\/portal\\\/wp-content\\\/uploads\\\/2023\\\/07\\\/logo_ED.jpg\",\"width\":272,\"height\":52,\"caption\":\"El Diario - Decano de la prensa nacional\"},\"image\":{\"@id\":\"https:\\\/\\\/www.eldiario.net\\\/portal\\\/#\\\/schema\\\/logo\\\/image\\\/\"},\"sameAs\":[\"https:\\\/\\\/www.facebook.com\\\/eldiario.bolivia\\\/\",\"https:\\\/\\\/x.com\\\/eldiario_net\"]},{\"@type\":\"Person\",\"@id\":\"https:\\\/\\\/www.eldiario.net\\\/portal\\\/#\\\/schema\\\/person\\\/f46445640444750d7d753ccd04ae01b7\",\"name\":\"Jeanette\",\"image\":{\"@type\":\"ImageObject\",\"inLanguage\":\"es\",\"@id\":\"https:\\\/\\\/secure.gravatar.com\\\/avatar\\\/3ea2118a5f7dad2b7138b1187a6b7ee55f160b9968b66013c3a3ef39dd7e5798?s=96&d=mm&r=g\",\"url\":\"https:\\\/\\\/secure.gravatar.com\\\/avatar\\\/3ea2118a5f7dad2b7138b1187a6b7ee55f160b9968b66013c3a3ef39dd7e5798?s=96&d=mm&r=g\",\"contentUrl\":\"https:\\\/\\\/secure.gravatar.com\\\/avatar\\\/3ea2118a5f7dad2b7138b1187a6b7ee55f160b9968b66013c3a3ef39dd7e5798?s=96&d=mm&r=g\",\"caption\":\"Jeanette\"},\"sameAs\":[\"https:\\\/\\\/www.eldiario.net\\\/portal\"],\"url\":\"https:\\\/\\\/www.eldiario.net\\\/portal\\\/author\\\/jeanette\\\/\"}]}<\/script>\n<!-- \/ Yoast SEO plugin. -->","yoast_head_json":{"title":"\u00bfC\u00f3mo garantizar que la IA respete y promueva los derechos humanos? - El Diario - Bolivia","robots":{"index":"index","follow":"follow","max-snippet":"max-snippet:-1","max-image-preview":"max-image-preview:large","max-video-preview":"max-video-preview:-1"},"canonical":"https:\/\/www.eldiario.net\/portal\/2024\/01\/03\/como-garantizar-que-la-ia-respete-y-promueva-los-derechos-humanos\/","og_locale":"es_ES","og_type":"article","og_title":"\u00bfC\u00f3mo garantizar que la IA respete y promueva los derechos humanos? - El Diario - Bolivia","og_description":"A medida que las m\u00e1quinas adquieren capacidades de aprendizaje y toma de decisiones, la necesidad de establecer l\u00edmites \u00e9ticos se vuelve imperativa. La pregunta es: \u00bfc\u00f3mo garantizamos que la IA, dise\u00f1ada por humanos, respete y promueva los derechos humanos en lugar de amenazarlos? En la era digital, la convergencia entre derechos humanos e inteligencia artificial [&hellip;]","og_url":"https:\/\/www.eldiario.net\/portal\/2024\/01\/03\/como-garantizar-que-la-ia-respete-y-promueva-los-derechos-humanos\/","og_site_name":"El Diario - Bolivia","article_publisher":"https:\/\/www.facebook.com\/eldiario.bolivia\/","article_published_time":"2024-01-03T10:44:31+00:00","og_image":[{"width":1200,"height":628,"url":"https:\/\/www.eldiario.net\/portal\/wp-content\/uploads\/2023\/07\/Rolando-Coteja-Mollo2.jpg","type":"image\/jpeg"}],"author":"Jeanette","twitter_card":"summary_large_image","twitter_creator":"@eldiario_net","twitter_site":"@eldiario_net","twitter_misc":{"Escrito por":"Jeanette","Tiempo de lectura":"4 minutos"},"schema":{"@context":"https:\/\/schema.org","@graph":[{"@type":"Article","@id":"https:\/\/www.eldiario.net\/portal\/2024\/01\/03\/como-garantizar-que-la-ia-respete-y-promueva-los-derechos-humanos\/#article","isPartOf":{"@id":"https:\/\/www.eldiario.net\/portal\/2024\/01\/03\/como-garantizar-que-la-ia-respete-y-promueva-los-derechos-humanos\/"},"author":{"name":"Jeanette","@id":"https:\/\/www.eldiario.net\/portal\/#\/schema\/person\/f46445640444750d7d753ccd04ae01b7"},"headline":"\u00bfC\u00f3mo garantizar que la IA respete y promueva los derechos humanos?","datePublished":"2024-01-03T10:44:31+00:00","mainEntityOfPage":{"@id":"https:\/\/www.eldiario.net\/portal\/2024\/01\/03\/como-garantizar-que-la-ia-respete-y-promueva-los-derechos-humanos\/"},"wordCount":726,"commentCount":0,"publisher":{"@id":"https:\/\/www.eldiario.net\/portal\/#organization"},"image":{"@id":"https:\/\/www.eldiario.net\/portal\/2024\/01\/03\/como-garantizar-que-la-ia-respete-y-promueva-los-derechos-humanos\/#primaryimage"},"thumbnailUrl":"https:\/\/www.eldiario.net\/portal\/wp-content\/uploads\/2023\/07\/Rolando-Coteja-Mollo2.jpg","articleSection":["Opini\u00f3n"],"inLanguage":"es","potentialAction":[{"@type":"CommentAction","name":"Comment","target":["https:\/\/www.eldiario.net\/portal\/2024\/01\/03\/como-garantizar-que-la-ia-respete-y-promueva-los-derechos-humanos\/#respond"]}]},{"@type":"WebPage","@id":"https:\/\/www.eldiario.net\/portal\/2024\/01\/03\/como-garantizar-que-la-ia-respete-y-promueva-los-derechos-humanos\/","url":"https:\/\/www.eldiario.net\/portal\/2024\/01\/03\/como-garantizar-que-la-ia-respete-y-promueva-los-derechos-humanos\/","name":"\u00bfC\u00f3mo garantizar que la IA respete y promueva los derechos humanos? - El Diario - Bolivia","isPartOf":{"@id":"https:\/\/www.eldiario.net\/portal\/#website"},"primaryImageOfPage":{"@id":"https:\/\/www.eldiario.net\/portal\/2024\/01\/03\/como-garantizar-que-la-ia-respete-y-promueva-los-derechos-humanos\/#primaryimage"},"image":{"@id":"https:\/\/www.eldiario.net\/portal\/2024\/01\/03\/como-garantizar-que-la-ia-respete-y-promueva-los-derechos-humanos\/#primaryimage"},"thumbnailUrl":"https:\/\/www.eldiario.net\/portal\/wp-content\/uploads\/2023\/07\/Rolando-Coteja-Mollo2.jpg","datePublished":"2024-01-03T10:44:31+00:00","breadcrumb":{"@id":"https:\/\/www.eldiario.net\/portal\/2024\/01\/03\/como-garantizar-que-la-ia-respete-y-promueva-los-derechos-humanos\/#breadcrumb"},"inLanguage":"es","potentialAction":[{"@type":"ReadAction","target":["https:\/\/www.eldiario.net\/portal\/2024\/01\/03\/como-garantizar-que-la-ia-respete-y-promueva-los-derechos-humanos\/"]}]},{"@type":"ImageObject","inLanguage":"es","@id":"https:\/\/www.eldiario.net\/portal\/2024\/01\/03\/como-garantizar-que-la-ia-respete-y-promueva-los-derechos-humanos\/#primaryimage","url":"https:\/\/www.eldiario.net\/portal\/wp-content\/uploads\/2023\/07\/Rolando-Coteja-Mollo2.jpg","contentUrl":"https:\/\/www.eldiario.net\/portal\/wp-content\/uploads\/2023\/07\/Rolando-Coteja-Mollo2.jpg","width":1200,"height":628,"caption":"Rolando Coteja Mollo"},{"@type":"BreadcrumbList","@id":"https:\/\/www.eldiario.net\/portal\/2024\/01\/03\/como-garantizar-que-la-ia-respete-y-promueva-los-derechos-humanos\/#breadcrumb","itemListElement":[{"@type":"ListItem","position":1,"name":"Portada","item":"https:\/\/www.eldiario.net\/portal\/"},{"@type":"ListItem","position":2,"name":"\u00bfC\u00f3mo garantizar que la IA respete y promueva los derechos humanos?"}]},{"@type":"WebSite","@id":"https:\/\/www.eldiario.net\/portal\/#website","url":"https:\/\/www.eldiario.net\/portal\/","name":"El Diario - Decano de la prensa nacional","description":"El Diario - Decano de la prensa nacional","publisher":{"@id":"https:\/\/www.eldiario.net\/portal\/#organization"},"potentialAction":[{"@type":"SearchAction","target":{"@type":"EntryPoint","urlTemplate":"https:\/\/www.eldiario.net\/portal\/?s={search_term_string}"},"query-input":{"@type":"PropertyValueSpecification","valueRequired":true,"valueName":"search_term_string"}}],"inLanguage":"es"},{"@type":"Organization","@id":"https:\/\/www.eldiario.net\/portal\/#organization","name":"El Diario - Decano de la prensa nacional","url":"https:\/\/www.eldiario.net\/portal\/","logo":{"@type":"ImageObject","inLanguage":"es","@id":"https:\/\/www.eldiario.net\/portal\/#\/schema\/logo\/image\/","url":"https:\/\/www.eldiario.net\/portal\/wp-content\/uploads\/2023\/07\/logo_ED.jpg","contentUrl":"https:\/\/www.eldiario.net\/portal\/wp-content\/uploads\/2023\/07\/logo_ED.jpg","width":272,"height":52,"caption":"El Diario - Decano de la prensa nacional"},"image":{"@id":"https:\/\/www.eldiario.net\/portal\/#\/schema\/logo\/image\/"},"sameAs":["https:\/\/www.facebook.com\/eldiario.bolivia\/","https:\/\/x.com\/eldiario_net"]},{"@type":"Person","@id":"https:\/\/www.eldiario.net\/portal\/#\/schema\/person\/f46445640444750d7d753ccd04ae01b7","name":"Jeanette","image":{"@type":"ImageObject","inLanguage":"es","@id":"https:\/\/secure.gravatar.com\/avatar\/3ea2118a5f7dad2b7138b1187a6b7ee55f160b9968b66013c3a3ef39dd7e5798?s=96&d=mm&r=g","url":"https:\/\/secure.gravatar.com\/avatar\/3ea2118a5f7dad2b7138b1187a6b7ee55f160b9968b66013c3a3ef39dd7e5798?s=96&d=mm&r=g","contentUrl":"https:\/\/secure.gravatar.com\/avatar\/3ea2118a5f7dad2b7138b1187a6b7ee55f160b9968b66013c3a3ef39dd7e5798?s=96&d=mm&r=g","caption":"Jeanette"},"sameAs":["https:\/\/www.eldiario.net\/portal"],"url":"https:\/\/www.eldiario.net\/portal\/author\/jeanette\/"}]}},"_links":{"self":[{"href":"https:\/\/www.eldiario.net\/portal\/wp-json\/wp\/v2\/posts\/195680","targetHints":{"allow":["GET"]}}],"collection":[{"href":"https:\/\/www.eldiario.net\/portal\/wp-json\/wp\/v2\/posts"}],"about":[{"href":"https:\/\/www.eldiario.net\/portal\/wp-json\/wp\/v2\/types\/post"}],"author":[{"embeddable":true,"href":"https:\/\/www.eldiario.net\/portal\/wp-json\/wp\/v2\/users\/1"}],"replies":[{"embeddable":true,"href":"https:\/\/www.eldiario.net\/portal\/wp-json\/wp\/v2\/comments?post=195680"}],"version-history":[{"count":1,"href":"https:\/\/www.eldiario.net\/portal\/wp-json\/wp\/v2\/posts\/195680\/revisions"}],"predecessor-version":[{"id":195681,"href":"https:\/\/www.eldiario.net\/portal\/wp-json\/wp\/v2\/posts\/195680\/revisions\/195681"}],"wp:featuredmedia":[{"embeddable":true,"href":"https:\/\/www.eldiario.net\/portal\/wp-json\/wp\/v2\/media\/163307"}],"wp:attachment":[{"href":"https:\/\/www.eldiario.net\/portal\/wp-json\/wp\/v2\/media?parent=195680"}],"wp:term":[{"taxonomy":"category","embeddable":true,"href":"https:\/\/www.eldiario.net\/portal\/wp-json\/wp\/v2\/categories?post=195680"},{"taxonomy":"post_tag","embeddable":true,"href":"https:\/\/www.eldiario.net\/portal\/wp-json\/wp\/v2\/tags?post=195680"}],"curies":[{"name":"wp","href":"https:\/\/api.w.org\/{rel}","templated":true}]}}