{"id":195678,"date":"2024-01-03T06:43:52","date_gmt":"2024-01-03T10:43:52","guid":{"rendered":"https:\/\/www.eldiario.net\/portal\/?p=195678"},"modified":"2024-01-03T06:43:52","modified_gmt":"2024-01-03T10:43:52","slug":"llamado-urgente-a-la-accion-por-incendios-en-la-amazonia","status":"publish","type":"post","link":"https:\/\/www.eldiario.net\/portal\/2024\/01\/03\/llamado-urgente-a-la-accion-por-incendios-en-la-amazonia\/","title":{"rendered":"Llamado urgente a la acci\u00f3n  por incendios en la Amazonia"},"content":{"rendered":"<p>En la c\u00faspide del desastre ecol\u00f3gico sin precedentes, que marcaron los incendios forestales que devastaron la Amazonia en 2023, que dejaron cicatrices profundas e irreparables en nuestro h\u00e1bitat, con estad\u00edsticas desgarradoras de marcada preocupaci\u00f3n en el \u00faltimo tiempo, nuestra Madre Tierra nos hace un llamado de socorro por estos eventos catastr\u00f3ficos, para que prendamos las alarmas de emergencia, demandando acciones decisivas y concretas.<br \/>\nLa regi\u00f3n amaz\u00f3nica boliviana, se distingue por su complejidad, al ser un ecosistema donde se ha expandido la frontera agr\u00edcola, que es hogar de asentamientos de comunidades ind\u00edgenas, antiguas y nuevas, de campesinos, de interculturales, de proyectos agr\u00edcolas, de actividades ganaderas de diversas escalas, de privados y del propio Estado, quienes se han convertido en actores fundamentales de la tragedia ambiental, concentrados en un punto de inflexi\u00f3n cr\u00edtico, la floresta amaz\u00f3nica. Ella clama por una atenci\u00f3n urgente, que priorice la conservaci\u00f3n sobre la explotaci\u00f3n y sean adoptadas medidas audaces que busquen revertir la espiral destructiva y hacer que la preservaci\u00f3n del medio ambiente y el desarrollo sostenible puedan caminar juntos de la mano.<br \/>\nPor ello, exhorto a las autoridades a escuchar la voz de la tierra y adoptar medidas concretas, abrazando un enfoque equitativo y sostenible, priorizando la conservaci\u00f3n sobre la ganancia. La Amazonia no solo es el pulm\u00f3n de nuestro planeta, sino tambi\u00e9n es el coraz\u00f3n de innumerables comunidades que dependen de su vitalidad. La indolencia ambiental es un atentado contra la vida misma.<br \/>\nLas pol\u00edticas ambientales irresponsables han inflamado las llamas de la destrucci\u00f3n, por lo que se condena en\u00e9rgicamente el ecocidio perpetrado y se insta a los bolivianos en su conjunto a reconocer esa interconexi\u00f3n que tenemos entre nuestras acciones y la salud de nuestro planeta. Esta situaci\u00f3n exige acciones concertadas e inmediatas, con medidas esenciales de protecci\u00f3n de la biodiversidad, la vida y los medios de subsistencia de todos aquellos que habitamos esta nuestra hermosa tierra. Y como centinelas de la naturaleza, tenemos la obligaci\u00f3n responsable de actuar, asegurando un futuro pr\u00f3spero y sostenible para Bolivia.<br \/>\nDe esta manera, hago un llamado desgarrador a nuestra conciencia colectiva, requiriendo la participaci\u00f3n de todos de manera inmediata, sociedad, empresa y gobierno, protegiendo nuestro entorno, record\u00e1ndonos que el cambio es esencial y que debemos replantear nuestros enfoques de desarrollo, preservando el medio ambiente, evitando que la tragedia se repita. La decisi\u00f3n est\u00e1 en nuestras manos y la acci\u00f3n es nuestra \u00fanica opci\u00f3n. Tomemos medidas ahora para preservar nuestra morada, antes que sea demasiado tarde.<\/p>\n","protected":false},"excerpt":{"rendered":"<p>En la c\u00faspide del desastre ecol\u00f3gico sin precedentes, que marcaron los incendios forestales que devastaron la Amazonia en 2023, que dejaron cicatrices profundas e irreparables en nuestro h\u00e1bitat, con estad\u00edsticas desgarradoras de marcada preocupaci\u00f3n en el \u00faltimo tiempo, nuestra Madre Tierra nos hace un llamado de socorro por estos eventos catastr\u00f3ficos, para que prendamos las [&hellip;]<\/p>\n","protected":false},"author":1,"featured_media":169888,"comment_status":"open","ping_status":"open","sticky":false,"template":"","format":"standard","meta":{"_acf_changed":false,"footnotes":""},"categories":[9],"tags":[],"class_list":["post-195678","post","type-post","status-publish","format-standard","has-post-thumbnail","category-opinion"],"acf":{"antetitulo":""},"yoast_head":"<!-- This site is optimized with the Yoast SEO plugin v28.4 - https:\/\/yoast.com\/product\/yoast-seo-wordpress\/ -->\n<title>Llamado urgente a la acci\u00f3n por incendios en la Amazonia - El Diario - Bolivia<\/title>\n<meta name=\"robots\" content=\"index, follow, max-snippet:-1, max-image-preview:large, max-video-preview:-1\" \/>\n<link rel=\"canonical\" href=\"https:\/\/www.eldiario.net\/portal\/2024\/01\/03\/llamado-urgente-a-la-accion-por-incendios-en-la-amazonia\/\" \/>\n<meta property=\"og:locale\" content=\"es_ES\" \/>\n<meta property=\"og:type\" content=\"article\" \/>\n<meta property=\"og:title\" content=\"Llamado urgente a la acci\u00f3n por incendios en la Amazonia - El Diario - Bolivia\" \/>\n<meta property=\"og:description\" content=\"En la c\u00faspide del desastre ecol\u00f3gico sin precedentes, que marcaron los incendios forestales que devastaron la Amazonia en 2023, que dejaron cicatrices profundas e irreparables en nuestro h\u00e1bitat, con estad\u00edsticas desgarradoras de marcada preocupaci\u00f3n en el \u00faltimo tiempo, nuestra Madre Tierra nos hace un llamado de socorro por estos eventos catastr\u00f3ficos, para que prendamos las [&hellip;]\" \/>\n<meta property=\"og:url\" content=\"https:\/\/www.eldiario.net\/portal\/2024\/01\/03\/llamado-urgente-a-la-accion-por-incendios-en-la-amazonia\/\" \/>\n<meta property=\"og:site_name\" content=\"El Diario - Bolivia\" \/>\n<meta property=\"article:publisher\" content=\"https:\/\/www.facebook.com\/eldiario.bolivia\/\" \/>\n<meta property=\"article:published_time\" content=\"2024-01-03T10:43:52+00:00\" \/>\n<meta property=\"og:image\" content=\"https:\/\/www.eldiario.net\/portal\/wp-content\/uploads\/2023\/08\/Raul-Ruiz-Roca.jpg\" \/>\n\t<meta property=\"og:image:width\" content=\"1200\" \/>\n\t<meta property=\"og:image:height\" content=\"628\" \/>\n\t<meta property=\"og:image:type\" content=\"image\/jpeg\" \/>\n<meta name=\"author\" content=\"Jeanette\" \/>\n<meta name=\"twitter:card\" content=\"summary_large_image\" \/>\n<meta name=\"twitter:creator\" content=\"@eldiario_net\" \/>\n<meta name=\"twitter:site\" content=\"@eldiario_net\" \/>\n<meta name=\"twitter:label1\" content=\"Escrito por\" \/>\n\t<meta name=\"twitter:data1\" content=\"Jeanette\" \/>\n\t<meta name=\"twitter:label2\" content=\"Tiempo de lectura\" \/>\n\t<meta name=\"twitter:data2\" content=\"3 minutos\" \/>\n<script type=\"application\/ld+json\" class=\"yoast-schema-graph\">{\"@context\":\"https:\\\/\\\/schema.org\",\"@graph\":[{\"@type\":\"Article\",\"@id\":\"https:\\\/\\\/www.eldiario.net\\\/portal\\\/2024\\\/01\\\/03\\\/llamado-urgente-a-la-accion-por-incendios-en-la-amazonia\\\/#article\",\"isPartOf\":{\"@id\":\"https:\\\/\\\/www.eldiario.net\\\/portal\\\/2024\\\/01\\\/03\\\/llamado-urgente-a-la-accion-por-incendios-en-la-amazonia\\\/\"},\"author\":{\"name\":\"Jeanette\",\"@id\":\"https:\\\/\\\/www.eldiario.net\\\/portal\\\/#\\\/schema\\\/person\\\/f46445640444750d7d753ccd04ae01b7\"},\"headline\":\"Llamado urgente a la acci\u00f3n por incendios en la Amazonia\",\"datePublished\":\"2024-01-03T10:43:52+00:00\",\"mainEntityOfPage\":{\"@id\":\"https:\\\/\\\/www.eldiario.net\\\/portal\\\/2024\\\/01\\\/03\\\/llamado-urgente-a-la-accion-por-incendios-en-la-amazonia\\\/\"},\"wordCount\":453,\"commentCount\":0,\"publisher\":{\"@id\":\"https:\\\/\\\/www.eldiario.net\\\/portal\\\/#organization\"},\"image\":{\"@id\":\"https:\\\/\\\/www.eldiario.net\\\/portal\\\/2024\\\/01\\\/03\\\/llamado-urgente-a-la-accion-por-incendios-en-la-amazonia\\\/#primaryimage\"},\"thumbnailUrl\":\"https:\\\/\\\/www.eldiario.net\\\/portal\\\/wp-content\\\/uploads\\\/2023\\\/08\\\/Raul-Ruiz-Roca.jpg\",\"articleSection\":[\"Opini\u00f3n\"],\"inLanguage\":\"es\",\"potentialAction\":[{\"@type\":\"CommentAction\",\"name\":\"Comment\",\"target\":[\"https:\\\/\\\/www.eldiario.net\\\/portal\\\/2024\\\/01\\\/03\\\/llamado-urgente-a-la-accion-por-incendios-en-la-amazonia\\\/#respond\"]}]},{\"@type\":\"WebPage\",\"@id\":\"https:\\\/\\\/www.eldiario.net\\\/portal\\\/2024\\\/01\\\/03\\\/llamado-urgente-a-la-accion-por-incendios-en-la-amazonia\\\/\",\"url\":\"https:\\\/\\\/www.eldiario.net\\\/portal\\\/2024\\\/01\\\/03\\\/llamado-urgente-a-la-accion-por-incendios-en-la-amazonia\\\/\",\"name\":\"Llamado urgente a la acci\u00f3n por incendios en la Amazonia - El Diario - Bolivia\",\"isPartOf\":{\"@id\":\"https:\\\/\\\/www.eldiario.net\\\/portal\\\/#website\"},\"primaryImageOfPage\":{\"@id\":\"https:\\\/\\\/www.eldiario.net\\\/portal\\\/2024\\\/01\\\/03\\\/llamado-urgente-a-la-accion-por-incendios-en-la-amazonia\\\/#primaryimage\"},\"image\":{\"@id\":\"https:\\\/\\\/www.eldiario.net\\\/portal\\\/2024\\\/01\\\/03\\\/llamado-urgente-a-la-accion-por-incendios-en-la-amazonia\\\/#primaryimage\"},\"thumbnailUrl\":\"https:\\\/\\\/www.eldiario.net\\\/portal\\\/wp-content\\\/uploads\\\/2023\\\/08\\\/Raul-Ruiz-Roca.jpg\",\"datePublished\":\"2024-01-03T10:43:52+00:00\",\"breadcrumb\":{\"@id\":\"https:\\\/\\\/www.eldiario.net\\\/portal\\\/2024\\\/01\\\/03\\\/llamado-urgente-a-la-accion-por-incendios-en-la-amazonia\\\/#breadcrumb\"},\"inLanguage\":\"es\",\"potentialAction\":[{\"@type\":\"ReadAction\",\"target\":[\"https:\\\/\\\/www.eldiario.net\\\/portal\\\/2024\\\/01\\\/03\\\/llamado-urgente-a-la-accion-por-incendios-en-la-amazonia\\\/\"]}]},{\"@type\":\"ImageObject\",\"inLanguage\":\"es\",\"@id\":\"https:\\\/\\\/www.eldiario.net\\\/portal\\\/2024\\\/01\\\/03\\\/llamado-urgente-a-la-accion-por-incendios-en-la-amazonia\\\/#primaryimage\",\"url\":\"https:\\\/\\\/www.eldiario.net\\\/portal\\\/wp-content\\\/uploads\\\/2023\\\/08\\\/Raul-Ruiz-Roca.jpg\",\"contentUrl\":\"https:\\\/\\\/www.eldiario.net\\\/portal\\\/wp-content\\\/uploads\\\/2023\\\/08\\\/Raul-Ruiz-Roca.jpg\",\"width\":1200,\"height\":628},{\"@type\":\"BreadcrumbList\",\"@id\":\"https:\\\/\\\/www.eldiario.net\\\/portal\\\/2024\\\/01\\\/03\\\/llamado-urgente-a-la-accion-por-incendios-en-la-amazonia\\\/#breadcrumb\",\"itemListElement\":[{\"@type\":\"ListItem\",\"position\":1,\"name\":\"Portada\",\"item\":\"https:\\\/\\\/www.eldiario.net\\\/portal\\\/\"},{\"@type\":\"ListItem\",\"position\":2,\"name\":\"Llamado urgente a la acci\u00f3n por incendios en la Amazonia\"}]},{\"@type\":\"WebSite\",\"@id\":\"https:\\\/\\\/www.eldiario.net\\\/portal\\\/#website\",\"url\":\"https:\\\/\\\/www.eldiario.net\\\/portal\\\/\",\"name\":\"El Diario - Decano de la prensa nacional\",\"description\":\"El Diario - Decano de la prensa nacional\",\"publisher\":{\"@id\":\"https:\\\/\\\/www.eldiario.net\\\/portal\\\/#organization\"},\"potentialAction\":[{\"@type\":\"SearchAction\",\"target\":{\"@type\":\"EntryPoint\",\"urlTemplate\":\"https:\\\/\\\/www.eldiario.net\\\/portal\\\/?s={search_term_string}\"},\"query-input\":{\"@type\":\"PropertyValueSpecification\",\"valueRequired\":true,\"valueName\":\"search_term_string\"}}],\"inLanguage\":\"es\"},{\"@type\":\"Organization\",\"@id\":\"https:\\\/\\\/www.eldiario.net\\\/portal\\\/#organization\",\"name\":\"El Diario - Decano de la prensa nacional\",\"url\":\"https:\\\/\\\/www.eldiario.net\\\/portal\\\/\",\"logo\":{\"@type\":\"ImageObject\",\"inLanguage\":\"es\",\"@id\":\"https:\\\/\\\/www.eldiario.net\\\/portal\\\/#\\\/schema\\\/logo\\\/image\\\/\",\"url\":\"https:\\\/\\\/www.eldiario.net\\\/portal\\\/wp-content\\\/uploads\\\/2023\\\/07\\\/logo_ED.jpg\",\"contentUrl\":\"https:\\\/\\\/www.eldiario.net\\\/portal\\\/wp-content\\\/uploads\\\/2023\\\/07\\\/logo_ED.jpg\",\"width\":272,\"height\":52,\"caption\":\"El Diario - Decano de la prensa nacional\"},\"image\":{\"@id\":\"https:\\\/\\\/www.eldiario.net\\\/portal\\\/#\\\/schema\\\/logo\\\/image\\\/\"},\"sameAs\":[\"https:\\\/\\\/www.facebook.com\\\/eldiario.bolivia\\\/\",\"https:\\\/\\\/x.com\\\/eldiario_net\"]},{\"@type\":\"Person\",\"@id\":\"https:\\\/\\\/www.eldiario.net\\\/portal\\\/#\\\/schema\\\/person\\\/f46445640444750d7d753ccd04ae01b7\",\"name\":\"Jeanette\",\"image\":{\"@type\":\"ImageObject\",\"inLanguage\":\"es\",\"@id\":\"https:\\\/\\\/secure.gravatar.com\\\/avatar\\\/3ea2118a5f7dad2b7138b1187a6b7ee55f160b9968b66013c3a3ef39dd7e5798?s=96&d=mm&r=g\",\"url\":\"https:\\\/\\\/secure.gravatar.com\\\/avatar\\\/3ea2118a5f7dad2b7138b1187a6b7ee55f160b9968b66013c3a3ef39dd7e5798?s=96&d=mm&r=g\",\"contentUrl\":\"https:\\\/\\\/secure.gravatar.com\\\/avatar\\\/3ea2118a5f7dad2b7138b1187a6b7ee55f160b9968b66013c3a3ef39dd7e5798?s=96&d=mm&r=g\",\"caption\":\"Jeanette\"},\"sameAs\":[\"https:\\\/\\\/www.eldiario.net\\\/portal\"],\"url\":\"https:\\\/\\\/www.eldiario.net\\\/portal\\\/author\\\/jeanette\\\/\"}]}<\/script>\n<!-- \/ Yoast SEO plugin. -->","yoast_head_json":{"title":"Llamado urgente a la acci\u00f3n por incendios en la Amazonia - El Diario - Bolivia","robots":{"index":"index","follow":"follow","max-snippet":"max-snippet:-1","max-image-preview":"max-image-preview:large","max-video-preview":"max-video-preview:-1"},"canonical":"https:\/\/www.eldiario.net\/portal\/2024\/01\/03\/llamado-urgente-a-la-accion-por-incendios-en-la-amazonia\/","og_locale":"es_ES","og_type":"article","og_title":"Llamado urgente a la acci\u00f3n por incendios en la Amazonia - El Diario - Bolivia","og_description":"En la c\u00faspide del desastre ecol\u00f3gico sin precedentes, que marcaron los incendios forestales que devastaron la Amazonia en 2023, que dejaron cicatrices profundas e irreparables en nuestro h\u00e1bitat, con estad\u00edsticas desgarradoras de marcada preocupaci\u00f3n en el \u00faltimo tiempo, nuestra Madre Tierra nos hace un llamado de socorro por estos eventos catastr\u00f3ficos, para que prendamos las [&hellip;]","og_url":"https:\/\/www.eldiario.net\/portal\/2024\/01\/03\/llamado-urgente-a-la-accion-por-incendios-en-la-amazonia\/","og_site_name":"El Diario - Bolivia","article_publisher":"https:\/\/www.facebook.com\/eldiario.bolivia\/","article_published_time":"2024-01-03T10:43:52+00:00","og_image":[{"width":1200,"height":628,"url":"https:\/\/www.eldiario.net\/portal\/wp-content\/uploads\/2023\/08\/Raul-Ruiz-Roca.jpg","type":"image\/jpeg"}],"author":"Jeanette","twitter_card":"summary_large_image","twitter_creator":"@eldiario_net","twitter_site":"@eldiario_net","twitter_misc":{"Escrito por":"Jeanette","Tiempo de lectura":"3 minutos"},"schema":{"@context":"https:\/\/schema.org","@graph":[{"@type":"Article","@id":"https:\/\/www.eldiario.net\/portal\/2024\/01\/03\/llamado-urgente-a-la-accion-por-incendios-en-la-amazonia\/#article","isPartOf":{"@id":"https:\/\/www.eldiario.net\/portal\/2024\/01\/03\/llamado-urgente-a-la-accion-por-incendios-en-la-amazonia\/"},"author":{"name":"Jeanette","@id":"https:\/\/www.eldiario.net\/portal\/#\/schema\/person\/f46445640444750d7d753ccd04ae01b7"},"headline":"Llamado urgente a la acci\u00f3n por incendios en la Amazonia","datePublished":"2024-01-03T10:43:52+00:00","mainEntityOfPage":{"@id":"https:\/\/www.eldiario.net\/portal\/2024\/01\/03\/llamado-urgente-a-la-accion-por-incendios-en-la-amazonia\/"},"wordCount":453,"commentCount":0,"publisher":{"@id":"https:\/\/www.eldiario.net\/portal\/#organization"},"image":{"@id":"https:\/\/www.eldiario.net\/portal\/2024\/01\/03\/llamado-urgente-a-la-accion-por-incendios-en-la-amazonia\/#primaryimage"},"thumbnailUrl":"https:\/\/www.eldiario.net\/portal\/wp-content\/uploads\/2023\/08\/Raul-Ruiz-Roca.jpg","articleSection":["Opini\u00f3n"],"inLanguage":"es","potentialAction":[{"@type":"CommentAction","name":"Comment","target":["https:\/\/www.eldiario.net\/portal\/2024\/01\/03\/llamado-urgente-a-la-accion-por-incendios-en-la-amazonia\/#respond"]}]},{"@type":"WebPage","@id":"https:\/\/www.eldiario.net\/portal\/2024\/01\/03\/llamado-urgente-a-la-accion-por-incendios-en-la-amazonia\/","url":"https:\/\/www.eldiario.net\/portal\/2024\/01\/03\/llamado-urgente-a-la-accion-por-incendios-en-la-amazonia\/","name":"Llamado urgente a la acci\u00f3n por incendios en la Amazonia - El Diario - Bolivia","isPartOf":{"@id":"https:\/\/www.eldiario.net\/portal\/#website"},"primaryImageOfPage":{"@id":"https:\/\/www.eldiario.net\/portal\/2024\/01\/03\/llamado-urgente-a-la-accion-por-incendios-en-la-amazonia\/#primaryimage"},"image":{"@id":"https:\/\/www.eldiario.net\/portal\/2024\/01\/03\/llamado-urgente-a-la-accion-por-incendios-en-la-amazonia\/#primaryimage"},"thumbnailUrl":"https:\/\/www.eldiario.net\/portal\/wp-content\/uploads\/2023\/08\/Raul-Ruiz-Roca.jpg","datePublished":"2024-01-03T10:43:52+00:00","breadcrumb":{"@id":"https:\/\/www.eldiario.net\/portal\/2024\/01\/03\/llamado-urgente-a-la-accion-por-incendios-en-la-amazonia\/#breadcrumb"},"inLanguage":"es","potentialAction":[{"@type":"ReadAction","target":["https:\/\/www.eldiario.net\/portal\/2024\/01\/03\/llamado-urgente-a-la-accion-por-incendios-en-la-amazonia\/"]}]},{"@type":"ImageObject","inLanguage":"es","@id":"https:\/\/www.eldiario.net\/portal\/2024\/01\/03\/llamado-urgente-a-la-accion-por-incendios-en-la-amazonia\/#primaryimage","url":"https:\/\/www.eldiario.net\/portal\/wp-content\/uploads\/2023\/08\/Raul-Ruiz-Roca.jpg","contentUrl":"https:\/\/www.eldiario.net\/portal\/wp-content\/uploads\/2023\/08\/Raul-Ruiz-Roca.jpg","width":1200,"height":628},{"@type":"BreadcrumbList","@id":"https:\/\/www.eldiario.net\/portal\/2024\/01\/03\/llamado-urgente-a-la-accion-por-incendios-en-la-amazonia\/#breadcrumb","itemListElement":[{"@type":"ListItem","position":1,"name":"Portada","item":"https:\/\/www.eldiario.net\/portal\/"},{"@type":"ListItem","position":2,"name":"Llamado urgente a la acci\u00f3n por incendios en la Amazonia"}]},{"@type":"WebSite","@id":"https:\/\/www.eldiario.net\/portal\/#website","url":"https:\/\/www.eldiario.net\/portal\/","name":"El Diario - Decano de la prensa nacional","description":"El Diario - Decano de la prensa nacional","publisher":{"@id":"https:\/\/www.eldiario.net\/portal\/#organization"},"potentialAction":[{"@type":"SearchAction","target":{"@type":"EntryPoint","urlTemplate":"https:\/\/www.eldiario.net\/portal\/?s={search_term_string}"},"query-input":{"@type":"PropertyValueSpecification","valueRequired":true,"valueName":"search_term_string"}}],"inLanguage":"es"},{"@type":"Organization","@id":"https:\/\/www.eldiario.net\/portal\/#organization","name":"El Diario - Decano de la prensa nacional","url":"https:\/\/www.eldiario.net\/portal\/","logo":{"@type":"ImageObject","inLanguage":"es","@id":"https:\/\/www.eldiario.net\/portal\/#\/schema\/logo\/image\/","url":"https:\/\/www.eldiario.net\/portal\/wp-content\/uploads\/2023\/07\/logo_ED.jpg","contentUrl":"https:\/\/www.eldiario.net\/portal\/wp-content\/uploads\/2023\/07\/logo_ED.jpg","width":272,"height":52,"caption":"El Diario - Decano de la prensa nacional"},"image":{"@id":"https:\/\/www.eldiario.net\/portal\/#\/schema\/logo\/image\/"},"sameAs":["https:\/\/www.facebook.com\/eldiario.bolivia\/","https:\/\/x.com\/eldiario_net"]},{"@type":"Person","@id":"https:\/\/www.eldiario.net\/portal\/#\/schema\/person\/f46445640444750d7d753ccd04ae01b7","name":"Jeanette","image":{"@type":"ImageObject","inLanguage":"es","@id":"https:\/\/secure.gravatar.com\/avatar\/3ea2118a5f7dad2b7138b1187a6b7ee55f160b9968b66013c3a3ef39dd7e5798?s=96&d=mm&r=g","url":"https:\/\/secure.gravatar.com\/avatar\/3ea2118a5f7dad2b7138b1187a6b7ee55f160b9968b66013c3a3ef39dd7e5798?s=96&d=mm&r=g","contentUrl":"https:\/\/secure.gravatar.com\/avatar\/3ea2118a5f7dad2b7138b1187a6b7ee55f160b9968b66013c3a3ef39dd7e5798?s=96&d=mm&r=g","caption":"Jeanette"},"sameAs":["https:\/\/www.eldiario.net\/portal"],"url":"https:\/\/www.eldiario.net\/portal\/author\/jeanette\/"}]}},"_links":{"self":[{"href":"https:\/\/www.eldiario.net\/portal\/wp-json\/wp\/v2\/posts\/195678","targetHints":{"allow":["GET"]}}],"collection":[{"href":"https:\/\/www.eldiario.net\/portal\/wp-json\/wp\/v2\/posts"}],"about":[{"href":"https:\/\/www.eldiario.net\/portal\/wp-json\/wp\/v2\/types\/post"}],"author":[{"embeddable":true,"href":"https:\/\/www.eldiario.net\/portal\/wp-json\/wp\/v2\/users\/1"}],"replies":[{"embeddable":true,"href":"https:\/\/www.eldiario.net\/portal\/wp-json\/wp\/v2\/comments?post=195678"}],"version-history":[{"count":1,"href":"https:\/\/www.eldiario.net\/portal\/wp-json\/wp\/v2\/posts\/195678\/revisions"}],"predecessor-version":[{"id":195679,"href":"https:\/\/www.eldiario.net\/portal\/wp-json\/wp\/v2\/posts\/195678\/revisions\/195679"}],"wp:featuredmedia":[{"embeddable":true,"href":"https:\/\/www.eldiario.net\/portal\/wp-json\/wp\/v2\/media\/169888"}],"wp:attachment":[{"href":"https:\/\/www.eldiario.net\/portal\/wp-json\/wp\/v2\/media?parent=195678"}],"wp:term":[{"taxonomy":"category","embeddable":true,"href":"https:\/\/www.eldiario.net\/portal\/wp-json\/wp\/v2\/categories?post=195678"},{"taxonomy":"post_tag","embeddable":true,"href":"https:\/\/www.eldiario.net\/portal\/wp-json\/wp\/v2\/tags?post=195678"}],"curies":[{"name":"wp","href":"https:\/\/api.w.org\/{rel}","templated":true}]}}