{"id":195675,"date":"2024-01-03T06:43:11","date_gmt":"2024-01-03T10:43:11","guid":{"rendered":"https:\/\/www.eldiario.net\/portal\/?p=195675"},"modified":"2024-01-03T06:43:11","modified_gmt":"2024-01-03T10:43:11","slug":"coordinan-intervencion-y-auxilio-en-la-comunidad-las-mercedes","status":"publish","type":"post","link":"https:\/\/www.eldiario.net\/portal\/2024\/01\/03\/coordinan-intervencion-y-auxilio-en-la-comunidad-las-mercedes\/","title":{"rendered":"Coordinan intervenci\u00f3n y auxilio en la comunidad Las Mercedes"},"content":{"rendered":"<p>El Viceministerio de Defensa Civil y la Alcald\u00eda de La Asunta, del departamento de La Paz, coordinaron una intervenci\u00f3n con maquinaria pesada y env\u00edo de ayuda humanitaria a las familias afectadas en la comunidad Las Mercedes, luego de que una mazamorra de tierra afect\u00f3 viviendas y cultivos en esa poblaci\u00f3n yungue\u00f1a.<br \/>\n\u201cHoy (por ayer) vamos a hacer entrega a este municipio para 200 familias, de 8.85 toneladas de ayuda humanitaria que tiene una inversi\u00f3n de 131.761 bolivianos\u201d, sostuvo el viceministro del \u00e1rea, Juan Carlos Calvimontes, a tiempo de detallar que el apoyo consiste en \u201calimentos, vituallas, herramientas, pero tambi\u00e9n se ha instruido al Gobierno Municipal que utilice maquinaria pesada para que puedan hacer la estabilizaci\u00f3n de un sector cr\u00edtico, que ellos han identificado\u201d.<br \/>\nAsimismo, la autoridad gubernamental apunt\u00f3 que no hubo necesidad de que Defensa Civil desplace personal especializado hasta el lugar, \u201chabida cuenta que el Gobierno Municipal y los vecinos han atendido de forma inmediata la emergencia que se present\u00f3\u201d, sin embargo, los afectados a\u00fan claman ayuda de maquinaria para realizar limpieza.<br \/>\n\u201cNecesitamos ayuda para sacar el lodo (\u2026) el Gobernador se comprometi\u00f3 pero no sabemos cu\u00e1ndo llegar\u00e1 (\u2026) mi casa se est\u00e1 destrozando m\u00e1s, ya no va servir\u201d, relat\u00f3 una de las afectadas de Las Mercedes, Candy Rivero, en entrevista con un medio televisivo, acot\u00f3 que el domingo lleg\u00f3 maquinaria pero sin combustible, trabaj\u00f3 poco, y el lunes ya no estaba.<br \/>\nEn tanto que otra afectada relat\u00f3 que debido a los destrozos, la vivienda que habitada en alquiler qued\u00f3 inservible por lo que ahora no tiene d\u00f3nde vivir.<br \/>\n\u201cVivo con dos mellizos, hemos perdido ropa, vivimos en alquiler y me he quedado sin casa, no sabemos d\u00f3nde ir. Nos han evacuado a otro lado, quisiera pedir ayuda les pido de coraz\u00f3n\u201d, se\u00f1al\u00f3 entre l\u00e1grimas.<br \/>\nLos vecinos temen que las lluvias provoquen otro evento similar, por lo que durante la jornada del martes, seg\u00fan inform\u00f3 a EL DIARIO, el periodista de Radio Activa, Noe Paucara, se dedicaron a realizar trabajos en la parte alta del lugar, donde a\u00fan hay concentraci\u00f3n de agua.<br \/>\n\u201cHoy d\u00eda (por ayer) la comunidad est\u00e1 en el trabajo de desv\u00edo de agua, para que baje una poca cantidad a la poblaci\u00f3n. El trabajo es en las alturas de Las Mercedes\u201d, indic\u00f3.<br \/>\nAl respecto, Calvimontes manifest\u00f3 que hay necesidad de hacer movimiento de maquinaria pesada y maquinaria de mayor envergadura para, de manera urgente, estabilizar la zona denominada cr\u00edtica, pero las condiciones climatol\u00f3gicas tampoco favorecen.<br \/>\n\u201cLo m\u00e1s importante, en este momento, es esperar que las condiciones climatol\u00f3gicas nos permitan movilizar mayor cantidad de maquinaria pesada, tomando en cuenta que lo que se ha hecho hasta el momento ha sido una limpieza de las calles donde ha ido la mazamorra, pero no se ha logrado estabilizar todav\u00eda de forma total la parte que el municipio ha identificado como cr\u00edtica que es de donde se ha desprendido la mayor cantidad de mazamorra\u201d, mencion\u00f3.<br \/>\nAclar\u00f3 que \u201cdesde el momento en que sucedi\u00f3 este hecho, nosotros estuvimos en contacto con el Gobierno Municipal (de La Asunta)\u201d y se\u00f1al\u00f3 que \u201cpreocupa de sobremanera, la ausencia de la Gobernaci\u00f3n\u201d.<br \/>\nSostuvo que La Asunta, no es la \u00fanica comunidad yungue\u00f1a que requiere atenci\u00f3n, pero s\u00ed la m\u00e1s afectada por el tema de mazamorra.<\/p>\n<p>DA\u00d1OS<br \/>\nEl dirigente de la comunidad Las Mercedes, Heriberto Soria, inform\u00f3 que siete casas est\u00e1n a punto de caer debido a las rajaduras que presentan, por lo que tuvieron que evacuar a las familias, adem\u00e1s, hay m\u00e1s de 25 viviendas afectadas.<br \/>\n\u201cRealmente como siete familias evacuadas hemos llevado al otro lado, a domicilios de la comunidad. Tenemos m\u00e1s de 25 viviendas que est\u00e1n afectadas (en diferentes sectores)\u201d, se\u00f1al\u00f3 a un medio televisivo.<br \/>\nDe acuerdo con los informes, la Alcald\u00eda de La Asunta envi\u00f3 una retroexcavadora al lugar y trabaj\u00f3 el domingo, pero el lunes no lo hizo por falta de combustible.<br \/>\nAdem\u00e1s, la jornada del lunes, una comitiva se traslad\u00f3 a La Paz para pedir ayuda a Defensa Civil, y seg\u00fan el dirigente de la Central Agraria Las Mercedes, Hern\u00e1n Aguilar, la respuesta se la ver\u00e1 hoy.<br \/>\n\u201cHemos comisionado a dirigentes y representantes porque no estamos siendo atendidos como se han comprometido, hasta ahora no tenemos ning\u00fan tipo de maquinaria. Apenas ha llegado una retroexcavadora\u201d, expres\u00f3.<br \/>\nEn ese marco, Paucara apunt\u00f3 que les informaron que la ayuda llegar\u00eda la noche de ayer y hasta el cierre de esta edici\u00f3n (20:00) no hab\u00eda llegado.<\/p>\n<p>SALUD<br \/>\nEl Ministerio de Salud anunci\u00f3 que reforzar\u00e1 con tres brigadas m\u00e9dicas la atenci\u00f3n a las familias damnificadas por el desborde de r\u00edos y riadas en las comunidades del municipio La Asunta.<br \/>\n\u201cEstamos prestando atenci\u00f3n m\u00e9dica desde la anterior semana, principalmente, en el Centro de Salud Las Mercedes, donde est\u00e1n m\u00e9dicos del programa Safci Mi Salud. Hoy (por ayer) se van a sumar tres brigadas con seis m\u00e9dicos, una enfermera y personal t\u00e9cnico del programa de Epidemiolog\u00eda\u201d, explic\u00f3 el jefe de la Unidad de Gesti\u00f3n de Riesgos, Emergencias y Desastres, Milt\u00f3n Gonzales.<br \/>\nTambi\u00e9n ser\u00e1n entregadas pastillas potabilizadoras para el consumo adecuado del agua y medicamentos para prevenir enfermedades, siendo que las afecciones m\u00e1s frecuentes atendidas en la regi\u00f3n son los dolores de cabeza, lumbalgias, infecciones respiratorias y diarreas agudas.<br \/>\nAsimismo, se prev\u00e9 el ingreso de personal de promoci\u00f3n de la salud para la contenci\u00f3n y apoyo psicol\u00f3gico a las familias que perdieron sus casas, cultivos y otros bienes.<\/p>\n","protected":false},"excerpt":{"rendered":"<p>El Viceministerio de Defensa Civil y la Alcald\u00eda de La Asunta, del departamento de La Paz, coordinaron una intervenci\u00f3n con maquinaria pesada y env\u00edo de ayuda humanitaria a las familias afectadas en la comunidad Las Mercedes, luego de que una mazamorra de tierra afect\u00f3 viviendas y cultivos en esa poblaci\u00f3n yungue\u00f1a. \u201cHoy (por ayer) vamos [&hellip;]<\/p>\n","protected":false},"author":1,"featured_media":195676,"comment_status":"open","ping_status":"open","sticky":false,"template":"","format":"standard","meta":{"_acf_changed":false,"footnotes":""},"categories":[12],"tags":[],"class_list":["post-195675","post","type-post","status-publish","format-standard","has-post-thumbnail","category-nacional"],"acf":{"antetitulo":"Gobierno comprometi\u00f3 m\u00e1s de 8 toneladas de ayuda humanitaria"},"yoast_head":"<!-- This site is optimized with the Yoast SEO plugin v28.4 - https:\/\/yoast.com\/product\/yoast-seo-wordpress\/ -->\n<title>Coordinan intervenci\u00f3n y auxilio en la comunidad Las Mercedes - El Diario - Bolivia<\/title>\n<meta name=\"robots\" content=\"index, follow, max-snippet:-1, max-image-preview:large, max-video-preview:-1\" \/>\n<link rel=\"canonical\" href=\"https:\/\/www.eldiario.net\/portal\/2024\/01\/03\/coordinan-intervencion-y-auxilio-en-la-comunidad-las-mercedes\/\" \/>\n<meta property=\"og:locale\" content=\"es_ES\" \/>\n<meta property=\"og:type\" content=\"article\" \/>\n<meta property=\"og:title\" content=\"Coordinan intervenci\u00f3n y auxilio en la comunidad Las Mercedes - El Diario - Bolivia\" \/>\n<meta property=\"og:description\" content=\"El Viceministerio de Defensa Civil y la Alcald\u00eda de La Asunta, del departamento de La Paz, coordinaron una intervenci\u00f3n con maquinaria pesada y env\u00edo de ayuda humanitaria a las familias afectadas en la comunidad Las Mercedes, luego de que una mazamorra de tierra afect\u00f3 viviendas y cultivos en esa poblaci\u00f3n yungue\u00f1a. \u201cHoy (por ayer) vamos [&hellip;]\" \/>\n<meta property=\"og:url\" content=\"https:\/\/www.eldiario.net\/portal\/2024\/01\/03\/coordinan-intervencion-y-auxilio-en-la-comunidad-las-mercedes\/\" \/>\n<meta property=\"og:site_name\" content=\"El Diario - Bolivia\" \/>\n<meta property=\"article:publisher\" content=\"https:\/\/www.facebook.com\/eldiario.bolivia\/\" \/>\n<meta property=\"article:published_time\" content=\"2024-01-03T10:43:11+00:00\" \/>\n<meta property=\"og:image\" content=\"https:\/\/www.eldiario.net\/portal\/wp-content\/uploads\/2024\/01\/F-1-Mercedes.jpg\" \/>\n\t<meta property=\"og:image:width\" content=\"1152\" \/>\n\t<meta property=\"og:image:height\" content=\"864\" \/>\n\t<meta property=\"og:image:type\" content=\"image\/jpeg\" \/>\n<meta name=\"author\" content=\"Jeanette\" \/>\n<meta name=\"twitter:card\" content=\"summary_large_image\" \/>\n<meta name=\"twitter:creator\" content=\"@eldiario_net\" \/>\n<meta name=\"twitter:site\" content=\"@eldiario_net\" \/>\n<meta name=\"twitter:label1\" content=\"Escrito por\" \/>\n\t<meta name=\"twitter:data1\" content=\"Jeanette\" \/>\n\t<meta name=\"twitter:label2\" content=\"Tiempo de lectura\" \/>\n\t<meta name=\"twitter:data2\" content=\"5 minutos\" \/>\n<script type=\"application\/ld+json\" class=\"yoast-schema-graph\">{\"@context\":\"https:\\\/\\\/schema.org\",\"@graph\":[{\"@type\":\"Article\",\"@id\":\"https:\\\/\\\/www.eldiario.net\\\/portal\\\/2024\\\/01\\\/03\\\/coordinan-intervencion-y-auxilio-en-la-comunidad-las-mercedes\\\/#article\",\"isPartOf\":{\"@id\":\"https:\\\/\\\/www.eldiario.net\\\/portal\\\/2024\\\/01\\\/03\\\/coordinan-intervencion-y-auxilio-en-la-comunidad-las-mercedes\\\/\"},\"author\":{\"name\":\"Jeanette\",\"@id\":\"https:\\\/\\\/www.eldiario.net\\\/portal\\\/#\\\/schema\\\/person\\\/f46445640444750d7d753ccd04ae01b7\"},\"headline\":\"Coordinan intervenci\u00f3n y auxilio en la comunidad Las Mercedes\",\"datePublished\":\"2024-01-03T10:43:11+00:00\",\"mainEntityOfPage\":{\"@id\":\"https:\\\/\\\/www.eldiario.net\\\/portal\\\/2024\\\/01\\\/03\\\/coordinan-intervencion-y-auxilio-en-la-comunidad-las-mercedes\\\/\"},\"wordCount\":961,\"commentCount\":0,\"publisher\":{\"@id\":\"https:\\\/\\\/www.eldiario.net\\\/portal\\\/#organization\"},\"image\":{\"@id\":\"https:\\\/\\\/www.eldiario.net\\\/portal\\\/2024\\\/01\\\/03\\\/coordinan-intervencion-y-auxilio-en-la-comunidad-las-mercedes\\\/#primaryimage\"},\"thumbnailUrl\":\"https:\\\/\\\/www.eldiario.net\\\/portal\\\/wp-content\\\/uploads\\\/2024\\\/01\\\/F-1-Mercedes.jpg\",\"articleSection\":[\"Nacional\"],\"inLanguage\":\"es\",\"potentialAction\":[{\"@type\":\"CommentAction\",\"name\":\"Comment\",\"target\":[\"https:\\\/\\\/www.eldiario.net\\\/portal\\\/2024\\\/01\\\/03\\\/coordinan-intervencion-y-auxilio-en-la-comunidad-las-mercedes\\\/#respond\"]}]},{\"@type\":\"WebPage\",\"@id\":\"https:\\\/\\\/www.eldiario.net\\\/portal\\\/2024\\\/01\\\/03\\\/coordinan-intervencion-y-auxilio-en-la-comunidad-las-mercedes\\\/\",\"url\":\"https:\\\/\\\/www.eldiario.net\\\/portal\\\/2024\\\/01\\\/03\\\/coordinan-intervencion-y-auxilio-en-la-comunidad-las-mercedes\\\/\",\"name\":\"Coordinan intervenci\u00f3n y auxilio en la comunidad Las Mercedes - El Diario - Bolivia\",\"isPartOf\":{\"@id\":\"https:\\\/\\\/www.eldiario.net\\\/portal\\\/#website\"},\"primaryImageOfPage\":{\"@id\":\"https:\\\/\\\/www.eldiario.net\\\/portal\\\/2024\\\/01\\\/03\\\/coordinan-intervencion-y-auxilio-en-la-comunidad-las-mercedes\\\/#primaryimage\"},\"image\":{\"@id\":\"https:\\\/\\\/www.eldiario.net\\\/portal\\\/2024\\\/01\\\/03\\\/coordinan-intervencion-y-auxilio-en-la-comunidad-las-mercedes\\\/#primaryimage\"},\"thumbnailUrl\":\"https:\\\/\\\/www.eldiario.net\\\/portal\\\/wp-content\\\/uploads\\\/2024\\\/01\\\/F-1-Mercedes.jpg\",\"datePublished\":\"2024-01-03T10:43:11+00:00\",\"breadcrumb\":{\"@id\":\"https:\\\/\\\/www.eldiario.net\\\/portal\\\/2024\\\/01\\\/03\\\/coordinan-intervencion-y-auxilio-en-la-comunidad-las-mercedes\\\/#breadcrumb\"},\"inLanguage\":\"es\",\"potentialAction\":[{\"@type\":\"ReadAction\",\"target\":[\"https:\\\/\\\/www.eldiario.net\\\/portal\\\/2024\\\/01\\\/03\\\/coordinan-intervencion-y-auxilio-en-la-comunidad-las-mercedes\\\/\"]}]},{\"@type\":\"ImageObject\",\"inLanguage\":\"es\",\"@id\":\"https:\\\/\\\/www.eldiario.net\\\/portal\\\/2024\\\/01\\\/03\\\/coordinan-intervencion-y-auxilio-en-la-comunidad-las-mercedes\\\/#primaryimage\",\"url\":\"https:\\\/\\\/www.eldiario.net\\\/portal\\\/wp-content\\\/uploads\\\/2024\\\/01\\\/F-1-Mercedes.jpg\",\"contentUrl\":\"https:\\\/\\\/www.eldiario.net\\\/portal\\\/wp-content\\\/uploads\\\/2024\\\/01\\\/F-1-Mercedes.jpg\",\"width\":1152,\"height\":864,\"caption\":\"La \u00faltima mazamorra cay\u00f3 el s\u00e1bado 30 de diciembre 2023.\"},{\"@type\":\"BreadcrumbList\",\"@id\":\"https:\\\/\\\/www.eldiario.net\\\/portal\\\/2024\\\/01\\\/03\\\/coordinan-intervencion-y-auxilio-en-la-comunidad-las-mercedes\\\/#breadcrumb\",\"itemListElement\":[{\"@type\":\"ListItem\",\"position\":1,\"name\":\"Portada\",\"item\":\"https:\\\/\\\/www.eldiario.net\\\/portal\\\/\"},{\"@type\":\"ListItem\",\"position\":2,\"name\":\"Coordinan intervenci\u00f3n y auxilio en la comunidad Las Mercedes\"}]},{\"@type\":\"WebSite\",\"@id\":\"https:\\\/\\\/www.eldiario.net\\\/portal\\\/#website\",\"url\":\"https:\\\/\\\/www.eldiario.net\\\/portal\\\/\",\"name\":\"El Diario - Decano de la prensa nacional\",\"description\":\"El Diario - Decano de la prensa nacional\",\"publisher\":{\"@id\":\"https:\\\/\\\/www.eldiario.net\\\/portal\\\/#organization\"},\"potentialAction\":[{\"@type\":\"SearchAction\",\"target\":{\"@type\":\"EntryPoint\",\"urlTemplate\":\"https:\\\/\\\/www.eldiario.net\\\/portal\\\/?s={search_term_string}\"},\"query-input\":{\"@type\":\"PropertyValueSpecification\",\"valueRequired\":true,\"valueName\":\"search_term_string\"}}],\"inLanguage\":\"es\"},{\"@type\":\"Organization\",\"@id\":\"https:\\\/\\\/www.eldiario.net\\\/portal\\\/#organization\",\"name\":\"El Diario - Decano de la prensa nacional\",\"url\":\"https:\\\/\\\/www.eldiario.net\\\/portal\\\/\",\"logo\":{\"@type\":\"ImageObject\",\"inLanguage\":\"es\",\"@id\":\"https:\\\/\\\/www.eldiario.net\\\/portal\\\/#\\\/schema\\\/logo\\\/image\\\/\",\"url\":\"https:\\\/\\\/www.eldiario.net\\\/portal\\\/wp-content\\\/uploads\\\/2023\\\/07\\\/logo_ED.jpg\",\"contentUrl\":\"https:\\\/\\\/www.eldiario.net\\\/portal\\\/wp-content\\\/uploads\\\/2023\\\/07\\\/logo_ED.jpg\",\"width\":272,\"height\":52,\"caption\":\"El Diario - Decano de la prensa nacional\"},\"image\":{\"@id\":\"https:\\\/\\\/www.eldiario.net\\\/portal\\\/#\\\/schema\\\/logo\\\/image\\\/\"},\"sameAs\":[\"https:\\\/\\\/www.facebook.com\\\/eldiario.bolivia\\\/\",\"https:\\\/\\\/x.com\\\/eldiario_net\"]},{\"@type\":\"Person\",\"@id\":\"https:\\\/\\\/www.eldiario.net\\\/portal\\\/#\\\/schema\\\/person\\\/f46445640444750d7d753ccd04ae01b7\",\"name\":\"Jeanette\",\"image\":{\"@type\":\"ImageObject\",\"inLanguage\":\"es\",\"@id\":\"https:\\\/\\\/secure.gravatar.com\\\/avatar\\\/3ea2118a5f7dad2b7138b1187a6b7ee55f160b9968b66013c3a3ef39dd7e5798?s=96&d=mm&r=g\",\"url\":\"https:\\\/\\\/secure.gravatar.com\\\/avatar\\\/3ea2118a5f7dad2b7138b1187a6b7ee55f160b9968b66013c3a3ef39dd7e5798?s=96&d=mm&r=g\",\"contentUrl\":\"https:\\\/\\\/secure.gravatar.com\\\/avatar\\\/3ea2118a5f7dad2b7138b1187a6b7ee55f160b9968b66013c3a3ef39dd7e5798?s=96&d=mm&r=g\",\"caption\":\"Jeanette\"},\"sameAs\":[\"https:\\\/\\\/www.eldiario.net\\\/portal\"],\"url\":\"https:\\\/\\\/www.eldiario.net\\\/portal\\\/author\\\/jeanette\\\/\"}]}<\/script>\n<!-- \/ Yoast SEO plugin. -->","yoast_head_json":{"title":"Coordinan intervenci\u00f3n y auxilio en la comunidad Las Mercedes - El Diario - Bolivia","robots":{"index":"index","follow":"follow","max-snippet":"max-snippet:-1","max-image-preview":"max-image-preview:large","max-video-preview":"max-video-preview:-1"},"canonical":"https:\/\/www.eldiario.net\/portal\/2024\/01\/03\/coordinan-intervencion-y-auxilio-en-la-comunidad-las-mercedes\/","og_locale":"es_ES","og_type":"article","og_title":"Coordinan intervenci\u00f3n y auxilio en la comunidad Las Mercedes - El Diario - Bolivia","og_description":"El Viceministerio de Defensa Civil y la Alcald\u00eda de La Asunta, del departamento de La Paz, coordinaron una intervenci\u00f3n con maquinaria pesada y env\u00edo de ayuda humanitaria a las familias afectadas en la comunidad Las Mercedes, luego de que una mazamorra de tierra afect\u00f3 viviendas y cultivos en esa poblaci\u00f3n yungue\u00f1a. \u201cHoy (por ayer) vamos [&hellip;]","og_url":"https:\/\/www.eldiario.net\/portal\/2024\/01\/03\/coordinan-intervencion-y-auxilio-en-la-comunidad-las-mercedes\/","og_site_name":"El Diario - Bolivia","article_publisher":"https:\/\/www.facebook.com\/eldiario.bolivia\/","article_published_time":"2024-01-03T10:43:11+00:00","og_image":[{"width":1152,"height":864,"url":"https:\/\/www.eldiario.net\/portal\/wp-content\/uploads\/2024\/01\/F-1-Mercedes.jpg","type":"image\/jpeg"}],"author":"Jeanette","twitter_card":"summary_large_image","twitter_creator":"@eldiario_net","twitter_site":"@eldiario_net","twitter_misc":{"Escrito por":"Jeanette","Tiempo de lectura":"5 minutos"},"schema":{"@context":"https:\/\/schema.org","@graph":[{"@type":"Article","@id":"https:\/\/www.eldiario.net\/portal\/2024\/01\/03\/coordinan-intervencion-y-auxilio-en-la-comunidad-las-mercedes\/#article","isPartOf":{"@id":"https:\/\/www.eldiario.net\/portal\/2024\/01\/03\/coordinan-intervencion-y-auxilio-en-la-comunidad-las-mercedes\/"},"author":{"name":"Jeanette","@id":"https:\/\/www.eldiario.net\/portal\/#\/schema\/person\/f46445640444750d7d753ccd04ae01b7"},"headline":"Coordinan intervenci\u00f3n y auxilio en la comunidad Las Mercedes","datePublished":"2024-01-03T10:43:11+00:00","mainEntityOfPage":{"@id":"https:\/\/www.eldiario.net\/portal\/2024\/01\/03\/coordinan-intervencion-y-auxilio-en-la-comunidad-las-mercedes\/"},"wordCount":961,"commentCount":0,"publisher":{"@id":"https:\/\/www.eldiario.net\/portal\/#organization"},"image":{"@id":"https:\/\/www.eldiario.net\/portal\/2024\/01\/03\/coordinan-intervencion-y-auxilio-en-la-comunidad-las-mercedes\/#primaryimage"},"thumbnailUrl":"https:\/\/www.eldiario.net\/portal\/wp-content\/uploads\/2024\/01\/F-1-Mercedes.jpg","articleSection":["Nacional"],"inLanguage":"es","potentialAction":[{"@type":"CommentAction","name":"Comment","target":["https:\/\/www.eldiario.net\/portal\/2024\/01\/03\/coordinan-intervencion-y-auxilio-en-la-comunidad-las-mercedes\/#respond"]}]},{"@type":"WebPage","@id":"https:\/\/www.eldiario.net\/portal\/2024\/01\/03\/coordinan-intervencion-y-auxilio-en-la-comunidad-las-mercedes\/","url":"https:\/\/www.eldiario.net\/portal\/2024\/01\/03\/coordinan-intervencion-y-auxilio-en-la-comunidad-las-mercedes\/","name":"Coordinan intervenci\u00f3n y auxilio en la comunidad Las Mercedes - El Diario - Bolivia","isPartOf":{"@id":"https:\/\/www.eldiario.net\/portal\/#website"},"primaryImageOfPage":{"@id":"https:\/\/www.eldiario.net\/portal\/2024\/01\/03\/coordinan-intervencion-y-auxilio-en-la-comunidad-las-mercedes\/#primaryimage"},"image":{"@id":"https:\/\/www.eldiario.net\/portal\/2024\/01\/03\/coordinan-intervencion-y-auxilio-en-la-comunidad-las-mercedes\/#primaryimage"},"thumbnailUrl":"https:\/\/www.eldiario.net\/portal\/wp-content\/uploads\/2024\/01\/F-1-Mercedes.jpg","datePublished":"2024-01-03T10:43:11+00:00","breadcrumb":{"@id":"https:\/\/www.eldiario.net\/portal\/2024\/01\/03\/coordinan-intervencion-y-auxilio-en-la-comunidad-las-mercedes\/#breadcrumb"},"inLanguage":"es","potentialAction":[{"@type":"ReadAction","target":["https:\/\/www.eldiario.net\/portal\/2024\/01\/03\/coordinan-intervencion-y-auxilio-en-la-comunidad-las-mercedes\/"]}]},{"@type":"ImageObject","inLanguage":"es","@id":"https:\/\/www.eldiario.net\/portal\/2024\/01\/03\/coordinan-intervencion-y-auxilio-en-la-comunidad-las-mercedes\/#primaryimage","url":"https:\/\/www.eldiario.net\/portal\/wp-content\/uploads\/2024\/01\/F-1-Mercedes.jpg","contentUrl":"https:\/\/www.eldiario.net\/portal\/wp-content\/uploads\/2024\/01\/F-1-Mercedes.jpg","width":1152,"height":864,"caption":"La \u00faltima mazamorra cay\u00f3 el s\u00e1bado 30 de diciembre 2023."},{"@type":"BreadcrumbList","@id":"https:\/\/www.eldiario.net\/portal\/2024\/01\/03\/coordinan-intervencion-y-auxilio-en-la-comunidad-las-mercedes\/#breadcrumb","itemListElement":[{"@type":"ListItem","position":1,"name":"Portada","item":"https:\/\/www.eldiario.net\/portal\/"},{"@type":"ListItem","position":2,"name":"Coordinan intervenci\u00f3n y auxilio en la comunidad Las Mercedes"}]},{"@type":"WebSite","@id":"https:\/\/www.eldiario.net\/portal\/#website","url":"https:\/\/www.eldiario.net\/portal\/","name":"El Diario - Decano de la prensa nacional","description":"El Diario - Decano de la prensa nacional","publisher":{"@id":"https:\/\/www.eldiario.net\/portal\/#organization"},"potentialAction":[{"@type":"SearchAction","target":{"@type":"EntryPoint","urlTemplate":"https:\/\/www.eldiario.net\/portal\/?s={search_term_string}"},"query-input":{"@type":"PropertyValueSpecification","valueRequired":true,"valueName":"search_term_string"}}],"inLanguage":"es"},{"@type":"Organization","@id":"https:\/\/www.eldiario.net\/portal\/#organization","name":"El Diario - Decano de la prensa nacional","url":"https:\/\/www.eldiario.net\/portal\/","logo":{"@type":"ImageObject","inLanguage":"es","@id":"https:\/\/www.eldiario.net\/portal\/#\/schema\/logo\/image\/","url":"https:\/\/www.eldiario.net\/portal\/wp-content\/uploads\/2023\/07\/logo_ED.jpg","contentUrl":"https:\/\/www.eldiario.net\/portal\/wp-content\/uploads\/2023\/07\/logo_ED.jpg","width":272,"height":52,"caption":"El Diario - Decano de la prensa nacional"},"image":{"@id":"https:\/\/www.eldiario.net\/portal\/#\/schema\/logo\/image\/"},"sameAs":["https:\/\/www.facebook.com\/eldiario.bolivia\/","https:\/\/x.com\/eldiario_net"]},{"@type":"Person","@id":"https:\/\/www.eldiario.net\/portal\/#\/schema\/person\/f46445640444750d7d753ccd04ae01b7","name":"Jeanette","image":{"@type":"ImageObject","inLanguage":"es","@id":"https:\/\/secure.gravatar.com\/avatar\/3ea2118a5f7dad2b7138b1187a6b7ee55f160b9968b66013c3a3ef39dd7e5798?s=96&d=mm&r=g","url":"https:\/\/secure.gravatar.com\/avatar\/3ea2118a5f7dad2b7138b1187a6b7ee55f160b9968b66013c3a3ef39dd7e5798?s=96&d=mm&r=g","contentUrl":"https:\/\/secure.gravatar.com\/avatar\/3ea2118a5f7dad2b7138b1187a6b7ee55f160b9968b66013c3a3ef39dd7e5798?s=96&d=mm&r=g","caption":"Jeanette"},"sameAs":["https:\/\/www.eldiario.net\/portal"],"url":"https:\/\/www.eldiario.net\/portal\/author\/jeanette\/"}]}},"_links":{"self":[{"href":"https:\/\/www.eldiario.net\/portal\/wp-json\/wp\/v2\/posts\/195675","targetHints":{"allow":["GET"]}}],"collection":[{"href":"https:\/\/www.eldiario.net\/portal\/wp-json\/wp\/v2\/posts"}],"about":[{"href":"https:\/\/www.eldiario.net\/portal\/wp-json\/wp\/v2\/types\/post"}],"author":[{"embeddable":true,"href":"https:\/\/www.eldiario.net\/portal\/wp-json\/wp\/v2\/users\/1"}],"replies":[{"embeddable":true,"href":"https:\/\/www.eldiario.net\/portal\/wp-json\/wp\/v2\/comments?post=195675"}],"version-history":[{"count":1,"href":"https:\/\/www.eldiario.net\/portal\/wp-json\/wp\/v2\/posts\/195675\/revisions"}],"predecessor-version":[{"id":195677,"href":"https:\/\/www.eldiario.net\/portal\/wp-json\/wp\/v2\/posts\/195675\/revisions\/195677"}],"wp:featuredmedia":[{"embeddable":true,"href":"https:\/\/www.eldiario.net\/portal\/wp-json\/wp\/v2\/media\/195676"}],"wp:attachment":[{"href":"https:\/\/www.eldiario.net\/portal\/wp-json\/wp\/v2\/media?parent=195675"}],"wp:term":[{"taxonomy":"category","embeddable":true,"href":"https:\/\/www.eldiario.net\/portal\/wp-json\/wp\/v2\/categories?post=195675"},{"taxonomy":"post_tag","embeddable":true,"href":"https:\/\/www.eldiario.net\/portal\/wp-json\/wp\/v2\/tags?post=195675"}],"curies":[{"name":"wp","href":"https:\/\/api.w.org\/{rel}","templated":true}]}}