{"id":195672,"date":"2024-01-03T06:42:16","date_gmt":"2024-01-03T10:42:16","guid":{"rendered":"https:\/\/www.eldiario.net\/portal\/?p=195672"},"modified":"2024-01-03T06:42:16","modified_gmt":"2024-01-03T10:42:16","slug":"responsabilizan-a-loteadores-por-danos-en-zona-rosasani","status":"publish","type":"post","link":"https:\/\/www.eldiario.net\/portal\/2024\/01\/03\/responsabilizan-a-loteadores-por-danos-en-zona-rosasani\/","title":{"rendered":"Responsabilizan a loteadores por da\u00f1os en zona Rosasani"},"content":{"rendered":"<p>Luego de inspeccionar el sector y conocer que construcciones ilegales, adem\u00e1s de la lluvia, provocaron que una mazamorra caiga el lunes en la zona Rosasani, del municipio de La Paz, el alcalde de la comuna, Iv\u00e1n Arias, manifest\u00f3 que es un tema que escapa de sus manos porque \u201cmunicipios vecinos dan \u00f3rdenes (de construcci\u00f3n) como pipocas sin importarles nada\u201d y los loteadores son los que realizan movimiento de tierras.<br \/>\n\u201cEstamos en un situaci\u00f3n muy adversa, porque municipios vecinos que dan \u00f3rdenes (de construcci\u00f3n) as\u00ed como si fueran pipocas sin importarles nada y este es un tema que escapa a nuestra capacidad, pero tenemos que enfrentar\u201d, sostuvo el alcalde pace\u00f1o, Iv\u00e1n Arias, en conferencia de prensa.<br \/>\nPuntualiz\u00f3 que a ra\u00edz de la mazamorra que se registr\u00f3, tres viviendas y dos veh\u00edculos est\u00e1n afectados. Aunque, algunos vecinos tambi\u00e9n atribuyen que trabajos inconclusos de la comuna ocasionaron que la lluvia genere la mazamorra.<br \/>\n\u201cUna lluvia intensa ha bajado de la parte de arriba, la Alcald\u00eda estaba haciendo el engavionado y esa carga que han sacado no lo han retirado desde 2020 segu\u00eda ah\u00ed, esa carga acumulada y todo eso se ha bajado (\u2026), los vecinos tambi\u00e9n dejaban sus escombros, hab\u00eda taponamiento y hasta las basuras nos ha afectado a ambas casas\u201d, relat\u00f3 la se\u00f1ora Cristina, que tiene su vivienda afectada.<br \/>\nCASOS<br \/>\nEl secretario municipal de Resilencia y Gesti\u00f3n de Vulnerabilidades, Juan Pablo Palma, inform\u00f3 que tras intensa lluvia en La Paz se report\u00f3 16 casos de emergencias, seis zonas resultaron afectadas por mazamorras dejando da\u00f1os en tres viviendas y dos veh\u00edculos.<br \/>\n\u201cEl d\u00eda de ayer (por el lunes) ingres\u00f3 un frente fr\u00edo por el noreste (de La Paz) ha ingresado por el sector de Hampaturi y se ha ido desplazando al macrodistrito Perif\u00e9rica. (\u2026). Hemos tenido seis casos relevantes\u201d, sostuvo.<br \/>\nZona Alto Santiago de Lacaya hubo arrastre de material cerca de 40 metros c\u00fabicos; en la zona Tijini cerca al r\u00edo Minasa hubo gran cantidad de material de arrastre; en Rosasani, el sector m\u00e1s golpeado por la mazamorra. En este caso, desde la alcald\u00eda pace\u00f1a presumen que la mazamorra se produjo porque hubo un movimiento de tierra en la parte superior de la zona debido a loteadores.<br \/>\nOtro caso fue atendido en la zona 3 de Mayo, afect\u00f3 un viaducto y una vivienda. En la zona Chicani-Chinchaya se report\u00f3 obstrucci\u00f3n de v\u00edas por la mazamorra y en Bolonia se report\u00f3 la afectaci\u00f3n de ocho cuadras con material de arrastre.<br \/>\nNORMA<br \/>\nEl burgomaestre pace\u00f1o adelant\u00f3 que se trabaja en una norma que, si bien no evitar\u00e1 brindar ayuda a damnificados que no pertenecen al municipio pace\u00f1o, \u00e9stos deber\u00e1n pagar por los gastos que se generen.<br \/>\n\u201cEstamos sacando una norma, para que a partir del pr\u00f3ximo a\u00f1o podamos aplicarla y no tengamos obst\u00e1culos, es que el municipio da \u00f3rdenes en territorio municipal pace\u00f1o para la construcci\u00f3n o movimiento de tierras, nosotros lo vamos a auxiliar, pero despu\u00e9s le vamos a pasar la factura a las personas de lo que significa ese costo, porque esto es costo en gasolina, en gente, en pagar horas extras (\u2026) es todo un tema de esfuerzo\u201d, adelant\u00f3 Arias.<\/p>\n","protected":false},"excerpt":{"rendered":"<p>Luego de inspeccionar el sector y conocer que construcciones ilegales, adem\u00e1s de la lluvia, provocaron que una mazamorra caiga el lunes en la zona Rosasani, del municipio de La Paz, el alcalde de la comuna, Iv\u00e1n Arias, manifest\u00f3 que es un tema que escapa de sus manos porque \u201cmunicipios vecinos dan \u00f3rdenes (de construcci\u00f3n) como [&hellip;]<\/p>\n","protected":false},"author":1,"featured_media":195673,"comment_status":"open","ping_status":"open","sticky":false,"template":"","format":"standard","meta":{"_acf_changed":false,"footnotes":""},"categories":[12],"tags":[],"class_list":["post-195672","post","type-post","status-publish","format-standard","has-post-thumbnail","category-nacional"],"acf":{"antetitulo":"Vecinos aseguran que la comuna hizo trabajos y dej\u00f3 escombros"},"yoast_head":"<!-- This site is optimized with the Yoast SEO plugin v28.4 - https:\/\/yoast.com\/product\/yoast-seo-wordpress\/ -->\n<title>Responsabilizan a loteadores por da\u00f1os en zona Rosasani - El Diario - Bolivia<\/title>\n<meta name=\"robots\" content=\"index, follow, max-snippet:-1, max-image-preview:large, max-video-preview:-1\" \/>\n<link rel=\"canonical\" href=\"https:\/\/www.eldiario.net\/portal\/2024\/01\/03\/responsabilizan-a-loteadores-por-danos-en-zona-rosasani\/\" \/>\n<meta property=\"og:locale\" content=\"es_ES\" \/>\n<meta property=\"og:type\" content=\"article\" \/>\n<meta property=\"og:title\" content=\"Responsabilizan a loteadores por da\u00f1os en zona Rosasani - El Diario - Bolivia\" \/>\n<meta property=\"og:description\" content=\"Luego de inspeccionar el sector y conocer que construcciones ilegales, adem\u00e1s de la lluvia, provocaron que una mazamorra caiga el lunes en la zona Rosasani, del municipio de La Paz, el alcalde de la comuna, Iv\u00e1n Arias, manifest\u00f3 que es un tema que escapa de sus manos porque \u201cmunicipios vecinos dan \u00f3rdenes (de construcci\u00f3n) como [&hellip;]\" \/>\n<meta property=\"og:url\" content=\"https:\/\/www.eldiario.net\/portal\/2024\/01\/03\/responsabilizan-a-loteadores-por-danos-en-zona-rosasani\/\" \/>\n<meta property=\"og:site_name\" content=\"El Diario - Bolivia\" \/>\n<meta property=\"article:publisher\" content=\"https:\/\/www.facebook.com\/eldiario.bolivia\/\" \/>\n<meta property=\"article:published_time\" content=\"2024-01-03T10:42:16+00:00\" \/>\n<meta property=\"og:image\" content=\"https:\/\/www.eldiario.net\/portal\/wp-content\/uploads\/2024\/01\/F-3-rosasani.jpg\" \/>\n\t<meta property=\"og:image:width\" content=\"1599\" \/>\n\t<meta property=\"og:image:height\" content=\"1066\" \/>\n\t<meta property=\"og:image:type\" content=\"image\/jpeg\" \/>\n<meta name=\"author\" content=\"Jeanette\" \/>\n<meta name=\"twitter:card\" content=\"summary_large_image\" \/>\n<meta name=\"twitter:creator\" content=\"@eldiario_net\" \/>\n<meta name=\"twitter:site\" content=\"@eldiario_net\" \/>\n<meta name=\"twitter:label1\" content=\"Escrito por\" \/>\n\t<meta name=\"twitter:data1\" content=\"Jeanette\" \/>\n\t<meta name=\"twitter:label2\" content=\"Tiempo de lectura\" \/>\n\t<meta name=\"twitter:data2\" content=\"3 minutos\" \/>\n<script type=\"application\/ld+json\" class=\"yoast-schema-graph\">{\"@context\":\"https:\\\/\\\/schema.org\",\"@graph\":[{\"@type\":\"Article\",\"@id\":\"https:\\\/\\\/www.eldiario.net\\\/portal\\\/2024\\\/01\\\/03\\\/responsabilizan-a-loteadores-por-danos-en-zona-rosasani\\\/#article\",\"isPartOf\":{\"@id\":\"https:\\\/\\\/www.eldiario.net\\\/portal\\\/2024\\\/01\\\/03\\\/responsabilizan-a-loteadores-por-danos-en-zona-rosasani\\\/\"},\"author\":{\"name\":\"Jeanette\",\"@id\":\"https:\\\/\\\/www.eldiario.net\\\/portal\\\/#\\\/schema\\\/person\\\/f46445640444750d7d753ccd04ae01b7\"},\"headline\":\"Responsabilizan a loteadores por da\u00f1os en zona Rosasani\",\"datePublished\":\"2024-01-03T10:42:16+00:00\",\"mainEntityOfPage\":{\"@id\":\"https:\\\/\\\/www.eldiario.net\\\/portal\\\/2024\\\/01\\\/03\\\/responsabilizan-a-loteadores-por-danos-en-zona-rosasani\\\/\"},\"wordCount\":559,\"commentCount\":0,\"publisher\":{\"@id\":\"https:\\\/\\\/www.eldiario.net\\\/portal\\\/#organization\"},\"image\":{\"@id\":\"https:\\\/\\\/www.eldiario.net\\\/portal\\\/2024\\\/01\\\/03\\\/responsabilizan-a-loteadores-por-danos-en-zona-rosasani\\\/#primaryimage\"},\"thumbnailUrl\":\"https:\\\/\\\/www.eldiario.net\\\/portal\\\/wp-content\\\/uploads\\\/2024\\\/01\\\/F-3-rosasani.jpg\",\"articleSection\":[\"Nacional\"],\"inLanguage\":\"es\",\"potentialAction\":[{\"@type\":\"CommentAction\",\"name\":\"Comment\",\"target\":[\"https:\\\/\\\/www.eldiario.net\\\/portal\\\/2024\\\/01\\\/03\\\/responsabilizan-a-loteadores-por-danos-en-zona-rosasani\\\/#respond\"]}]},{\"@type\":\"WebPage\",\"@id\":\"https:\\\/\\\/www.eldiario.net\\\/portal\\\/2024\\\/01\\\/03\\\/responsabilizan-a-loteadores-por-danos-en-zona-rosasani\\\/\",\"url\":\"https:\\\/\\\/www.eldiario.net\\\/portal\\\/2024\\\/01\\\/03\\\/responsabilizan-a-loteadores-por-danos-en-zona-rosasani\\\/\",\"name\":\"Responsabilizan a loteadores por da\u00f1os en zona Rosasani - El Diario - Bolivia\",\"isPartOf\":{\"@id\":\"https:\\\/\\\/www.eldiario.net\\\/portal\\\/#website\"},\"primaryImageOfPage\":{\"@id\":\"https:\\\/\\\/www.eldiario.net\\\/portal\\\/2024\\\/01\\\/03\\\/responsabilizan-a-loteadores-por-danos-en-zona-rosasani\\\/#primaryimage\"},\"image\":{\"@id\":\"https:\\\/\\\/www.eldiario.net\\\/portal\\\/2024\\\/01\\\/03\\\/responsabilizan-a-loteadores-por-danos-en-zona-rosasani\\\/#primaryimage\"},\"thumbnailUrl\":\"https:\\\/\\\/www.eldiario.net\\\/portal\\\/wp-content\\\/uploads\\\/2024\\\/01\\\/F-3-rosasani.jpg\",\"datePublished\":\"2024-01-03T10:42:16+00:00\",\"breadcrumb\":{\"@id\":\"https:\\\/\\\/www.eldiario.net\\\/portal\\\/2024\\\/01\\\/03\\\/responsabilizan-a-loteadores-por-danos-en-zona-rosasani\\\/#breadcrumb\"},\"inLanguage\":\"es\",\"potentialAction\":[{\"@type\":\"ReadAction\",\"target\":[\"https:\\\/\\\/www.eldiario.net\\\/portal\\\/2024\\\/01\\\/03\\\/responsabilizan-a-loteadores-por-danos-en-zona-rosasani\\\/\"]}]},{\"@type\":\"ImageObject\",\"inLanguage\":\"es\",\"@id\":\"https:\\\/\\\/www.eldiario.net\\\/portal\\\/2024\\\/01\\\/03\\\/responsabilizan-a-loteadores-por-danos-en-zona-rosasani\\\/#primaryimage\",\"url\":\"https:\\\/\\\/www.eldiario.net\\\/portal\\\/wp-content\\\/uploads\\\/2024\\\/01\\\/F-3-rosasani.jpg\",\"contentUrl\":\"https:\\\/\\\/www.eldiario.net\\\/portal\\\/wp-content\\\/uploads\\\/2024\\\/01\\\/F-3-rosasani.jpg\",\"width\":1599,\"height\":1066,\"caption\":\"Autoridades ediles durante la conferencia de prensa.\"},{\"@type\":\"BreadcrumbList\",\"@id\":\"https:\\\/\\\/www.eldiario.net\\\/portal\\\/2024\\\/01\\\/03\\\/responsabilizan-a-loteadores-por-danos-en-zona-rosasani\\\/#breadcrumb\",\"itemListElement\":[{\"@type\":\"ListItem\",\"position\":1,\"name\":\"Portada\",\"item\":\"https:\\\/\\\/www.eldiario.net\\\/portal\\\/\"},{\"@type\":\"ListItem\",\"position\":2,\"name\":\"Responsabilizan a loteadores por da\u00f1os en zona Rosasani\"}]},{\"@type\":\"WebSite\",\"@id\":\"https:\\\/\\\/www.eldiario.net\\\/portal\\\/#website\",\"url\":\"https:\\\/\\\/www.eldiario.net\\\/portal\\\/\",\"name\":\"El Diario - Decano de la prensa nacional\",\"description\":\"El Diario - Decano de la prensa nacional\",\"publisher\":{\"@id\":\"https:\\\/\\\/www.eldiario.net\\\/portal\\\/#organization\"},\"potentialAction\":[{\"@type\":\"SearchAction\",\"target\":{\"@type\":\"EntryPoint\",\"urlTemplate\":\"https:\\\/\\\/www.eldiario.net\\\/portal\\\/?s={search_term_string}\"},\"query-input\":{\"@type\":\"PropertyValueSpecification\",\"valueRequired\":true,\"valueName\":\"search_term_string\"}}],\"inLanguage\":\"es\"},{\"@type\":\"Organization\",\"@id\":\"https:\\\/\\\/www.eldiario.net\\\/portal\\\/#organization\",\"name\":\"El Diario - Decano de la prensa nacional\",\"url\":\"https:\\\/\\\/www.eldiario.net\\\/portal\\\/\",\"logo\":{\"@type\":\"ImageObject\",\"inLanguage\":\"es\",\"@id\":\"https:\\\/\\\/www.eldiario.net\\\/portal\\\/#\\\/schema\\\/logo\\\/image\\\/\",\"url\":\"https:\\\/\\\/www.eldiario.net\\\/portal\\\/wp-content\\\/uploads\\\/2023\\\/07\\\/logo_ED.jpg\",\"contentUrl\":\"https:\\\/\\\/www.eldiario.net\\\/portal\\\/wp-content\\\/uploads\\\/2023\\\/07\\\/logo_ED.jpg\",\"width\":272,\"height\":52,\"caption\":\"El Diario - Decano de la prensa nacional\"},\"image\":{\"@id\":\"https:\\\/\\\/www.eldiario.net\\\/portal\\\/#\\\/schema\\\/logo\\\/image\\\/\"},\"sameAs\":[\"https:\\\/\\\/www.facebook.com\\\/eldiario.bolivia\\\/\",\"https:\\\/\\\/x.com\\\/eldiario_net\"]},{\"@type\":\"Person\",\"@id\":\"https:\\\/\\\/www.eldiario.net\\\/portal\\\/#\\\/schema\\\/person\\\/f46445640444750d7d753ccd04ae01b7\",\"name\":\"Jeanette\",\"image\":{\"@type\":\"ImageObject\",\"inLanguage\":\"es\",\"@id\":\"https:\\\/\\\/secure.gravatar.com\\\/avatar\\\/3ea2118a5f7dad2b7138b1187a6b7ee55f160b9968b66013c3a3ef39dd7e5798?s=96&d=mm&r=g\",\"url\":\"https:\\\/\\\/secure.gravatar.com\\\/avatar\\\/3ea2118a5f7dad2b7138b1187a6b7ee55f160b9968b66013c3a3ef39dd7e5798?s=96&d=mm&r=g\",\"contentUrl\":\"https:\\\/\\\/secure.gravatar.com\\\/avatar\\\/3ea2118a5f7dad2b7138b1187a6b7ee55f160b9968b66013c3a3ef39dd7e5798?s=96&d=mm&r=g\",\"caption\":\"Jeanette\"},\"sameAs\":[\"https:\\\/\\\/www.eldiario.net\\\/portal\"],\"url\":\"https:\\\/\\\/www.eldiario.net\\\/portal\\\/author\\\/jeanette\\\/\"}]}<\/script>\n<!-- \/ Yoast SEO plugin. -->","yoast_head_json":{"title":"Responsabilizan a loteadores por da\u00f1os en zona Rosasani - El Diario - Bolivia","robots":{"index":"index","follow":"follow","max-snippet":"max-snippet:-1","max-image-preview":"max-image-preview:large","max-video-preview":"max-video-preview:-1"},"canonical":"https:\/\/www.eldiario.net\/portal\/2024\/01\/03\/responsabilizan-a-loteadores-por-danos-en-zona-rosasani\/","og_locale":"es_ES","og_type":"article","og_title":"Responsabilizan a loteadores por da\u00f1os en zona Rosasani - El Diario - Bolivia","og_description":"Luego de inspeccionar el sector y conocer que construcciones ilegales, adem\u00e1s de la lluvia, provocaron que una mazamorra caiga el lunes en la zona Rosasani, del municipio de La Paz, el alcalde de la comuna, Iv\u00e1n Arias, manifest\u00f3 que es un tema que escapa de sus manos porque \u201cmunicipios vecinos dan \u00f3rdenes (de construcci\u00f3n) como [&hellip;]","og_url":"https:\/\/www.eldiario.net\/portal\/2024\/01\/03\/responsabilizan-a-loteadores-por-danos-en-zona-rosasani\/","og_site_name":"El Diario - Bolivia","article_publisher":"https:\/\/www.facebook.com\/eldiario.bolivia\/","article_published_time":"2024-01-03T10:42:16+00:00","og_image":[{"width":1599,"height":1066,"url":"https:\/\/www.eldiario.net\/portal\/wp-content\/uploads\/2024\/01\/F-3-rosasani.jpg","type":"image\/jpeg"}],"author":"Jeanette","twitter_card":"summary_large_image","twitter_creator":"@eldiario_net","twitter_site":"@eldiario_net","twitter_misc":{"Escrito por":"Jeanette","Tiempo de lectura":"3 minutos"},"schema":{"@context":"https:\/\/schema.org","@graph":[{"@type":"Article","@id":"https:\/\/www.eldiario.net\/portal\/2024\/01\/03\/responsabilizan-a-loteadores-por-danos-en-zona-rosasani\/#article","isPartOf":{"@id":"https:\/\/www.eldiario.net\/portal\/2024\/01\/03\/responsabilizan-a-loteadores-por-danos-en-zona-rosasani\/"},"author":{"name":"Jeanette","@id":"https:\/\/www.eldiario.net\/portal\/#\/schema\/person\/f46445640444750d7d753ccd04ae01b7"},"headline":"Responsabilizan a loteadores por da\u00f1os en zona Rosasani","datePublished":"2024-01-03T10:42:16+00:00","mainEntityOfPage":{"@id":"https:\/\/www.eldiario.net\/portal\/2024\/01\/03\/responsabilizan-a-loteadores-por-danos-en-zona-rosasani\/"},"wordCount":559,"commentCount":0,"publisher":{"@id":"https:\/\/www.eldiario.net\/portal\/#organization"},"image":{"@id":"https:\/\/www.eldiario.net\/portal\/2024\/01\/03\/responsabilizan-a-loteadores-por-danos-en-zona-rosasani\/#primaryimage"},"thumbnailUrl":"https:\/\/www.eldiario.net\/portal\/wp-content\/uploads\/2024\/01\/F-3-rosasani.jpg","articleSection":["Nacional"],"inLanguage":"es","potentialAction":[{"@type":"CommentAction","name":"Comment","target":["https:\/\/www.eldiario.net\/portal\/2024\/01\/03\/responsabilizan-a-loteadores-por-danos-en-zona-rosasani\/#respond"]}]},{"@type":"WebPage","@id":"https:\/\/www.eldiario.net\/portal\/2024\/01\/03\/responsabilizan-a-loteadores-por-danos-en-zona-rosasani\/","url":"https:\/\/www.eldiario.net\/portal\/2024\/01\/03\/responsabilizan-a-loteadores-por-danos-en-zona-rosasani\/","name":"Responsabilizan a loteadores por da\u00f1os en zona Rosasani - El Diario - Bolivia","isPartOf":{"@id":"https:\/\/www.eldiario.net\/portal\/#website"},"primaryImageOfPage":{"@id":"https:\/\/www.eldiario.net\/portal\/2024\/01\/03\/responsabilizan-a-loteadores-por-danos-en-zona-rosasani\/#primaryimage"},"image":{"@id":"https:\/\/www.eldiario.net\/portal\/2024\/01\/03\/responsabilizan-a-loteadores-por-danos-en-zona-rosasani\/#primaryimage"},"thumbnailUrl":"https:\/\/www.eldiario.net\/portal\/wp-content\/uploads\/2024\/01\/F-3-rosasani.jpg","datePublished":"2024-01-03T10:42:16+00:00","breadcrumb":{"@id":"https:\/\/www.eldiario.net\/portal\/2024\/01\/03\/responsabilizan-a-loteadores-por-danos-en-zona-rosasani\/#breadcrumb"},"inLanguage":"es","potentialAction":[{"@type":"ReadAction","target":["https:\/\/www.eldiario.net\/portal\/2024\/01\/03\/responsabilizan-a-loteadores-por-danos-en-zona-rosasani\/"]}]},{"@type":"ImageObject","inLanguage":"es","@id":"https:\/\/www.eldiario.net\/portal\/2024\/01\/03\/responsabilizan-a-loteadores-por-danos-en-zona-rosasani\/#primaryimage","url":"https:\/\/www.eldiario.net\/portal\/wp-content\/uploads\/2024\/01\/F-3-rosasani.jpg","contentUrl":"https:\/\/www.eldiario.net\/portal\/wp-content\/uploads\/2024\/01\/F-3-rosasani.jpg","width":1599,"height":1066,"caption":"Autoridades ediles durante la conferencia de prensa."},{"@type":"BreadcrumbList","@id":"https:\/\/www.eldiario.net\/portal\/2024\/01\/03\/responsabilizan-a-loteadores-por-danos-en-zona-rosasani\/#breadcrumb","itemListElement":[{"@type":"ListItem","position":1,"name":"Portada","item":"https:\/\/www.eldiario.net\/portal\/"},{"@type":"ListItem","position":2,"name":"Responsabilizan a loteadores por da\u00f1os en zona Rosasani"}]},{"@type":"WebSite","@id":"https:\/\/www.eldiario.net\/portal\/#website","url":"https:\/\/www.eldiario.net\/portal\/","name":"El Diario - Decano de la prensa nacional","description":"El Diario - Decano de la prensa nacional","publisher":{"@id":"https:\/\/www.eldiario.net\/portal\/#organization"},"potentialAction":[{"@type":"SearchAction","target":{"@type":"EntryPoint","urlTemplate":"https:\/\/www.eldiario.net\/portal\/?s={search_term_string}"},"query-input":{"@type":"PropertyValueSpecification","valueRequired":true,"valueName":"search_term_string"}}],"inLanguage":"es"},{"@type":"Organization","@id":"https:\/\/www.eldiario.net\/portal\/#organization","name":"El Diario - Decano de la prensa nacional","url":"https:\/\/www.eldiario.net\/portal\/","logo":{"@type":"ImageObject","inLanguage":"es","@id":"https:\/\/www.eldiario.net\/portal\/#\/schema\/logo\/image\/","url":"https:\/\/www.eldiario.net\/portal\/wp-content\/uploads\/2023\/07\/logo_ED.jpg","contentUrl":"https:\/\/www.eldiario.net\/portal\/wp-content\/uploads\/2023\/07\/logo_ED.jpg","width":272,"height":52,"caption":"El Diario - Decano de la prensa nacional"},"image":{"@id":"https:\/\/www.eldiario.net\/portal\/#\/schema\/logo\/image\/"},"sameAs":["https:\/\/www.facebook.com\/eldiario.bolivia\/","https:\/\/x.com\/eldiario_net"]},{"@type":"Person","@id":"https:\/\/www.eldiario.net\/portal\/#\/schema\/person\/f46445640444750d7d753ccd04ae01b7","name":"Jeanette","image":{"@type":"ImageObject","inLanguage":"es","@id":"https:\/\/secure.gravatar.com\/avatar\/3ea2118a5f7dad2b7138b1187a6b7ee55f160b9968b66013c3a3ef39dd7e5798?s=96&d=mm&r=g","url":"https:\/\/secure.gravatar.com\/avatar\/3ea2118a5f7dad2b7138b1187a6b7ee55f160b9968b66013c3a3ef39dd7e5798?s=96&d=mm&r=g","contentUrl":"https:\/\/secure.gravatar.com\/avatar\/3ea2118a5f7dad2b7138b1187a6b7ee55f160b9968b66013c3a3ef39dd7e5798?s=96&d=mm&r=g","caption":"Jeanette"},"sameAs":["https:\/\/www.eldiario.net\/portal"],"url":"https:\/\/www.eldiario.net\/portal\/author\/jeanette\/"}]}},"_links":{"self":[{"href":"https:\/\/www.eldiario.net\/portal\/wp-json\/wp\/v2\/posts\/195672","targetHints":{"allow":["GET"]}}],"collection":[{"href":"https:\/\/www.eldiario.net\/portal\/wp-json\/wp\/v2\/posts"}],"about":[{"href":"https:\/\/www.eldiario.net\/portal\/wp-json\/wp\/v2\/types\/post"}],"author":[{"embeddable":true,"href":"https:\/\/www.eldiario.net\/portal\/wp-json\/wp\/v2\/users\/1"}],"replies":[{"embeddable":true,"href":"https:\/\/www.eldiario.net\/portal\/wp-json\/wp\/v2\/comments?post=195672"}],"version-history":[{"count":1,"href":"https:\/\/www.eldiario.net\/portal\/wp-json\/wp\/v2\/posts\/195672\/revisions"}],"predecessor-version":[{"id":195674,"href":"https:\/\/www.eldiario.net\/portal\/wp-json\/wp\/v2\/posts\/195672\/revisions\/195674"}],"wp:featuredmedia":[{"embeddable":true,"href":"https:\/\/www.eldiario.net\/portal\/wp-json\/wp\/v2\/media\/195673"}],"wp:attachment":[{"href":"https:\/\/www.eldiario.net\/portal\/wp-json\/wp\/v2\/media?parent=195672"}],"wp:term":[{"taxonomy":"category","embeddable":true,"href":"https:\/\/www.eldiario.net\/portal\/wp-json\/wp\/v2\/categories?post=195672"},{"taxonomy":"post_tag","embeddable":true,"href":"https:\/\/www.eldiario.net\/portal\/wp-json\/wp\/v2\/tags?post=195672"}],"curies":[{"name":"wp","href":"https:\/\/api.w.org\/{rel}","templated":true}]}}