{"id":195670,"date":"2024-01-03T06:41:20","date_gmt":"2024-01-03T10:41:20","guid":{"rendered":"https:\/\/www.eldiario.net\/portal\/?p=195670"},"modified":"2024-01-03T06:41:20","modified_gmt":"2024-01-03T10:41:20","slug":"incrementan-en-128-casos-de-covid-19-y-detectan-variante-jn-1","status":"publish","type":"post","link":"https:\/\/www.eldiario.net\/portal\/2024\/01\/03\/incrementan-en-128-casos-de-covid-19-y-detectan-variante-jn-1\/","title":{"rendered":"Incrementan en 128% casos de covid-19 y detectan variante JN.1"},"content":{"rendered":"<p>De acuerdo con el informe de la ministra de Salud y Deportes, Mar\u00eda Ren\u00e9e Castro, la cantidad de casos de covid-19 se increment\u00f3 en la \u00faltima semana epidemiol\u00f3gica de 2023 y lleg\u00f3 a 1.933 infectados, lo que represent\u00f3 128% m\u00e1s respecto a la pen\u00faltima semana de diciembre, cuando se reportaron 847. Adem\u00e1s, en Santa Cruz se detect\u00f3 la variante JN.1.<br \/>\n\u201cHemos tenido un incremento en el n\u00famero de casos, un total de 1.933 en la semana epidemiol\u00f3gica 52. Si nosotros comparamos con la semana epidemiol\u00f3gica anterior, la 51, hemos tenido 1.086 casos m\u00e1s que la anterior semana, con un 128% de incremento\u201d, detall\u00f3 la autoridad gubernamental.<br \/>\nAsimismo, indic\u00f3 que la detecci\u00f3n de la nueva variante es resultado del monitoreo del Instituto Nacional de Laboratorios de Salud (Inlasa), en un trabajo coordinado con el Centro Nacional de Enfermedades Tropicales (Cenetrop).<br \/>\nDel total de casos, en Santa Cruz se encuentra el mayor n\u00famero de infectados con 888 casos; Cochabamba, 538; La Paz, 280; Oruro, 60; Beni, 55; Chuquisaca, 41; Tarija, 40; Potos\u00ed, 24; y Pando,7. Los tres adultos mayores que fallecieron a causa del Sars-CoV-2, reportados en la semana epidemiol\u00f3gica 51 y 52, en Santa Cruz, ten\u00edan enfermedades cr\u00f3nicas.<br \/>\nSeg\u00fan Castro, este aumento de casos covid-19, como sucedi\u00f3 a finales de 2022 e inicios de 2023, se mantendr\u00e1 por lo menos durante los siguientes dos meses.<br \/>\nApunt\u00f3 que \u201cde la \u00faltima librer\u00eda que tenemos secuenciada y que corresponde a Santa Cruz, espec\u00edficamente, la siguiente semana va a salir de los dem\u00e1s departamentos, nosotros tenemos ya un caso de la variante JN.1 que ser\u00eda la BA.2.86 en nuestro pa\u00eds\u201d.<br \/>\nSe trata de una mujer de 39 a\u00f1os que reside en Santa Cruz y que dio positivo a covid-19. La muestra fue tomada el mes de diciembre.<br \/>\nLa ministra recomend\u00f3 mantener las medidas de bioseguridad y vacunarse con el \u00faltimo lote de vacunas Pfizer, que lleg\u00f3 a trav\u00e9s del mecanismo Covax.<br \/>\nA la fecha, ya se suministraron 9.011 vacunas entre primeras, segundas y tercera dosis y tambi\u00e9n la dosis anual, por lo que la vacunaci\u00f3n acumulada lleg\u00f3 a 16.163.264 dosis aplicadas.<br \/>\nMUERTE DE EXMINISTRO<br \/>\nLa ma\u00f1ana de ayer, aquejado de covid-19, falleci\u00f3 el exviceministro de Educaci\u00f3n Alternativa y actual director de la Organizaci\u00f3n de Estados Iberoamericanos para la Educaci\u00f3n, la Ciencia y la Cultura (OEI), Noel Aguirre Ledezma.<br \/>\nAutoridades del Estado como el presidente del pa\u00eds, Luis Arce Catacora, expresaron su pesar por la p\u00e9rdida e hicieron llegar sus condolencias a la familia.<br \/>\n\u201cRecibimos con mucha tristeza la noticia del fallecimiento del hermano Noel Aguirre, un gran profesional y compa\u00f1ero de lucha comprometido con las causas justas y que aport\u00f3 mucho al Proceso de Cambio y a la educaci\u00f3n boliviana. Enviamos nuestro sentido p\u00e9same a su familia y seres queridos\u201d, escribi\u00f3 en sus redes sociales, el mandatario.<br \/>\nTambi\u00e9n se expresaron activistas, pedagogos y otras personalidades que conocieron a la exautoridad en sus diferentes facetas.<br \/>\n\u201cHermano del alma, amigo, maestro, activista permanente por el derecho a la educaci\u00f3n, gracias por tanto, Bolivia te debe mucho, por tu compromiso social y lucha por la justicia y equidad me quedo con tus charlas, recomendaciones y afectos. Hasta siempre hermano querido, vuela alto, estar\u00e1s en nuestros corazones eternamente\u201d, escribi\u00f3 el activista por los derechos Lgbti, David Aruquipa.<br \/>\nAguirre naci\u00f3 en la mina San Jos\u00e9, del departamento de Oruro. Fue profesor de matem\u00e1tica del nivel Secundario, economista, Licenciado en Ciencias de la Educaci\u00f3n y Especializado en Planificaci\u00f3n Estrat\u00e9gica y Desarrollo Organizacional; desempe\u00f1\u00f3 funciones como profesor en distintas unidades educativas de Bolivia.<\/p>\n","protected":false},"excerpt":{"rendered":"<p>De acuerdo con el informe de la ministra de Salud y Deportes, Mar\u00eda Ren\u00e9e Castro, la cantidad de casos de covid-19 se increment\u00f3 en la \u00faltima semana epidemiol\u00f3gica de 2023 y lleg\u00f3 a 1.933 infectados, lo que represent\u00f3 128% m\u00e1s respecto a la pen\u00faltima semana de diciembre, cuando se reportaron 847. Adem\u00e1s, en Santa Cruz [&hellip;]<\/p>\n","protected":false},"author":1,"featured_media":194726,"comment_status":"open","ping_status":"open","sticky":false,"template":"","format":"standard","meta":{"_acf_changed":false,"footnotes":""},"categories":[12],"tags":[],"class_list":["post-195670","post","type-post","status-publish","format-standard","has-post-thumbnail","category-nacional"],"acf":{"antetitulo":"Por secuelas de coronavirus; fallece exviceministro Noel Aguirre"},"yoast_head":"<!-- This site is optimized with the Yoast SEO plugin v28.4 - https:\/\/yoast.com\/product\/yoast-seo-wordpress\/ -->\n<title>Incrementan en 128% casos de covid-19 y detectan variante JN.1 - El Diario - Bolivia<\/title>\n<meta name=\"robots\" content=\"index, follow, max-snippet:-1, max-image-preview:large, max-video-preview:-1\" \/>\n<link rel=\"canonical\" href=\"https:\/\/www.eldiario.net\/portal\/2024\/01\/03\/incrementan-en-128-casos-de-covid-19-y-detectan-variante-jn-1\/\" \/>\n<meta property=\"og:locale\" content=\"es_ES\" \/>\n<meta property=\"og:type\" content=\"article\" \/>\n<meta property=\"og:title\" content=\"Incrementan en 128% casos de covid-19 y detectan variante JN.1 - El Diario - Bolivia\" \/>\n<meta property=\"og:description\" content=\"De acuerdo con el informe de la ministra de Salud y Deportes, Mar\u00eda Ren\u00e9e Castro, la cantidad de casos de covid-19 se increment\u00f3 en la \u00faltima semana epidemiol\u00f3gica de 2023 y lleg\u00f3 a 1.933 infectados, lo que represent\u00f3 128% m\u00e1s respecto a la pen\u00faltima semana de diciembre, cuando se reportaron 847. Adem\u00e1s, en Santa Cruz [&hellip;]\" \/>\n<meta property=\"og:url\" content=\"https:\/\/www.eldiario.net\/portal\/2024\/01\/03\/incrementan-en-128-casos-de-covid-19-y-detectan-variante-jn-1\/\" \/>\n<meta property=\"og:site_name\" content=\"El Diario - Bolivia\" \/>\n<meta property=\"article:publisher\" content=\"https:\/\/www.facebook.com\/eldiario.bolivia\/\" \/>\n<meta property=\"article:published_time\" content=\"2024-01-03T10:41:20+00:00\" \/>\n<meta property=\"og:image\" content=\"https:\/\/www.eldiario.net\/portal\/wp-content\/uploads\/2023\/12\/Nacional.jpg\" \/>\n\t<meta property=\"og:image:width\" content=\"800\" \/>\n\t<meta property=\"og:image:height\" content=\"500\" \/>\n\t<meta property=\"og:image:type\" content=\"image\/jpeg\" \/>\n<meta name=\"author\" content=\"Jeanette\" \/>\n<meta name=\"twitter:card\" content=\"summary_large_image\" \/>\n<meta name=\"twitter:creator\" content=\"@eldiario_net\" \/>\n<meta name=\"twitter:site\" content=\"@eldiario_net\" \/>\n<meta name=\"twitter:label1\" content=\"Escrito por\" \/>\n\t<meta name=\"twitter:data1\" content=\"Jeanette\" \/>\n\t<meta name=\"twitter:label2\" content=\"Tiempo de lectura\" \/>\n\t<meta name=\"twitter:data2\" content=\"3 minutos\" \/>\n<script type=\"application\/ld+json\" class=\"yoast-schema-graph\">{\"@context\":\"https:\\\/\\\/schema.org\",\"@graph\":[{\"@type\":\"Article\",\"@id\":\"https:\\\/\\\/www.eldiario.net\\\/portal\\\/2024\\\/01\\\/03\\\/incrementan-en-128-casos-de-covid-19-y-detectan-variante-jn-1\\\/#article\",\"isPartOf\":{\"@id\":\"https:\\\/\\\/www.eldiario.net\\\/portal\\\/2024\\\/01\\\/03\\\/incrementan-en-128-casos-de-covid-19-y-detectan-variante-jn-1\\\/\"},\"author\":{\"name\":\"Jeanette\",\"@id\":\"https:\\\/\\\/www.eldiario.net\\\/portal\\\/#\\\/schema\\\/person\\\/f46445640444750d7d753ccd04ae01b7\"},\"headline\":\"Incrementan en 128% casos de covid-19 y detectan variante JN.1\",\"datePublished\":\"2024-01-03T10:41:20+00:00\",\"mainEntityOfPage\":{\"@id\":\"https:\\\/\\\/www.eldiario.net\\\/portal\\\/2024\\\/01\\\/03\\\/incrementan-en-128-casos-de-covid-19-y-detectan-variante-jn-1\\\/\"},\"wordCount\":608,\"commentCount\":0,\"publisher\":{\"@id\":\"https:\\\/\\\/www.eldiario.net\\\/portal\\\/#organization\"},\"image\":{\"@id\":\"https:\\\/\\\/www.eldiario.net\\\/portal\\\/2024\\\/01\\\/03\\\/incrementan-en-128-casos-de-covid-19-y-detectan-variante-jn-1\\\/#primaryimage\"},\"thumbnailUrl\":\"https:\\\/\\\/www.eldiario.net\\\/portal\\\/wp-content\\\/uploads\\\/2023\\\/12\\\/Nacional.jpg\",\"articleSection\":[\"Nacional\"],\"inLanguage\":\"es\",\"potentialAction\":[{\"@type\":\"CommentAction\",\"name\":\"Comment\",\"target\":[\"https:\\\/\\\/www.eldiario.net\\\/portal\\\/2024\\\/01\\\/03\\\/incrementan-en-128-casos-de-covid-19-y-detectan-variante-jn-1\\\/#respond\"]}]},{\"@type\":\"WebPage\",\"@id\":\"https:\\\/\\\/www.eldiario.net\\\/portal\\\/2024\\\/01\\\/03\\\/incrementan-en-128-casos-de-covid-19-y-detectan-variante-jn-1\\\/\",\"url\":\"https:\\\/\\\/www.eldiario.net\\\/portal\\\/2024\\\/01\\\/03\\\/incrementan-en-128-casos-de-covid-19-y-detectan-variante-jn-1\\\/\",\"name\":\"Incrementan en 128% casos de covid-19 y detectan variante JN.1 - El Diario - Bolivia\",\"isPartOf\":{\"@id\":\"https:\\\/\\\/www.eldiario.net\\\/portal\\\/#website\"},\"primaryImageOfPage\":{\"@id\":\"https:\\\/\\\/www.eldiario.net\\\/portal\\\/2024\\\/01\\\/03\\\/incrementan-en-128-casos-de-covid-19-y-detectan-variante-jn-1\\\/#primaryimage\"},\"image\":{\"@id\":\"https:\\\/\\\/www.eldiario.net\\\/portal\\\/2024\\\/01\\\/03\\\/incrementan-en-128-casos-de-covid-19-y-detectan-variante-jn-1\\\/#primaryimage\"},\"thumbnailUrl\":\"https:\\\/\\\/www.eldiario.net\\\/portal\\\/wp-content\\\/uploads\\\/2023\\\/12\\\/Nacional.jpg\",\"datePublished\":\"2024-01-03T10:41:20+00:00\",\"breadcrumb\":{\"@id\":\"https:\\\/\\\/www.eldiario.net\\\/portal\\\/2024\\\/01\\\/03\\\/incrementan-en-128-casos-de-covid-19-y-detectan-variante-jn-1\\\/#breadcrumb\"},\"inLanguage\":\"es\",\"potentialAction\":[{\"@type\":\"ReadAction\",\"target\":[\"https:\\\/\\\/www.eldiario.net\\\/portal\\\/2024\\\/01\\\/03\\\/incrementan-en-128-casos-de-covid-19-y-detectan-variante-jn-1\\\/\"]}]},{\"@type\":\"ImageObject\",\"inLanguage\":\"es\",\"@id\":\"https:\\\/\\\/www.eldiario.net\\\/portal\\\/2024\\\/01\\\/03\\\/incrementan-en-128-casos-de-covid-19-y-detectan-variante-jn-1\\\/#primaryimage\",\"url\":\"https:\\\/\\\/www.eldiario.net\\\/portal\\\/wp-content\\\/uploads\\\/2023\\\/12\\\/Nacional.jpg\",\"contentUrl\":\"https:\\\/\\\/www.eldiario.net\\\/portal\\\/wp-content\\\/uploads\\\/2023\\\/12\\\/Nacional.jpg\",\"width\":800,\"height\":500},{\"@type\":\"BreadcrumbList\",\"@id\":\"https:\\\/\\\/www.eldiario.net\\\/portal\\\/2024\\\/01\\\/03\\\/incrementan-en-128-casos-de-covid-19-y-detectan-variante-jn-1\\\/#breadcrumb\",\"itemListElement\":[{\"@type\":\"ListItem\",\"position\":1,\"name\":\"Portada\",\"item\":\"https:\\\/\\\/www.eldiario.net\\\/portal\\\/\"},{\"@type\":\"ListItem\",\"position\":2,\"name\":\"Incrementan en 128% casos de covid-19 y detectan variante JN.1\"}]},{\"@type\":\"WebSite\",\"@id\":\"https:\\\/\\\/www.eldiario.net\\\/portal\\\/#website\",\"url\":\"https:\\\/\\\/www.eldiario.net\\\/portal\\\/\",\"name\":\"El Diario - Decano de la prensa nacional\",\"description\":\"El Diario - Decano de la prensa nacional\",\"publisher\":{\"@id\":\"https:\\\/\\\/www.eldiario.net\\\/portal\\\/#organization\"},\"potentialAction\":[{\"@type\":\"SearchAction\",\"target\":{\"@type\":\"EntryPoint\",\"urlTemplate\":\"https:\\\/\\\/www.eldiario.net\\\/portal\\\/?s={search_term_string}\"},\"query-input\":{\"@type\":\"PropertyValueSpecification\",\"valueRequired\":true,\"valueName\":\"search_term_string\"}}],\"inLanguage\":\"es\"},{\"@type\":\"Organization\",\"@id\":\"https:\\\/\\\/www.eldiario.net\\\/portal\\\/#organization\",\"name\":\"El Diario - Decano de la prensa nacional\",\"url\":\"https:\\\/\\\/www.eldiario.net\\\/portal\\\/\",\"logo\":{\"@type\":\"ImageObject\",\"inLanguage\":\"es\",\"@id\":\"https:\\\/\\\/www.eldiario.net\\\/portal\\\/#\\\/schema\\\/logo\\\/image\\\/\",\"url\":\"https:\\\/\\\/www.eldiario.net\\\/portal\\\/wp-content\\\/uploads\\\/2023\\\/07\\\/logo_ED.jpg\",\"contentUrl\":\"https:\\\/\\\/www.eldiario.net\\\/portal\\\/wp-content\\\/uploads\\\/2023\\\/07\\\/logo_ED.jpg\",\"width\":272,\"height\":52,\"caption\":\"El Diario - Decano de la prensa nacional\"},\"image\":{\"@id\":\"https:\\\/\\\/www.eldiario.net\\\/portal\\\/#\\\/schema\\\/logo\\\/image\\\/\"},\"sameAs\":[\"https:\\\/\\\/www.facebook.com\\\/eldiario.bolivia\\\/\",\"https:\\\/\\\/x.com\\\/eldiario_net\"]},{\"@type\":\"Person\",\"@id\":\"https:\\\/\\\/www.eldiario.net\\\/portal\\\/#\\\/schema\\\/person\\\/f46445640444750d7d753ccd04ae01b7\",\"name\":\"Jeanette\",\"image\":{\"@type\":\"ImageObject\",\"inLanguage\":\"es\",\"@id\":\"https:\\\/\\\/secure.gravatar.com\\\/avatar\\\/3ea2118a5f7dad2b7138b1187a6b7ee55f160b9968b66013c3a3ef39dd7e5798?s=96&d=mm&r=g\",\"url\":\"https:\\\/\\\/secure.gravatar.com\\\/avatar\\\/3ea2118a5f7dad2b7138b1187a6b7ee55f160b9968b66013c3a3ef39dd7e5798?s=96&d=mm&r=g\",\"contentUrl\":\"https:\\\/\\\/secure.gravatar.com\\\/avatar\\\/3ea2118a5f7dad2b7138b1187a6b7ee55f160b9968b66013c3a3ef39dd7e5798?s=96&d=mm&r=g\",\"caption\":\"Jeanette\"},\"sameAs\":[\"https:\\\/\\\/www.eldiario.net\\\/portal\"],\"url\":\"https:\\\/\\\/www.eldiario.net\\\/portal\\\/author\\\/jeanette\\\/\"}]}<\/script>\n<!-- \/ Yoast SEO plugin. -->","yoast_head_json":{"title":"Incrementan en 128% casos de covid-19 y detectan variante JN.1 - El Diario - Bolivia","robots":{"index":"index","follow":"follow","max-snippet":"max-snippet:-1","max-image-preview":"max-image-preview:large","max-video-preview":"max-video-preview:-1"},"canonical":"https:\/\/www.eldiario.net\/portal\/2024\/01\/03\/incrementan-en-128-casos-de-covid-19-y-detectan-variante-jn-1\/","og_locale":"es_ES","og_type":"article","og_title":"Incrementan en 128% casos de covid-19 y detectan variante JN.1 - El Diario - Bolivia","og_description":"De acuerdo con el informe de la ministra de Salud y Deportes, Mar\u00eda Ren\u00e9e Castro, la cantidad de casos de covid-19 se increment\u00f3 en la \u00faltima semana epidemiol\u00f3gica de 2023 y lleg\u00f3 a 1.933 infectados, lo que represent\u00f3 128% m\u00e1s respecto a la pen\u00faltima semana de diciembre, cuando se reportaron 847. Adem\u00e1s, en Santa Cruz [&hellip;]","og_url":"https:\/\/www.eldiario.net\/portal\/2024\/01\/03\/incrementan-en-128-casos-de-covid-19-y-detectan-variante-jn-1\/","og_site_name":"El Diario - Bolivia","article_publisher":"https:\/\/www.facebook.com\/eldiario.bolivia\/","article_published_time":"2024-01-03T10:41:20+00:00","og_image":[{"width":800,"height":500,"url":"https:\/\/www.eldiario.net\/portal\/wp-content\/uploads\/2023\/12\/Nacional.jpg","type":"image\/jpeg"}],"author":"Jeanette","twitter_card":"summary_large_image","twitter_creator":"@eldiario_net","twitter_site":"@eldiario_net","twitter_misc":{"Escrito por":"Jeanette","Tiempo de lectura":"3 minutos"},"schema":{"@context":"https:\/\/schema.org","@graph":[{"@type":"Article","@id":"https:\/\/www.eldiario.net\/portal\/2024\/01\/03\/incrementan-en-128-casos-de-covid-19-y-detectan-variante-jn-1\/#article","isPartOf":{"@id":"https:\/\/www.eldiario.net\/portal\/2024\/01\/03\/incrementan-en-128-casos-de-covid-19-y-detectan-variante-jn-1\/"},"author":{"name":"Jeanette","@id":"https:\/\/www.eldiario.net\/portal\/#\/schema\/person\/f46445640444750d7d753ccd04ae01b7"},"headline":"Incrementan en 128% casos de covid-19 y detectan variante JN.1","datePublished":"2024-01-03T10:41:20+00:00","mainEntityOfPage":{"@id":"https:\/\/www.eldiario.net\/portal\/2024\/01\/03\/incrementan-en-128-casos-de-covid-19-y-detectan-variante-jn-1\/"},"wordCount":608,"commentCount":0,"publisher":{"@id":"https:\/\/www.eldiario.net\/portal\/#organization"},"image":{"@id":"https:\/\/www.eldiario.net\/portal\/2024\/01\/03\/incrementan-en-128-casos-de-covid-19-y-detectan-variante-jn-1\/#primaryimage"},"thumbnailUrl":"https:\/\/www.eldiario.net\/portal\/wp-content\/uploads\/2023\/12\/Nacional.jpg","articleSection":["Nacional"],"inLanguage":"es","potentialAction":[{"@type":"CommentAction","name":"Comment","target":["https:\/\/www.eldiario.net\/portal\/2024\/01\/03\/incrementan-en-128-casos-de-covid-19-y-detectan-variante-jn-1\/#respond"]}]},{"@type":"WebPage","@id":"https:\/\/www.eldiario.net\/portal\/2024\/01\/03\/incrementan-en-128-casos-de-covid-19-y-detectan-variante-jn-1\/","url":"https:\/\/www.eldiario.net\/portal\/2024\/01\/03\/incrementan-en-128-casos-de-covid-19-y-detectan-variante-jn-1\/","name":"Incrementan en 128% casos de covid-19 y detectan variante JN.1 - El Diario - Bolivia","isPartOf":{"@id":"https:\/\/www.eldiario.net\/portal\/#website"},"primaryImageOfPage":{"@id":"https:\/\/www.eldiario.net\/portal\/2024\/01\/03\/incrementan-en-128-casos-de-covid-19-y-detectan-variante-jn-1\/#primaryimage"},"image":{"@id":"https:\/\/www.eldiario.net\/portal\/2024\/01\/03\/incrementan-en-128-casos-de-covid-19-y-detectan-variante-jn-1\/#primaryimage"},"thumbnailUrl":"https:\/\/www.eldiario.net\/portal\/wp-content\/uploads\/2023\/12\/Nacional.jpg","datePublished":"2024-01-03T10:41:20+00:00","breadcrumb":{"@id":"https:\/\/www.eldiario.net\/portal\/2024\/01\/03\/incrementan-en-128-casos-de-covid-19-y-detectan-variante-jn-1\/#breadcrumb"},"inLanguage":"es","potentialAction":[{"@type":"ReadAction","target":["https:\/\/www.eldiario.net\/portal\/2024\/01\/03\/incrementan-en-128-casos-de-covid-19-y-detectan-variante-jn-1\/"]}]},{"@type":"ImageObject","inLanguage":"es","@id":"https:\/\/www.eldiario.net\/portal\/2024\/01\/03\/incrementan-en-128-casos-de-covid-19-y-detectan-variante-jn-1\/#primaryimage","url":"https:\/\/www.eldiario.net\/portal\/wp-content\/uploads\/2023\/12\/Nacional.jpg","contentUrl":"https:\/\/www.eldiario.net\/portal\/wp-content\/uploads\/2023\/12\/Nacional.jpg","width":800,"height":500},{"@type":"BreadcrumbList","@id":"https:\/\/www.eldiario.net\/portal\/2024\/01\/03\/incrementan-en-128-casos-de-covid-19-y-detectan-variante-jn-1\/#breadcrumb","itemListElement":[{"@type":"ListItem","position":1,"name":"Portada","item":"https:\/\/www.eldiario.net\/portal\/"},{"@type":"ListItem","position":2,"name":"Incrementan en 128% casos de covid-19 y detectan variante JN.1"}]},{"@type":"WebSite","@id":"https:\/\/www.eldiario.net\/portal\/#website","url":"https:\/\/www.eldiario.net\/portal\/","name":"El Diario - Decano de la prensa nacional","description":"El Diario - Decano de la prensa nacional","publisher":{"@id":"https:\/\/www.eldiario.net\/portal\/#organization"},"potentialAction":[{"@type":"SearchAction","target":{"@type":"EntryPoint","urlTemplate":"https:\/\/www.eldiario.net\/portal\/?s={search_term_string}"},"query-input":{"@type":"PropertyValueSpecification","valueRequired":true,"valueName":"search_term_string"}}],"inLanguage":"es"},{"@type":"Organization","@id":"https:\/\/www.eldiario.net\/portal\/#organization","name":"El Diario - Decano de la prensa nacional","url":"https:\/\/www.eldiario.net\/portal\/","logo":{"@type":"ImageObject","inLanguage":"es","@id":"https:\/\/www.eldiario.net\/portal\/#\/schema\/logo\/image\/","url":"https:\/\/www.eldiario.net\/portal\/wp-content\/uploads\/2023\/07\/logo_ED.jpg","contentUrl":"https:\/\/www.eldiario.net\/portal\/wp-content\/uploads\/2023\/07\/logo_ED.jpg","width":272,"height":52,"caption":"El Diario - Decano de la prensa nacional"},"image":{"@id":"https:\/\/www.eldiario.net\/portal\/#\/schema\/logo\/image\/"},"sameAs":["https:\/\/www.facebook.com\/eldiario.bolivia\/","https:\/\/x.com\/eldiario_net"]},{"@type":"Person","@id":"https:\/\/www.eldiario.net\/portal\/#\/schema\/person\/f46445640444750d7d753ccd04ae01b7","name":"Jeanette","image":{"@type":"ImageObject","inLanguage":"es","@id":"https:\/\/secure.gravatar.com\/avatar\/3ea2118a5f7dad2b7138b1187a6b7ee55f160b9968b66013c3a3ef39dd7e5798?s=96&d=mm&r=g","url":"https:\/\/secure.gravatar.com\/avatar\/3ea2118a5f7dad2b7138b1187a6b7ee55f160b9968b66013c3a3ef39dd7e5798?s=96&d=mm&r=g","contentUrl":"https:\/\/secure.gravatar.com\/avatar\/3ea2118a5f7dad2b7138b1187a6b7ee55f160b9968b66013c3a3ef39dd7e5798?s=96&d=mm&r=g","caption":"Jeanette"},"sameAs":["https:\/\/www.eldiario.net\/portal"],"url":"https:\/\/www.eldiario.net\/portal\/author\/jeanette\/"}]}},"_links":{"self":[{"href":"https:\/\/www.eldiario.net\/portal\/wp-json\/wp\/v2\/posts\/195670","targetHints":{"allow":["GET"]}}],"collection":[{"href":"https:\/\/www.eldiario.net\/portal\/wp-json\/wp\/v2\/posts"}],"about":[{"href":"https:\/\/www.eldiario.net\/portal\/wp-json\/wp\/v2\/types\/post"}],"author":[{"embeddable":true,"href":"https:\/\/www.eldiario.net\/portal\/wp-json\/wp\/v2\/users\/1"}],"replies":[{"embeddable":true,"href":"https:\/\/www.eldiario.net\/portal\/wp-json\/wp\/v2\/comments?post=195670"}],"version-history":[{"count":1,"href":"https:\/\/www.eldiario.net\/portal\/wp-json\/wp\/v2\/posts\/195670\/revisions"}],"predecessor-version":[{"id":195671,"href":"https:\/\/www.eldiario.net\/portal\/wp-json\/wp\/v2\/posts\/195670\/revisions\/195671"}],"wp:featuredmedia":[{"embeddable":true,"href":"https:\/\/www.eldiario.net\/portal\/wp-json\/wp\/v2\/media\/194726"}],"wp:attachment":[{"href":"https:\/\/www.eldiario.net\/portal\/wp-json\/wp\/v2\/media?parent=195670"}],"wp:term":[{"taxonomy":"category","embeddable":true,"href":"https:\/\/www.eldiario.net\/portal\/wp-json\/wp\/v2\/categories?post=195670"},{"taxonomy":"post_tag","embeddable":true,"href":"https:\/\/www.eldiario.net\/portal\/wp-json\/wp\/v2\/tags?post=195670"}],"curies":[{"name":"wp","href":"https:\/\/api.w.org\/{rel}","templated":true}]}}