{"id":195667,"date":"2024-01-03T06:40:33","date_gmt":"2024-01-03T10:40:33","guid":{"rendered":"https:\/\/www.eldiario.net\/portal\/?p=195667"},"modified":"2024-01-03T06:40:33","modified_gmt":"2024-01-03T10:40:33","slug":"disminuyen-las-tasas-de-feminicidio-e-infanticidio","status":"publish","type":"post","link":"https:\/\/www.eldiario.net\/portal\/2024\/01\/03\/disminuyen-las-tasas-de-feminicidio-e-infanticidio\/","title":{"rendered":"Disminuyen las tasas de feminicidio e infanticidio"},"content":{"rendered":"<p>En el a\u00f1o 2023 se registr\u00f3 81 feminicidios y 25 casos de infanticidio, con mayor incidencia en las ciudades del eje troncal, La Paz, Santa Cruz y Cochabamba. De la totalidad, 30 cuentan con sentencia, 21 en etapa preparatoria, 16 con acusaci\u00f3n formal y nueve en extinci\u00f3n por muerte del agresor, seg\u00fan inform\u00f3 Juan Lanchipa, Fiscal General del Estado.<br \/>\nEsos datos muestran una disminuci\u00f3n respecto al a\u00f1o anterior (2022), donde las cifras registradas fueron 94 feminicidios y 38 infanticidios. Desde el 2020, esta tendencia ha seguido reduciendo seg\u00fan los cuadros informativos de la Fiscal\u00eda, disponibles en su p\u00e1gina web.<br \/>\nSin embargo, pese a la tendencia de baja de casos revelados por la Fiscal\u00eda, las cifras a\u00fan reflejan la necesidad de mayor atenci\u00f3n y acci\u00f3n por parte de las autoridades.<\/p>\n<p>Causas de muerte<br \/>\nRespecto a las causas de muerte, el Instituto de Investigaciones Forenses (IDIF) encontr\u00f3 que las dos m\u00e1s comunes son golpe o trauma y asfixia. Seg\u00fan el informe, 24 mujeres y 8 ni\u00f1os fallecieron por asfixia; 23 mujeres y 9 ni\u00f1os murieron por golpes o traumas; y, 22 mujeres y tres ni\u00f1os murieron por heridas de arma blanca.<br \/>\nEn las causas menos frecuentes, se registr\u00f3 a seis mujeres victimadas por arma de fuego, dos por intoxicaci\u00f3n de sustancias y una por quemaduras. En cuanto a los infantes, tres murieron por arma blanca, tres por quemaduras y dos por intoxicaci\u00f3n.<\/p>\n<p>Feminicidios en 2023<br \/>\nEl eje troncal del pa\u00eds present\u00f3 el mayor n\u00famero de casos: de un total de 81 casos, La Paz tuvo 23 casos, Santa Cruz tuvo 20 y Cochabamba registr\u00f3 12. Le siguen Potos\u00ed con 9, Beni con 6, Tarija con 4, Oruro y Chuquisaca con 3 cada uno y Pando con un solo caso registrado el a\u00f1o pasado.<br \/>\nDe acuerdo al informe, la relaci\u00f3n con el agresor fue principalmente el conviviente y el enamorado, con 24 y 18 casos respectivamente. 11 mujeres fueron v\u00edctimas del exconviviente. Por otro lado, 11 mujeres no ten\u00edan relaci\u00f3n con el agresor, 8 eran la esposa, 2 la expareja, en un caso el padre y en otro caso el exesposo.<br \/>\nRespecto a las edades, un gran porcentaje de las mujeres asesinadas son j\u00f3venes. 31 casos fueron de mujeres entre 21 y 30 a\u00f1os, 22 de entre 31 a 40 a\u00f1os, 11 casos entre 41 a 50 a\u00f1os, 9 de adolescentes entre 13 y 20 a\u00f1os, 4 de 51 a 60 a\u00f1os, y 4 de mujeres mayores de 60 a\u00f1os.<br \/>\nInfanticidios en 2023<br \/>\nEn el caso de menores victimados, el departamento de Santa Cruz llev\u00f3 el primer lugar, con 8 casos registrados; La Paz, en segundo lugar, registr\u00f3 6 casos; seguido de Cochabamba; y Potos\u00ed con 4 casos por cada departamento. Oruro, Chuquisaca y Beni registraron un solo caso, cada uno. Pando y Tarija no tuvieron casos en la pasada gesti\u00f3n.<br \/>\nRespecto a la edad del agresor, los progenitores fueron los principales victimarios. El IDIF determin\u00f3 que, de los 25 casos a nivel nacional, 7 fueron perpetrados por la madre y 5 por el padre. En dos casos, el padrastro fue el autor, y en otros dos casos fueron el padrastro y la madre. El padre y la madre fueron autores en un caso, el abuelo en un caso, la t\u00eda y el t\u00edo en otros dos casos. En tres casos no se determin\u00f3 la relaci\u00f3n, y en dos casos m\u00e1s no hubo relaci\u00f3n del agresor al ni\u00f1o.<br \/>\nEn cuanto a la edad de la v\u00edctima, el informe revel\u00f3 que 14 casos fueron entre ni\u00f1os de 0 y 24 meses, representando casi el 50%; 4 ni\u00f1os de 9 a 12 a\u00f1os; 4 con edades de 3 a 5 a\u00f1os; y, finalmente, 3 de entre 6 y 8 a\u00f1os.<br \/>\nEl Fiscal General, Juan Lanchipa lament\u00f3 estos cr\u00edmenes y recalc\u00f3 que las instituciones deben maximizar su trabajo hacia la reducci\u00f3n total de actos de violencia especialmente contra los ni\u00f1os.<br \/>\n\u201cEstos hechos no pueden seguirse dando en nuestro Estado, es por eso que todas las instituciones llamadas por Ley deben aunar esfuerzos para erradicar la violencia infantil en todos los \u00e1mbitos, este grupo vulnerable merece la m\u00e1xima protecci\u00f3n del Estado a trav\u00e9s de sus autoridades\u201d, indic\u00f3. (ANF)<\/p>\n","protected":false},"excerpt":{"rendered":"<p>En el a\u00f1o 2023 se registr\u00f3 81 feminicidios y 25 casos de infanticidio, con mayor incidencia en las ciudades del eje troncal, La Paz, Santa Cruz y Cochabamba. De la totalidad, 30 cuentan con sentencia, 21 en etapa preparatoria, 16 con acusaci\u00f3n formal y nueve en extinci\u00f3n por muerte del agresor, seg\u00fan inform\u00f3 Juan Lanchipa, [&hellip;]<\/p>\n","protected":false},"author":1,"featured_media":195668,"comment_status":"open","ping_status":"open","sticky":false,"template":"","format":"standard","meta":{"_acf_changed":false,"footnotes":""},"categories":[39],"tags":[],"class_list":["post-195667","post","type-post","status-publish","format-standard","has-post-thumbnail","category-sociedad"],"acf":{"antetitulo":"Seg\u00fan la Fiscal\u00eda"},"yoast_head":"<!-- This site is optimized with the Yoast SEO plugin v28.4 - https:\/\/yoast.com\/product\/yoast-seo-wordpress\/ -->\n<title>Disminuyen las tasas de feminicidio e infanticidio - El Diario - Bolivia<\/title>\n<meta name=\"robots\" content=\"index, follow, max-snippet:-1, max-image-preview:large, max-video-preview:-1\" \/>\n<link rel=\"canonical\" href=\"https:\/\/www.eldiario.net\/portal\/2024\/01\/03\/disminuyen-las-tasas-de-feminicidio-e-infanticidio\/\" \/>\n<meta property=\"og:locale\" content=\"es_ES\" \/>\n<meta property=\"og:type\" content=\"article\" \/>\n<meta property=\"og:title\" content=\"Disminuyen las tasas de feminicidio e infanticidio - El Diario - Bolivia\" \/>\n<meta property=\"og:description\" content=\"En el a\u00f1o 2023 se registr\u00f3 81 feminicidios y 25 casos de infanticidio, con mayor incidencia en las ciudades del eje troncal, La Paz, Santa Cruz y Cochabamba. De la totalidad, 30 cuentan con sentencia, 21 en etapa preparatoria, 16 con acusaci\u00f3n formal y nueve en extinci\u00f3n por muerte del agresor, seg\u00fan inform\u00f3 Juan Lanchipa, [&hellip;]\" \/>\n<meta property=\"og:url\" content=\"https:\/\/www.eldiario.net\/portal\/2024\/01\/03\/disminuyen-las-tasas-de-feminicidio-e-infanticidio\/\" \/>\n<meta property=\"og:site_name\" content=\"El Diario - Bolivia\" \/>\n<meta property=\"article:publisher\" content=\"https:\/\/www.facebook.com\/eldiario.bolivia\/\" \/>\n<meta property=\"article:published_time\" content=\"2024-01-03T10:40:33+00:00\" \/>\n<meta property=\"og:image\" content=\"https:\/\/www.eldiario.net\/portal\/wp-content\/uploads\/2024\/01\/02ENE.-CASOS.jpg\" \/>\n\t<meta property=\"og:image:width\" content=\"768\" \/>\n\t<meta property=\"og:image:height\" content=\"432\" \/>\n\t<meta property=\"og:image:type\" content=\"image\/jpeg\" \/>\n<meta name=\"author\" content=\"Jeanette\" \/>\n<meta name=\"twitter:card\" content=\"summary_large_image\" \/>\n<meta name=\"twitter:creator\" content=\"@eldiario_net\" \/>\n<meta name=\"twitter:site\" content=\"@eldiario_net\" \/>\n<meta name=\"twitter:label1\" content=\"Escrito por\" \/>\n\t<meta name=\"twitter:data1\" content=\"Jeanette\" \/>\n\t<meta name=\"twitter:label2\" content=\"Tiempo de lectura\" \/>\n\t<meta name=\"twitter:data2\" content=\"4 minutos\" \/>\n<script type=\"application\/ld+json\" class=\"yoast-schema-graph\">{\"@context\":\"https:\\\/\\\/schema.org\",\"@graph\":[{\"@type\":\"Article\",\"@id\":\"https:\\\/\\\/www.eldiario.net\\\/portal\\\/2024\\\/01\\\/03\\\/disminuyen-las-tasas-de-feminicidio-e-infanticidio\\\/#article\",\"isPartOf\":{\"@id\":\"https:\\\/\\\/www.eldiario.net\\\/portal\\\/2024\\\/01\\\/03\\\/disminuyen-las-tasas-de-feminicidio-e-infanticidio\\\/\"},\"author\":{\"name\":\"Jeanette\",\"@id\":\"https:\\\/\\\/www.eldiario.net\\\/portal\\\/#\\\/schema\\\/person\\\/f46445640444750d7d753ccd04ae01b7\"},\"headline\":\"Disminuyen las tasas de feminicidio e infanticidio\",\"datePublished\":\"2024-01-03T10:40:33+00:00\",\"mainEntityOfPage\":{\"@id\":\"https:\\\/\\\/www.eldiario.net\\\/portal\\\/2024\\\/01\\\/03\\\/disminuyen-las-tasas-de-feminicidio-e-infanticidio\\\/\"},\"wordCount\":684,\"commentCount\":0,\"publisher\":{\"@id\":\"https:\\\/\\\/www.eldiario.net\\\/portal\\\/#organization\"},\"image\":{\"@id\":\"https:\\\/\\\/www.eldiario.net\\\/portal\\\/2024\\\/01\\\/03\\\/disminuyen-las-tasas-de-feminicidio-e-infanticidio\\\/#primaryimage\"},\"thumbnailUrl\":\"https:\\\/\\\/www.eldiario.net\\\/portal\\\/wp-content\\\/uploads\\\/2024\\\/01\\\/02ENE.-CASOS.jpg\",\"articleSection\":[\"Sociedad - Seguridad\"],\"inLanguage\":\"es\",\"potentialAction\":[{\"@type\":\"CommentAction\",\"name\":\"Comment\",\"target\":[\"https:\\\/\\\/www.eldiario.net\\\/portal\\\/2024\\\/01\\\/03\\\/disminuyen-las-tasas-de-feminicidio-e-infanticidio\\\/#respond\"]}]},{\"@type\":\"WebPage\",\"@id\":\"https:\\\/\\\/www.eldiario.net\\\/portal\\\/2024\\\/01\\\/03\\\/disminuyen-las-tasas-de-feminicidio-e-infanticidio\\\/\",\"url\":\"https:\\\/\\\/www.eldiario.net\\\/portal\\\/2024\\\/01\\\/03\\\/disminuyen-las-tasas-de-feminicidio-e-infanticidio\\\/\",\"name\":\"Disminuyen las tasas de feminicidio e infanticidio - El Diario - Bolivia\",\"isPartOf\":{\"@id\":\"https:\\\/\\\/www.eldiario.net\\\/portal\\\/#website\"},\"primaryImageOfPage\":{\"@id\":\"https:\\\/\\\/www.eldiario.net\\\/portal\\\/2024\\\/01\\\/03\\\/disminuyen-las-tasas-de-feminicidio-e-infanticidio\\\/#primaryimage\"},\"image\":{\"@id\":\"https:\\\/\\\/www.eldiario.net\\\/portal\\\/2024\\\/01\\\/03\\\/disminuyen-las-tasas-de-feminicidio-e-infanticidio\\\/#primaryimage\"},\"thumbnailUrl\":\"https:\\\/\\\/www.eldiario.net\\\/portal\\\/wp-content\\\/uploads\\\/2024\\\/01\\\/02ENE.-CASOS.jpg\",\"datePublished\":\"2024-01-03T10:40:33+00:00\",\"breadcrumb\":{\"@id\":\"https:\\\/\\\/www.eldiario.net\\\/portal\\\/2024\\\/01\\\/03\\\/disminuyen-las-tasas-de-feminicidio-e-infanticidio\\\/#breadcrumb\"},\"inLanguage\":\"es\",\"potentialAction\":[{\"@type\":\"ReadAction\",\"target\":[\"https:\\\/\\\/www.eldiario.net\\\/portal\\\/2024\\\/01\\\/03\\\/disminuyen-las-tasas-de-feminicidio-e-infanticidio\\\/\"]}]},{\"@type\":\"ImageObject\",\"inLanguage\":\"es\",\"@id\":\"https:\\\/\\\/www.eldiario.net\\\/portal\\\/2024\\\/01\\\/03\\\/disminuyen-las-tasas-de-feminicidio-e-infanticidio\\\/#primaryimage\",\"url\":\"https:\\\/\\\/www.eldiario.net\\\/portal\\\/wp-content\\\/uploads\\\/2024\\\/01\\\/02ENE.-CASOS.jpg\",\"contentUrl\":\"https:\\\/\\\/www.eldiario.net\\\/portal\\\/wp-content\\\/uploads\\\/2024\\\/01\\\/02ENE.-CASOS.jpg\",\"width\":768,\"height\":432,\"caption\":\"Familias de v\u00edctimas de mujeres protestan pidiendo justicia.\"},{\"@type\":\"BreadcrumbList\",\"@id\":\"https:\\\/\\\/www.eldiario.net\\\/portal\\\/2024\\\/01\\\/03\\\/disminuyen-las-tasas-de-feminicidio-e-infanticidio\\\/#breadcrumb\",\"itemListElement\":[{\"@type\":\"ListItem\",\"position\":1,\"name\":\"Portada\",\"item\":\"https:\\\/\\\/www.eldiario.net\\\/portal\\\/\"},{\"@type\":\"ListItem\",\"position\":2,\"name\":\"Disminuyen las tasas de feminicidio e infanticidio\"}]},{\"@type\":\"WebSite\",\"@id\":\"https:\\\/\\\/www.eldiario.net\\\/portal\\\/#website\",\"url\":\"https:\\\/\\\/www.eldiario.net\\\/portal\\\/\",\"name\":\"El Diario - Decano de la prensa nacional\",\"description\":\"El Diario - Decano de la prensa nacional\",\"publisher\":{\"@id\":\"https:\\\/\\\/www.eldiario.net\\\/portal\\\/#organization\"},\"potentialAction\":[{\"@type\":\"SearchAction\",\"target\":{\"@type\":\"EntryPoint\",\"urlTemplate\":\"https:\\\/\\\/www.eldiario.net\\\/portal\\\/?s={search_term_string}\"},\"query-input\":{\"@type\":\"PropertyValueSpecification\",\"valueRequired\":true,\"valueName\":\"search_term_string\"}}],\"inLanguage\":\"es\"},{\"@type\":\"Organization\",\"@id\":\"https:\\\/\\\/www.eldiario.net\\\/portal\\\/#organization\",\"name\":\"El Diario - Decano de la prensa nacional\",\"url\":\"https:\\\/\\\/www.eldiario.net\\\/portal\\\/\",\"logo\":{\"@type\":\"ImageObject\",\"inLanguage\":\"es\",\"@id\":\"https:\\\/\\\/www.eldiario.net\\\/portal\\\/#\\\/schema\\\/logo\\\/image\\\/\",\"url\":\"https:\\\/\\\/www.eldiario.net\\\/portal\\\/wp-content\\\/uploads\\\/2023\\\/07\\\/logo_ED.jpg\",\"contentUrl\":\"https:\\\/\\\/www.eldiario.net\\\/portal\\\/wp-content\\\/uploads\\\/2023\\\/07\\\/logo_ED.jpg\",\"width\":272,\"height\":52,\"caption\":\"El Diario - Decano de la prensa nacional\"},\"image\":{\"@id\":\"https:\\\/\\\/www.eldiario.net\\\/portal\\\/#\\\/schema\\\/logo\\\/image\\\/\"},\"sameAs\":[\"https:\\\/\\\/www.facebook.com\\\/eldiario.bolivia\\\/\",\"https:\\\/\\\/x.com\\\/eldiario_net\"]},{\"@type\":\"Person\",\"@id\":\"https:\\\/\\\/www.eldiario.net\\\/portal\\\/#\\\/schema\\\/person\\\/f46445640444750d7d753ccd04ae01b7\",\"name\":\"Jeanette\",\"image\":{\"@type\":\"ImageObject\",\"inLanguage\":\"es\",\"@id\":\"https:\\\/\\\/secure.gravatar.com\\\/avatar\\\/3ea2118a5f7dad2b7138b1187a6b7ee55f160b9968b66013c3a3ef39dd7e5798?s=96&d=mm&r=g\",\"url\":\"https:\\\/\\\/secure.gravatar.com\\\/avatar\\\/3ea2118a5f7dad2b7138b1187a6b7ee55f160b9968b66013c3a3ef39dd7e5798?s=96&d=mm&r=g\",\"contentUrl\":\"https:\\\/\\\/secure.gravatar.com\\\/avatar\\\/3ea2118a5f7dad2b7138b1187a6b7ee55f160b9968b66013c3a3ef39dd7e5798?s=96&d=mm&r=g\",\"caption\":\"Jeanette\"},\"sameAs\":[\"https:\\\/\\\/www.eldiario.net\\\/portal\"],\"url\":\"https:\\\/\\\/www.eldiario.net\\\/portal\\\/author\\\/jeanette\\\/\"}]}<\/script>\n<!-- \/ Yoast SEO plugin. -->","yoast_head_json":{"title":"Disminuyen las tasas de feminicidio e infanticidio - El Diario - Bolivia","robots":{"index":"index","follow":"follow","max-snippet":"max-snippet:-1","max-image-preview":"max-image-preview:large","max-video-preview":"max-video-preview:-1"},"canonical":"https:\/\/www.eldiario.net\/portal\/2024\/01\/03\/disminuyen-las-tasas-de-feminicidio-e-infanticidio\/","og_locale":"es_ES","og_type":"article","og_title":"Disminuyen las tasas de feminicidio e infanticidio - El Diario - Bolivia","og_description":"En el a\u00f1o 2023 se registr\u00f3 81 feminicidios y 25 casos de infanticidio, con mayor incidencia en las ciudades del eje troncal, La Paz, Santa Cruz y Cochabamba. De la totalidad, 30 cuentan con sentencia, 21 en etapa preparatoria, 16 con acusaci\u00f3n formal y nueve en extinci\u00f3n por muerte del agresor, seg\u00fan inform\u00f3 Juan Lanchipa, [&hellip;]","og_url":"https:\/\/www.eldiario.net\/portal\/2024\/01\/03\/disminuyen-las-tasas-de-feminicidio-e-infanticidio\/","og_site_name":"El Diario - Bolivia","article_publisher":"https:\/\/www.facebook.com\/eldiario.bolivia\/","article_published_time":"2024-01-03T10:40:33+00:00","og_image":[{"width":768,"height":432,"url":"https:\/\/www.eldiario.net\/portal\/wp-content\/uploads\/2024\/01\/02ENE.-CASOS.jpg","type":"image\/jpeg"}],"author":"Jeanette","twitter_card":"summary_large_image","twitter_creator":"@eldiario_net","twitter_site":"@eldiario_net","twitter_misc":{"Escrito por":"Jeanette","Tiempo de lectura":"4 minutos"},"schema":{"@context":"https:\/\/schema.org","@graph":[{"@type":"Article","@id":"https:\/\/www.eldiario.net\/portal\/2024\/01\/03\/disminuyen-las-tasas-de-feminicidio-e-infanticidio\/#article","isPartOf":{"@id":"https:\/\/www.eldiario.net\/portal\/2024\/01\/03\/disminuyen-las-tasas-de-feminicidio-e-infanticidio\/"},"author":{"name":"Jeanette","@id":"https:\/\/www.eldiario.net\/portal\/#\/schema\/person\/f46445640444750d7d753ccd04ae01b7"},"headline":"Disminuyen las tasas de feminicidio e infanticidio","datePublished":"2024-01-03T10:40:33+00:00","mainEntityOfPage":{"@id":"https:\/\/www.eldiario.net\/portal\/2024\/01\/03\/disminuyen-las-tasas-de-feminicidio-e-infanticidio\/"},"wordCount":684,"commentCount":0,"publisher":{"@id":"https:\/\/www.eldiario.net\/portal\/#organization"},"image":{"@id":"https:\/\/www.eldiario.net\/portal\/2024\/01\/03\/disminuyen-las-tasas-de-feminicidio-e-infanticidio\/#primaryimage"},"thumbnailUrl":"https:\/\/www.eldiario.net\/portal\/wp-content\/uploads\/2024\/01\/02ENE.-CASOS.jpg","articleSection":["Sociedad - Seguridad"],"inLanguage":"es","potentialAction":[{"@type":"CommentAction","name":"Comment","target":["https:\/\/www.eldiario.net\/portal\/2024\/01\/03\/disminuyen-las-tasas-de-feminicidio-e-infanticidio\/#respond"]}]},{"@type":"WebPage","@id":"https:\/\/www.eldiario.net\/portal\/2024\/01\/03\/disminuyen-las-tasas-de-feminicidio-e-infanticidio\/","url":"https:\/\/www.eldiario.net\/portal\/2024\/01\/03\/disminuyen-las-tasas-de-feminicidio-e-infanticidio\/","name":"Disminuyen las tasas de feminicidio e infanticidio - El Diario - Bolivia","isPartOf":{"@id":"https:\/\/www.eldiario.net\/portal\/#website"},"primaryImageOfPage":{"@id":"https:\/\/www.eldiario.net\/portal\/2024\/01\/03\/disminuyen-las-tasas-de-feminicidio-e-infanticidio\/#primaryimage"},"image":{"@id":"https:\/\/www.eldiario.net\/portal\/2024\/01\/03\/disminuyen-las-tasas-de-feminicidio-e-infanticidio\/#primaryimage"},"thumbnailUrl":"https:\/\/www.eldiario.net\/portal\/wp-content\/uploads\/2024\/01\/02ENE.-CASOS.jpg","datePublished":"2024-01-03T10:40:33+00:00","breadcrumb":{"@id":"https:\/\/www.eldiario.net\/portal\/2024\/01\/03\/disminuyen-las-tasas-de-feminicidio-e-infanticidio\/#breadcrumb"},"inLanguage":"es","potentialAction":[{"@type":"ReadAction","target":["https:\/\/www.eldiario.net\/portal\/2024\/01\/03\/disminuyen-las-tasas-de-feminicidio-e-infanticidio\/"]}]},{"@type":"ImageObject","inLanguage":"es","@id":"https:\/\/www.eldiario.net\/portal\/2024\/01\/03\/disminuyen-las-tasas-de-feminicidio-e-infanticidio\/#primaryimage","url":"https:\/\/www.eldiario.net\/portal\/wp-content\/uploads\/2024\/01\/02ENE.-CASOS.jpg","contentUrl":"https:\/\/www.eldiario.net\/portal\/wp-content\/uploads\/2024\/01\/02ENE.-CASOS.jpg","width":768,"height":432,"caption":"Familias de v\u00edctimas de mujeres protestan pidiendo justicia."},{"@type":"BreadcrumbList","@id":"https:\/\/www.eldiario.net\/portal\/2024\/01\/03\/disminuyen-las-tasas-de-feminicidio-e-infanticidio\/#breadcrumb","itemListElement":[{"@type":"ListItem","position":1,"name":"Portada","item":"https:\/\/www.eldiario.net\/portal\/"},{"@type":"ListItem","position":2,"name":"Disminuyen las tasas de feminicidio e infanticidio"}]},{"@type":"WebSite","@id":"https:\/\/www.eldiario.net\/portal\/#website","url":"https:\/\/www.eldiario.net\/portal\/","name":"El Diario - Decano de la prensa nacional","description":"El Diario - Decano de la prensa nacional","publisher":{"@id":"https:\/\/www.eldiario.net\/portal\/#organization"},"potentialAction":[{"@type":"SearchAction","target":{"@type":"EntryPoint","urlTemplate":"https:\/\/www.eldiario.net\/portal\/?s={search_term_string}"},"query-input":{"@type":"PropertyValueSpecification","valueRequired":true,"valueName":"search_term_string"}}],"inLanguage":"es"},{"@type":"Organization","@id":"https:\/\/www.eldiario.net\/portal\/#organization","name":"El Diario - Decano de la prensa nacional","url":"https:\/\/www.eldiario.net\/portal\/","logo":{"@type":"ImageObject","inLanguage":"es","@id":"https:\/\/www.eldiario.net\/portal\/#\/schema\/logo\/image\/","url":"https:\/\/www.eldiario.net\/portal\/wp-content\/uploads\/2023\/07\/logo_ED.jpg","contentUrl":"https:\/\/www.eldiario.net\/portal\/wp-content\/uploads\/2023\/07\/logo_ED.jpg","width":272,"height":52,"caption":"El Diario - Decano de la prensa nacional"},"image":{"@id":"https:\/\/www.eldiario.net\/portal\/#\/schema\/logo\/image\/"},"sameAs":["https:\/\/www.facebook.com\/eldiario.bolivia\/","https:\/\/x.com\/eldiario_net"]},{"@type":"Person","@id":"https:\/\/www.eldiario.net\/portal\/#\/schema\/person\/f46445640444750d7d753ccd04ae01b7","name":"Jeanette","image":{"@type":"ImageObject","inLanguage":"es","@id":"https:\/\/secure.gravatar.com\/avatar\/3ea2118a5f7dad2b7138b1187a6b7ee55f160b9968b66013c3a3ef39dd7e5798?s=96&d=mm&r=g","url":"https:\/\/secure.gravatar.com\/avatar\/3ea2118a5f7dad2b7138b1187a6b7ee55f160b9968b66013c3a3ef39dd7e5798?s=96&d=mm&r=g","contentUrl":"https:\/\/secure.gravatar.com\/avatar\/3ea2118a5f7dad2b7138b1187a6b7ee55f160b9968b66013c3a3ef39dd7e5798?s=96&d=mm&r=g","caption":"Jeanette"},"sameAs":["https:\/\/www.eldiario.net\/portal"],"url":"https:\/\/www.eldiario.net\/portal\/author\/jeanette\/"}]}},"_links":{"self":[{"href":"https:\/\/www.eldiario.net\/portal\/wp-json\/wp\/v2\/posts\/195667","targetHints":{"allow":["GET"]}}],"collection":[{"href":"https:\/\/www.eldiario.net\/portal\/wp-json\/wp\/v2\/posts"}],"about":[{"href":"https:\/\/www.eldiario.net\/portal\/wp-json\/wp\/v2\/types\/post"}],"author":[{"embeddable":true,"href":"https:\/\/www.eldiario.net\/portal\/wp-json\/wp\/v2\/users\/1"}],"replies":[{"embeddable":true,"href":"https:\/\/www.eldiario.net\/portal\/wp-json\/wp\/v2\/comments?post=195667"}],"version-history":[{"count":1,"href":"https:\/\/www.eldiario.net\/portal\/wp-json\/wp\/v2\/posts\/195667\/revisions"}],"predecessor-version":[{"id":195669,"href":"https:\/\/www.eldiario.net\/portal\/wp-json\/wp\/v2\/posts\/195667\/revisions\/195669"}],"wp:featuredmedia":[{"embeddable":true,"href":"https:\/\/www.eldiario.net\/portal\/wp-json\/wp\/v2\/media\/195668"}],"wp:attachment":[{"href":"https:\/\/www.eldiario.net\/portal\/wp-json\/wp\/v2\/media?parent=195667"}],"wp:term":[{"taxonomy":"category","embeddable":true,"href":"https:\/\/www.eldiario.net\/portal\/wp-json\/wp\/v2\/categories?post=195667"},{"taxonomy":"post_tag","embeddable":true,"href":"https:\/\/www.eldiario.net\/portal\/wp-json\/wp\/v2\/tags?post=195667"}],"curies":[{"name":"wp","href":"https:\/\/api.w.org\/{rel}","templated":true}]}}