{"id":195664,"date":"2024-01-03T06:39:23","date_gmt":"2024-01-03T10:39:23","guid":{"rendered":"https:\/\/www.eldiario.net\/portal\/?p=195664"},"modified":"2024-01-03T06:39:23","modified_gmt":"2024-01-03T10:39:23","slug":"posesionan-a-60-nuevos-fiscales-de-materia-de-los-nueve-departamentos","status":"publish","type":"post","link":"https:\/\/www.eldiario.net\/portal\/2024\/01\/03\/posesionan-a-60-nuevos-fiscales-de-materia-de-los-nueve-departamentos\/","title":{"rendered":"Posesionan a 60 nuevos fiscales de  materia de los nueve departamentos"},"content":{"rendered":"<p>Un total de 60 fiscales de Materia institucionalizados fueron posesionados ayer en las nueve fiscal\u00edas departamentales del territorio nacional, tras haber culminado el Cuarto Programa de Formaci\u00f3n Inicial para el Ingreso a la Carrera Fiscal, dando cumplimiento de la ley No. 260 Org\u00e1nica del Ministerio P\u00fablico, seg\u00fan inform\u00f3 la Fiscal\u00eda General del Estado.<br \/>\nLos fiscales de materia institucionalizados, que tomaron posesi\u00f3n de sus cargos en los diferentes despachos fiscales y que ejercer\u00e1n sus funciones a partir de la fecha son: 19 profesionales en La Paz, en Santa Cruz 12, en Cochabamba 9, en Tarija 4, en Chuquisaca tambi\u00e9n 4, en Potos\u00ed 3, en Beni 4, en Oruro 3 y en Pando 2.<br \/>\nEl 15 de diciembre del a\u00f1o pasado, los profesionales institucionalizados fueron titulados mediante la Escuela de Fiscales del Estado. Seg\u00fan la Fiscal\u00eda, los egresados atravesaron \u201cun proceso exhaustivo de selecci\u00f3n y capacitaci\u00f3n en el Cuarto Programa de Formaci\u00f3n Inicial para el Ingreso a la Carrera Fiscal, que tuvo una duraci\u00f3n de seis meses\u201d.<br \/>\nA mediados del a\u00f1o pasado, concluy\u00f3 el Tercer Programa de Formaci\u00f3n Inicial para el Ingreso a la Carrera Fiscal, en la que otros 61 fiscales de materia institucionalizados fueron posesionados y asumieron funciones.<br \/>\nEn esa ocasi\u00f3n, el fiscal tambi\u00e9n mencion\u00f3 que los profesionales cumplieron su formaci\u00f3n luego de haber culminado satisfactoriamente el programa. De esta manera, asegur\u00f3 que se garantiza que los flamantes profesionales puedan contribuir en servicio de su poblaci\u00f3n.<br \/>\nEn aquella ocasi\u00f3n, el fiscal departamental de Chuquisaca, Mauricio Nava Morales, daba la bienvenida a los flamantes servidores p\u00fablicos, mientras instaba \u201ca los nuevos Fiscales de Materia a actuar bajo el paraguas de los principios y valores que irradia la Constituci\u00f3n Pol\u00edtica del Estado, a actuar siempre a la luz del bloque de convencionalidad, tratados internacionales, fallos de la Corte Interamericana de Justicia, que todos los Fiscales deben aplicar, adem\u00e1s del tema de derechos humanos que es lo principal\u201d.<br \/>\nDurante la pasada gesti\u00f3n, en la que estuvo en curso el Cuarto Programa de Formaci\u00f3n Inicial para el Ingreso a la Carrera Fiscal, se ten\u00eda previsto contar con un total de 230 fiscales de materia institucionalizados para fines de diciembre, y las autoridades afirmaron que se contar\u00eda con la participaci\u00f3n de docentes nacionales e internacionales con altos niveles de formaci\u00f3n y transparencia.<br \/>\nEntre los 61 egresados en junio y los 60 que acaban de tomar posesi\u00f3n, se cuenta con un total de 121 profesionales que concluyeron el Programa durante la gesti\u00f3n 2023. (FGE)<\/p>\n","protected":false},"excerpt":{"rendered":"<p>Un total de 60 fiscales de Materia institucionalizados fueron posesionados ayer en las nueve fiscal\u00edas departamentales del territorio nacional, tras haber culminado el Cuarto Programa de Formaci\u00f3n Inicial para el Ingreso a la Carrera Fiscal, dando cumplimiento de la ley No. 260 Org\u00e1nica del Ministerio P\u00fablico, seg\u00fan inform\u00f3 la Fiscal\u00eda General del Estado. Los fiscales [&hellip;]<\/p>\n","protected":false},"author":1,"featured_media":195665,"comment_status":"open","ping_status":"open","sticky":false,"template":"","format":"standard","meta":{"_acf_changed":false,"footnotes":""},"categories":[39],"tags":[],"class_list":["post-195664","post","type-post","status-publish","format-standard","has-post-thumbnail","category-sociedad"],"acf":{"antetitulo":" Los 19 profesionales posesionados de La Paz."},"yoast_head":"<!-- This site is optimized with the Yoast SEO plugin v28.4 - https:\/\/yoast.com\/product\/yoast-seo-wordpress\/ -->\n<title>Posesionan a 60 nuevos fiscales de materia de los nueve departamentos - El Diario - Bolivia<\/title>\n<meta name=\"robots\" content=\"index, follow, max-snippet:-1, max-image-preview:large, max-video-preview:-1\" \/>\n<link rel=\"canonical\" href=\"https:\/\/www.eldiario.net\/portal\/2024\/01\/03\/posesionan-a-60-nuevos-fiscales-de-materia-de-los-nueve-departamentos\/\" \/>\n<meta property=\"og:locale\" content=\"es_ES\" \/>\n<meta property=\"og:type\" content=\"article\" \/>\n<meta property=\"og:title\" content=\"Posesionan a 60 nuevos fiscales de materia de los nueve departamentos - El Diario - Bolivia\" \/>\n<meta property=\"og:description\" content=\"Un total de 60 fiscales de Materia institucionalizados fueron posesionados ayer en las nueve fiscal\u00edas departamentales del territorio nacional, tras haber culminado el Cuarto Programa de Formaci\u00f3n Inicial para el Ingreso a la Carrera Fiscal, dando cumplimiento de la ley No. 260 Org\u00e1nica del Ministerio P\u00fablico, seg\u00fan inform\u00f3 la Fiscal\u00eda General del Estado. Los fiscales [&hellip;]\" \/>\n<meta property=\"og:url\" content=\"https:\/\/www.eldiario.net\/portal\/2024\/01\/03\/posesionan-a-60-nuevos-fiscales-de-materia-de-los-nueve-departamentos\/\" \/>\n<meta property=\"og:site_name\" content=\"El Diario - Bolivia\" \/>\n<meta property=\"article:publisher\" content=\"https:\/\/www.facebook.com\/eldiario.bolivia\/\" \/>\n<meta property=\"article:published_time\" content=\"2024-01-03T10:39:23+00:00\" \/>\n<meta property=\"og:image\" content=\"https:\/\/www.eldiario.net\/portal\/wp-content\/uploads\/2024\/01\/02ENE.-FISCALES.jpg\" \/>\n\t<meta property=\"og:image:width\" content=\"1259\" \/>\n\t<meta property=\"og:image:height\" content=\"553\" \/>\n\t<meta property=\"og:image:type\" content=\"image\/jpeg\" \/>\n<meta name=\"author\" content=\"Jeanette\" \/>\n<meta name=\"twitter:card\" content=\"summary_large_image\" \/>\n<meta name=\"twitter:creator\" content=\"@eldiario_net\" \/>\n<meta name=\"twitter:site\" content=\"@eldiario_net\" \/>\n<meta name=\"twitter:label1\" content=\"Escrito por\" \/>\n\t<meta name=\"twitter:data1\" content=\"Jeanette\" \/>\n\t<meta name=\"twitter:label2\" content=\"Tiempo de lectura\" \/>\n\t<meta name=\"twitter:data2\" content=\"3 minutos\" \/>\n<script type=\"application\/ld+json\" class=\"yoast-schema-graph\">{\"@context\":\"https:\\\/\\\/schema.org\",\"@graph\":[{\"@type\":\"Article\",\"@id\":\"https:\\\/\\\/www.eldiario.net\\\/portal\\\/2024\\\/01\\\/03\\\/posesionan-a-60-nuevos-fiscales-de-materia-de-los-nueve-departamentos\\\/#article\",\"isPartOf\":{\"@id\":\"https:\\\/\\\/www.eldiario.net\\\/portal\\\/2024\\\/01\\\/03\\\/posesionan-a-60-nuevos-fiscales-de-materia-de-los-nueve-departamentos\\\/\"},\"author\":{\"name\":\"Jeanette\",\"@id\":\"https:\\\/\\\/www.eldiario.net\\\/portal\\\/#\\\/schema\\\/person\\\/f46445640444750d7d753ccd04ae01b7\"},\"headline\":\"Posesionan a 60 nuevos fiscales de materia de los nueve departamentos\",\"datePublished\":\"2024-01-03T10:39:23+00:00\",\"mainEntityOfPage\":{\"@id\":\"https:\\\/\\\/www.eldiario.net\\\/portal\\\/2024\\\/01\\\/03\\\/posesionan-a-60-nuevos-fiscales-de-materia-de-los-nueve-departamentos\\\/\"},\"wordCount\":435,\"commentCount\":0,\"publisher\":{\"@id\":\"https:\\\/\\\/www.eldiario.net\\\/portal\\\/#organization\"},\"image\":{\"@id\":\"https:\\\/\\\/www.eldiario.net\\\/portal\\\/2024\\\/01\\\/03\\\/posesionan-a-60-nuevos-fiscales-de-materia-de-los-nueve-departamentos\\\/#primaryimage\"},\"thumbnailUrl\":\"https:\\\/\\\/www.eldiario.net\\\/portal\\\/wp-content\\\/uploads\\\/2024\\\/01\\\/02ENE.-FISCALES.jpg\",\"articleSection\":[\"Sociedad - Seguridad\"],\"inLanguage\":\"es\",\"potentialAction\":[{\"@type\":\"CommentAction\",\"name\":\"Comment\",\"target\":[\"https:\\\/\\\/www.eldiario.net\\\/portal\\\/2024\\\/01\\\/03\\\/posesionan-a-60-nuevos-fiscales-de-materia-de-los-nueve-departamentos\\\/#respond\"]}]},{\"@type\":\"WebPage\",\"@id\":\"https:\\\/\\\/www.eldiario.net\\\/portal\\\/2024\\\/01\\\/03\\\/posesionan-a-60-nuevos-fiscales-de-materia-de-los-nueve-departamentos\\\/\",\"url\":\"https:\\\/\\\/www.eldiario.net\\\/portal\\\/2024\\\/01\\\/03\\\/posesionan-a-60-nuevos-fiscales-de-materia-de-los-nueve-departamentos\\\/\",\"name\":\"Posesionan a 60 nuevos fiscales de materia de los nueve departamentos - El Diario - Bolivia\",\"isPartOf\":{\"@id\":\"https:\\\/\\\/www.eldiario.net\\\/portal\\\/#website\"},\"primaryImageOfPage\":{\"@id\":\"https:\\\/\\\/www.eldiario.net\\\/portal\\\/2024\\\/01\\\/03\\\/posesionan-a-60-nuevos-fiscales-de-materia-de-los-nueve-departamentos\\\/#primaryimage\"},\"image\":{\"@id\":\"https:\\\/\\\/www.eldiario.net\\\/portal\\\/2024\\\/01\\\/03\\\/posesionan-a-60-nuevos-fiscales-de-materia-de-los-nueve-departamentos\\\/#primaryimage\"},\"thumbnailUrl\":\"https:\\\/\\\/www.eldiario.net\\\/portal\\\/wp-content\\\/uploads\\\/2024\\\/01\\\/02ENE.-FISCALES.jpg\",\"datePublished\":\"2024-01-03T10:39:23+00:00\",\"breadcrumb\":{\"@id\":\"https:\\\/\\\/www.eldiario.net\\\/portal\\\/2024\\\/01\\\/03\\\/posesionan-a-60-nuevos-fiscales-de-materia-de-los-nueve-departamentos\\\/#breadcrumb\"},\"inLanguage\":\"es\",\"potentialAction\":[{\"@type\":\"ReadAction\",\"target\":[\"https:\\\/\\\/www.eldiario.net\\\/portal\\\/2024\\\/01\\\/03\\\/posesionan-a-60-nuevos-fiscales-de-materia-de-los-nueve-departamentos\\\/\"]}]},{\"@type\":\"ImageObject\",\"inLanguage\":\"es\",\"@id\":\"https:\\\/\\\/www.eldiario.net\\\/portal\\\/2024\\\/01\\\/03\\\/posesionan-a-60-nuevos-fiscales-de-materia-de-los-nueve-departamentos\\\/#primaryimage\",\"url\":\"https:\\\/\\\/www.eldiario.net\\\/portal\\\/wp-content\\\/uploads\\\/2024\\\/01\\\/02ENE.-FISCALES.jpg\",\"contentUrl\":\"https:\\\/\\\/www.eldiario.net\\\/portal\\\/wp-content\\\/uploads\\\/2024\\\/01\\\/02ENE.-FISCALES.jpg\",\"width\":1259,\"height\":553},{\"@type\":\"BreadcrumbList\",\"@id\":\"https:\\\/\\\/www.eldiario.net\\\/portal\\\/2024\\\/01\\\/03\\\/posesionan-a-60-nuevos-fiscales-de-materia-de-los-nueve-departamentos\\\/#breadcrumb\",\"itemListElement\":[{\"@type\":\"ListItem\",\"position\":1,\"name\":\"Portada\",\"item\":\"https:\\\/\\\/www.eldiario.net\\\/portal\\\/\"},{\"@type\":\"ListItem\",\"position\":2,\"name\":\"Posesionan a 60 nuevos fiscales de materia de los nueve departamentos\"}]},{\"@type\":\"WebSite\",\"@id\":\"https:\\\/\\\/www.eldiario.net\\\/portal\\\/#website\",\"url\":\"https:\\\/\\\/www.eldiario.net\\\/portal\\\/\",\"name\":\"El Diario - Decano de la prensa nacional\",\"description\":\"El Diario - Decano de la prensa nacional\",\"publisher\":{\"@id\":\"https:\\\/\\\/www.eldiario.net\\\/portal\\\/#organization\"},\"potentialAction\":[{\"@type\":\"SearchAction\",\"target\":{\"@type\":\"EntryPoint\",\"urlTemplate\":\"https:\\\/\\\/www.eldiario.net\\\/portal\\\/?s={search_term_string}\"},\"query-input\":{\"@type\":\"PropertyValueSpecification\",\"valueRequired\":true,\"valueName\":\"search_term_string\"}}],\"inLanguage\":\"es\"},{\"@type\":\"Organization\",\"@id\":\"https:\\\/\\\/www.eldiario.net\\\/portal\\\/#organization\",\"name\":\"El Diario - Decano de la prensa nacional\",\"url\":\"https:\\\/\\\/www.eldiario.net\\\/portal\\\/\",\"logo\":{\"@type\":\"ImageObject\",\"inLanguage\":\"es\",\"@id\":\"https:\\\/\\\/www.eldiario.net\\\/portal\\\/#\\\/schema\\\/logo\\\/image\\\/\",\"url\":\"https:\\\/\\\/www.eldiario.net\\\/portal\\\/wp-content\\\/uploads\\\/2023\\\/07\\\/logo_ED.jpg\",\"contentUrl\":\"https:\\\/\\\/www.eldiario.net\\\/portal\\\/wp-content\\\/uploads\\\/2023\\\/07\\\/logo_ED.jpg\",\"width\":272,\"height\":52,\"caption\":\"El Diario - Decano de la prensa nacional\"},\"image\":{\"@id\":\"https:\\\/\\\/www.eldiario.net\\\/portal\\\/#\\\/schema\\\/logo\\\/image\\\/\"},\"sameAs\":[\"https:\\\/\\\/www.facebook.com\\\/eldiario.bolivia\\\/\",\"https:\\\/\\\/x.com\\\/eldiario_net\"]},{\"@type\":\"Person\",\"@id\":\"https:\\\/\\\/www.eldiario.net\\\/portal\\\/#\\\/schema\\\/person\\\/f46445640444750d7d753ccd04ae01b7\",\"name\":\"Jeanette\",\"image\":{\"@type\":\"ImageObject\",\"inLanguage\":\"es\",\"@id\":\"https:\\\/\\\/secure.gravatar.com\\\/avatar\\\/3ea2118a5f7dad2b7138b1187a6b7ee55f160b9968b66013c3a3ef39dd7e5798?s=96&d=mm&r=g\",\"url\":\"https:\\\/\\\/secure.gravatar.com\\\/avatar\\\/3ea2118a5f7dad2b7138b1187a6b7ee55f160b9968b66013c3a3ef39dd7e5798?s=96&d=mm&r=g\",\"contentUrl\":\"https:\\\/\\\/secure.gravatar.com\\\/avatar\\\/3ea2118a5f7dad2b7138b1187a6b7ee55f160b9968b66013c3a3ef39dd7e5798?s=96&d=mm&r=g\",\"caption\":\"Jeanette\"},\"sameAs\":[\"https:\\\/\\\/www.eldiario.net\\\/portal\"],\"url\":\"https:\\\/\\\/www.eldiario.net\\\/portal\\\/author\\\/jeanette\\\/\"}]}<\/script>\n<!-- \/ Yoast SEO plugin. -->","yoast_head_json":{"title":"Posesionan a 60 nuevos fiscales de materia de los nueve departamentos - El Diario - Bolivia","robots":{"index":"index","follow":"follow","max-snippet":"max-snippet:-1","max-image-preview":"max-image-preview:large","max-video-preview":"max-video-preview:-1"},"canonical":"https:\/\/www.eldiario.net\/portal\/2024\/01\/03\/posesionan-a-60-nuevos-fiscales-de-materia-de-los-nueve-departamentos\/","og_locale":"es_ES","og_type":"article","og_title":"Posesionan a 60 nuevos fiscales de materia de los nueve departamentos - El Diario - Bolivia","og_description":"Un total de 60 fiscales de Materia institucionalizados fueron posesionados ayer en las nueve fiscal\u00edas departamentales del territorio nacional, tras haber culminado el Cuarto Programa de Formaci\u00f3n Inicial para el Ingreso a la Carrera Fiscal, dando cumplimiento de la ley No. 260 Org\u00e1nica del Ministerio P\u00fablico, seg\u00fan inform\u00f3 la Fiscal\u00eda General del Estado. Los fiscales [&hellip;]","og_url":"https:\/\/www.eldiario.net\/portal\/2024\/01\/03\/posesionan-a-60-nuevos-fiscales-de-materia-de-los-nueve-departamentos\/","og_site_name":"El Diario - Bolivia","article_publisher":"https:\/\/www.facebook.com\/eldiario.bolivia\/","article_published_time":"2024-01-03T10:39:23+00:00","og_image":[{"width":1259,"height":553,"url":"https:\/\/www.eldiario.net\/portal\/wp-content\/uploads\/2024\/01\/02ENE.-FISCALES.jpg","type":"image\/jpeg"}],"author":"Jeanette","twitter_card":"summary_large_image","twitter_creator":"@eldiario_net","twitter_site":"@eldiario_net","twitter_misc":{"Escrito por":"Jeanette","Tiempo de lectura":"3 minutos"},"schema":{"@context":"https:\/\/schema.org","@graph":[{"@type":"Article","@id":"https:\/\/www.eldiario.net\/portal\/2024\/01\/03\/posesionan-a-60-nuevos-fiscales-de-materia-de-los-nueve-departamentos\/#article","isPartOf":{"@id":"https:\/\/www.eldiario.net\/portal\/2024\/01\/03\/posesionan-a-60-nuevos-fiscales-de-materia-de-los-nueve-departamentos\/"},"author":{"name":"Jeanette","@id":"https:\/\/www.eldiario.net\/portal\/#\/schema\/person\/f46445640444750d7d753ccd04ae01b7"},"headline":"Posesionan a 60 nuevos fiscales de materia de los nueve departamentos","datePublished":"2024-01-03T10:39:23+00:00","mainEntityOfPage":{"@id":"https:\/\/www.eldiario.net\/portal\/2024\/01\/03\/posesionan-a-60-nuevos-fiscales-de-materia-de-los-nueve-departamentos\/"},"wordCount":435,"commentCount":0,"publisher":{"@id":"https:\/\/www.eldiario.net\/portal\/#organization"},"image":{"@id":"https:\/\/www.eldiario.net\/portal\/2024\/01\/03\/posesionan-a-60-nuevos-fiscales-de-materia-de-los-nueve-departamentos\/#primaryimage"},"thumbnailUrl":"https:\/\/www.eldiario.net\/portal\/wp-content\/uploads\/2024\/01\/02ENE.-FISCALES.jpg","articleSection":["Sociedad - Seguridad"],"inLanguage":"es","potentialAction":[{"@type":"CommentAction","name":"Comment","target":["https:\/\/www.eldiario.net\/portal\/2024\/01\/03\/posesionan-a-60-nuevos-fiscales-de-materia-de-los-nueve-departamentos\/#respond"]}]},{"@type":"WebPage","@id":"https:\/\/www.eldiario.net\/portal\/2024\/01\/03\/posesionan-a-60-nuevos-fiscales-de-materia-de-los-nueve-departamentos\/","url":"https:\/\/www.eldiario.net\/portal\/2024\/01\/03\/posesionan-a-60-nuevos-fiscales-de-materia-de-los-nueve-departamentos\/","name":"Posesionan a 60 nuevos fiscales de materia de los nueve departamentos - El Diario - Bolivia","isPartOf":{"@id":"https:\/\/www.eldiario.net\/portal\/#website"},"primaryImageOfPage":{"@id":"https:\/\/www.eldiario.net\/portal\/2024\/01\/03\/posesionan-a-60-nuevos-fiscales-de-materia-de-los-nueve-departamentos\/#primaryimage"},"image":{"@id":"https:\/\/www.eldiario.net\/portal\/2024\/01\/03\/posesionan-a-60-nuevos-fiscales-de-materia-de-los-nueve-departamentos\/#primaryimage"},"thumbnailUrl":"https:\/\/www.eldiario.net\/portal\/wp-content\/uploads\/2024\/01\/02ENE.-FISCALES.jpg","datePublished":"2024-01-03T10:39:23+00:00","breadcrumb":{"@id":"https:\/\/www.eldiario.net\/portal\/2024\/01\/03\/posesionan-a-60-nuevos-fiscales-de-materia-de-los-nueve-departamentos\/#breadcrumb"},"inLanguage":"es","potentialAction":[{"@type":"ReadAction","target":["https:\/\/www.eldiario.net\/portal\/2024\/01\/03\/posesionan-a-60-nuevos-fiscales-de-materia-de-los-nueve-departamentos\/"]}]},{"@type":"ImageObject","inLanguage":"es","@id":"https:\/\/www.eldiario.net\/portal\/2024\/01\/03\/posesionan-a-60-nuevos-fiscales-de-materia-de-los-nueve-departamentos\/#primaryimage","url":"https:\/\/www.eldiario.net\/portal\/wp-content\/uploads\/2024\/01\/02ENE.-FISCALES.jpg","contentUrl":"https:\/\/www.eldiario.net\/portal\/wp-content\/uploads\/2024\/01\/02ENE.-FISCALES.jpg","width":1259,"height":553},{"@type":"BreadcrumbList","@id":"https:\/\/www.eldiario.net\/portal\/2024\/01\/03\/posesionan-a-60-nuevos-fiscales-de-materia-de-los-nueve-departamentos\/#breadcrumb","itemListElement":[{"@type":"ListItem","position":1,"name":"Portada","item":"https:\/\/www.eldiario.net\/portal\/"},{"@type":"ListItem","position":2,"name":"Posesionan a 60 nuevos fiscales de materia de los nueve departamentos"}]},{"@type":"WebSite","@id":"https:\/\/www.eldiario.net\/portal\/#website","url":"https:\/\/www.eldiario.net\/portal\/","name":"El Diario - Decano de la prensa nacional","description":"El Diario - Decano de la prensa nacional","publisher":{"@id":"https:\/\/www.eldiario.net\/portal\/#organization"},"potentialAction":[{"@type":"SearchAction","target":{"@type":"EntryPoint","urlTemplate":"https:\/\/www.eldiario.net\/portal\/?s={search_term_string}"},"query-input":{"@type":"PropertyValueSpecification","valueRequired":true,"valueName":"search_term_string"}}],"inLanguage":"es"},{"@type":"Organization","@id":"https:\/\/www.eldiario.net\/portal\/#organization","name":"El Diario - Decano de la prensa nacional","url":"https:\/\/www.eldiario.net\/portal\/","logo":{"@type":"ImageObject","inLanguage":"es","@id":"https:\/\/www.eldiario.net\/portal\/#\/schema\/logo\/image\/","url":"https:\/\/www.eldiario.net\/portal\/wp-content\/uploads\/2023\/07\/logo_ED.jpg","contentUrl":"https:\/\/www.eldiario.net\/portal\/wp-content\/uploads\/2023\/07\/logo_ED.jpg","width":272,"height":52,"caption":"El Diario - Decano de la prensa nacional"},"image":{"@id":"https:\/\/www.eldiario.net\/portal\/#\/schema\/logo\/image\/"},"sameAs":["https:\/\/www.facebook.com\/eldiario.bolivia\/","https:\/\/x.com\/eldiario_net"]},{"@type":"Person","@id":"https:\/\/www.eldiario.net\/portal\/#\/schema\/person\/f46445640444750d7d753ccd04ae01b7","name":"Jeanette","image":{"@type":"ImageObject","inLanguage":"es","@id":"https:\/\/secure.gravatar.com\/avatar\/3ea2118a5f7dad2b7138b1187a6b7ee55f160b9968b66013c3a3ef39dd7e5798?s=96&d=mm&r=g","url":"https:\/\/secure.gravatar.com\/avatar\/3ea2118a5f7dad2b7138b1187a6b7ee55f160b9968b66013c3a3ef39dd7e5798?s=96&d=mm&r=g","contentUrl":"https:\/\/secure.gravatar.com\/avatar\/3ea2118a5f7dad2b7138b1187a6b7ee55f160b9968b66013c3a3ef39dd7e5798?s=96&d=mm&r=g","caption":"Jeanette"},"sameAs":["https:\/\/www.eldiario.net\/portal"],"url":"https:\/\/www.eldiario.net\/portal\/author\/jeanette\/"}]}},"_links":{"self":[{"href":"https:\/\/www.eldiario.net\/portal\/wp-json\/wp\/v2\/posts\/195664","targetHints":{"allow":["GET"]}}],"collection":[{"href":"https:\/\/www.eldiario.net\/portal\/wp-json\/wp\/v2\/posts"}],"about":[{"href":"https:\/\/www.eldiario.net\/portal\/wp-json\/wp\/v2\/types\/post"}],"author":[{"embeddable":true,"href":"https:\/\/www.eldiario.net\/portal\/wp-json\/wp\/v2\/users\/1"}],"replies":[{"embeddable":true,"href":"https:\/\/www.eldiario.net\/portal\/wp-json\/wp\/v2\/comments?post=195664"}],"version-history":[{"count":1,"href":"https:\/\/www.eldiario.net\/portal\/wp-json\/wp\/v2\/posts\/195664\/revisions"}],"predecessor-version":[{"id":195666,"href":"https:\/\/www.eldiario.net\/portal\/wp-json\/wp\/v2\/posts\/195664\/revisions\/195666"}],"wp:featuredmedia":[{"embeddable":true,"href":"https:\/\/www.eldiario.net\/portal\/wp-json\/wp\/v2\/media\/195665"}],"wp:attachment":[{"href":"https:\/\/www.eldiario.net\/portal\/wp-json\/wp\/v2\/media?parent=195664"}],"wp:term":[{"taxonomy":"category","embeddable":true,"href":"https:\/\/www.eldiario.net\/portal\/wp-json\/wp\/v2\/categories?post=195664"},{"taxonomy":"post_tag","embeddable":true,"href":"https:\/\/www.eldiario.net\/portal\/wp-json\/wp\/v2\/tags?post=195664"}],"curies":[{"name":"wp","href":"https:\/\/api.w.org\/{rel}","templated":true}]}}