{"id":195661,"date":"2024-01-03T06:38:33","date_gmt":"2024-01-03T10:38:33","guid":{"rendered":"https:\/\/www.eldiario.net\/portal\/?p=195661"},"modified":"2024-01-03T06:38:33","modified_gmt":"2024-01-03T10:38:33","slug":"envian-8-85-toneladas-de-ayuda-humanitaria-para-damnificados","status":"publish","type":"post","link":"https:\/\/www.eldiario.net\/portal\/2024\/01\/03\/envian-8-85-toneladas-de-ayuda-humanitaria-para-damnificados\/","title":{"rendered":"Env\u00edan 8.85 toneladas de ayuda  humanitaria para damnificados"},"content":{"rendered":"<p>El Gobierno Nacional hizo entrega de m\u00e1s de ocho toneladas de ayuda humanitaria para 200 familias afectadas por la mazamorra y deslizamientos del norte de La Paz, principalmente en el municipio de La Asunta.<br \/>\nLa donaci\u00f3n, calculada en 131.751 bolivianos, consta de alimentos, como arroz y fideo, frazadas, carretillas, bidones de agua y ropa, inform\u00f3, en conferencia de prensa ayer, el viceministro de Defensa Civil, Juan Carlos Calvimontes.<br \/>\nLos bienes adquiridos para las familias afectadas por el deslizamiento a principios de a\u00f1o, sumaron un valor de 131.751,20 bolivianos. El Ministerio de Gobierno recolect\u00f3 un cargamento de ayuda humanitaria consistente en 6,61 toneladas de alimentos, cobijas y ropa, y 2,24 toneladas de agua y vituallas, que ser\u00e1n distribuidas a las 200 familias afectadas de manera inmediata.<br \/>\nCalvimontes detall\u00f3 que la entrega de alimentos consiste en harina, arroz y aceite. Tambi\u00e9n se entreg\u00f3 colchones, frazadas, edredones y ropa a la representante de las familias afectadas. Asimismo, se recolectaron carretillas, bidones, ba\u00f1adores y purificadores de agua. La autoridad asegur\u00f3 que la distribuci\u00f3n ser\u00e1 inmediata.<br \/>\nEl Viceministro tambi\u00e9n indic\u00f3 que \u201cse instruy\u00f3 el uso de maquinaria pesada para la limpieza del lodo en coordinaci\u00f3n con el Gobierno municipal que est\u00e1 atendiendo a la poblaci\u00f3n\u201d, y asegur\u00f3 que \u201cse est\u00e1 realizando la evaluaci\u00f3n de las viviendas perdidas bajo la competencia de la Agencia Estatal de Vivienda (AEV) para su reposici\u00f3n al 100%\u201d.<br \/>\nCalvimontes inform\u00f3 sobre c\u00f3mo \u00e9sta riada afect\u00f3 a otras zonas aleda\u00f1as de La Asunta, y tambi\u00e9n cuestion\u00f3 que en esta iniciativa de apoyo humanitario no estuvo presente el gobernador del departamento de La Paz, Santos Quispe.<br \/>\n\u201cLa comunidad de La Asunta ha sido la m\u00e1s afectada, evidentemente por el tema de la mazamorra que ha llegado al lugar, pero el municipio en s\u00ed, en la primera oportunidad de la riada, tuvo afectaci\u00f3n en otras comunidades que, si bien no fueron graves, hay necesidad de atender por el mandato de la ley 602\u201d, asever\u00f3 al diario Los Tiempos.<br \/>\nA fines del pasado a\u00f1o, una torrencial lluvia en la comunidad Las Mercedes en La Asunta, al norte de La Paz, provoc\u00f3 una riada que dej\u00f3 varias viviendas y calles anegadas. Los vecinos reportaron que esto ocurri\u00f3 por segunda vez en los \u00faltimos meses, y luego de intentar desviar la riada por sus propios medios, vivieron momentos de zozobra y terror, sin recibir apoyo por parte de la Gobernaci\u00f3n. En aquel entonces, Calvimontes hab\u00eda sostenido que varias viviendas no fueron construidas con la planificaci\u00f3n adecuada.<\/p>\n","protected":false},"excerpt":{"rendered":"<p>El Gobierno Nacional hizo entrega de m\u00e1s de ocho toneladas de ayuda humanitaria para 200 familias afectadas por la mazamorra y deslizamientos del norte de La Paz, principalmente en el municipio de La Asunta. La donaci\u00f3n, calculada en 131.751 bolivianos, consta de alimentos, como arroz y fideo, frazadas, carretillas, bidones de agua y ropa, inform\u00f3, [&hellip;]<\/p>\n","protected":false},"author":1,"featured_media":195662,"comment_status":"open","ping_status":"open","sticky":false,"template":"","format":"standard","meta":{"_acf_changed":false,"footnotes":""},"categories":[39],"tags":[],"class_list":["post-195661","post","type-post","status-publish","format-standard","has-post-thumbnail","category-sociedad"],"acf":{"antetitulo":"Al municipio de La Asunta"},"yoast_head":"<!-- This site is optimized with the Yoast SEO plugin v28.4 - https:\/\/yoast.com\/product\/yoast-seo-wordpress\/ -->\n<title>Env\u00edan 8.85 toneladas de ayuda humanitaria para damnificados - El Diario - Bolivia<\/title>\n<meta name=\"robots\" content=\"index, follow, max-snippet:-1, max-image-preview:large, max-video-preview:-1\" \/>\n<link rel=\"canonical\" href=\"https:\/\/www.eldiario.net\/portal\/2024\/01\/03\/envian-8-85-toneladas-de-ayuda-humanitaria-para-damnificados\/\" \/>\n<meta property=\"og:locale\" content=\"es_ES\" \/>\n<meta property=\"og:type\" content=\"article\" \/>\n<meta property=\"og:title\" content=\"Env\u00edan 8.85 toneladas de ayuda humanitaria para damnificados - El Diario - Bolivia\" \/>\n<meta property=\"og:description\" content=\"El Gobierno Nacional hizo entrega de m\u00e1s de ocho toneladas de ayuda humanitaria para 200 familias afectadas por la mazamorra y deslizamientos del norte de La Paz, principalmente en el municipio de La Asunta. La donaci\u00f3n, calculada en 131.751 bolivianos, consta de alimentos, como arroz y fideo, frazadas, carretillas, bidones de agua y ropa, inform\u00f3, [&hellip;]\" \/>\n<meta property=\"og:url\" content=\"https:\/\/www.eldiario.net\/portal\/2024\/01\/03\/envian-8-85-toneladas-de-ayuda-humanitaria-para-damnificados\/\" \/>\n<meta property=\"og:site_name\" content=\"El Diario - Bolivia\" \/>\n<meta property=\"article:publisher\" content=\"https:\/\/www.facebook.com\/eldiario.bolivia\/\" \/>\n<meta property=\"article:published_time\" content=\"2024-01-03T10:38:33+00:00\" \/>\n<meta property=\"og:image\" content=\"https:\/\/www.eldiario.net\/portal\/wp-content\/uploads\/2024\/01\/02ENE.-ASUNTA-e1704278304825.jpg\" \/>\n\t<meta property=\"og:image:width\" content=\"720\" \/>\n\t<meta property=\"og:image:height\" content=\"829\" \/>\n\t<meta property=\"og:image:type\" content=\"image\/jpeg\" \/>\n<meta name=\"author\" content=\"Jeanette\" \/>\n<meta name=\"twitter:card\" content=\"summary_large_image\" \/>\n<meta name=\"twitter:creator\" content=\"@eldiario_net\" \/>\n<meta name=\"twitter:site\" content=\"@eldiario_net\" \/>\n<meta name=\"twitter:label1\" content=\"Escrito por\" \/>\n\t<meta name=\"twitter:data1\" content=\"Jeanette\" \/>\n\t<meta name=\"twitter:label2\" content=\"Tiempo de lectura\" \/>\n\t<meta name=\"twitter:data2\" content=\"3 minutos\" \/>\n<script type=\"application\/ld+json\" class=\"yoast-schema-graph\">{\"@context\":\"https:\\\/\\\/schema.org\",\"@graph\":[{\"@type\":\"Article\",\"@id\":\"https:\\\/\\\/www.eldiario.net\\\/portal\\\/2024\\\/01\\\/03\\\/envian-8-85-toneladas-de-ayuda-humanitaria-para-damnificados\\\/#article\",\"isPartOf\":{\"@id\":\"https:\\\/\\\/www.eldiario.net\\\/portal\\\/2024\\\/01\\\/03\\\/envian-8-85-toneladas-de-ayuda-humanitaria-para-damnificados\\\/\"},\"author\":{\"name\":\"Jeanette\",\"@id\":\"https:\\\/\\\/www.eldiario.net\\\/portal\\\/#\\\/schema\\\/person\\\/f46445640444750d7d753ccd04ae01b7\"},\"headline\":\"Env\u00edan 8.85 toneladas de ayuda humanitaria para damnificados\",\"datePublished\":\"2024-01-03T10:38:33+00:00\",\"mainEntityOfPage\":{\"@id\":\"https:\\\/\\\/www.eldiario.net\\\/portal\\\/2024\\\/01\\\/03\\\/envian-8-85-toneladas-de-ayuda-humanitaria-para-damnificados\\\/\"},\"wordCount\":430,\"commentCount\":0,\"publisher\":{\"@id\":\"https:\\\/\\\/www.eldiario.net\\\/portal\\\/#organization\"},\"image\":{\"@id\":\"https:\\\/\\\/www.eldiario.net\\\/portal\\\/2024\\\/01\\\/03\\\/envian-8-85-toneladas-de-ayuda-humanitaria-para-damnificados\\\/#primaryimage\"},\"thumbnailUrl\":\"https:\\\/\\\/www.eldiario.net\\\/portal\\\/wp-content\\\/uploads\\\/2024\\\/01\\\/02ENE.-ASUNTA-e1704278304825.jpg\",\"articleSection\":[\"Sociedad - Seguridad\"],\"inLanguage\":\"es\",\"potentialAction\":[{\"@type\":\"CommentAction\",\"name\":\"Comment\",\"target\":[\"https:\\\/\\\/www.eldiario.net\\\/portal\\\/2024\\\/01\\\/03\\\/envian-8-85-toneladas-de-ayuda-humanitaria-para-damnificados\\\/#respond\"]}]},{\"@type\":\"WebPage\",\"@id\":\"https:\\\/\\\/www.eldiario.net\\\/portal\\\/2024\\\/01\\\/03\\\/envian-8-85-toneladas-de-ayuda-humanitaria-para-damnificados\\\/\",\"url\":\"https:\\\/\\\/www.eldiario.net\\\/portal\\\/2024\\\/01\\\/03\\\/envian-8-85-toneladas-de-ayuda-humanitaria-para-damnificados\\\/\",\"name\":\"Env\u00edan 8.85 toneladas de ayuda humanitaria para damnificados - El Diario - Bolivia\",\"isPartOf\":{\"@id\":\"https:\\\/\\\/www.eldiario.net\\\/portal\\\/#website\"},\"primaryImageOfPage\":{\"@id\":\"https:\\\/\\\/www.eldiario.net\\\/portal\\\/2024\\\/01\\\/03\\\/envian-8-85-toneladas-de-ayuda-humanitaria-para-damnificados\\\/#primaryimage\"},\"image\":{\"@id\":\"https:\\\/\\\/www.eldiario.net\\\/portal\\\/2024\\\/01\\\/03\\\/envian-8-85-toneladas-de-ayuda-humanitaria-para-damnificados\\\/#primaryimage\"},\"thumbnailUrl\":\"https:\\\/\\\/www.eldiario.net\\\/portal\\\/wp-content\\\/uploads\\\/2024\\\/01\\\/02ENE.-ASUNTA-e1704278304825.jpg\",\"datePublished\":\"2024-01-03T10:38:33+00:00\",\"breadcrumb\":{\"@id\":\"https:\\\/\\\/www.eldiario.net\\\/portal\\\/2024\\\/01\\\/03\\\/envian-8-85-toneladas-de-ayuda-humanitaria-para-damnificados\\\/#breadcrumb\"},\"inLanguage\":\"es\",\"potentialAction\":[{\"@type\":\"ReadAction\",\"target\":[\"https:\\\/\\\/www.eldiario.net\\\/portal\\\/2024\\\/01\\\/03\\\/envian-8-85-toneladas-de-ayuda-humanitaria-para-damnificados\\\/\"]}]},{\"@type\":\"ImageObject\",\"inLanguage\":\"es\",\"@id\":\"https:\\\/\\\/www.eldiario.net\\\/portal\\\/2024\\\/01\\\/03\\\/envian-8-85-toneladas-de-ayuda-humanitaria-para-damnificados\\\/#primaryimage\",\"url\":\"https:\\\/\\\/www.eldiario.net\\\/portal\\\/wp-content\\\/uploads\\\/2024\\\/01\\\/02ENE.-ASUNTA-e1704278304825.jpg\",\"contentUrl\":\"https:\\\/\\\/www.eldiario.net\\\/portal\\\/wp-content\\\/uploads\\\/2024\\\/01\\\/02ENE.-ASUNTA-e1704278304825.jpg\",\"width\":720,\"height\":829,\"caption\":\"Parte de la ayuda humanitaria que Defensa Civil entregar\u00e1 a los damnificados. Ministerio de Defensa\"},{\"@type\":\"BreadcrumbList\",\"@id\":\"https:\\\/\\\/www.eldiario.net\\\/portal\\\/2024\\\/01\\\/03\\\/envian-8-85-toneladas-de-ayuda-humanitaria-para-damnificados\\\/#breadcrumb\",\"itemListElement\":[{\"@type\":\"ListItem\",\"position\":1,\"name\":\"Portada\",\"item\":\"https:\\\/\\\/www.eldiario.net\\\/portal\\\/\"},{\"@type\":\"ListItem\",\"position\":2,\"name\":\"Env\u00edan 8.85 toneladas de ayuda humanitaria para damnificados\"}]},{\"@type\":\"WebSite\",\"@id\":\"https:\\\/\\\/www.eldiario.net\\\/portal\\\/#website\",\"url\":\"https:\\\/\\\/www.eldiario.net\\\/portal\\\/\",\"name\":\"El Diario - Decano de la prensa nacional\",\"description\":\"El Diario - Decano de la prensa nacional\",\"publisher\":{\"@id\":\"https:\\\/\\\/www.eldiario.net\\\/portal\\\/#organization\"},\"potentialAction\":[{\"@type\":\"SearchAction\",\"target\":{\"@type\":\"EntryPoint\",\"urlTemplate\":\"https:\\\/\\\/www.eldiario.net\\\/portal\\\/?s={search_term_string}\"},\"query-input\":{\"@type\":\"PropertyValueSpecification\",\"valueRequired\":true,\"valueName\":\"search_term_string\"}}],\"inLanguage\":\"es\"},{\"@type\":\"Organization\",\"@id\":\"https:\\\/\\\/www.eldiario.net\\\/portal\\\/#organization\",\"name\":\"El Diario - Decano de la prensa nacional\",\"url\":\"https:\\\/\\\/www.eldiario.net\\\/portal\\\/\",\"logo\":{\"@type\":\"ImageObject\",\"inLanguage\":\"es\",\"@id\":\"https:\\\/\\\/www.eldiario.net\\\/portal\\\/#\\\/schema\\\/logo\\\/image\\\/\",\"url\":\"https:\\\/\\\/www.eldiario.net\\\/portal\\\/wp-content\\\/uploads\\\/2023\\\/07\\\/logo_ED.jpg\",\"contentUrl\":\"https:\\\/\\\/www.eldiario.net\\\/portal\\\/wp-content\\\/uploads\\\/2023\\\/07\\\/logo_ED.jpg\",\"width\":272,\"height\":52,\"caption\":\"El Diario - Decano de la prensa nacional\"},\"image\":{\"@id\":\"https:\\\/\\\/www.eldiario.net\\\/portal\\\/#\\\/schema\\\/logo\\\/image\\\/\"},\"sameAs\":[\"https:\\\/\\\/www.facebook.com\\\/eldiario.bolivia\\\/\",\"https:\\\/\\\/x.com\\\/eldiario_net\"]},{\"@type\":\"Person\",\"@id\":\"https:\\\/\\\/www.eldiario.net\\\/portal\\\/#\\\/schema\\\/person\\\/f46445640444750d7d753ccd04ae01b7\",\"name\":\"Jeanette\",\"image\":{\"@type\":\"ImageObject\",\"inLanguage\":\"es\",\"@id\":\"https:\\\/\\\/secure.gravatar.com\\\/avatar\\\/3ea2118a5f7dad2b7138b1187a6b7ee55f160b9968b66013c3a3ef39dd7e5798?s=96&d=mm&r=g\",\"url\":\"https:\\\/\\\/secure.gravatar.com\\\/avatar\\\/3ea2118a5f7dad2b7138b1187a6b7ee55f160b9968b66013c3a3ef39dd7e5798?s=96&d=mm&r=g\",\"contentUrl\":\"https:\\\/\\\/secure.gravatar.com\\\/avatar\\\/3ea2118a5f7dad2b7138b1187a6b7ee55f160b9968b66013c3a3ef39dd7e5798?s=96&d=mm&r=g\",\"caption\":\"Jeanette\"},\"sameAs\":[\"https:\\\/\\\/www.eldiario.net\\\/portal\"],\"url\":\"https:\\\/\\\/www.eldiario.net\\\/portal\\\/author\\\/jeanette\\\/\"}]}<\/script>\n<!-- \/ Yoast SEO plugin. -->","yoast_head_json":{"title":"Env\u00edan 8.85 toneladas de ayuda humanitaria para damnificados - El Diario - Bolivia","robots":{"index":"index","follow":"follow","max-snippet":"max-snippet:-1","max-image-preview":"max-image-preview:large","max-video-preview":"max-video-preview:-1"},"canonical":"https:\/\/www.eldiario.net\/portal\/2024\/01\/03\/envian-8-85-toneladas-de-ayuda-humanitaria-para-damnificados\/","og_locale":"es_ES","og_type":"article","og_title":"Env\u00edan 8.85 toneladas de ayuda humanitaria para damnificados - El Diario - Bolivia","og_description":"El Gobierno Nacional hizo entrega de m\u00e1s de ocho toneladas de ayuda humanitaria para 200 familias afectadas por la mazamorra y deslizamientos del norte de La Paz, principalmente en el municipio de La Asunta. La donaci\u00f3n, calculada en 131.751 bolivianos, consta de alimentos, como arroz y fideo, frazadas, carretillas, bidones de agua y ropa, inform\u00f3, [&hellip;]","og_url":"https:\/\/www.eldiario.net\/portal\/2024\/01\/03\/envian-8-85-toneladas-de-ayuda-humanitaria-para-damnificados\/","og_site_name":"El Diario - Bolivia","article_publisher":"https:\/\/www.facebook.com\/eldiario.bolivia\/","article_published_time":"2024-01-03T10:38:33+00:00","og_image":[{"width":720,"height":829,"url":"https:\/\/www.eldiario.net\/portal\/wp-content\/uploads\/2024\/01\/02ENE.-ASUNTA-e1704278304825.jpg","type":"image\/jpeg"}],"author":"Jeanette","twitter_card":"summary_large_image","twitter_creator":"@eldiario_net","twitter_site":"@eldiario_net","twitter_misc":{"Escrito por":"Jeanette","Tiempo de lectura":"3 minutos"},"schema":{"@context":"https:\/\/schema.org","@graph":[{"@type":"Article","@id":"https:\/\/www.eldiario.net\/portal\/2024\/01\/03\/envian-8-85-toneladas-de-ayuda-humanitaria-para-damnificados\/#article","isPartOf":{"@id":"https:\/\/www.eldiario.net\/portal\/2024\/01\/03\/envian-8-85-toneladas-de-ayuda-humanitaria-para-damnificados\/"},"author":{"name":"Jeanette","@id":"https:\/\/www.eldiario.net\/portal\/#\/schema\/person\/f46445640444750d7d753ccd04ae01b7"},"headline":"Env\u00edan 8.85 toneladas de ayuda humanitaria para damnificados","datePublished":"2024-01-03T10:38:33+00:00","mainEntityOfPage":{"@id":"https:\/\/www.eldiario.net\/portal\/2024\/01\/03\/envian-8-85-toneladas-de-ayuda-humanitaria-para-damnificados\/"},"wordCount":430,"commentCount":0,"publisher":{"@id":"https:\/\/www.eldiario.net\/portal\/#organization"},"image":{"@id":"https:\/\/www.eldiario.net\/portal\/2024\/01\/03\/envian-8-85-toneladas-de-ayuda-humanitaria-para-damnificados\/#primaryimage"},"thumbnailUrl":"https:\/\/www.eldiario.net\/portal\/wp-content\/uploads\/2024\/01\/02ENE.-ASUNTA-e1704278304825.jpg","articleSection":["Sociedad - Seguridad"],"inLanguage":"es","potentialAction":[{"@type":"CommentAction","name":"Comment","target":["https:\/\/www.eldiario.net\/portal\/2024\/01\/03\/envian-8-85-toneladas-de-ayuda-humanitaria-para-damnificados\/#respond"]}]},{"@type":"WebPage","@id":"https:\/\/www.eldiario.net\/portal\/2024\/01\/03\/envian-8-85-toneladas-de-ayuda-humanitaria-para-damnificados\/","url":"https:\/\/www.eldiario.net\/portal\/2024\/01\/03\/envian-8-85-toneladas-de-ayuda-humanitaria-para-damnificados\/","name":"Env\u00edan 8.85 toneladas de ayuda humanitaria para damnificados - El Diario - Bolivia","isPartOf":{"@id":"https:\/\/www.eldiario.net\/portal\/#website"},"primaryImageOfPage":{"@id":"https:\/\/www.eldiario.net\/portal\/2024\/01\/03\/envian-8-85-toneladas-de-ayuda-humanitaria-para-damnificados\/#primaryimage"},"image":{"@id":"https:\/\/www.eldiario.net\/portal\/2024\/01\/03\/envian-8-85-toneladas-de-ayuda-humanitaria-para-damnificados\/#primaryimage"},"thumbnailUrl":"https:\/\/www.eldiario.net\/portal\/wp-content\/uploads\/2024\/01\/02ENE.-ASUNTA-e1704278304825.jpg","datePublished":"2024-01-03T10:38:33+00:00","breadcrumb":{"@id":"https:\/\/www.eldiario.net\/portal\/2024\/01\/03\/envian-8-85-toneladas-de-ayuda-humanitaria-para-damnificados\/#breadcrumb"},"inLanguage":"es","potentialAction":[{"@type":"ReadAction","target":["https:\/\/www.eldiario.net\/portal\/2024\/01\/03\/envian-8-85-toneladas-de-ayuda-humanitaria-para-damnificados\/"]}]},{"@type":"ImageObject","inLanguage":"es","@id":"https:\/\/www.eldiario.net\/portal\/2024\/01\/03\/envian-8-85-toneladas-de-ayuda-humanitaria-para-damnificados\/#primaryimage","url":"https:\/\/www.eldiario.net\/portal\/wp-content\/uploads\/2024\/01\/02ENE.-ASUNTA-e1704278304825.jpg","contentUrl":"https:\/\/www.eldiario.net\/portal\/wp-content\/uploads\/2024\/01\/02ENE.-ASUNTA-e1704278304825.jpg","width":720,"height":829,"caption":"Parte de la ayuda humanitaria que Defensa Civil entregar\u00e1 a los damnificados. Ministerio de Defensa"},{"@type":"BreadcrumbList","@id":"https:\/\/www.eldiario.net\/portal\/2024\/01\/03\/envian-8-85-toneladas-de-ayuda-humanitaria-para-damnificados\/#breadcrumb","itemListElement":[{"@type":"ListItem","position":1,"name":"Portada","item":"https:\/\/www.eldiario.net\/portal\/"},{"@type":"ListItem","position":2,"name":"Env\u00edan 8.85 toneladas de ayuda humanitaria para damnificados"}]},{"@type":"WebSite","@id":"https:\/\/www.eldiario.net\/portal\/#website","url":"https:\/\/www.eldiario.net\/portal\/","name":"El Diario - Decano de la prensa nacional","description":"El Diario - Decano de la prensa nacional","publisher":{"@id":"https:\/\/www.eldiario.net\/portal\/#organization"},"potentialAction":[{"@type":"SearchAction","target":{"@type":"EntryPoint","urlTemplate":"https:\/\/www.eldiario.net\/portal\/?s={search_term_string}"},"query-input":{"@type":"PropertyValueSpecification","valueRequired":true,"valueName":"search_term_string"}}],"inLanguage":"es"},{"@type":"Organization","@id":"https:\/\/www.eldiario.net\/portal\/#organization","name":"El Diario - Decano de la prensa nacional","url":"https:\/\/www.eldiario.net\/portal\/","logo":{"@type":"ImageObject","inLanguage":"es","@id":"https:\/\/www.eldiario.net\/portal\/#\/schema\/logo\/image\/","url":"https:\/\/www.eldiario.net\/portal\/wp-content\/uploads\/2023\/07\/logo_ED.jpg","contentUrl":"https:\/\/www.eldiario.net\/portal\/wp-content\/uploads\/2023\/07\/logo_ED.jpg","width":272,"height":52,"caption":"El Diario - Decano de la prensa nacional"},"image":{"@id":"https:\/\/www.eldiario.net\/portal\/#\/schema\/logo\/image\/"},"sameAs":["https:\/\/www.facebook.com\/eldiario.bolivia\/","https:\/\/x.com\/eldiario_net"]},{"@type":"Person","@id":"https:\/\/www.eldiario.net\/portal\/#\/schema\/person\/f46445640444750d7d753ccd04ae01b7","name":"Jeanette","image":{"@type":"ImageObject","inLanguage":"es","@id":"https:\/\/secure.gravatar.com\/avatar\/3ea2118a5f7dad2b7138b1187a6b7ee55f160b9968b66013c3a3ef39dd7e5798?s=96&d=mm&r=g","url":"https:\/\/secure.gravatar.com\/avatar\/3ea2118a5f7dad2b7138b1187a6b7ee55f160b9968b66013c3a3ef39dd7e5798?s=96&d=mm&r=g","contentUrl":"https:\/\/secure.gravatar.com\/avatar\/3ea2118a5f7dad2b7138b1187a6b7ee55f160b9968b66013c3a3ef39dd7e5798?s=96&d=mm&r=g","caption":"Jeanette"},"sameAs":["https:\/\/www.eldiario.net\/portal"],"url":"https:\/\/www.eldiario.net\/portal\/author\/jeanette\/"}]}},"_links":{"self":[{"href":"https:\/\/www.eldiario.net\/portal\/wp-json\/wp\/v2\/posts\/195661","targetHints":{"allow":["GET"]}}],"collection":[{"href":"https:\/\/www.eldiario.net\/portal\/wp-json\/wp\/v2\/posts"}],"about":[{"href":"https:\/\/www.eldiario.net\/portal\/wp-json\/wp\/v2\/types\/post"}],"author":[{"embeddable":true,"href":"https:\/\/www.eldiario.net\/portal\/wp-json\/wp\/v2\/users\/1"}],"replies":[{"embeddable":true,"href":"https:\/\/www.eldiario.net\/portal\/wp-json\/wp\/v2\/comments?post=195661"}],"version-history":[{"count":1,"href":"https:\/\/www.eldiario.net\/portal\/wp-json\/wp\/v2\/posts\/195661\/revisions"}],"predecessor-version":[{"id":195663,"href":"https:\/\/www.eldiario.net\/portal\/wp-json\/wp\/v2\/posts\/195661\/revisions\/195663"}],"wp:featuredmedia":[{"embeddable":true,"href":"https:\/\/www.eldiario.net\/portal\/wp-json\/wp\/v2\/media\/195662"}],"wp:attachment":[{"href":"https:\/\/www.eldiario.net\/portal\/wp-json\/wp\/v2\/media?parent=195661"}],"wp:term":[{"taxonomy":"category","embeddable":true,"href":"https:\/\/www.eldiario.net\/portal\/wp-json\/wp\/v2\/categories?post=195661"},{"taxonomy":"post_tag","embeddable":true,"href":"https:\/\/www.eldiario.net\/portal\/wp-json\/wp\/v2\/tags?post=195661"}],"curies":[{"name":"wp","href":"https:\/\/api.w.org\/{rel}","templated":true}]}}