{"id":195658,"date":"2024-01-03T06:37:06","date_gmt":"2024-01-03T10:37:06","guid":{"rendered":"https:\/\/www.eldiario.net\/portal\/?p=195658"},"modified":"2024-01-03T06:37:06","modified_gmt":"2024-01-03T10:37:06","slug":"hombre-muere-tras-caer-por-cascada-de-samaipata","status":"publish","type":"post","link":"https:\/\/www.eldiario.net\/portal\/2024\/01\/03\/hombre-muere-tras-caer-por-cascada-de-samaipata\/","title":{"rendered":"Hombre muere tras caer por Cascada de Samaipata"},"content":{"rendered":"<p>Un hombre de 33 a\u00f1os falleci\u00f3 al caer aproximadamente 50 metros por El Puente de la Cascada de El Fuerte, en Samaipata. El sujeto, alba\u00f1il de oficio, regresaba a la ciudad cruce\u00f1a con sus amigos luego de celebrar las fiestas de fin de a\u00f1o.<br \/>\nTras bajarse del veh\u00edculo en el que viajaban para tomarse una fotograf\u00eda, habr\u00eda resbalado y ca\u00eddo por la cascada. El Grupo de Intervenci\u00f3n y Rescate de los Valles Cruce\u00f1os (Girvac) realiz\u00f3 el levantamiento del cad\u00e1ver y lo entreg\u00f3 a la Polic\u00eda, la tarde del pasado lunes.<br \/>\nLa familia del fallecido hizo el llamado de emergencia alrededor de las 10:00 horas del lunes 1 de enero. Luego de cuatro horas de trabajo de rescate del Girvac, encontraron que el fallecido sufri\u00f3 algunos golpes y se determin\u00f3 que el hombre se habr\u00eda golpeado la cabeza y habr\u00eda perdido el conocimiento, para finalmente fallecer ahogado.<br \/>\nLa familia considera que es un hecho fortuito, por lo que se neg\u00f3 a que se realice una autopsia y firmaron un acta de oposici\u00f3n para que el cuerpo sea devuelto, seg\u00fan se inform\u00f3 a los medios. Los familiares declararon que no es necesaria una investigaci\u00f3n y tambi\u00e9n reclamaron que el lugar no tiene medidas de seguridad pese a ser un lugar tur\u00edstico.<br \/>\n\u00abHab\u00edan parado en la cascada del puente de El Fuerte, sobre la carretera a unos cinco minutos, a sacarse fotograf\u00edas. Entonces, \u00e9l se pega mucho hacia la orilla, sufre un resbal\u00f3n y cae aproximadamente 60 metros de altura\u00bb, indic\u00f3 Milton Figueroa, uno de los voluntarios del Grupo de Rescate de los Valles Cruce\u00f1os, a la prensa.<br \/>\nFigueroa tambi\u00e9n declar\u00f3 que debido a la topograf\u00eda accidentada del lugar, fue complicado el rescate, pero tuvieron que abrirse paso, usar cuerdas y rescatar el cuerpo, despu\u00e9s de casi 4 horas de trabajo, cuya identidad a\u00fan no fue revelada. (Red Uno y Erbol)<br \/>\nFOTO:<br \/>\nCR\u00c9DITO: uyuniviajes.com<\/p>\n","protected":false},"excerpt":{"rendered":"<p>Un hombre de 33 a\u00f1os falleci\u00f3 al caer aproximadamente 50 metros por El Puente de la Cascada de El Fuerte, en Samaipata. El sujeto, alba\u00f1il de oficio, regresaba a la ciudad cruce\u00f1a con sus amigos luego de celebrar las fiestas de fin de a\u00f1o. Tras bajarse del veh\u00edculo en el que viajaban para tomarse una [&hellip;]<\/p>\n","protected":false},"author":1,"featured_media":195659,"comment_status":"open","ping_status":"open","sticky":false,"template":"","format":"standard","meta":{"_acf_changed":false,"footnotes":""},"categories":[39],"tags":[],"class_list":["post-195658","post","type-post","status-publish","format-standard","has-post-thumbnail","category-sociedad"],"acf":{"antetitulo":"Intentaba tomarse una foto al volver a Santa Cruz"},"yoast_head":"<!-- This site is optimized with the Yoast SEO plugin v28.4 - https:\/\/yoast.com\/product\/yoast-seo-wordpress\/ -->\n<title>Hombre muere tras caer por Cascada de Samaipata - El Diario - Bolivia<\/title>\n<meta name=\"robots\" content=\"index, follow, max-snippet:-1, max-image-preview:large, max-video-preview:-1\" \/>\n<link rel=\"canonical\" href=\"https:\/\/www.eldiario.net\/portal\/2024\/01\/03\/hombre-muere-tras-caer-por-cascada-de-samaipata\/\" \/>\n<meta property=\"og:locale\" content=\"es_ES\" \/>\n<meta property=\"og:type\" content=\"article\" \/>\n<meta property=\"og:title\" content=\"Hombre muere tras caer por Cascada de Samaipata - El Diario - Bolivia\" \/>\n<meta property=\"og:description\" content=\"Un hombre de 33 a\u00f1os falleci\u00f3 al caer aproximadamente 50 metros por El Puente de la Cascada de El Fuerte, en Samaipata. El sujeto, alba\u00f1il de oficio, regresaba a la ciudad cruce\u00f1a con sus amigos luego de celebrar las fiestas de fin de a\u00f1o. Tras bajarse del veh\u00edculo en el que viajaban para tomarse una [&hellip;]\" \/>\n<meta property=\"og:url\" content=\"https:\/\/www.eldiario.net\/portal\/2024\/01\/03\/hombre-muere-tras-caer-por-cascada-de-samaipata\/\" \/>\n<meta property=\"og:site_name\" content=\"El Diario - Bolivia\" \/>\n<meta property=\"article:publisher\" content=\"https:\/\/www.facebook.com\/eldiario.bolivia\/\" \/>\n<meta property=\"article:published_time\" content=\"2024-01-03T10:37:06+00:00\" \/>\n<meta property=\"og:image\" content=\"https:\/\/www.eldiario.net\/portal\/wp-content\/uploads\/2024\/01\/02ENE.-CASCADA.jpg\" \/>\n\t<meta property=\"og:image:width\" content=\"763\" \/>\n\t<meta property=\"og:image:height\" content=\"509\" \/>\n\t<meta property=\"og:image:type\" content=\"image\/jpeg\" \/>\n<meta name=\"author\" content=\"Jeanette\" \/>\n<meta name=\"twitter:card\" content=\"summary_large_image\" \/>\n<meta name=\"twitter:creator\" content=\"@eldiario_net\" \/>\n<meta name=\"twitter:site\" content=\"@eldiario_net\" \/>\n<meta name=\"twitter:label1\" content=\"Escrito por\" \/>\n\t<meta name=\"twitter:data1\" content=\"Jeanette\" \/>\n\t<meta name=\"twitter:label2\" content=\"Tiempo de lectura\" \/>\n\t<meta name=\"twitter:data2\" content=\"2 minutos\" \/>\n<script type=\"application\/ld+json\" class=\"yoast-schema-graph\">{\"@context\":\"https:\\\/\\\/schema.org\",\"@graph\":[{\"@type\":\"Article\",\"@id\":\"https:\\\/\\\/www.eldiario.net\\\/portal\\\/2024\\\/01\\\/03\\\/hombre-muere-tras-caer-por-cascada-de-samaipata\\\/#article\",\"isPartOf\":{\"@id\":\"https:\\\/\\\/www.eldiario.net\\\/portal\\\/2024\\\/01\\\/03\\\/hombre-muere-tras-caer-por-cascada-de-samaipata\\\/\"},\"author\":{\"name\":\"Jeanette\",\"@id\":\"https:\\\/\\\/www.eldiario.net\\\/portal\\\/#\\\/schema\\\/person\\\/f46445640444750d7d753ccd04ae01b7\"},\"headline\":\"Hombre muere tras caer por Cascada de Samaipata\",\"datePublished\":\"2024-01-03T10:37:06+00:00\",\"mainEntityOfPage\":{\"@id\":\"https:\\\/\\\/www.eldiario.net\\\/portal\\\/2024\\\/01\\\/03\\\/hombre-muere-tras-caer-por-cascada-de-samaipata\\\/\"},\"wordCount\":342,\"commentCount\":0,\"publisher\":{\"@id\":\"https:\\\/\\\/www.eldiario.net\\\/portal\\\/#organization\"},\"image\":{\"@id\":\"https:\\\/\\\/www.eldiario.net\\\/portal\\\/2024\\\/01\\\/03\\\/hombre-muere-tras-caer-por-cascada-de-samaipata\\\/#primaryimage\"},\"thumbnailUrl\":\"https:\\\/\\\/www.eldiario.net\\\/portal\\\/wp-content\\\/uploads\\\/2024\\\/01\\\/02ENE.-CASCADA.jpg\",\"articleSection\":[\"Sociedad - Seguridad\"],\"inLanguage\":\"es\",\"potentialAction\":[{\"@type\":\"CommentAction\",\"name\":\"Comment\",\"target\":[\"https:\\\/\\\/www.eldiario.net\\\/portal\\\/2024\\\/01\\\/03\\\/hombre-muere-tras-caer-por-cascada-de-samaipata\\\/#respond\"]}]},{\"@type\":\"WebPage\",\"@id\":\"https:\\\/\\\/www.eldiario.net\\\/portal\\\/2024\\\/01\\\/03\\\/hombre-muere-tras-caer-por-cascada-de-samaipata\\\/\",\"url\":\"https:\\\/\\\/www.eldiario.net\\\/portal\\\/2024\\\/01\\\/03\\\/hombre-muere-tras-caer-por-cascada-de-samaipata\\\/\",\"name\":\"Hombre muere tras caer por Cascada de Samaipata - El Diario - Bolivia\",\"isPartOf\":{\"@id\":\"https:\\\/\\\/www.eldiario.net\\\/portal\\\/#website\"},\"primaryImageOfPage\":{\"@id\":\"https:\\\/\\\/www.eldiario.net\\\/portal\\\/2024\\\/01\\\/03\\\/hombre-muere-tras-caer-por-cascada-de-samaipata\\\/#primaryimage\"},\"image\":{\"@id\":\"https:\\\/\\\/www.eldiario.net\\\/portal\\\/2024\\\/01\\\/03\\\/hombre-muere-tras-caer-por-cascada-de-samaipata\\\/#primaryimage\"},\"thumbnailUrl\":\"https:\\\/\\\/www.eldiario.net\\\/portal\\\/wp-content\\\/uploads\\\/2024\\\/01\\\/02ENE.-CASCADA.jpg\",\"datePublished\":\"2024-01-03T10:37:06+00:00\",\"breadcrumb\":{\"@id\":\"https:\\\/\\\/www.eldiario.net\\\/portal\\\/2024\\\/01\\\/03\\\/hombre-muere-tras-caer-por-cascada-de-samaipata\\\/#breadcrumb\"},\"inLanguage\":\"es\",\"potentialAction\":[{\"@type\":\"ReadAction\",\"target\":[\"https:\\\/\\\/www.eldiario.net\\\/portal\\\/2024\\\/01\\\/03\\\/hombre-muere-tras-caer-por-cascada-de-samaipata\\\/\"]}]},{\"@type\":\"ImageObject\",\"inLanguage\":\"es\",\"@id\":\"https:\\\/\\\/www.eldiario.net\\\/portal\\\/2024\\\/01\\\/03\\\/hombre-muere-tras-caer-por-cascada-de-samaipata\\\/#primaryimage\",\"url\":\"https:\\\/\\\/www.eldiario.net\\\/portal\\\/wp-content\\\/uploads\\\/2024\\\/01\\\/02ENE.-CASCADA.jpg\",\"contentUrl\":\"https:\\\/\\\/www.eldiario.net\\\/portal\\\/wp-content\\\/uploads\\\/2024\\\/01\\\/02ENE.-CASCADA.jpg\",\"width\":763,\"height\":509,\"caption\":\"Cascadas de las Cuevas en Samaipata. Cascadas de las Cuevas en Samaipata\"},{\"@type\":\"BreadcrumbList\",\"@id\":\"https:\\\/\\\/www.eldiario.net\\\/portal\\\/2024\\\/01\\\/03\\\/hombre-muere-tras-caer-por-cascada-de-samaipata\\\/#breadcrumb\",\"itemListElement\":[{\"@type\":\"ListItem\",\"position\":1,\"name\":\"Portada\",\"item\":\"https:\\\/\\\/www.eldiario.net\\\/portal\\\/\"},{\"@type\":\"ListItem\",\"position\":2,\"name\":\"Hombre muere tras caer por Cascada de Samaipata\"}]},{\"@type\":\"WebSite\",\"@id\":\"https:\\\/\\\/www.eldiario.net\\\/portal\\\/#website\",\"url\":\"https:\\\/\\\/www.eldiario.net\\\/portal\\\/\",\"name\":\"El Diario - Decano de la prensa nacional\",\"description\":\"El Diario - Decano de la prensa nacional\",\"publisher\":{\"@id\":\"https:\\\/\\\/www.eldiario.net\\\/portal\\\/#organization\"},\"potentialAction\":[{\"@type\":\"SearchAction\",\"target\":{\"@type\":\"EntryPoint\",\"urlTemplate\":\"https:\\\/\\\/www.eldiario.net\\\/portal\\\/?s={search_term_string}\"},\"query-input\":{\"@type\":\"PropertyValueSpecification\",\"valueRequired\":true,\"valueName\":\"search_term_string\"}}],\"inLanguage\":\"es\"},{\"@type\":\"Organization\",\"@id\":\"https:\\\/\\\/www.eldiario.net\\\/portal\\\/#organization\",\"name\":\"El Diario - Decano de la prensa nacional\",\"url\":\"https:\\\/\\\/www.eldiario.net\\\/portal\\\/\",\"logo\":{\"@type\":\"ImageObject\",\"inLanguage\":\"es\",\"@id\":\"https:\\\/\\\/www.eldiario.net\\\/portal\\\/#\\\/schema\\\/logo\\\/image\\\/\",\"url\":\"https:\\\/\\\/www.eldiario.net\\\/portal\\\/wp-content\\\/uploads\\\/2023\\\/07\\\/logo_ED.jpg\",\"contentUrl\":\"https:\\\/\\\/www.eldiario.net\\\/portal\\\/wp-content\\\/uploads\\\/2023\\\/07\\\/logo_ED.jpg\",\"width\":272,\"height\":52,\"caption\":\"El Diario - Decano de la prensa nacional\"},\"image\":{\"@id\":\"https:\\\/\\\/www.eldiario.net\\\/portal\\\/#\\\/schema\\\/logo\\\/image\\\/\"},\"sameAs\":[\"https:\\\/\\\/www.facebook.com\\\/eldiario.bolivia\\\/\",\"https:\\\/\\\/x.com\\\/eldiario_net\"]},{\"@type\":\"Person\",\"@id\":\"https:\\\/\\\/www.eldiario.net\\\/portal\\\/#\\\/schema\\\/person\\\/f46445640444750d7d753ccd04ae01b7\",\"name\":\"Jeanette\",\"image\":{\"@type\":\"ImageObject\",\"inLanguage\":\"es\",\"@id\":\"https:\\\/\\\/secure.gravatar.com\\\/avatar\\\/3ea2118a5f7dad2b7138b1187a6b7ee55f160b9968b66013c3a3ef39dd7e5798?s=96&d=mm&r=g\",\"url\":\"https:\\\/\\\/secure.gravatar.com\\\/avatar\\\/3ea2118a5f7dad2b7138b1187a6b7ee55f160b9968b66013c3a3ef39dd7e5798?s=96&d=mm&r=g\",\"contentUrl\":\"https:\\\/\\\/secure.gravatar.com\\\/avatar\\\/3ea2118a5f7dad2b7138b1187a6b7ee55f160b9968b66013c3a3ef39dd7e5798?s=96&d=mm&r=g\",\"caption\":\"Jeanette\"},\"sameAs\":[\"https:\\\/\\\/www.eldiario.net\\\/portal\"],\"url\":\"https:\\\/\\\/www.eldiario.net\\\/portal\\\/author\\\/jeanette\\\/\"}]}<\/script>\n<!-- \/ Yoast SEO plugin. -->","yoast_head_json":{"title":"Hombre muere tras caer por Cascada de Samaipata - El Diario - Bolivia","robots":{"index":"index","follow":"follow","max-snippet":"max-snippet:-1","max-image-preview":"max-image-preview:large","max-video-preview":"max-video-preview:-1"},"canonical":"https:\/\/www.eldiario.net\/portal\/2024\/01\/03\/hombre-muere-tras-caer-por-cascada-de-samaipata\/","og_locale":"es_ES","og_type":"article","og_title":"Hombre muere tras caer por Cascada de Samaipata - El Diario - Bolivia","og_description":"Un hombre de 33 a\u00f1os falleci\u00f3 al caer aproximadamente 50 metros por El Puente de la Cascada de El Fuerte, en Samaipata. El sujeto, alba\u00f1il de oficio, regresaba a la ciudad cruce\u00f1a con sus amigos luego de celebrar las fiestas de fin de a\u00f1o. Tras bajarse del veh\u00edculo en el que viajaban para tomarse una [&hellip;]","og_url":"https:\/\/www.eldiario.net\/portal\/2024\/01\/03\/hombre-muere-tras-caer-por-cascada-de-samaipata\/","og_site_name":"El Diario - Bolivia","article_publisher":"https:\/\/www.facebook.com\/eldiario.bolivia\/","article_published_time":"2024-01-03T10:37:06+00:00","og_image":[{"width":763,"height":509,"url":"https:\/\/www.eldiario.net\/portal\/wp-content\/uploads\/2024\/01\/02ENE.-CASCADA.jpg","type":"image\/jpeg"}],"author":"Jeanette","twitter_card":"summary_large_image","twitter_creator":"@eldiario_net","twitter_site":"@eldiario_net","twitter_misc":{"Escrito por":"Jeanette","Tiempo de lectura":"2 minutos"},"schema":{"@context":"https:\/\/schema.org","@graph":[{"@type":"Article","@id":"https:\/\/www.eldiario.net\/portal\/2024\/01\/03\/hombre-muere-tras-caer-por-cascada-de-samaipata\/#article","isPartOf":{"@id":"https:\/\/www.eldiario.net\/portal\/2024\/01\/03\/hombre-muere-tras-caer-por-cascada-de-samaipata\/"},"author":{"name":"Jeanette","@id":"https:\/\/www.eldiario.net\/portal\/#\/schema\/person\/f46445640444750d7d753ccd04ae01b7"},"headline":"Hombre muere tras caer por Cascada de Samaipata","datePublished":"2024-01-03T10:37:06+00:00","mainEntityOfPage":{"@id":"https:\/\/www.eldiario.net\/portal\/2024\/01\/03\/hombre-muere-tras-caer-por-cascada-de-samaipata\/"},"wordCount":342,"commentCount":0,"publisher":{"@id":"https:\/\/www.eldiario.net\/portal\/#organization"},"image":{"@id":"https:\/\/www.eldiario.net\/portal\/2024\/01\/03\/hombre-muere-tras-caer-por-cascada-de-samaipata\/#primaryimage"},"thumbnailUrl":"https:\/\/www.eldiario.net\/portal\/wp-content\/uploads\/2024\/01\/02ENE.-CASCADA.jpg","articleSection":["Sociedad - Seguridad"],"inLanguage":"es","potentialAction":[{"@type":"CommentAction","name":"Comment","target":["https:\/\/www.eldiario.net\/portal\/2024\/01\/03\/hombre-muere-tras-caer-por-cascada-de-samaipata\/#respond"]}]},{"@type":"WebPage","@id":"https:\/\/www.eldiario.net\/portal\/2024\/01\/03\/hombre-muere-tras-caer-por-cascada-de-samaipata\/","url":"https:\/\/www.eldiario.net\/portal\/2024\/01\/03\/hombre-muere-tras-caer-por-cascada-de-samaipata\/","name":"Hombre muere tras caer por Cascada de Samaipata - El Diario - Bolivia","isPartOf":{"@id":"https:\/\/www.eldiario.net\/portal\/#website"},"primaryImageOfPage":{"@id":"https:\/\/www.eldiario.net\/portal\/2024\/01\/03\/hombre-muere-tras-caer-por-cascada-de-samaipata\/#primaryimage"},"image":{"@id":"https:\/\/www.eldiario.net\/portal\/2024\/01\/03\/hombre-muere-tras-caer-por-cascada-de-samaipata\/#primaryimage"},"thumbnailUrl":"https:\/\/www.eldiario.net\/portal\/wp-content\/uploads\/2024\/01\/02ENE.-CASCADA.jpg","datePublished":"2024-01-03T10:37:06+00:00","breadcrumb":{"@id":"https:\/\/www.eldiario.net\/portal\/2024\/01\/03\/hombre-muere-tras-caer-por-cascada-de-samaipata\/#breadcrumb"},"inLanguage":"es","potentialAction":[{"@type":"ReadAction","target":["https:\/\/www.eldiario.net\/portal\/2024\/01\/03\/hombre-muere-tras-caer-por-cascada-de-samaipata\/"]}]},{"@type":"ImageObject","inLanguage":"es","@id":"https:\/\/www.eldiario.net\/portal\/2024\/01\/03\/hombre-muere-tras-caer-por-cascada-de-samaipata\/#primaryimage","url":"https:\/\/www.eldiario.net\/portal\/wp-content\/uploads\/2024\/01\/02ENE.-CASCADA.jpg","contentUrl":"https:\/\/www.eldiario.net\/portal\/wp-content\/uploads\/2024\/01\/02ENE.-CASCADA.jpg","width":763,"height":509,"caption":"Cascadas de las Cuevas en Samaipata. Cascadas de las Cuevas en Samaipata"},{"@type":"BreadcrumbList","@id":"https:\/\/www.eldiario.net\/portal\/2024\/01\/03\/hombre-muere-tras-caer-por-cascada-de-samaipata\/#breadcrumb","itemListElement":[{"@type":"ListItem","position":1,"name":"Portada","item":"https:\/\/www.eldiario.net\/portal\/"},{"@type":"ListItem","position":2,"name":"Hombre muere tras caer por Cascada de Samaipata"}]},{"@type":"WebSite","@id":"https:\/\/www.eldiario.net\/portal\/#website","url":"https:\/\/www.eldiario.net\/portal\/","name":"El Diario - Decano de la prensa nacional","description":"El Diario - Decano de la prensa nacional","publisher":{"@id":"https:\/\/www.eldiario.net\/portal\/#organization"},"potentialAction":[{"@type":"SearchAction","target":{"@type":"EntryPoint","urlTemplate":"https:\/\/www.eldiario.net\/portal\/?s={search_term_string}"},"query-input":{"@type":"PropertyValueSpecification","valueRequired":true,"valueName":"search_term_string"}}],"inLanguage":"es"},{"@type":"Organization","@id":"https:\/\/www.eldiario.net\/portal\/#organization","name":"El Diario - Decano de la prensa nacional","url":"https:\/\/www.eldiario.net\/portal\/","logo":{"@type":"ImageObject","inLanguage":"es","@id":"https:\/\/www.eldiario.net\/portal\/#\/schema\/logo\/image\/","url":"https:\/\/www.eldiario.net\/portal\/wp-content\/uploads\/2023\/07\/logo_ED.jpg","contentUrl":"https:\/\/www.eldiario.net\/portal\/wp-content\/uploads\/2023\/07\/logo_ED.jpg","width":272,"height":52,"caption":"El Diario - Decano de la prensa nacional"},"image":{"@id":"https:\/\/www.eldiario.net\/portal\/#\/schema\/logo\/image\/"},"sameAs":["https:\/\/www.facebook.com\/eldiario.bolivia\/","https:\/\/x.com\/eldiario_net"]},{"@type":"Person","@id":"https:\/\/www.eldiario.net\/portal\/#\/schema\/person\/f46445640444750d7d753ccd04ae01b7","name":"Jeanette","image":{"@type":"ImageObject","inLanguage":"es","@id":"https:\/\/secure.gravatar.com\/avatar\/3ea2118a5f7dad2b7138b1187a6b7ee55f160b9968b66013c3a3ef39dd7e5798?s=96&d=mm&r=g","url":"https:\/\/secure.gravatar.com\/avatar\/3ea2118a5f7dad2b7138b1187a6b7ee55f160b9968b66013c3a3ef39dd7e5798?s=96&d=mm&r=g","contentUrl":"https:\/\/secure.gravatar.com\/avatar\/3ea2118a5f7dad2b7138b1187a6b7ee55f160b9968b66013c3a3ef39dd7e5798?s=96&d=mm&r=g","caption":"Jeanette"},"sameAs":["https:\/\/www.eldiario.net\/portal"],"url":"https:\/\/www.eldiario.net\/portal\/author\/jeanette\/"}]}},"_links":{"self":[{"href":"https:\/\/www.eldiario.net\/portal\/wp-json\/wp\/v2\/posts\/195658","targetHints":{"allow":["GET"]}}],"collection":[{"href":"https:\/\/www.eldiario.net\/portal\/wp-json\/wp\/v2\/posts"}],"about":[{"href":"https:\/\/www.eldiario.net\/portal\/wp-json\/wp\/v2\/types\/post"}],"author":[{"embeddable":true,"href":"https:\/\/www.eldiario.net\/portal\/wp-json\/wp\/v2\/users\/1"}],"replies":[{"embeddable":true,"href":"https:\/\/www.eldiario.net\/portal\/wp-json\/wp\/v2\/comments?post=195658"}],"version-history":[{"count":1,"href":"https:\/\/www.eldiario.net\/portal\/wp-json\/wp\/v2\/posts\/195658\/revisions"}],"predecessor-version":[{"id":195660,"href":"https:\/\/www.eldiario.net\/portal\/wp-json\/wp\/v2\/posts\/195658\/revisions\/195660"}],"wp:featuredmedia":[{"embeddable":true,"href":"https:\/\/www.eldiario.net\/portal\/wp-json\/wp\/v2\/media\/195659"}],"wp:attachment":[{"href":"https:\/\/www.eldiario.net\/portal\/wp-json\/wp\/v2\/media?parent=195658"}],"wp:term":[{"taxonomy":"category","embeddable":true,"href":"https:\/\/www.eldiario.net\/portal\/wp-json\/wp\/v2\/categories?post=195658"},{"taxonomy":"post_tag","embeddable":true,"href":"https:\/\/www.eldiario.net\/portal\/wp-json\/wp\/v2\/tags?post=195658"}],"curies":[{"name":"wp","href":"https:\/\/api.w.org\/{rel}","templated":true}]}}