{"id":195655,"date":"2024-01-03T06:35:39","date_gmt":"2024-01-03T10:35:39","guid":{"rendered":"https:\/\/www.eldiario.net\/portal\/?p=195655"},"modified":"2024-01-03T06:35:39","modified_gmt":"2024-01-03T10:35:39","slug":"ministro-montenegro-asegura-una-economia-saludable-pero-la-realidad-muestra-lo-contrario","status":"publish","type":"post","link":"https:\/\/www.eldiario.net\/portal\/2024\/01\/03\/ministro-montenegro-asegura-una-economia-saludable-pero-la-realidad-muestra-lo-contrario\/","title":{"rendered":"Ministro Montenegro asegura una econom\u00eda saludable; pero la realidad muestra lo contrario"},"content":{"rendered":"<p>En un balance de la econom\u00eda nacional, el ministro de Econom\u00eda y Finanzas P\u00fablicas, Marcelo Montenegro, mostr\u00f3 un panorama alentador de la econom\u00eda nacional, sin embargo, economistas se\u00f1alan que la realidad es otra, muy alejada de la declaraci\u00f3n de la autoridad del sector econ\u00f3mico, pues los d\u00f3lares faltan, va en aumento la informalidad y el crecimiento cada a\u00f1o se reduce.<br \/>\nMientras, Montenegro asegur\u00f3 que usaron todos los instrumentos que estaban a su disposici\u00f3n para lograr objetivos importantes, como \u201cseguir manteniendo la estabilidad econ\u00f3mica e impulsar el crecimiento pese al entorno externo que, por varios a\u00f1os, se va deteriorando, y a nivel interno los problemas de conflictividad que se han ido generando, pero aun as\u00ed la econom\u00eda boliviana sigue creciendo con estabilidad, gracias al trabajo y esfuerzo del pueblo boliviano\u201d. El analista financiero Mauricio R\u00edos Garc\u00eda escribi\u00f3 en X (Twitter) @riosmauricio: \u201cBolivia, 2023: Quiebra institucional, peligrosas alianzas internacionales y una econom\u00eda al borde del colapso\u201d.<br \/>\nEn cuanto a la tasa de desocupaci\u00f3n, inform\u00f3 que a nivel urbano este indicador se sit\u00faa en 3,6% al tercer trimestre de 2023, \u201cla m\u00e1s baja de Sudam\u00e9rica en este momento, Bolivia es el pa\u00eds que de mejor manera recuper\u00f3 el mercado laboral\u201d.<br \/>\nLa autoridad en su evaluaci\u00f3n destac\u00f3 la ca\u00edda de la desocupaci\u00f3n, pero el analista Hugo Balderrama escribi\u00f3 en X @hugobalderrama que: Sucede que Bolivia tiene una econom\u00eda informal que ronda el 80% y una pobreza cercana al 40% de su poblaci\u00f3n.<br \/>\nOro<br \/>\nMientras el empresario y economista Samuel Doria Medina escribi\u00f3 en X @SDoriaMedina: La falta de pol\u00edticas pro mercados de exportaci\u00f3n y pro industria privada han dado como resultado que una de las actividades en las que Bolivia destacaba en los 90, la joyer\u00eda de oro, casi desaparezca en estos d\u00edas. Ahora vendemos gran cantidad de oro, pero sin transformaci\u00f3n. Otro rasgo de la reprimarizaci\u00f3n de la econom\u00eda bajo el MAS.<br \/>\nEntretanto, las declaraciones del ministro Montenegro fue calificado por el economista Gonzalo Ch\u00e1vez en su cuenta de X @GonzaloCHavezA: Como a\u00f1o nuevo, vieja propaganda.<br \/>\n\u201cEl ministro de Econom\u00eda y Finanzas sigue en la realidad paralela de una econom\u00eda boyante a pesar de la crisis. En el 2023, las subvenciones al sector hidrocarburos estar\u00edan en 1.825 millones de d\u00f3lares. El a\u00f1o (2022) llegaron a 1.700 millones de d\u00f3lares\u201d, escribi\u00f3.<br \/>\nPor su parte, ante las declaraciones de Montenegro sobre un comercio exterior favorable, el presidente del Colegio de Economistas de Tarija, Fernando Romero, aclar\u00f3 que importamos m\u00e1s de lo que exportamos y la balanza sigue siendo negativa.<br \/>\nNo mencion\u00f3 el d\u00e9ficit comercial que registrar\u00e1 Bolivia, que supera los 350 millones de d\u00f3lares, se\u00f1al\u00f3 el economista a tiempo de indicar que se ha reducido el consumo, en algunos sectores de la econom\u00eda y esto influye en la medici\u00f3n total del \u00cdndice de Precios al Consumidor (IPC).<br \/>\nEl poder adquisitivo de la econom\u00eda de los bolivianos se ha reducido, sino fueran los productos de contrabando, la situaci\u00f3n para la poblaci\u00f3n m\u00e1s vulnerable ser\u00eda complicada.<br \/>\nD\u00f3lares<br \/>\nCon respecto a la provisi\u00f3n de d\u00f3lares, el ministro Montenegro inform\u00f3 que en 2023 se enfrent\u00f3 tambi\u00e9n un brote especulativo que gener\u00f3 escasez en el territorio nacional, sin embargo, se asumieron medidas y, actualmente, las entidades financieras tienen la suficiente cantidad de la moneda estadounidense para atender el requerimiento de la poblaci\u00f3n, incluso se otorg\u00f3 mayor liquidez de divisas, por tanto, la provisi\u00f3n se est\u00e1 regularizando de forma gradual.<br \/>\n\u201cEn t\u00e9rminos de la provisi\u00f3n de d\u00f3lares a los bancos, la misma se fue moderando, por ejemplo, en noviembre de 2023 ten\u00edan 362 millones de d\u00f3lares en saldo de billetes de moneda extranjera, un saldo incluso m\u00e1s alto que en enero de 2023, por lo tanto, los bancos tienen provisi\u00f3n de efectivo en moneda extranjera, especialmente en d\u00f3lares\u201d, remarc\u00f3 el Ministro.<br \/>\nSobre el tema, Romero indic\u00f3 que los consumidores, empresarios, entre otros, se\u00f1alaron que no hay d\u00f3lares suficientes en la econom\u00eda nacional y lastimosamente no hay una informaci\u00f3n transparente sobre la provisi\u00f3n de la moneda estadounidense.<br \/>\nPilares<br \/>\nPara Romero el Gobierno se fija tres pilares para mostrar las bondades de sus pol\u00edticas econ\u00f3micas: baja inflaci\u00f3n, reducida desocupaci\u00f3n y crecimiento econ\u00f3mico.<br \/>\nCh\u00e1vez, as\u00ed como el analista financiero Jaime Dunn ya indicaron que mantener una baja inflaci\u00f3n tiene un costo alto, que est\u00e1 por encima de los 2.000 millones de d\u00f3lares y que la subvenci\u00f3n a los hidrocarburos absorbe la mayor parte, seguido de los alimentos y servicios.<br \/>\nEl Gobierno mantiene su apuesta por dinamizar la demanda interna para el crecimiento de la econom\u00eda, as\u00ed como la industrializaci\u00f3n, mediante la inversi\u00f3n en diferentes tipos de empresas, a pesar de que pueda representar una competencia con el sector privado.<br \/>\nMontenegro destac\u00f3 la fortaleza del Modelo Econ\u00f3mico Social Comunitario Productivo (MESCP) que prioriza el mercado interno para impulsar el crecimiento econ\u00f3mico.<br \/>\nEl Ministro se\u00f1al\u00f3 que la inflaci\u00f3n a noviembre lleg\u00f3 a 1,5%, uno de los indicadores m\u00e1s bajos a nivel de la regi\u00f3n, se realizaron los esfuerzos necesarios para enfrentar los efectos de la gripe aviar, los problemas de los fen\u00f3menos naturales, se realizaron operativos de control en puntos fronterizos y se organizaron ferias productivas para combatir el agio y especulaci\u00f3n de precios de los principales alimentos.<br \/>\nMetas 2024<br \/>\nPara 2024 se proyecta una tasa de crecimiento del Producto Interno Bruto (PIB) en torno a 3,71%, una inflaci\u00f3n de 3,60% y una inversi\u00f3n p\u00fablica de 4.274 millones de d\u00f3lares.<br \/>\nPara Romero son metas ambiciosas, tomando en cuenta un d\u00e9ficit fiscal continuo de 10 a\u00f1os, mayor endeudamiento, tanto interno como externo.<br \/>\nMontenegro dijo que la deuda externa est\u00e1 controlada, y est\u00e1 por debajo de los indicadores que se\u00f1alan organismos internacionales, sin embargo, el economista indic\u00f3 que la deuda p\u00fablica pasa el 80% del Producto Interno Bruto.<\/p>\n<p>&nbsp;<\/p>\n","protected":false},"excerpt":{"rendered":"<p>En un balance de la econom\u00eda nacional, el ministro de Econom\u00eda y Finanzas P\u00fablicas, Marcelo Montenegro, mostr\u00f3 un panorama alentador de la econom\u00eda nacional, sin embargo, economistas se\u00f1alan que la realidad es otra, muy alejada de la declaraci\u00f3n de la autoridad del sector econ\u00f3mico, pues los d\u00f3lares faltan, va en aumento la informalidad y el [&hellip;]<\/p>\n","protected":false},"author":1,"featured_media":195656,"comment_status":"open","ping_status":"open","sticky":false,"template":"","format":"standard","meta":{"_acf_changed":false,"footnotes":""},"categories":[7],"tags":[],"class_list":["post-195655","post","type-post","status-publish","format-standard","has-post-thumbnail","category-economia"],"acf":{"antetitulo":""},"yoast_head":"<!-- This site is optimized with the Yoast SEO plugin v28.4 - https:\/\/yoast.com\/product\/yoast-seo-wordpress\/ -->\n<title>Ministro Montenegro asegura una econom\u00eda saludable; pero la realidad muestra lo contrario - El Diario - Bolivia<\/title>\n<meta name=\"robots\" content=\"index, follow, max-snippet:-1, max-image-preview:large, max-video-preview:-1\" \/>\n<link rel=\"canonical\" href=\"https:\/\/www.eldiario.net\/portal\/2024\/01\/03\/ministro-montenegro-asegura-una-economia-saludable-pero-la-realidad-muestra-lo-contrario\/\" \/>\n<meta property=\"og:locale\" content=\"es_ES\" \/>\n<meta property=\"og:type\" content=\"article\" \/>\n<meta property=\"og:title\" content=\"Ministro Montenegro asegura una econom\u00eda saludable; pero la realidad muestra lo contrario - El Diario - Bolivia\" \/>\n<meta property=\"og:description\" content=\"En un balance de la econom\u00eda nacional, el ministro de Econom\u00eda y Finanzas P\u00fablicas, Marcelo Montenegro, mostr\u00f3 un panorama alentador de la econom\u00eda nacional, sin embargo, economistas se\u00f1alan que la realidad es otra, muy alejada de la declaraci\u00f3n de la autoridad del sector econ\u00f3mico, pues los d\u00f3lares faltan, va en aumento la informalidad y el [&hellip;]\" \/>\n<meta property=\"og:url\" content=\"https:\/\/www.eldiario.net\/portal\/2024\/01\/03\/ministro-montenegro-asegura-una-economia-saludable-pero-la-realidad-muestra-lo-contrario\/\" \/>\n<meta property=\"og:site_name\" content=\"El Diario - Bolivia\" \/>\n<meta property=\"article:publisher\" content=\"https:\/\/www.facebook.com\/eldiario.bolivia\/\" \/>\n<meta property=\"article:published_time\" content=\"2024-01-03T10:35:39+00:00\" \/>\n<meta property=\"og:image\" content=\"https:\/\/www.eldiario.net\/portal\/wp-content\/uploads\/2024\/01\/eco1.jpg\" \/>\n\t<meta property=\"og:image:width\" content=\"1276\" \/>\n\t<meta property=\"og:image:height\" content=\"720\" \/>\n\t<meta property=\"og:image:type\" content=\"image\/jpeg\" \/>\n<meta name=\"author\" content=\"Jeanette\" \/>\n<meta name=\"twitter:card\" content=\"summary_large_image\" \/>\n<meta name=\"twitter:creator\" content=\"@eldiario_net\" \/>\n<meta name=\"twitter:site\" content=\"@eldiario_net\" \/>\n<meta name=\"twitter:label1\" content=\"Escrito por\" \/>\n\t<meta name=\"twitter:data1\" content=\"Jeanette\" \/>\n\t<meta name=\"twitter:label2\" content=\"Tiempo de lectura\" \/>\n\t<meta name=\"twitter:data2\" content=\"5 minutos\" \/>\n<script type=\"application\/ld+json\" class=\"yoast-schema-graph\">{\"@context\":\"https:\\\/\\\/schema.org\",\"@graph\":[{\"@type\":\"Article\",\"@id\":\"https:\\\/\\\/www.eldiario.net\\\/portal\\\/2024\\\/01\\\/03\\\/ministro-montenegro-asegura-una-economia-saludable-pero-la-realidad-muestra-lo-contrario\\\/#article\",\"isPartOf\":{\"@id\":\"https:\\\/\\\/www.eldiario.net\\\/portal\\\/2024\\\/01\\\/03\\\/ministro-montenegro-asegura-una-economia-saludable-pero-la-realidad-muestra-lo-contrario\\\/\"},\"author\":{\"name\":\"Jeanette\",\"@id\":\"https:\\\/\\\/www.eldiario.net\\\/portal\\\/#\\\/schema\\\/person\\\/f46445640444750d7d753ccd04ae01b7\"},\"headline\":\"Ministro Montenegro asegura una econom\u00eda saludable; pero la realidad muestra lo contrario\",\"datePublished\":\"2024-01-03T10:35:39+00:00\",\"mainEntityOfPage\":{\"@id\":\"https:\\\/\\\/www.eldiario.net\\\/portal\\\/2024\\\/01\\\/03\\\/ministro-montenegro-asegura-una-economia-saludable-pero-la-realidad-muestra-lo-contrario\\\/\"},\"wordCount\":1029,\"commentCount\":0,\"publisher\":{\"@id\":\"https:\\\/\\\/www.eldiario.net\\\/portal\\\/#organization\"},\"image\":{\"@id\":\"https:\\\/\\\/www.eldiario.net\\\/portal\\\/2024\\\/01\\\/03\\\/ministro-montenegro-asegura-una-economia-saludable-pero-la-realidad-muestra-lo-contrario\\\/#primaryimage\"},\"thumbnailUrl\":\"https:\\\/\\\/www.eldiario.net\\\/portal\\\/wp-content\\\/uploads\\\/2024\\\/01\\\/eco1.jpg\",\"articleSection\":[\"Econom\u00eda\"],\"inLanguage\":\"es\",\"potentialAction\":[{\"@type\":\"CommentAction\",\"name\":\"Comment\",\"target\":[\"https:\\\/\\\/www.eldiario.net\\\/portal\\\/2024\\\/01\\\/03\\\/ministro-montenegro-asegura-una-economia-saludable-pero-la-realidad-muestra-lo-contrario\\\/#respond\"]}]},{\"@type\":\"WebPage\",\"@id\":\"https:\\\/\\\/www.eldiario.net\\\/portal\\\/2024\\\/01\\\/03\\\/ministro-montenegro-asegura-una-economia-saludable-pero-la-realidad-muestra-lo-contrario\\\/\",\"url\":\"https:\\\/\\\/www.eldiario.net\\\/portal\\\/2024\\\/01\\\/03\\\/ministro-montenegro-asegura-una-economia-saludable-pero-la-realidad-muestra-lo-contrario\\\/\",\"name\":\"Ministro Montenegro asegura una econom\u00eda saludable; pero la realidad muestra lo contrario - El Diario - Bolivia\",\"isPartOf\":{\"@id\":\"https:\\\/\\\/www.eldiario.net\\\/portal\\\/#website\"},\"primaryImageOfPage\":{\"@id\":\"https:\\\/\\\/www.eldiario.net\\\/portal\\\/2024\\\/01\\\/03\\\/ministro-montenegro-asegura-una-economia-saludable-pero-la-realidad-muestra-lo-contrario\\\/#primaryimage\"},\"image\":{\"@id\":\"https:\\\/\\\/www.eldiario.net\\\/portal\\\/2024\\\/01\\\/03\\\/ministro-montenegro-asegura-una-economia-saludable-pero-la-realidad-muestra-lo-contrario\\\/#primaryimage\"},\"thumbnailUrl\":\"https:\\\/\\\/www.eldiario.net\\\/portal\\\/wp-content\\\/uploads\\\/2024\\\/01\\\/eco1.jpg\",\"datePublished\":\"2024-01-03T10:35:39+00:00\",\"breadcrumb\":{\"@id\":\"https:\\\/\\\/www.eldiario.net\\\/portal\\\/2024\\\/01\\\/03\\\/ministro-montenegro-asegura-una-economia-saludable-pero-la-realidad-muestra-lo-contrario\\\/#breadcrumb\"},\"inLanguage\":\"es\",\"potentialAction\":[{\"@type\":\"ReadAction\",\"target\":[\"https:\\\/\\\/www.eldiario.net\\\/portal\\\/2024\\\/01\\\/03\\\/ministro-montenegro-asegura-una-economia-saludable-pero-la-realidad-muestra-lo-contrario\\\/\"]}]},{\"@type\":\"ImageObject\",\"inLanguage\":\"es\",\"@id\":\"https:\\\/\\\/www.eldiario.net\\\/portal\\\/2024\\\/01\\\/03\\\/ministro-montenegro-asegura-una-economia-saludable-pero-la-realidad-muestra-lo-contrario\\\/#primaryimage\",\"url\":\"https:\\\/\\\/www.eldiario.net\\\/portal\\\/wp-content\\\/uploads\\\/2024\\\/01\\\/eco1.jpg\",\"contentUrl\":\"https:\\\/\\\/www.eldiario.net\\\/portal\\\/wp-content\\\/uploads\\\/2024\\\/01\\\/eco1.jpg\",\"width\":1276,\"height\":720},{\"@type\":\"BreadcrumbList\",\"@id\":\"https:\\\/\\\/www.eldiario.net\\\/portal\\\/2024\\\/01\\\/03\\\/ministro-montenegro-asegura-una-economia-saludable-pero-la-realidad-muestra-lo-contrario\\\/#breadcrumb\",\"itemListElement\":[{\"@type\":\"ListItem\",\"position\":1,\"name\":\"Portada\",\"item\":\"https:\\\/\\\/www.eldiario.net\\\/portal\\\/\"},{\"@type\":\"ListItem\",\"position\":2,\"name\":\"Ministro Montenegro asegura una econom\u00eda saludable; pero la realidad muestra lo contrario\"}]},{\"@type\":\"WebSite\",\"@id\":\"https:\\\/\\\/www.eldiario.net\\\/portal\\\/#website\",\"url\":\"https:\\\/\\\/www.eldiario.net\\\/portal\\\/\",\"name\":\"El Diario - Decano de la prensa nacional\",\"description\":\"El Diario - Decano de la prensa nacional\",\"publisher\":{\"@id\":\"https:\\\/\\\/www.eldiario.net\\\/portal\\\/#organization\"},\"potentialAction\":[{\"@type\":\"SearchAction\",\"target\":{\"@type\":\"EntryPoint\",\"urlTemplate\":\"https:\\\/\\\/www.eldiario.net\\\/portal\\\/?s={search_term_string}\"},\"query-input\":{\"@type\":\"PropertyValueSpecification\",\"valueRequired\":true,\"valueName\":\"search_term_string\"}}],\"inLanguage\":\"es\"},{\"@type\":\"Organization\",\"@id\":\"https:\\\/\\\/www.eldiario.net\\\/portal\\\/#organization\",\"name\":\"El Diario - Decano de la prensa nacional\",\"url\":\"https:\\\/\\\/www.eldiario.net\\\/portal\\\/\",\"logo\":{\"@type\":\"ImageObject\",\"inLanguage\":\"es\",\"@id\":\"https:\\\/\\\/www.eldiario.net\\\/portal\\\/#\\\/schema\\\/logo\\\/image\\\/\",\"url\":\"https:\\\/\\\/www.eldiario.net\\\/portal\\\/wp-content\\\/uploads\\\/2023\\\/07\\\/logo_ED.jpg\",\"contentUrl\":\"https:\\\/\\\/www.eldiario.net\\\/portal\\\/wp-content\\\/uploads\\\/2023\\\/07\\\/logo_ED.jpg\",\"width\":272,\"height\":52,\"caption\":\"El Diario - Decano de la prensa nacional\"},\"image\":{\"@id\":\"https:\\\/\\\/www.eldiario.net\\\/portal\\\/#\\\/schema\\\/logo\\\/image\\\/\"},\"sameAs\":[\"https:\\\/\\\/www.facebook.com\\\/eldiario.bolivia\\\/\",\"https:\\\/\\\/x.com\\\/eldiario_net\"]},{\"@type\":\"Person\",\"@id\":\"https:\\\/\\\/www.eldiario.net\\\/portal\\\/#\\\/schema\\\/person\\\/f46445640444750d7d753ccd04ae01b7\",\"name\":\"Jeanette\",\"image\":{\"@type\":\"ImageObject\",\"inLanguage\":\"es\",\"@id\":\"https:\\\/\\\/secure.gravatar.com\\\/avatar\\\/3ea2118a5f7dad2b7138b1187a6b7ee55f160b9968b66013c3a3ef39dd7e5798?s=96&d=mm&r=g\",\"url\":\"https:\\\/\\\/secure.gravatar.com\\\/avatar\\\/3ea2118a5f7dad2b7138b1187a6b7ee55f160b9968b66013c3a3ef39dd7e5798?s=96&d=mm&r=g\",\"contentUrl\":\"https:\\\/\\\/secure.gravatar.com\\\/avatar\\\/3ea2118a5f7dad2b7138b1187a6b7ee55f160b9968b66013c3a3ef39dd7e5798?s=96&d=mm&r=g\",\"caption\":\"Jeanette\"},\"sameAs\":[\"https:\\\/\\\/www.eldiario.net\\\/portal\"],\"url\":\"https:\\\/\\\/www.eldiario.net\\\/portal\\\/author\\\/jeanette\\\/\"}]}<\/script>\n<!-- \/ Yoast SEO plugin. -->","yoast_head_json":{"title":"Ministro Montenegro asegura una econom\u00eda saludable; pero la realidad muestra lo contrario - El Diario - Bolivia","robots":{"index":"index","follow":"follow","max-snippet":"max-snippet:-1","max-image-preview":"max-image-preview:large","max-video-preview":"max-video-preview:-1"},"canonical":"https:\/\/www.eldiario.net\/portal\/2024\/01\/03\/ministro-montenegro-asegura-una-economia-saludable-pero-la-realidad-muestra-lo-contrario\/","og_locale":"es_ES","og_type":"article","og_title":"Ministro Montenegro asegura una econom\u00eda saludable; pero la realidad muestra lo contrario - El Diario - Bolivia","og_description":"En un balance de la econom\u00eda nacional, el ministro de Econom\u00eda y Finanzas P\u00fablicas, Marcelo Montenegro, mostr\u00f3 un panorama alentador de la econom\u00eda nacional, sin embargo, economistas se\u00f1alan que la realidad es otra, muy alejada de la declaraci\u00f3n de la autoridad del sector econ\u00f3mico, pues los d\u00f3lares faltan, va en aumento la informalidad y el [&hellip;]","og_url":"https:\/\/www.eldiario.net\/portal\/2024\/01\/03\/ministro-montenegro-asegura-una-economia-saludable-pero-la-realidad-muestra-lo-contrario\/","og_site_name":"El Diario - Bolivia","article_publisher":"https:\/\/www.facebook.com\/eldiario.bolivia\/","article_published_time":"2024-01-03T10:35:39+00:00","og_image":[{"width":1276,"height":720,"url":"https:\/\/www.eldiario.net\/portal\/wp-content\/uploads\/2024\/01\/eco1.jpg","type":"image\/jpeg"}],"author":"Jeanette","twitter_card":"summary_large_image","twitter_creator":"@eldiario_net","twitter_site":"@eldiario_net","twitter_misc":{"Escrito por":"Jeanette","Tiempo de lectura":"5 minutos"},"schema":{"@context":"https:\/\/schema.org","@graph":[{"@type":"Article","@id":"https:\/\/www.eldiario.net\/portal\/2024\/01\/03\/ministro-montenegro-asegura-una-economia-saludable-pero-la-realidad-muestra-lo-contrario\/#article","isPartOf":{"@id":"https:\/\/www.eldiario.net\/portal\/2024\/01\/03\/ministro-montenegro-asegura-una-economia-saludable-pero-la-realidad-muestra-lo-contrario\/"},"author":{"name":"Jeanette","@id":"https:\/\/www.eldiario.net\/portal\/#\/schema\/person\/f46445640444750d7d753ccd04ae01b7"},"headline":"Ministro Montenegro asegura una econom\u00eda saludable; pero la realidad muestra lo contrario","datePublished":"2024-01-03T10:35:39+00:00","mainEntityOfPage":{"@id":"https:\/\/www.eldiario.net\/portal\/2024\/01\/03\/ministro-montenegro-asegura-una-economia-saludable-pero-la-realidad-muestra-lo-contrario\/"},"wordCount":1029,"commentCount":0,"publisher":{"@id":"https:\/\/www.eldiario.net\/portal\/#organization"},"image":{"@id":"https:\/\/www.eldiario.net\/portal\/2024\/01\/03\/ministro-montenegro-asegura-una-economia-saludable-pero-la-realidad-muestra-lo-contrario\/#primaryimage"},"thumbnailUrl":"https:\/\/www.eldiario.net\/portal\/wp-content\/uploads\/2024\/01\/eco1.jpg","articleSection":["Econom\u00eda"],"inLanguage":"es","potentialAction":[{"@type":"CommentAction","name":"Comment","target":["https:\/\/www.eldiario.net\/portal\/2024\/01\/03\/ministro-montenegro-asegura-una-economia-saludable-pero-la-realidad-muestra-lo-contrario\/#respond"]}]},{"@type":"WebPage","@id":"https:\/\/www.eldiario.net\/portal\/2024\/01\/03\/ministro-montenegro-asegura-una-economia-saludable-pero-la-realidad-muestra-lo-contrario\/","url":"https:\/\/www.eldiario.net\/portal\/2024\/01\/03\/ministro-montenegro-asegura-una-economia-saludable-pero-la-realidad-muestra-lo-contrario\/","name":"Ministro Montenegro asegura una econom\u00eda saludable; pero la realidad muestra lo contrario - El Diario - Bolivia","isPartOf":{"@id":"https:\/\/www.eldiario.net\/portal\/#website"},"primaryImageOfPage":{"@id":"https:\/\/www.eldiario.net\/portal\/2024\/01\/03\/ministro-montenegro-asegura-una-economia-saludable-pero-la-realidad-muestra-lo-contrario\/#primaryimage"},"image":{"@id":"https:\/\/www.eldiario.net\/portal\/2024\/01\/03\/ministro-montenegro-asegura-una-economia-saludable-pero-la-realidad-muestra-lo-contrario\/#primaryimage"},"thumbnailUrl":"https:\/\/www.eldiario.net\/portal\/wp-content\/uploads\/2024\/01\/eco1.jpg","datePublished":"2024-01-03T10:35:39+00:00","breadcrumb":{"@id":"https:\/\/www.eldiario.net\/portal\/2024\/01\/03\/ministro-montenegro-asegura-una-economia-saludable-pero-la-realidad-muestra-lo-contrario\/#breadcrumb"},"inLanguage":"es","potentialAction":[{"@type":"ReadAction","target":["https:\/\/www.eldiario.net\/portal\/2024\/01\/03\/ministro-montenegro-asegura-una-economia-saludable-pero-la-realidad-muestra-lo-contrario\/"]}]},{"@type":"ImageObject","inLanguage":"es","@id":"https:\/\/www.eldiario.net\/portal\/2024\/01\/03\/ministro-montenegro-asegura-una-economia-saludable-pero-la-realidad-muestra-lo-contrario\/#primaryimage","url":"https:\/\/www.eldiario.net\/portal\/wp-content\/uploads\/2024\/01\/eco1.jpg","contentUrl":"https:\/\/www.eldiario.net\/portal\/wp-content\/uploads\/2024\/01\/eco1.jpg","width":1276,"height":720},{"@type":"BreadcrumbList","@id":"https:\/\/www.eldiario.net\/portal\/2024\/01\/03\/ministro-montenegro-asegura-una-economia-saludable-pero-la-realidad-muestra-lo-contrario\/#breadcrumb","itemListElement":[{"@type":"ListItem","position":1,"name":"Portada","item":"https:\/\/www.eldiario.net\/portal\/"},{"@type":"ListItem","position":2,"name":"Ministro Montenegro asegura una econom\u00eda saludable; pero la realidad muestra lo contrario"}]},{"@type":"WebSite","@id":"https:\/\/www.eldiario.net\/portal\/#website","url":"https:\/\/www.eldiario.net\/portal\/","name":"El Diario - Decano de la prensa nacional","description":"El Diario - Decano de la prensa nacional","publisher":{"@id":"https:\/\/www.eldiario.net\/portal\/#organization"},"potentialAction":[{"@type":"SearchAction","target":{"@type":"EntryPoint","urlTemplate":"https:\/\/www.eldiario.net\/portal\/?s={search_term_string}"},"query-input":{"@type":"PropertyValueSpecification","valueRequired":true,"valueName":"search_term_string"}}],"inLanguage":"es"},{"@type":"Organization","@id":"https:\/\/www.eldiario.net\/portal\/#organization","name":"El Diario - Decano de la prensa nacional","url":"https:\/\/www.eldiario.net\/portal\/","logo":{"@type":"ImageObject","inLanguage":"es","@id":"https:\/\/www.eldiario.net\/portal\/#\/schema\/logo\/image\/","url":"https:\/\/www.eldiario.net\/portal\/wp-content\/uploads\/2023\/07\/logo_ED.jpg","contentUrl":"https:\/\/www.eldiario.net\/portal\/wp-content\/uploads\/2023\/07\/logo_ED.jpg","width":272,"height":52,"caption":"El Diario - Decano de la prensa nacional"},"image":{"@id":"https:\/\/www.eldiario.net\/portal\/#\/schema\/logo\/image\/"},"sameAs":["https:\/\/www.facebook.com\/eldiario.bolivia\/","https:\/\/x.com\/eldiario_net"]},{"@type":"Person","@id":"https:\/\/www.eldiario.net\/portal\/#\/schema\/person\/f46445640444750d7d753ccd04ae01b7","name":"Jeanette","image":{"@type":"ImageObject","inLanguage":"es","@id":"https:\/\/secure.gravatar.com\/avatar\/3ea2118a5f7dad2b7138b1187a6b7ee55f160b9968b66013c3a3ef39dd7e5798?s=96&d=mm&r=g","url":"https:\/\/secure.gravatar.com\/avatar\/3ea2118a5f7dad2b7138b1187a6b7ee55f160b9968b66013c3a3ef39dd7e5798?s=96&d=mm&r=g","contentUrl":"https:\/\/secure.gravatar.com\/avatar\/3ea2118a5f7dad2b7138b1187a6b7ee55f160b9968b66013c3a3ef39dd7e5798?s=96&d=mm&r=g","caption":"Jeanette"},"sameAs":["https:\/\/www.eldiario.net\/portal"],"url":"https:\/\/www.eldiario.net\/portal\/author\/jeanette\/"}]}},"_links":{"self":[{"href":"https:\/\/www.eldiario.net\/portal\/wp-json\/wp\/v2\/posts\/195655","targetHints":{"allow":["GET"]}}],"collection":[{"href":"https:\/\/www.eldiario.net\/portal\/wp-json\/wp\/v2\/posts"}],"about":[{"href":"https:\/\/www.eldiario.net\/portal\/wp-json\/wp\/v2\/types\/post"}],"author":[{"embeddable":true,"href":"https:\/\/www.eldiario.net\/portal\/wp-json\/wp\/v2\/users\/1"}],"replies":[{"embeddable":true,"href":"https:\/\/www.eldiario.net\/portal\/wp-json\/wp\/v2\/comments?post=195655"}],"version-history":[{"count":1,"href":"https:\/\/www.eldiario.net\/portal\/wp-json\/wp\/v2\/posts\/195655\/revisions"}],"predecessor-version":[{"id":195657,"href":"https:\/\/www.eldiario.net\/portal\/wp-json\/wp\/v2\/posts\/195655\/revisions\/195657"}],"wp:featuredmedia":[{"embeddable":true,"href":"https:\/\/www.eldiario.net\/portal\/wp-json\/wp\/v2\/media\/195656"}],"wp:attachment":[{"href":"https:\/\/www.eldiario.net\/portal\/wp-json\/wp\/v2\/media?parent=195655"}],"wp:term":[{"taxonomy":"category","embeddable":true,"href":"https:\/\/www.eldiario.net\/portal\/wp-json\/wp\/v2\/categories?post=195655"},{"taxonomy":"post_tag","embeddable":true,"href":"https:\/\/www.eldiario.net\/portal\/wp-json\/wp\/v2\/tags?post=195655"}],"curies":[{"name":"wp","href":"https:\/\/api.w.org\/{rel}","templated":true}]}}