{"id":195649,"date":"2024-01-03T06:34:06","date_gmt":"2024-01-03T10:34:06","guid":{"rendered":"https:\/\/www.eldiario.net\/portal\/?p=195649"},"modified":"2024-01-03T06:34:06","modified_gmt":"2024-01-03T10:34:06","slug":"aceleran-gestiones-del-banco-de-china-ante-lenta-normalizacion-del-dolar","status":"publish","type":"post","link":"https:\/\/www.eldiario.net\/portal\/2024\/01\/03\/aceleran-gestiones-del-banco-de-china-ante-lenta-normalizacion-del-dolar\/","title":{"rendered":"Aceleran gestiones del Banco de China  ante lenta normalizaci\u00f3n del d\u00f3lar"},"content":{"rendered":"<p>Las gestiones para el establecimiento del Banco de China en Bolivia, para que trabaje conjuntamente con el estatal Uni\u00f3n, llegaron a la fase final. De esta manera aceleran el intercambio de yuanes ante la lenta normalizaci\u00f3n de los d\u00f3lares en el mercado nacional.<br \/>\nEn su momento, el economista Gonzalo Ch\u00e1vez indic\u00f3 en sus redes sociales, que la llegada de yuanes era ante la baja oferta de d\u00f3lares, pero tambi\u00e9n que la transacci\u00f3n de la divisa china s\u00f3lo ser\u00eda \u00fatil con el gigante asi\u00e1tico, pues la compra de combustibles se lo hace con d\u00f3lares.<br \/>\nEn la regi\u00f3n ya se avanz\u00f3 en el tema, como en la Argentina, y tambi\u00e9n se ten\u00eda la misma meta con Brasil.<br \/>\n\u201cEn relaci\u00f3n a los yuanes, ya el Banco de China est\u00e1 en una fase final para establecer mecanismos de convenio para que pueda trabajar conjuntamente con el Banco Uni\u00f3n\u201d, dijo en conferencia de prensa, el ministro de Econom\u00eda y Finanzas P\u00fablicas, Marcelo Montenegro, ante la consulta de los periodistas.<br \/>\nEn 2023, la Embajada de China en Bolivia revel\u00f3 que se estudia la posibilidad de abrir sucursales de entidades financieras chinas en el pa\u00eds, con el objetivo de mejorar las relaciones comerciales bilaterales.<br \/>\nEn junio del a\u00f1o pasado, Montenegro ya anticip\u00f3 que \u201cvale la pena\u201d tener en el pa\u00eds un banco que opere con yuanes, por el intercambio comercial que tiene Bolivia con el pa\u00eds asi\u00e1tico y asegur\u00f3 que ser\u00e1 una ventaja para los bolivianos.<br \/>\nMeses despu\u00e9s, en septiembre, ejecutivos de dos de los bancos m\u00e1s grandes de China arribaron a la ciudad de Santa Cruz para reunirse con representantes del sistema financiero boliviano y promover el uso del yuan en transacciones nacionales.<br \/>\nS\u00f3lo entre marzo y junio de 2023, las entidades financieras del pa\u00eds, principalmente, el Banco Uni\u00f3n, realizaron transacciones de comercio exterior en yuanes por un valor aproximado de 40 millones de d\u00f3lares, seg\u00fan el Banco Central de Bolivia (BCB). (Abi y EL DIARIO)<\/p>\n","protected":false},"excerpt":{"rendered":"<p>Las gestiones para el establecimiento del Banco de China en Bolivia, para que trabaje conjuntamente con el estatal Uni\u00f3n, llegaron a la fase final. De esta manera aceleran el intercambio de yuanes ante la lenta normalizaci\u00f3n de los d\u00f3lares en el mercado nacional. En su momento, el economista Gonzalo Ch\u00e1vez indic\u00f3 en sus redes sociales, [&hellip;]<\/p>\n","protected":false},"author":1,"featured_media":195650,"comment_status":"open","ping_status":"open","sticky":false,"template":"","format":"standard","meta":{"_acf_changed":false,"footnotes":""},"categories":[7],"tags":[],"class_list":["post-195649","post","type-post","status-publish","format-standard","has-post-thumbnail","category-economia"],"acf":{"antetitulo":""},"yoast_head":"<!-- This site is optimized with the Yoast SEO plugin v28.4 - https:\/\/yoast.com\/product\/yoast-seo-wordpress\/ -->\n<title>Aceleran gestiones del Banco de China ante lenta normalizaci\u00f3n del d\u00f3lar - El Diario - Bolivia<\/title>\n<meta name=\"robots\" content=\"index, follow, max-snippet:-1, max-image-preview:large, max-video-preview:-1\" \/>\n<link rel=\"canonical\" href=\"https:\/\/www.eldiario.net\/portal\/2024\/01\/03\/aceleran-gestiones-del-banco-de-china-ante-lenta-normalizacion-del-dolar\/\" \/>\n<meta property=\"og:locale\" content=\"es_ES\" \/>\n<meta property=\"og:type\" content=\"article\" \/>\n<meta property=\"og:title\" content=\"Aceleran gestiones del Banco de China ante lenta normalizaci\u00f3n del d\u00f3lar - El Diario - Bolivia\" \/>\n<meta property=\"og:description\" content=\"Las gestiones para el establecimiento del Banco de China en Bolivia, para que trabaje conjuntamente con el estatal Uni\u00f3n, llegaron a la fase final. De esta manera aceleran el intercambio de yuanes ante la lenta normalizaci\u00f3n de los d\u00f3lares en el mercado nacional. En su momento, el economista Gonzalo Ch\u00e1vez indic\u00f3 en sus redes sociales, [&hellip;]\" \/>\n<meta property=\"og:url\" content=\"https:\/\/www.eldiario.net\/portal\/2024\/01\/03\/aceleran-gestiones-del-banco-de-china-ante-lenta-normalizacion-del-dolar\/\" \/>\n<meta property=\"og:site_name\" content=\"El Diario - Bolivia\" \/>\n<meta property=\"article:publisher\" content=\"https:\/\/www.facebook.com\/eldiario.bolivia\/\" \/>\n<meta property=\"article:published_time\" content=\"2024-01-03T10:34:06+00:00\" \/>\n<meta property=\"og:image\" content=\"https:\/\/www.eldiario.net\/portal\/wp-content\/uploads\/2024\/01\/Yuanes.jpg\" \/>\n\t<meta property=\"og:image:width\" content=\"1279\" \/>\n\t<meta property=\"og:image:height\" content=\"852\" \/>\n\t<meta property=\"og:image:type\" content=\"image\/jpeg\" \/>\n<meta name=\"author\" content=\"Jeanette\" \/>\n<meta name=\"twitter:card\" content=\"summary_large_image\" \/>\n<meta name=\"twitter:creator\" content=\"@eldiario_net\" \/>\n<meta name=\"twitter:site\" content=\"@eldiario_net\" \/>\n<meta name=\"twitter:label1\" content=\"Escrito por\" \/>\n\t<meta name=\"twitter:data1\" content=\"Jeanette\" \/>\n\t<meta name=\"twitter:label2\" content=\"Tiempo de lectura\" \/>\n\t<meta name=\"twitter:data2\" content=\"2 minutos\" \/>\n<script type=\"application\/ld+json\" class=\"yoast-schema-graph\">{\"@context\":\"https:\\\/\\\/schema.org\",\"@graph\":[{\"@type\":\"Article\",\"@id\":\"https:\\\/\\\/www.eldiario.net\\\/portal\\\/2024\\\/01\\\/03\\\/aceleran-gestiones-del-banco-de-china-ante-lenta-normalizacion-del-dolar\\\/#article\",\"isPartOf\":{\"@id\":\"https:\\\/\\\/www.eldiario.net\\\/portal\\\/2024\\\/01\\\/03\\\/aceleran-gestiones-del-banco-de-china-ante-lenta-normalizacion-del-dolar\\\/\"},\"author\":{\"name\":\"Jeanette\",\"@id\":\"https:\\\/\\\/www.eldiario.net\\\/portal\\\/#\\\/schema\\\/person\\\/f46445640444750d7d753ccd04ae01b7\"},\"headline\":\"Aceleran gestiones del Banco de China ante lenta normalizaci\u00f3n del d\u00f3lar\",\"datePublished\":\"2024-01-03T10:34:06+00:00\",\"mainEntityOfPage\":{\"@id\":\"https:\\\/\\\/www.eldiario.net\\\/portal\\\/2024\\\/01\\\/03\\\/aceleran-gestiones-del-banco-de-china-ante-lenta-normalizacion-del-dolar\\\/\"},\"wordCount\":360,\"commentCount\":0,\"publisher\":{\"@id\":\"https:\\\/\\\/www.eldiario.net\\\/portal\\\/#organization\"},\"image\":{\"@id\":\"https:\\\/\\\/www.eldiario.net\\\/portal\\\/2024\\\/01\\\/03\\\/aceleran-gestiones-del-banco-de-china-ante-lenta-normalizacion-del-dolar\\\/#primaryimage\"},\"thumbnailUrl\":\"https:\\\/\\\/www.eldiario.net\\\/portal\\\/wp-content\\\/uploads\\\/2024\\\/01\\\/Yuanes.jpg\",\"articleSection\":[\"Econom\u00eda\"],\"inLanguage\":\"es\",\"potentialAction\":[{\"@type\":\"CommentAction\",\"name\":\"Comment\",\"target\":[\"https:\\\/\\\/www.eldiario.net\\\/portal\\\/2024\\\/01\\\/03\\\/aceleran-gestiones-del-banco-de-china-ante-lenta-normalizacion-del-dolar\\\/#respond\"]}]},{\"@type\":\"WebPage\",\"@id\":\"https:\\\/\\\/www.eldiario.net\\\/portal\\\/2024\\\/01\\\/03\\\/aceleran-gestiones-del-banco-de-china-ante-lenta-normalizacion-del-dolar\\\/\",\"url\":\"https:\\\/\\\/www.eldiario.net\\\/portal\\\/2024\\\/01\\\/03\\\/aceleran-gestiones-del-banco-de-china-ante-lenta-normalizacion-del-dolar\\\/\",\"name\":\"Aceleran gestiones del Banco de China ante lenta normalizaci\u00f3n del d\u00f3lar - El Diario - Bolivia\",\"isPartOf\":{\"@id\":\"https:\\\/\\\/www.eldiario.net\\\/portal\\\/#website\"},\"primaryImageOfPage\":{\"@id\":\"https:\\\/\\\/www.eldiario.net\\\/portal\\\/2024\\\/01\\\/03\\\/aceleran-gestiones-del-banco-de-china-ante-lenta-normalizacion-del-dolar\\\/#primaryimage\"},\"image\":{\"@id\":\"https:\\\/\\\/www.eldiario.net\\\/portal\\\/2024\\\/01\\\/03\\\/aceleran-gestiones-del-banco-de-china-ante-lenta-normalizacion-del-dolar\\\/#primaryimage\"},\"thumbnailUrl\":\"https:\\\/\\\/www.eldiario.net\\\/portal\\\/wp-content\\\/uploads\\\/2024\\\/01\\\/Yuanes.jpg\",\"datePublished\":\"2024-01-03T10:34:06+00:00\",\"breadcrumb\":{\"@id\":\"https:\\\/\\\/www.eldiario.net\\\/portal\\\/2024\\\/01\\\/03\\\/aceleran-gestiones-del-banco-de-china-ante-lenta-normalizacion-del-dolar\\\/#breadcrumb\"},\"inLanguage\":\"es\",\"potentialAction\":[{\"@type\":\"ReadAction\",\"target\":[\"https:\\\/\\\/www.eldiario.net\\\/portal\\\/2024\\\/01\\\/03\\\/aceleran-gestiones-del-banco-de-china-ante-lenta-normalizacion-del-dolar\\\/\"]}]},{\"@type\":\"ImageObject\",\"inLanguage\":\"es\",\"@id\":\"https:\\\/\\\/www.eldiario.net\\\/portal\\\/2024\\\/01\\\/03\\\/aceleran-gestiones-del-banco-de-china-ante-lenta-normalizacion-del-dolar\\\/#primaryimage\",\"url\":\"https:\\\/\\\/www.eldiario.net\\\/portal\\\/wp-content\\\/uploads\\\/2024\\\/01\\\/Yuanes.jpg\",\"contentUrl\":\"https:\\\/\\\/www.eldiario.net\\\/portal\\\/wp-content\\\/uploads\\\/2024\\\/01\\\/Yuanes.jpg\",\"width\":1279,\"height\":852,\"caption\":\"yuanes, moneda de China.\"},{\"@type\":\"BreadcrumbList\",\"@id\":\"https:\\\/\\\/www.eldiario.net\\\/portal\\\/2024\\\/01\\\/03\\\/aceleran-gestiones-del-banco-de-china-ante-lenta-normalizacion-del-dolar\\\/#breadcrumb\",\"itemListElement\":[{\"@type\":\"ListItem\",\"position\":1,\"name\":\"Portada\",\"item\":\"https:\\\/\\\/www.eldiario.net\\\/portal\\\/\"},{\"@type\":\"ListItem\",\"position\":2,\"name\":\"Aceleran gestiones del Banco de China ante lenta normalizaci\u00f3n del d\u00f3lar\"}]},{\"@type\":\"WebSite\",\"@id\":\"https:\\\/\\\/www.eldiario.net\\\/portal\\\/#website\",\"url\":\"https:\\\/\\\/www.eldiario.net\\\/portal\\\/\",\"name\":\"El Diario - Decano de la prensa nacional\",\"description\":\"El Diario - Decano de la prensa nacional\",\"publisher\":{\"@id\":\"https:\\\/\\\/www.eldiario.net\\\/portal\\\/#organization\"},\"potentialAction\":[{\"@type\":\"SearchAction\",\"target\":{\"@type\":\"EntryPoint\",\"urlTemplate\":\"https:\\\/\\\/www.eldiario.net\\\/portal\\\/?s={search_term_string}\"},\"query-input\":{\"@type\":\"PropertyValueSpecification\",\"valueRequired\":true,\"valueName\":\"search_term_string\"}}],\"inLanguage\":\"es\"},{\"@type\":\"Organization\",\"@id\":\"https:\\\/\\\/www.eldiario.net\\\/portal\\\/#organization\",\"name\":\"El Diario - Decano de la prensa nacional\",\"url\":\"https:\\\/\\\/www.eldiario.net\\\/portal\\\/\",\"logo\":{\"@type\":\"ImageObject\",\"inLanguage\":\"es\",\"@id\":\"https:\\\/\\\/www.eldiario.net\\\/portal\\\/#\\\/schema\\\/logo\\\/image\\\/\",\"url\":\"https:\\\/\\\/www.eldiario.net\\\/portal\\\/wp-content\\\/uploads\\\/2023\\\/07\\\/logo_ED.jpg\",\"contentUrl\":\"https:\\\/\\\/www.eldiario.net\\\/portal\\\/wp-content\\\/uploads\\\/2023\\\/07\\\/logo_ED.jpg\",\"width\":272,\"height\":52,\"caption\":\"El Diario - Decano de la prensa nacional\"},\"image\":{\"@id\":\"https:\\\/\\\/www.eldiario.net\\\/portal\\\/#\\\/schema\\\/logo\\\/image\\\/\"},\"sameAs\":[\"https:\\\/\\\/www.facebook.com\\\/eldiario.bolivia\\\/\",\"https:\\\/\\\/x.com\\\/eldiario_net\"]},{\"@type\":\"Person\",\"@id\":\"https:\\\/\\\/www.eldiario.net\\\/portal\\\/#\\\/schema\\\/person\\\/f46445640444750d7d753ccd04ae01b7\",\"name\":\"Jeanette\",\"image\":{\"@type\":\"ImageObject\",\"inLanguage\":\"es\",\"@id\":\"https:\\\/\\\/secure.gravatar.com\\\/avatar\\\/3ea2118a5f7dad2b7138b1187a6b7ee55f160b9968b66013c3a3ef39dd7e5798?s=96&d=mm&r=g\",\"url\":\"https:\\\/\\\/secure.gravatar.com\\\/avatar\\\/3ea2118a5f7dad2b7138b1187a6b7ee55f160b9968b66013c3a3ef39dd7e5798?s=96&d=mm&r=g\",\"contentUrl\":\"https:\\\/\\\/secure.gravatar.com\\\/avatar\\\/3ea2118a5f7dad2b7138b1187a6b7ee55f160b9968b66013c3a3ef39dd7e5798?s=96&d=mm&r=g\",\"caption\":\"Jeanette\"},\"sameAs\":[\"https:\\\/\\\/www.eldiario.net\\\/portal\"],\"url\":\"https:\\\/\\\/www.eldiario.net\\\/portal\\\/author\\\/jeanette\\\/\"}]}<\/script>\n<!-- \/ Yoast SEO plugin. -->","yoast_head_json":{"title":"Aceleran gestiones del Banco de China ante lenta normalizaci\u00f3n del d\u00f3lar - El Diario - Bolivia","robots":{"index":"index","follow":"follow","max-snippet":"max-snippet:-1","max-image-preview":"max-image-preview:large","max-video-preview":"max-video-preview:-1"},"canonical":"https:\/\/www.eldiario.net\/portal\/2024\/01\/03\/aceleran-gestiones-del-banco-de-china-ante-lenta-normalizacion-del-dolar\/","og_locale":"es_ES","og_type":"article","og_title":"Aceleran gestiones del Banco de China ante lenta normalizaci\u00f3n del d\u00f3lar - El Diario - Bolivia","og_description":"Las gestiones para el establecimiento del Banco de China en Bolivia, para que trabaje conjuntamente con el estatal Uni\u00f3n, llegaron a la fase final. De esta manera aceleran el intercambio de yuanes ante la lenta normalizaci\u00f3n de los d\u00f3lares en el mercado nacional. En su momento, el economista Gonzalo Ch\u00e1vez indic\u00f3 en sus redes sociales, [&hellip;]","og_url":"https:\/\/www.eldiario.net\/portal\/2024\/01\/03\/aceleran-gestiones-del-banco-de-china-ante-lenta-normalizacion-del-dolar\/","og_site_name":"El Diario - Bolivia","article_publisher":"https:\/\/www.facebook.com\/eldiario.bolivia\/","article_published_time":"2024-01-03T10:34:06+00:00","og_image":[{"width":1279,"height":852,"url":"https:\/\/www.eldiario.net\/portal\/wp-content\/uploads\/2024\/01\/Yuanes.jpg","type":"image\/jpeg"}],"author":"Jeanette","twitter_card":"summary_large_image","twitter_creator":"@eldiario_net","twitter_site":"@eldiario_net","twitter_misc":{"Escrito por":"Jeanette","Tiempo de lectura":"2 minutos"},"schema":{"@context":"https:\/\/schema.org","@graph":[{"@type":"Article","@id":"https:\/\/www.eldiario.net\/portal\/2024\/01\/03\/aceleran-gestiones-del-banco-de-china-ante-lenta-normalizacion-del-dolar\/#article","isPartOf":{"@id":"https:\/\/www.eldiario.net\/portal\/2024\/01\/03\/aceleran-gestiones-del-banco-de-china-ante-lenta-normalizacion-del-dolar\/"},"author":{"name":"Jeanette","@id":"https:\/\/www.eldiario.net\/portal\/#\/schema\/person\/f46445640444750d7d753ccd04ae01b7"},"headline":"Aceleran gestiones del Banco de China ante lenta normalizaci\u00f3n del d\u00f3lar","datePublished":"2024-01-03T10:34:06+00:00","mainEntityOfPage":{"@id":"https:\/\/www.eldiario.net\/portal\/2024\/01\/03\/aceleran-gestiones-del-banco-de-china-ante-lenta-normalizacion-del-dolar\/"},"wordCount":360,"commentCount":0,"publisher":{"@id":"https:\/\/www.eldiario.net\/portal\/#organization"},"image":{"@id":"https:\/\/www.eldiario.net\/portal\/2024\/01\/03\/aceleran-gestiones-del-banco-de-china-ante-lenta-normalizacion-del-dolar\/#primaryimage"},"thumbnailUrl":"https:\/\/www.eldiario.net\/portal\/wp-content\/uploads\/2024\/01\/Yuanes.jpg","articleSection":["Econom\u00eda"],"inLanguage":"es","potentialAction":[{"@type":"CommentAction","name":"Comment","target":["https:\/\/www.eldiario.net\/portal\/2024\/01\/03\/aceleran-gestiones-del-banco-de-china-ante-lenta-normalizacion-del-dolar\/#respond"]}]},{"@type":"WebPage","@id":"https:\/\/www.eldiario.net\/portal\/2024\/01\/03\/aceleran-gestiones-del-banco-de-china-ante-lenta-normalizacion-del-dolar\/","url":"https:\/\/www.eldiario.net\/portal\/2024\/01\/03\/aceleran-gestiones-del-banco-de-china-ante-lenta-normalizacion-del-dolar\/","name":"Aceleran gestiones del Banco de China ante lenta normalizaci\u00f3n del d\u00f3lar - El Diario - Bolivia","isPartOf":{"@id":"https:\/\/www.eldiario.net\/portal\/#website"},"primaryImageOfPage":{"@id":"https:\/\/www.eldiario.net\/portal\/2024\/01\/03\/aceleran-gestiones-del-banco-de-china-ante-lenta-normalizacion-del-dolar\/#primaryimage"},"image":{"@id":"https:\/\/www.eldiario.net\/portal\/2024\/01\/03\/aceleran-gestiones-del-banco-de-china-ante-lenta-normalizacion-del-dolar\/#primaryimage"},"thumbnailUrl":"https:\/\/www.eldiario.net\/portal\/wp-content\/uploads\/2024\/01\/Yuanes.jpg","datePublished":"2024-01-03T10:34:06+00:00","breadcrumb":{"@id":"https:\/\/www.eldiario.net\/portal\/2024\/01\/03\/aceleran-gestiones-del-banco-de-china-ante-lenta-normalizacion-del-dolar\/#breadcrumb"},"inLanguage":"es","potentialAction":[{"@type":"ReadAction","target":["https:\/\/www.eldiario.net\/portal\/2024\/01\/03\/aceleran-gestiones-del-banco-de-china-ante-lenta-normalizacion-del-dolar\/"]}]},{"@type":"ImageObject","inLanguage":"es","@id":"https:\/\/www.eldiario.net\/portal\/2024\/01\/03\/aceleran-gestiones-del-banco-de-china-ante-lenta-normalizacion-del-dolar\/#primaryimage","url":"https:\/\/www.eldiario.net\/portal\/wp-content\/uploads\/2024\/01\/Yuanes.jpg","contentUrl":"https:\/\/www.eldiario.net\/portal\/wp-content\/uploads\/2024\/01\/Yuanes.jpg","width":1279,"height":852,"caption":"yuanes, moneda de China."},{"@type":"BreadcrumbList","@id":"https:\/\/www.eldiario.net\/portal\/2024\/01\/03\/aceleran-gestiones-del-banco-de-china-ante-lenta-normalizacion-del-dolar\/#breadcrumb","itemListElement":[{"@type":"ListItem","position":1,"name":"Portada","item":"https:\/\/www.eldiario.net\/portal\/"},{"@type":"ListItem","position":2,"name":"Aceleran gestiones del Banco de China ante lenta normalizaci\u00f3n del d\u00f3lar"}]},{"@type":"WebSite","@id":"https:\/\/www.eldiario.net\/portal\/#website","url":"https:\/\/www.eldiario.net\/portal\/","name":"El Diario - Decano de la prensa nacional","description":"El Diario - Decano de la prensa nacional","publisher":{"@id":"https:\/\/www.eldiario.net\/portal\/#organization"},"potentialAction":[{"@type":"SearchAction","target":{"@type":"EntryPoint","urlTemplate":"https:\/\/www.eldiario.net\/portal\/?s={search_term_string}"},"query-input":{"@type":"PropertyValueSpecification","valueRequired":true,"valueName":"search_term_string"}}],"inLanguage":"es"},{"@type":"Organization","@id":"https:\/\/www.eldiario.net\/portal\/#organization","name":"El Diario - Decano de la prensa nacional","url":"https:\/\/www.eldiario.net\/portal\/","logo":{"@type":"ImageObject","inLanguage":"es","@id":"https:\/\/www.eldiario.net\/portal\/#\/schema\/logo\/image\/","url":"https:\/\/www.eldiario.net\/portal\/wp-content\/uploads\/2023\/07\/logo_ED.jpg","contentUrl":"https:\/\/www.eldiario.net\/portal\/wp-content\/uploads\/2023\/07\/logo_ED.jpg","width":272,"height":52,"caption":"El Diario - Decano de la prensa nacional"},"image":{"@id":"https:\/\/www.eldiario.net\/portal\/#\/schema\/logo\/image\/"},"sameAs":["https:\/\/www.facebook.com\/eldiario.bolivia\/","https:\/\/x.com\/eldiario_net"]},{"@type":"Person","@id":"https:\/\/www.eldiario.net\/portal\/#\/schema\/person\/f46445640444750d7d753ccd04ae01b7","name":"Jeanette","image":{"@type":"ImageObject","inLanguage":"es","@id":"https:\/\/secure.gravatar.com\/avatar\/3ea2118a5f7dad2b7138b1187a6b7ee55f160b9968b66013c3a3ef39dd7e5798?s=96&d=mm&r=g","url":"https:\/\/secure.gravatar.com\/avatar\/3ea2118a5f7dad2b7138b1187a6b7ee55f160b9968b66013c3a3ef39dd7e5798?s=96&d=mm&r=g","contentUrl":"https:\/\/secure.gravatar.com\/avatar\/3ea2118a5f7dad2b7138b1187a6b7ee55f160b9968b66013c3a3ef39dd7e5798?s=96&d=mm&r=g","caption":"Jeanette"},"sameAs":["https:\/\/www.eldiario.net\/portal"],"url":"https:\/\/www.eldiario.net\/portal\/author\/jeanette\/"}]}},"_links":{"self":[{"href":"https:\/\/www.eldiario.net\/portal\/wp-json\/wp\/v2\/posts\/195649","targetHints":{"allow":["GET"]}}],"collection":[{"href":"https:\/\/www.eldiario.net\/portal\/wp-json\/wp\/v2\/posts"}],"about":[{"href":"https:\/\/www.eldiario.net\/portal\/wp-json\/wp\/v2\/types\/post"}],"author":[{"embeddable":true,"href":"https:\/\/www.eldiario.net\/portal\/wp-json\/wp\/v2\/users\/1"}],"replies":[{"embeddable":true,"href":"https:\/\/www.eldiario.net\/portal\/wp-json\/wp\/v2\/comments?post=195649"}],"version-history":[{"count":1,"href":"https:\/\/www.eldiario.net\/portal\/wp-json\/wp\/v2\/posts\/195649\/revisions"}],"predecessor-version":[{"id":195651,"href":"https:\/\/www.eldiario.net\/portal\/wp-json\/wp\/v2\/posts\/195649\/revisions\/195651"}],"wp:featuredmedia":[{"embeddable":true,"href":"https:\/\/www.eldiario.net\/portal\/wp-json\/wp\/v2\/media\/195650"}],"wp:attachment":[{"href":"https:\/\/www.eldiario.net\/portal\/wp-json\/wp\/v2\/media?parent=195649"}],"wp:term":[{"taxonomy":"category","embeddable":true,"href":"https:\/\/www.eldiario.net\/portal\/wp-json\/wp\/v2\/categories?post=195649"},{"taxonomy":"post_tag","embeddable":true,"href":"https:\/\/www.eldiario.net\/portal\/wp-json\/wp\/v2\/tags?post=195649"}],"curies":[{"name":"wp","href":"https:\/\/api.w.org\/{rel}","templated":true}]}}