{"id":195646,"date":"2024-01-03T06:33:29","date_gmt":"2024-01-03T10:33:29","guid":{"rendered":"https:\/\/www.eldiario.net\/portal\/?p=195646"},"modified":"2024-01-03T06:33:29","modified_gmt":"2024-01-03T10:33:29","slug":"venta-de-soat-no-llego-ni-al-50-del-parque-automotor","status":"publish","type":"post","link":"https:\/\/www.eldiario.net\/portal\/2024\/01\/03\/venta-de-soat-no-llego-ni-al-50-del-parque-automotor\/","title":{"rendered":"Venta de Soat no lleg\u00f3 ni al  50% del parque automotor"},"content":{"rendered":"<p>La empresa de seguros y reaseguros personales Univida comercializ\u00f3 a la fecha 856.000 rosetas del Seguro Obligatorio de Accidentes de Tr\u00e1nsito (Soat) 2024 y habilit\u00f3 al menos 26 puntos de venta en las ciudades de La Paz y El Alto, ya que se efect\u00faan rigurosos controles. Como se recordar\u00e1 el n\u00famero de veh\u00edculos bordea los 2,5 millones a nivel nacional.<br \/>\n\u201cIniciada la comercializaci\u00f3n, tenemos m\u00e1s de 856 mil ventas a nivel nacional; se ha superado ac\u00e1, en la ciudad de La Paz m\u00e1s de 250.000 ventas y es importante porque hay una respuesta efectiva de la poblaci\u00f3n\u201d, indic\u00f3 la gerente de la Regi\u00f3n Occidente de Univida, Sdenka Rivera, en contacto con Bolivia Tv.<br \/>\nDesde un operativo de control, en la zona Bajo Seg\u00fcencoma, al sur de la ciudad de La Paz, la ejecutiva explic\u00f3 que esa entidad, junto con efectivos de la Polic\u00eda Boliviana, efect\u00faa controles desde las cero horas del 1 de enero.<br \/>\n\u201cNing\u00fan auto deber\u00eda circular en v\u00eda p\u00fablica si no cuenta con un Soat 2024. Nosotros continuamos desplegando nuestros puntos fijos para lo que viene a ser la comercializaci\u00f3n y tambi\u00e9n los canales digitales\u201d, remarc\u00f3.<br \/>\nIndic\u00f3 que la ciudad de La Paz cuenta con 14 puntos de venta del Soat y El Alto unos 12, el \u00fanico requisito es el n\u00famero de placa del veh\u00edculo y el n\u00famero de c\u00e9dula de identidad del propietario.<br \/>\nPor tercer a\u00f1o consecutivo, Univida mantiene los precios del Soat 2024. Las tarifas de la roseta var\u00edan seg\u00fan el tipo de autom\u00f3vil y uso, particular o p\u00fablico, los costos van desde Bs 75 hasta los Bs 3.700, \u00e9ste \u00faltimo para bus de m\u00e1s de 30 pasajeros.<br \/>\nLos propietarios de veh\u00edculos tambi\u00e9n pueden comprar el seguro mediante los canales digitales de la empresa www.univida.bo, Univida app, WhatsApp (77775677) o Facebook, que ahorran tiempo y evitan filas.<br \/>\nPIE DE FOTO<br \/>\nFoto<\/p>\n","protected":false},"excerpt":{"rendered":"<p>La empresa de seguros y reaseguros personales Univida comercializ\u00f3 a la fecha 856.000 rosetas del Seguro Obligatorio de Accidentes de Tr\u00e1nsito (Soat) 2024 y habilit\u00f3 al menos 26 puntos de venta en las ciudades de La Paz y El Alto, ya que se efect\u00faan rigurosos controles. Como se recordar\u00e1 el n\u00famero de veh\u00edculos bordea los [&hellip;]<\/p>\n","protected":false},"author":1,"featured_media":195647,"comment_status":"open","ping_status":"open","sticky":false,"template":"","format":"standard","meta":{"_acf_changed":false,"footnotes":""},"categories":[7],"tags":[],"class_list":["post-195646","post","type-post","status-publish","format-standard","has-post-thumbnail","category-economia"],"acf":{"antetitulo":""},"yoast_head":"<!-- This site is optimized with the Yoast SEO plugin v28.4 - https:\/\/yoast.com\/product\/yoast-seo-wordpress\/ -->\n<title>Venta de Soat no lleg\u00f3 ni al 50% del parque automotor - El Diario - Bolivia<\/title>\n<meta name=\"robots\" content=\"index, follow, max-snippet:-1, max-image-preview:large, max-video-preview:-1\" \/>\n<link rel=\"canonical\" href=\"https:\/\/www.eldiario.net\/portal\/2024\/01\/03\/venta-de-soat-no-llego-ni-al-50-del-parque-automotor\/\" \/>\n<meta property=\"og:locale\" content=\"es_ES\" \/>\n<meta property=\"og:type\" content=\"article\" \/>\n<meta property=\"og:title\" content=\"Venta de Soat no lleg\u00f3 ni al 50% del parque automotor - El Diario - Bolivia\" \/>\n<meta property=\"og:description\" content=\"La empresa de seguros y reaseguros personales Univida comercializ\u00f3 a la fecha 856.000 rosetas del Seguro Obligatorio de Accidentes de Tr\u00e1nsito (Soat) 2024 y habilit\u00f3 al menos 26 puntos de venta en las ciudades de La Paz y El Alto, ya que se efect\u00faan rigurosos controles. Como se recordar\u00e1 el n\u00famero de veh\u00edculos bordea los [&hellip;]\" \/>\n<meta property=\"og:url\" content=\"https:\/\/www.eldiario.net\/portal\/2024\/01\/03\/venta-de-soat-no-llego-ni-al-50-del-parque-automotor\/\" \/>\n<meta property=\"og:site_name\" content=\"El Diario - Bolivia\" \/>\n<meta property=\"article:publisher\" content=\"https:\/\/www.facebook.com\/eldiario.bolivia\/\" \/>\n<meta property=\"article:published_time\" content=\"2024-01-03T10:33:29+00:00\" \/>\n<meta property=\"og:image\" content=\"https:\/\/www.eldiario.net\/portal\/wp-content\/uploads\/2024\/01\/soat.jpg\" \/>\n\t<meta property=\"og:image:width\" content=\"1280\" \/>\n\t<meta property=\"og:image:height\" content=\"855\" \/>\n\t<meta property=\"og:image:type\" content=\"image\/jpeg\" \/>\n<meta name=\"author\" content=\"Jeanette\" \/>\n<meta name=\"twitter:card\" content=\"summary_large_image\" \/>\n<meta name=\"twitter:creator\" content=\"@eldiario_net\" \/>\n<meta name=\"twitter:site\" content=\"@eldiario_net\" \/>\n<meta name=\"twitter:label1\" content=\"Escrito por\" \/>\n\t<meta name=\"twitter:data1\" content=\"Jeanette\" \/>\n\t<meta name=\"twitter:label2\" content=\"Tiempo de lectura\" \/>\n\t<meta name=\"twitter:data2\" content=\"2 minutos\" \/>\n<script type=\"application\/ld+json\" class=\"yoast-schema-graph\">{\"@context\":\"https:\\\/\\\/schema.org\",\"@graph\":[{\"@type\":\"Article\",\"@id\":\"https:\\\/\\\/www.eldiario.net\\\/portal\\\/2024\\\/01\\\/03\\\/venta-de-soat-no-llego-ni-al-50-del-parque-automotor\\\/#article\",\"isPartOf\":{\"@id\":\"https:\\\/\\\/www.eldiario.net\\\/portal\\\/2024\\\/01\\\/03\\\/venta-de-soat-no-llego-ni-al-50-del-parque-automotor\\\/\"},\"author\":{\"name\":\"Jeanette\",\"@id\":\"https:\\\/\\\/www.eldiario.net\\\/portal\\\/#\\\/schema\\\/person\\\/f46445640444750d7d753ccd04ae01b7\"},\"headline\":\"Venta de Soat no lleg\u00f3 ni al 50% del parque automotor\",\"datePublished\":\"2024-01-03T10:33:29+00:00\",\"mainEntityOfPage\":{\"@id\":\"https:\\\/\\\/www.eldiario.net\\\/portal\\\/2024\\\/01\\\/03\\\/venta-de-soat-no-llego-ni-al-50-del-parque-automotor\\\/\"},\"wordCount\":333,\"commentCount\":0,\"publisher\":{\"@id\":\"https:\\\/\\\/www.eldiario.net\\\/portal\\\/#organization\"},\"image\":{\"@id\":\"https:\\\/\\\/www.eldiario.net\\\/portal\\\/2024\\\/01\\\/03\\\/venta-de-soat-no-llego-ni-al-50-del-parque-automotor\\\/#primaryimage\"},\"thumbnailUrl\":\"https:\\\/\\\/www.eldiario.net\\\/portal\\\/wp-content\\\/uploads\\\/2024\\\/01\\\/soat.jpg\",\"articleSection\":[\"Econom\u00eda\"],\"inLanguage\":\"es\",\"potentialAction\":[{\"@type\":\"CommentAction\",\"name\":\"Comment\",\"target\":[\"https:\\\/\\\/www.eldiario.net\\\/portal\\\/2024\\\/01\\\/03\\\/venta-de-soat-no-llego-ni-al-50-del-parque-automotor\\\/#respond\"]}]},{\"@type\":\"WebPage\",\"@id\":\"https:\\\/\\\/www.eldiario.net\\\/portal\\\/2024\\\/01\\\/03\\\/venta-de-soat-no-llego-ni-al-50-del-parque-automotor\\\/\",\"url\":\"https:\\\/\\\/www.eldiario.net\\\/portal\\\/2024\\\/01\\\/03\\\/venta-de-soat-no-llego-ni-al-50-del-parque-automotor\\\/\",\"name\":\"Venta de Soat no lleg\u00f3 ni al 50% del parque automotor - El Diario - Bolivia\",\"isPartOf\":{\"@id\":\"https:\\\/\\\/www.eldiario.net\\\/portal\\\/#website\"},\"primaryImageOfPage\":{\"@id\":\"https:\\\/\\\/www.eldiario.net\\\/portal\\\/2024\\\/01\\\/03\\\/venta-de-soat-no-llego-ni-al-50-del-parque-automotor\\\/#primaryimage\"},\"image\":{\"@id\":\"https:\\\/\\\/www.eldiario.net\\\/portal\\\/2024\\\/01\\\/03\\\/venta-de-soat-no-llego-ni-al-50-del-parque-automotor\\\/#primaryimage\"},\"thumbnailUrl\":\"https:\\\/\\\/www.eldiario.net\\\/portal\\\/wp-content\\\/uploads\\\/2024\\\/01\\\/soat.jpg\",\"datePublished\":\"2024-01-03T10:33:29+00:00\",\"breadcrumb\":{\"@id\":\"https:\\\/\\\/www.eldiario.net\\\/portal\\\/2024\\\/01\\\/03\\\/venta-de-soat-no-llego-ni-al-50-del-parque-automotor\\\/#breadcrumb\"},\"inLanguage\":\"es\",\"potentialAction\":[{\"@type\":\"ReadAction\",\"target\":[\"https:\\\/\\\/www.eldiario.net\\\/portal\\\/2024\\\/01\\\/03\\\/venta-de-soat-no-llego-ni-al-50-del-parque-automotor\\\/\"]}]},{\"@type\":\"ImageObject\",\"inLanguage\":\"es\",\"@id\":\"https:\\\/\\\/www.eldiario.net\\\/portal\\\/2024\\\/01\\\/03\\\/venta-de-soat-no-llego-ni-al-50-del-parque-automotor\\\/#primaryimage\",\"url\":\"https:\\\/\\\/www.eldiario.net\\\/portal\\\/wp-content\\\/uploads\\\/2024\\\/01\\\/soat.jpg\",\"contentUrl\":\"https:\\\/\\\/www.eldiario.net\\\/portal\\\/wp-content\\\/uploads\\\/2024\\\/01\\\/soat.jpg\",\"width\":1280,\"height\":855,\"caption\":\"Efectivos de la polic\u00eda realiza el control respectivo. Las motocicletas tambi\u00e9n deben contar con el seguro.\"},{\"@type\":\"BreadcrumbList\",\"@id\":\"https:\\\/\\\/www.eldiario.net\\\/portal\\\/2024\\\/01\\\/03\\\/venta-de-soat-no-llego-ni-al-50-del-parque-automotor\\\/#breadcrumb\",\"itemListElement\":[{\"@type\":\"ListItem\",\"position\":1,\"name\":\"Portada\",\"item\":\"https:\\\/\\\/www.eldiario.net\\\/portal\\\/\"},{\"@type\":\"ListItem\",\"position\":2,\"name\":\"Venta de Soat no lleg\u00f3 ni al 50% del parque automotor\"}]},{\"@type\":\"WebSite\",\"@id\":\"https:\\\/\\\/www.eldiario.net\\\/portal\\\/#website\",\"url\":\"https:\\\/\\\/www.eldiario.net\\\/portal\\\/\",\"name\":\"El Diario - Decano de la prensa nacional\",\"description\":\"El Diario - Decano de la prensa nacional\",\"publisher\":{\"@id\":\"https:\\\/\\\/www.eldiario.net\\\/portal\\\/#organization\"},\"potentialAction\":[{\"@type\":\"SearchAction\",\"target\":{\"@type\":\"EntryPoint\",\"urlTemplate\":\"https:\\\/\\\/www.eldiario.net\\\/portal\\\/?s={search_term_string}\"},\"query-input\":{\"@type\":\"PropertyValueSpecification\",\"valueRequired\":true,\"valueName\":\"search_term_string\"}}],\"inLanguage\":\"es\"},{\"@type\":\"Organization\",\"@id\":\"https:\\\/\\\/www.eldiario.net\\\/portal\\\/#organization\",\"name\":\"El Diario - Decano de la prensa nacional\",\"url\":\"https:\\\/\\\/www.eldiario.net\\\/portal\\\/\",\"logo\":{\"@type\":\"ImageObject\",\"inLanguage\":\"es\",\"@id\":\"https:\\\/\\\/www.eldiario.net\\\/portal\\\/#\\\/schema\\\/logo\\\/image\\\/\",\"url\":\"https:\\\/\\\/www.eldiario.net\\\/portal\\\/wp-content\\\/uploads\\\/2023\\\/07\\\/logo_ED.jpg\",\"contentUrl\":\"https:\\\/\\\/www.eldiario.net\\\/portal\\\/wp-content\\\/uploads\\\/2023\\\/07\\\/logo_ED.jpg\",\"width\":272,\"height\":52,\"caption\":\"El Diario - Decano de la prensa nacional\"},\"image\":{\"@id\":\"https:\\\/\\\/www.eldiario.net\\\/portal\\\/#\\\/schema\\\/logo\\\/image\\\/\"},\"sameAs\":[\"https:\\\/\\\/www.facebook.com\\\/eldiario.bolivia\\\/\",\"https:\\\/\\\/x.com\\\/eldiario_net\"]},{\"@type\":\"Person\",\"@id\":\"https:\\\/\\\/www.eldiario.net\\\/portal\\\/#\\\/schema\\\/person\\\/f46445640444750d7d753ccd04ae01b7\",\"name\":\"Jeanette\",\"image\":{\"@type\":\"ImageObject\",\"inLanguage\":\"es\",\"@id\":\"https:\\\/\\\/secure.gravatar.com\\\/avatar\\\/3ea2118a5f7dad2b7138b1187a6b7ee55f160b9968b66013c3a3ef39dd7e5798?s=96&d=mm&r=g\",\"url\":\"https:\\\/\\\/secure.gravatar.com\\\/avatar\\\/3ea2118a5f7dad2b7138b1187a6b7ee55f160b9968b66013c3a3ef39dd7e5798?s=96&d=mm&r=g\",\"contentUrl\":\"https:\\\/\\\/secure.gravatar.com\\\/avatar\\\/3ea2118a5f7dad2b7138b1187a6b7ee55f160b9968b66013c3a3ef39dd7e5798?s=96&d=mm&r=g\",\"caption\":\"Jeanette\"},\"sameAs\":[\"https:\\\/\\\/www.eldiario.net\\\/portal\"],\"url\":\"https:\\\/\\\/www.eldiario.net\\\/portal\\\/author\\\/jeanette\\\/\"}]}<\/script>\n<!-- \/ Yoast SEO plugin. -->","yoast_head_json":{"title":"Venta de Soat no lleg\u00f3 ni al 50% del parque automotor - El Diario - Bolivia","robots":{"index":"index","follow":"follow","max-snippet":"max-snippet:-1","max-image-preview":"max-image-preview:large","max-video-preview":"max-video-preview:-1"},"canonical":"https:\/\/www.eldiario.net\/portal\/2024\/01\/03\/venta-de-soat-no-llego-ni-al-50-del-parque-automotor\/","og_locale":"es_ES","og_type":"article","og_title":"Venta de Soat no lleg\u00f3 ni al 50% del parque automotor - El Diario - Bolivia","og_description":"La empresa de seguros y reaseguros personales Univida comercializ\u00f3 a la fecha 856.000 rosetas del Seguro Obligatorio de Accidentes de Tr\u00e1nsito (Soat) 2024 y habilit\u00f3 al menos 26 puntos de venta en las ciudades de La Paz y El Alto, ya que se efect\u00faan rigurosos controles. Como se recordar\u00e1 el n\u00famero de veh\u00edculos bordea los [&hellip;]","og_url":"https:\/\/www.eldiario.net\/portal\/2024\/01\/03\/venta-de-soat-no-llego-ni-al-50-del-parque-automotor\/","og_site_name":"El Diario - Bolivia","article_publisher":"https:\/\/www.facebook.com\/eldiario.bolivia\/","article_published_time":"2024-01-03T10:33:29+00:00","og_image":[{"width":1280,"height":855,"url":"https:\/\/www.eldiario.net\/portal\/wp-content\/uploads\/2024\/01\/soat.jpg","type":"image\/jpeg"}],"author":"Jeanette","twitter_card":"summary_large_image","twitter_creator":"@eldiario_net","twitter_site":"@eldiario_net","twitter_misc":{"Escrito por":"Jeanette","Tiempo de lectura":"2 minutos"},"schema":{"@context":"https:\/\/schema.org","@graph":[{"@type":"Article","@id":"https:\/\/www.eldiario.net\/portal\/2024\/01\/03\/venta-de-soat-no-llego-ni-al-50-del-parque-automotor\/#article","isPartOf":{"@id":"https:\/\/www.eldiario.net\/portal\/2024\/01\/03\/venta-de-soat-no-llego-ni-al-50-del-parque-automotor\/"},"author":{"name":"Jeanette","@id":"https:\/\/www.eldiario.net\/portal\/#\/schema\/person\/f46445640444750d7d753ccd04ae01b7"},"headline":"Venta de Soat no lleg\u00f3 ni al 50% del parque automotor","datePublished":"2024-01-03T10:33:29+00:00","mainEntityOfPage":{"@id":"https:\/\/www.eldiario.net\/portal\/2024\/01\/03\/venta-de-soat-no-llego-ni-al-50-del-parque-automotor\/"},"wordCount":333,"commentCount":0,"publisher":{"@id":"https:\/\/www.eldiario.net\/portal\/#organization"},"image":{"@id":"https:\/\/www.eldiario.net\/portal\/2024\/01\/03\/venta-de-soat-no-llego-ni-al-50-del-parque-automotor\/#primaryimage"},"thumbnailUrl":"https:\/\/www.eldiario.net\/portal\/wp-content\/uploads\/2024\/01\/soat.jpg","articleSection":["Econom\u00eda"],"inLanguage":"es","potentialAction":[{"@type":"CommentAction","name":"Comment","target":["https:\/\/www.eldiario.net\/portal\/2024\/01\/03\/venta-de-soat-no-llego-ni-al-50-del-parque-automotor\/#respond"]}]},{"@type":"WebPage","@id":"https:\/\/www.eldiario.net\/portal\/2024\/01\/03\/venta-de-soat-no-llego-ni-al-50-del-parque-automotor\/","url":"https:\/\/www.eldiario.net\/portal\/2024\/01\/03\/venta-de-soat-no-llego-ni-al-50-del-parque-automotor\/","name":"Venta de Soat no lleg\u00f3 ni al 50% del parque automotor - El Diario - Bolivia","isPartOf":{"@id":"https:\/\/www.eldiario.net\/portal\/#website"},"primaryImageOfPage":{"@id":"https:\/\/www.eldiario.net\/portal\/2024\/01\/03\/venta-de-soat-no-llego-ni-al-50-del-parque-automotor\/#primaryimage"},"image":{"@id":"https:\/\/www.eldiario.net\/portal\/2024\/01\/03\/venta-de-soat-no-llego-ni-al-50-del-parque-automotor\/#primaryimage"},"thumbnailUrl":"https:\/\/www.eldiario.net\/portal\/wp-content\/uploads\/2024\/01\/soat.jpg","datePublished":"2024-01-03T10:33:29+00:00","breadcrumb":{"@id":"https:\/\/www.eldiario.net\/portal\/2024\/01\/03\/venta-de-soat-no-llego-ni-al-50-del-parque-automotor\/#breadcrumb"},"inLanguage":"es","potentialAction":[{"@type":"ReadAction","target":["https:\/\/www.eldiario.net\/portal\/2024\/01\/03\/venta-de-soat-no-llego-ni-al-50-del-parque-automotor\/"]}]},{"@type":"ImageObject","inLanguage":"es","@id":"https:\/\/www.eldiario.net\/portal\/2024\/01\/03\/venta-de-soat-no-llego-ni-al-50-del-parque-automotor\/#primaryimage","url":"https:\/\/www.eldiario.net\/portal\/wp-content\/uploads\/2024\/01\/soat.jpg","contentUrl":"https:\/\/www.eldiario.net\/portal\/wp-content\/uploads\/2024\/01\/soat.jpg","width":1280,"height":855,"caption":"Efectivos de la polic\u00eda realiza el control respectivo. Las motocicletas tambi\u00e9n deben contar con el seguro."},{"@type":"BreadcrumbList","@id":"https:\/\/www.eldiario.net\/portal\/2024\/01\/03\/venta-de-soat-no-llego-ni-al-50-del-parque-automotor\/#breadcrumb","itemListElement":[{"@type":"ListItem","position":1,"name":"Portada","item":"https:\/\/www.eldiario.net\/portal\/"},{"@type":"ListItem","position":2,"name":"Venta de Soat no lleg\u00f3 ni al 50% del parque automotor"}]},{"@type":"WebSite","@id":"https:\/\/www.eldiario.net\/portal\/#website","url":"https:\/\/www.eldiario.net\/portal\/","name":"El Diario - Decano de la prensa nacional","description":"El Diario - Decano de la prensa nacional","publisher":{"@id":"https:\/\/www.eldiario.net\/portal\/#organization"},"potentialAction":[{"@type":"SearchAction","target":{"@type":"EntryPoint","urlTemplate":"https:\/\/www.eldiario.net\/portal\/?s={search_term_string}"},"query-input":{"@type":"PropertyValueSpecification","valueRequired":true,"valueName":"search_term_string"}}],"inLanguage":"es"},{"@type":"Organization","@id":"https:\/\/www.eldiario.net\/portal\/#organization","name":"El Diario - Decano de la prensa nacional","url":"https:\/\/www.eldiario.net\/portal\/","logo":{"@type":"ImageObject","inLanguage":"es","@id":"https:\/\/www.eldiario.net\/portal\/#\/schema\/logo\/image\/","url":"https:\/\/www.eldiario.net\/portal\/wp-content\/uploads\/2023\/07\/logo_ED.jpg","contentUrl":"https:\/\/www.eldiario.net\/portal\/wp-content\/uploads\/2023\/07\/logo_ED.jpg","width":272,"height":52,"caption":"El Diario - Decano de la prensa nacional"},"image":{"@id":"https:\/\/www.eldiario.net\/portal\/#\/schema\/logo\/image\/"},"sameAs":["https:\/\/www.facebook.com\/eldiario.bolivia\/","https:\/\/x.com\/eldiario_net"]},{"@type":"Person","@id":"https:\/\/www.eldiario.net\/portal\/#\/schema\/person\/f46445640444750d7d753ccd04ae01b7","name":"Jeanette","image":{"@type":"ImageObject","inLanguage":"es","@id":"https:\/\/secure.gravatar.com\/avatar\/3ea2118a5f7dad2b7138b1187a6b7ee55f160b9968b66013c3a3ef39dd7e5798?s=96&d=mm&r=g","url":"https:\/\/secure.gravatar.com\/avatar\/3ea2118a5f7dad2b7138b1187a6b7ee55f160b9968b66013c3a3ef39dd7e5798?s=96&d=mm&r=g","contentUrl":"https:\/\/secure.gravatar.com\/avatar\/3ea2118a5f7dad2b7138b1187a6b7ee55f160b9968b66013c3a3ef39dd7e5798?s=96&d=mm&r=g","caption":"Jeanette"},"sameAs":["https:\/\/www.eldiario.net\/portal"],"url":"https:\/\/www.eldiario.net\/portal\/author\/jeanette\/"}]}},"_links":{"self":[{"href":"https:\/\/www.eldiario.net\/portal\/wp-json\/wp\/v2\/posts\/195646","targetHints":{"allow":["GET"]}}],"collection":[{"href":"https:\/\/www.eldiario.net\/portal\/wp-json\/wp\/v2\/posts"}],"about":[{"href":"https:\/\/www.eldiario.net\/portal\/wp-json\/wp\/v2\/types\/post"}],"author":[{"embeddable":true,"href":"https:\/\/www.eldiario.net\/portal\/wp-json\/wp\/v2\/users\/1"}],"replies":[{"embeddable":true,"href":"https:\/\/www.eldiario.net\/portal\/wp-json\/wp\/v2\/comments?post=195646"}],"version-history":[{"count":1,"href":"https:\/\/www.eldiario.net\/portal\/wp-json\/wp\/v2\/posts\/195646\/revisions"}],"predecessor-version":[{"id":195648,"href":"https:\/\/www.eldiario.net\/portal\/wp-json\/wp\/v2\/posts\/195646\/revisions\/195648"}],"wp:featuredmedia":[{"embeddable":true,"href":"https:\/\/www.eldiario.net\/portal\/wp-json\/wp\/v2\/media\/195647"}],"wp:attachment":[{"href":"https:\/\/www.eldiario.net\/portal\/wp-json\/wp\/v2\/media?parent=195646"}],"wp:term":[{"taxonomy":"category","embeddable":true,"href":"https:\/\/www.eldiario.net\/portal\/wp-json\/wp\/v2\/categories?post=195646"},{"taxonomy":"post_tag","embeddable":true,"href":"https:\/\/www.eldiario.net\/portal\/wp-json\/wp\/v2\/tags?post=195646"}],"curies":[{"name":"wp","href":"https:\/\/api.w.org\/{rel}","templated":true}]}}