{"id":195643,"date":"2024-01-03T06:32:29","date_gmt":"2024-01-03T10:32:29","guid":{"rendered":"https:\/\/www.eldiario.net\/portal\/?p=195643"},"modified":"2024-01-03T06:32:29","modified_gmt":"2024-01-03T10:32:29","slug":"tcp-dispone-que-mario-aguilera-asuma-el-cargo-de-gobernador","status":"publish","type":"post","link":"https:\/\/www.eldiario.net\/portal\/2024\/01\/03\/tcp-dispone-que-mario-aguilera-asuma-el-cargo-de-gobernador\/","title":{"rendered":"TCP dispone que Mario Aguilera asuma el cargo de Gobernador"},"content":{"rendered":"<p>El Tribunal Constitucional Plurinacional (TCP) en medio de cr\u00edticas a sus funciones, determin\u00f3 que el vicegobernador de Santa Cruz, Mario Aguilera, asuma como gobernador, mientras Luis Fernando Camacho contin\u00fae detenido en el penal de Chonchocoro.<br \/>\nLa Sala Constitucional Cuarta del TCP concedi\u00f3 la tutela, disponiendo el cumplimiento de la Constituci\u00f3n Pol\u00edtica del Estado, el Estatuto Auton\u00f3mico de Santa Cruz y la ley Departamental, en relaci\u00f3n a la situaci\u00f3n legal y constitucional del Gobierno Aut\u00f3nomo Departamental de Santa Cruz.<br \/>\nAsimismo, orden\u00f3 que el presidente de la Asamblea Legislativa Departamental de Santa Cruz y el vicegobernador de ese departamento, que fueron demandados, en cumplimiento de los preceptos constitucionales y legales hagan cumplir la suplencia temporal.<br \/>\n\u201cPromuevan la suplencia temporal mientras dure el impedimento de Luis Fernando Camacho Vaca, quien cumple medida de detenci\u00f3n preventiva en el Centro Penitenciario de Chonchocoro de La Paz; debiendo en consecuencia: a) El Vicegobernador, asumir inmediatamente la suplencia temporal en el cargo de Gobernador del Gobierno Aut\u00f3nomo Departamental de Santa Cruz; y, b) El Presidente de la Asamblea Legislativa Departamental de Santa Cruz, promover y posesionar la suplencia legal mientras dure el impedimento del Gobernador Titular\u201d, dice la resoluci\u00f3n, seg\u00fan DTV.<br \/>\nLa acci\u00f3n de cumplimiento fue presentada el 16 de marzo de 2023 por Raquel Valencia y otros en contra del presidente de la ALD, Svonko Matkovic y Mario Aguilera para que cumplan el art\u00edculo 32 del reglamento general de la Asamblea Legislativa Departamental de Santa Cruz y \u201cel se\u00f1or Mario Aguilera en ausencia del gobernador y de acuerdo al manual asuma funciones del mismo de acuerdo a la normativa vigente\u201d, dice el documento del expediente.<br \/>\nLa sentencia habr\u00eda sido firmada por el magistrado Gonzalo Hurtado, a cargo de la Sala Cuarta Especializada del TCP.<br \/>\nPor su parte, el vicegobernador Aguilera se\u00f1al\u00f3 que a\u00fan no ha sido notificado, por lo tanto, no tiene conocimiento del pronunciamiento del TCP. Manifest\u00f3 que la palabra \u201causencia\u201d es el problema de interpretaci\u00f3n.<br \/>\n\u201cNosotros hemos asumido esta administraci\u00f3n con Luis Fernando Camacho y Mario Aguilera, y seguiremos cumpliendo lo comprometido a la poblaci\u00f3n (\u2026). Yo cumpl\u00ed con mis competencias, voy hacer defensa de este despacho y de la autonom\u00eda de todos los cruce\u00f1os\u201d.<br \/>\n\u201cHay gente que le gusta exagerar o son mit\u00f3manos. Se me puede acusar de muchas cosas, pero no se me ha demostrado de que soy un servil o un t\u00edtere ni del MAS ni de Creemos\u201d, se\u00f1al\u00f3 a ese medio.<br \/>\nLuis Fernando Camacho fue detenido el 28 de diciembre de 2022, por el denominado caso golpe de Estado I, ha gobernado desde la c\u00e1rcel de m\u00e1xima seguridad, aunque poco se conoce c\u00f3mo ha ejercido operativamente esas funciones.<br \/>\nADVERTENCIA<br \/>\n\u201cMi secuestro es parte de un intento del masismo de descabezar a nuestro Gobierno Aut\u00f3nomo Departamental\u201d, fue la denuncia lanzada por el gobernador cruce\u00f1o, Luis Fernando Camacho, en d\u00edas pasados, cuando cumpli\u00f3 un a\u00f1o de reclusi\u00f3n preventiva en el penal de Chonchocoro en La Paz.<br \/>\nCamacho record\u00f3 que los cruce\u00f1os votaron en un 55% para que \u00e9l sea el gobernador y esa voluntad se debe respetar hasta el \u00faltimo d\u00eda.<br \/>\n\u201cA m\u00ed han podido secuestrarme, pero le pido a mi pueblo que no permita que secuestren su voluntad y pisoteen su voto\u201d, fue la demanda de Camacho a la ciudadan\u00eda, en un cuestionario que fue respondido a Unitel.<br \/>\nLa ALD, de acuerdo con las palabras de Camacho, gest\u00f3 una ley de interpretaci\u00f3n del Estatuto Auton\u00f3mico para que no quede un antecedente funesto y se pueda \u201cremover a un Gobernador meti\u00e9ndolo preso injustamente, desordenando y apropi\u00e1ndose de la gesti\u00f3n\u201d. (Santa Cruz, ANF\/Unitel)<\/p>\n","protected":false},"excerpt":{"rendered":"<p>El Tribunal Constitucional Plurinacional (TCP) en medio de cr\u00edticas a sus funciones, determin\u00f3 que el vicegobernador de Santa Cruz, Mario Aguilera, asuma como gobernador, mientras Luis Fernando Camacho contin\u00fae detenido en el penal de Chonchocoro. La Sala Constitucional Cuarta del TCP concedi\u00f3 la tutela, disponiendo el cumplimiento de la Constituci\u00f3n Pol\u00edtica del Estado, el Estatuto [&hellip;]<\/p>\n","protected":false},"author":1,"featured_media":195644,"comment_status":"open","ping_status":"open","sticky":false,"template":"","format":"standard","meta":{"_acf_changed":false,"footnotes":""},"categories":[12],"tags":[],"class_list":["post-195643","post","type-post","status-publish","format-standard","has-post-thumbnail","category-nacional"],"acf":{"antetitulo":"Santa Cruz"},"yoast_head":"<!-- This site is optimized with the Yoast SEO plugin v28.4 - https:\/\/yoast.com\/product\/yoast-seo-wordpress\/ -->\n<title>TCP dispone que Mario Aguilera asuma el cargo de Gobernador - El Diario - Bolivia<\/title>\n<meta name=\"robots\" content=\"index, follow, max-snippet:-1, max-image-preview:large, max-video-preview:-1\" \/>\n<link rel=\"canonical\" href=\"https:\/\/www.eldiario.net\/portal\/2024\/01\/03\/tcp-dispone-que-mario-aguilera-asuma-el-cargo-de-gobernador\/\" \/>\n<meta property=\"og:locale\" content=\"es_ES\" \/>\n<meta property=\"og:type\" content=\"article\" \/>\n<meta property=\"og:title\" content=\"TCP dispone que Mario Aguilera asuma el cargo de Gobernador - El Diario - Bolivia\" \/>\n<meta property=\"og:description\" content=\"El Tribunal Constitucional Plurinacional (TCP) en medio de cr\u00edticas a sus funciones, determin\u00f3 que el vicegobernador de Santa Cruz, Mario Aguilera, asuma como gobernador, mientras Luis Fernando Camacho contin\u00fae detenido en el penal de Chonchocoro. La Sala Constitucional Cuarta del TCP concedi\u00f3 la tutela, disponiendo el cumplimiento de la Constituci\u00f3n Pol\u00edtica del Estado, el Estatuto [&hellip;]\" \/>\n<meta property=\"og:url\" content=\"https:\/\/www.eldiario.net\/portal\/2024\/01\/03\/tcp-dispone-que-mario-aguilera-asuma-el-cargo-de-gobernador\/\" \/>\n<meta property=\"og:site_name\" content=\"El Diario - Bolivia\" \/>\n<meta property=\"article:publisher\" content=\"https:\/\/www.facebook.com\/eldiario.bolivia\/\" \/>\n<meta property=\"article:published_time\" content=\"2024-01-03T10:32:29+00:00\" \/>\n<meta property=\"og:image\" content=\"https:\/\/www.eldiario.net\/portal\/wp-content\/uploads\/2024\/01\/10-NALCOLOR.jpg\" \/>\n\t<meta property=\"og:image:width\" content=\"600\" \/>\n\t<meta property=\"og:image:height\" content=\"338\" \/>\n\t<meta property=\"og:image:type\" content=\"image\/jpeg\" \/>\n<meta name=\"author\" content=\"Jeanette\" \/>\n<meta name=\"twitter:card\" content=\"summary_large_image\" \/>\n<meta name=\"twitter:creator\" content=\"@eldiario_net\" \/>\n<meta name=\"twitter:site\" content=\"@eldiario_net\" \/>\n<meta name=\"twitter:label1\" content=\"Escrito por\" \/>\n\t<meta name=\"twitter:data1\" content=\"Jeanette\" \/>\n\t<meta name=\"twitter:label2\" content=\"Tiempo de lectura\" \/>\n\t<meta name=\"twitter:data2\" content=\"3 minutos\" \/>\n<script type=\"application\/ld+json\" class=\"yoast-schema-graph\">{\"@context\":\"https:\\\/\\\/schema.org\",\"@graph\":[{\"@type\":\"Article\",\"@id\":\"https:\\\/\\\/www.eldiario.net\\\/portal\\\/2024\\\/01\\\/03\\\/tcp-dispone-que-mario-aguilera-asuma-el-cargo-de-gobernador\\\/#article\",\"isPartOf\":{\"@id\":\"https:\\\/\\\/www.eldiario.net\\\/portal\\\/2024\\\/01\\\/03\\\/tcp-dispone-que-mario-aguilera-asuma-el-cargo-de-gobernador\\\/\"},\"author\":{\"name\":\"Jeanette\",\"@id\":\"https:\\\/\\\/www.eldiario.net\\\/portal\\\/#\\\/schema\\\/person\\\/f46445640444750d7d753ccd04ae01b7\"},\"headline\":\"TCP dispone que Mario Aguilera asuma el cargo de Gobernador\",\"datePublished\":\"2024-01-03T10:32:29+00:00\",\"mainEntityOfPage\":{\"@id\":\"https:\\\/\\\/www.eldiario.net\\\/portal\\\/2024\\\/01\\\/03\\\/tcp-dispone-que-mario-aguilera-asuma-el-cargo-de-gobernador\\\/\"},\"wordCount\":636,\"commentCount\":0,\"publisher\":{\"@id\":\"https:\\\/\\\/www.eldiario.net\\\/portal\\\/#organization\"},\"image\":{\"@id\":\"https:\\\/\\\/www.eldiario.net\\\/portal\\\/2024\\\/01\\\/03\\\/tcp-dispone-que-mario-aguilera-asuma-el-cargo-de-gobernador\\\/#primaryimage\"},\"thumbnailUrl\":\"https:\\\/\\\/www.eldiario.net\\\/portal\\\/wp-content\\\/uploads\\\/2024\\\/01\\\/10-NALCOLOR.jpg\",\"articleSection\":[\"Nacional\"],\"inLanguage\":\"es\",\"potentialAction\":[{\"@type\":\"CommentAction\",\"name\":\"Comment\",\"target\":[\"https:\\\/\\\/www.eldiario.net\\\/portal\\\/2024\\\/01\\\/03\\\/tcp-dispone-que-mario-aguilera-asuma-el-cargo-de-gobernador\\\/#respond\"]}]},{\"@type\":\"WebPage\",\"@id\":\"https:\\\/\\\/www.eldiario.net\\\/portal\\\/2024\\\/01\\\/03\\\/tcp-dispone-que-mario-aguilera-asuma-el-cargo-de-gobernador\\\/\",\"url\":\"https:\\\/\\\/www.eldiario.net\\\/portal\\\/2024\\\/01\\\/03\\\/tcp-dispone-que-mario-aguilera-asuma-el-cargo-de-gobernador\\\/\",\"name\":\"TCP dispone que Mario Aguilera asuma el cargo de Gobernador - El Diario - Bolivia\",\"isPartOf\":{\"@id\":\"https:\\\/\\\/www.eldiario.net\\\/portal\\\/#website\"},\"primaryImageOfPage\":{\"@id\":\"https:\\\/\\\/www.eldiario.net\\\/portal\\\/2024\\\/01\\\/03\\\/tcp-dispone-que-mario-aguilera-asuma-el-cargo-de-gobernador\\\/#primaryimage\"},\"image\":{\"@id\":\"https:\\\/\\\/www.eldiario.net\\\/portal\\\/2024\\\/01\\\/03\\\/tcp-dispone-que-mario-aguilera-asuma-el-cargo-de-gobernador\\\/#primaryimage\"},\"thumbnailUrl\":\"https:\\\/\\\/www.eldiario.net\\\/portal\\\/wp-content\\\/uploads\\\/2024\\\/01\\\/10-NALCOLOR.jpg\",\"datePublished\":\"2024-01-03T10:32:29+00:00\",\"breadcrumb\":{\"@id\":\"https:\\\/\\\/www.eldiario.net\\\/portal\\\/2024\\\/01\\\/03\\\/tcp-dispone-que-mario-aguilera-asuma-el-cargo-de-gobernador\\\/#breadcrumb\"},\"inLanguage\":\"es\",\"potentialAction\":[{\"@type\":\"ReadAction\",\"target\":[\"https:\\\/\\\/www.eldiario.net\\\/portal\\\/2024\\\/01\\\/03\\\/tcp-dispone-que-mario-aguilera-asuma-el-cargo-de-gobernador\\\/\"]}]},{\"@type\":\"ImageObject\",\"inLanguage\":\"es\",\"@id\":\"https:\\\/\\\/www.eldiario.net\\\/portal\\\/2024\\\/01\\\/03\\\/tcp-dispone-que-mario-aguilera-asuma-el-cargo-de-gobernador\\\/#primaryimage\",\"url\":\"https:\\\/\\\/www.eldiario.net\\\/portal\\\/wp-content\\\/uploads\\\/2024\\\/01\\\/10-NALCOLOR.jpg\",\"contentUrl\":\"https:\\\/\\\/www.eldiario.net\\\/portal\\\/wp-content\\\/uploads\\\/2024\\\/01\\\/10-NALCOLOR.jpg\",\"width\":600,\"height\":338,\"caption\":\"Luis Fernando Camacho y Mario Aguilera.\"},{\"@type\":\"BreadcrumbList\",\"@id\":\"https:\\\/\\\/www.eldiario.net\\\/portal\\\/2024\\\/01\\\/03\\\/tcp-dispone-que-mario-aguilera-asuma-el-cargo-de-gobernador\\\/#breadcrumb\",\"itemListElement\":[{\"@type\":\"ListItem\",\"position\":1,\"name\":\"Portada\",\"item\":\"https:\\\/\\\/www.eldiario.net\\\/portal\\\/\"},{\"@type\":\"ListItem\",\"position\":2,\"name\":\"TCP dispone que Mario Aguilera asuma el cargo de Gobernador\"}]},{\"@type\":\"WebSite\",\"@id\":\"https:\\\/\\\/www.eldiario.net\\\/portal\\\/#website\",\"url\":\"https:\\\/\\\/www.eldiario.net\\\/portal\\\/\",\"name\":\"El Diario - Decano de la prensa nacional\",\"description\":\"El Diario - Decano de la prensa nacional\",\"publisher\":{\"@id\":\"https:\\\/\\\/www.eldiario.net\\\/portal\\\/#organization\"},\"potentialAction\":[{\"@type\":\"SearchAction\",\"target\":{\"@type\":\"EntryPoint\",\"urlTemplate\":\"https:\\\/\\\/www.eldiario.net\\\/portal\\\/?s={search_term_string}\"},\"query-input\":{\"@type\":\"PropertyValueSpecification\",\"valueRequired\":true,\"valueName\":\"search_term_string\"}}],\"inLanguage\":\"es\"},{\"@type\":\"Organization\",\"@id\":\"https:\\\/\\\/www.eldiario.net\\\/portal\\\/#organization\",\"name\":\"El Diario - Decano de la prensa nacional\",\"url\":\"https:\\\/\\\/www.eldiario.net\\\/portal\\\/\",\"logo\":{\"@type\":\"ImageObject\",\"inLanguage\":\"es\",\"@id\":\"https:\\\/\\\/www.eldiario.net\\\/portal\\\/#\\\/schema\\\/logo\\\/image\\\/\",\"url\":\"https:\\\/\\\/www.eldiario.net\\\/portal\\\/wp-content\\\/uploads\\\/2023\\\/07\\\/logo_ED.jpg\",\"contentUrl\":\"https:\\\/\\\/www.eldiario.net\\\/portal\\\/wp-content\\\/uploads\\\/2023\\\/07\\\/logo_ED.jpg\",\"width\":272,\"height\":52,\"caption\":\"El Diario - Decano de la prensa nacional\"},\"image\":{\"@id\":\"https:\\\/\\\/www.eldiario.net\\\/portal\\\/#\\\/schema\\\/logo\\\/image\\\/\"},\"sameAs\":[\"https:\\\/\\\/www.facebook.com\\\/eldiario.bolivia\\\/\",\"https:\\\/\\\/x.com\\\/eldiario_net\"]},{\"@type\":\"Person\",\"@id\":\"https:\\\/\\\/www.eldiario.net\\\/portal\\\/#\\\/schema\\\/person\\\/f46445640444750d7d753ccd04ae01b7\",\"name\":\"Jeanette\",\"image\":{\"@type\":\"ImageObject\",\"inLanguage\":\"es\",\"@id\":\"https:\\\/\\\/secure.gravatar.com\\\/avatar\\\/3ea2118a5f7dad2b7138b1187a6b7ee55f160b9968b66013c3a3ef39dd7e5798?s=96&d=mm&r=g\",\"url\":\"https:\\\/\\\/secure.gravatar.com\\\/avatar\\\/3ea2118a5f7dad2b7138b1187a6b7ee55f160b9968b66013c3a3ef39dd7e5798?s=96&d=mm&r=g\",\"contentUrl\":\"https:\\\/\\\/secure.gravatar.com\\\/avatar\\\/3ea2118a5f7dad2b7138b1187a6b7ee55f160b9968b66013c3a3ef39dd7e5798?s=96&d=mm&r=g\",\"caption\":\"Jeanette\"},\"sameAs\":[\"https:\\\/\\\/www.eldiario.net\\\/portal\"],\"url\":\"https:\\\/\\\/www.eldiario.net\\\/portal\\\/author\\\/jeanette\\\/\"}]}<\/script>\n<!-- \/ Yoast SEO plugin. -->","yoast_head_json":{"title":"TCP dispone que Mario Aguilera asuma el cargo de Gobernador - El Diario - Bolivia","robots":{"index":"index","follow":"follow","max-snippet":"max-snippet:-1","max-image-preview":"max-image-preview:large","max-video-preview":"max-video-preview:-1"},"canonical":"https:\/\/www.eldiario.net\/portal\/2024\/01\/03\/tcp-dispone-que-mario-aguilera-asuma-el-cargo-de-gobernador\/","og_locale":"es_ES","og_type":"article","og_title":"TCP dispone que Mario Aguilera asuma el cargo de Gobernador - El Diario - Bolivia","og_description":"El Tribunal Constitucional Plurinacional (TCP) en medio de cr\u00edticas a sus funciones, determin\u00f3 que el vicegobernador de Santa Cruz, Mario Aguilera, asuma como gobernador, mientras Luis Fernando Camacho contin\u00fae detenido en el penal de Chonchocoro. La Sala Constitucional Cuarta del TCP concedi\u00f3 la tutela, disponiendo el cumplimiento de la Constituci\u00f3n Pol\u00edtica del Estado, el Estatuto [&hellip;]","og_url":"https:\/\/www.eldiario.net\/portal\/2024\/01\/03\/tcp-dispone-que-mario-aguilera-asuma-el-cargo-de-gobernador\/","og_site_name":"El Diario - Bolivia","article_publisher":"https:\/\/www.facebook.com\/eldiario.bolivia\/","article_published_time":"2024-01-03T10:32:29+00:00","og_image":[{"width":600,"height":338,"url":"https:\/\/www.eldiario.net\/portal\/wp-content\/uploads\/2024\/01\/10-NALCOLOR.jpg","type":"image\/jpeg"}],"author":"Jeanette","twitter_card":"summary_large_image","twitter_creator":"@eldiario_net","twitter_site":"@eldiario_net","twitter_misc":{"Escrito por":"Jeanette","Tiempo de lectura":"3 minutos"},"schema":{"@context":"https:\/\/schema.org","@graph":[{"@type":"Article","@id":"https:\/\/www.eldiario.net\/portal\/2024\/01\/03\/tcp-dispone-que-mario-aguilera-asuma-el-cargo-de-gobernador\/#article","isPartOf":{"@id":"https:\/\/www.eldiario.net\/portal\/2024\/01\/03\/tcp-dispone-que-mario-aguilera-asuma-el-cargo-de-gobernador\/"},"author":{"name":"Jeanette","@id":"https:\/\/www.eldiario.net\/portal\/#\/schema\/person\/f46445640444750d7d753ccd04ae01b7"},"headline":"TCP dispone que Mario Aguilera asuma el cargo de Gobernador","datePublished":"2024-01-03T10:32:29+00:00","mainEntityOfPage":{"@id":"https:\/\/www.eldiario.net\/portal\/2024\/01\/03\/tcp-dispone-que-mario-aguilera-asuma-el-cargo-de-gobernador\/"},"wordCount":636,"commentCount":0,"publisher":{"@id":"https:\/\/www.eldiario.net\/portal\/#organization"},"image":{"@id":"https:\/\/www.eldiario.net\/portal\/2024\/01\/03\/tcp-dispone-que-mario-aguilera-asuma-el-cargo-de-gobernador\/#primaryimage"},"thumbnailUrl":"https:\/\/www.eldiario.net\/portal\/wp-content\/uploads\/2024\/01\/10-NALCOLOR.jpg","articleSection":["Nacional"],"inLanguage":"es","potentialAction":[{"@type":"CommentAction","name":"Comment","target":["https:\/\/www.eldiario.net\/portal\/2024\/01\/03\/tcp-dispone-que-mario-aguilera-asuma-el-cargo-de-gobernador\/#respond"]}]},{"@type":"WebPage","@id":"https:\/\/www.eldiario.net\/portal\/2024\/01\/03\/tcp-dispone-que-mario-aguilera-asuma-el-cargo-de-gobernador\/","url":"https:\/\/www.eldiario.net\/portal\/2024\/01\/03\/tcp-dispone-que-mario-aguilera-asuma-el-cargo-de-gobernador\/","name":"TCP dispone que Mario Aguilera asuma el cargo de Gobernador - El Diario - Bolivia","isPartOf":{"@id":"https:\/\/www.eldiario.net\/portal\/#website"},"primaryImageOfPage":{"@id":"https:\/\/www.eldiario.net\/portal\/2024\/01\/03\/tcp-dispone-que-mario-aguilera-asuma-el-cargo-de-gobernador\/#primaryimage"},"image":{"@id":"https:\/\/www.eldiario.net\/portal\/2024\/01\/03\/tcp-dispone-que-mario-aguilera-asuma-el-cargo-de-gobernador\/#primaryimage"},"thumbnailUrl":"https:\/\/www.eldiario.net\/portal\/wp-content\/uploads\/2024\/01\/10-NALCOLOR.jpg","datePublished":"2024-01-03T10:32:29+00:00","breadcrumb":{"@id":"https:\/\/www.eldiario.net\/portal\/2024\/01\/03\/tcp-dispone-que-mario-aguilera-asuma-el-cargo-de-gobernador\/#breadcrumb"},"inLanguage":"es","potentialAction":[{"@type":"ReadAction","target":["https:\/\/www.eldiario.net\/portal\/2024\/01\/03\/tcp-dispone-que-mario-aguilera-asuma-el-cargo-de-gobernador\/"]}]},{"@type":"ImageObject","inLanguage":"es","@id":"https:\/\/www.eldiario.net\/portal\/2024\/01\/03\/tcp-dispone-que-mario-aguilera-asuma-el-cargo-de-gobernador\/#primaryimage","url":"https:\/\/www.eldiario.net\/portal\/wp-content\/uploads\/2024\/01\/10-NALCOLOR.jpg","contentUrl":"https:\/\/www.eldiario.net\/portal\/wp-content\/uploads\/2024\/01\/10-NALCOLOR.jpg","width":600,"height":338,"caption":"Luis Fernando Camacho y Mario Aguilera."},{"@type":"BreadcrumbList","@id":"https:\/\/www.eldiario.net\/portal\/2024\/01\/03\/tcp-dispone-que-mario-aguilera-asuma-el-cargo-de-gobernador\/#breadcrumb","itemListElement":[{"@type":"ListItem","position":1,"name":"Portada","item":"https:\/\/www.eldiario.net\/portal\/"},{"@type":"ListItem","position":2,"name":"TCP dispone que Mario Aguilera asuma el cargo de Gobernador"}]},{"@type":"WebSite","@id":"https:\/\/www.eldiario.net\/portal\/#website","url":"https:\/\/www.eldiario.net\/portal\/","name":"El Diario - Decano de la prensa nacional","description":"El Diario - Decano de la prensa nacional","publisher":{"@id":"https:\/\/www.eldiario.net\/portal\/#organization"},"potentialAction":[{"@type":"SearchAction","target":{"@type":"EntryPoint","urlTemplate":"https:\/\/www.eldiario.net\/portal\/?s={search_term_string}"},"query-input":{"@type":"PropertyValueSpecification","valueRequired":true,"valueName":"search_term_string"}}],"inLanguage":"es"},{"@type":"Organization","@id":"https:\/\/www.eldiario.net\/portal\/#organization","name":"El Diario - Decano de la prensa nacional","url":"https:\/\/www.eldiario.net\/portal\/","logo":{"@type":"ImageObject","inLanguage":"es","@id":"https:\/\/www.eldiario.net\/portal\/#\/schema\/logo\/image\/","url":"https:\/\/www.eldiario.net\/portal\/wp-content\/uploads\/2023\/07\/logo_ED.jpg","contentUrl":"https:\/\/www.eldiario.net\/portal\/wp-content\/uploads\/2023\/07\/logo_ED.jpg","width":272,"height":52,"caption":"El Diario - Decano de la prensa nacional"},"image":{"@id":"https:\/\/www.eldiario.net\/portal\/#\/schema\/logo\/image\/"},"sameAs":["https:\/\/www.facebook.com\/eldiario.bolivia\/","https:\/\/x.com\/eldiario_net"]},{"@type":"Person","@id":"https:\/\/www.eldiario.net\/portal\/#\/schema\/person\/f46445640444750d7d753ccd04ae01b7","name":"Jeanette","image":{"@type":"ImageObject","inLanguage":"es","@id":"https:\/\/secure.gravatar.com\/avatar\/3ea2118a5f7dad2b7138b1187a6b7ee55f160b9968b66013c3a3ef39dd7e5798?s=96&d=mm&r=g","url":"https:\/\/secure.gravatar.com\/avatar\/3ea2118a5f7dad2b7138b1187a6b7ee55f160b9968b66013c3a3ef39dd7e5798?s=96&d=mm&r=g","contentUrl":"https:\/\/secure.gravatar.com\/avatar\/3ea2118a5f7dad2b7138b1187a6b7ee55f160b9968b66013c3a3ef39dd7e5798?s=96&d=mm&r=g","caption":"Jeanette"},"sameAs":["https:\/\/www.eldiario.net\/portal"],"url":"https:\/\/www.eldiario.net\/portal\/author\/jeanette\/"}]}},"_links":{"self":[{"href":"https:\/\/www.eldiario.net\/portal\/wp-json\/wp\/v2\/posts\/195643","targetHints":{"allow":["GET"]}}],"collection":[{"href":"https:\/\/www.eldiario.net\/portal\/wp-json\/wp\/v2\/posts"}],"about":[{"href":"https:\/\/www.eldiario.net\/portal\/wp-json\/wp\/v2\/types\/post"}],"author":[{"embeddable":true,"href":"https:\/\/www.eldiario.net\/portal\/wp-json\/wp\/v2\/users\/1"}],"replies":[{"embeddable":true,"href":"https:\/\/www.eldiario.net\/portal\/wp-json\/wp\/v2\/comments?post=195643"}],"version-history":[{"count":1,"href":"https:\/\/www.eldiario.net\/portal\/wp-json\/wp\/v2\/posts\/195643\/revisions"}],"predecessor-version":[{"id":195645,"href":"https:\/\/www.eldiario.net\/portal\/wp-json\/wp\/v2\/posts\/195643\/revisions\/195645"}],"wp:featuredmedia":[{"embeddable":true,"href":"https:\/\/www.eldiario.net\/portal\/wp-json\/wp\/v2\/media\/195644"}],"wp:attachment":[{"href":"https:\/\/www.eldiario.net\/portal\/wp-json\/wp\/v2\/media?parent=195643"}],"wp:term":[{"taxonomy":"category","embeddable":true,"href":"https:\/\/www.eldiario.net\/portal\/wp-json\/wp\/v2\/categories?post=195643"},{"taxonomy":"post_tag","embeddable":true,"href":"https:\/\/www.eldiario.net\/portal\/wp-json\/wp\/v2\/tags?post=195643"}],"curies":[{"name":"wp","href":"https:\/\/api.w.org\/{rel}","templated":true}]}}